{"id":21222,"date":"2022-08-27T15:24:13","date_gmt":"2022-08-27T14:24:13","guid":{"rendered":"https:\/\/algarve7.pt\/?p=21222"},"modified":"2022-08-27T15:24:14","modified_gmt":"2022-08-27T14:24:14","slug":"municipio-de-albufeira-implementa-um-conjunto-diversificado-de-medidas-de-combate-a-seca","status":"publish","type":"post","link":"https:\/\/algarve7.pt\/index.php\/2022\/08\/municipio-de-albufeira-implementa-um-conjunto-diversificado-de-medidas-de-combate-a-seca\/ambiente\/15\/24\/","title":{"rendered":"Munic\u00edpio de Albufeira implementa um conjunto diversificado de medidas de combate \u00e0 seca"},"content":{"rendered":"\n<p>Face \u00e0 atual situa\u00e7\u00e3o de seca severa que assola o Pa\u00eds e a regi\u00e3o do Algarve, em particular, o Munic\u00edpio de Albufeira tem vindo a adotar medidas com vista \u00e0 redu\u00e7\u00e3o do consumo de \u00e1gua da rede p\u00fablica. Entre as principais medidas j\u00e1 adotadas, consta o encerramento das Piscinas Municipais durante os meses de agosto e setembro; o fecho de fontes ornamentais; a utiliza\u00e7\u00e3o de \u00e1guas residuais para rega de espa\u00e7os p\u00fablicos; a rega efetuada preferencialmente durante a noite; a implementa\u00e7\u00e3o do sistema de rega gota a gota; a suspens\u00e3o da rega em alguns setores dos espa\u00e7os verdes, principalmente em zonas de relva; a suspens\u00e3o da coloca\u00e7\u00e3o de contadores de rega; a instala\u00e7\u00e3o de medidores de press\u00e3o para efeitos de monitoriza\u00e7\u00e3o e a redu\u00e7\u00e3o do tempo de rega em aproximadamente 30% para a generalidade dos locais.<\/p>\n\n\n\n<p>O Munic\u00edpio de Albufeira implementou as seguintes medidas de combate \u00e0 seca:<\/p>\n\n\n\n<p>Fecho das Fontes Ornamentais, exceto da fonte da Rotunda dos Golfinhos;<\/p>\n\n\n\n<p>Fecho das Piscinas Municipais em agosto e setembro;<\/p>\n\n\n\n<p>Suspens\u00e3o da coloca\u00e7\u00e3o de contadores para rega;<\/p>\n\n\n\n<p>In\u00edcio da restrutura\u00e7\u00e3o dos espa\u00e7os verdes, com substitui\u00e7\u00e3o de esp\u00e9cies de elevado consumo h\u00eddrico por exemplares aut\u00f3ctones, mais sustent\u00e1veis e adaptados \u00e0s condi\u00e7\u00f5es clim\u00e1ticas da regi\u00e3o. Esta medida ir\u00e1 resultar na redu\u00e7\u00e3o do consumo de \u00e1gua no separador central do eixo vi\u00e1rio em aproximadamente 14 m3 por dia, durante a \u00e9poca alta;<\/p>\n\n\n\n<p>Implementa\u00e7\u00e3o preferencial de sistemas de rega gota a gota;<\/p>\n\n\n\n<p>Utiliza\u00e7\u00e3o de \u00e1guas residuais em algumas regas, lavagem de pavimentos e contentores;<\/p>\n\n\n\n<p>Regras preferencialmente durante a noite;<\/p>\n\n\n\n<p>Suspens\u00e3o da rega em alguns setores dos espa\u00e7os verdes, principalmente em zonas de relva;<\/p>\n\n\n\n<p>An\u00e1lise da rega para instala\u00e7\u00e3o de medidores de press\u00e3o para efeitos de monitoriza\u00e7\u00e3o, otimizando, desta forma, o abastecimento de \u00e1gua da rede p\u00fablica de rega;<\/p>\n\n\n\n<p>Redu\u00e7\u00e3o do tempo de rega em aproximadamente 30%;<\/p>\n","protected":false},"excerpt":{"rendered":"<p>Face \u00e0 atual situa\u00e7\u00e3o de seca severa que assola o Pa\u00eds e a regi\u00e3o do Algarve, em particular, o Munic\u00edpio<\/p>\n","protected":false},"author":1,"featured_media":21085,"comment_status":"closed","ping_status":"open","sticky":false,"template":"","format":"standard","meta":{"colormag_page_container_layout":"default_layout","colormag_page_sidebar_layout":"default_layout","_monsterinsights_skip_tracking":false,"_monsterinsights_sitenote_active":false,"_monsterinsights_sitenote_note":"","_monsterinsights_sitenote_category":0,"jetpack_post_was_ever_published":false,"_jetpack_newsletter_access":"","_jetpack_dont_email_post_to_subs":false,"_jetpack_newsletter_tier_id":0,"_jetpack_memberships_contains_paywalled_content":false,"_jetpack_memberships_contains_paid_content":false,"footnotes":"","jetpack_publicize_message":"","jetpack_publicize_feature_enabled":true,"jetpack_social_post_already_shared":true,"jetpack_social_options":{"image_generator_settings":{"template":"highway","default_image_id":0,"font":"","enabled":false},"version":2}},"categories":[5],"tags":[155,36,32],"class_list":["post-21222","post","type-post","status-publish","format-standard","has-post-thumbnail","hentry","category-ambiente","tag-albufeira","tag-algarve","tag-ambiente"],"yoast_head":"<!-- This site is optimized with the Yoast SEO plugin v27.5 - https:\/\/yoast.com\/product\/yoast-seo-wordpress\/ -->\n<title>Munic\u00edpio de Albufeira implementa um conjunto diversificado de medidas de combate \u00e0 seca - Algarve 7<\/title>\n<meta name=\"description\" content=\"Munic\u00edpio de Albufeira implementa um conjunto diversificado de medidas de combate \u00e0 seca Ambiente\" \/>\n<meta name=\"robots\" content=\"index, follow, max-snippet:-1, max-image-preview:large, max-video-preview:-1\" \/>\n<link rel=\"canonical\" href=\"https:\/\/algarve7.pt\/index.php\/2022\/08\/municipio-de-albufeira-implementa-um-conjunto-diversificado-de-medidas-de-combate-a-seca\/ambiente\/15\/24\/\" \/>\n<meta property=\"og:locale\" content=\"pt_PT\" \/>\n<meta property=\"og:type\" content=\"article\" \/>\n<meta property=\"og:title\" content=\"Munic\u00edpio de Albufeira implementa um conjunto diversificado de medidas de combate \u00e0 seca - Algarve 7\" \/>\n<meta property=\"og:description\" content=\"Munic\u00edpio de Albufeira implementa um conjunto diversificado de medidas de combate \u00e0 seca Ambiente\" \/>\n<meta property=\"og:url\" content=\"https:\/\/algarve7.pt\/index.php\/2022\/08\/municipio-de-albufeira-implementa-um-conjunto-diversificado-de-medidas-de-combate-a-seca\/ambiente\/15\/24\/\" \/>\n<meta property=\"og:site_name\" content=\"Algarve 7\" \/>\n<meta property=\"article:publisher\" content=\"https:\/\/www.facebook.com\/algarve7\" \/>\n<meta property=\"article:author\" content=\"https:\/\/www.facebook.com\/algarve7\" \/>\n<meta property=\"article:published_time\" content=\"2022-08-27T14:24:13+00:00\" \/>\n<meta property=\"article:modified_time\" content=\"2022-08-27T14:24:14+00:00\" \/>\n<meta property=\"og:image\" content=\"https:\/\/algarve7.pt\/wp-content\/uploads\/2022\/08\/Albufeira_camara-1200x900-1.jpg\" \/>\n\t<meta property=\"og:image:width\" content=\"1200\" \/>\n\t<meta property=\"og:image:height\" content=\"900\" \/>\n\t<meta property=\"og:image:type\" content=\"image\/jpeg\" \/>\n<meta name=\"author\" content=\"Algarve 7\" \/>\n<meta name=\"twitter:card\" content=\"summary_large_image\" \/>\n<meta name=\"twitter:creator\" content=\"@Algarvesete\" \/>\n<meta name=\"twitter:site\" content=\"@Algarvesete\" \/>\n<meta name=\"twitter:label1\" content=\"Escrito por\" \/>\n\t<meta name=\"twitter:data1\" content=\"Algarve 7\" \/>\n\t<meta name=\"twitter:label2\" content=\"Tempo estimado de leitura\" \/>\n\t<meta name=\"twitter:data2\" content=\"2 minutos\" \/>\n<script type=\"application\/ld+json\" class=\"yoast-schema-graph\">{\"@context\":\"https:\\\/\\\/schema.org\",\"@graph\":[{\"@type\":\"Article\",\"@id\":\"https:\\\/\\\/algarve7.pt\\\/index.php\\\/2022\\\/08\\\/municipio-de-albufeira-implementa-um-conjunto-diversificado-de-medidas-de-combate-a-seca\\\/ambiente\\\/15\\\/24\\\/#article\",\"isPartOf\":{\"@id\":\"https:\\\/\\\/algarve7.pt\\\/index.php\\\/2022\\\/08\\\/municipio-de-albufeira-implementa-um-conjunto-diversificado-de-medidas-de-combate-a-seca\\\/ambiente\\\/15\\\/24\\\/\"},\"author\":{\"name\":\"Algarve 7\",\"@id\":\"https:\\\/\\\/algarve7.pt\\\/#\\\/schema\\\/person\\\/23fa70681308e7b319a3204bcea45e0c\"},\"headline\":\"Munic\u00edpio de Albufeira implementa um conjunto diversificado de medidas de combate \u00e0 seca\",\"datePublished\":\"2022-08-27T14:24:13+00:00\",\"dateModified\":\"2022-08-27T14:24:14+00:00\",\"mainEntityOfPage\":{\"@id\":\"https:\\\/\\\/algarve7.pt\\\/index.php\\\/2022\\\/08\\\/municipio-de-albufeira-implementa-um-conjunto-diversificado-de-medidas-de-combate-a-seca\\\/ambiente\\\/15\\\/24\\\/\"},\"wordCount\":350,\"publisher\":{\"@id\":\"https:\\\/\\\/algarve7.pt\\\/#organization\"},\"image\":{\"@id\":\"https:\\\/\\\/algarve7.pt\\\/index.php\\\/2022\\\/08\\\/municipio-de-albufeira-implementa-um-conjunto-diversificado-de-medidas-de-combate-a-seca\\\/ambiente\\\/15\\\/24\\\/#primaryimage\"},\"thumbnailUrl\":\"https:\\\/\\\/algarve7.pt\\\/wp-content\\\/uploads\\\/2022\\\/08\\\/Albufeira_camara-1200x900-1.jpg\",\"keywords\":[\"Albufeira\",\"Algarve\",\"Ambiente\"],\"articleSection\":[\"Ambiente\"],\"inLanguage\":\"pt-PT\"},{\"@type\":\"WebPage\",\"@id\":\"https:\\\/\\\/algarve7.pt\\\/index.php\\\/2022\\\/08\\\/municipio-de-albufeira-implementa-um-conjunto-diversificado-de-medidas-de-combate-a-seca\\\/ambiente\\\/15\\\/24\\\/\",\"url\":\"https:\\\/\\\/algarve7.pt\\\/index.php\\\/2022\\\/08\\\/municipio-de-albufeira-implementa-um-conjunto-diversificado-de-medidas-de-combate-a-seca\\\/ambiente\\\/15\\\/24\\\/\",\"name\":\"Munic\u00edpio de Albufeira implementa um conjunto diversificado de medidas de combate \u00e0 seca - Algarve 7\",\"isPartOf\":{\"@id\":\"https:\\\/\\\/algarve7.pt\\\/#website\"},\"primaryImageOfPage\":{\"@id\":\"https:\\\/\\\/algarve7.pt\\\/index.php\\\/2022\\\/08\\\/municipio-de-albufeira-implementa-um-conjunto-diversificado-de-medidas-de-combate-a-seca\\\/ambiente\\\/15\\\/24\\\/#primaryimage\"},\"image\":{\"@id\":\"https:\\\/\\\/algarve7.pt\\\/index.php\\\/2022\\\/08\\\/municipio-de-albufeira-implementa-um-conjunto-diversificado-de-medidas-de-combate-a-seca\\\/ambiente\\\/15\\\/24\\\/#primaryimage\"},\"thumbnailUrl\":\"https:\\\/\\\/algarve7.pt\\\/wp-content\\\/uploads\\\/2022\\\/08\\\/Albufeira_camara-1200x900-1.jpg\",\"datePublished\":\"2022-08-27T14:24:13+00:00\",\"dateModified\":\"2022-08-27T14:24:14+00:00\",\"description\":\"Munic\u00edpio de Albufeira implementa um conjunto diversificado de medidas de combate \u00e0 seca Ambiente\",\"breadcrumb\":{\"@id\":\"https:\\\/\\\/algarve7.pt\\\/index.php\\\/2022\\\/08\\\/municipio-de-albufeira-implementa-um-conjunto-diversificado-de-medidas-de-combate-a-seca\\\/ambiente\\\/15\\\/24\\\/#breadcrumb\"},\"inLanguage\":\"pt-PT\",\"potentialAction\":[{\"@type\":\"ReadAction\",\"target\":[\"https:\\\/\\\/algarve7.pt\\\/index.php\\\/2022\\\/08\\\/municipio-de-albufeira-implementa-um-conjunto-diversificado-de-medidas-de-combate-a-seca\\\/ambiente\\\/15\\\/24\\\/\"]}]},{\"@type\":\"ImageObject\",\"inLanguage\":\"pt-PT\",\"@id\":\"https:\\\/\\\/algarve7.pt\\\/index.php\\\/2022\\\/08\\\/municipio-de-albufeira-implementa-um-conjunto-diversificado-de-medidas-de-combate-a-seca\\\/ambiente\\\/15\\\/24\\\/#primaryimage\",\"url\":\"https:\\\/\\\/algarve7.pt\\\/wp-content\\\/uploads\\\/2022\\\/08\\\/Albufeira_camara-1200x900-1.jpg\",\"contentUrl\":\"https:\\\/\\\/algarve7.pt\\\/wp-content\\\/uploads\\\/2022\\\/08\\\/Albufeira_camara-1200x900-1.jpg\",\"width\":1200,\"height\":900},{\"@type\":\"BreadcrumbList\",\"@id\":\"https:\\\/\\\/algarve7.pt\\\/index.php\\\/2022\\\/08\\\/municipio-de-albufeira-implementa-um-conjunto-diversificado-de-medidas-de-combate-a-seca\\\/ambiente\\\/15\\\/24\\\/#breadcrumb\",\"itemListElement\":[{\"@type\":\"ListItem\",\"position\":1,\"name\":\"In\u00edcio\",\"item\":\"https:\\\/\\\/algarve7.pt\\\/\"},{\"@type\":\"ListItem\",\"position\":2,\"name\":\"Munic\u00edpio de Albufeira implementa um conjunto diversificado de medidas de combate \u00e0 seca\"}]},{\"@type\":\"WebSite\",\"@id\":\"https:\\\/\\\/algarve7.pt\\\/#website\",\"url\":\"https:\\\/\\\/algarve7.pt\\\/\",\"name\":\"Algarve 7\",\"description\":\"Informa\u00e7\u00e3o sobre o Algarve\",\"publisher\":{\"@id\":\"https:\\\/\\\/algarve7.pt\\\/#organization\"},\"potentialAction\":[{\"@type\":\"SearchAction\",\"target\":{\"@type\":\"EntryPoint\",\"urlTemplate\":\"https:\\\/\\\/algarve7.pt\\\/?s={search_term_string}\"},\"query-input\":{\"@type\":\"PropertyValueSpecification\",\"valueRequired\":true,\"valueName\":\"search_term_string\"}}],\"inLanguage\":\"pt-PT\"},{\"@type\":\"Organization\",\"@id\":\"https:\\\/\\\/algarve7.pt\\\/#organization\",\"name\":\"Algarve 7\",\"url\":\"https:\\\/\\\/algarve7.pt\\\/\",\"logo\":{\"@type\":\"ImageObject\",\"inLanguage\":\"pt-PT\",\"@id\":\"https:\\\/\\\/algarve7.pt\\\/#\\\/schema\\\/logo\\\/image\\\/\",\"url\":\"https:\\\/\\\/algarve7.pt\\\/wp-content\\\/uploads\\\/2020\\\/10\\\/Logo-8.jpg\",\"contentUrl\":\"https:\\\/\\\/algarve7.pt\\\/wp-content\\\/uploads\\\/2020\\\/10\\\/Logo-8.jpg\",\"width\":1680,\"height\":1186,\"caption\":\"Algarve 7\"},\"image\":{\"@id\":\"https:\\\/\\\/algarve7.pt\\\/#\\\/schema\\\/logo\\\/image\\\/\"},\"sameAs\":[\"https:\\\/\\\/www.facebook.com\\\/algarve7\",\"https:\\\/\\\/x.com\\\/Algarvesete\",\"https:\\\/\\\/www.instagram.com\\\/jornalalgarve7\\\/\",\"https:\\\/\\\/www.linkedin.com\\\/company\\\/algarve7\",\"https:\\\/\\\/www.pinterest.pt\\\/geral0939\\\/_created\\\/\"]},{\"@type\":\"Person\",\"@id\":\"https:\\\/\\\/algarve7.pt\\\/#\\\/schema\\\/person\\\/23fa70681308e7b319a3204bcea45e0c\",\"name\":\"Algarve 7\",\"sameAs\":[\"https:\\\/\\\/algarve7.pt\",\"https:\\\/\\\/www.facebook.com\\\/algarve7\"],\"url\":\"https:\\\/\\\/algarve7.pt\\\/index.php\\\/author\\\/geralalgarve7-pt\\\/\"}]}<\/script>\n<!-- \/ Yoast SEO plugin. -->","yoast_head_json":{"title":"Munic\u00edpio de Albufeira implementa um conjunto diversificado de medidas de combate \u00e0 seca - Algarve 7","description":"Munic\u00edpio de Albufeira implementa um conjunto diversificado de medidas de combate \u00e0 seca Ambiente","robots":{"index":"index","follow":"follow","max-snippet":"max-snippet:-1","max-image-preview":"max-image-preview:large","max-video-preview":"max-video-preview:-1"},"canonical":"https:\/\/algarve7.pt\/index.php\/2022\/08\/municipio-de-albufeira-implementa-um-conjunto-diversificado-de-medidas-de-combate-a-seca\/ambiente\/15\/24\/","og_locale":"pt_PT","og_type":"article","og_title":"Munic\u00edpio de Albufeira implementa um conjunto diversificado de medidas de combate \u00e0 seca - Algarve 7","og_description":"Munic\u00edpio de Albufeira implementa um conjunto diversificado de medidas de combate \u00e0 seca Ambiente","og_url":"https:\/\/algarve7.pt\/index.php\/2022\/08\/municipio-de-albufeira-implementa-um-conjunto-diversificado-de-medidas-de-combate-a-seca\/ambiente\/15\/24\/","og_site_name":"Algarve 7","article_publisher":"https:\/\/www.facebook.com\/algarve7","article_author":"https:\/\/www.facebook.com\/algarve7","article_published_time":"2022-08-27T14:24:13+00:00","article_modified_time":"2022-08-27T14:24:14+00:00","og_image":[{"width":1200,"height":900,"url":"https:\/\/algarve7.pt\/wp-content\/uploads\/2022\/08\/Albufeira_camara-1200x900-1.jpg","type":"image\/jpeg"}],"author":"Algarve 7","twitter_card":"summary_large_image","twitter_creator":"@Algarvesete","twitter_site":"@Algarvesete","twitter_misc":{"Escrito por":"Algarve 7","Tempo estimado de leitura":"2 minutos"},"schema":{"@context":"https:\/\/schema.org","@graph":[{"@type":"Article","@id":"https:\/\/algarve7.pt\/index.php\/2022\/08\/municipio-de-albufeira-implementa-um-conjunto-diversificado-de-medidas-de-combate-a-seca\/ambiente\/15\/24\/#article","isPartOf":{"@id":"https:\/\/algarve7.pt\/index.php\/2022\/08\/municipio-de-albufeira-implementa-um-conjunto-diversificado-de-medidas-de-combate-a-seca\/ambiente\/15\/24\/"},"author":{"name":"Algarve 7","@id":"https:\/\/algarve7.pt\/#\/schema\/person\/23fa70681308e7b319a3204bcea45e0c"},"headline":"Munic\u00edpio de Albufeira implementa um conjunto diversificado de medidas de combate \u00e0 seca","datePublished":"2022-08-27T14:24:13+00:00","dateModified":"2022-08-27T14:24:14+00:00","mainEntityOfPage":{"@id":"https:\/\/algarve7.pt\/index.php\/2022\/08\/municipio-de-albufeira-implementa-um-conjunto-diversificado-de-medidas-de-combate-a-seca\/ambiente\/15\/24\/"},"wordCount":350,"publisher":{"@id":"https:\/\/algarve7.pt\/#organization"},"image":{"@id":"https:\/\/algarve7.pt\/index.php\/2022\/08\/municipio-de-albufeira-implementa-um-conjunto-diversificado-de-medidas-de-combate-a-seca\/ambiente\/15\/24\/#primaryimage"},"thumbnailUrl":"https:\/\/algarve7.pt\/wp-content\/uploads\/2022\/08\/Albufeira_camara-1200x900-1.jpg","keywords":["Albufeira","Algarve","Ambiente"],"articleSection":["Ambiente"],"inLanguage":"pt-PT"},{"@type":"WebPage","@id":"https:\/\/algarve7.pt\/index.php\/2022\/08\/municipio-de-albufeira-implementa-um-conjunto-diversificado-de-medidas-de-combate-a-seca\/ambiente\/15\/24\/","url":"https:\/\/algarve7.pt\/index.php\/2022\/08\/municipio-de-albufeira-implementa-um-conjunto-diversificado-de-medidas-de-combate-a-seca\/ambiente\/15\/24\/","name":"Munic\u00edpio de Albufeira implementa um conjunto diversificado de medidas de combate \u00e0 seca - Algarve 7","isPartOf":{"@id":"https:\/\/algarve7.pt\/#website"},"primaryImageOfPage":{"@id":"https:\/\/algarve7.pt\/index.php\/2022\/08\/municipio-de-albufeira-implementa-um-conjunto-diversificado-de-medidas-de-combate-a-seca\/ambiente\/15\/24\/#primaryimage"},"image":{"@id":"https:\/\/algarve7.pt\/index.php\/2022\/08\/municipio-de-albufeira-implementa-um-conjunto-diversificado-de-medidas-de-combate-a-seca\/ambiente\/15\/24\/#primaryimage"},"thumbnailUrl":"https:\/\/algarve7.pt\/wp-content\/uploads\/2022\/08\/Albufeira_camara-1200x900-1.jpg","datePublished":"2022-08-27T14:24:13+00:00","dateModified":"2022-08-27T14:24:14+00:00","description":"Munic\u00edpio de Albufeira implementa um conjunto diversificado de medidas de combate \u00e0 seca Ambiente","breadcrumb":{"@id":"https:\/\/algarve7.pt\/index.php\/2022\/08\/municipio-de-albufeira-implementa-um-conjunto-diversificado-de-medidas-de-combate-a-seca\/ambiente\/15\/24\/#breadcrumb"},"inLanguage":"pt-PT","potentialAction":[{"@type":"ReadAction","target":["https:\/\/algarve7.pt\/index.php\/2022\/08\/municipio-de-albufeira-implementa-um-conjunto-diversificado-de-medidas-de-combate-a-seca\/ambiente\/15\/24\/"]}]},{"@type":"ImageObject","inLanguage":"pt-PT","@id":"https:\/\/algarve7.pt\/index.php\/2022\/08\/municipio-de-albufeira-implementa-um-conjunto-diversificado-de-medidas-de-combate-a-seca\/ambiente\/15\/24\/#primaryimage","url":"https:\/\/algarve7.pt\/wp-content\/uploads\/2022\/08\/Albufeira_camara-1200x900-1.jpg","contentUrl":"https:\/\/algarve7.pt\/wp-content\/uploads\/2022\/08\/Albufeira_camara-1200x900-1.jpg","width":1200,"height":900},{"@type":"BreadcrumbList","@id":"https:\/\/algarve7.pt\/index.php\/2022\/08\/municipio-de-albufeira-implementa-um-conjunto-diversificado-de-medidas-de-combate-a-seca\/ambiente\/15\/24\/#breadcrumb","itemListElement":[{"@type":"ListItem","position":1,"name":"In\u00edcio","item":"https:\/\/algarve7.pt\/"},{"@type":"ListItem","position":2,"name":"Munic\u00edpio de Albufeira implementa um conjunto diversificado de medidas de combate \u00e0 seca"}]},{"@type":"WebSite","@id":"https:\/\/algarve7.pt\/#website","url":"https:\/\/algarve7.pt\/","name":"Algarve 7","description":"Informa\u00e7\u00e3o sobre o Algarve","publisher":{"@id":"https:\/\/algarve7.pt\/#organization"},"potentialAction":[{"@type":"SearchAction","target":{"@type":"EntryPoint","urlTemplate":"https:\/\/algarve7.pt\/?s={search_term_string}"},"query-input":{"@type":"PropertyValueSpecification","valueRequired":true,"valueName":"search_term_string"}}],"inLanguage":"pt-PT"},{"@type":"Organization","@id":"https:\/\/algarve7.pt\/#organization","name":"Algarve 7","url":"https:\/\/algarve7.pt\/","logo":{"@type":"ImageObject","inLanguage":"pt-PT","@id":"https:\/\/algarve7.pt\/#\/schema\/logo\/image\/","url":"https:\/\/algarve7.pt\/wp-content\/uploads\/2020\/10\/Logo-8.jpg","contentUrl":"https:\/\/algarve7.pt\/wp-content\/uploads\/2020\/10\/Logo-8.jpg","width":1680,"height":1186,"caption":"Algarve 7"},"image":{"@id":"https:\/\/algarve7.pt\/#\/schema\/logo\/image\/"},"sameAs":["https:\/\/www.facebook.com\/algarve7","https:\/\/x.com\/Algarvesete","https:\/\/www.instagram.com\/jornalalgarve7\/","https:\/\/www.linkedin.com\/company\/algarve7","https:\/\/www.pinterest.pt\/geral0939\/_created\/"]},{"@type":"Person","@id":"https:\/\/algarve7.pt\/#\/schema\/person\/23fa70681308e7b319a3204bcea45e0c","name":"Algarve 7","sameAs":["https:\/\/algarve7.pt","https:\/\/www.facebook.com\/algarve7"],"url":"https:\/\/algarve7.pt\/index.php\/author\/geralalgarve7-pt\/"}]}},"jetpack_publicize_connections":[],"jetpack_featured_media_url":"https:\/\/algarve7.pt\/wp-content\/uploads\/2022\/08\/Albufeira_camara-1200x900-1.jpg","jetpack_shortlink":"https:\/\/wp.me\/pcezmW-5wi","jetpack_sharing_enabled":true,"_links":{"self":[{"href":"https:\/\/algarve7.pt\/index.php\/wp-json\/wp\/v2\/posts\/21222","targetHints":{"allow":["GET"]}}],"collection":[{"href":"https:\/\/algarve7.pt\/index.php\/wp-json\/wp\/v2\/posts"}],"about":[{"href":"https:\/\/algarve7.pt\/index.php\/wp-json\/wp\/v2\/types\/post"}],"author":[{"embeddable":true,"href":"https:\/\/algarve7.pt\/index.php\/wp-json\/wp\/v2\/users\/1"}],"replies":[{"embeddable":true,"href":"https:\/\/algarve7.pt\/index.php\/wp-json\/wp\/v2\/comments?post=21222"}],"version-history":[{"count":0,"href":"https:\/\/algarve7.pt\/index.php\/wp-json\/wp\/v2\/posts\/21222\/revisions"}],"wp:featuredmedia":[{"embeddable":true,"href":"https:\/\/algarve7.pt\/index.php\/wp-json\/wp\/v2\/media\/21085"}],"wp:attachment":[{"href":"https:\/\/algarve7.pt\/index.php\/wp-json\/wp\/v2\/media?parent=21222"}],"wp:term":[{"taxonomy":"category","embeddable":true,"href":"https:\/\/algarve7.pt\/index.php\/wp-json\/wp\/v2\/categories?post=21222"},{"taxonomy":"post_tag","embeddable":true,"href":"https:\/\/algarve7.pt\/index.php\/wp-json\/wp\/v2\/tags?post=21222"}],"curies":[{"name":"wp","href":"https:\/\/api.w.org\/{rel}","templated":true}]}}