{"id":21219,"date":"2022-08-27T12:02:05","date_gmt":"2022-08-27T11:02:05","guid":{"rendered":"https:\/\/algarve7.pt\/?p=21219"},"modified":"2022-08-27T12:02:08","modified_gmt":"2022-08-27T11:02:08","slug":"apresentacao-do-polo-tecnologico-celerator-no-autodromo-internacional-do-algarve","status":"publish","type":"post","link":"https:\/\/algarve7.pt\/index.php\/2022\/08\/apresentacao-do-polo-tecnologico-celerator-no-autodromo-internacional-do-algarve\/atualidade\/12\/02\/","title":{"rendered":"Apresenta\u00e7\u00e3o do Polo Tecnol\u00f3gico CELERATOR no Aut\u00f3dromo Internacional do Algarve"},"content":{"rendered":"\n<p>O projeto apresentado pelo CELERATOR \u2013 Associa\u00e7\u00e3o Parque Tecnol\u00f3gico do Algarve, no \u00e2mbito do Aviso Convite n.\u00ba ALG-46-2022-04, Infraestrutura Tecnol\u00f3gica, visa a dinamiza\u00e7\u00e3o de um novo Polo Tecnol\u00f3gico junto ao Aut\u00f3dromo Internacional do Algarve, dedicado \u00e0s Energias Renov\u00e1veis, denominado Polo Tecnol\u00f3gico no setor dos Transportes, Mobilidade e Solu\u00e7\u00f5es Energ\u00e9ticas.<\/p>\n\n\n\n<p>A associa\u00e7\u00e3o CELERATOR &#8211; ASSOCIA\u00c7\u00c3O PARQUE TECNOL\u00d3GICO DO ALGARVE \u00e9 uma associa\u00e7\u00e3o de direito privado, constitu\u00edda conjuntamente pela Universidade do Algarve e pela PARKALGAR, PARQUES TECNOL\u00d3GICOS E DESPORTIVOS, S.A. A associa\u00e7\u00e3o assume como objeto social, a promo\u00e7\u00e3o da investiga\u00e7\u00e3o e da inova\u00e7\u00e3o regional dando relevo \u00e0 valoriza\u00e7\u00e3o do territ\u00f3rio e das infraestruturas, valoriza\u00e7\u00e3o econ\u00f3mica e a operacionaliza\u00e7\u00e3o da transfer\u00eancia de conhecimento cient\u00edfico e tecnol\u00f3gico, otimiza\u00e7\u00e3o e o desenvolvimento de solu\u00e7\u00f5es aptas a dar respostas inovadoras no \u00e2mbito do setor dos transportes, da mobilidade e das solu\u00e7\u00f5es energ\u00e9ticas.<\/p>\n\n\n\n<p>Configuram objetivos do projeto, o desenvolvimento de um Parque Tecnol\u00f3gico dedicado \u00e0 investiga\u00e7\u00e3o, desenvolvimento e implementa\u00e7\u00e3o de solu\u00e7\u00f5es energ\u00e9ticas \u00e0 base de hidrog\u00e9nio verde e de combust\u00edveis sint\u00e9ticos, visando:<\/p>\n\n\n\n<p>\u2022&nbsp;&nbsp;&nbsp;&nbsp;&nbsp;&nbsp;&nbsp;&nbsp;&nbsp; a cria\u00e7\u00e3o de um Polo Tecnol\u00f3gico com a constru\u00e7\u00e3o de instala\u00e7\u00f5es incluindo laborat\u00f3rios e centros de ensaios com 1.818 m2;<\/p>\n\n\n\n<p>\u2022&nbsp;&nbsp;&nbsp;&nbsp;&nbsp;&nbsp;&nbsp;&nbsp;&nbsp; a disponibiliza\u00e7\u00e3o de instala\u00e7\u00f5es de bancos de ensaio, para motores de Combust\u00e3o Interna com e sem sistemas h\u00edbridos de energia acoplados;<\/p>\n\n\n\n<p>\u2022&nbsp;&nbsp;&nbsp;&nbsp;&nbsp;&nbsp;&nbsp;&nbsp;&nbsp; a instala\u00e7\u00e3o de M\u00f3dulos para investiga\u00e7\u00e3o de processo de cria\u00e7\u00e3o e implementa\u00e7\u00e3o de Pilhas de Combust\u00edvel em meios de transporte convencionais;<\/p>\n\n\n\n<p>\u2022&nbsp;&nbsp;&nbsp;&nbsp;&nbsp;&nbsp;&nbsp;&nbsp;&nbsp; a cria\u00e7\u00e3o de Unidades para investiga\u00e7\u00e3o e desenvolvimento, e instala\u00e7\u00e3o de unidades para a reciclagem, com reutiliza\u00e7\u00e3o maximizada de baterias el\u00e9tricas autom\u00f3vel, em fim de vida;<\/p>\n\n\n\n<p>\u2022&nbsp;&nbsp;&nbsp;&nbsp;&nbsp;&nbsp;&nbsp;&nbsp;&nbsp; a instala\u00e7\u00e3o de uma unidade de investiga\u00e7\u00e3o e desenvolvimento, com componente de compara\u00e7\u00e3o com unidade convencional, para motores T\u00e9rmicos Otto, usando combust\u00edveis sint\u00e9ticos, para usos diversificados.<\/p>\n\n\n\n<p>A acelera\u00e7\u00e3o da investiga\u00e7\u00e3o e desenvolvimento de solu\u00e7\u00f5es e tecnologias nas \u00e1reas supramencionadas ser\u00e1 desenvolvida em parceria pelos sistemas empresarial e cient\u00edfico e tecnol\u00f3gico, com os seguintes objetivos estrat\u00e9gicos:<\/p>\n\n\n\n<p>\u2022&nbsp;&nbsp;&nbsp;&nbsp;&nbsp;&nbsp;&nbsp;&nbsp;&nbsp; Solu\u00e7\u00f5es de transporte de mercadorias automatizadas, tornando a log\u00edstica de transporte de equipamentos na ind\u00fastria autom\u00f3vel (entre fornecedores\/fabricantes de OEM\u2019s e as marcas montadoras de viaturas motorizadas) contribuinte l\u00edquido para a neutralidade carb\u00f3nica;<\/p>\n\n\n\n<p>\u2022&nbsp;&nbsp;&nbsp;&nbsp;&nbsp;&nbsp;&nbsp;&nbsp;&nbsp; Requalifica\u00e7\u00e3o e reciclagem de baterias el\u00e9tricas de viaturas motorizadas e dos seus componentes;<\/p>\n\n\n\n<p>\u2022&nbsp;&nbsp;&nbsp;&nbsp;&nbsp;&nbsp;&nbsp;&nbsp;&nbsp; Investiga\u00e7\u00e3o e desenvolvimento de solu\u00e7\u00f5es de integra\u00e7\u00e3o de hidrog\u00e9nio verde em combust\u00edveis sint\u00e9ticos.<\/p>\n\n\n\n<p>Na g\u00e9nese desta infraestrutura tecnol\u00f3gica tamb\u00e9m a de solu\u00e7\u00f5es tecnol\u00f3gicas que ser\u00e3o desenvolvidas e colocadas no mercado, contribuindo para cumprir os compromissos de neutralidade carb\u00f3nica assumidos por Portugal e pela Uni\u00e3o Europeia.<\/p>\n\n\n\n<p>Como meta foi prevista a instala\u00e7\u00e3o de 5 empresas de setores de alta e m\u00e9dia-alta tecnologia e em servi\u00e7os intensivos em conhecimento, instaladas na infraestrutura em 2024.<\/p>\n\n\n\n<p>O investimento eleg\u00edvel associado \u00e9 de 7.278.900,00 \u20ac, com um apoio FEDER de 4 000 000,00 \u20ac (o que corresponde a uma taxa de cofinanciamento de 55%).<\/p>\n","protected":false},"excerpt":{"rendered":"<p>O projeto apresentado pelo CELERATOR \u2013 Associa\u00e7\u00e3o Parque Tecnol\u00f3gico do Algarve, no \u00e2mbito do Aviso Convite n.\u00ba ALG-46-2022-04, Infraestrutura Tecnol\u00f3gica,<\/p>\n","protected":false},"author":1,"featured_media":21220,"comment_status":"closed","ping_status":"open","sticky":false,"template":"","format":"standard","meta":{"colormag_page_container_layout":"default_layout","colormag_page_sidebar_layout":"default_layout","_monsterinsights_skip_tracking":false,"_monsterinsights_sitenote_active":false,"_monsterinsights_sitenote_note":"","_monsterinsights_sitenote_category":0,"jetpack_post_was_ever_published":false,"_jetpack_newsletter_access":"","_jetpack_dont_email_post_to_subs":false,"_jetpack_newsletter_tier_id":0,"_jetpack_memberships_contains_paywalled_content":false,"_jetpack_memberships_contains_paid_content":false,"footnotes":"","jetpack_publicize_message":"","jetpack_publicize_feature_enabled":true,"jetpack_social_post_already_shared":true,"jetpack_social_options":{"image_generator_settings":{"template":"highway","default_image_id":0,"font":"","enabled":false},"version":2}},"categories":[11],"tags":[36,62,239,143,153,72],"class_list":["post-21219","post","type-post","status-publish","format-standard","has-post-thumbnail","hentry","category-atualidade","tag-algarve","tag-atualidade","tag-autodromo-internacional-do-algarve","tag-ccdr-algarve","tag-economia","tag-portimao"],"yoast_head":"<!-- This site is optimized with the Yoast SEO plugin v27.5 - https:\/\/yoast.com\/product\/yoast-seo-wordpress\/ -->\n<title>Apresenta\u00e7\u00e3o do Polo Tecnol\u00f3gico CELERATOR no Aut\u00f3dromo Internacional do Algarve - Algarve 7<\/title>\n<meta name=\"description\" content=\"Apresenta\u00e7\u00e3o do Polo Tecnol\u00f3gico CELERATOR no Aut\u00f3dromo Internacional do Algarve Atualidade\" \/>\n<meta name=\"robots\" content=\"index, follow, max-snippet:-1, max-image-preview:large, max-video-preview:-1\" \/>\n<link rel=\"canonical\" href=\"https:\/\/algarve7.pt\/index.php\/2022\/08\/apresentacao-do-polo-tecnologico-celerator-no-autodromo-internacional-do-algarve\/atualidade\/12\/02\/\" \/>\n<meta property=\"og:locale\" content=\"pt_PT\" \/>\n<meta property=\"og:type\" content=\"article\" \/>\n<meta property=\"og:title\" content=\"Apresenta\u00e7\u00e3o do Polo Tecnol\u00f3gico CELERATOR no Aut\u00f3dromo Internacional do Algarve - Algarve 7\" \/>\n<meta property=\"og:description\" content=\"Apresenta\u00e7\u00e3o do Polo Tecnol\u00f3gico CELERATOR no Aut\u00f3dromo Internacional do Algarve Atualidade\" \/>\n<meta property=\"og:url\" content=\"https:\/\/algarve7.pt\/index.php\/2022\/08\/apresentacao-do-polo-tecnologico-celerator-no-autodromo-internacional-do-algarve\/atualidade\/12\/02\/\" \/>\n<meta property=\"og:site_name\" content=\"Algarve 7\" \/>\n<meta property=\"article:publisher\" content=\"https:\/\/www.facebook.com\/algarve7\" \/>\n<meta property=\"article:author\" content=\"https:\/\/www.facebook.com\/algarve7\" \/>\n<meta property=\"article:published_time\" content=\"2022-08-27T11:02:05+00:00\" \/>\n<meta property=\"article:modified_time\" content=\"2022-08-27T11:02:08+00:00\" \/>\n<meta property=\"og:image\" content=\"https:\/\/algarve7.pt\/wp-content\/uploads\/2022\/08\/Apresentac\u0327a\u0303o-do-Polo-Tecnolo\u0301gico-CELERATOR-125-scaled.jpg\" \/>\n\t<meta property=\"og:image:width\" content=\"2560\" \/>\n\t<meta property=\"og:image:height\" content=\"1707\" \/>\n\t<meta property=\"og:image:type\" content=\"image\/jpeg\" \/>\n<meta name=\"author\" content=\"Algarve 7\" \/>\n<meta name=\"twitter:card\" content=\"summary_large_image\" \/>\n<meta name=\"twitter:creator\" content=\"@Algarvesete\" \/>\n<meta name=\"twitter:site\" content=\"@Algarvesete\" \/>\n<meta name=\"twitter:label1\" content=\"Escrito por\" \/>\n\t<meta name=\"twitter:data1\" content=\"Algarve 7\" \/>\n\t<meta name=\"twitter:label2\" content=\"Tempo estimado de leitura\" \/>\n\t<meta name=\"twitter:data2\" content=\"3 minutos\" \/>\n<script type=\"application\/ld+json\" class=\"yoast-schema-graph\">{\"@context\":\"https:\\\/\\\/schema.org\",\"@graph\":[{\"@type\":\"Article\",\"@id\":\"https:\\\/\\\/algarve7.pt\\\/index.php\\\/2022\\\/08\\\/apresentacao-do-polo-tecnologico-celerator-no-autodromo-internacional-do-algarve\\\/atualidade\\\/12\\\/02\\\/#article\",\"isPartOf\":{\"@id\":\"https:\\\/\\\/algarve7.pt\\\/index.php\\\/2022\\\/08\\\/apresentacao-do-polo-tecnologico-celerator-no-autodromo-internacional-do-algarve\\\/atualidade\\\/12\\\/02\\\/\"},\"author\":{\"name\":\"Algarve 7\",\"@id\":\"https:\\\/\\\/algarve7.pt\\\/#\\\/schema\\\/person\\\/23fa70681308e7b319a3204bcea45e0c\"},\"headline\":\"Apresenta\u00e7\u00e3o do Polo Tecnol\u00f3gico CELERATOR no Aut\u00f3dromo Internacional do Algarve\",\"datePublished\":\"2022-08-27T11:02:05+00:00\",\"dateModified\":\"2022-08-27T11:02:08+00:00\",\"mainEntityOfPage\":{\"@id\":\"https:\\\/\\\/algarve7.pt\\\/index.php\\\/2022\\\/08\\\/apresentacao-do-polo-tecnologico-celerator-no-autodromo-internacional-do-algarve\\\/atualidade\\\/12\\\/02\\\/\"},\"wordCount\":626,\"publisher\":{\"@id\":\"https:\\\/\\\/algarve7.pt\\\/#organization\"},\"image\":{\"@id\":\"https:\\\/\\\/algarve7.pt\\\/index.php\\\/2022\\\/08\\\/apresentacao-do-polo-tecnologico-celerator-no-autodromo-internacional-do-algarve\\\/atualidade\\\/12\\\/02\\\/#primaryimage\"},\"thumbnailUrl\":\"https:\\\/\\\/algarve7.pt\\\/wp-content\\\/uploads\\\/2022\\\/08\\\/Apresentac\u0327a\u0303o-do-Polo-Tecnolo\u0301gico-CELERATOR-125-scaled.jpg\",\"keywords\":[\"Algarve\",\"Atualidade\",\"Aut\u00f3dromo Internacional do Algarve\",\"CCDR Algarve\",\"Economia\",\"Portim\u00e3o\"],\"articleSection\":[\"Atualidade\"],\"inLanguage\":\"pt-PT\"},{\"@type\":\"WebPage\",\"@id\":\"https:\\\/\\\/algarve7.pt\\\/index.php\\\/2022\\\/08\\\/apresentacao-do-polo-tecnologico-celerator-no-autodromo-internacional-do-algarve\\\/atualidade\\\/12\\\/02\\\/\",\"url\":\"https:\\\/\\\/algarve7.pt\\\/index.php\\\/2022\\\/08\\\/apresentacao-do-polo-tecnologico-celerator-no-autodromo-internacional-do-algarve\\\/atualidade\\\/12\\\/02\\\/\",\"name\":\"Apresenta\u00e7\u00e3o do Polo Tecnol\u00f3gico CELERATOR no Aut\u00f3dromo Internacional do Algarve - Algarve 7\",\"isPartOf\":{\"@id\":\"https:\\\/\\\/algarve7.pt\\\/#website\"},\"primaryImageOfPage\":{\"@id\":\"https:\\\/\\\/algarve7.pt\\\/index.php\\\/2022\\\/08\\\/apresentacao-do-polo-tecnologico-celerator-no-autodromo-internacional-do-algarve\\\/atualidade\\\/12\\\/02\\\/#primaryimage\"},\"image\":{\"@id\":\"https:\\\/\\\/algarve7.pt\\\/index.php\\\/2022\\\/08\\\/apresentacao-do-polo-tecnologico-celerator-no-autodromo-internacional-do-algarve\\\/atualidade\\\/12\\\/02\\\/#primaryimage\"},\"thumbnailUrl\":\"https:\\\/\\\/algarve7.pt\\\/wp-content\\\/uploads\\\/2022\\\/08\\\/Apresentac\u0327a\u0303o-do-Polo-Tecnolo\u0301gico-CELERATOR-125-scaled.jpg\",\"datePublished\":\"2022-08-27T11:02:05+00:00\",\"dateModified\":\"2022-08-27T11:02:08+00:00\",\"description\":\"Apresenta\u00e7\u00e3o do Polo Tecnol\u00f3gico CELERATOR no Aut\u00f3dromo Internacional do Algarve Atualidade\",\"breadcrumb\":{\"@id\":\"https:\\\/\\\/algarve7.pt\\\/index.php\\\/2022\\\/08\\\/apresentacao-do-polo-tecnologico-celerator-no-autodromo-internacional-do-algarve\\\/atualidade\\\/12\\\/02\\\/#breadcrumb\"},\"inLanguage\":\"pt-PT\",\"potentialAction\":[{\"@type\":\"ReadAction\",\"target\":[\"https:\\\/\\\/algarve7.pt\\\/index.php\\\/2022\\\/08\\\/apresentacao-do-polo-tecnologico-celerator-no-autodromo-internacional-do-algarve\\\/atualidade\\\/12\\\/02\\\/\"]}]},{\"@type\":\"ImageObject\",\"inLanguage\":\"pt-PT\",\"@id\":\"https:\\\/\\\/algarve7.pt\\\/index.php\\\/2022\\\/08\\\/apresentacao-do-polo-tecnologico-celerator-no-autodromo-internacional-do-algarve\\\/atualidade\\\/12\\\/02\\\/#primaryimage\",\"url\":\"https:\\\/\\\/algarve7.pt\\\/wp-content\\\/uploads\\\/2022\\\/08\\\/Apresentac\u0327a\u0303o-do-Polo-Tecnolo\u0301gico-CELERATOR-125-scaled.jpg\",\"contentUrl\":\"https:\\\/\\\/algarve7.pt\\\/wp-content\\\/uploads\\\/2022\\\/08\\\/Apresentac\u0327a\u0303o-do-Polo-Tecnolo\u0301gico-CELERATOR-125-scaled.jpg\",\"width\":2560,\"height\":1707},{\"@type\":\"BreadcrumbList\",\"@id\":\"https:\\\/\\\/algarve7.pt\\\/index.php\\\/2022\\\/08\\\/apresentacao-do-polo-tecnologico-celerator-no-autodromo-internacional-do-algarve\\\/atualidade\\\/12\\\/02\\\/#breadcrumb\",\"itemListElement\":[{\"@type\":\"ListItem\",\"position\":1,\"name\":\"In\u00edcio\",\"item\":\"https:\\\/\\\/algarve7.pt\\\/\"},{\"@type\":\"ListItem\",\"position\":2,\"name\":\"Apresenta\u00e7\u00e3o do Polo Tecnol\u00f3gico CELERATOR no Aut\u00f3dromo Internacional do Algarve\"}]},{\"@type\":\"WebSite\",\"@id\":\"https:\\\/\\\/algarve7.pt\\\/#website\",\"url\":\"https:\\\/\\\/algarve7.pt\\\/\",\"name\":\"Algarve 7\",\"description\":\"Informa\u00e7\u00e3o sobre o Algarve\",\"publisher\":{\"@id\":\"https:\\\/\\\/algarve7.pt\\\/#organization\"},\"potentialAction\":[{\"@type\":\"SearchAction\",\"target\":{\"@type\":\"EntryPoint\",\"urlTemplate\":\"https:\\\/\\\/algarve7.pt\\\/?s={search_term_string}\"},\"query-input\":{\"@type\":\"PropertyValueSpecification\",\"valueRequired\":true,\"valueName\":\"search_term_string\"}}],\"inLanguage\":\"pt-PT\"},{\"@type\":\"Organization\",\"@id\":\"https:\\\/\\\/algarve7.pt\\\/#organization\",\"name\":\"Algarve 7\",\"url\":\"https:\\\/\\\/algarve7.pt\\\/\",\"logo\":{\"@type\":\"ImageObject\",\"inLanguage\":\"pt-PT\",\"@id\":\"https:\\\/\\\/algarve7.pt\\\/#\\\/schema\\\/logo\\\/image\\\/\",\"url\":\"https:\\\/\\\/algarve7.pt\\\/wp-content\\\/uploads\\\/2020\\\/10\\\/Logo-8.jpg\",\"contentUrl\":\"https:\\\/\\\/algarve7.pt\\\/wp-content\\\/uploads\\\/2020\\\/10\\\/Logo-8.jpg\",\"width\":1680,\"height\":1186,\"caption\":\"Algarve 7\"},\"image\":{\"@id\":\"https:\\\/\\\/algarve7.pt\\\/#\\\/schema\\\/logo\\\/image\\\/\"},\"sameAs\":[\"https:\\\/\\\/www.facebook.com\\\/algarve7\",\"https:\\\/\\\/x.com\\\/Algarvesete\",\"https:\\\/\\\/www.instagram.com\\\/jornalalgarve7\\\/\",\"https:\\\/\\\/www.linkedin.com\\\/company\\\/algarve7\",\"https:\\\/\\\/www.pinterest.pt\\\/geral0939\\\/_created\\\/\"]},{\"@type\":\"Person\",\"@id\":\"https:\\\/\\\/algarve7.pt\\\/#\\\/schema\\\/person\\\/23fa70681308e7b319a3204bcea45e0c\",\"name\":\"Algarve 7\",\"sameAs\":[\"https:\\\/\\\/algarve7.pt\",\"https:\\\/\\\/www.facebook.com\\\/algarve7\"],\"url\":\"https:\\\/\\\/algarve7.pt\\\/index.php\\\/author\\\/geralalgarve7-pt\\\/\"}]}<\/script>\n<!-- \/ Yoast SEO plugin. -->","yoast_head_json":{"title":"Apresenta\u00e7\u00e3o do Polo Tecnol\u00f3gico CELERATOR no Aut\u00f3dromo Internacional do Algarve - Algarve 7","description":"Apresenta\u00e7\u00e3o do Polo Tecnol\u00f3gico CELERATOR no Aut\u00f3dromo Internacional do Algarve Atualidade","robots":{"index":"index","follow":"follow","max-snippet":"max-snippet:-1","max-image-preview":"max-image-preview:large","max-video-preview":"max-video-preview:-1"},"canonical":"https:\/\/algarve7.pt\/index.php\/2022\/08\/apresentacao-do-polo-tecnologico-celerator-no-autodromo-internacional-do-algarve\/atualidade\/12\/02\/","og_locale":"pt_PT","og_type":"article","og_title":"Apresenta\u00e7\u00e3o do Polo Tecnol\u00f3gico CELERATOR no Aut\u00f3dromo Internacional do Algarve - Algarve 7","og_description":"Apresenta\u00e7\u00e3o do Polo Tecnol\u00f3gico CELERATOR no Aut\u00f3dromo Internacional do Algarve Atualidade","og_url":"https:\/\/algarve7.pt\/index.php\/2022\/08\/apresentacao-do-polo-tecnologico-celerator-no-autodromo-internacional-do-algarve\/atualidade\/12\/02\/","og_site_name":"Algarve 7","article_publisher":"https:\/\/www.facebook.com\/algarve7","article_author":"https:\/\/www.facebook.com\/algarve7","article_published_time":"2022-08-27T11:02:05+00:00","article_modified_time":"2022-08-27T11:02:08+00:00","og_image":[{"width":2560,"height":1707,"url":"https:\/\/algarve7.pt\/wp-content\/uploads\/2022\/08\/Apresentac\u0327a\u0303o-do-Polo-Tecnolo\u0301gico-CELERATOR-125-scaled.jpg","type":"image\/jpeg"}],"author":"Algarve 7","twitter_card":"summary_large_image","twitter_creator":"@Algarvesete","twitter_site":"@Algarvesete","twitter_misc":{"Escrito por":"Algarve 7","Tempo estimado de leitura":"3 minutos"},"schema":{"@context":"https:\/\/schema.org","@graph":[{"@type":"Article","@id":"https:\/\/algarve7.pt\/index.php\/2022\/08\/apresentacao-do-polo-tecnologico-celerator-no-autodromo-internacional-do-algarve\/atualidade\/12\/02\/#article","isPartOf":{"@id":"https:\/\/algarve7.pt\/index.php\/2022\/08\/apresentacao-do-polo-tecnologico-celerator-no-autodromo-internacional-do-algarve\/atualidade\/12\/02\/"},"author":{"name":"Algarve 7","@id":"https:\/\/algarve7.pt\/#\/schema\/person\/23fa70681308e7b319a3204bcea45e0c"},"headline":"Apresenta\u00e7\u00e3o do Polo Tecnol\u00f3gico CELERATOR no Aut\u00f3dromo Internacional do Algarve","datePublished":"2022-08-27T11:02:05+00:00","dateModified":"2022-08-27T11:02:08+00:00","mainEntityOfPage":{"@id":"https:\/\/algarve7.pt\/index.php\/2022\/08\/apresentacao-do-polo-tecnologico-celerator-no-autodromo-internacional-do-algarve\/atualidade\/12\/02\/"},"wordCount":626,"publisher":{"@id":"https:\/\/algarve7.pt\/#organization"},"image":{"@id":"https:\/\/algarve7.pt\/index.php\/2022\/08\/apresentacao-do-polo-tecnologico-celerator-no-autodromo-internacional-do-algarve\/atualidade\/12\/02\/#primaryimage"},"thumbnailUrl":"https:\/\/algarve7.pt\/wp-content\/uploads\/2022\/08\/Apresentac\u0327a\u0303o-do-Polo-Tecnolo\u0301gico-CELERATOR-125-scaled.jpg","keywords":["Algarve","Atualidade","Aut\u00f3dromo Internacional do Algarve","CCDR Algarve","Economia","Portim\u00e3o"],"articleSection":["Atualidade"],"inLanguage":"pt-PT"},{"@type":"WebPage","@id":"https:\/\/algarve7.pt\/index.php\/2022\/08\/apresentacao-do-polo-tecnologico-celerator-no-autodromo-internacional-do-algarve\/atualidade\/12\/02\/","url":"https:\/\/algarve7.pt\/index.php\/2022\/08\/apresentacao-do-polo-tecnologico-celerator-no-autodromo-internacional-do-algarve\/atualidade\/12\/02\/","name":"Apresenta\u00e7\u00e3o do Polo Tecnol\u00f3gico CELERATOR no Aut\u00f3dromo Internacional do Algarve - Algarve 7","isPartOf":{"@id":"https:\/\/algarve7.pt\/#website"},"primaryImageOfPage":{"@id":"https:\/\/algarve7.pt\/index.php\/2022\/08\/apresentacao-do-polo-tecnologico-celerator-no-autodromo-internacional-do-algarve\/atualidade\/12\/02\/#primaryimage"},"image":{"@id":"https:\/\/algarve7.pt\/index.php\/2022\/08\/apresentacao-do-polo-tecnologico-celerator-no-autodromo-internacional-do-algarve\/atualidade\/12\/02\/#primaryimage"},"thumbnailUrl":"https:\/\/algarve7.pt\/wp-content\/uploads\/2022\/08\/Apresentac\u0327a\u0303o-do-Polo-Tecnolo\u0301gico-CELERATOR-125-scaled.jpg","datePublished":"2022-08-27T11:02:05+00:00","dateModified":"2022-08-27T11:02:08+00:00","description":"Apresenta\u00e7\u00e3o do Polo Tecnol\u00f3gico CELERATOR no Aut\u00f3dromo Internacional do Algarve Atualidade","breadcrumb":{"@id":"https:\/\/algarve7.pt\/index.php\/2022\/08\/apresentacao-do-polo-tecnologico-celerator-no-autodromo-internacional-do-algarve\/atualidade\/12\/02\/#breadcrumb"},"inLanguage":"pt-PT","potentialAction":[{"@type":"ReadAction","target":["https:\/\/algarve7.pt\/index.php\/2022\/08\/apresentacao-do-polo-tecnologico-celerator-no-autodromo-internacional-do-algarve\/atualidade\/12\/02\/"]}]},{"@type":"ImageObject","inLanguage":"pt-PT","@id":"https:\/\/algarve7.pt\/index.php\/2022\/08\/apresentacao-do-polo-tecnologico-celerator-no-autodromo-internacional-do-algarve\/atualidade\/12\/02\/#primaryimage","url":"https:\/\/algarve7.pt\/wp-content\/uploads\/2022\/08\/Apresentac\u0327a\u0303o-do-Polo-Tecnolo\u0301gico-CELERATOR-125-scaled.jpg","contentUrl":"https:\/\/algarve7.pt\/wp-content\/uploads\/2022\/08\/Apresentac\u0327a\u0303o-do-Polo-Tecnolo\u0301gico-CELERATOR-125-scaled.jpg","width":2560,"height":1707},{"@type":"BreadcrumbList","@id":"https:\/\/algarve7.pt\/index.php\/2022\/08\/apresentacao-do-polo-tecnologico-celerator-no-autodromo-internacional-do-algarve\/atualidade\/12\/02\/#breadcrumb","itemListElement":[{"@type":"ListItem","position":1,"name":"In\u00edcio","item":"https:\/\/algarve7.pt\/"},{"@type":"ListItem","position":2,"name":"Apresenta\u00e7\u00e3o do Polo Tecnol\u00f3gico CELERATOR no Aut\u00f3dromo Internacional do Algarve"}]},{"@type":"WebSite","@id":"https:\/\/algarve7.pt\/#website","url":"https:\/\/algarve7.pt\/","name":"Algarve 7","description":"Informa\u00e7\u00e3o sobre o Algarve","publisher":{"@id":"https:\/\/algarve7.pt\/#organization"},"potentialAction":[{"@type":"SearchAction","target":{"@type":"EntryPoint","urlTemplate":"https:\/\/algarve7.pt\/?s={search_term_string}"},"query-input":{"@type":"PropertyValueSpecification","valueRequired":true,"valueName":"search_term_string"}}],"inLanguage":"pt-PT"},{"@type":"Organization","@id":"https:\/\/algarve7.pt\/#organization","name":"Algarve 7","url":"https:\/\/algarve7.pt\/","logo":{"@type":"ImageObject","inLanguage":"pt-PT","@id":"https:\/\/algarve7.pt\/#\/schema\/logo\/image\/","url":"https:\/\/algarve7.pt\/wp-content\/uploads\/2020\/10\/Logo-8.jpg","contentUrl":"https:\/\/algarve7.pt\/wp-content\/uploads\/2020\/10\/Logo-8.jpg","width":1680,"height":1186,"caption":"Algarve 7"},"image":{"@id":"https:\/\/algarve7.pt\/#\/schema\/logo\/image\/"},"sameAs":["https:\/\/www.facebook.com\/algarve7","https:\/\/x.com\/Algarvesete","https:\/\/www.instagram.com\/jornalalgarve7\/","https:\/\/www.linkedin.com\/company\/algarve7","https:\/\/www.pinterest.pt\/geral0939\/_created\/"]},{"@type":"Person","@id":"https:\/\/algarve7.pt\/#\/schema\/person\/23fa70681308e7b319a3204bcea45e0c","name":"Algarve 7","sameAs":["https:\/\/algarve7.pt","https:\/\/www.facebook.com\/algarve7"],"url":"https:\/\/algarve7.pt\/index.php\/author\/geralalgarve7-pt\/"}]}},"jetpack_publicize_connections":[],"jetpack_featured_media_url":"https:\/\/algarve7.pt\/wp-content\/uploads\/2022\/08\/Apresentac\u0327a\u0303o-do-Polo-Tecnolo\u0301gico-CELERATOR-125-scaled.jpg","jetpack_shortlink":"https:\/\/wp.me\/pcezmW-5wf","jetpack_sharing_enabled":true,"_links":{"self":[{"href":"https:\/\/algarve7.pt\/index.php\/wp-json\/wp\/v2\/posts\/21219","targetHints":{"allow":["GET"]}}],"collection":[{"href":"https:\/\/algarve7.pt\/index.php\/wp-json\/wp\/v2\/posts"}],"about":[{"href":"https:\/\/algarve7.pt\/index.php\/wp-json\/wp\/v2\/types\/post"}],"author":[{"embeddable":true,"href":"https:\/\/algarve7.pt\/index.php\/wp-json\/wp\/v2\/users\/1"}],"replies":[{"embeddable":true,"href":"https:\/\/algarve7.pt\/index.php\/wp-json\/wp\/v2\/comments?post=21219"}],"version-history":[{"count":0,"href":"https:\/\/algarve7.pt\/index.php\/wp-json\/wp\/v2\/posts\/21219\/revisions"}],"wp:featuredmedia":[{"embeddable":true,"href":"https:\/\/algarve7.pt\/index.php\/wp-json\/wp\/v2\/media\/21220"}],"wp:attachment":[{"href":"https:\/\/algarve7.pt\/index.php\/wp-json\/wp\/v2\/media?parent=21219"}],"wp:term":[{"taxonomy":"category","embeddable":true,"href":"https:\/\/algarve7.pt\/index.php\/wp-json\/wp\/v2\/categories?post=21219"},{"taxonomy":"post_tag","embeddable":true,"href":"https:\/\/algarve7.pt\/index.php\/wp-json\/wp\/v2\/tags?post=21219"}],"curies":[{"name":"wp","href":"https:\/\/api.w.org\/{rel}","templated":true}]}}