{"id":21194,"date":"2022-08-26T10:14:21","date_gmt":"2022-08-26T09:14:21","guid":{"rendered":"https:\/\/algarve7.pt\/?p=21194"},"modified":"2022-08-26T10:14:27","modified_gmt":"2022-08-26T09:14:27","slug":"portimao-reforca-medidas-de-contingencia-para-racionalizar-o-consumo-de-agua","status":"publish","type":"post","link":"https:\/\/algarve7.pt\/index.php\/2022\/08\/portimao-reforca-medidas-de-contingencia-para-racionalizar-o-consumo-de-agua\/ambiente\/10\/14\/","title":{"rendered":"Portim\u00e3o refor\u00e7a medidas de conting\u00eancia para racionalizar o consumo de \u00e1gua"},"content":{"rendered":"\n<p>Face \u00e0 atual situa\u00e7\u00e3o de seca extrema que afeta o pa\u00eds, com particular incid\u00eancia na regi\u00e3o algarvia, o Munic\u00edpio de Portim\u00e3o adotou um importante conjunto de medidas de conting\u00eancia, visando a racionaliza\u00e7\u00e3o de \u00e1gua e o combate ao desperd\u00edcio, com destaque para a redu\u00e7\u00e3o dos per\u00edodos de rega dos espa\u00e7os verdes.<\/p>\n\n\n\n<p>Para o efeito, e para al\u00e9m do refor\u00e7o das a\u00e7\u00f5es de fiscaliza\u00e7\u00e3o aos equipamentos de rega, quer pela autarquia quer por prestadores privados, ser\u00e3o implementados ciclos de rega m\u00ednima que garantam a sobreviv\u00eancia das esp\u00e9cies, os quais decorrer\u00e3o apenas no per\u00edodo noturno, das 23h00 \u00e0s 07h00.<\/p>\n\n\n\n<p>N\u00e3o obstante este refor\u00e7o, a autarquia solicita aos cidad\u00e3os que detetem uma situa\u00e7\u00e3o an\u00f3mala no que diz respeito \u00e0 rega de espa\u00e7os p\u00fablicos ou a perdas de \u00e1gua, que liguem de imediato para o Servi\u00e7o Municipal de Prote\u00e7\u00e3o Civil, atrav\u00e9s do n\u00famero de telefone 808&nbsp;282&nbsp;112.<\/p>\n\n\n\n<p>Quanto aos elementos de \u00e1gua e bicas em espa\u00e7o p\u00fablico, ser\u00e3o restritos ao hor\u00e1rio diurno os tempos de funcionamento e a periodicidade de recarga das fontes, podendo os mesmos ser interrompidos nas situa\u00e7\u00f5es em que se verifiquem consumos disruptivos, pelas equipas de manuten\u00e7\u00e3o encarregues da vigil\u00e2ncia e monitoriza\u00e7\u00e3o da operacionalidade destes elementos de decora\u00e7\u00e3o do espa\u00e7o p\u00fablico.<\/p>\n\n\n\n<p>No \u00e2mbito desta pol\u00edtica, a autarquia procedeu h\u00e1 algumas semanas ao encerramento dos chuveiros de praia e aos lava-p\u00e9s, no sentido de assegurar consumos de \u00e1gua de uma forma estritamente necess\u00e1ria e respons\u00e1vel.<\/p>\n\n\n\n<p>O Munic\u00edpio de Portim\u00e3o continua atento a esta problem\u00e1tica e poder\u00e1 adotar em breve outras medidas conjunturais, sempre devidamente apoiadas por campanhas de sensibiliza\u00e7\u00e3o dirigidas aos mun\u00edcipes.<\/p>\n\n\n\n<p><strong>Op\u00e7\u00e3o por extratos vegetais com menor necessidade de rega<\/strong><\/p>\n\n\n\n<p>Consciente da import\u00e2ncia estrat\u00e9gica que o recurso \u00e1gua possui, desde h\u00e1 alguns anos que o Munic\u00edpio de Portim\u00e3o tem vindo a converter e reformular as tipologias e as esp\u00e9cies presentes nos espa\u00e7os verdes p\u00fablicos, de forma a diminuir os consumos que lhes est\u00e3o associados.<\/p>\n\n\n\n<p>Esta altera\u00e7\u00e3o implicou a supress\u00e3o da rega numa \u00e1rea consider\u00e1vel de espa\u00e7os anteriormente relvados, entretanto considerados disfuncionais, e a altera\u00e7\u00e3o de esp\u00e9cies, que constituem os diferentes extratos vegetais, de forma a refor\u00e7ar a presen\u00e7a de esp\u00e9cies aut\u00f3ctones ou adaptadas ao clima local, as quais apresentam menores necessidades de rega.<\/p>\n\n\n\n<p>Importa referir, a prop\u00f3sito, que est\u00e3o em curso diversas a\u00e7\u00f5es, entre as quais a lavagem de ruas e pavimentos com \u00e1gua n\u00e3o pot\u00e1vel, e o refor\u00e7o da capacidade operacional de repara\u00e7\u00e3o de roturas, atrav\u00e9s de piquete permanente de assist\u00eancia.<\/p>\n\n\n\n<p>A EMARP &#8211; Empresa Municipal de \u00c1guas e Res\u00edduos de Portim\u00e3o procede tamb\u00e9m \u00e0 gest\u00e3o da press\u00e3o dos sistemas de distribui\u00e7\u00e3o, renova\u00e7\u00e3o do parque de contadores, em particular dos grandes consumidores, realiza\u00e7\u00e3o de campanhas de sensibiliza\u00e7\u00e3o e, no que diz respeito ao tarif\u00e1rio, ado\u00e7\u00e3o do segundo escal\u00e3o para consumidores n\u00e3o-dom\u00e9sticos, a partir dos 100m3.<\/p>\n","protected":false},"excerpt":{"rendered":"<p>Face \u00e0 atual situa\u00e7\u00e3o de seca extrema que afeta o pa\u00eds, com particular incid\u00eancia na regi\u00e3o algarvia, o Munic\u00edpio de<\/p>\n","protected":false},"author":1,"featured_media":21195,"comment_status":"closed","ping_status":"open","sticky":false,"template":"","format":"standard","meta":{"colormag_page_container_layout":"default_layout","colormag_page_sidebar_layout":"default_layout","_monsterinsights_skip_tracking":false,"_monsterinsights_sitenote_active":false,"_monsterinsights_sitenote_note":"","_monsterinsights_sitenote_category":0,"jetpack_post_was_ever_published":false,"_jetpack_newsletter_access":"","_jetpack_dont_email_post_to_subs":false,"_jetpack_newsletter_tier_id":0,"_jetpack_memberships_contains_paywalled_content":false,"_jetpack_memberships_contains_paid_content":false,"footnotes":"","jetpack_publicize_message":"","jetpack_publicize_feature_enabled":true,"jetpack_social_post_already_shared":true,"jetpack_social_options":{"image_generator_settings":{"template":"highway","default_image_id":0,"font":"","enabled":false},"version":2}},"categories":[5],"tags":[36,32,72],"class_list":["post-21194","post","type-post","status-publish","format-standard","has-post-thumbnail","hentry","category-ambiente","tag-algarve","tag-ambiente","tag-portimao"],"yoast_head":"<!-- This site is optimized with the Yoast SEO plugin v27.5 - https:\/\/yoast.com\/product\/yoast-seo-wordpress\/ -->\n<title>Portim\u00e3o refor\u00e7a medidas de conting\u00eancia para racionalizar o consumo de \u00e1gua - Algarve 7<\/title>\n<meta name=\"description\" content=\"Portim\u00e3o refor\u00e7a medidas de conting\u00eancia para racionalizar o consumo de \u00e1gua Ambiente\" \/>\n<meta name=\"robots\" content=\"index, follow, max-snippet:-1, max-image-preview:large, max-video-preview:-1\" \/>\n<link rel=\"canonical\" href=\"https:\/\/algarve7.pt\/index.php\/2022\/08\/portimao-reforca-medidas-de-contingencia-para-racionalizar-o-consumo-de-agua\/ambiente\/10\/14\/\" \/>\n<meta property=\"og:locale\" content=\"pt_PT\" \/>\n<meta property=\"og:type\" content=\"article\" \/>\n<meta property=\"og:title\" content=\"Portim\u00e3o refor\u00e7a medidas de conting\u00eancia para racionalizar o consumo de \u00e1gua - Algarve 7\" \/>\n<meta property=\"og:description\" content=\"Portim\u00e3o refor\u00e7a medidas de conting\u00eancia para racionalizar o consumo de \u00e1gua Ambiente\" \/>\n<meta property=\"og:url\" content=\"https:\/\/algarve7.pt\/index.php\/2022\/08\/portimao-reforca-medidas-de-contingencia-para-racionalizar-o-consumo-de-agua\/ambiente\/10\/14\/\" \/>\n<meta property=\"og:site_name\" content=\"Algarve 7\" \/>\n<meta property=\"article:publisher\" content=\"https:\/\/www.facebook.com\/algarve7\" \/>\n<meta property=\"article:author\" content=\"https:\/\/www.facebook.com\/algarve7\" \/>\n<meta property=\"article:published_time\" content=\"2022-08-26T09:14:21+00:00\" \/>\n<meta property=\"article:modified_time\" content=\"2022-08-26T09:14:27+00:00\" \/>\n<meta property=\"og:image\" content=\"https:\/\/algarve7.pt\/wp-content\/uploads\/2022\/08\/Rega-de-espac\u0327os-verdes-em-Portima\u0303o-1.jpg\" \/>\n\t<meta property=\"og:image:width\" content=\"1254\" \/>\n\t<meta property=\"og:image:height\" content=\"1672\" \/>\n\t<meta property=\"og:image:type\" content=\"image\/jpeg\" \/>\n<meta name=\"author\" content=\"Algarve 7\" \/>\n<meta name=\"twitter:card\" content=\"summary_large_image\" \/>\n<meta name=\"twitter:creator\" content=\"@Algarvesete\" \/>\n<meta name=\"twitter:site\" content=\"@Algarvesete\" \/>\n<meta name=\"twitter:label1\" content=\"Escrito por\" \/>\n\t<meta name=\"twitter:data1\" content=\"Algarve 7\" \/>\n\t<meta name=\"twitter:label2\" content=\"Tempo estimado de leitura\" \/>\n\t<meta name=\"twitter:data2\" content=\"3 minutos\" \/>\n<script type=\"application\/ld+json\" class=\"yoast-schema-graph\">{\"@context\":\"https:\\\/\\\/schema.org\",\"@graph\":[{\"@type\":\"Article\",\"@id\":\"https:\\\/\\\/algarve7.pt\\\/index.php\\\/2022\\\/08\\\/portimao-reforca-medidas-de-contingencia-para-racionalizar-o-consumo-de-agua\\\/ambiente\\\/10\\\/14\\\/#article\",\"isPartOf\":{\"@id\":\"https:\\\/\\\/algarve7.pt\\\/index.php\\\/2022\\\/08\\\/portimao-reforca-medidas-de-contingencia-para-racionalizar-o-consumo-de-agua\\\/ambiente\\\/10\\\/14\\\/\"},\"author\":{\"name\":\"Algarve 7\",\"@id\":\"https:\\\/\\\/algarve7.pt\\\/#\\\/schema\\\/person\\\/23fa70681308e7b319a3204bcea45e0c\"},\"headline\":\"Portim\u00e3o refor\u00e7a medidas de conting\u00eancia para racionalizar o consumo de \u00e1gua\",\"datePublished\":\"2022-08-26T09:14:21+00:00\",\"dateModified\":\"2022-08-26T09:14:27+00:00\",\"mainEntityOfPage\":{\"@id\":\"https:\\\/\\\/algarve7.pt\\\/index.php\\\/2022\\\/08\\\/portimao-reforca-medidas-de-contingencia-para-racionalizar-o-consumo-de-agua\\\/ambiente\\\/10\\\/14\\\/\"},\"wordCount\":561,\"publisher\":{\"@id\":\"https:\\\/\\\/algarve7.pt\\\/#organization\"},\"image\":{\"@id\":\"https:\\\/\\\/algarve7.pt\\\/index.php\\\/2022\\\/08\\\/portimao-reforca-medidas-de-contingencia-para-racionalizar-o-consumo-de-agua\\\/ambiente\\\/10\\\/14\\\/#primaryimage\"},\"thumbnailUrl\":\"https:\\\/\\\/algarve7.pt\\\/wp-content\\\/uploads\\\/2022\\\/08\\\/Rega-de-espac\u0327os-verdes-em-Portima\u0303o-1.jpg\",\"keywords\":[\"Algarve\",\"Ambiente\",\"Portim\u00e3o\"],\"articleSection\":[\"Ambiente\"],\"inLanguage\":\"pt-PT\"},{\"@type\":\"WebPage\",\"@id\":\"https:\\\/\\\/algarve7.pt\\\/index.php\\\/2022\\\/08\\\/portimao-reforca-medidas-de-contingencia-para-racionalizar-o-consumo-de-agua\\\/ambiente\\\/10\\\/14\\\/\",\"url\":\"https:\\\/\\\/algarve7.pt\\\/index.php\\\/2022\\\/08\\\/portimao-reforca-medidas-de-contingencia-para-racionalizar-o-consumo-de-agua\\\/ambiente\\\/10\\\/14\\\/\",\"name\":\"Portim\u00e3o refor\u00e7a medidas de conting\u00eancia para racionalizar o consumo de \u00e1gua - Algarve 7\",\"isPartOf\":{\"@id\":\"https:\\\/\\\/algarve7.pt\\\/#website\"},\"primaryImageOfPage\":{\"@id\":\"https:\\\/\\\/algarve7.pt\\\/index.php\\\/2022\\\/08\\\/portimao-reforca-medidas-de-contingencia-para-racionalizar-o-consumo-de-agua\\\/ambiente\\\/10\\\/14\\\/#primaryimage\"},\"image\":{\"@id\":\"https:\\\/\\\/algarve7.pt\\\/index.php\\\/2022\\\/08\\\/portimao-reforca-medidas-de-contingencia-para-racionalizar-o-consumo-de-agua\\\/ambiente\\\/10\\\/14\\\/#primaryimage\"},\"thumbnailUrl\":\"https:\\\/\\\/algarve7.pt\\\/wp-content\\\/uploads\\\/2022\\\/08\\\/Rega-de-espac\u0327os-verdes-em-Portima\u0303o-1.jpg\",\"datePublished\":\"2022-08-26T09:14:21+00:00\",\"dateModified\":\"2022-08-26T09:14:27+00:00\",\"description\":\"Portim\u00e3o refor\u00e7a medidas de conting\u00eancia para racionalizar o consumo de \u00e1gua Ambiente\",\"breadcrumb\":{\"@id\":\"https:\\\/\\\/algarve7.pt\\\/index.php\\\/2022\\\/08\\\/portimao-reforca-medidas-de-contingencia-para-racionalizar-o-consumo-de-agua\\\/ambiente\\\/10\\\/14\\\/#breadcrumb\"},\"inLanguage\":\"pt-PT\",\"potentialAction\":[{\"@type\":\"ReadAction\",\"target\":[\"https:\\\/\\\/algarve7.pt\\\/index.php\\\/2022\\\/08\\\/portimao-reforca-medidas-de-contingencia-para-racionalizar-o-consumo-de-agua\\\/ambiente\\\/10\\\/14\\\/\"]}]},{\"@type\":\"ImageObject\",\"inLanguage\":\"pt-PT\",\"@id\":\"https:\\\/\\\/algarve7.pt\\\/index.php\\\/2022\\\/08\\\/portimao-reforca-medidas-de-contingencia-para-racionalizar-o-consumo-de-agua\\\/ambiente\\\/10\\\/14\\\/#primaryimage\",\"url\":\"https:\\\/\\\/algarve7.pt\\\/wp-content\\\/uploads\\\/2022\\\/08\\\/Rega-de-espac\u0327os-verdes-em-Portima\u0303o-1.jpg\",\"contentUrl\":\"https:\\\/\\\/algarve7.pt\\\/wp-content\\\/uploads\\\/2022\\\/08\\\/Rega-de-espac\u0327os-verdes-em-Portima\u0303o-1.jpg\",\"width\":1254,\"height\":1672},{\"@type\":\"BreadcrumbList\",\"@id\":\"https:\\\/\\\/algarve7.pt\\\/index.php\\\/2022\\\/08\\\/portimao-reforca-medidas-de-contingencia-para-racionalizar-o-consumo-de-agua\\\/ambiente\\\/10\\\/14\\\/#breadcrumb\",\"itemListElement\":[{\"@type\":\"ListItem\",\"position\":1,\"name\":\"In\u00edcio\",\"item\":\"https:\\\/\\\/algarve7.pt\\\/\"},{\"@type\":\"ListItem\",\"position\":2,\"name\":\"Portim\u00e3o refor\u00e7a medidas de conting\u00eancia para racionalizar o consumo de \u00e1gua\"}]},{\"@type\":\"WebSite\",\"@id\":\"https:\\\/\\\/algarve7.pt\\\/#website\",\"url\":\"https:\\\/\\\/algarve7.pt\\\/\",\"name\":\"Algarve 7\",\"description\":\"Informa\u00e7\u00e3o sobre o Algarve\",\"publisher\":{\"@id\":\"https:\\\/\\\/algarve7.pt\\\/#organization\"},\"potentialAction\":[{\"@type\":\"SearchAction\",\"target\":{\"@type\":\"EntryPoint\",\"urlTemplate\":\"https:\\\/\\\/algarve7.pt\\\/?s={search_term_string}\"},\"query-input\":{\"@type\":\"PropertyValueSpecification\",\"valueRequired\":true,\"valueName\":\"search_term_string\"}}],\"inLanguage\":\"pt-PT\"},{\"@type\":\"Organization\",\"@id\":\"https:\\\/\\\/algarve7.pt\\\/#organization\",\"name\":\"Algarve 7\",\"url\":\"https:\\\/\\\/algarve7.pt\\\/\",\"logo\":{\"@type\":\"ImageObject\",\"inLanguage\":\"pt-PT\",\"@id\":\"https:\\\/\\\/algarve7.pt\\\/#\\\/schema\\\/logo\\\/image\\\/\",\"url\":\"https:\\\/\\\/algarve7.pt\\\/wp-content\\\/uploads\\\/2020\\\/10\\\/Logo-8.jpg\",\"contentUrl\":\"https:\\\/\\\/algarve7.pt\\\/wp-content\\\/uploads\\\/2020\\\/10\\\/Logo-8.jpg\",\"width\":1680,\"height\":1186,\"caption\":\"Algarve 7\"},\"image\":{\"@id\":\"https:\\\/\\\/algarve7.pt\\\/#\\\/schema\\\/logo\\\/image\\\/\"},\"sameAs\":[\"https:\\\/\\\/www.facebook.com\\\/algarve7\",\"https:\\\/\\\/x.com\\\/Algarvesete\",\"https:\\\/\\\/www.instagram.com\\\/jornalalgarve7\\\/\",\"https:\\\/\\\/www.linkedin.com\\\/company\\\/algarve7\",\"https:\\\/\\\/www.pinterest.pt\\\/geral0939\\\/_created\\\/\"]},{\"@type\":\"Person\",\"@id\":\"https:\\\/\\\/algarve7.pt\\\/#\\\/schema\\\/person\\\/23fa70681308e7b319a3204bcea45e0c\",\"name\":\"Algarve 7\",\"sameAs\":[\"https:\\\/\\\/algarve7.pt\",\"https:\\\/\\\/www.facebook.com\\\/algarve7\"],\"url\":\"https:\\\/\\\/algarve7.pt\\\/index.php\\\/author\\\/geralalgarve7-pt\\\/\"}]}<\/script>\n<!-- \/ Yoast SEO plugin. -->","yoast_head_json":{"title":"Portim\u00e3o refor\u00e7a medidas de conting\u00eancia para racionalizar o consumo de \u00e1gua - Algarve 7","description":"Portim\u00e3o refor\u00e7a medidas de conting\u00eancia para racionalizar o consumo de \u00e1gua Ambiente","robots":{"index":"index","follow":"follow","max-snippet":"max-snippet:-1","max-image-preview":"max-image-preview:large","max-video-preview":"max-video-preview:-1"},"canonical":"https:\/\/algarve7.pt\/index.php\/2022\/08\/portimao-reforca-medidas-de-contingencia-para-racionalizar-o-consumo-de-agua\/ambiente\/10\/14\/","og_locale":"pt_PT","og_type":"article","og_title":"Portim\u00e3o refor\u00e7a medidas de conting\u00eancia para racionalizar o consumo de \u00e1gua - Algarve 7","og_description":"Portim\u00e3o refor\u00e7a medidas de conting\u00eancia para racionalizar o consumo de \u00e1gua Ambiente","og_url":"https:\/\/algarve7.pt\/index.php\/2022\/08\/portimao-reforca-medidas-de-contingencia-para-racionalizar-o-consumo-de-agua\/ambiente\/10\/14\/","og_site_name":"Algarve 7","article_publisher":"https:\/\/www.facebook.com\/algarve7","article_author":"https:\/\/www.facebook.com\/algarve7","article_published_time":"2022-08-26T09:14:21+00:00","article_modified_time":"2022-08-26T09:14:27+00:00","og_image":[{"width":1254,"height":1672,"url":"https:\/\/algarve7.pt\/wp-content\/uploads\/2022\/08\/Rega-de-espac\u0327os-verdes-em-Portima\u0303o-1.jpg","type":"image\/jpeg"}],"author":"Algarve 7","twitter_card":"summary_large_image","twitter_creator":"@Algarvesete","twitter_site":"@Algarvesete","twitter_misc":{"Escrito por":"Algarve 7","Tempo estimado de leitura":"3 minutos"},"schema":{"@context":"https:\/\/schema.org","@graph":[{"@type":"Article","@id":"https:\/\/algarve7.pt\/index.php\/2022\/08\/portimao-reforca-medidas-de-contingencia-para-racionalizar-o-consumo-de-agua\/ambiente\/10\/14\/#article","isPartOf":{"@id":"https:\/\/algarve7.pt\/index.php\/2022\/08\/portimao-reforca-medidas-de-contingencia-para-racionalizar-o-consumo-de-agua\/ambiente\/10\/14\/"},"author":{"name":"Algarve 7","@id":"https:\/\/algarve7.pt\/#\/schema\/person\/23fa70681308e7b319a3204bcea45e0c"},"headline":"Portim\u00e3o refor\u00e7a medidas de conting\u00eancia para racionalizar o consumo de \u00e1gua","datePublished":"2022-08-26T09:14:21+00:00","dateModified":"2022-08-26T09:14:27+00:00","mainEntityOfPage":{"@id":"https:\/\/algarve7.pt\/index.php\/2022\/08\/portimao-reforca-medidas-de-contingencia-para-racionalizar-o-consumo-de-agua\/ambiente\/10\/14\/"},"wordCount":561,"publisher":{"@id":"https:\/\/algarve7.pt\/#organization"},"image":{"@id":"https:\/\/algarve7.pt\/index.php\/2022\/08\/portimao-reforca-medidas-de-contingencia-para-racionalizar-o-consumo-de-agua\/ambiente\/10\/14\/#primaryimage"},"thumbnailUrl":"https:\/\/algarve7.pt\/wp-content\/uploads\/2022\/08\/Rega-de-espac\u0327os-verdes-em-Portima\u0303o-1.jpg","keywords":["Algarve","Ambiente","Portim\u00e3o"],"articleSection":["Ambiente"],"inLanguage":"pt-PT"},{"@type":"WebPage","@id":"https:\/\/algarve7.pt\/index.php\/2022\/08\/portimao-reforca-medidas-de-contingencia-para-racionalizar-o-consumo-de-agua\/ambiente\/10\/14\/","url":"https:\/\/algarve7.pt\/index.php\/2022\/08\/portimao-reforca-medidas-de-contingencia-para-racionalizar-o-consumo-de-agua\/ambiente\/10\/14\/","name":"Portim\u00e3o refor\u00e7a medidas de conting\u00eancia para racionalizar o consumo de \u00e1gua - Algarve 7","isPartOf":{"@id":"https:\/\/algarve7.pt\/#website"},"primaryImageOfPage":{"@id":"https:\/\/algarve7.pt\/index.php\/2022\/08\/portimao-reforca-medidas-de-contingencia-para-racionalizar-o-consumo-de-agua\/ambiente\/10\/14\/#primaryimage"},"image":{"@id":"https:\/\/algarve7.pt\/index.php\/2022\/08\/portimao-reforca-medidas-de-contingencia-para-racionalizar-o-consumo-de-agua\/ambiente\/10\/14\/#primaryimage"},"thumbnailUrl":"https:\/\/algarve7.pt\/wp-content\/uploads\/2022\/08\/Rega-de-espac\u0327os-verdes-em-Portima\u0303o-1.jpg","datePublished":"2022-08-26T09:14:21+00:00","dateModified":"2022-08-26T09:14:27+00:00","description":"Portim\u00e3o refor\u00e7a medidas de conting\u00eancia para racionalizar o consumo de \u00e1gua Ambiente","breadcrumb":{"@id":"https:\/\/algarve7.pt\/index.php\/2022\/08\/portimao-reforca-medidas-de-contingencia-para-racionalizar-o-consumo-de-agua\/ambiente\/10\/14\/#breadcrumb"},"inLanguage":"pt-PT","potentialAction":[{"@type":"ReadAction","target":["https:\/\/algarve7.pt\/index.php\/2022\/08\/portimao-reforca-medidas-de-contingencia-para-racionalizar-o-consumo-de-agua\/ambiente\/10\/14\/"]}]},{"@type":"ImageObject","inLanguage":"pt-PT","@id":"https:\/\/algarve7.pt\/index.php\/2022\/08\/portimao-reforca-medidas-de-contingencia-para-racionalizar-o-consumo-de-agua\/ambiente\/10\/14\/#primaryimage","url":"https:\/\/algarve7.pt\/wp-content\/uploads\/2022\/08\/Rega-de-espac\u0327os-verdes-em-Portima\u0303o-1.jpg","contentUrl":"https:\/\/algarve7.pt\/wp-content\/uploads\/2022\/08\/Rega-de-espac\u0327os-verdes-em-Portima\u0303o-1.jpg","width":1254,"height":1672},{"@type":"BreadcrumbList","@id":"https:\/\/algarve7.pt\/index.php\/2022\/08\/portimao-reforca-medidas-de-contingencia-para-racionalizar-o-consumo-de-agua\/ambiente\/10\/14\/#breadcrumb","itemListElement":[{"@type":"ListItem","position":1,"name":"In\u00edcio","item":"https:\/\/algarve7.pt\/"},{"@type":"ListItem","position":2,"name":"Portim\u00e3o refor\u00e7a medidas de conting\u00eancia para racionalizar o consumo de \u00e1gua"}]},{"@type":"WebSite","@id":"https:\/\/algarve7.pt\/#website","url":"https:\/\/algarve7.pt\/","name":"Algarve 7","description":"Informa\u00e7\u00e3o sobre o Algarve","publisher":{"@id":"https:\/\/algarve7.pt\/#organization"},"potentialAction":[{"@type":"SearchAction","target":{"@type":"EntryPoint","urlTemplate":"https:\/\/algarve7.pt\/?s={search_term_string}"},"query-input":{"@type":"PropertyValueSpecification","valueRequired":true,"valueName":"search_term_string"}}],"inLanguage":"pt-PT"},{"@type":"Organization","@id":"https:\/\/algarve7.pt\/#organization","name":"Algarve 7","url":"https:\/\/algarve7.pt\/","logo":{"@type":"ImageObject","inLanguage":"pt-PT","@id":"https:\/\/algarve7.pt\/#\/schema\/logo\/image\/","url":"https:\/\/algarve7.pt\/wp-content\/uploads\/2020\/10\/Logo-8.jpg","contentUrl":"https:\/\/algarve7.pt\/wp-content\/uploads\/2020\/10\/Logo-8.jpg","width":1680,"height":1186,"caption":"Algarve 7"},"image":{"@id":"https:\/\/algarve7.pt\/#\/schema\/logo\/image\/"},"sameAs":["https:\/\/www.facebook.com\/algarve7","https:\/\/x.com\/Algarvesete","https:\/\/www.instagram.com\/jornalalgarve7\/","https:\/\/www.linkedin.com\/company\/algarve7","https:\/\/www.pinterest.pt\/geral0939\/_created\/"]},{"@type":"Person","@id":"https:\/\/algarve7.pt\/#\/schema\/person\/23fa70681308e7b319a3204bcea45e0c","name":"Algarve 7","sameAs":["https:\/\/algarve7.pt","https:\/\/www.facebook.com\/algarve7"],"url":"https:\/\/algarve7.pt\/index.php\/author\/geralalgarve7-pt\/"}]}},"jetpack_publicize_connections":[],"jetpack_featured_media_url":"https:\/\/algarve7.pt\/wp-content\/uploads\/2022\/08\/Rega-de-espac\u0327os-verdes-em-Portima\u0303o-1.jpg","jetpack_shortlink":"https:\/\/wp.me\/pcezmW-5vQ","jetpack_sharing_enabled":true,"_links":{"self":[{"href":"https:\/\/algarve7.pt\/index.php\/wp-json\/wp\/v2\/posts\/21194","targetHints":{"allow":["GET"]}}],"collection":[{"href":"https:\/\/algarve7.pt\/index.php\/wp-json\/wp\/v2\/posts"}],"about":[{"href":"https:\/\/algarve7.pt\/index.php\/wp-json\/wp\/v2\/types\/post"}],"author":[{"embeddable":true,"href":"https:\/\/algarve7.pt\/index.php\/wp-json\/wp\/v2\/users\/1"}],"replies":[{"embeddable":true,"href":"https:\/\/algarve7.pt\/index.php\/wp-json\/wp\/v2\/comments?post=21194"}],"version-history":[{"count":0,"href":"https:\/\/algarve7.pt\/index.php\/wp-json\/wp\/v2\/posts\/21194\/revisions"}],"wp:featuredmedia":[{"embeddable":true,"href":"https:\/\/algarve7.pt\/index.php\/wp-json\/wp\/v2\/media\/21195"}],"wp:attachment":[{"href":"https:\/\/algarve7.pt\/index.php\/wp-json\/wp\/v2\/media?parent=21194"}],"wp:term":[{"taxonomy":"category","embeddable":true,"href":"https:\/\/algarve7.pt\/index.php\/wp-json\/wp\/v2\/categories?post=21194"},{"taxonomy":"post_tag","embeddable":true,"href":"https:\/\/algarve7.pt\/index.php\/wp-json\/wp\/v2\/tags?post=21194"}],"curies":[{"name":"wp","href":"https:\/\/api.w.org\/{rel}","templated":true}]}}