{"id":2100,"date":"2020-10-05T12:04:10","date_gmt":"2020-10-05T11:04:10","guid":{"rendered":"https:\/\/algarve7.pt\/?p=2100"},"modified":"2020-10-05T12:04:36","modified_gmt":"2020-10-05T11:04:36","slug":"autoridade-maritima-nacional-auxilia-veleiro-que-se-encontrava-a-deriva-na-ria-formosa-em-olhao","status":"publish","type":"post","link":"https:\/\/algarve7.pt\/index.php\/2020\/10\/autoridade-maritima-nacional-auxilia-veleiro-que-se-encontrava-a-deriva-na-ria-formosa-em-olhao\/atualidade\/12\/04\/","title":{"rendered":"Autoridade Mar\u00edtima Nacional auxilia veleiro que se encontrava \u00e0 deriva na Ria Formosa em Olh\u00e3o"},"content":{"rendered":"\n<p>O Comando-local da Pol\u00edcia Mar\u00edtima e a Esta\u00e7\u00e3o Salva-vidas de Olh\u00e3o prestaram aux\u00edlio, durante a tarde do passado dia 3, a um veleiro de bandeira inglesa que se encontrava \u00e0 deriva, sem tripulantes a bordo, no interior da Ria Formosa, depois de, alegadamente, a embarca\u00e7\u00e3o se ter soltado do local em que se encontrava fundeada. <\/p>\n\n\n\n<p>\u200bO alerta foi recebido pelas 13h20, atrav\u00e9s do Centro de Coordena\u00e7\u00e3o de Busca e Salvamento Mar\u00edtimo de Lisboa (MRCC Lisboa), tendo sido ativados para o local o piquete da Pol\u00edcia Mar\u00edtima e a embarca\u00e7\u00e3o \u201cSR37\u201d da Esta\u00e7\u00e3o Salva-vidas de Olh\u00e3o.<\/p>\n\n\n\n<p>Devido ao vento e \u00e0 corrente que se faziam sentir no local, o veleiro j\u00e1 se encontrava junto \u00e0 sa\u00edda da Barra do Lavajo, entre a ilha da Armona e a ilha da Culatra.<\/p>\n\n\n\n<p>No local, os elementos da Esta\u00e7\u00e3o Salva-vidas de Olh\u00e3o procederam ao reboque do veleiro para o porto de Pesca Artesanal de Olh\u00e3o, por quest\u00f5es de seguran\u00e7a, tendo o Comando-local da Pol\u00edcia Mar\u00edtima de Olh\u00e3o tomado conta da ocorr\u00eancia e desencadeado os procedimentos para contactar o propriet\u00e1rio do veleiro.<\/p>\n","protected":false},"excerpt":{"rendered":"<p>O Comando-local da Pol\u00edcia Mar\u00edtima e a Esta\u00e7\u00e3o Salva-vidas de Olh\u00e3o prestaram aux\u00edlio, durante a tarde do passado dia 3,<\/p>\n","protected":false},"author":1,"featured_media":2101,"comment_status":"closed","ping_status":"open","sticky":false,"template":"","format":"standard","meta":{"colormag_page_container_layout":"default_layout","colormag_page_sidebar_layout":"default_layout","_monsterinsights_skip_tracking":false,"_monsterinsights_sitenote_active":false,"_monsterinsights_sitenote_note":"","_monsterinsights_sitenote_category":0,"jetpack_post_was_ever_published":false,"_jetpack_newsletter_access":"","_jetpack_dont_email_post_to_subs":false,"_jetpack_newsletter_tier_id":0,"_jetpack_memberships_contains_paywalled_content":false,"_jetpack_memberships_contains_paid_content":false,"footnotes":"","jetpack_publicize_message":"","jetpack_publicize_feature_enabled":true,"jetpack_social_post_already_shared":true,"jetpack_social_options":{"image_generator_settings":{"template":"highway","default_image_id":0,"font":"","enabled":false},"version":2}},"categories":[11],"tags":[36,163,37],"class_list":["post-2100","post","type-post","status-publish","format-standard","has-post-thumbnail","hentry","category-atualidade","tag-algarve","tag-autoridade-maritima","tag-olhao"],"yoast_head":"<!-- This site is optimized with the Yoast SEO plugin v27.5 - https:\/\/yoast.com\/product\/yoast-seo-wordpress\/ -->\n<title>Autoridade Mar\u00edtima Nacional auxilia veleiro que se encontrava \u00e0 deriva na Ria Formosa em Olh\u00e3o - Algarve 7<\/title>\n<meta name=\"description\" content=\"Autoridade Mar\u00edtima Nacional auxilia veleiro que se encontrava \u00e0 deriva na Ria Formosa em Olh\u00e3o\" \/>\n<meta name=\"robots\" content=\"index, follow, max-snippet:-1, max-image-preview:large, max-video-preview:-1\" \/>\n<link rel=\"canonical\" href=\"https:\/\/algarve7.pt\/index.php\/2020\/10\/autoridade-maritima-nacional-auxilia-veleiro-que-se-encontrava-a-deriva-na-ria-formosa-em-olhao\/atualidade\/12\/04\/\" \/>\n<meta property=\"og:locale\" content=\"pt_PT\" \/>\n<meta property=\"og:type\" content=\"article\" \/>\n<meta property=\"og:title\" content=\"Autoridade Mar\u00edtima Nacional auxilia veleiro que se encontrava \u00e0 deriva na Ria Formosa em Olh\u00e3o - Algarve 7\" \/>\n<meta property=\"og:description\" content=\"Autoridade Mar\u00edtima Nacional auxilia veleiro que se encontrava \u00e0 deriva na Ria Formosa em Olh\u00e3o\" \/>\n<meta property=\"og:url\" content=\"https:\/\/algarve7.pt\/index.php\/2020\/10\/autoridade-maritima-nacional-auxilia-veleiro-que-se-encontrava-a-deriva-na-ria-formosa-em-olhao\/atualidade\/12\/04\/\" \/>\n<meta property=\"og:site_name\" content=\"Algarve 7\" \/>\n<meta property=\"article:publisher\" content=\"https:\/\/www.facebook.com\/algarve7\" \/>\n<meta property=\"article:author\" content=\"https:\/\/www.facebook.com\/algarve7\" \/>\n<meta property=\"article:published_time\" content=\"2020-10-05T11:04:10+00:00\" \/>\n<meta property=\"article:modified_time\" content=\"2020-10-05T11:04:36+00:00\" \/>\n<meta property=\"og:image\" content=\"https:\/\/algarve7.pt\/wp-content\/uploads\/2020\/10\/propostanoticiaolhao2.jpg\" \/>\n\t<meta property=\"og:image:width\" content=\"1919\" \/>\n\t<meta property=\"og:image:height\" content=\"1440\" \/>\n\t<meta property=\"og:image:type\" content=\"image\/jpeg\" \/>\n<meta name=\"author\" content=\"Algarve 7\" \/>\n<meta name=\"twitter:card\" content=\"summary_large_image\" \/>\n<meta name=\"twitter:creator\" content=\"@Algarvesete\" \/>\n<meta name=\"twitter:site\" content=\"@Algarvesete\" \/>\n<meta name=\"twitter:label1\" content=\"Escrito por\" \/>\n\t<meta name=\"twitter:data1\" content=\"Algarve 7\" \/>\n\t<meta name=\"twitter:label2\" content=\"Tempo estimado de leitura\" \/>\n\t<meta name=\"twitter:data2\" content=\"1 minuto\" \/>\n<script type=\"application\/ld+json\" class=\"yoast-schema-graph\">{\"@context\":\"https:\\\/\\\/schema.org\",\"@graph\":[{\"@type\":\"Article\",\"@id\":\"https:\\\/\\\/algarve7.pt\\\/index.php\\\/2020\\\/10\\\/autoridade-maritima-nacional-auxilia-veleiro-que-se-encontrava-a-deriva-na-ria-formosa-em-olhao\\\/atualidade\\\/12\\\/04\\\/#article\",\"isPartOf\":{\"@id\":\"https:\\\/\\\/algarve7.pt\\\/index.php\\\/2020\\\/10\\\/autoridade-maritima-nacional-auxilia-veleiro-que-se-encontrava-a-deriva-na-ria-formosa-em-olhao\\\/atualidade\\\/12\\\/04\\\/\"},\"author\":{\"name\":\"Algarve 7\",\"@id\":\"https:\\\/\\\/algarve7.pt\\\/#\\\/schema\\\/person\\\/23fa70681308e7b319a3204bcea45e0c\"},\"headline\":\"Autoridade Mar\u00edtima Nacional auxilia veleiro que se encontrava \u00e0 deriva na Ria Formosa em Olh\u00e3o\",\"datePublished\":\"2020-10-05T11:04:10+00:00\",\"dateModified\":\"2020-10-05T11:04:36+00:00\",\"mainEntityOfPage\":{\"@id\":\"https:\\\/\\\/algarve7.pt\\\/index.php\\\/2020\\\/10\\\/autoridade-maritima-nacional-auxilia-veleiro-que-se-encontrava-a-deriva-na-ria-formosa-em-olhao\\\/atualidade\\\/12\\\/04\\\/\"},\"wordCount\":214,\"publisher\":{\"@id\":\"https:\\\/\\\/algarve7.pt\\\/#organization\"},\"image\":{\"@id\":\"https:\\\/\\\/algarve7.pt\\\/index.php\\\/2020\\\/10\\\/autoridade-maritima-nacional-auxilia-veleiro-que-se-encontrava-a-deriva-na-ria-formosa-em-olhao\\\/atualidade\\\/12\\\/04\\\/#primaryimage\"},\"thumbnailUrl\":\"https:\\\/\\\/algarve7.pt\\\/wp-content\\\/uploads\\\/2020\\\/10\\\/propostanoticiaolhao2.jpg\",\"keywords\":[\"Algarve\",\"Autoridade Mar\u00edtima\",\"Olh\u00e3o\"],\"articleSection\":[\"Atualidade\"],\"inLanguage\":\"pt-PT\"},{\"@type\":\"WebPage\",\"@id\":\"https:\\\/\\\/algarve7.pt\\\/index.php\\\/2020\\\/10\\\/autoridade-maritima-nacional-auxilia-veleiro-que-se-encontrava-a-deriva-na-ria-formosa-em-olhao\\\/atualidade\\\/12\\\/04\\\/\",\"url\":\"https:\\\/\\\/algarve7.pt\\\/index.php\\\/2020\\\/10\\\/autoridade-maritima-nacional-auxilia-veleiro-que-se-encontrava-a-deriva-na-ria-formosa-em-olhao\\\/atualidade\\\/12\\\/04\\\/\",\"name\":\"Autoridade Mar\u00edtima Nacional auxilia veleiro que se encontrava \u00e0 deriva na Ria Formosa em Olh\u00e3o - Algarve 7\",\"isPartOf\":{\"@id\":\"https:\\\/\\\/algarve7.pt\\\/#website\"},\"primaryImageOfPage\":{\"@id\":\"https:\\\/\\\/algarve7.pt\\\/index.php\\\/2020\\\/10\\\/autoridade-maritima-nacional-auxilia-veleiro-que-se-encontrava-a-deriva-na-ria-formosa-em-olhao\\\/atualidade\\\/12\\\/04\\\/#primaryimage\"},\"image\":{\"@id\":\"https:\\\/\\\/algarve7.pt\\\/index.php\\\/2020\\\/10\\\/autoridade-maritima-nacional-auxilia-veleiro-que-se-encontrava-a-deriva-na-ria-formosa-em-olhao\\\/atualidade\\\/12\\\/04\\\/#primaryimage\"},\"thumbnailUrl\":\"https:\\\/\\\/algarve7.pt\\\/wp-content\\\/uploads\\\/2020\\\/10\\\/propostanoticiaolhao2.jpg\",\"datePublished\":\"2020-10-05T11:04:10+00:00\",\"dateModified\":\"2020-10-05T11:04:36+00:00\",\"description\":\"Autoridade Mar\u00edtima Nacional auxilia veleiro que se encontrava \u00e0 deriva na Ria Formosa em Olh\u00e3o\",\"breadcrumb\":{\"@id\":\"https:\\\/\\\/algarve7.pt\\\/index.php\\\/2020\\\/10\\\/autoridade-maritima-nacional-auxilia-veleiro-que-se-encontrava-a-deriva-na-ria-formosa-em-olhao\\\/atualidade\\\/12\\\/04\\\/#breadcrumb\"},\"inLanguage\":\"pt-PT\",\"potentialAction\":[{\"@type\":\"ReadAction\",\"target\":[\"https:\\\/\\\/algarve7.pt\\\/index.php\\\/2020\\\/10\\\/autoridade-maritima-nacional-auxilia-veleiro-que-se-encontrava-a-deriva-na-ria-formosa-em-olhao\\\/atualidade\\\/12\\\/04\\\/\"]}]},{\"@type\":\"ImageObject\",\"inLanguage\":\"pt-PT\",\"@id\":\"https:\\\/\\\/algarve7.pt\\\/index.php\\\/2020\\\/10\\\/autoridade-maritima-nacional-auxilia-veleiro-que-se-encontrava-a-deriva-na-ria-formosa-em-olhao\\\/atualidade\\\/12\\\/04\\\/#primaryimage\",\"url\":\"https:\\\/\\\/algarve7.pt\\\/wp-content\\\/uploads\\\/2020\\\/10\\\/propostanoticiaolhao2.jpg\",\"contentUrl\":\"https:\\\/\\\/algarve7.pt\\\/wp-content\\\/uploads\\\/2020\\\/10\\\/propostanoticiaolhao2.jpg\",\"width\":1919,\"height\":1440},{\"@type\":\"BreadcrumbList\",\"@id\":\"https:\\\/\\\/algarve7.pt\\\/index.php\\\/2020\\\/10\\\/autoridade-maritima-nacional-auxilia-veleiro-que-se-encontrava-a-deriva-na-ria-formosa-em-olhao\\\/atualidade\\\/12\\\/04\\\/#breadcrumb\",\"itemListElement\":[{\"@type\":\"ListItem\",\"position\":1,\"name\":\"In\u00edcio\",\"item\":\"https:\\\/\\\/algarve7.pt\\\/\"},{\"@type\":\"ListItem\",\"position\":2,\"name\":\"Autoridade Mar\u00edtima Nacional auxilia veleiro que se encontrava \u00e0 deriva na Ria Formosa em Olh\u00e3o\"}]},{\"@type\":\"WebSite\",\"@id\":\"https:\\\/\\\/algarve7.pt\\\/#website\",\"url\":\"https:\\\/\\\/algarve7.pt\\\/\",\"name\":\"Algarve 7\",\"description\":\"Informa\u00e7\u00e3o sobre o Algarve\",\"publisher\":{\"@id\":\"https:\\\/\\\/algarve7.pt\\\/#organization\"},\"potentialAction\":[{\"@type\":\"SearchAction\",\"target\":{\"@type\":\"EntryPoint\",\"urlTemplate\":\"https:\\\/\\\/algarve7.pt\\\/?s={search_term_string}\"},\"query-input\":{\"@type\":\"PropertyValueSpecification\",\"valueRequired\":true,\"valueName\":\"search_term_string\"}}],\"inLanguage\":\"pt-PT\"},{\"@type\":\"Organization\",\"@id\":\"https:\\\/\\\/algarve7.pt\\\/#organization\",\"name\":\"Algarve 7\",\"url\":\"https:\\\/\\\/algarve7.pt\\\/\",\"logo\":{\"@type\":\"ImageObject\",\"inLanguage\":\"pt-PT\",\"@id\":\"https:\\\/\\\/algarve7.pt\\\/#\\\/schema\\\/logo\\\/image\\\/\",\"url\":\"https:\\\/\\\/algarve7.pt\\\/wp-content\\\/uploads\\\/2020\\\/10\\\/Logo-8.jpg\",\"contentUrl\":\"https:\\\/\\\/algarve7.pt\\\/wp-content\\\/uploads\\\/2020\\\/10\\\/Logo-8.jpg\",\"width\":1680,\"height\":1186,\"caption\":\"Algarve 7\"},\"image\":{\"@id\":\"https:\\\/\\\/algarve7.pt\\\/#\\\/schema\\\/logo\\\/image\\\/\"},\"sameAs\":[\"https:\\\/\\\/www.facebook.com\\\/algarve7\",\"https:\\\/\\\/x.com\\\/Algarvesete\",\"https:\\\/\\\/www.instagram.com\\\/jornalalgarve7\\\/\",\"https:\\\/\\\/www.linkedin.com\\\/company\\\/algarve7\",\"https:\\\/\\\/www.pinterest.pt\\\/geral0939\\\/_created\\\/\"]},{\"@type\":\"Person\",\"@id\":\"https:\\\/\\\/algarve7.pt\\\/#\\\/schema\\\/person\\\/23fa70681308e7b319a3204bcea45e0c\",\"name\":\"Algarve 7\",\"sameAs\":[\"https:\\\/\\\/algarve7.pt\",\"https:\\\/\\\/www.facebook.com\\\/algarve7\"],\"url\":\"https:\\\/\\\/algarve7.pt\\\/index.php\\\/author\\\/geralalgarve7-pt\\\/\"}]}<\/script>\n<!-- \/ Yoast SEO plugin. -->","yoast_head_json":{"title":"Autoridade Mar\u00edtima Nacional auxilia veleiro que se encontrava \u00e0 deriva na Ria Formosa em Olh\u00e3o - Algarve 7","description":"Autoridade Mar\u00edtima Nacional auxilia veleiro que se encontrava \u00e0 deriva na Ria Formosa em Olh\u00e3o","robots":{"index":"index","follow":"follow","max-snippet":"max-snippet:-1","max-image-preview":"max-image-preview:large","max-video-preview":"max-video-preview:-1"},"canonical":"https:\/\/algarve7.pt\/index.php\/2020\/10\/autoridade-maritima-nacional-auxilia-veleiro-que-se-encontrava-a-deriva-na-ria-formosa-em-olhao\/atualidade\/12\/04\/","og_locale":"pt_PT","og_type":"article","og_title":"Autoridade Mar\u00edtima Nacional auxilia veleiro que se encontrava \u00e0 deriva na Ria Formosa em Olh\u00e3o - Algarve 7","og_description":"Autoridade Mar\u00edtima Nacional auxilia veleiro que se encontrava \u00e0 deriva na Ria Formosa em Olh\u00e3o","og_url":"https:\/\/algarve7.pt\/index.php\/2020\/10\/autoridade-maritima-nacional-auxilia-veleiro-que-se-encontrava-a-deriva-na-ria-formosa-em-olhao\/atualidade\/12\/04\/","og_site_name":"Algarve 7","article_publisher":"https:\/\/www.facebook.com\/algarve7","article_author":"https:\/\/www.facebook.com\/algarve7","article_published_time":"2020-10-05T11:04:10+00:00","article_modified_time":"2020-10-05T11:04:36+00:00","og_image":[{"width":1919,"height":1440,"url":"https:\/\/algarve7.pt\/wp-content\/uploads\/2020\/10\/propostanoticiaolhao2.jpg","type":"image\/jpeg"}],"author":"Algarve 7","twitter_card":"summary_large_image","twitter_creator":"@Algarvesete","twitter_site":"@Algarvesete","twitter_misc":{"Escrito por":"Algarve 7","Tempo estimado de leitura":"1 minuto"},"schema":{"@context":"https:\/\/schema.org","@graph":[{"@type":"Article","@id":"https:\/\/algarve7.pt\/index.php\/2020\/10\/autoridade-maritima-nacional-auxilia-veleiro-que-se-encontrava-a-deriva-na-ria-formosa-em-olhao\/atualidade\/12\/04\/#article","isPartOf":{"@id":"https:\/\/algarve7.pt\/index.php\/2020\/10\/autoridade-maritima-nacional-auxilia-veleiro-que-se-encontrava-a-deriva-na-ria-formosa-em-olhao\/atualidade\/12\/04\/"},"author":{"name":"Algarve 7","@id":"https:\/\/algarve7.pt\/#\/schema\/person\/23fa70681308e7b319a3204bcea45e0c"},"headline":"Autoridade Mar\u00edtima Nacional auxilia veleiro que se encontrava \u00e0 deriva na Ria Formosa em Olh\u00e3o","datePublished":"2020-10-05T11:04:10+00:00","dateModified":"2020-10-05T11:04:36+00:00","mainEntityOfPage":{"@id":"https:\/\/algarve7.pt\/index.php\/2020\/10\/autoridade-maritima-nacional-auxilia-veleiro-que-se-encontrava-a-deriva-na-ria-formosa-em-olhao\/atualidade\/12\/04\/"},"wordCount":214,"publisher":{"@id":"https:\/\/algarve7.pt\/#organization"},"image":{"@id":"https:\/\/algarve7.pt\/index.php\/2020\/10\/autoridade-maritima-nacional-auxilia-veleiro-que-se-encontrava-a-deriva-na-ria-formosa-em-olhao\/atualidade\/12\/04\/#primaryimage"},"thumbnailUrl":"https:\/\/algarve7.pt\/wp-content\/uploads\/2020\/10\/propostanoticiaolhao2.jpg","keywords":["Algarve","Autoridade Mar\u00edtima","Olh\u00e3o"],"articleSection":["Atualidade"],"inLanguage":"pt-PT"},{"@type":"WebPage","@id":"https:\/\/algarve7.pt\/index.php\/2020\/10\/autoridade-maritima-nacional-auxilia-veleiro-que-se-encontrava-a-deriva-na-ria-formosa-em-olhao\/atualidade\/12\/04\/","url":"https:\/\/algarve7.pt\/index.php\/2020\/10\/autoridade-maritima-nacional-auxilia-veleiro-que-se-encontrava-a-deriva-na-ria-formosa-em-olhao\/atualidade\/12\/04\/","name":"Autoridade Mar\u00edtima Nacional auxilia veleiro que se encontrava \u00e0 deriva na Ria Formosa em Olh\u00e3o - Algarve 7","isPartOf":{"@id":"https:\/\/algarve7.pt\/#website"},"primaryImageOfPage":{"@id":"https:\/\/algarve7.pt\/index.php\/2020\/10\/autoridade-maritima-nacional-auxilia-veleiro-que-se-encontrava-a-deriva-na-ria-formosa-em-olhao\/atualidade\/12\/04\/#primaryimage"},"image":{"@id":"https:\/\/algarve7.pt\/index.php\/2020\/10\/autoridade-maritima-nacional-auxilia-veleiro-que-se-encontrava-a-deriva-na-ria-formosa-em-olhao\/atualidade\/12\/04\/#primaryimage"},"thumbnailUrl":"https:\/\/algarve7.pt\/wp-content\/uploads\/2020\/10\/propostanoticiaolhao2.jpg","datePublished":"2020-10-05T11:04:10+00:00","dateModified":"2020-10-05T11:04:36+00:00","description":"Autoridade Mar\u00edtima Nacional auxilia veleiro que se encontrava \u00e0 deriva na Ria Formosa em Olh\u00e3o","breadcrumb":{"@id":"https:\/\/algarve7.pt\/index.php\/2020\/10\/autoridade-maritima-nacional-auxilia-veleiro-que-se-encontrava-a-deriva-na-ria-formosa-em-olhao\/atualidade\/12\/04\/#breadcrumb"},"inLanguage":"pt-PT","potentialAction":[{"@type":"ReadAction","target":["https:\/\/algarve7.pt\/index.php\/2020\/10\/autoridade-maritima-nacional-auxilia-veleiro-que-se-encontrava-a-deriva-na-ria-formosa-em-olhao\/atualidade\/12\/04\/"]}]},{"@type":"ImageObject","inLanguage":"pt-PT","@id":"https:\/\/algarve7.pt\/index.php\/2020\/10\/autoridade-maritima-nacional-auxilia-veleiro-que-se-encontrava-a-deriva-na-ria-formosa-em-olhao\/atualidade\/12\/04\/#primaryimage","url":"https:\/\/algarve7.pt\/wp-content\/uploads\/2020\/10\/propostanoticiaolhao2.jpg","contentUrl":"https:\/\/algarve7.pt\/wp-content\/uploads\/2020\/10\/propostanoticiaolhao2.jpg","width":1919,"height":1440},{"@type":"BreadcrumbList","@id":"https:\/\/algarve7.pt\/index.php\/2020\/10\/autoridade-maritima-nacional-auxilia-veleiro-que-se-encontrava-a-deriva-na-ria-formosa-em-olhao\/atualidade\/12\/04\/#breadcrumb","itemListElement":[{"@type":"ListItem","position":1,"name":"In\u00edcio","item":"https:\/\/algarve7.pt\/"},{"@type":"ListItem","position":2,"name":"Autoridade Mar\u00edtima Nacional auxilia veleiro que se encontrava \u00e0 deriva na Ria Formosa em Olh\u00e3o"}]},{"@type":"WebSite","@id":"https:\/\/algarve7.pt\/#website","url":"https:\/\/algarve7.pt\/","name":"Algarve 7","description":"Informa\u00e7\u00e3o sobre o Algarve","publisher":{"@id":"https:\/\/algarve7.pt\/#organization"},"potentialAction":[{"@type":"SearchAction","target":{"@type":"EntryPoint","urlTemplate":"https:\/\/algarve7.pt\/?s={search_term_string}"},"query-input":{"@type":"PropertyValueSpecification","valueRequired":true,"valueName":"search_term_string"}}],"inLanguage":"pt-PT"},{"@type":"Organization","@id":"https:\/\/algarve7.pt\/#organization","name":"Algarve 7","url":"https:\/\/algarve7.pt\/","logo":{"@type":"ImageObject","inLanguage":"pt-PT","@id":"https:\/\/algarve7.pt\/#\/schema\/logo\/image\/","url":"https:\/\/algarve7.pt\/wp-content\/uploads\/2020\/10\/Logo-8.jpg","contentUrl":"https:\/\/algarve7.pt\/wp-content\/uploads\/2020\/10\/Logo-8.jpg","width":1680,"height":1186,"caption":"Algarve 7"},"image":{"@id":"https:\/\/algarve7.pt\/#\/schema\/logo\/image\/"},"sameAs":["https:\/\/www.facebook.com\/algarve7","https:\/\/x.com\/Algarvesete","https:\/\/www.instagram.com\/jornalalgarve7\/","https:\/\/www.linkedin.com\/company\/algarve7","https:\/\/www.pinterest.pt\/geral0939\/_created\/"]},{"@type":"Person","@id":"https:\/\/algarve7.pt\/#\/schema\/person\/23fa70681308e7b319a3204bcea45e0c","name":"Algarve 7","sameAs":["https:\/\/algarve7.pt","https:\/\/www.facebook.com\/algarve7"],"url":"https:\/\/algarve7.pt\/index.php\/author\/geralalgarve7-pt\/"}]}},"jetpack_publicize_connections":[],"jetpack_featured_media_url":"https:\/\/algarve7.pt\/wp-content\/uploads\/2020\/10\/propostanoticiaolhao2.jpg","jetpack_shortlink":"https:\/\/wp.me\/pcezmW-xS","jetpack_sharing_enabled":true,"_links":{"self":[{"href":"https:\/\/algarve7.pt\/index.php\/wp-json\/wp\/v2\/posts\/2100","targetHints":{"allow":["GET"]}}],"collection":[{"href":"https:\/\/algarve7.pt\/index.php\/wp-json\/wp\/v2\/posts"}],"about":[{"href":"https:\/\/algarve7.pt\/index.php\/wp-json\/wp\/v2\/types\/post"}],"author":[{"embeddable":true,"href":"https:\/\/algarve7.pt\/index.php\/wp-json\/wp\/v2\/users\/1"}],"replies":[{"embeddable":true,"href":"https:\/\/algarve7.pt\/index.php\/wp-json\/wp\/v2\/comments?post=2100"}],"version-history":[{"count":0,"href":"https:\/\/algarve7.pt\/index.php\/wp-json\/wp\/v2\/posts\/2100\/revisions"}],"wp:featuredmedia":[{"embeddable":true,"href":"https:\/\/algarve7.pt\/index.php\/wp-json\/wp\/v2\/media\/2101"}],"wp:attachment":[{"href":"https:\/\/algarve7.pt\/index.php\/wp-json\/wp\/v2\/media?parent=2100"}],"wp:term":[{"taxonomy":"category","embeddable":true,"href":"https:\/\/algarve7.pt\/index.php\/wp-json\/wp\/v2\/categories?post=2100"},{"taxonomy":"post_tag","embeddable":true,"href":"https:\/\/algarve7.pt\/index.php\/wp-json\/wp\/v2\/tags?post=2100"}],"curies":[{"name":"wp","href":"https:\/\/api.w.org\/{rel}","templated":true}]}}