{"id":2097,"date":"2020-10-04T17:52:08","date_gmt":"2020-10-04T16:52:08","guid":{"rendered":"https:\/\/algarve7.pt\/?p=2097"},"modified":"2020-10-04T17:52:09","modified_gmt":"2020-10-04T16:52:09","slug":"prazo-para-entrega-de-pedidos-de-reducao-de-imi-em-predios-urbanos-arrendados-decorre-ate-30-de-novembro","status":"publish","type":"post","link":"https:\/\/algarve7.pt\/index.php\/2020\/10\/prazo-para-entrega-de-pedidos-de-reducao-de-imi-em-predios-urbanos-arrendados-decorre-ate-30-de-novembro\/economia\/17\/52\/","title":{"rendered":"Prazo para entrega de pedidos de redu\u00e7\u00e3o de IMI em pr\u00e9dios urbanos arrendados decorre at\u00e9 30 de novembro"},"content":{"rendered":"\n<p>A C\u00e2mara Municipal e a Assembleia Municipal de Lagos aprovaram, respetivamente nas suas reuni\u00f5es ordin\u00e1rias de 16 de setembro e de 29 de setembro, uma redu\u00e7\u00e3o de 20%\u00a0da taxa de IMI a aplicar aos pr\u00e9dios urbanos arrendados exclusivamente para habita\u00e7\u00e3o e localizados na \u00e1rea munic\u00edpio.\u00a0N\u00e3o sendo de aplica\u00e7\u00e3o autom\u00e1tica, torna-se obrigat\u00f3rio que os propriet\u00e1rios interessados em usufruir deste benef\u00edcio fiscal apresentem, at\u00e9 ao pr\u00f3ximo dia 30 de novembro, um requerimento \u00e0 autarquia.<\/p>\n\n\n\n<p>De acordo com o n.\u00ba 7 do artigo 112\u00aa do C\u00f3digo do IMI, &#8220;<em>os munic\u00edpios, mediante delibera\u00e7\u00e3o da assembleia municipal, podem definir \u00e1reas territoriais correspondentes a freguesias ou zonas delimitadas de freguesias e fixar uma redu\u00e7\u00e3o at\u00e9 20% da taxa que vigorar no ano a que respeita o imposto a aplicar aos pr\u00e9dios urbanos arrendados<\/em>&#8220;.<\/p>\n\n\n\n<p>Este benef\u00edcio fiscal para senhorios depende da decis\u00e3o das c\u00e2maras municipais de o aplicarem ou n\u00e3o, assim como o valor da redu\u00e7\u00e3o do IMI, que pode variar entre cada munic\u00edpio, mas n\u00e3o pode ultrapassar os 20%.&nbsp;Para esta redu\u00e7\u00e3o ser aplic\u00e1vel \u00e9 necess\u00e1rio que o im\u00f3vel sujeito ao imposto seja objeto de um&nbsp;<strong>contrato de arrendamento para fins exclusivamente habitacionais<\/strong>, devidamente registado no Servi\u00e7o de Finan\u00e7as da \u00e1rea do pr\u00e9dio em vigor e v\u00e1lido para o ano do benef\u00edcio pretendido.&nbsp;Cabe tamb\u00e9m \u00e0 autarquia decidir se o desconto se aplica em todo o munic\u00edpio, se \u00e9 limitado a algumas freguesias ou se o respetivo valor \u00e9 diferente entre freguesias.<\/p>\n\n\n\n<p>Neste \u00e2mbito, a C\u00e2mara Municipal de Lagos deliberou, na sua reuni\u00e3o de 16 de setembro, aprovar uma redu\u00e7\u00e3o de 20%&nbsp;da taxa a aplicar a pr\u00e9dios urbanos arrendados exclusivamente para habita\u00e7\u00e3o e localizados na \u00e1rea munic\u00edpio de Lagos. Esta proposta mereceu igualmente aprova\u00e7\u00e3o da Assembleia Municipal de Lagos na 2.\u00aa reuni\u00e3o da sess\u00e3o ordin\u00e1ria de setembro, realizada a 29 do passado m\u00eas.<\/p>\n\n\n\n<p>Este benef\u00edcio fiscal n\u00e3o \u00e9 de aplica\u00e7\u00e3o autom\u00e1tica, pelo que cabe aos propriet\u00e1rios apresentar um requerimento \u00e0 autarquia e o benef\u00edcio vigorar\u00e1 para o ano referido no requerimento. Os prazos para apresenta\u00e7\u00e3o dos pedidos de redu\u00e7\u00e3o de IMI s\u00e3o definidos pelas c\u00e2maras municipais, e no caso da C\u00e2mara Municipal de Lagos o prazo fixado decorre at\u00e9 ao pr\u00f3ximo dia 30 de novembro. A comunica\u00e7\u00e3o da redu\u00e7\u00e3o da taxa do IMI \u00e0 Autoridade Tribut\u00e1ria \u00e9 efetuada diretamente pela autarquia at\u00e9 ao dia 31 de dezembro.&nbsp;<\/p>\n\n\n\n<p>Para apresentar o seu requerimento, pode aceder ao impresso&nbsp;<a href=\"http:\/\/cm-lagos.com\/impressos\/Index.asp?id=IF\">aqui<\/a>.<\/p>\n\n\n\n<p>Caso necessite de apoio, por parte do Gabinete do Mun\u00edcipe, no preenchimento e entrega da documenta\u00e7\u00e3o dever\u00e1 agendar previamente uma marca\u00e7\u00e3o para atendimento presencial.<\/p>\n","protected":false},"excerpt":{"rendered":"<p>A C\u00e2mara Municipal e a Assembleia Municipal de Lagos aprovaram, respetivamente nas suas reuni\u00f5es ordin\u00e1rias de 16 de setembro e<\/p>\n","protected":false},"author":1,"featured_media":2098,"comment_status":"closed","ping_status":"open","sticky":false,"template":"","format":"standard","meta":{"colormag_page_container_layout":"default_layout","colormag_page_sidebar_layout":"default_layout","_monsterinsights_skip_tracking":false,"_monsterinsights_sitenote_active":false,"_monsterinsights_sitenote_note":"","_monsterinsights_sitenote_category":0,"jetpack_post_was_ever_published":false,"_jetpack_newsletter_access":"","_jetpack_dont_email_post_to_subs":false,"_jetpack_newsletter_tier_id":0,"_jetpack_memberships_contains_paywalled_content":false,"_jetpack_memberships_contains_paid_content":false,"footnotes":"","jetpack_publicize_message":"","jetpack_publicize_feature_enabled":true,"jetpack_social_post_already_shared":true,"jetpack_social_options":{"image_generator_settings":{"template":"highway","default_image_id":0,"font":"","enabled":false},"version":2}},"categories":[151],"tags":[153,68],"class_list":["post-2097","post","type-post","status-publish","format-standard","has-post-thumbnail","hentry","category-economia","tag-economia","tag-lagos"],"yoast_head":"<!-- This site is optimized with the Yoast SEO plugin v27.5 - https:\/\/yoast.com\/product\/yoast-seo-wordpress\/ -->\n<title>Prazo para entrega de pedidos de redu\u00e7\u00e3o de IMI em pr\u00e9dios urbanos arrendados decorre at\u00e9 30 de novembro - Algarve 7<\/title>\n<meta name=\"description\" content=\"Prazo para entrega de pedidos de redu\u00e7\u00e3o de IMI em pr\u00e9dios urbanos arrendados decorre at\u00e9 30 de novembro\" \/>\n<meta name=\"robots\" content=\"index, follow, max-snippet:-1, max-image-preview:large, max-video-preview:-1\" \/>\n<link rel=\"canonical\" href=\"https:\/\/algarve7.pt\/index.php\/2020\/10\/prazo-para-entrega-de-pedidos-de-reducao-de-imi-em-predios-urbanos-arrendados-decorre-ate-30-de-novembro\/economia\/17\/52\/\" \/>\n<meta property=\"og:locale\" content=\"pt_PT\" \/>\n<meta property=\"og:type\" content=\"article\" \/>\n<meta property=\"og:title\" content=\"Prazo para entrega de pedidos de redu\u00e7\u00e3o de IMI em pr\u00e9dios urbanos arrendados decorre at\u00e9 30 de novembro - Algarve 7\" \/>\n<meta property=\"og:description\" content=\"Prazo para entrega de pedidos de redu\u00e7\u00e3o de IMI em pr\u00e9dios urbanos arrendados decorre at\u00e9 30 de novembro\" \/>\n<meta property=\"og:url\" content=\"https:\/\/algarve7.pt\/index.php\/2020\/10\/prazo-para-entrega-de-pedidos-de-reducao-de-imi-em-predios-urbanos-arrendados-decorre-ate-30-de-novembro\/economia\/17\/52\/\" \/>\n<meta property=\"og:site_name\" content=\"Algarve 7\" \/>\n<meta property=\"article:publisher\" content=\"https:\/\/www.facebook.com\/algarve7\" \/>\n<meta property=\"article:author\" content=\"https:\/\/www.facebook.com\/algarve7\" \/>\n<meta property=\"article:published_time\" content=\"2020-10-04T16:52:08+00:00\" \/>\n<meta property=\"article:modified_time\" content=\"2020-10-04T16:52:09+00:00\" \/>\n<meta property=\"og:image\" content=\"https:\/\/algarve7.pt\/wp-content\/uploads\/2020\/10\/Edificio-Pacos-do-Concelho-Sec-XXI-5-OCS.jpg\" \/>\n\t<meta property=\"og:image:width\" content=\"1200\" \/>\n\t<meta property=\"og:image:height\" content=\"786\" \/>\n\t<meta property=\"og:image:type\" content=\"image\/jpeg\" \/>\n<meta name=\"author\" content=\"Algarve 7\" \/>\n<meta name=\"twitter:card\" content=\"summary_large_image\" \/>\n<meta name=\"twitter:creator\" content=\"@Algarvesete\" \/>\n<meta name=\"twitter:site\" content=\"@Algarvesete\" \/>\n<meta name=\"twitter:label1\" content=\"Escrito por\" \/>\n\t<meta name=\"twitter:data1\" content=\"Algarve 7\" \/>\n\t<meta name=\"twitter:label2\" content=\"Tempo estimado de leitura\" \/>\n\t<meta name=\"twitter:data2\" content=\"2 minutos\" \/>\n<script type=\"application\/ld+json\" class=\"yoast-schema-graph\">{\"@context\":\"https:\\\/\\\/schema.org\",\"@graph\":[{\"@type\":\"Article\",\"@id\":\"https:\\\/\\\/algarve7.pt\\\/index.php\\\/2020\\\/10\\\/prazo-para-entrega-de-pedidos-de-reducao-de-imi-em-predios-urbanos-arrendados-decorre-ate-30-de-novembro\\\/economia\\\/17\\\/52\\\/#article\",\"isPartOf\":{\"@id\":\"https:\\\/\\\/algarve7.pt\\\/index.php\\\/2020\\\/10\\\/prazo-para-entrega-de-pedidos-de-reducao-de-imi-em-predios-urbanos-arrendados-decorre-ate-30-de-novembro\\\/economia\\\/17\\\/52\\\/\"},\"author\":{\"name\":\"Algarve 7\",\"@id\":\"https:\\\/\\\/algarve7.pt\\\/#\\\/schema\\\/person\\\/23fa70681308e7b319a3204bcea45e0c\"},\"headline\":\"Prazo para entrega de pedidos de redu\u00e7\u00e3o de IMI em pr\u00e9dios urbanos arrendados decorre at\u00e9 30 de novembro\",\"datePublished\":\"2020-10-04T16:52:08+00:00\",\"dateModified\":\"2020-10-04T16:52:09+00:00\",\"mainEntityOfPage\":{\"@id\":\"https:\\\/\\\/algarve7.pt\\\/index.php\\\/2020\\\/10\\\/prazo-para-entrega-de-pedidos-de-reducao-de-imi-em-predios-urbanos-arrendados-decorre-ate-30-de-novembro\\\/economia\\\/17\\\/52\\\/\"},\"wordCount\":486,\"publisher\":{\"@id\":\"https:\\\/\\\/algarve7.pt\\\/#organization\"},\"image\":{\"@id\":\"https:\\\/\\\/algarve7.pt\\\/index.php\\\/2020\\\/10\\\/prazo-para-entrega-de-pedidos-de-reducao-de-imi-em-predios-urbanos-arrendados-decorre-ate-30-de-novembro\\\/economia\\\/17\\\/52\\\/#primaryimage\"},\"thumbnailUrl\":\"https:\\\/\\\/algarve7.pt\\\/wp-content\\\/uploads\\\/2020\\\/10\\\/Edificio-Pacos-do-Concelho-Sec-XXI-5-OCS.jpg\",\"keywords\":[\"Economia\",\"Lagos\"],\"articleSection\":[\"Economia\"],\"inLanguage\":\"pt-PT\"},{\"@type\":\"WebPage\",\"@id\":\"https:\\\/\\\/algarve7.pt\\\/index.php\\\/2020\\\/10\\\/prazo-para-entrega-de-pedidos-de-reducao-de-imi-em-predios-urbanos-arrendados-decorre-ate-30-de-novembro\\\/economia\\\/17\\\/52\\\/\",\"url\":\"https:\\\/\\\/algarve7.pt\\\/index.php\\\/2020\\\/10\\\/prazo-para-entrega-de-pedidos-de-reducao-de-imi-em-predios-urbanos-arrendados-decorre-ate-30-de-novembro\\\/economia\\\/17\\\/52\\\/\",\"name\":\"Prazo para entrega de pedidos de redu\u00e7\u00e3o de IMI em pr\u00e9dios urbanos arrendados decorre at\u00e9 30 de novembro - Algarve 7\",\"isPartOf\":{\"@id\":\"https:\\\/\\\/algarve7.pt\\\/#website\"},\"primaryImageOfPage\":{\"@id\":\"https:\\\/\\\/algarve7.pt\\\/index.php\\\/2020\\\/10\\\/prazo-para-entrega-de-pedidos-de-reducao-de-imi-em-predios-urbanos-arrendados-decorre-ate-30-de-novembro\\\/economia\\\/17\\\/52\\\/#primaryimage\"},\"image\":{\"@id\":\"https:\\\/\\\/algarve7.pt\\\/index.php\\\/2020\\\/10\\\/prazo-para-entrega-de-pedidos-de-reducao-de-imi-em-predios-urbanos-arrendados-decorre-ate-30-de-novembro\\\/economia\\\/17\\\/52\\\/#primaryimage\"},\"thumbnailUrl\":\"https:\\\/\\\/algarve7.pt\\\/wp-content\\\/uploads\\\/2020\\\/10\\\/Edificio-Pacos-do-Concelho-Sec-XXI-5-OCS.jpg\",\"datePublished\":\"2020-10-04T16:52:08+00:00\",\"dateModified\":\"2020-10-04T16:52:09+00:00\",\"description\":\"Prazo para entrega de pedidos de redu\u00e7\u00e3o de IMI em pr\u00e9dios urbanos arrendados decorre at\u00e9 30 de novembro\",\"breadcrumb\":{\"@id\":\"https:\\\/\\\/algarve7.pt\\\/index.php\\\/2020\\\/10\\\/prazo-para-entrega-de-pedidos-de-reducao-de-imi-em-predios-urbanos-arrendados-decorre-ate-30-de-novembro\\\/economia\\\/17\\\/52\\\/#breadcrumb\"},\"inLanguage\":\"pt-PT\",\"potentialAction\":[{\"@type\":\"ReadAction\",\"target\":[\"https:\\\/\\\/algarve7.pt\\\/index.php\\\/2020\\\/10\\\/prazo-para-entrega-de-pedidos-de-reducao-de-imi-em-predios-urbanos-arrendados-decorre-ate-30-de-novembro\\\/economia\\\/17\\\/52\\\/\"]}]},{\"@type\":\"ImageObject\",\"inLanguage\":\"pt-PT\",\"@id\":\"https:\\\/\\\/algarve7.pt\\\/index.php\\\/2020\\\/10\\\/prazo-para-entrega-de-pedidos-de-reducao-de-imi-em-predios-urbanos-arrendados-decorre-ate-30-de-novembro\\\/economia\\\/17\\\/52\\\/#primaryimage\",\"url\":\"https:\\\/\\\/algarve7.pt\\\/wp-content\\\/uploads\\\/2020\\\/10\\\/Edificio-Pacos-do-Concelho-Sec-XXI-5-OCS.jpg\",\"contentUrl\":\"https:\\\/\\\/algarve7.pt\\\/wp-content\\\/uploads\\\/2020\\\/10\\\/Edificio-Pacos-do-Concelho-Sec-XXI-5-OCS.jpg\",\"width\":1200,\"height\":786},{\"@type\":\"BreadcrumbList\",\"@id\":\"https:\\\/\\\/algarve7.pt\\\/index.php\\\/2020\\\/10\\\/prazo-para-entrega-de-pedidos-de-reducao-de-imi-em-predios-urbanos-arrendados-decorre-ate-30-de-novembro\\\/economia\\\/17\\\/52\\\/#breadcrumb\",\"itemListElement\":[{\"@type\":\"ListItem\",\"position\":1,\"name\":\"In\u00edcio\",\"item\":\"https:\\\/\\\/algarve7.pt\\\/\"},{\"@type\":\"ListItem\",\"position\":2,\"name\":\"Prazo para entrega de pedidos de redu\u00e7\u00e3o de IMI em pr\u00e9dios urbanos arrendados decorre at\u00e9 30 de novembro\"}]},{\"@type\":\"WebSite\",\"@id\":\"https:\\\/\\\/algarve7.pt\\\/#website\",\"url\":\"https:\\\/\\\/algarve7.pt\\\/\",\"name\":\"Algarve 7\",\"description\":\"Informa\u00e7\u00e3o sobre o Algarve\",\"publisher\":{\"@id\":\"https:\\\/\\\/algarve7.pt\\\/#organization\"},\"potentialAction\":[{\"@type\":\"SearchAction\",\"target\":{\"@type\":\"EntryPoint\",\"urlTemplate\":\"https:\\\/\\\/algarve7.pt\\\/?s={search_term_string}\"},\"query-input\":{\"@type\":\"PropertyValueSpecification\",\"valueRequired\":true,\"valueName\":\"search_term_string\"}}],\"inLanguage\":\"pt-PT\"},{\"@type\":\"Organization\",\"@id\":\"https:\\\/\\\/algarve7.pt\\\/#organization\",\"name\":\"Algarve 7\",\"url\":\"https:\\\/\\\/algarve7.pt\\\/\",\"logo\":{\"@type\":\"ImageObject\",\"inLanguage\":\"pt-PT\",\"@id\":\"https:\\\/\\\/algarve7.pt\\\/#\\\/schema\\\/logo\\\/image\\\/\",\"url\":\"https:\\\/\\\/algarve7.pt\\\/wp-content\\\/uploads\\\/2020\\\/10\\\/Logo-8.jpg\",\"contentUrl\":\"https:\\\/\\\/algarve7.pt\\\/wp-content\\\/uploads\\\/2020\\\/10\\\/Logo-8.jpg\",\"width\":1680,\"height\":1186,\"caption\":\"Algarve 7\"},\"image\":{\"@id\":\"https:\\\/\\\/algarve7.pt\\\/#\\\/schema\\\/logo\\\/image\\\/\"},\"sameAs\":[\"https:\\\/\\\/www.facebook.com\\\/algarve7\",\"https:\\\/\\\/x.com\\\/Algarvesete\",\"https:\\\/\\\/www.instagram.com\\\/jornalalgarve7\\\/\",\"https:\\\/\\\/www.linkedin.com\\\/company\\\/algarve7\",\"https:\\\/\\\/www.pinterest.pt\\\/geral0939\\\/_created\\\/\"]},{\"@type\":\"Person\",\"@id\":\"https:\\\/\\\/algarve7.pt\\\/#\\\/schema\\\/person\\\/23fa70681308e7b319a3204bcea45e0c\",\"name\":\"Algarve 7\",\"sameAs\":[\"https:\\\/\\\/algarve7.pt\",\"https:\\\/\\\/www.facebook.com\\\/algarve7\"],\"url\":\"https:\\\/\\\/algarve7.pt\\\/index.php\\\/author\\\/geralalgarve7-pt\\\/\"}]}<\/script>\n<!-- \/ Yoast SEO plugin. -->","yoast_head_json":{"title":"Prazo para entrega de pedidos de redu\u00e7\u00e3o de IMI em pr\u00e9dios urbanos arrendados decorre at\u00e9 30 de novembro - Algarve 7","description":"Prazo para entrega de pedidos de redu\u00e7\u00e3o de IMI em pr\u00e9dios urbanos arrendados decorre at\u00e9 30 de novembro","robots":{"index":"index","follow":"follow","max-snippet":"max-snippet:-1","max-image-preview":"max-image-preview:large","max-video-preview":"max-video-preview:-1"},"canonical":"https:\/\/algarve7.pt\/index.php\/2020\/10\/prazo-para-entrega-de-pedidos-de-reducao-de-imi-em-predios-urbanos-arrendados-decorre-ate-30-de-novembro\/economia\/17\/52\/","og_locale":"pt_PT","og_type":"article","og_title":"Prazo para entrega de pedidos de redu\u00e7\u00e3o de IMI em pr\u00e9dios urbanos arrendados decorre at\u00e9 30 de novembro - Algarve 7","og_description":"Prazo para entrega de pedidos de redu\u00e7\u00e3o de IMI em pr\u00e9dios urbanos arrendados decorre at\u00e9 30 de novembro","og_url":"https:\/\/algarve7.pt\/index.php\/2020\/10\/prazo-para-entrega-de-pedidos-de-reducao-de-imi-em-predios-urbanos-arrendados-decorre-ate-30-de-novembro\/economia\/17\/52\/","og_site_name":"Algarve 7","article_publisher":"https:\/\/www.facebook.com\/algarve7","article_author":"https:\/\/www.facebook.com\/algarve7","article_published_time":"2020-10-04T16:52:08+00:00","article_modified_time":"2020-10-04T16:52:09+00:00","og_image":[{"width":1200,"height":786,"url":"https:\/\/algarve7.pt\/wp-content\/uploads\/2020\/10\/Edificio-Pacos-do-Concelho-Sec-XXI-5-OCS.jpg","type":"image\/jpeg"}],"author":"Algarve 7","twitter_card":"summary_large_image","twitter_creator":"@Algarvesete","twitter_site":"@Algarvesete","twitter_misc":{"Escrito por":"Algarve 7","Tempo estimado de leitura":"2 minutos"},"schema":{"@context":"https:\/\/schema.org","@graph":[{"@type":"Article","@id":"https:\/\/algarve7.pt\/index.php\/2020\/10\/prazo-para-entrega-de-pedidos-de-reducao-de-imi-em-predios-urbanos-arrendados-decorre-ate-30-de-novembro\/economia\/17\/52\/#article","isPartOf":{"@id":"https:\/\/algarve7.pt\/index.php\/2020\/10\/prazo-para-entrega-de-pedidos-de-reducao-de-imi-em-predios-urbanos-arrendados-decorre-ate-30-de-novembro\/economia\/17\/52\/"},"author":{"name":"Algarve 7","@id":"https:\/\/algarve7.pt\/#\/schema\/person\/23fa70681308e7b319a3204bcea45e0c"},"headline":"Prazo para entrega de pedidos de redu\u00e7\u00e3o de IMI em pr\u00e9dios urbanos arrendados decorre at\u00e9 30 de novembro","datePublished":"2020-10-04T16:52:08+00:00","dateModified":"2020-10-04T16:52:09+00:00","mainEntityOfPage":{"@id":"https:\/\/algarve7.pt\/index.php\/2020\/10\/prazo-para-entrega-de-pedidos-de-reducao-de-imi-em-predios-urbanos-arrendados-decorre-ate-30-de-novembro\/economia\/17\/52\/"},"wordCount":486,"publisher":{"@id":"https:\/\/algarve7.pt\/#organization"},"image":{"@id":"https:\/\/algarve7.pt\/index.php\/2020\/10\/prazo-para-entrega-de-pedidos-de-reducao-de-imi-em-predios-urbanos-arrendados-decorre-ate-30-de-novembro\/economia\/17\/52\/#primaryimage"},"thumbnailUrl":"https:\/\/algarve7.pt\/wp-content\/uploads\/2020\/10\/Edificio-Pacos-do-Concelho-Sec-XXI-5-OCS.jpg","keywords":["Economia","Lagos"],"articleSection":["Economia"],"inLanguage":"pt-PT"},{"@type":"WebPage","@id":"https:\/\/algarve7.pt\/index.php\/2020\/10\/prazo-para-entrega-de-pedidos-de-reducao-de-imi-em-predios-urbanos-arrendados-decorre-ate-30-de-novembro\/economia\/17\/52\/","url":"https:\/\/algarve7.pt\/index.php\/2020\/10\/prazo-para-entrega-de-pedidos-de-reducao-de-imi-em-predios-urbanos-arrendados-decorre-ate-30-de-novembro\/economia\/17\/52\/","name":"Prazo para entrega de pedidos de redu\u00e7\u00e3o de IMI em pr\u00e9dios urbanos arrendados decorre at\u00e9 30 de novembro - Algarve 7","isPartOf":{"@id":"https:\/\/algarve7.pt\/#website"},"primaryImageOfPage":{"@id":"https:\/\/algarve7.pt\/index.php\/2020\/10\/prazo-para-entrega-de-pedidos-de-reducao-de-imi-em-predios-urbanos-arrendados-decorre-ate-30-de-novembro\/economia\/17\/52\/#primaryimage"},"image":{"@id":"https:\/\/algarve7.pt\/index.php\/2020\/10\/prazo-para-entrega-de-pedidos-de-reducao-de-imi-em-predios-urbanos-arrendados-decorre-ate-30-de-novembro\/economia\/17\/52\/#primaryimage"},"thumbnailUrl":"https:\/\/algarve7.pt\/wp-content\/uploads\/2020\/10\/Edificio-Pacos-do-Concelho-Sec-XXI-5-OCS.jpg","datePublished":"2020-10-04T16:52:08+00:00","dateModified":"2020-10-04T16:52:09+00:00","description":"Prazo para entrega de pedidos de redu\u00e7\u00e3o de IMI em pr\u00e9dios urbanos arrendados decorre at\u00e9 30 de novembro","breadcrumb":{"@id":"https:\/\/algarve7.pt\/index.php\/2020\/10\/prazo-para-entrega-de-pedidos-de-reducao-de-imi-em-predios-urbanos-arrendados-decorre-ate-30-de-novembro\/economia\/17\/52\/#breadcrumb"},"inLanguage":"pt-PT","potentialAction":[{"@type":"ReadAction","target":["https:\/\/algarve7.pt\/index.php\/2020\/10\/prazo-para-entrega-de-pedidos-de-reducao-de-imi-em-predios-urbanos-arrendados-decorre-ate-30-de-novembro\/economia\/17\/52\/"]}]},{"@type":"ImageObject","inLanguage":"pt-PT","@id":"https:\/\/algarve7.pt\/index.php\/2020\/10\/prazo-para-entrega-de-pedidos-de-reducao-de-imi-em-predios-urbanos-arrendados-decorre-ate-30-de-novembro\/economia\/17\/52\/#primaryimage","url":"https:\/\/algarve7.pt\/wp-content\/uploads\/2020\/10\/Edificio-Pacos-do-Concelho-Sec-XXI-5-OCS.jpg","contentUrl":"https:\/\/algarve7.pt\/wp-content\/uploads\/2020\/10\/Edificio-Pacos-do-Concelho-Sec-XXI-5-OCS.jpg","width":1200,"height":786},{"@type":"BreadcrumbList","@id":"https:\/\/algarve7.pt\/index.php\/2020\/10\/prazo-para-entrega-de-pedidos-de-reducao-de-imi-em-predios-urbanos-arrendados-decorre-ate-30-de-novembro\/economia\/17\/52\/#breadcrumb","itemListElement":[{"@type":"ListItem","position":1,"name":"In\u00edcio","item":"https:\/\/algarve7.pt\/"},{"@type":"ListItem","position":2,"name":"Prazo para entrega de pedidos de redu\u00e7\u00e3o de IMI em pr\u00e9dios urbanos arrendados decorre at\u00e9 30 de novembro"}]},{"@type":"WebSite","@id":"https:\/\/algarve7.pt\/#website","url":"https:\/\/algarve7.pt\/","name":"Algarve 7","description":"Informa\u00e7\u00e3o sobre o Algarve","publisher":{"@id":"https:\/\/algarve7.pt\/#organization"},"potentialAction":[{"@type":"SearchAction","target":{"@type":"EntryPoint","urlTemplate":"https:\/\/algarve7.pt\/?s={search_term_string}"},"query-input":{"@type":"PropertyValueSpecification","valueRequired":true,"valueName":"search_term_string"}}],"inLanguage":"pt-PT"},{"@type":"Organization","@id":"https:\/\/algarve7.pt\/#organization","name":"Algarve 7","url":"https:\/\/algarve7.pt\/","logo":{"@type":"ImageObject","inLanguage":"pt-PT","@id":"https:\/\/algarve7.pt\/#\/schema\/logo\/image\/","url":"https:\/\/algarve7.pt\/wp-content\/uploads\/2020\/10\/Logo-8.jpg","contentUrl":"https:\/\/algarve7.pt\/wp-content\/uploads\/2020\/10\/Logo-8.jpg","width":1680,"height":1186,"caption":"Algarve 7"},"image":{"@id":"https:\/\/algarve7.pt\/#\/schema\/logo\/image\/"},"sameAs":["https:\/\/www.facebook.com\/algarve7","https:\/\/x.com\/Algarvesete","https:\/\/www.instagram.com\/jornalalgarve7\/","https:\/\/www.linkedin.com\/company\/algarve7","https:\/\/www.pinterest.pt\/geral0939\/_created\/"]},{"@type":"Person","@id":"https:\/\/algarve7.pt\/#\/schema\/person\/23fa70681308e7b319a3204bcea45e0c","name":"Algarve 7","sameAs":["https:\/\/algarve7.pt","https:\/\/www.facebook.com\/algarve7"],"url":"https:\/\/algarve7.pt\/index.php\/author\/geralalgarve7-pt\/"}]}},"jetpack_publicize_connections":[],"jetpack_featured_media_url":"https:\/\/algarve7.pt\/wp-content\/uploads\/2020\/10\/Edificio-Pacos-do-Concelho-Sec-XXI-5-OCS.jpg","jetpack_shortlink":"https:\/\/wp.me\/pcezmW-xP","jetpack_sharing_enabled":true,"_links":{"self":[{"href":"https:\/\/algarve7.pt\/index.php\/wp-json\/wp\/v2\/posts\/2097","targetHints":{"allow":["GET"]}}],"collection":[{"href":"https:\/\/algarve7.pt\/index.php\/wp-json\/wp\/v2\/posts"}],"about":[{"href":"https:\/\/algarve7.pt\/index.php\/wp-json\/wp\/v2\/types\/post"}],"author":[{"embeddable":true,"href":"https:\/\/algarve7.pt\/index.php\/wp-json\/wp\/v2\/users\/1"}],"replies":[{"embeddable":true,"href":"https:\/\/algarve7.pt\/index.php\/wp-json\/wp\/v2\/comments?post=2097"}],"version-history":[{"count":0,"href":"https:\/\/algarve7.pt\/index.php\/wp-json\/wp\/v2\/posts\/2097\/revisions"}],"wp:featuredmedia":[{"embeddable":true,"href":"https:\/\/algarve7.pt\/index.php\/wp-json\/wp\/v2\/media\/2098"}],"wp:attachment":[{"href":"https:\/\/algarve7.pt\/index.php\/wp-json\/wp\/v2\/media?parent=2097"}],"wp:term":[{"taxonomy":"category","embeddable":true,"href":"https:\/\/algarve7.pt\/index.php\/wp-json\/wp\/v2\/categories?post=2097"},{"taxonomy":"post_tag","embeddable":true,"href":"https:\/\/algarve7.pt\/index.php\/wp-json\/wp\/v2\/tags?post=2097"}],"curies":[{"name":"wp","href":"https:\/\/api.w.org\/{rel}","templated":true}]}}