{"id":20882,"date":"2022-08-12T16:23:43","date_gmt":"2022-08-12T15:23:43","guid":{"rendered":"https:\/\/algarve7.pt\/?p=20882"},"modified":"2022-08-12T16:23:44","modified_gmt":"2022-08-12T15:23:44","slug":"verao-em-tavira-recebe-dino-d-santiago","status":"publish","type":"post","link":"https:\/\/algarve7.pt\/index.php\/2022\/08\/verao-em-tavira-recebe-dino-d-santiago\/cultura\/16\/23\/","title":{"rendered":"\u201cVer\u00e3o em Tavira\u201d recebe Dino D\u2019 Santiago"},"content":{"rendered":"\n<p>Atua, no dia 17 de agosto, pelas 22h00, no parque do Pal\u00e1cio da Galeria, Dino D\u2019 Santiago.<\/p>\n\n\n\n<p>Natural de Quarteira, Dino \u00e9, hoje, uma voz do mundo e da mistura. Trabalha a tradi\u00e7\u00e3o cabo-verdiana com o peso contempor\u00e2neo da eletr\u00f3nica global, como prova o hino &#8220;Kriolu&#8221; com a colabora\u00e7\u00e3o de Julinho KSD e produ\u00e7\u00e3o de Branko e PEDRO. J\u00e1 pisou palcos como o do Super Bock Super Rock, NOS Primavera Sound (Porto), MED (Loul\u00e9), FMM (Sines), entre muitos outros.<\/p>\n\n\n\n<p>Dino D&#8217;Santiago come\u00e7ou 2020 a estrear &#8220;Kriola&#8221; (Sony). Este disco foi considerado um dos melhores \u00e1lbuns de 2020 por meios como o P\u00fablico, Time Out, Blitz ou Correio da Manh\u00e3 e est\u00e1 tamb\u00e9m para l\u00e1 do panorama nacional, recebendo as mais elogiosas cr\u00edticas dos meios americanos e brasileiros, como da Rolling Stone, do Complex e da Folha de S. Paulo. Recebeu ainda os Pr\u00e9mios Play de Melhor \u00c1lbum, Melhor Artista Masculino e Pr\u00e9mio da Cr\u00edtica.<\/p>\n\n\n\n<p>No final de 2021 editou o seu mais recente \u00e1lbum, \u201cBadiu\u201d, com participa\u00e7\u00f5es de artistas como Branko e Slow J, entre outros. O novo disco, que inclui \u201cLokura\u201d e \u201cEsquinas\u201d, foi j\u00e1 considerado um dos melhores discos de 2021 por v\u00e1rios meios.<\/p>\n\n\n\n<p>Dino D&#8217;Santiago \u00e9, sem d\u00favida, um nome incontorn\u00e1vel da atual m\u00fasica portuguesa.<\/p>\n\n\n\n<p>Bilhete: \u20ac10,00<\/p>\n\n\n\n<p>Os ingressos para os espet\u00e1culos no parque do Pal\u00e1cio da Galeria est\u00e3o \u00e0 venda, no stand de informa\u00e7\u00f5es do Ver\u00e3o em Tavira, situado na Pra\u00e7a da Republica, diariamente, entre as 20h00 e as 23h00, ou na bilheteira do espet\u00e1culo, no dia, e de ter\u00e7a-feira a s\u00e1bado, no Pal\u00e1cio da Galeria, durante o per\u00edodo de abertura ao p\u00fablico.<\/p>\n","protected":false},"excerpt":{"rendered":"<p>Atua, no dia 17 de agosto, pelas 22h00, no parque do Pal\u00e1cio da Galeria, Dino D\u2019 Santiago. Natural de Quarteira,<\/p>\n","protected":false},"author":1,"featured_media":20751,"comment_status":"closed","ping_status":"open","sticky":false,"template":"","format":"standard","meta":{"colormag_page_container_layout":"default_layout","colormag_page_sidebar_layout":"default_layout","_monsterinsights_skip_tracking":false,"_monsterinsights_sitenote_active":false,"_monsterinsights_sitenote_note":"","_monsterinsights_sitenote_category":0,"jetpack_post_was_ever_published":false,"_jetpack_newsletter_access":"","_jetpack_dont_email_post_to_subs":false,"_jetpack_newsletter_tier_id":0,"_jetpack_memberships_contains_paywalled_content":false,"_jetpack_memberships_contains_paid_content":false,"footnotes":"","jetpack_publicize_message":"","jetpack_publicize_feature_enabled":true,"jetpack_social_post_already_shared":true,"jetpack_social_options":{"image_generator_settings":{"template":"highway","default_image_id":0,"font":"","enabled":false},"version":2}},"categories":[14],"tags":[36,52,35,677,54],"class_list":["post-20882","post","type-post","status-publish","format-standard","has-post-thumbnail","hentry","category-cultura","tag-algarve","tag-concerto","tag-cultura","tag-dino-dsantiago","tag-tavira"],"yoast_head":"<!-- This site is optimized with the Yoast SEO plugin v27.5 - https:\/\/yoast.com\/product\/yoast-seo-wordpress\/ -->\n<title>\u201cVer\u00e3o em Tavira\u201d recebe Dino D\u2019 Santiago - Algarve 7<\/title>\n<meta name=\"description\" content=\"\u201cVer\u00e3o em Tavira\u201d recebe Dino D\u2019 Santiago Cultura\" \/>\n<meta name=\"robots\" content=\"index, follow, max-snippet:-1, max-image-preview:large, max-video-preview:-1\" \/>\n<link rel=\"canonical\" href=\"https:\/\/algarve7.pt\/index.php\/2022\/08\/verao-em-tavira-recebe-dino-d-santiago\/cultura\/16\/23\/\" \/>\n<meta property=\"og:locale\" content=\"pt_PT\" \/>\n<meta property=\"og:type\" content=\"article\" \/>\n<meta property=\"og:title\" content=\"\u201cVer\u00e3o em Tavira\u201d recebe Dino D\u2019 Santiago - Algarve 7\" \/>\n<meta property=\"og:description\" content=\"\u201cVer\u00e3o em Tavira\u201d recebe Dino D\u2019 Santiago Cultura\" \/>\n<meta property=\"og:url\" content=\"https:\/\/algarve7.pt\/index.php\/2022\/08\/verao-em-tavira-recebe-dino-d-santiago\/cultura\/16\/23\/\" \/>\n<meta property=\"og:site_name\" content=\"Algarve 7\" \/>\n<meta property=\"article:publisher\" content=\"https:\/\/www.facebook.com\/algarve7\" \/>\n<meta property=\"article:author\" content=\"https:\/\/www.facebook.com\/algarve7\" \/>\n<meta property=\"article:published_time\" content=\"2022-08-12T15:23:43+00:00\" \/>\n<meta property=\"article:modified_time\" content=\"2022-08-12T15:23:44+00:00\" \/>\n<meta property=\"og:image\" content=\"https:\/\/algarve7.pt\/wp-content\/uploads\/2022\/08\/Concerto-Dino-D\u00b4Santiago-Loule\u0301-20-03-2022-76-scaled.jpg\" \/>\n\t<meta property=\"og:image:width\" content=\"2560\" \/>\n\t<meta property=\"og:image:height\" content=\"1707\" \/>\n\t<meta property=\"og:image:type\" content=\"image\/jpeg\" \/>\n<meta name=\"author\" content=\"Algarve 7\" \/>\n<meta name=\"twitter:card\" content=\"summary_large_image\" \/>\n<meta name=\"twitter:creator\" content=\"@Algarvesete\" \/>\n<meta name=\"twitter:site\" content=\"@Algarvesete\" \/>\n<meta name=\"twitter:label1\" content=\"Escrito por\" \/>\n\t<meta name=\"twitter:data1\" content=\"Algarve 7\" \/>\n\t<meta name=\"twitter:label2\" content=\"Tempo estimado de leitura\" \/>\n\t<meta name=\"twitter:data2\" content=\"2 minutos\" \/>\n<script type=\"application\/ld+json\" class=\"yoast-schema-graph\">{\"@context\":\"https:\\\/\\\/schema.org\",\"@graph\":[{\"@type\":\"Article\",\"@id\":\"https:\\\/\\\/algarve7.pt\\\/index.php\\\/2022\\\/08\\\/verao-em-tavira-recebe-dino-d-santiago\\\/cultura\\\/16\\\/23\\\/#article\",\"isPartOf\":{\"@id\":\"https:\\\/\\\/algarve7.pt\\\/index.php\\\/2022\\\/08\\\/verao-em-tavira-recebe-dino-d-santiago\\\/cultura\\\/16\\\/23\\\/\"},\"author\":{\"name\":\"Algarve 7\",\"@id\":\"https:\\\/\\\/algarve7.pt\\\/#\\\/schema\\\/person\\\/23fa70681308e7b319a3204bcea45e0c\"},\"headline\":\"\u201cVer\u00e3o em Tavira\u201d recebe Dino D\u2019 Santiago\",\"datePublished\":\"2022-08-12T15:23:43+00:00\",\"dateModified\":\"2022-08-12T15:23:44+00:00\",\"mainEntityOfPage\":{\"@id\":\"https:\\\/\\\/algarve7.pt\\\/index.php\\\/2022\\\/08\\\/verao-em-tavira-recebe-dino-d-santiago\\\/cultura\\\/16\\\/23\\\/\"},\"wordCount\":298,\"publisher\":{\"@id\":\"https:\\\/\\\/algarve7.pt\\\/#organization\"},\"image\":{\"@id\":\"https:\\\/\\\/algarve7.pt\\\/index.php\\\/2022\\\/08\\\/verao-em-tavira-recebe-dino-d-santiago\\\/cultura\\\/16\\\/23\\\/#primaryimage\"},\"thumbnailUrl\":\"https:\\\/\\\/algarve7.pt\\\/wp-content\\\/uploads\\\/2022\\\/08\\\/Concerto-Dino-D\u00b4Santiago-Loule\u0301-20-03-2022-76-scaled.jpg\",\"keywords\":[\"Algarve\",\"Concerto\",\"Cultura\",\"Dino D\u2019Santiago\",\"Tavira\"],\"articleSection\":[\"Cultura\"],\"inLanguage\":\"pt-PT\"},{\"@type\":\"WebPage\",\"@id\":\"https:\\\/\\\/algarve7.pt\\\/index.php\\\/2022\\\/08\\\/verao-em-tavira-recebe-dino-d-santiago\\\/cultura\\\/16\\\/23\\\/\",\"url\":\"https:\\\/\\\/algarve7.pt\\\/index.php\\\/2022\\\/08\\\/verao-em-tavira-recebe-dino-d-santiago\\\/cultura\\\/16\\\/23\\\/\",\"name\":\"\u201cVer\u00e3o em Tavira\u201d recebe Dino D\u2019 Santiago - Algarve 7\",\"isPartOf\":{\"@id\":\"https:\\\/\\\/algarve7.pt\\\/#website\"},\"primaryImageOfPage\":{\"@id\":\"https:\\\/\\\/algarve7.pt\\\/index.php\\\/2022\\\/08\\\/verao-em-tavira-recebe-dino-d-santiago\\\/cultura\\\/16\\\/23\\\/#primaryimage\"},\"image\":{\"@id\":\"https:\\\/\\\/algarve7.pt\\\/index.php\\\/2022\\\/08\\\/verao-em-tavira-recebe-dino-d-santiago\\\/cultura\\\/16\\\/23\\\/#primaryimage\"},\"thumbnailUrl\":\"https:\\\/\\\/algarve7.pt\\\/wp-content\\\/uploads\\\/2022\\\/08\\\/Concerto-Dino-D\u00b4Santiago-Loule\u0301-20-03-2022-76-scaled.jpg\",\"datePublished\":\"2022-08-12T15:23:43+00:00\",\"dateModified\":\"2022-08-12T15:23:44+00:00\",\"description\":\"\u201cVer\u00e3o em Tavira\u201d recebe Dino D\u2019 Santiago Cultura\",\"breadcrumb\":{\"@id\":\"https:\\\/\\\/algarve7.pt\\\/index.php\\\/2022\\\/08\\\/verao-em-tavira-recebe-dino-d-santiago\\\/cultura\\\/16\\\/23\\\/#breadcrumb\"},\"inLanguage\":\"pt-PT\",\"potentialAction\":[{\"@type\":\"ReadAction\",\"target\":[\"https:\\\/\\\/algarve7.pt\\\/index.php\\\/2022\\\/08\\\/verao-em-tavira-recebe-dino-d-santiago\\\/cultura\\\/16\\\/23\\\/\"]}]},{\"@type\":\"ImageObject\",\"inLanguage\":\"pt-PT\",\"@id\":\"https:\\\/\\\/algarve7.pt\\\/index.php\\\/2022\\\/08\\\/verao-em-tavira-recebe-dino-d-santiago\\\/cultura\\\/16\\\/23\\\/#primaryimage\",\"url\":\"https:\\\/\\\/algarve7.pt\\\/wp-content\\\/uploads\\\/2022\\\/08\\\/Concerto-Dino-D\u00b4Santiago-Loule\u0301-20-03-2022-76-scaled.jpg\",\"contentUrl\":\"https:\\\/\\\/algarve7.pt\\\/wp-content\\\/uploads\\\/2022\\\/08\\\/Concerto-Dino-D\u00b4Santiago-Loule\u0301-20-03-2022-76-scaled.jpg\",\"width\":2560,\"height\":1707},{\"@type\":\"BreadcrumbList\",\"@id\":\"https:\\\/\\\/algarve7.pt\\\/index.php\\\/2022\\\/08\\\/verao-em-tavira-recebe-dino-d-santiago\\\/cultura\\\/16\\\/23\\\/#breadcrumb\",\"itemListElement\":[{\"@type\":\"ListItem\",\"position\":1,\"name\":\"In\u00edcio\",\"item\":\"https:\\\/\\\/algarve7.pt\\\/\"},{\"@type\":\"ListItem\",\"position\":2,\"name\":\"\u201cVer\u00e3o em Tavira\u201d recebe Dino D\u2019 Santiago\"}]},{\"@type\":\"WebSite\",\"@id\":\"https:\\\/\\\/algarve7.pt\\\/#website\",\"url\":\"https:\\\/\\\/algarve7.pt\\\/\",\"name\":\"Algarve 7\",\"description\":\"Informa\u00e7\u00e3o sobre o Algarve\",\"publisher\":{\"@id\":\"https:\\\/\\\/algarve7.pt\\\/#organization\"},\"potentialAction\":[{\"@type\":\"SearchAction\",\"target\":{\"@type\":\"EntryPoint\",\"urlTemplate\":\"https:\\\/\\\/algarve7.pt\\\/?s={search_term_string}\"},\"query-input\":{\"@type\":\"PropertyValueSpecification\",\"valueRequired\":true,\"valueName\":\"search_term_string\"}}],\"inLanguage\":\"pt-PT\"},{\"@type\":\"Organization\",\"@id\":\"https:\\\/\\\/algarve7.pt\\\/#organization\",\"name\":\"Algarve 7\",\"url\":\"https:\\\/\\\/algarve7.pt\\\/\",\"logo\":{\"@type\":\"ImageObject\",\"inLanguage\":\"pt-PT\",\"@id\":\"https:\\\/\\\/algarve7.pt\\\/#\\\/schema\\\/logo\\\/image\\\/\",\"url\":\"https:\\\/\\\/algarve7.pt\\\/wp-content\\\/uploads\\\/2020\\\/10\\\/Logo-8.jpg\",\"contentUrl\":\"https:\\\/\\\/algarve7.pt\\\/wp-content\\\/uploads\\\/2020\\\/10\\\/Logo-8.jpg\",\"width\":1680,\"height\":1186,\"caption\":\"Algarve 7\"},\"image\":{\"@id\":\"https:\\\/\\\/algarve7.pt\\\/#\\\/schema\\\/logo\\\/image\\\/\"},\"sameAs\":[\"https:\\\/\\\/www.facebook.com\\\/algarve7\",\"https:\\\/\\\/x.com\\\/Algarvesete\",\"https:\\\/\\\/www.instagram.com\\\/jornalalgarve7\\\/\",\"https:\\\/\\\/www.linkedin.com\\\/company\\\/algarve7\",\"https:\\\/\\\/www.pinterest.pt\\\/geral0939\\\/_created\\\/\"]},{\"@type\":\"Person\",\"@id\":\"https:\\\/\\\/algarve7.pt\\\/#\\\/schema\\\/person\\\/23fa70681308e7b319a3204bcea45e0c\",\"name\":\"Algarve 7\",\"sameAs\":[\"https:\\\/\\\/algarve7.pt\",\"https:\\\/\\\/www.facebook.com\\\/algarve7\"],\"url\":\"https:\\\/\\\/algarve7.pt\\\/index.php\\\/author\\\/geralalgarve7-pt\\\/\"}]}<\/script>\n<!-- \/ Yoast SEO plugin. -->","yoast_head_json":{"title":"\u201cVer\u00e3o em Tavira\u201d recebe Dino D\u2019 Santiago - Algarve 7","description":"\u201cVer\u00e3o em Tavira\u201d recebe Dino D\u2019 Santiago Cultura","robots":{"index":"index","follow":"follow","max-snippet":"max-snippet:-1","max-image-preview":"max-image-preview:large","max-video-preview":"max-video-preview:-1"},"canonical":"https:\/\/algarve7.pt\/index.php\/2022\/08\/verao-em-tavira-recebe-dino-d-santiago\/cultura\/16\/23\/","og_locale":"pt_PT","og_type":"article","og_title":"\u201cVer\u00e3o em Tavira\u201d recebe Dino D\u2019 Santiago - Algarve 7","og_description":"\u201cVer\u00e3o em Tavira\u201d recebe Dino D\u2019 Santiago Cultura","og_url":"https:\/\/algarve7.pt\/index.php\/2022\/08\/verao-em-tavira-recebe-dino-d-santiago\/cultura\/16\/23\/","og_site_name":"Algarve 7","article_publisher":"https:\/\/www.facebook.com\/algarve7","article_author":"https:\/\/www.facebook.com\/algarve7","article_published_time":"2022-08-12T15:23:43+00:00","article_modified_time":"2022-08-12T15:23:44+00:00","og_image":[{"width":2560,"height":1707,"url":"https:\/\/algarve7.pt\/wp-content\/uploads\/2022\/08\/Concerto-Dino-D\u00b4Santiago-Loule\u0301-20-03-2022-76-scaled.jpg","type":"image\/jpeg"}],"author":"Algarve 7","twitter_card":"summary_large_image","twitter_creator":"@Algarvesete","twitter_site":"@Algarvesete","twitter_misc":{"Escrito por":"Algarve 7","Tempo estimado de leitura":"2 minutos"},"schema":{"@context":"https:\/\/schema.org","@graph":[{"@type":"Article","@id":"https:\/\/algarve7.pt\/index.php\/2022\/08\/verao-em-tavira-recebe-dino-d-santiago\/cultura\/16\/23\/#article","isPartOf":{"@id":"https:\/\/algarve7.pt\/index.php\/2022\/08\/verao-em-tavira-recebe-dino-d-santiago\/cultura\/16\/23\/"},"author":{"name":"Algarve 7","@id":"https:\/\/algarve7.pt\/#\/schema\/person\/23fa70681308e7b319a3204bcea45e0c"},"headline":"\u201cVer\u00e3o em Tavira\u201d recebe Dino D\u2019 Santiago","datePublished":"2022-08-12T15:23:43+00:00","dateModified":"2022-08-12T15:23:44+00:00","mainEntityOfPage":{"@id":"https:\/\/algarve7.pt\/index.php\/2022\/08\/verao-em-tavira-recebe-dino-d-santiago\/cultura\/16\/23\/"},"wordCount":298,"publisher":{"@id":"https:\/\/algarve7.pt\/#organization"},"image":{"@id":"https:\/\/algarve7.pt\/index.php\/2022\/08\/verao-em-tavira-recebe-dino-d-santiago\/cultura\/16\/23\/#primaryimage"},"thumbnailUrl":"https:\/\/algarve7.pt\/wp-content\/uploads\/2022\/08\/Concerto-Dino-D\u00b4Santiago-Loule\u0301-20-03-2022-76-scaled.jpg","keywords":["Algarve","Concerto","Cultura","Dino D\u2019Santiago","Tavira"],"articleSection":["Cultura"],"inLanguage":"pt-PT"},{"@type":"WebPage","@id":"https:\/\/algarve7.pt\/index.php\/2022\/08\/verao-em-tavira-recebe-dino-d-santiago\/cultura\/16\/23\/","url":"https:\/\/algarve7.pt\/index.php\/2022\/08\/verao-em-tavira-recebe-dino-d-santiago\/cultura\/16\/23\/","name":"\u201cVer\u00e3o em Tavira\u201d recebe Dino D\u2019 Santiago - Algarve 7","isPartOf":{"@id":"https:\/\/algarve7.pt\/#website"},"primaryImageOfPage":{"@id":"https:\/\/algarve7.pt\/index.php\/2022\/08\/verao-em-tavira-recebe-dino-d-santiago\/cultura\/16\/23\/#primaryimage"},"image":{"@id":"https:\/\/algarve7.pt\/index.php\/2022\/08\/verao-em-tavira-recebe-dino-d-santiago\/cultura\/16\/23\/#primaryimage"},"thumbnailUrl":"https:\/\/algarve7.pt\/wp-content\/uploads\/2022\/08\/Concerto-Dino-D\u00b4Santiago-Loule\u0301-20-03-2022-76-scaled.jpg","datePublished":"2022-08-12T15:23:43+00:00","dateModified":"2022-08-12T15:23:44+00:00","description":"\u201cVer\u00e3o em Tavira\u201d recebe Dino D\u2019 Santiago Cultura","breadcrumb":{"@id":"https:\/\/algarve7.pt\/index.php\/2022\/08\/verao-em-tavira-recebe-dino-d-santiago\/cultura\/16\/23\/#breadcrumb"},"inLanguage":"pt-PT","potentialAction":[{"@type":"ReadAction","target":["https:\/\/algarve7.pt\/index.php\/2022\/08\/verao-em-tavira-recebe-dino-d-santiago\/cultura\/16\/23\/"]}]},{"@type":"ImageObject","inLanguage":"pt-PT","@id":"https:\/\/algarve7.pt\/index.php\/2022\/08\/verao-em-tavira-recebe-dino-d-santiago\/cultura\/16\/23\/#primaryimage","url":"https:\/\/algarve7.pt\/wp-content\/uploads\/2022\/08\/Concerto-Dino-D\u00b4Santiago-Loule\u0301-20-03-2022-76-scaled.jpg","contentUrl":"https:\/\/algarve7.pt\/wp-content\/uploads\/2022\/08\/Concerto-Dino-D\u00b4Santiago-Loule\u0301-20-03-2022-76-scaled.jpg","width":2560,"height":1707},{"@type":"BreadcrumbList","@id":"https:\/\/algarve7.pt\/index.php\/2022\/08\/verao-em-tavira-recebe-dino-d-santiago\/cultura\/16\/23\/#breadcrumb","itemListElement":[{"@type":"ListItem","position":1,"name":"In\u00edcio","item":"https:\/\/algarve7.pt\/"},{"@type":"ListItem","position":2,"name":"\u201cVer\u00e3o em Tavira\u201d recebe Dino D\u2019 Santiago"}]},{"@type":"WebSite","@id":"https:\/\/algarve7.pt\/#website","url":"https:\/\/algarve7.pt\/","name":"Algarve 7","description":"Informa\u00e7\u00e3o sobre o Algarve","publisher":{"@id":"https:\/\/algarve7.pt\/#organization"},"potentialAction":[{"@type":"SearchAction","target":{"@type":"EntryPoint","urlTemplate":"https:\/\/algarve7.pt\/?s={search_term_string}"},"query-input":{"@type":"PropertyValueSpecification","valueRequired":true,"valueName":"search_term_string"}}],"inLanguage":"pt-PT"},{"@type":"Organization","@id":"https:\/\/algarve7.pt\/#organization","name":"Algarve 7","url":"https:\/\/algarve7.pt\/","logo":{"@type":"ImageObject","inLanguage":"pt-PT","@id":"https:\/\/algarve7.pt\/#\/schema\/logo\/image\/","url":"https:\/\/algarve7.pt\/wp-content\/uploads\/2020\/10\/Logo-8.jpg","contentUrl":"https:\/\/algarve7.pt\/wp-content\/uploads\/2020\/10\/Logo-8.jpg","width":1680,"height":1186,"caption":"Algarve 7"},"image":{"@id":"https:\/\/algarve7.pt\/#\/schema\/logo\/image\/"},"sameAs":["https:\/\/www.facebook.com\/algarve7","https:\/\/x.com\/Algarvesete","https:\/\/www.instagram.com\/jornalalgarve7\/","https:\/\/www.linkedin.com\/company\/algarve7","https:\/\/www.pinterest.pt\/geral0939\/_created\/"]},{"@type":"Person","@id":"https:\/\/algarve7.pt\/#\/schema\/person\/23fa70681308e7b319a3204bcea45e0c","name":"Algarve 7","sameAs":["https:\/\/algarve7.pt","https:\/\/www.facebook.com\/algarve7"],"url":"https:\/\/algarve7.pt\/index.php\/author\/geralalgarve7-pt\/"}]}},"jetpack_publicize_connections":[],"jetpack_featured_media_url":"https:\/\/algarve7.pt\/wp-content\/uploads\/2022\/08\/Concerto-Dino-D\u00b4Santiago-Loule\u0301-20-03-2022-76-scaled.jpg","jetpack_shortlink":"https:\/\/wp.me\/pcezmW-5qO","jetpack_sharing_enabled":true,"_links":{"self":[{"href":"https:\/\/algarve7.pt\/index.php\/wp-json\/wp\/v2\/posts\/20882","targetHints":{"allow":["GET"]}}],"collection":[{"href":"https:\/\/algarve7.pt\/index.php\/wp-json\/wp\/v2\/posts"}],"about":[{"href":"https:\/\/algarve7.pt\/index.php\/wp-json\/wp\/v2\/types\/post"}],"author":[{"embeddable":true,"href":"https:\/\/algarve7.pt\/index.php\/wp-json\/wp\/v2\/users\/1"}],"replies":[{"embeddable":true,"href":"https:\/\/algarve7.pt\/index.php\/wp-json\/wp\/v2\/comments?post=20882"}],"version-history":[{"count":0,"href":"https:\/\/algarve7.pt\/index.php\/wp-json\/wp\/v2\/posts\/20882\/revisions"}],"wp:featuredmedia":[{"embeddable":true,"href":"https:\/\/algarve7.pt\/index.php\/wp-json\/wp\/v2\/media\/20751"}],"wp:attachment":[{"href":"https:\/\/algarve7.pt\/index.php\/wp-json\/wp\/v2\/media?parent=20882"}],"wp:term":[{"taxonomy":"category","embeddable":true,"href":"https:\/\/algarve7.pt\/index.php\/wp-json\/wp\/v2\/categories?post=20882"},{"taxonomy":"post_tag","embeddable":true,"href":"https:\/\/algarve7.pt\/index.php\/wp-json\/wp\/v2\/tags?post=20882"}],"curies":[{"name":"wp","href":"https:\/\/api.w.org\/{rel}","templated":true}]}}