{"id":20761,"date":"2022-08-08T19:03:21","date_gmt":"2022-08-08T18:03:21","guid":{"rendered":"https:\/\/algarve7.pt\/?p=20761"},"modified":"2022-08-08T19:03:22","modified_gmt":"2022-08-08T18:03:22","slug":"calcadas-a-arte-sai-a-rua-volta-ao-centro-historico-de-sao-bras-de-alportel","status":"publish","type":"post","link":"https:\/\/algarve7.pt\/index.php\/2022\/08\/calcadas-a-arte-sai-a-rua-volta-ao-centro-historico-de-sao-bras-de-alportel\/cultura\/19\/03\/","title":{"rendered":"\u201cCal\u00e7adas, A arte sai \u00c0 Rua\u201d volta ao  Centro Hist\u00f3rico de S\u00e3o Br\u00e1s de Alportel"},"content":{"rendered":"\n<p>Este domingo, dia 14, o \u201cCal\u00e7adas, A arte sai \u00c0 Rua\u201d volta a invadir de cultura e anima\u00e7\u00e3o as ruas e ruelas do Centro Hist\u00f3rico de S\u00e3o Br\u00e1s de Alportel.<\/p>\n\n\n\n<p>A partir das 20h00 surpreenda-se por dan\u00e7a, artes pl\u00e1sticas, anima\u00e7\u00e3o de rua, fotografia, literatura, petiscos, Street Food\u2026 e muito mais!<\/p>\n\n\n\n<p>A arte espreita por esquinas e ruelas e convida a uma noite m\u00e1gica, em que se consegue ouvir bater o cora\u00e7\u00e3o da vila! Por aqui e por ali poder\u00e1 encontrar os murais que as anteriores edi\u00e7\u00f5es desta iniciativa foram deixando.<\/p>\n\n\n\n<p>E este ano, a artista pl\u00e1stica Jacqueline de Montaigne estar\u00e1 a trabalhar ao vivo na cria\u00e7\u00e3o de um novo mural, que evoca o feminino&#8230;<\/p>\n\n\n\n<p>Para acompanhar o passeio, n\u00e3o v\u00e3o faltar os petiscos, produtos locais e, claro, muito artesanato para levar consigo originais pe\u00e7as que trazem consigo a mestria do tempo.<\/p>\n\n\n\n<p>O Palco da Vila Adentro vai receber as atua\u00e7\u00f5es de &#8220;Bite The Blue Lemon&#8221; e &#8220;La Plante Mutante&#8221; enquanto o Palco do Adro da Igreja \u00e9 animado pela Escola Municipal de Dan\u00e7a e pelo Grupo de Dan\u00e7a, Urban Xpression, dando lugar ao Fado com Ricardo Martins, Nuno Martins, Arnaldo Santos, Amab\u00e9lio&nbsp; Pereira e Beatriz e ainda pelos animados &#8220;Braza Doirada&#8221;.<\/p>\n\n\n\n<p>Pelo palco \u201c\u00c0 do Cal\u00e7adas\u201d passam os What Billie Whispered (tributo a Billie Holiday) e o DJ Narra.<\/p>\n\n\n\n<p>A Biblioteca Municipal abre as suas portas nesta noite especial e h\u00e1 muito aguardada com sess\u00f5es de contos apresentadas por Tixa (Patr\u00edcia Amaral), contadora de hist\u00f3rias. E, por falar em hist\u00f3rias\u2026 no palco da Cal\u00e7adinha estar\u00e1 Fernando Guerreiro com as suas \u201cHist\u00f3rias D\u2019Arrepiar!<\/p>\n\n\n\n<p>Este evento de entrada gratuita, com atividades para toda a fam\u00edlia, convida a desfrutar a arte a cada passo nas cal\u00e7adas do Centro Hist\u00f3rico s\u00e3o-brasense.&nbsp;<\/p>\n\n\n\n<p>Uma iniciativa integrada no Plano de Revitaliza\u00e7\u00e3o do Centro Hist\u00f3rico, promovido pela C\u00e2mara Municipal de S\u00e3o Br\u00e1s de Alportel, com colabora\u00e7\u00e3o da \u201cComiss\u00e3o Organizadora Cal\u00e7adas\u201d, um grupo informal da comunidade s\u00e3o-brasense.<\/p>\n","protected":false},"excerpt":{"rendered":"<p>Este domingo, dia 14, o \u201cCal\u00e7adas, A arte sai \u00c0 Rua\u201d volta a invadir de cultura e anima\u00e7\u00e3o as ruas<\/p>\n","protected":false},"author":1,"featured_media":20762,"comment_status":"closed","ping_status":"open","sticky":false,"template":"","format":"standard","meta":{"colormag_page_container_layout":"default_layout","colormag_page_sidebar_layout":"default_layout","_monsterinsights_skip_tracking":false,"_monsterinsights_sitenote_active":false,"_monsterinsights_sitenote_note":"","_monsterinsights_sitenote_category":0,"jetpack_post_was_ever_published":false,"_jetpack_newsletter_access":"","_jetpack_dont_email_post_to_subs":false,"_jetpack_newsletter_tier_id":0,"_jetpack_memberships_contains_paywalled_content":false,"_jetpack_memberships_contains_paid_content":false,"footnotes":"","jetpack_publicize_message":"","jetpack_publicize_feature_enabled":true,"jetpack_social_post_already_shared":true,"jetpack_social_options":{"image_generator_settings":{"template":"highway","default_image_id":0,"font":"","enabled":false},"version":2}},"categories":[14],"tags":[36,35,63],"class_list":["post-20761","post","type-post","status-publish","format-standard","has-post-thumbnail","hentry","category-cultura","tag-algarve","tag-cultura","tag-sao-bras-de-alportel"],"yoast_head":"<!-- This site is optimized with the Yoast SEO plugin v27.4 - https:\/\/yoast.com\/product\/yoast-seo-wordpress\/ -->\n<title>\u201cCal\u00e7adas, A arte sai \u00c0 Rua\u201d volta ao Centro Hist\u00f3rico de S\u00e3o Br\u00e1s de Alportel - Algarve 7<\/title>\n<meta name=\"description\" content=\"\u201cCal\u00e7adas, A arte sai \u00c0 Rua\u201d volta ao Centro Hist\u00f3rico de S\u00e3o Br\u00e1s de Alportel Cultura\" \/>\n<meta name=\"robots\" content=\"index, follow, max-snippet:-1, max-image-preview:large, max-video-preview:-1\" \/>\n<link rel=\"canonical\" href=\"https:\/\/algarve7.pt\/index.php\/2022\/08\/calcadas-a-arte-sai-a-rua-volta-ao-centro-historico-de-sao-bras-de-alportel\/cultura\/19\/03\/\" \/>\n<meta property=\"og:locale\" content=\"pt_PT\" \/>\n<meta property=\"og:type\" content=\"article\" \/>\n<meta property=\"og:title\" content=\"\u201cCal\u00e7adas, A arte sai \u00c0 Rua\u201d volta ao Centro Hist\u00f3rico de S\u00e3o Br\u00e1s de Alportel - Algarve 7\" \/>\n<meta property=\"og:description\" content=\"\u201cCal\u00e7adas, A arte sai \u00c0 Rua\u201d volta ao Centro Hist\u00f3rico de S\u00e3o Br\u00e1s de Alportel Cultura\" \/>\n<meta property=\"og:url\" content=\"https:\/\/algarve7.pt\/index.php\/2022\/08\/calcadas-a-arte-sai-a-rua-volta-ao-centro-historico-de-sao-bras-de-alportel\/cultura\/19\/03\/\" \/>\n<meta property=\"og:site_name\" content=\"Algarve 7\" \/>\n<meta property=\"article:publisher\" content=\"https:\/\/www.facebook.com\/algarve7\" \/>\n<meta property=\"article:author\" content=\"https:\/\/www.facebook.com\/algarve7\" \/>\n<meta property=\"article:published_time\" content=\"2022-08-08T18:03:21+00:00\" \/>\n<meta property=\"article:modified_time\" content=\"2022-08-08T18:03:22+00:00\" \/>\n<meta property=\"og:image\" content=\"https:\/\/algarve7.pt\/wp-content\/uploads\/2022\/08\/Calc\u0327adas-14-08-2019-para-redes-sociais-269.j-pg.jpeg\" \/>\n\t<meta property=\"og:image:width\" content=\"1024\" \/>\n\t<meta property=\"og:image:height\" content=\"683\" \/>\n\t<meta property=\"og:image:type\" content=\"image\/jpeg\" \/>\n<meta name=\"author\" content=\"Algarve 7\" \/>\n<meta name=\"twitter:card\" content=\"summary_large_image\" \/>\n<meta name=\"twitter:creator\" content=\"@Algarvesete\" \/>\n<meta name=\"twitter:site\" content=\"@Algarvesete\" \/>\n<meta name=\"twitter:label1\" content=\"Escrito por\" \/>\n\t<meta name=\"twitter:data1\" content=\"Algarve 7\" \/>\n\t<meta name=\"twitter:label2\" content=\"Tempo estimado de leitura\" \/>\n\t<meta name=\"twitter:data2\" content=\"2 minutos\" \/>\n<script type=\"application\/ld+json\" class=\"yoast-schema-graph\">{\"@context\":\"https:\\\/\\\/schema.org\",\"@graph\":[{\"@type\":\"Article\",\"@id\":\"https:\\\/\\\/algarve7.pt\\\/index.php\\\/2022\\\/08\\\/calcadas-a-arte-sai-a-rua-volta-ao-centro-historico-de-sao-bras-de-alportel\\\/cultura\\\/19\\\/03\\\/#article\",\"isPartOf\":{\"@id\":\"https:\\\/\\\/algarve7.pt\\\/index.php\\\/2022\\\/08\\\/calcadas-a-arte-sai-a-rua-volta-ao-centro-historico-de-sao-bras-de-alportel\\\/cultura\\\/19\\\/03\\\/\"},\"author\":{\"name\":\"Algarve 7\",\"@id\":\"https:\\\/\\\/algarve7.pt\\\/#\\\/schema\\\/person\\\/23fa70681308e7b319a3204bcea45e0c\"},\"headline\":\"\u201cCal\u00e7adas, A arte sai \u00c0 Rua\u201d volta ao Centro Hist\u00f3rico de S\u00e3o Br\u00e1s de Alportel\",\"datePublished\":\"2022-08-08T18:03:21+00:00\",\"dateModified\":\"2022-08-08T18:03:22+00:00\",\"mainEntityOfPage\":{\"@id\":\"https:\\\/\\\/algarve7.pt\\\/index.php\\\/2022\\\/08\\\/calcadas-a-arte-sai-a-rua-volta-ao-centro-historico-de-sao-bras-de-alportel\\\/cultura\\\/19\\\/03\\\/\"},\"wordCount\":375,\"publisher\":{\"@id\":\"https:\\\/\\\/algarve7.pt\\\/#organization\"},\"image\":{\"@id\":\"https:\\\/\\\/algarve7.pt\\\/index.php\\\/2022\\\/08\\\/calcadas-a-arte-sai-a-rua-volta-ao-centro-historico-de-sao-bras-de-alportel\\\/cultura\\\/19\\\/03\\\/#primaryimage\"},\"thumbnailUrl\":\"https:\\\/\\\/algarve7.pt\\\/wp-content\\\/uploads\\\/2022\\\/08\\\/Calc\u0327adas-14-08-2019-para-redes-sociais-269.j-pg.jpeg\",\"keywords\":[\"Algarve\",\"Cultura\",\"S\u00e3o Br\u00e1s de Alportel\"],\"articleSection\":[\"Cultura\"],\"inLanguage\":\"pt-PT\"},{\"@type\":\"WebPage\",\"@id\":\"https:\\\/\\\/algarve7.pt\\\/index.php\\\/2022\\\/08\\\/calcadas-a-arte-sai-a-rua-volta-ao-centro-historico-de-sao-bras-de-alportel\\\/cultura\\\/19\\\/03\\\/\",\"url\":\"https:\\\/\\\/algarve7.pt\\\/index.php\\\/2022\\\/08\\\/calcadas-a-arte-sai-a-rua-volta-ao-centro-historico-de-sao-bras-de-alportel\\\/cultura\\\/19\\\/03\\\/\",\"name\":\"\u201cCal\u00e7adas, A arte sai \u00c0 Rua\u201d volta ao Centro Hist\u00f3rico de S\u00e3o Br\u00e1s de Alportel - Algarve 7\",\"isPartOf\":{\"@id\":\"https:\\\/\\\/algarve7.pt\\\/#website\"},\"primaryImageOfPage\":{\"@id\":\"https:\\\/\\\/algarve7.pt\\\/index.php\\\/2022\\\/08\\\/calcadas-a-arte-sai-a-rua-volta-ao-centro-historico-de-sao-bras-de-alportel\\\/cultura\\\/19\\\/03\\\/#primaryimage\"},\"image\":{\"@id\":\"https:\\\/\\\/algarve7.pt\\\/index.php\\\/2022\\\/08\\\/calcadas-a-arte-sai-a-rua-volta-ao-centro-historico-de-sao-bras-de-alportel\\\/cultura\\\/19\\\/03\\\/#primaryimage\"},\"thumbnailUrl\":\"https:\\\/\\\/algarve7.pt\\\/wp-content\\\/uploads\\\/2022\\\/08\\\/Calc\u0327adas-14-08-2019-para-redes-sociais-269.j-pg.jpeg\",\"datePublished\":\"2022-08-08T18:03:21+00:00\",\"dateModified\":\"2022-08-08T18:03:22+00:00\",\"description\":\"\u201cCal\u00e7adas, A arte sai \u00c0 Rua\u201d volta ao Centro Hist\u00f3rico de S\u00e3o Br\u00e1s de Alportel Cultura\",\"breadcrumb\":{\"@id\":\"https:\\\/\\\/algarve7.pt\\\/index.php\\\/2022\\\/08\\\/calcadas-a-arte-sai-a-rua-volta-ao-centro-historico-de-sao-bras-de-alportel\\\/cultura\\\/19\\\/03\\\/#breadcrumb\"},\"inLanguage\":\"pt-PT\",\"potentialAction\":[{\"@type\":\"ReadAction\",\"target\":[\"https:\\\/\\\/algarve7.pt\\\/index.php\\\/2022\\\/08\\\/calcadas-a-arte-sai-a-rua-volta-ao-centro-historico-de-sao-bras-de-alportel\\\/cultura\\\/19\\\/03\\\/\"]}]},{\"@type\":\"ImageObject\",\"inLanguage\":\"pt-PT\",\"@id\":\"https:\\\/\\\/algarve7.pt\\\/index.php\\\/2022\\\/08\\\/calcadas-a-arte-sai-a-rua-volta-ao-centro-historico-de-sao-bras-de-alportel\\\/cultura\\\/19\\\/03\\\/#primaryimage\",\"url\":\"https:\\\/\\\/algarve7.pt\\\/wp-content\\\/uploads\\\/2022\\\/08\\\/Calc\u0327adas-14-08-2019-para-redes-sociais-269.j-pg.jpeg\",\"contentUrl\":\"https:\\\/\\\/algarve7.pt\\\/wp-content\\\/uploads\\\/2022\\\/08\\\/Calc\u0327adas-14-08-2019-para-redes-sociais-269.j-pg.jpeg\",\"width\":1024,\"height\":683},{\"@type\":\"BreadcrumbList\",\"@id\":\"https:\\\/\\\/algarve7.pt\\\/index.php\\\/2022\\\/08\\\/calcadas-a-arte-sai-a-rua-volta-ao-centro-historico-de-sao-bras-de-alportel\\\/cultura\\\/19\\\/03\\\/#breadcrumb\",\"itemListElement\":[{\"@type\":\"ListItem\",\"position\":1,\"name\":\"In\u00edcio\",\"item\":\"https:\\\/\\\/algarve7.pt\\\/\"},{\"@type\":\"ListItem\",\"position\":2,\"name\":\"\u201cCal\u00e7adas, A arte sai \u00c0 Rua\u201d volta ao Centro Hist\u00f3rico de S\u00e3o Br\u00e1s de Alportel\"}]},{\"@type\":\"WebSite\",\"@id\":\"https:\\\/\\\/algarve7.pt\\\/#website\",\"url\":\"https:\\\/\\\/algarve7.pt\\\/\",\"name\":\"Algarve 7\",\"description\":\"Informa\u00e7\u00e3o sobre o Algarve\",\"publisher\":{\"@id\":\"https:\\\/\\\/algarve7.pt\\\/#organization\"},\"potentialAction\":[{\"@type\":\"SearchAction\",\"target\":{\"@type\":\"EntryPoint\",\"urlTemplate\":\"https:\\\/\\\/algarve7.pt\\\/?s={search_term_string}\"},\"query-input\":{\"@type\":\"PropertyValueSpecification\",\"valueRequired\":true,\"valueName\":\"search_term_string\"}}],\"inLanguage\":\"pt-PT\"},{\"@type\":\"Organization\",\"@id\":\"https:\\\/\\\/algarve7.pt\\\/#organization\",\"name\":\"Algarve 7\",\"url\":\"https:\\\/\\\/algarve7.pt\\\/\",\"logo\":{\"@type\":\"ImageObject\",\"inLanguage\":\"pt-PT\",\"@id\":\"https:\\\/\\\/algarve7.pt\\\/#\\\/schema\\\/logo\\\/image\\\/\",\"url\":\"https:\\\/\\\/algarve7.pt\\\/wp-content\\\/uploads\\\/2020\\\/10\\\/Logo-8.jpg\",\"contentUrl\":\"https:\\\/\\\/algarve7.pt\\\/wp-content\\\/uploads\\\/2020\\\/10\\\/Logo-8.jpg\",\"width\":1680,\"height\":1186,\"caption\":\"Algarve 7\"},\"image\":{\"@id\":\"https:\\\/\\\/algarve7.pt\\\/#\\\/schema\\\/logo\\\/image\\\/\"},\"sameAs\":[\"https:\\\/\\\/www.facebook.com\\\/algarve7\",\"https:\\\/\\\/x.com\\\/Algarvesete\",\"https:\\\/\\\/www.instagram.com\\\/jornalalgarve7\\\/\",\"https:\\\/\\\/www.linkedin.com\\\/company\\\/algarve7\",\"https:\\\/\\\/www.pinterest.pt\\\/geral0939\\\/_created\\\/\"]},{\"@type\":\"Person\",\"@id\":\"https:\\\/\\\/algarve7.pt\\\/#\\\/schema\\\/person\\\/23fa70681308e7b319a3204bcea45e0c\",\"name\":\"Algarve 7\",\"sameAs\":[\"https:\\\/\\\/algarve7.pt\",\"https:\\\/\\\/www.facebook.com\\\/algarve7\"],\"url\":\"https:\\\/\\\/algarve7.pt\\\/index.php\\\/author\\\/geralalgarve7-pt\\\/\"}]}<\/script>\n<!-- \/ Yoast SEO plugin. -->","yoast_head_json":{"title":"\u201cCal\u00e7adas, A arte sai \u00c0 Rua\u201d volta ao Centro Hist\u00f3rico de S\u00e3o Br\u00e1s de Alportel - Algarve 7","description":"\u201cCal\u00e7adas, A arte sai \u00c0 Rua\u201d volta ao Centro Hist\u00f3rico de S\u00e3o Br\u00e1s de Alportel Cultura","robots":{"index":"index","follow":"follow","max-snippet":"max-snippet:-1","max-image-preview":"max-image-preview:large","max-video-preview":"max-video-preview:-1"},"canonical":"https:\/\/algarve7.pt\/index.php\/2022\/08\/calcadas-a-arte-sai-a-rua-volta-ao-centro-historico-de-sao-bras-de-alportel\/cultura\/19\/03\/","og_locale":"pt_PT","og_type":"article","og_title":"\u201cCal\u00e7adas, A arte sai \u00c0 Rua\u201d volta ao Centro Hist\u00f3rico de S\u00e3o Br\u00e1s de Alportel - Algarve 7","og_description":"\u201cCal\u00e7adas, A arte sai \u00c0 Rua\u201d volta ao Centro Hist\u00f3rico de S\u00e3o Br\u00e1s de Alportel Cultura","og_url":"https:\/\/algarve7.pt\/index.php\/2022\/08\/calcadas-a-arte-sai-a-rua-volta-ao-centro-historico-de-sao-bras-de-alportel\/cultura\/19\/03\/","og_site_name":"Algarve 7","article_publisher":"https:\/\/www.facebook.com\/algarve7","article_author":"https:\/\/www.facebook.com\/algarve7","article_published_time":"2022-08-08T18:03:21+00:00","article_modified_time":"2022-08-08T18:03:22+00:00","og_image":[{"width":1024,"height":683,"url":"https:\/\/algarve7.pt\/wp-content\/uploads\/2022\/08\/Calc\u0327adas-14-08-2019-para-redes-sociais-269.j-pg.jpeg","type":"image\/jpeg"}],"author":"Algarve 7","twitter_card":"summary_large_image","twitter_creator":"@Algarvesete","twitter_site":"@Algarvesete","twitter_misc":{"Escrito por":"Algarve 7","Tempo estimado de leitura":"2 minutos"},"schema":{"@context":"https:\/\/schema.org","@graph":[{"@type":"Article","@id":"https:\/\/algarve7.pt\/index.php\/2022\/08\/calcadas-a-arte-sai-a-rua-volta-ao-centro-historico-de-sao-bras-de-alportel\/cultura\/19\/03\/#article","isPartOf":{"@id":"https:\/\/algarve7.pt\/index.php\/2022\/08\/calcadas-a-arte-sai-a-rua-volta-ao-centro-historico-de-sao-bras-de-alportel\/cultura\/19\/03\/"},"author":{"name":"Algarve 7","@id":"https:\/\/algarve7.pt\/#\/schema\/person\/23fa70681308e7b319a3204bcea45e0c"},"headline":"\u201cCal\u00e7adas, A arte sai \u00c0 Rua\u201d volta ao Centro Hist\u00f3rico de S\u00e3o Br\u00e1s de Alportel","datePublished":"2022-08-08T18:03:21+00:00","dateModified":"2022-08-08T18:03:22+00:00","mainEntityOfPage":{"@id":"https:\/\/algarve7.pt\/index.php\/2022\/08\/calcadas-a-arte-sai-a-rua-volta-ao-centro-historico-de-sao-bras-de-alportel\/cultura\/19\/03\/"},"wordCount":375,"publisher":{"@id":"https:\/\/algarve7.pt\/#organization"},"image":{"@id":"https:\/\/algarve7.pt\/index.php\/2022\/08\/calcadas-a-arte-sai-a-rua-volta-ao-centro-historico-de-sao-bras-de-alportel\/cultura\/19\/03\/#primaryimage"},"thumbnailUrl":"https:\/\/algarve7.pt\/wp-content\/uploads\/2022\/08\/Calc\u0327adas-14-08-2019-para-redes-sociais-269.j-pg.jpeg","keywords":["Algarve","Cultura","S\u00e3o Br\u00e1s de Alportel"],"articleSection":["Cultura"],"inLanguage":"pt-PT"},{"@type":"WebPage","@id":"https:\/\/algarve7.pt\/index.php\/2022\/08\/calcadas-a-arte-sai-a-rua-volta-ao-centro-historico-de-sao-bras-de-alportel\/cultura\/19\/03\/","url":"https:\/\/algarve7.pt\/index.php\/2022\/08\/calcadas-a-arte-sai-a-rua-volta-ao-centro-historico-de-sao-bras-de-alportel\/cultura\/19\/03\/","name":"\u201cCal\u00e7adas, A arte sai \u00c0 Rua\u201d volta ao Centro Hist\u00f3rico de S\u00e3o Br\u00e1s de Alportel - Algarve 7","isPartOf":{"@id":"https:\/\/algarve7.pt\/#website"},"primaryImageOfPage":{"@id":"https:\/\/algarve7.pt\/index.php\/2022\/08\/calcadas-a-arte-sai-a-rua-volta-ao-centro-historico-de-sao-bras-de-alportel\/cultura\/19\/03\/#primaryimage"},"image":{"@id":"https:\/\/algarve7.pt\/index.php\/2022\/08\/calcadas-a-arte-sai-a-rua-volta-ao-centro-historico-de-sao-bras-de-alportel\/cultura\/19\/03\/#primaryimage"},"thumbnailUrl":"https:\/\/algarve7.pt\/wp-content\/uploads\/2022\/08\/Calc\u0327adas-14-08-2019-para-redes-sociais-269.j-pg.jpeg","datePublished":"2022-08-08T18:03:21+00:00","dateModified":"2022-08-08T18:03:22+00:00","description":"\u201cCal\u00e7adas, A arte sai \u00c0 Rua\u201d volta ao Centro Hist\u00f3rico de S\u00e3o Br\u00e1s de Alportel Cultura","breadcrumb":{"@id":"https:\/\/algarve7.pt\/index.php\/2022\/08\/calcadas-a-arte-sai-a-rua-volta-ao-centro-historico-de-sao-bras-de-alportel\/cultura\/19\/03\/#breadcrumb"},"inLanguage":"pt-PT","potentialAction":[{"@type":"ReadAction","target":["https:\/\/algarve7.pt\/index.php\/2022\/08\/calcadas-a-arte-sai-a-rua-volta-ao-centro-historico-de-sao-bras-de-alportel\/cultura\/19\/03\/"]}]},{"@type":"ImageObject","inLanguage":"pt-PT","@id":"https:\/\/algarve7.pt\/index.php\/2022\/08\/calcadas-a-arte-sai-a-rua-volta-ao-centro-historico-de-sao-bras-de-alportel\/cultura\/19\/03\/#primaryimage","url":"https:\/\/algarve7.pt\/wp-content\/uploads\/2022\/08\/Calc\u0327adas-14-08-2019-para-redes-sociais-269.j-pg.jpeg","contentUrl":"https:\/\/algarve7.pt\/wp-content\/uploads\/2022\/08\/Calc\u0327adas-14-08-2019-para-redes-sociais-269.j-pg.jpeg","width":1024,"height":683},{"@type":"BreadcrumbList","@id":"https:\/\/algarve7.pt\/index.php\/2022\/08\/calcadas-a-arte-sai-a-rua-volta-ao-centro-historico-de-sao-bras-de-alportel\/cultura\/19\/03\/#breadcrumb","itemListElement":[{"@type":"ListItem","position":1,"name":"In\u00edcio","item":"https:\/\/algarve7.pt\/"},{"@type":"ListItem","position":2,"name":"\u201cCal\u00e7adas, A arte sai \u00c0 Rua\u201d volta ao Centro Hist\u00f3rico de S\u00e3o Br\u00e1s de Alportel"}]},{"@type":"WebSite","@id":"https:\/\/algarve7.pt\/#website","url":"https:\/\/algarve7.pt\/","name":"Algarve 7","description":"Informa\u00e7\u00e3o sobre o Algarve","publisher":{"@id":"https:\/\/algarve7.pt\/#organization"},"potentialAction":[{"@type":"SearchAction","target":{"@type":"EntryPoint","urlTemplate":"https:\/\/algarve7.pt\/?s={search_term_string}"},"query-input":{"@type":"PropertyValueSpecification","valueRequired":true,"valueName":"search_term_string"}}],"inLanguage":"pt-PT"},{"@type":"Organization","@id":"https:\/\/algarve7.pt\/#organization","name":"Algarve 7","url":"https:\/\/algarve7.pt\/","logo":{"@type":"ImageObject","inLanguage":"pt-PT","@id":"https:\/\/algarve7.pt\/#\/schema\/logo\/image\/","url":"https:\/\/algarve7.pt\/wp-content\/uploads\/2020\/10\/Logo-8.jpg","contentUrl":"https:\/\/algarve7.pt\/wp-content\/uploads\/2020\/10\/Logo-8.jpg","width":1680,"height":1186,"caption":"Algarve 7"},"image":{"@id":"https:\/\/algarve7.pt\/#\/schema\/logo\/image\/"},"sameAs":["https:\/\/www.facebook.com\/algarve7","https:\/\/x.com\/Algarvesete","https:\/\/www.instagram.com\/jornalalgarve7\/","https:\/\/www.linkedin.com\/company\/algarve7","https:\/\/www.pinterest.pt\/geral0939\/_created\/"]},{"@type":"Person","@id":"https:\/\/algarve7.pt\/#\/schema\/person\/23fa70681308e7b319a3204bcea45e0c","name":"Algarve 7","sameAs":["https:\/\/algarve7.pt","https:\/\/www.facebook.com\/algarve7"],"url":"https:\/\/algarve7.pt\/index.php\/author\/geralalgarve7-pt\/"}]}},"jetpack_publicize_connections":[],"jetpack_featured_media_url":"https:\/\/algarve7.pt\/wp-content\/uploads\/2022\/08\/Calc\u0327adas-14-08-2019-para-redes-sociais-269.j-pg.jpeg","jetpack_shortlink":"https:\/\/wp.me\/pcezmW-5oR","jetpack_sharing_enabled":true,"_links":{"self":[{"href":"https:\/\/algarve7.pt\/index.php\/wp-json\/wp\/v2\/posts\/20761","targetHints":{"allow":["GET"]}}],"collection":[{"href":"https:\/\/algarve7.pt\/index.php\/wp-json\/wp\/v2\/posts"}],"about":[{"href":"https:\/\/algarve7.pt\/index.php\/wp-json\/wp\/v2\/types\/post"}],"author":[{"embeddable":true,"href":"https:\/\/algarve7.pt\/index.php\/wp-json\/wp\/v2\/users\/1"}],"replies":[{"embeddable":true,"href":"https:\/\/algarve7.pt\/index.php\/wp-json\/wp\/v2\/comments?post=20761"}],"version-history":[{"count":0,"href":"https:\/\/algarve7.pt\/index.php\/wp-json\/wp\/v2\/posts\/20761\/revisions"}],"wp:featuredmedia":[{"embeddable":true,"href":"https:\/\/algarve7.pt\/index.php\/wp-json\/wp\/v2\/media\/20762"}],"wp:attachment":[{"href":"https:\/\/algarve7.pt\/index.php\/wp-json\/wp\/v2\/media?parent=20761"}],"wp:term":[{"taxonomy":"category","embeddable":true,"href":"https:\/\/algarve7.pt\/index.php\/wp-json\/wp\/v2\/categories?post=20761"},{"taxonomy":"post_tag","embeddable":true,"href":"https:\/\/algarve7.pt\/index.php\/wp-json\/wp\/v2\/tags?post=20761"}],"curies":[{"name":"wp","href":"https:\/\/api.w.org\/{rel}","templated":true}]}}