{"id":20750,"date":"2022-08-08T13:54:32","date_gmt":"2022-08-08T12:54:32","guid":{"rendered":"https:\/\/algarve7.pt\/?p=20750"},"modified":"2022-08-08T13:55:43","modified_gmt":"2022-08-08T12:55:43","slug":"dino-dsantiago-junta-se-a-orquestra-classica-do-sul-para-concerto-em-quarteira","status":"publish","type":"post","link":"https:\/\/algarve7.pt\/index.php\/2022\/08\/dino-dsantiago-junta-se-a-orquestra-classica-do-sul-para-concerto-em-quarteira\/cultura\/13\/54\/","title":{"rendered":"Dino d\u2019Santiago junta-se \u00e0 orquestra cl\u00e1ssica do sul para concerto em Quarteira"},"content":{"rendered":"\n<p>Como j\u00e1 \u00e9 tradi\u00e7\u00e3o no m\u00eas de agosto, a Orquestra Cl\u00e1ssica do Sul realiza em Quarteira um concerto de ver\u00e3o para acompanhar um m\u00fasico nacional. No pr\u00f3ximo dia 13, pelas 22h00, Dino D\u00b4Santiago sobe ao Palco do Passeio das Dunas para (mais) um espet\u00e1culo inesquec\u00edvel na sua terra natal.<\/p>\n\n\n\n<p>Depois do grande sucesso obtido no ano anterior, com lota\u00e7\u00e3o esgotada e um p\u00fablico a acompanhar o espet\u00e1culo do lado de fora do recinto, o m\u00fasico junta-se uma vez mais a esta Orquestra, num concerto em que a fus\u00e3o de sonoridades e estilos musicais se encontram, resultando num trabalho \u00fanico de grande qualidade art\u00edstica e inquestion\u00e1vel celebra\u00e7\u00e3o musical.<\/p>\n\n\n\n<p>Criador, m\u00fasico, compositor, cartoonista e ativista pelas artes e culturas do Mundo, Dino D\u2019Santiago nasceu a 13 de Dezembro de 1982, em Quarteira, oriundo de uma fam\u00edlia cabo-verdiana (os seus pais s\u00e3o naturais da Ilha de Santiago).<\/p>\n\n\n\n<p>Ao longo dos anos de carreira vagueou pelos espa\u00e7os da m\u00fasica urbana globalizada atrav\u00e9s de v\u00e1rias aventuras como a Soul, R&amp;B e Hip-Hop, mas foi sobretudo na \u00faltima d\u00e9cada, com o lan\u00e7amento do \u00e1lbum \u201cEva\u201d (2013), depois de uma viagem a Cabo Verde num reencontro com as suas ra\u00edzes, que a sua carreira tomou um novos caminhos.<\/p>\n\n\n\n<p>\u00c9 hoje uma voz do mundo e da mistura.&nbsp;Trabalha a tradi\u00e7\u00e3o cabo-verdiana com o peso contempor\u00e2neo da eletr\u00f3nica global, como prova&nbsp;o hino &#8220;Kriolu\u201d, com a colabora\u00e7\u00e3o de&nbsp;Julinho KSD&nbsp;e produ\u00e7\u00e3o de&nbsp;Branko. J\u00e1 pisou palcos como o do Super Bock Super Rock (Sesimbra),&nbsp;NOS Primavera Sound&nbsp;(Porto),&nbsp;MED&nbsp;(Loul\u00e9),&nbsp;FMM&nbsp;(Sines), entre muitos outros. Ao lado de Branko, protagonizou um momento \u00fanico na Avenida da Liberdade para assinalar o 25 de Abril, em plena pandemia, quando o Pa\u00eds se encontrava em confinamento.<\/p>\n\n\n\n<p>Em&nbsp;2020, Dino D\u2019Santiago estrou&nbsp;o \u00e1lbum &#8220;Kriola&#8221;, considerado um dos&nbsp;melhores trabalhos desse ano&nbsp;por meios como o&nbsp;P\u00fablico,&nbsp;Time Out,&nbsp;Blitz&nbsp;ou&nbsp;Correio da Manh\u00e3, recebendo igualmente as mais elogiadas cr\u00edticas dos meios&nbsp;americanos&nbsp;e&nbsp;brasileiros,&nbsp;como da&nbsp;Rolling Stone, do&nbsp;Complex&nbsp;e da&nbsp;Folha de S. Paulo. Recebeu ainda os&nbsp;Pr\u00e9mios Play&nbsp;de&nbsp;Melhor \u00c1lbum,&nbsp;Melhor Artista Masculino&nbsp;e&nbsp;Pr\u00e9mio da Cr\u00edtica.<\/p>\n\n\n\n<p>No final de&nbsp;2021&nbsp;editou o seu&nbsp;mais recente \u00e1lbum, \u201cBadiu\u201d, com participa\u00e7\u00f5es de artistas como&nbsp;Branko&nbsp;e&nbsp;Slow J,&nbsp;entre outros. O novo disco, que inclui \u201cLokura\u201d e \u201cEsquinas\u201d, foi tamb\u00e9m destacado como um dos&nbsp;melhores discos de 2021&nbsp;por v\u00e1rios meios.<br>Embaixador da m\u00fasica de Cabo Verde, Dino D&#8217;Santiago&nbsp;\u00e9 um dos principais rostos do movimento cultural \u201cLisboa Criola\u201d e, sem d\u00favida, um&nbsp;nome incontorn\u00e1vel da atual m\u00fasica portuguesa.<\/p>\n\n\n\n<p>\u00c9 um dos mentores do movimento sociocultural \u201cSou Quarteira\u201d e tem sido uma inspira\u00e7\u00e3o para os jovens desta cidade.<\/p>\n\n\n\n<p>Neste concerto ao lado de Dino D\u2019Santiago, a Orquestra Cl\u00e1ssica do Sul ser\u00e1 dirigida pelo Maestro Titular Rui Pinheiro.<\/p>\n\n\n\n<p>A entrada \u00e9 livre.<\/p>\n\n\n\n<p>Foto: Jorge Gomes ( Click Time Photo\u00ae\u00a9 )<\/p>\n","protected":false},"excerpt":{"rendered":"<p>Como j\u00e1 \u00e9 tradi\u00e7\u00e3o no m\u00eas de agosto, a Orquestra Cl\u00e1ssica do Sul realiza em Quarteira um concerto de ver\u00e3o<\/p>\n","protected":false},"author":1,"featured_media":20751,"comment_status":"closed","ping_status":"open","sticky":false,"template":"","format":"standard","meta":{"colormag_page_container_layout":"default_layout","colormag_page_sidebar_layout":"default_layout","_monsterinsights_skip_tracking":false,"_monsterinsights_sitenote_active":false,"_monsterinsights_sitenote_note":"","_monsterinsights_sitenote_category":0,"jetpack_post_was_ever_published":false,"_jetpack_newsletter_access":"","_jetpack_dont_email_post_to_subs":false,"_jetpack_newsletter_tier_id":0,"_jetpack_memberships_contains_paywalled_content":false,"_jetpack_memberships_contains_paid_content":false,"footnotes":"","jetpack_publicize_message":"","jetpack_publicize_feature_enabled":true,"jetpack_social_post_already_shared":true,"jetpack_social_options":{"image_generator_settings":{"template":"highway","default_image_id":0,"font":"","enabled":false},"version":2}},"categories":[14],"tags":[36,52,35,677,502,112],"class_list":["post-20750","post","type-post","status-publish","format-standard","has-post-thumbnail","hentry","category-cultura","tag-algarve","tag-concerto","tag-cultura","tag-dino-dsantiago","tag-orquestra-classica-do-sul","tag-quarteira"],"yoast_head":"<!-- This site is optimized with the Yoast SEO plugin v27.5 - https:\/\/yoast.com\/product\/yoast-seo-wordpress\/ -->\n<title>Dino d\u2019Santiago junta-se \u00e0 orquestra cl\u00e1ssica do sul para concerto em Quarteira - Algarve 7<\/title>\n<meta name=\"description\" content=\"Dino d\u2019Santiago junta-se \u00e0 orquestra cl\u00e1ssica do sul para concerto em Quarteira Cultura\" \/>\n<meta name=\"robots\" content=\"index, follow, max-snippet:-1, max-image-preview:large, max-video-preview:-1\" \/>\n<link rel=\"canonical\" href=\"https:\/\/algarve7.pt\/index.php\/2022\/08\/dino-dsantiago-junta-se-a-orquestra-classica-do-sul-para-concerto-em-quarteira\/cultura\/13\/54\/\" \/>\n<meta property=\"og:locale\" content=\"pt_PT\" \/>\n<meta property=\"og:type\" content=\"article\" \/>\n<meta property=\"og:title\" content=\"Dino d\u2019Santiago junta-se \u00e0 orquestra cl\u00e1ssica do sul para concerto em Quarteira - Algarve 7\" \/>\n<meta property=\"og:description\" content=\"Dino d\u2019Santiago junta-se \u00e0 orquestra cl\u00e1ssica do sul para concerto em Quarteira Cultura\" \/>\n<meta property=\"og:url\" content=\"https:\/\/algarve7.pt\/index.php\/2022\/08\/dino-dsantiago-junta-se-a-orquestra-classica-do-sul-para-concerto-em-quarteira\/cultura\/13\/54\/\" \/>\n<meta property=\"og:site_name\" content=\"Algarve 7\" \/>\n<meta property=\"article:publisher\" content=\"https:\/\/www.facebook.com\/algarve7\" \/>\n<meta property=\"article:author\" content=\"https:\/\/www.facebook.com\/algarve7\" \/>\n<meta property=\"article:published_time\" content=\"2022-08-08T12:54:32+00:00\" \/>\n<meta property=\"article:modified_time\" content=\"2022-08-08T12:55:43+00:00\" \/>\n<meta property=\"og:image\" content=\"https:\/\/algarve7.pt\/wp-content\/uploads\/2022\/08\/Concerto-Dino-D\u00b4Santiago-Loule\u0301-20-03-2022-76-scaled.jpg\" \/>\n\t<meta property=\"og:image:width\" content=\"2560\" \/>\n\t<meta property=\"og:image:height\" content=\"1707\" \/>\n\t<meta property=\"og:image:type\" content=\"image\/jpeg\" \/>\n<meta name=\"author\" content=\"Algarve 7\" \/>\n<meta name=\"twitter:card\" content=\"summary_large_image\" \/>\n<meta name=\"twitter:creator\" content=\"@Algarvesete\" \/>\n<meta name=\"twitter:site\" content=\"@Algarvesete\" \/>\n<meta name=\"twitter:label1\" content=\"Escrito por\" \/>\n\t<meta name=\"twitter:data1\" content=\"Algarve 7\" \/>\n\t<meta name=\"twitter:label2\" content=\"Tempo estimado de leitura\" \/>\n\t<meta name=\"twitter:data2\" content=\"3 minutos\" \/>\n<script type=\"application\/ld+json\" class=\"yoast-schema-graph\">{\"@context\":\"https:\\\/\\\/schema.org\",\"@graph\":[{\"@type\":\"Article\",\"@id\":\"https:\\\/\\\/algarve7.pt\\\/index.php\\\/2022\\\/08\\\/dino-dsantiago-junta-se-a-orquestra-classica-do-sul-para-concerto-em-quarteira\\\/cultura\\\/13\\\/54\\\/#article\",\"isPartOf\":{\"@id\":\"https:\\\/\\\/algarve7.pt\\\/index.php\\\/2022\\\/08\\\/dino-dsantiago-junta-se-a-orquestra-classica-do-sul-para-concerto-em-quarteira\\\/cultura\\\/13\\\/54\\\/\"},\"author\":{\"name\":\"Algarve 7\",\"@id\":\"https:\\\/\\\/algarve7.pt\\\/#\\\/schema\\\/person\\\/23fa70681308e7b319a3204bcea45e0c\"},\"headline\":\"Dino d\u2019Santiago junta-se \u00e0 orquestra cl\u00e1ssica do sul para concerto em Quarteira\",\"datePublished\":\"2022-08-08T12:54:32+00:00\",\"dateModified\":\"2022-08-08T12:55:43+00:00\",\"mainEntityOfPage\":{\"@id\":\"https:\\\/\\\/algarve7.pt\\\/index.php\\\/2022\\\/08\\\/dino-dsantiago-junta-se-a-orquestra-classica-do-sul-para-concerto-em-quarteira\\\/cultura\\\/13\\\/54\\\/\"},\"wordCount\":568,\"publisher\":{\"@id\":\"https:\\\/\\\/algarve7.pt\\\/#organization\"},\"image\":{\"@id\":\"https:\\\/\\\/algarve7.pt\\\/index.php\\\/2022\\\/08\\\/dino-dsantiago-junta-se-a-orquestra-classica-do-sul-para-concerto-em-quarteira\\\/cultura\\\/13\\\/54\\\/#primaryimage\"},\"thumbnailUrl\":\"https:\\\/\\\/algarve7.pt\\\/wp-content\\\/uploads\\\/2022\\\/08\\\/Concerto-Dino-D\u00b4Santiago-Loule\u0301-20-03-2022-76-scaled.jpg\",\"keywords\":[\"Algarve\",\"Concerto\",\"Cultura\",\"Dino D\u2019Santiago\",\"Orquestra Cl\u00e1ssica do Sul\",\"Quarteira\"],\"articleSection\":[\"Cultura\"],\"inLanguage\":\"pt-PT\"},{\"@type\":\"WebPage\",\"@id\":\"https:\\\/\\\/algarve7.pt\\\/index.php\\\/2022\\\/08\\\/dino-dsantiago-junta-se-a-orquestra-classica-do-sul-para-concerto-em-quarteira\\\/cultura\\\/13\\\/54\\\/\",\"url\":\"https:\\\/\\\/algarve7.pt\\\/index.php\\\/2022\\\/08\\\/dino-dsantiago-junta-se-a-orquestra-classica-do-sul-para-concerto-em-quarteira\\\/cultura\\\/13\\\/54\\\/\",\"name\":\"Dino d\u2019Santiago junta-se \u00e0 orquestra cl\u00e1ssica do sul para concerto em Quarteira - Algarve 7\",\"isPartOf\":{\"@id\":\"https:\\\/\\\/algarve7.pt\\\/#website\"},\"primaryImageOfPage\":{\"@id\":\"https:\\\/\\\/algarve7.pt\\\/index.php\\\/2022\\\/08\\\/dino-dsantiago-junta-se-a-orquestra-classica-do-sul-para-concerto-em-quarteira\\\/cultura\\\/13\\\/54\\\/#primaryimage\"},\"image\":{\"@id\":\"https:\\\/\\\/algarve7.pt\\\/index.php\\\/2022\\\/08\\\/dino-dsantiago-junta-se-a-orquestra-classica-do-sul-para-concerto-em-quarteira\\\/cultura\\\/13\\\/54\\\/#primaryimage\"},\"thumbnailUrl\":\"https:\\\/\\\/algarve7.pt\\\/wp-content\\\/uploads\\\/2022\\\/08\\\/Concerto-Dino-D\u00b4Santiago-Loule\u0301-20-03-2022-76-scaled.jpg\",\"datePublished\":\"2022-08-08T12:54:32+00:00\",\"dateModified\":\"2022-08-08T12:55:43+00:00\",\"description\":\"Dino d\u2019Santiago junta-se \u00e0 orquestra cl\u00e1ssica do sul para concerto em Quarteira Cultura\",\"breadcrumb\":{\"@id\":\"https:\\\/\\\/algarve7.pt\\\/index.php\\\/2022\\\/08\\\/dino-dsantiago-junta-se-a-orquestra-classica-do-sul-para-concerto-em-quarteira\\\/cultura\\\/13\\\/54\\\/#breadcrumb\"},\"inLanguage\":\"pt-PT\",\"potentialAction\":[{\"@type\":\"ReadAction\",\"target\":[\"https:\\\/\\\/algarve7.pt\\\/index.php\\\/2022\\\/08\\\/dino-dsantiago-junta-se-a-orquestra-classica-do-sul-para-concerto-em-quarteira\\\/cultura\\\/13\\\/54\\\/\"]}]},{\"@type\":\"ImageObject\",\"inLanguage\":\"pt-PT\",\"@id\":\"https:\\\/\\\/algarve7.pt\\\/index.php\\\/2022\\\/08\\\/dino-dsantiago-junta-se-a-orquestra-classica-do-sul-para-concerto-em-quarteira\\\/cultura\\\/13\\\/54\\\/#primaryimage\",\"url\":\"https:\\\/\\\/algarve7.pt\\\/wp-content\\\/uploads\\\/2022\\\/08\\\/Concerto-Dino-D\u00b4Santiago-Loule\u0301-20-03-2022-76-scaled.jpg\",\"contentUrl\":\"https:\\\/\\\/algarve7.pt\\\/wp-content\\\/uploads\\\/2022\\\/08\\\/Concerto-Dino-D\u00b4Santiago-Loule\u0301-20-03-2022-76-scaled.jpg\",\"width\":2560,\"height\":1707},{\"@type\":\"BreadcrumbList\",\"@id\":\"https:\\\/\\\/algarve7.pt\\\/index.php\\\/2022\\\/08\\\/dino-dsantiago-junta-se-a-orquestra-classica-do-sul-para-concerto-em-quarteira\\\/cultura\\\/13\\\/54\\\/#breadcrumb\",\"itemListElement\":[{\"@type\":\"ListItem\",\"position\":1,\"name\":\"In\u00edcio\",\"item\":\"https:\\\/\\\/algarve7.pt\\\/\"},{\"@type\":\"ListItem\",\"position\":2,\"name\":\"Dino d\u2019Santiago junta-se \u00e0 orquestra cl\u00e1ssica do sul para concerto em Quarteira\"}]},{\"@type\":\"WebSite\",\"@id\":\"https:\\\/\\\/algarve7.pt\\\/#website\",\"url\":\"https:\\\/\\\/algarve7.pt\\\/\",\"name\":\"Algarve 7\",\"description\":\"Informa\u00e7\u00e3o sobre o Algarve\",\"publisher\":{\"@id\":\"https:\\\/\\\/algarve7.pt\\\/#organization\"},\"potentialAction\":[{\"@type\":\"SearchAction\",\"target\":{\"@type\":\"EntryPoint\",\"urlTemplate\":\"https:\\\/\\\/algarve7.pt\\\/?s={search_term_string}\"},\"query-input\":{\"@type\":\"PropertyValueSpecification\",\"valueRequired\":true,\"valueName\":\"search_term_string\"}}],\"inLanguage\":\"pt-PT\"},{\"@type\":\"Organization\",\"@id\":\"https:\\\/\\\/algarve7.pt\\\/#organization\",\"name\":\"Algarve 7\",\"url\":\"https:\\\/\\\/algarve7.pt\\\/\",\"logo\":{\"@type\":\"ImageObject\",\"inLanguage\":\"pt-PT\",\"@id\":\"https:\\\/\\\/algarve7.pt\\\/#\\\/schema\\\/logo\\\/image\\\/\",\"url\":\"https:\\\/\\\/algarve7.pt\\\/wp-content\\\/uploads\\\/2020\\\/10\\\/Logo-8.jpg\",\"contentUrl\":\"https:\\\/\\\/algarve7.pt\\\/wp-content\\\/uploads\\\/2020\\\/10\\\/Logo-8.jpg\",\"width\":1680,\"height\":1186,\"caption\":\"Algarve 7\"},\"image\":{\"@id\":\"https:\\\/\\\/algarve7.pt\\\/#\\\/schema\\\/logo\\\/image\\\/\"},\"sameAs\":[\"https:\\\/\\\/www.facebook.com\\\/algarve7\",\"https:\\\/\\\/x.com\\\/Algarvesete\",\"https:\\\/\\\/www.instagram.com\\\/jornalalgarve7\\\/\",\"https:\\\/\\\/www.linkedin.com\\\/company\\\/algarve7\",\"https:\\\/\\\/www.pinterest.pt\\\/geral0939\\\/_created\\\/\"]},{\"@type\":\"Person\",\"@id\":\"https:\\\/\\\/algarve7.pt\\\/#\\\/schema\\\/person\\\/23fa70681308e7b319a3204bcea45e0c\",\"name\":\"Algarve 7\",\"sameAs\":[\"https:\\\/\\\/algarve7.pt\",\"https:\\\/\\\/www.facebook.com\\\/algarve7\"],\"url\":\"https:\\\/\\\/algarve7.pt\\\/index.php\\\/author\\\/geralalgarve7-pt\\\/\"}]}<\/script>\n<!-- \/ Yoast SEO plugin. -->","yoast_head_json":{"title":"Dino d\u2019Santiago junta-se \u00e0 orquestra cl\u00e1ssica do sul para concerto em Quarteira - Algarve 7","description":"Dino d\u2019Santiago junta-se \u00e0 orquestra cl\u00e1ssica do sul para concerto em Quarteira Cultura","robots":{"index":"index","follow":"follow","max-snippet":"max-snippet:-1","max-image-preview":"max-image-preview:large","max-video-preview":"max-video-preview:-1"},"canonical":"https:\/\/algarve7.pt\/index.php\/2022\/08\/dino-dsantiago-junta-se-a-orquestra-classica-do-sul-para-concerto-em-quarteira\/cultura\/13\/54\/","og_locale":"pt_PT","og_type":"article","og_title":"Dino d\u2019Santiago junta-se \u00e0 orquestra cl\u00e1ssica do sul para concerto em Quarteira - Algarve 7","og_description":"Dino d\u2019Santiago junta-se \u00e0 orquestra cl\u00e1ssica do sul para concerto em Quarteira Cultura","og_url":"https:\/\/algarve7.pt\/index.php\/2022\/08\/dino-dsantiago-junta-se-a-orquestra-classica-do-sul-para-concerto-em-quarteira\/cultura\/13\/54\/","og_site_name":"Algarve 7","article_publisher":"https:\/\/www.facebook.com\/algarve7","article_author":"https:\/\/www.facebook.com\/algarve7","article_published_time":"2022-08-08T12:54:32+00:00","article_modified_time":"2022-08-08T12:55:43+00:00","og_image":[{"width":2560,"height":1707,"url":"https:\/\/algarve7.pt\/wp-content\/uploads\/2022\/08\/Concerto-Dino-D\u00b4Santiago-Loule\u0301-20-03-2022-76-scaled.jpg","type":"image\/jpeg"}],"author":"Algarve 7","twitter_card":"summary_large_image","twitter_creator":"@Algarvesete","twitter_site":"@Algarvesete","twitter_misc":{"Escrito por":"Algarve 7","Tempo estimado de leitura":"3 minutos"},"schema":{"@context":"https:\/\/schema.org","@graph":[{"@type":"Article","@id":"https:\/\/algarve7.pt\/index.php\/2022\/08\/dino-dsantiago-junta-se-a-orquestra-classica-do-sul-para-concerto-em-quarteira\/cultura\/13\/54\/#article","isPartOf":{"@id":"https:\/\/algarve7.pt\/index.php\/2022\/08\/dino-dsantiago-junta-se-a-orquestra-classica-do-sul-para-concerto-em-quarteira\/cultura\/13\/54\/"},"author":{"name":"Algarve 7","@id":"https:\/\/algarve7.pt\/#\/schema\/person\/23fa70681308e7b319a3204bcea45e0c"},"headline":"Dino d\u2019Santiago junta-se \u00e0 orquestra cl\u00e1ssica do sul para concerto em Quarteira","datePublished":"2022-08-08T12:54:32+00:00","dateModified":"2022-08-08T12:55:43+00:00","mainEntityOfPage":{"@id":"https:\/\/algarve7.pt\/index.php\/2022\/08\/dino-dsantiago-junta-se-a-orquestra-classica-do-sul-para-concerto-em-quarteira\/cultura\/13\/54\/"},"wordCount":568,"publisher":{"@id":"https:\/\/algarve7.pt\/#organization"},"image":{"@id":"https:\/\/algarve7.pt\/index.php\/2022\/08\/dino-dsantiago-junta-se-a-orquestra-classica-do-sul-para-concerto-em-quarteira\/cultura\/13\/54\/#primaryimage"},"thumbnailUrl":"https:\/\/algarve7.pt\/wp-content\/uploads\/2022\/08\/Concerto-Dino-D\u00b4Santiago-Loule\u0301-20-03-2022-76-scaled.jpg","keywords":["Algarve","Concerto","Cultura","Dino D\u2019Santiago","Orquestra Cl\u00e1ssica do Sul","Quarteira"],"articleSection":["Cultura"],"inLanguage":"pt-PT"},{"@type":"WebPage","@id":"https:\/\/algarve7.pt\/index.php\/2022\/08\/dino-dsantiago-junta-se-a-orquestra-classica-do-sul-para-concerto-em-quarteira\/cultura\/13\/54\/","url":"https:\/\/algarve7.pt\/index.php\/2022\/08\/dino-dsantiago-junta-se-a-orquestra-classica-do-sul-para-concerto-em-quarteira\/cultura\/13\/54\/","name":"Dino d\u2019Santiago junta-se \u00e0 orquestra cl\u00e1ssica do sul para concerto em Quarteira - Algarve 7","isPartOf":{"@id":"https:\/\/algarve7.pt\/#website"},"primaryImageOfPage":{"@id":"https:\/\/algarve7.pt\/index.php\/2022\/08\/dino-dsantiago-junta-se-a-orquestra-classica-do-sul-para-concerto-em-quarteira\/cultura\/13\/54\/#primaryimage"},"image":{"@id":"https:\/\/algarve7.pt\/index.php\/2022\/08\/dino-dsantiago-junta-se-a-orquestra-classica-do-sul-para-concerto-em-quarteira\/cultura\/13\/54\/#primaryimage"},"thumbnailUrl":"https:\/\/algarve7.pt\/wp-content\/uploads\/2022\/08\/Concerto-Dino-D\u00b4Santiago-Loule\u0301-20-03-2022-76-scaled.jpg","datePublished":"2022-08-08T12:54:32+00:00","dateModified":"2022-08-08T12:55:43+00:00","description":"Dino d\u2019Santiago junta-se \u00e0 orquestra cl\u00e1ssica do sul para concerto em Quarteira Cultura","breadcrumb":{"@id":"https:\/\/algarve7.pt\/index.php\/2022\/08\/dino-dsantiago-junta-se-a-orquestra-classica-do-sul-para-concerto-em-quarteira\/cultura\/13\/54\/#breadcrumb"},"inLanguage":"pt-PT","potentialAction":[{"@type":"ReadAction","target":["https:\/\/algarve7.pt\/index.php\/2022\/08\/dino-dsantiago-junta-se-a-orquestra-classica-do-sul-para-concerto-em-quarteira\/cultura\/13\/54\/"]}]},{"@type":"ImageObject","inLanguage":"pt-PT","@id":"https:\/\/algarve7.pt\/index.php\/2022\/08\/dino-dsantiago-junta-se-a-orquestra-classica-do-sul-para-concerto-em-quarteira\/cultura\/13\/54\/#primaryimage","url":"https:\/\/algarve7.pt\/wp-content\/uploads\/2022\/08\/Concerto-Dino-D\u00b4Santiago-Loule\u0301-20-03-2022-76-scaled.jpg","contentUrl":"https:\/\/algarve7.pt\/wp-content\/uploads\/2022\/08\/Concerto-Dino-D\u00b4Santiago-Loule\u0301-20-03-2022-76-scaled.jpg","width":2560,"height":1707},{"@type":"BreadcrumbList","@id":"https:\/\/algarve7.pt\/index.php\/2022\/08\/dino-dsantiago-junta-se-a-orquestra-classica-do-sul-para-concerto-em-quarteira\/cultura\/13\/54\/#breadcrumb","itemListElement":[{"@type":"ListItem","position":1,"name":"In\u00edcio","item":"https:\/\/algarve7.pt\/"},{"@type":"ListItem","position":2,"name":"Dino d\u2019Santiago junta-se \u00e0 orquestra cl\u00e1ssica do sul para concerto em Quarteira"}]},{"@type":"WebSite","@id":"https:\/\/algarve7.pt\/#website","url":"https:\/\/algarve7.pt\/","name":"Algarve 7","description":"Informa\u00e7\u00e3o sobre o Algarve","publisher":{"@id":"https:\/\/algarve7.pt\/#organization"},"potentialAction":[{"@type":"SearchAction","target":{"@type":"EntryPoint","urlTemplate":"https:\/\/algarve7.pt\/?s={search_term_string}"},"query-input":{"@type":"PropertyValueSpecification","valueRequired":true,"valueName":"search_term_string"}}],"inLanguage":"pt-PT"},{"@type":"Organization","@id":"https:\/\/algarve7.pt\/#organization","name":"Algarve 7","url":"https:\/\/algarve7.pt\/","logo":{"@type":"ImageObject","inLanguage":"pt-PT","@id":"https:\/\/algarve7.pt\/#\/schema\/logo\/image\/","url":"https:\/\/algarve7.pt\/wp-content\/uploads\/2020\/10\/Logo-8.jpg","contentUrl":"https:\/\/algarve7.pt\/wp-content\/uploads\/2020\/10\/Logo-8.jpg","width":1680,"height":1186,"caption":"Algarve 7"},"image":{"@id":"https:\/\/algarve7.pt\/#\/schema\/logo\/image\/"},"sameAs":["https:\/\/www.facebook.com\/algarve7","https:\/\/x.com\/Algarvesete","https:\/\/www.instagram.com\/jornalalgarve7\/","https:\/\/www.linkedin.com\/company\/algarve7","https:\/\/www.pinterest.pt\/geral0939\/_created\/"]},{"@type":"Person","@id":"https:\/\/algarve7.pt\/#\/schema\/person\/23fa70681308e7b319a3204bcea45e0c","name":"Algarve 7","sameAs":["https:\/\/algarve7.pt","https:\/\/www.facebook.com\/algarve7"],"url":"https:\/\/algarve7.pt\/index.php\/author\/geralalgarve7-pt\/"}]}},"jetpack_publicize_connections":[],"jetpack_featured_media_url":"https:\/\/algarve7.pt\/wp-content\/uploads\/2022\/08\/Concerto-Dino-D\u00b4Santiago-Loule\u0301-20-03-2022-76-scaled.jpg","jetpack_shortlink":"https:\/\/wp.me\/pcezmW-5oG","jetpack_sharing_enabled":true,"_links":{"self":[{"href":"https:\/\/algarve7.pt\/index.php\/wp-json\/wp\/v2\/posts\/20750","targetHints":{"allow":["GET"]}}],"collection":[{"href":"https:\/\/algarve7.pt\/index.php\/wp-json\/wp\/v2\/posts"}],"about":[{"href":"https:\/\/algarve7.pt\/index.php\/wp-json\/wp\/v2\/types\/post"}],"author":[{"embeddable":true,"href":"https:\/\/algarve7.pt\/index.php\/wp-json\/wp\/v2\/users\/1"}],"replies":[{"embeddable":true,"href":"https:\/\/algarve7.pt\/index.php\/wp-json\/wp\/v2\/comments?post=20750"}],"version-history":[{"count":0,"href":"https:\/\/algarve7.pt\/index.php\/wp-json\/wp\/v2\/posts\/20750\/revisions"}],"wp:featuredmedia":[{"embeddable":true,"href":"https:\/\/algarve7.pt\/index.php\/wp-json\/wp\/v2\/media\/20751"}],"wp:attachment":[{"href":"https:\/\/algarve7.pt\/index.php\/wp-json\/wp\/v2\/media?parent=20750"}],"wp:term":[{"taxonomy":"category","embeddable":true,"href":"https:\/\/algarve7.pt\/index.php\/wp-json\/wp\/v2\/categories?post=20750"},{"taxonomy":"post_tag","embeddable":true,"href":"https:\/\/algarve7.pt\/index.php\/wp-json\/wp\/v2\/tags?post=20750"}],"curies":[{"name":"wp","href":"https:\/\/api.w.org\/{rel}","templated":true}]}}