{"id":2073,"date":"2020-10-02T16:45:43","date_gmt":"2020-10-02T15:45:43","guid":{"rendered":"https:\/\/algarve7.pt\/?p=2073"},"modified":"2020-10-02T13:04:07","modified_gmt":"2020-10-02T12:04:07","slug":"municipio-de-faro-e-gnr-assinam-protocolo-para-promocao-de-qualidade-de-vida-dos-idosos","status":"publish","type":"post","link":"https:\/\/algarve7.pt\/index.php\/2020\/10\/municipio-de-faro-e-gnr-assinam-protocolo-para-promocao-de-qualidade-de-vida-dos-idosos\/atualidade\/16\/45\/","title":{"rendered":"Munic\u00edpio de Faro e GNR assinam protocolo para promo\u00e7\u00e3o de qualidade de vida dos idosos"},"content":{"rendered":"\n<p>O Munic\u00edpio de Faro assinalou esta quinta-feira, dia 1 de outubro, as comemora\u00e7\u00f5es do Dia Internacional do Idoso com a assinatura de um protocolo com o Comando Territorial (CT) de Faro da GNR referente ao Programa GPSS de Faro \u2013 Grupo de Proximidade na Promo\u00e7\u00e3o dos Direitos Sociais e Seguran\u00e7a, com vista ao acompanhamento e promo\u00e7\u00e3o da melhoria da qualidade de vida dos mais idosos, em particular aqueles que est\u00e3o mais isolados ou em situa\u00e7\u00e3o mais vulner\u00e1vel.<\/p>\n\n\n\n<p>Este programa de interven\u00e7\u00e3o descentralizada pioneiro em Portugal resulta da parceria entre o Munic\u00edpio de Faro (atrav\u00e9s do seu Gabinete de Apoio ao Idoso) e o CT de Faro da GNR (atrav\u00e9s da sua Equipa de Apoio ao Idoso) e pretende realizar uma interven\u00e7\u00e3o e atendimento de excel\u00eancia, indo de encontro aos idosos identificados pela GNR, atrav\u00e9s do levantamento efetuado no \u00e2mbito da opera\u00e7\u00e3o \u201cCensos S\u00e9nior\u201d.<\/p>\n\n\n\n<p>Desta forma, pretende-se que todos os idosos possam ser esclarecidos sobre os seus Direitos Sociais e Promo\u00e7\u00e3o de Medidas de Seguran\u00e7a, promovendo um atendimento diferenciado, porta a porta, em que cada caso \u00e9 analisado e acompanhado, tendo como objetivo m\u00e1ximo a melhoria da qualidade de vida do idoso identificado. Depois de uma avalia\u00e7\u00e3o da situa\u00e7\u00e3o do mun\u00edcipe, existir\u00e1 uma interven\u00e7\u00e3o adequada com respostas espec\u00edficas tendo em conta as necessidades detetadas.<\/p>\n\n\n\n<p>Simultaneamente, este programa servir\u00e1 para que os idosos possam ter acesso \u00e0 informa\u00e7\u00e3o relativa ao novo regime jur\u00eddico do Estatuto de Maior Acompanhado, bem como das medidas disponibilizadas pelo Munic\u00edpio de Faro, nomeadamente&nbsp;a resposta de Teleassist\u00eancia Domicili\u00e1ria, Apoio na medica\u00e7\u00e3o atrav\u00e9s do Programa Abem ou as atividades promovidas no \u00e2mbito do Programa Faro S\u00e9nior. J\u00e1 a&nbsp;GNR ter\u00e1 um papel fulcral atrav\u00e9s da promo\u00e7\u00e3o de medidas de seguran\u00e7a bem como alertar para crimes de burla.&nbsp;<\/p>\n\n\n\n<p>No \u00e2mbito da assinatura do protocolo, o comandante do CT de Faro da GNR, tenente-coronel Pedro Oliveira, sublinhou o trabalho que tem sido desenvolvido&nbsp;&nbsp;por esta for\u00e7a de seguran\u00e7a junto desta popula\u00e7\u00e3o mais vulner\u00e1vel, \u201cem particular em zonas mais isoladas, onde muitas vezes, o \u00fanico contacto que os idosos t\u00eam semanalmente \u00e9 com os militares da GNR\u201d. Ao todo, o respons\u00e1vel aponta que a GNR j\u00e1 acompanha 396 idosos j\u00e1 sinalizados no concelho de Faro.&nbsp;<\/p>\n\n\n\n<p>J\u00e1 o presidente da C\u00e2mara Municipal de Faro, Rog\u00e9rio Bacalhau, destacou o papel da \u201cGNR como parceiro valioso do Munic\u00edpio na defesa daqueles que s\u00e3o mais vulner\u00e1veis e a quem devemos tudo e que nem sempre t\u00eam as condi\u00e7\u00f5es ideais nesta fase da vida, quer em termos de sa\u00fade, mas tamb\u00e9m pelo isolamento e por vezes at\u00e9 por situa\u00e7\u00f5es de maus tratos\u201d.<\/p>\n\n\n\n<p>O autarca acrescentou ainda que este protocolo vai servir para \u201crefor\u00e7ar ainda mais o trabalho conjunto que tem sido feito\u201d e que vai permitir dar a conhecer aos idosos, mesmo aqueles em situa\u00e7\u00f5es mais vulner\u00e1veis ou isoladas, aquilo que s\u00e3o os seus direitos.<\/p>\n\n\n\n<p>\u201cPor vezes, h\u00e1 idosos com pens\u00f5es parcas de 100 ou 200 euros que saem das reuni\u00f5es com o Gabinete de Apoio ao Idoso com formul\u00e1rios preenchidos para poder entregar na Seguran\u00e7a Social e recorrer a outros apoios que podem ter direito e que desconheciam. Passar de um rendimento mensal de 200 para 300 ou 400 euros faz muita diferen\u00e7a na vida dos nossos idosos\u201d, acrescentou o vereador Carlos Ba\u00eda.&nbsp;<\/p>\n\n\n\n<p>Em tempos de grande incerteza e de alguma atribula\u00e7\u00e3o na vida de toda a comunidade, o Munic\u00edpio incrementa assim a sua pol\u00edtica de apoio aos setores populacionais mais fragilizados, como os nossos seniores, que justificam dos poderes p\u00fablicos todo o acompanhamento e investimento.<\/p>\n","protected":false},"excerpt":{"rendered":"<p>O Munic\u00edpio de Faro assinalou esta quinta-feira, dia 1 de outubro, as comemora\u00e7\u00f5es do Dia Internacional do Idoso com a<\/p>\n","protected":false},"author":1,"featured_media":2074,"comment_status":"closed","ping_status":"open","sticky":false,"template":"","format":"standard","meta":{"colormag_page_container_layout":"default_layout","colormag_page_sidebar_layout":"default_layout","_monsterinsights_skip_tracking":false,"_monsterinsights_sitenote_active":false,"_monsterinsights_sitenote_note":"","_monsterinsights_sitenote_category":0,"jetpack_post_was_ever_published":false,"_jetpack_newsletter_access":"","_jetpack_dont_email_post_to_subs":false,"_jetpack_newsletter_tier_id":0,"_jetpack_memberships_contains_paywalled_content":false,"_jetpack_memberships_contains_paid_content":false,"footnotes":"","jetpack_publicize_message":"","jetpack_publicize_feature_enabled":true,"jetpack_social_post_already_shared":true,"jetpack_social_options":{"image_generator_settings":{"template":"highway","default_image_id":0,"font":"","enabled":false},"version":2}},"categories":[11],"tags":[36,57,140],"class_list":["post-2073","post","type-post","status-publish","format-standard","has-post-thumbnail","hentry","category-atualidade","tag-algarve","tag-faro","tag-gnr"],"yoast_head":"<!-- This site is optimized with the Yoast SEO plugin v27.5 - https:\/\/yoast.com\/product\/yoast-seo-wordpress\/ -->\n<title>Munic\u00edpio de Faro e GNR assinam protocolo para promo\u00e7\u00e3o de qualidade de vida dos idosos - Algarve 7<\/title>\n<meta name=\"description\" content=\"Munic\u00edpio de Faro e GNR assinam protocolo para promo\u00e7\u00e3o de qualidade de vida dos idosos\" \/>\n<meta name=\"robots\" content=\"index, follow, max-snippet:-1, max-image-preview:large, max-video-preview:-1\" \/>\n<link rel=\"canonical\" href=\"https:\/\/algarve7.pt\/index.php\/2020\/10\/municipio-de-faro-e-gnr-assinam-protocolo-para-promocao-de-qualidade-de-vida-dos-idosos\/atualidade\/16\/45\/\" \/>\n<meta property=\"og:locale\" content=\"pt_PT\" \/>\n<meta property=\"og:type\" content=\"article\" \/>\n<meta property=\"og:title\" content=\"Munic\u00edpio de Faro e GNR assinam protocolo para promo\u00e7\u00e3o de qualidade de vida dos idosos - Algarve 7\" \/>\n<meta property=\"og:description\" content=\"Munic\u00edpio de Faro e GNR assinam protocolo para promo\u00e7\u00e3o de qualidade de vida dos idosos\" \/>\n<meta property=\"og:url\" content=\"https:\/\/algarve7.pt\/index.php\/2020\/10\/municipio-de-faro-e-gnr-assinam-protocolo-para-promocao-de-qualidade-de-vida-dos-idosos\/atualidade\/16\/45\/\" \/>\n<meta property=\"og:site_name\" content=\"Algarve 7\" \/>\n<meta property=\"article:publisher\" content=\"https:\/\/www.facebook.com\/algarve7\" \/>\n<meta property=\"article:author\" content=\"https:\/\/www.facebook.com\/algarve7\" \/>\n<meta property=\"article:published_time\" content=\"2020-10-02T15:45:43+00:00\" \/>\n<meta property=\"og:image\" content=\"https:\/\/algarve7.pt\/wp-content\/uploads\/2020\/10\/IMG-20201001-WA0010.jpg\" \/>\n\t<meta property=\"og:image:width\" content=\"1919\" \/>\n\t<meta property=\"og:image:height\" content=\"1440\" \/>\n\t<meta property=\"og:image:type\" content=\"image\/jpeg\" \/>\n<meta name=\"author\" content=\"Algarve 7\" \/>\n<meta name=\"twitter:card\" content=\"summary_large_image\" \/>\n<meta name=\"twitter:creator\" content=\"@Algarvesete\" \/>\n<meta name=\"twitter:site\" content=\"@Algarvesete\" \/>\n<meta name=\"twitter:label1\" content=\"Escrito por\" \/>\n\t<meta name=\"twitter:data1\" content=\"Algarve 7\" \/>\n\t<meta name=\"twitter:label2\" content=\"Tempo estimado de leitura\" \/>\n\t<meta name=\"twitter:data2\" content=\"3 minutos\" \/>\n<script type=\"application\/ld+json\" class=\"yoast-schema-graph\">{\"@context\":\"https:\\\/\\\/schema.org\",\"@graph\":[{\"@type\":\"Article\",\"@id\":\"https:\\\/\\\/algarve7.pt\\\/index.php\\\/2020\\\/10\\\/municipio-de-faro-e-gnr-assinam-protocolo-para-promocao-de-qualidade-de-vida-dos-idosos\\\/atualidade\\\/16\\\/45\\\/#article\",\"isPartOf\":{\"@id\":\"https:\\\/\\\/algarve7.pt\\\/index.php\\\/2020\\\/10\\\/municipio-de-faro-e-gnr-assinam-protocolo-para-promocao-de-qualidade-de-vida-dos-idosos\\\/atualidade\\\/16\\\/45\\\/\"},\"author\":{\"name\":\"Algarve 7\",\"@id\":\"https:\\\/\\\/algarve7.pt\\\/#\\\/schema\\\/person\\\/23fa70681308e7b319a3204bcea45e0c\"},\"headline\":\"Munic\u00edpio de Faro e GNR assinam protocolo para promo\u00e7\u00e3o de qualidade de vida dos idosos\",\"datePublished\":\"2020-10-02T15:45:43+00:00\",\"mainEntityOfPage\":{\"@id\":\"https:\\\/\\\/algarve7.pt\\\/index.php\\\/2020\\\/10\\\/municipio-de-faro-e-gnr-assinam-protocolo-para-promocao-de-qualidade-de-vida-dos-idosos\\\/atualidade\\\/16\\\/45\\\/\"},\"wordCount\":660,\"publisher\":{\"@id\":\"https:\\\/\\\/algarve7.pt\\\/#organization\"},\"image\":{\"@id\":\"https:\\\/\\\/algarve7.pt\\\/index.php\\\/2020\\\/10\\\/municipio-de-faro-e-gnr-assinam-protocolo-para-promocao-de-qualidade-de-vida-dos-idosos\\\/atualidade\\\/16\\\/45\\\/#primaryimage\"},\"thumbnailUrl\":\"https:\\\/\\\/algarve7.pt\\\/wp-content\\\/uploads\\\/2020\\\/10\\\/IMG-20201001-WA0010.jpg\",\"keywords\":[\"Algarve\",\"Faro\",\"GNR\"],\"articleSection\":[\"Atualidade\"],\"inLanguage\":\"pt-PT\"},{\"@type\":\"WebPage\",\"@id\":\"https:\\\/\\\/algarve7.pt\\\/index.php\\\/2020\\\/10\\\/municipio-de-faro-e-gnr-assinam-protocolo-para-promocao-de-qualidade-de-vida-dos-idosos\\\/atualidade\\\/16\\\/45\\\/\",\"url\":\"https:\\\/\\\/algarve7.pt\\\/index.php\\\/2020\\\/10\\\/municipio-de-faro-e-gnr-assinam-protocolo-para-promocao-de-qualidade-de-vida-dos-idosos\\\/atualidade\\\/16\\\/45\\\/\",\"name\":\"Munic\u00edpio de Faro e GNR assinam protocolo para promo\u00e7\u00e3o de qualidade de vida dos idosos - Algarve 7\",\"isPartOf\":{\"@id\":\"https:\\\/\\\/algarve7.pt\\\/#website\"},\"primaryImageOfPage\":{\"@id\":\"https:\\\/\\\/algarve7.pt\\\/index.php\\\/2020\\\/10\\\/municipio-de-faro-e-gnr-assinam-protocolo-para-promocao-de-qualidade-de-vida-dos-idosos\\\/atualidade\\\/16\\\/45\\\/#primaryimage\"},\"image\":{\"@id\":\"https:\\\/\\\/algarve7.pt\\\/index.php\\\/2020\\\/10\\\/municipio-de-faro-e-gnr-assinam-protocolo-para-promocao-de-qualidade-de-vida-dos-idosos\\\/atualidade\\\/16\\\/45\\\/#primaryimage\"},\"thumbnailUrl\":\"https:\\\/\\\/algarve7.pt\\\/wp-content\\\/uploads\\\/2020\\\/10\\\/IMG-20201001-WA0010.jpg\",\"datePublished\":\"2020-10-02T15:45:43+00:00\",\"description\":\"Munic\u00edpio de Faro e GNR assinam protocolo para promo\u00e7\u00e3o de qualidade de vida dos idosos\",\"breadcrumb\":{\"@id\":\"https:\\\/\\\/algarve7.pt\\\/index.php\\\/2020\\\/10\\\/municipio-de-faro-e-gnr-assinam-protocolo-para-promocao-de-qualidade-de-vida-dos-idosos\\\/atualidade\\\/16\\\/45\\\/#breadcrumb\"},\"inLanguage\":\"pt-PT\",\"potentialAction\":[{\"@type\":\"ReadAction\",\"target\":[\"https:\\\/\\\/algarve7.pt\\\/index.php\\\/2020\\\/10\\\/municipio-de-faro-e-gnr-assinam-protocolo-para-promocao-de-qualidade-de-vida-dos-idosos\\\/atualidade\\\/16\\\/45\\\/\"]}]},{\"@type\":\"ImageObject\",\"inLanguage\":\"pt-PT\",\"@id\":\"https:\\\/\\\/algarve7.pt\\\/index.php\\\/2020\\\/10\\\/municipio-de-faro-e-gnr-assinam-protocolo-para-promocao-de-qualidade-de-vida-dos-idosos\\\/atualidade\\\/16\\\/45\\\/#primaryimage\",\"url\":\"https:\\\/\\\/algarve7.pt\\\/wp-content\\\/uploads\\\/2020\\\/10\\\/IMG-20201001-WA0010.jpg\",\"contentUrl\":\"https:\\\/\\\/algarve7.pt\\\/wp-content\\\/uploads\\\/2020\\\/10\\\/IMG-20201001-WA0010.jpg\",\"width\":1919,\"height\":1440},{\"@type\":\"BreadcrumbList\",\"@id\":\"https:\\\/\\\/algarve7.pt\\\/index.php\\\/2020\\\/10\\\/municipio-de-faro-e-gnr-assinam-protocolo-para-promocao-de-qualidade-de-vida-dos-idosos\\\/atualidade\\\/16\\\/45\\\/#breadcrumb\",\"itemListElement\":[{\"@type\":\"ListItem\",\"position\":1,\"name\":\"In\u00edcio\",\"item\":\"https:\\\/\\\/algarve7.pt\\\/\"},{\"@type\":\"ListItem\",\"position\":2,\"name\":\"Munic\u00edpio de Faro e GNR assinam protocolo para promo\u00e7\u00e3o de qualidade de vida dos idosos\"}]},{\"@type\":\"WebSite\",\"@id\":\"https:\\\/\\\/algarve7.pt\\\/#website\",\"url\":\"https:\\\/\\\/algarve7.pt\\\/\",\"name\":\"Algarve 7\",\"description\":\"Informa\u00e7\u00e3o sobre o Algarve\",\"publisher\":{\"@id\":\"https:\\\/\\\/algarve7.pt\\\/#organization\"},\"potentialAction\":[{\"@type\":\"SearchAction\",\"target\":{\"@type\":\"EntryPoint\",\"urlTemplate\":\"https:\\\/\\\/algarve7.pt\\\/?s={search_term_string}\"},\"query-input\":{\"@type\":\"PropertyValueSpecification\",\"valueRequired\":true,\"valueName\":\"search_term_string\"}}],\"inLanguage\":\"pt-PT\"},{\"@type\":\"Organization\",\"@id\":\"https:\\\/\\\/algarve7.pt\\\/#organization\",\"name\":\"Algarve 7\",\"url\":\"https:\\\/\\\/algarve7.pt\\\/\",\"logo\":{\"@type\":\"ImageObject\",\"inLanguage\":\"pt-PT\",\"@id\":\"https:\\\/\\\/algarve7.pt\\\/#\\\/schema\\\/logo\\\/image\\\/\",\"url\":\"https:\\\/\\\/algarve7.pt\\\/wp-content\\\/uploads\\\/2020\\\/10\\\/Logo-8.jpg\",\"contentUrl\":\"https:\\\/\\\/algarve7.pt\\\/wp-content\\\/uploads\\\/2020\\\/10\\\/Logo-8.jpg\",\"width\":1680,\"height\":1186,\"caption\":\"Algarve 7\"},\"image\":{\"@id\":\"https:\\\/\\\/algarve7.pt\\\/#\\\/schema\\\/logo\\\/image\\\/\"},\"sameAs\":[\"https:\\\/\\\/www.facebook.com\\\/algarve7\",\"https:\\\/\\\/x.com\\\/Algarvesete\",\"https:\\\/\\\/www.instagram.com\\\/jornalalgarve7\\\/\",\"https:\\\/\\\/www.linkedin.com\\\/company\\\/algarve7\",\"https:\\\/\\\/www.pinterest.pt\\\/geral0939\\\/_created\\\/\"]},{\"@type\":\"Person\",\"@id\":\"https:\\\/\\\/algarve7.pt\\\/#\\\/schema\\\/person\\\/23fa70681308e7b319a3204bcea45e0c\",\"name\":\"Algarve 7\",\"sameAs\":[\"https:\\\/\\\/algarve7.pt\",\"https:\\\/\\\/www.facebook.com\\\/algarve7\"],\"url\":\"https:\\\/\\\/algarve7.pt\\\/index.php\\\/author\\\/geralalgarve7-pt\\\/\"}]}<\/script>\n<!-- \/ Yoast SEO plugin. -->","yoast_head_json":{"title":"Munic\u00edpio de Faro e GNR assinam protocolo para promo\u00e7\u00e3o de qualidade de vida dos idosos - Algarve 7","description":"Munic\u00edpio de Faro e GNR assinam protocolo para promo\u00e7\u00e3o de qualidade de vida dos idosos","robots":{"index":"index","follow":"follow","max-snippet":"max-snippet:-1","max-image-preview":"max-image-preview:large","max-video-preview":"max-video-preview:-1"},"canonical":"https:\/\/algarve7.pt\/index.php\/2020\/10\/municipio-de-faro-e-gnr-assinam-protocolo-para-promocao-de-qualidade-de-vida-dos-idosos\/atualidade\/16\/45\/","og_locale":"pt_PT","og_type":"article","og_title":"Munic\u00edpio de Faro e GNR assinam protocolo para promo\u00e7\u00e3o de qualidade de vida dos idosos - Algarve 7","og_description":"Munic\u00edpio de Faro e GNR assinam protocolo para promo\u00e7\u00e3o de qualidade de vida dos idosos","og_url":"https:\/\/algarve7.pt\/index.php\/2020\/10\/municipio-de-faro-e-gnr-assinam-protocolo-para-promocao-de-qualidade-de-vida-dos-idosos\/atualidade\/16\/45\/","og_site_name":"Algarve 7","article_publisher":"https:\/\/www.facebook.com\/algarve7","article_author":"https:\/\/www.facebook.com\/algarve7","article_published_time":"2020-10-02T15:45:43+00:00","og_image":[{"width":1919,"height":1440,"url":"https:\/\/algarve7.pt\/wp-content\/uploads\/2020\/10\/IMG-20201001-WA0010.jpg","type":"image\/jpeg"}],"author":"Algarve 7","twitter_card":"summary_large_image","twitter_creator":"@Algarvesete","twitter_site":"@Algarvesete","twitter_misc":{"Escrito por":"Algarve 7","Tempo estimado de leitura":"3 minutos"},"schema":{"@context":"https:\/\/schema.org","@graph":[{"@type":"Article","@id":"https:\/\/algarve7.pt\/index.php\/2020\/10\/municipio-de-faro-e-gnr-assinam-protocolo-para-promocao-de-qualidade-de-vida-dos-idosos\/atualidade\/16\/45\/#article","isPartOf":{"@id":"https:\/\/algarve7.pt\/index.php\/2020\/10\/municipio-de-faro-e-gnr-assinam-protocolo-para-promocao-de-qualidade-de-vida-dos-idosos\/atualidade\/16\/45\/"},"author":{"name":"Algarve 7","@id":"https:\/\/algarve7.pt\/#\/schema\/person\/23fa70681308e7b319a3204bcea45e0c"},"headline":"Munic\u00edpio de Faro e GNR assinam protocolo para promo\u00e7\u00e3o de qualidade de vida dos idosos","datePublished":"2020-10-02T15:45:43+00:00","mainEntityOfPage":{"@id":"https:\/\/algarve7.pt\/index.php\/2020\/10\/municipio-de-faro-e-gnr-assinam-protocolo-para-promocao-de-qualidade-de-vida-dos-idosos\/atualidade\/16\/45\/"},"wordCount":660,"publisher":{"@id":"https:\/\/algarve7.pt\/#organization"},"image":{"@id":"https:\/\/algarve7.pt\/index.php\/2020\/10\/municipio-de-faro-e-gnr-assinam-protocolo-para-promocao-de-qualidade-de-vida-dos-idosos\/atualidade\/16\/45\/#primaryimage"},"thumbnailUrl":"https:\/\/algarve7.pt\/wp-content\/uploads\/2020\/10\/IMG-20201001-WA0010.jpg","keywords":["Algarve","Faro","GNR"],"articleSection":["Atualidade"],"inLanguage":"pt-PT"},{"@type":"WebPage","@id":"https:\/\/algarve7.pt\/index.php\/2020\/10\/municipio-de-faro-e-gnr-assinam-protocolo-para-promocao-de-qualidade-de-vida-dos-idosos\/atualidade\/16\/45\/","url":"https:\/\/algarve7.pt\/index.php\/2020\/10\/municipio-de-faro-e-gnr-assinam-protocolo-para-promocao-de-qualidade-de-vida-dos-idosos\/atualidade\/16\/45\/","name":"Munic\u00edpio de Faro e GNR assinam protocolo para promo\u00e7\u00e3o de qualidade de vida dos idosos - Algarve 7","isPartOf":{"@id":"https:\/\/algarve7.pt\/#website"},"primaryImageOfPage":{"@id":"https:\/\/algarve7.pt\/index.php\/2020\/10\/municipio-de-faro-e-gnr-assinam-protocolo-para-promocao-de-qualidade-de-vida-dos-idosos\/atualidade\/16\/45\/#primaryimage"},"image":{"@id":"https:\/\/algarve7.pt\/index.php\/2020\/10\/municipio-de-faro-e-gnr-assinam-protocolo-para-promocao-de-qualidade-de-vida-dos-idosos\/atualidade\/16\/45\/#primaryimage"},"thumbnailUrl":"https:\/\/algarve7.pt\/wp-content\/uploads\/2020\/10\/IMG-20201001-WA0010.jpg","datePublished":"2020-10-02T15:45:43+00:00","description":"Munic\u00edpio de Faro e GNR assinam protocolo para promo\u00e7\u00e3o de qualidade de vida dos idosos","breadcrumb":{"@id":"https:\/\/algarve7.pt\/index.php\/2020\/10\/municipio-de-faro-e-gnr-assinam-protocolo-para-promocao-de-qualidade-de-vida-dos-idosos\/atualidade\/16\/45\/#breadcrumb"},"inLanguage":"pt-PT","potentialAction":[{"@type":"ReadAction","target":["https:\/\/algarve7.pt\/index.php\/2020\/10\/municipio-de-faro-e-gnr-assinam-protocolo-para-promocao-de-qualidade-de-vida-dos-idosos\/atualidade\/16\/45\/"]}]},{"@type":"ImageObject","inLanguage":"pt-PT","@id":"https:\/\/algarve7.pt\/index.php\/2020\/10\/municipio-de-faro-e-gnr-assinam-protocolo-para-promocao-de-qualidade-de-vida-dos-idosos\/atualidade\/16\/45\/#primaryimage","url":"https:\/\/algarve7.pt\/wp-content\/uploads\/2020\/10\/IMG-20201001-WA0010.jpg","contentUrl":"https:\/\/algarve7.pt\/wp-content\/uploads\/2020\/10\/IMG-20201001-WA0010.jpg","width":1919,"height":1440},{"@type":"BreadcrumbList","@id":"https:\/\/algarve7.pt\/index.php\/2020\/10\/municipio-de-faro-e-gnr-assinam-protocolo-para-promocao-de-qualidade-de-vida-dos-idosos\/atualidade\/16\/45\/#breadcrumb","itemListElement":[{"@type":"ListItem","position":1,"name":"In\u00edcio","item":"https:\/\/algarve7.pt\/"},{"@type":"ListItem","position":2,"name":"Munic\u00edpio de Faro e GNR assinam protocolo para promo\u00e7\u00e3o de qualidade de vida dos idosos"}]},{"@type":"WebSite","@id":"https:\/\/algarve7.pt\/#website","url":"https:\/\/algarve7.pt\/","name":"Algarve 7","description":"Informa\u00e7\u00e3o sobre o Algarve","publisher":{"@id":"https:\/\/algarve7.pt\/#organization"},"potentialAction":[{"@type":"SearchAction","target":{"@type":"EntryPoint","urlTemplate":"https:\/\/algarve7.pt\/?s={search_term_string}"},"query-input":{"@type":"PropertyValueSpecification","valueRequired":true,"valueName":"search_term_string"}}],"inLanguage":"pt-PT"},{"@type":"Organization","@id":"https:\/\/algarve7.pt\/#organization","name":"Algarve 7","url":"https:\/\/algarve7.pt\/","logo":{"@type":"ImageObject","inLanguage":"pt-PT","@id":"https:\/\/algarve7.pt\/#\/schema\/logo\/image\/","url":"https:\/\/algarve7.pt\/wp-content\/uploads\/2020\/10\/Logo-8.jpg","contentUrl":"https:\/\/algarve7.pt\/wp-content\/uploads\/2020\/10\/Logo-8.jpg","width":1680,"height":1186,"caption":"Algarve 7"},"image":{"@id":"https:\/\/algarve7.pt\/#\/schema\/logo\/image\/"},"sameAs":["https:\/\/www.facebook.com\/algarve7","https:\/\/x.com\/Algarvesete","https:\/\/www.instagram.com\/jornalalgarve7\/","https:\/\/www.linkedin.com\/company\/algarve7","https:\/\/www.pinterest.pt\/geral0939\/_created\/"]},{"@type":"Person","@id":"https:\/\/algarve7.pt\/#\/schema\/person\/23fa70681308e7b319a3204bcea45e0c","name":"Algarve 7","sameAs":["https:\/\/algarve7.pt","https:\/\/www.facebook.com\/algarve7"],"url":"https:\/\/algarve7.pt\/index.php\/author\/geralalgarve7-pt\/"}]}},"jetpack_publicize_connections":[],"jetpack_featured_media_url":"https:\/\/algarve7.pt\/wp-content\/uploads\/2020\/10\/IMG-20201001-WA0010.jpg","jetpack_shortlink":"https:\/\/wp.me\/pcezmW-xr","jetpack_sharing_enabled":true,"_links":{"self":[{"href":"https:\/\/algarve7.pt\/index.php\/wp-json\/wp\/v2\/posts\/2073","targetHints":{"allow":["GET"]}}],"collection":[{"href":"https:\/\/algarve7.pt\/index.php\/wp-json\/wp\/v2\/posts"}],"about":[{"href":"https:\/\/algarve7.pt\/index.php\/wp-json\/wp\/v2\/types\/post"}],"author":[{"embeddable":true,"href":"https:\/\/algarve7.pt\/index.php\/wp-json\/wp\/v2\/users\/1"}],"replies":[{"embeddable":true,"href":"https:\/\/algarve7.pt\/index.php\/wp-json\/wp\/v2\/comments?post=2073"}],"version-history":[{"count":0,"href":"https:\/\/algarve7.pt\/index.php\/wp-json\/wp\/v2\/posts\/2073\/revisions"}],"wp:featuredmedia":[{"embeddable":true,"href":"https:\/\/algarve7.pt\/index.php\/wp-json\/wp\/v2\/media\/2074"}],"wp:attachment":[{"href":"https:\/\/algarve7.pt\/index.php\/wp-json\/wp\/v2\/media?parent=2073"}],"wp:term":[{"taxonomy":"category","embeddable":true,"href":"https:\/\/algarve7.pt\/index.php\/wp-json\/wp\/v2\/categories?post=2073"},{"taxonomy":"post_tag","embeddable":true,"href":"https:\/\/algarve7.pt\/index.php\/wp-json\/wp\/v2\/tags?post=2073"}],"curies":[{"name":"wp","href":"https:\/\/api.w.org\/{rel}","templated":true}]}}