{"id":20728,"date":"2022-08-07T09:56:16","date_gmt":"2022-08-07T08:56:16","guid":{"rendered":"https:\/\/algarve7.pt\/?p=20728"},"modified":"2022-08-07T09:56:17","modified_gmt":"2022-08-07T08:56:17","slug":"estudo-internacional-alerta-para-o-impacto-das-alteracoes-climaticas-na-reciclagem-de-detritos-vegetais-em-ribeiros","status":"publish","type":"post","link":"https:\/\/algarve7.pt\/index.php\/2022\/08\/estudo-internacional-alerta-para-o-impacto-das-alteracoes-climaticas-na-reciclagem-de-detritos-vegetais-em-ribeiros\/ambiente\/09\/56\/","title":{"rendered":"Estudo internacional alerta para o impacto das altera\u00e7\u00f5es clim\u00e1ticas na reciclagem de detritos vegetais em ribeiros\u00a0"},"content":{"rendered":"\n<p class=\"wp-block-paragraph\">O eventual desaparecimento dos pequenos animais que vivem associados \u00e0s areias, pedras e plantas aqu\u00e1ticas dos ribeiros, em resultado de altera\u00e7\u00f5es ambientais induzidas pelas atividades humanas ou altera\u00e7\u00f5es clim\u00e1ticas, ter\u00e1 um grande impacto na decomposi\u00e7\u00e3o das folhadas, com efeitos nos ciclos dos nutrientes e do carbono.<\/p>\n\n\n\n<p class=\"wp-block-paragraph\">O alerta \u00e9 de um estudo internacional, no qual participou Ver\u00f3nica Ferreira, investigadora do Centro de Ci\u00eancias do Mar e do Ambiente (MARE) da Faculdade de Ci\u00eancias e Tecnologia da Universidade de Coimbra (FCTUC), que avaliou os efeitos dos invertebrados na decomposi\u00e7\u00e3o de detritos vegetais em ribeiros a n\u00edvel global.<\/p>\n\n\n\n<p class=\"wp-block-paragraph\">Neste estudo, publicado na <em>Biological Reviews<\/em>, uma equipa de 13 investigadores de 7 pa\u00edses, liderada por Kay Yue e Fuzhong Wu (Fujian Normal University, China), efetuou uma meta-an\u00e1lise para avaliar quais os fatores que controlam o papel dos invertebrados no processo de decomposi\u00e7\u00e3o de detritos vegetais em ribeiros. A t\u00e9cnica utilizada \u2013 meta-an\u00e1lise \u2013 permite a \u00ab<strong>integra\u00e7\u00e3o de evid\u00eancia cient\u00edfica publicada para abordar quest\u00f5es a larga escala e at\u00e9 mesmo novas quest\u00f5es que ainda n\u00e3o tenham sido abordadas empiricamente<\/strong>\u00bb, explica Ver\u00f3nica Ferreira. Foram considerados 141 estudos que cumpriam crit\u00e9rios espec\u00edficos, que contribu\u00edram com 2707 observa\u00e7\u00f5es em ribeiros n\u00e3o polu\u00eddos distribu\u00eddos principalmente pela Am\u00e9rica do Norte, Am\u00e9rica do Sul, Europa, \u00c1sia Oriental e Oce\u00e2nia.<\/p>\n\n\n\n<p class=\"wp-block-paragraph\">Sobre a import\u00e2ncia de estudar estes processos, a investigadora da FCTUC real\u00e7a que os ribeiros, que constituem a maioria das linhas de \u00e1gua numa bacia hidrogr\u00e1fica, \u00ab<strong>recebem grande quantidade de detritos vegetais produzidos pela vegeta\u00e7\u00e3o circundante e s\u00e3o estes detritos que v\u00e3o sustentar em grande parte as cadeias alimentares nestes ecossistemas e tamb\u00e9m a jusante, incluindo grandes rios e zonas costeiras<\/strong>\u00bb.<\/p>\n\n\n\n<p class=\"wp-block-paragraph\">A decomposi\u00e7\u00e3o de detritos vegetais, prossegue, \u00e9 assim um \u00ab<strong>processo fundamental em ribeiros porque sustenta as cadeias alimentares aqu\u00e1ticas e \u00e9 parte integrante dos ciclos de nutrientes e de carbono a n\u00edvel global. \u00c9 especialmente importante compreender quem s\u00e3o os organismos intervenientes neste processo e como \u00e9 que estes organismos reagem a altera\u00e7\u00f5es ambientais, porque altera\u00e7\u00f5es na decomposi\u00e7\u00e3o de detritos vegetais t\u00eam implica\u00e7\u00f5es nas cadeias alimentares e nos ciclos de nutrientes e de carbono<\/strong>\u00bb.<\/p>\n\n\n\n<p class=\"wp-block-paragraph\">Neste estudo, verificou-se que, a n\u00edvel global, a presen\u00e7a de invertebrados estimula a decomposi\u00e7\u00e3o de folhadas em m\u00e9dia em 74%, sendo o efeito mais forte quanto maior a densidade, biomassa e diversidade de invertebrados. Este resultado sugere que o eventual desaparecimento dos invertebrados dos ribeiros, em resultado de altera\u00e7\u00f5es ambientais induzidas pelas atividades humanas ou altera\u00e7\u00f5es clim\u00e1ticas, ter\u00e1 um grande impacto na decomposi\u00e7\u00e3o das folhadas, com efeitos nos ciclos dos nutrientes e do carbono.<\/p>\n\n\n\n<p class=\"wp-block-paragraph\">Mas a maior surpresa para os investigadores foi o facto de verificarem que o papel dos invertebrados na decomposi\u00e7\u00e3o de folhadas \u00e9 maior na fase inicial do que nas fases interm\u00e9dias ou avan\u00e7adas do processo de decomposi\u00e7\u00e3o, ao contr\u00e1rio do que se pensava at\u00e9 agora. \u00ab<strong>Isto \u00e9 surpreendente porque tem sido demonstrado que os invertebrados trituradores preferem consumir folhada que j\u00e1 foi colonizada pelos decompositores microbianos que enriquecem a folhada em nutrientes e a tornam mais palat\u00e1vel. No entanto, o maior papel dos invertebrados durante a fase inicial do processo sugere que os invertebrados podem estar menos dependentes da pr\u00e9-coloniza\u00e7\u00e3o microbiana da folhada do que se pensava<\/strong>\u00bb, afirma Ver\u00f3nica Ferreira.<\/p>\n\n\n\n<p class=\"wp-block-paragraph\">O estudo mostrou ainda que, \u00e0 escala global, \u00ab<strong>carater\u00edsticas ambientais, como acidez da \u00e1gua, concentra\u00e7\u00e3o de oxig\u00e9nio e temperatura, e carater\u00edsticas da folha s\u00e3o igualmente importantes para regular o papel dos invertebrados na decomposi\u00e7\u00e3o<\/strong>\u00bb.<\/p>\n\n\n\n<p class=\"wp-block-paragraph\">Face aos resultados obtidos, os investigadores destacam a import\u00e2ncia de se considerar os invertebrados em modelos globais de decomposi\u00e7\u00e3o de detritos vegetais em ribeiros, para melhor descrever e antecipar os fluxos de carbono a n\u00edvel global.<\/p>\n\n\n\n<p class=\"wp-block-paragraph\">O artigo cient\u00edfico est\u00e1 dispon\u00edvel: <a href=\"https:\/\/onlinelibrary.wiley.com\/doi\/full\/10.1111\/brv.12880\" target=\"_blank\" rel=\"noreferrer noopener\">aqui<\/a><\/p>\n","protected":false},"excerpt":{"rendered":"<p>O eventual desaparecimento dos pequenos animais que vivem associados \u00e0s areias, pedras e plantas aqu\u00e1ticas dos ribeiros, em resultado de<\/p>\n","protected":false},"author":1,"featured_media":20729,"comment_status":"closed","ping_status":"open","sticky":false,"template":"","format":"standard","meta":{"colormag_page_container_layout":"default_layout","colormag_page_sidebar_layout":"default_layout","_monsterinsights_skip_tracking":false,"_jetpack_newsletter_access":"","_jetpack_dont_email_post_to_subs":false,"_jetpack_newsletter_tier_id":0,"_jetpack_memberships_contains_paywalled_content":false,"_jetpack_feature_clip_id":0,"_jetpack_memberships_contains_paid_content":false,"footnotes":"","jetpack_publicize_message":"","jetpack_publicize_feature_enabled":true,"jetpack_social_post_already_shared":true,"jetpack_social_options":{"image_generator_settings":{"template":"highway","default_image_id":0,"font":"","enabled":false},"version":2},"jetpack_post_was_ever_published":false},"categories":[5,189],"tags":[32,98,299],"class_list":["post-20728","post","type-post","status-publish","format-standard","has-post-thumbnail","hentry","category-ambiente","category-nacional","tag-ambiente","tag-nacional","tag-universidade-coimbra"],"yoast_head":"<!-- This site is optimized with the Yoast SEO plugin v28.4 - https:\/\/yoast.com\/product\/yoast-seo-wordpress\/ -->\n<title>Estudo internacional alerta para o impacto das altera\u00e7\u00f5es clim\u00e1ticas na reciclagem de detritos vegetais em ribeiros\u00a0 - Algarve 7<\/title>\n<meta name=\"description\" content=\"Estudo internacional alerta para o impacto das altera\u00e7\u00f5es clim\u00e1ticas na reciclagem de detritos vegetais em ribeiros\u00a0 Ambiente\" \/>\n<meta name=\"robots\" content=\"index, follow, max-snippet:-1, max-image-preview:large, max-video-preview:-1\" \/>\n<link rel=\"canonical\" href=\"https:\/\/algarve7.pt\/index.php\/2022\/08\/estudo-internacional-alerta-para-o-impacto-das-alteracoes-climaticas-na-reciclagem-de-detritos-vegetais-em-ribeiros\/ambiente\/09\/56\/\" \/>\n<meta property=\"og:locale\" content=\"pt_PT\" \/>\n<meta property=\"og:type\" content=\"article\" \/>\n<meta property=\"og:title\" content=\"Estudo internacional alerta para o impacto das altera\u00e7\u00f5es clim\u00e1ticas na reciclagem de detritos vegetais em ribeiros\u00a0 - Algarve 7\" \/>\n<meta property=\"og:description\" content=\"Estudo internacional alerta para o impacto das altera\u00e7\u00f5es clim\u00e1ticas na reciclagem de detritos vegetais em ribeiros\u00a0 Ambiente\" \/>\n<meta property=\"og:url\" content=\"https:\/\/algarve7.pt\/index.php\/2022\/08\/estudo-internacional-alerta-para-o-impacto-das-alteracoes-climaticas-na-reciclagem-de-detritos-vegetais-em-ribeiros\/ambiente\/09\/56\/\" \/>\n<meta property=\"og:site_name\" content=\"Algarve 7\" \/>\n<meta property=\"article:publisher\" content=\"https:\/\/www.facebook.com\/algarve7\" \/>\n<meta property=\"article:author\" content=\"https:\/\/www.facebook.com\/algarve7\" \/>\n<meta property=\"article:published_time\" content=\"2022-08-07T08:56:16+00:00\" \/>\n<meta property=\"article:modified_time\" content=\"2022-08-07T08:56:17+00:00\" \/>\n<meta property=\"og:image\" content=\"https:\/\/algarve7.pt\/wp-content\/uploads\/2022\/08\/Candal.jpg\" \/>\n\t<meta property=\"og:image:width\" content=\"1659\" \/>\n\t<meta property=\"og:image:height\" content=\"1948\" \/>\n\t<meta property=\"og:image:type\" content=\"image\/jpeg\" \/>\n<meta name=\"author\" content=\"Algarve 7\" \/>\n<meta name=\"twitter:card\" content=\"summary_large_image\" \/>\n<meta name=\"twitter:creator\" content=\"@Algarvesete\" \/>\n<meta name=\"twitter:site\" content=\"@Algarvesete\" \/>\n<meta name=\"twitter:label1\" content=\"Escrito por\" \/>\n\t<meta name=\"twitter:data1\" content=\"Algarve 7\" \/>\n\t<meta name=\"twitter:label2\" content=\"Tempo estimado de leitura\" \/>\n\t<meta name=\"twitter:data2\" content=\"4 minutos\" \/>\n<script type=\"application\/ld+json\" class=\"yoast-schema-graph\">{\"@context\":\"https:\\\/\\\/schema.org\",\"@graph\":[{\"@type\":\"Article\",\"@id\":\"https:\\\/\\\/algarve7.pt\\\/index.php\\\/2022\\\/08\\\/estudo-internacional-alerta-para-o-impacto-das-alteracoes-climaticas-na-reciclagem-de-detritos-vegetais-em-ribeiros\\\/ambiente\\\/09\\\/56\\\/#article\",\"isPartOf\":{\"@id\":\"https:\\\/\\\/algarve7.pt\\\/index.php\\\/2022\\\/08\\\/estudo-internacional-alerta-para-o-impacto-das-alteracoes-climaticas-na-reciclagem-de-detritos-vegetais-em-ribeiros\\\/ambiente\\\/09\\\/56\\\/\"},\"author\":{\"name\":\"Algarve 7\",\"@id\":\"https:\\\/\\\/algarve7.pt\\\/#\\\/schema\\\/person\\\/23fa70681308e7b319a3204bcea45e0c\"},\"headline\":\"Estudo internacional alerta para o impacto das altera\u00e7\u00f5es clim\u00e1ticas na reciclagem de detritos vegetais em ribeiros\u00a0\",\"datePublished\":\"2022-08-07T08:56:16+00:00\",\"dateModified\":\"2022-08-07T08:56:17+00:00\",\"mainEntityOfPage\":{\"@id\":\"https:\\\/\\\/algarve7.pt\\\/index.php\\\/2022\\\/08\\\/estudo-internacional-alerta-para-o-impacto-das-alteracoes-climaticas-na-reciclagem-de-detritos-vegetais-em-ribeiros\\\/ambiente\\\/09\\\/56\\\/\"},\"wordCount\":683,\"publisher\":{\"@id\":\"https:\\\/\\\/algarve7.pt\\\/#organization\"},\"image\":{\"@id\":\"https:\\\/\\\/algarve7.pt\\\/index.php\\\/2022\\\/08\\\/estudo-internacional-alerta-para-o-impacto-das-alteracoes-climaticas-na-reciclagem-de-detritos-vegetais-em-ribeiros\\\/ambiente\\\/09\\\/56\\\/#primaryimage\"},\"thumbnailUrl\":\"https:\\\/\\\/algarve7.pt\\\/wp-content\\\/uploads\\\/2022\\\/08\\\/Candal.jpg\",\"keywords\":[\"Ambiente\",\"Nacional\",\"Universidade Coimbra\"],\"articleSection\":[\"Ambiente\",\"Nacional\"],\"inLanguage\":\"pt-PT\"},{\"@type\":\"WebPage\",\"@id\":\"https:\\\/\\\/algarve7.pt\\\/index.php\\\/2022\\\/08\\\/estudo-internacional-alerta-para-o-impacto-das-alteracoes-climaticas-na-reciclagem-de-detritos-vegetais-em-ribeiros\\\/ambiente\\\/09\\\/56\\\/\",\"url\":\"https:\\\/\\\/algarve7.pt\\\/index.php\\\/2022\\\/08\\\/estudo-internacional-alerta-para-o-impacto-das-alteracoes-climaticas-na-reciclagem-de-detritos-vegetais-em-ribeiros\\\/ambiente\\\/09\\\/56\\\/\",\"name\":\"Estudo internacional alerta para o impacto das altera\u00e7\u00f5es clim\u00e1ticas na reciclagem de detritos vegetais em ribeiros\u00a0 - Algarve 7\",\"isPartOf\":{\"@id\":\"https:\\\/\\\/algarve7.pt\\\/#website\"},\"primaryImageOfPage\":{\"@id\":\"https:\\\/\\\/algarve7.pt\\\/index.php\\\/2022\\\/08\\\/estudo-internacional-alerta-para-o-impacto-das-alteracoes-climaticas-na-reciclagem-de-detritos-vegetais-em-ribeiros\\\/ambiente\\\/09\\\/56\\\/#primaryimage\"},\"image\":{\"@id\":\"https:\\\/\\\/algarve7.pt\\\/index.php\\\/2022\\\/08\\\/estudo-internacional-alerta-para-o-impacto-das-alteracoes-climaticas-na-reciclagem-de-detritos-vegetais-em-ribeiros\\\/ambiente\\\/09\\\/56\\\/#primaryimage\"},\"thumbnailUrl\":\"https:\\\/\\\/algarve7.pt\\\/wp-content\\\/uploads\\\/2022\\\/08\\\/Candal.jpg\",\"datePublished\":\"2022-08-07T08:56:16+00:00\",\"dateModified\":\"2022-08-07T08:56:17+00:00\",\"description\":\"Estudo internacional alerta para o impacto das altera\u00e7\u00f5es clim\u00e1ticas na reciclagem de detritos vegetais em ribeiros\u00a0 Ambiente\",\"breadcrumb\":{\"@id\":\"https:\\\/\\\/algarve7.pt\\\/index.php\\\/2022\\\/08\\\/estudo-internacional-alerta-para-o-impacto-das-alteracoes-climaticas-na-reciclagem-de-detritos-vegetais-em-ribeiros\\\/ambiente\\\/09\\\/56\\\/#breadcrumb\"},\"inLanguage\":\"pt-PT\",\"potentialAction\":[{\"@type\":\"ReadAction\",\"target\":[\"https:\\\/\\\/algarve7.pt\\\/index.php\\\/2022\\\/08\\\/estudo-internacional-alerta-para-o-impacto-das-alteracoes-climaticas-na-reciclagem-de-detritos-vegetais-em-ribeiros\\\/ambiente\\\/09\\\/56\\\/\"]}]},{\"@type\":\"ImageObject\",\"inLanguage\":\"pt-PT\",\"@id\":\"https:\\\/\\\/algarve7.pt\\\/index.php\\\/2022\\\/08\\\/estudo-internacional-alerta-para-o-impacto-das-alteracoes-climaticas-na-reciclagem-de-detritos-vegetais-em-ribeiros\\\/ambiente\\\/09\\\/56\\\/#primaryimage\",\"url\":\"https:\\\/\\\/algarve7.pt\\\/wp-content\\\/uploads\\\/2022\\\/08\\\/Candal.jpg\",\"contentUrl\":\"https:\\\/\\\/algarve7.pt\\\/wp-content\\\/uploads\\\/2022\\\/08\\\/Candal.jpg\",\"width\":1659,\"height\":1948},{\"@type\":\"BreadcrumbList\",\"@id\":\"https:\\\/\\\/algarve7.pt\\\/index.php\\\/2022\\\/08\\\/estudo-internacional-alerta-para-o-impacto-das-alteracoes-climaticas-na-reciclagem-de-detritos-vegetais-em-ribeiros\\\/ambiente\\\/09\\\/56\\\/#breadcrumb\",\"itemListElement\":[{\"@type\":\"ListItem\",\"position\":1,\"name\":\"In\u00edcio\",\"item\":\"https:\\\/\\\/algarve7.pt\\\/\"},{\"@type\":\"ListItem\",\"position\":2,\"name\":\"Estudo internacional alerta para o impacto das altera\u00e7\u00f5es clim\u00e1ticas na reciclagem de detritos vegetais em ribeiros\u00a0\"}]},{\"@type\":\"WebSite\",\"@id\":\"https:\\\/\\\/algarve7.pt\\\/#website\",\"url\":\"https:\\\/\\\/algarve7.pt\\\/\",\"name\":\"Algarve 7\",\"description\":\"Informa\u00e7\u00e3o sobre o Algarve\",\"publisher\":{\"@id\":\"https:\\\/\\\/algarve7.pt\\\/#organization\"},\"potentialAction\":[{\"@type\":\"SearchAction\",\"target\":{\"@type\":\"EntryPoint\",\"urlTemplate\":\"https:\\\/\\\/algarve7.pt\\\/?s={search_term_string}\"},\"query-input\":{\"@type\":\"PropertyValueSpecification\",\"valueRequired\":true,\"valueName\":\"search_term_string\"}}],\"inLanguage\":\"pt-PT\"},{\"@type\":\"Organization\",\"@id\":\"https:\\\/\\\/algarve7.pt\\\/#organization\",\"name\":\"Algarve 7\",\"url\":\"https:\\\/\\\/algarve7.pt\\\/\",\"logo\":{\"@type\":\"ImageObject\",\"inLanguage\":\"pt-PT\",\"@id\":\"https:\\\/\\\/algarve7.pt\\\/#\\\/schema\\\/logo\\\/image\\\/\",\"url\":\"https:\\\/\\\/algarve7.pt\\\/wp-content\\\/uploads\\\/2020\\\/10\\\/Logo-8.jpg\",\"contentUrl\":\"https:\\\/\\\/algarve7.pt\\\/wp-content\\\/uploads\\\/2020\\\/10\\\/Logo-8.jpg\",\"width\":1680,\"height\":1186,\"caption\":\"Algarve 7\"},\"image\":{\"@id\":\"https:\\\/\\\/algarve7.pt\\\/#\\\/schema\\\/logo\\\/image\\\/\"},\"sameAs\":[\"https:\\\/\\\/www.facebook.com\\\/algarve7\",\"https:\\\/\\\/x.com\\\/Algarvesete\",\"https:\\\/\\\/www.instagram.com\\\/jornalalgarve7\\\/\",\"https:\\\/\\\/www.linkedin.com\\\/company\\\/algarve7\",\"https:\\\/\\\/www.pinterest.pt\\\/geral0939\\\/_created\\\/\"]},{\"@type\":\"Person\",\"@id\":\"https:\\\/\\\/algarve7.pt\\\/#\\\/schema\\\/person\\\/23fa70681308e7b319a3204bcea45e0c\",\"name\":\"Algarve 7\",\"sameAs\":[\"https:\\\/\\\/algarve7.pt\",\"https:\\\/\\\/www.facebook.com\\\/algarve7\"],\"url\":\"https:\\\/\\\/algarve7.pt\\\/index.php\\\/author\\\/geralalgarve7-pt\\\/\"}]}<\/script>\n<!-- \/ Yoast SEO plugin. -->","yoast_head_json":{"title":"Estudo internacional alerta para o impacto das altera\u00e7\u00f5es clim\u00e1ticas na reciclagem de detritos vegetais em ribeiros\u00a0 - Algarve 7","description":"Estudo internacional alerta para o impacto das altera\u00e7\u00f5es clim\u00e1ticas na reciclagem de detritos vegetais em ribeiros\u00a0 Ambiente","robots":{"index":"index","follow":"follow","max-snippet":"max-snippet:-1","max-image-preview":"max-image-preview:large","max-video-preview":"max-video-preview:-1"},"canonical":"https:\/\/algarve7.pt\/index.php\/2022\/08\/estudo-internacional-alerta-para-o-impacto-das-alteracoes-climaticas-na-reciclagem-de-detritos-vegetais-em-ribeiros\/ambiente\/09\/56\/","og_locale":"pt_PT","og_type":"article","og_title":"Estudo internacional alerta para o impacto das altera\u00e7\u00f5es clim\u00e1ticas na reciclagem de detritos vegetais em ribeiros\u00a0 - Algarve 7","og_description":"Estudo internacional alerta para o impacto das altera\u00e7\u00f5es clim\u00e1ticas na reciclagem de detritos vegetais em ribeiros\u00a0 Ambiente","og_url":"https:\/\/algarve7.pt\/index.php\/2022\/08\/estudo-internacional-alerta-para-o-impacto-das-alteracoes-climaticas-na-reciclagem-de-detritos-vegetais-em-ribeiros\/ambiente\/09\/56\/","og_site_name":"Algarve 7","article_publisher":"https:\/\/www.facebook.com\/algarve7","article_author":"https:\/\/www.facebook.com\/algarve7","article_published_time":"2022-08-07T08:56:16+00:00","article_modified_time":"2022-08-07T08:56:17+00:00","og_image":[{"width":1659,"height":1948,"url":"https:\/\/algarve7.pt\/wp-content\/uploads\/2022\/08\/Candal.jpg","type":"image\/jpeg"}],"author":"Algarve 7","twitter_card":"summary_large_image","twitter_creator":"@Algarvesete","twitter_site":"@Algarvesete","twitter_misc":{"Escrito por":"Algarve 7","Tempo estimado de leitura":"4 minutos"},"schema":{"@context":"https:\/\/schema.org","@graph":[{"@type":"Article","@id":"https:\/\/algarve7.pt\/index.php\/2022\/08\/estudo-internacional-alerta-para-o-impacto-das-alteracoes-climaticas-na-reciclagem-de-detritos-vegetais-em-ribeiros\/ambiente\/09\/56\/#article","isPartOf":{"@id":"https:\/\/algarve7.pt\/index.php\/2022\/08\/estudo-internacional-alerta-para-o-impacto-das-alteracoes-climaticas-na-reciclagem-de-detritos-vegetais-em-ribeiros\/ambiente\/09\/56\/"},"author":{"name":"Algarve 7","@id":"https:\/\/algarve7.pt\/#\/schema\/person\/23fa70681308e7b319a3204bcea45e0c"},"headline":"Estudo internacional alerta para o impacto das altera\u00e7\u00f5es clim\u00e1ticas na reciclagem de detritos vegetais em ribeiros\u00a0","datePublished":"2022-08-07T08:56:16+00:00","dateModified":"2022-08-07T08:56:17+00:00","mainEntityOfPage":{"@id":"https:\/\/algarve7.pt\/index.php\/2022\/08\/estudo-internacional-alerta-para-o-impacto-das-alteracoes-climaticas-na-reciclagem-de-detritos-vegetais-em-ribeiros\/ambiente\/09\/56\/"},"wordCount":683,"publisher":{"@id":"https:\/\/algarve7.pt\/#organization"},"image":{"@id":"https:\/\/algarve7.pt\/index.php\/2022\/08\/estudo-internacional-alerta-para-o-impacto-das-alteracoes-climaticas-na-reciclagem-de-detritos-vegetais-em-ribeiros\/ambiente\/09\/56\/#primaryimage"},"thumbnailUrl":"https:\/\/algarve7.pt\/wp-content\/uploads\/2022\/08\/Candal.jpg","keywords":["Ambiente","Nacional","Universidade Coimbra"],"articleSection":["Ambiente","Nacional"],"inLanguage":"pt-PT"},{"@type":"WebPage","@id":"https:\/\/algarve7.pt\/index.php\/2022\/08\/estudo-internacional-alerta-para-o-impacto-das-alteracoes-climaticas-na-reciclagem-de-detritos-vegetais-em-ribeiros\/ambiente\/09\/56\/","url":"https:\/\/algarve7.pt\/index.php\/2022\/08\/estudo-internacional-alerta-para-o-impacto-das-alteracoes-climaticas-na-reciclagem-de-detritos-vegetais-em-ribeiros\/ambiente\/09\/56\/","name":"Estudo internacional alerta para o impacto das altera\u00e7\u00f5es clim\u00e1ticas na reciclagem de detritos vegetais em ribeiros\u00a0 - Algarve 7","isPartOf":{"@id":"https:\/\/algarve7.pt\/#website"},"primaryImageOfPage":{"@id":"https:\/\/algarve7.pt\/index.php\/2022\/08\/estudo-internacional-alerta-para-o-impacto-das-alteracoes-climaticas-na-reciclagem-de-detritos-vegetais-em-ribeiros\/ambiente\/09\/56\/#primaryimage"},"image":{"@id":"https:\/\/algarve7.pt\/index.php\/2022\/08\/estudo-internacional-alerta-para-o-impacto-das-alteracoes-climaticas-na-reciclagem-de-detritos-vegetais-em-ribeiros\/ambiente\/09\/56\/#primaryimage"},"thumbnailUrl":"https:\/\/algarve7.pt\/wp-content\/uploads\/2022\/08\/Candal.jpg","datePublished":"2022-08-07T08:56:16+00:00","dateModified":"2022-08-07T08:56:17+00:00","description":"Estudo internacional alerta para o impacto das altera\u00e7\u00f5es clim\u00e1ticas na reciclagem de detritos vegetais em ribeiros\u00a0 Ambiente","breadcrumb":{"@id":"https:\/\/algarve7.pt\/index.php\/2022\/08\/estudo-internacional-alerta-para-o-impacto-das-alteracoes-climaticas-na-reciclagem-de-detritos-vegetais-em-ribeiros\/ambiente\/09\/56\/#breadcrumb"},"inLanguage":"pt-PT","potentialAction":[{"@type":"ReadAction","target":["https:\/\/algarve7.pt\/index.php\/2022\/08\/estudo-internacional-alerta-para-o-impacto-das-alteracoes-climaticas-na-reciclagem-de-detritos-vegetais-em-ribeiros\/ambiente\/09\/56\/"]}]},{"@type":"ImageObject","inLanguage":"pt-PT","@id":"https:\/\/algarve7.pt\/index.php\/2022\/08\/estudo-internacional-alerta-para-o-impacto-das-alteracoes-climaticas-na-reciclagem-de-detritos-vegetais-em-ribeiros\/ambiente\/09\/56\/#primaryimage","url":"https:\/\/algarve7.pt\/wp-content\/uploads\/2022\/08\/Candal.jpg","contentUrl":"https:\/\/algarve7.pt\/wp-content\/uploads\/2022\/08\/Candal.jpg","width":1659,"height":1948},{"@type":"BreadcrumbList","@id":"https:\/\/algarve7.pt\/index.php\/2022\/08\/estudo-internacional-alerta-para-o-impacto-das-alteracoes-climaticas-na-reciclagem-de-detritos-vegetais-em-ribeiros\/ambiente\/09\/56\/#breadcrumb","itemListElement":[{"@type":"ListItem","position":1,"name":"In\u00edcio","item":"https:\/\/algarve7.pt\/"},{"@type":"ListItem","position":2,"name":"Estudo internacional alerta para o impacto das altera\u00e7\u00f5es clim\u00e1ticas na reciclagem de detritos vegetais em ribeiros\u00a0"}]},{"@type":"WebSite","@id":"https:\/\/algarve7.pt\/#website","url":"https:\/\/algarve7.pt\/","name":"Algarve 7","description":"Informa\u00e7\u00e3o sobre o Algarve","publisher":{"@id":"https:\/\/algarve7.pt\/#organization"},"potentialAction":[{"@type":"SearchAction","target":{"@type":"EntryPoint","urlTemplate":"https:\/\/algarve7.pt\/?s={search_term_string}"},"query-input":{"@type":"PropertyValueSpecification","valueRequired":true,"valueName":"search_term_string"}}],"inLanguage":"pt-PT"},{"@type":"Organization","@id":"https:\/\/algarve7.pt\/#organization","name":"Algarve 7","url":"https:\/\/algarve7.pt\/","logo":{"@type":"ImageObject","inLanguage":"pt-PT","@id":"https:\/\/algarve7.pt\/#\/schema\/logo\/image\/","url":"https:\/\/algarve7.pt\/wp-content\/uploads\/2020\/10\/Logo-8.jpg","contentUrl":"https:\/\/algarve7.pt\/wp-content\/uploads\/2020\/10\/Logo-8.jpg","width":1680,"height":1186,"caption":"Algarve 7"},"image":{"@id":"https:\/\/algarve7.pt\/#\/schema\/logo\/image\/"},"sameAs":["https:\/\/www.facebook.com\/algarve7","https:\/\/x.com\/Algarvesete","https:\/\/www.instagram.com\/jornalalgarve7\/","https:\/\/www.linkedin.com\/company\/algarve7","https:\/\/www.pinterest.pt\/geral0939\/_created\/"]},{"@type":"Person","@id":"https:\/\/algarve7.pt\/#\/schema\/person\/23fa70681308e7b319a3204bcea45e0c","name":"Algarve 7","sameAs":["https:\/\/algarve7.pt","https:\/\/www.facebook.com\/algarve7"],"url":"https:\/\/algarve7.pt\/index.php\/author\/geralalgarve7-pt\/"}]}},"jetpack_publicize_connections":[],"jetpack_shortlink":"https:\/\/wp.me\/pcezmW-5ok","jetpack_sharing_enabled":true,"jetpack_featured_media_url":"https:\/\/algarve7.pt\/wp-content\/uploads\/2022\/08\/Candal.jpg","_links":{"self":[{"href":"https:\/\/algarve7.pt\/index.php\/wp-json\/wp\/v2\/posts\/20728","targetHints":{"allow":["GET"]}}],"collection":[{"href":"https:\/\/algarve7.pt\/index.php\/wp-json\/wp\/v2\/posts"}],"about":[{"href":"https:\/\/algarve7.pt\/index.php\/wp-json\/wp\/v2\/types\/post"}],"author":[{"embeddable":true,"href":"https:\/\/algarve7.pt\/index.php\/wp-json\/wp\/v2\/users\/1"}],"replies":[{"embeddable":true,"href":"https:\/\/algarve7.pt\/index.php\/wp-json\/wp\/v2\/comments?post=20728"}],"version-history":[{"count":0,"href":"https:\/\/algarve7.pt\/index.php\/wp-json\/wp\/v2\/posts\/20728\/revisions"}],"wp:featuredmedia":[{"embeddable":true,"href":"https:\/\/algarve7.pt\/index.php\/wp-json\/wp\/v2\/media\/20729"}],"wp:attachment":[{"href":"https:\/\/algarve7.pt\/index.php\/wp-json\/wp\/v2\/media?parent=20728"}],"wp:term":[{"taxonomy":"category","embeddable":true,"href":"https:\/\/algarve7.pt\/index.php\/wp-json\/wp\/v2\/categories?post=20728"},{"taxonomy":"post_tag","embeddable":true,"href":"https:\/\/algarve7.pt\/index.php\/wp-json\/wp\/v2\/tags?post=20728"}],"curies":[{"name":"wp","href":"https:\/\/api.w.org\/{rel}","templated":true}]}}