{"id":20725,"date":"2022-08-07T09:50:41","date_gmt":"2022-08-07T08:50:41","guid":{"rendered":"https:\/\/algarve7.pt\/?p=20725"},"modified":"2022-08-07T09:50:42","modified_gmt":"2022-08-07T08:50:42","slug":"ualg-vai-construir-duas-novas-residencias-e-renovar-seis","status":"publish","type":"post","link":"https:\/\/algarve7.pt\/index.php\/2022\/08\/ualg-vai-construir-duas-novas-residencias-e-renovar-seis\/educacao\/09\/50\/","title":{"rendered":"UAlg vai construir duas novas resid\u00eancias e renovar seis"},"content":{"rendered":"\n<p>Financiamento superior a 13 milh\u00f5es de euros, atribu\u00eddo \u00e0 Universidade do Algarve (UAlg) no \u00e2mbito do Plano Nacional para o Alojamento no Ensino Superior, ser\u00e1 aplicado na constru\u00e7\u00e3o de duas novas resid\u00eancias universit\u00e1rias e na renova\u00e7\u00e3o de seis resid\u00eancias j\u00e1 existentes. A capacidade total de alojamento da UAlg passar\u00e1 de 552 para 844 camas.<\/p>\n\n\n\n<p>A Universidade do Algarve &nbsp;acaba de ver aprovada a atribui\u00e7\u00e3o de um financiamento de 13,7 milh\u00f5es de euros, ao abrigo do Plano Nacional para o Alojamento no Ensino Superior (PNAES), a aplicar num plano ambicioso que prev\u00ea a abertura, at\u00e9 meados de 2024, de duas novas resid\u00eancias e a requalifica\u00e7\u00e3o\/renova\u00e7\u00e3o de seis j\u00e1 existentes, num esfor\u00e7o que permitir\u00e1 disponibilizar 292 novas camas para estudantes.<\/p>\n\n\n\n<p>Do valor atribu\u00eddo \u00e0s oito candidaturas da UAlg aprovadas para financiamento do Programa de Recupera\u00e7\u00e3o e Resili\u00eancia (PRR), a maior tranche \u2013 9,37 milh\u00f5es de euros \u2013 tem como destino a constru\u00e7\u00e3o de duas novas unidades de alojamento estudantil dentro dos campi da universidade, uma no campus de Gambelas (com 162 camas) e outra no campus da Penha (com 125 camas).<\/p>\n\n\n\n<p>Para al\u00e9m das novas resid\u00eancias, a UAlg garantiu tamb\u00e9m um financiamento de 4,36 milh\u00f5es de euros para avan\u00e7ar com a renova\u00e7\u00e3o, at\u00e9 final de 2023, das resid\u00eancias Berlim (444.092,00 euros), Ferragial 17 (797.347,00 euros), Ferragial 16 (797.347,00 euros), Penha (1.029.486,00 euros), Lote E (797.347,00 euros) e Lote O (494.557,00 euros).<\/p>\n\n\n\n<p>Abrangendo um total de 432 camas, estas seis interven\u00e7\u00f5es ter\u00e3o um custo total de 5,16 milh\u00f5es de euros e v\u00e3o permitir melhorar as condi\u00e7\u00f5es de habitabilidade de um conjunto de infraestruturas que, entre si, garantem mais de 80% das vagas oferecidas (552 camas), atualmente, pela Universidade do Algarve, para alojamento estudantil.<\/p>\n\n\n\n<p>No seu conjunto, os oito projetos agora aprovados implicar\u00e3o um investimento total de 14,54 milh\u00f5es de euros, dos quais 804 mil ser\u00e3o assegurados pela Universidade e o valor restantes pelo PRR.<\/p>\n\n\n\n<p><strong>&#8220;O aumento da oferta de alojamento tornar\u00e1 o ensino superior mais acess\u00edvel, em particular para as fam\u00edlias mais carenciadas&#8221;<\/strong><\/p>\n\n\n\n<p>Com os projetos agora aprovados para financiamento, a Universidade assegurar\u00e1 um firme contributo na invers\u00e3o da car\u00eancia de alojamento estudantil a pre\u00e7os acess\u00edveis na regi\u00e3o do Algarve, em particular na cidade de Faro, sendo que para&nbsp;<strong>Paulo \u00c1guas,<\/strong>&nbsp;Reitor da UAlg, constitui uma excelente not\u00edcia para os estudantes deslocados uma vez que as despesas com alojamento representam a maior parcela dos seus gastos mensais. O aumento da oferta de alojamento tornar\u00e1 o ensino superior mais acess\u00edvel, em particular para as fam\u00edlias mais carenciadas, contribuindo para o aumento da qualifica\u00e7\u00e3o dos nossos jovens, indispens\u00e1vel para a constru\u00e7\u00e3o de uma regi\u00e3o e de um pa\u00eds mais competitivos e resilientes.<\/p>\n\n\n\n<p>Atualmente, a UAlg disponibiliza, atrav\u00e9s dos seus Servi\u00e7os de A\u00e7\u00e3o Social (SAS-UAlg), nove resid\u00eancias universit\u00e1rias, dispersas pelas cidades de Faro e Portim\u00e3o, com capacidade para acolher 552 estudantes. Com esta interven\u00e7\u00e3o a UAlg passar\u00e1 a dispor de um total de 844 camas, sendo 816 em Faro e 28 em Portim\u00e3o<\/p>\n\n\n\n<p>Entre os destinat\u00e1rios das resid\u00eancias incluem-se sobretudo estudantes de licenciatura, mestrado ou mestrado integrado que, pelas suas condi\u00e7\u00f5es socioecon\u00f3micas, dist\u00e2ncia ou dificuldade de transporte, n\u00e3o possam residir com o agregado familiar e necessitem de alojamento para prosseguir os seus estudos, sendo na sua maioria benefici\u00e1rios de Bolsas de A\u00e7\u00e3o Social.<\/p>\n\n\n\n<p><strong>\u201cO maior investimento de sempre em alojamento estudantil\u201d<\/strong><\/p>\n\n\n\n<p>No total, o Plano Nacional para o Alojamento no Ensino Superior (PNAES) vai atribuir 375 milh\u00f5es de euros para constru\u00e7\u00e3o, aquisi\u00e7\u00e3o, adequa\u00e7\u00e3o e renova\u00e7\u00e3o de 134 resid\u00eancias para estudantes de ensino superior, naquele que se apresenta como \u201co maior investimento de sempre em alojamento estudantil\u201d.<\/p>\n\n\n\n<p>Das 18.239 camas abrangidas (incluindo 11.795 camas novas e 6.444 camas resultantes da renova\u00e7\u00e3o da atual rede de resid\u00eancias em funcionamento), a maioria \u2013 5.614 \u2013 ser\u00e3o instaladas na Regi\u00e3o Norte. Seguem-se as regi\u00f5es Centro (4.790), Lisboa (4.421), Alentejo (1.991), Algarve (719), Madeira (434) e A\u00e7ores (270).<\/p>\n","protected":false},"excerpt":{"rendered":"<p>Financiamento superior a 13 milh\u00f5es de euros, atribu\u00eddo \u00e0 Universidade do Algarve (UAlg) no \u00e2mbito do Plano Nacional para o<\/p>\n","protected":false},"author":1,"featured_media":20726,"comment_status":"closed","ping_status":"open","sticky":false,"template":"","format":"standard","meta":{"colormag_page_container_layout":"default_layout","colormag_page_sidebar_layout":"default_layout","_monsterinsights_skip_tracking":false,"_monsterinsights_sitenote_active":false,"_monsterinsights_sitenote_note":"","_monsterinsights_sitenote_category":0,"jetpack_post_was_ever_published":false,"_jetpack_newsletter_access":"","_jetpack_dont_email_post_to_subs":false,"_jetpack_newsletter_tier_id":0,"_jetpack_memberships_contains_paywalled_content":false,"_jetpack_memberships_contains_paid_content":false,"footnotes":"","jetpack_publicize_message":"","jetpack_publicize_feature_enabled":true,"jetpack_social_post_already_shared":true,"jetpack_social_options":{"image_generator_settings":{"template":"highway","default_image_id":0,"font":"","enabled":false},"version":2}},"categories":[93],"tags":[36,74,182],"class_list":["post-20725","post","type-post","status-publish","format-standard","has-post-thumbnail","hentry","category-educacao","tag-algarve","tag-educacao","tag-ualg"],"yoast_head":"<!-- This site is optimized with the Yoast SEO plugin v27.5 - https:\/\/yoast.com\/product\/yoast-seo-wordpress\/ -->\n<title>UAlg vai construir duas novas resid\u00eancias e renovar seis - Algarve 7<\/title>\n<meta name=\"description\" content=\"UAlg vai construir duas novas resid\u00eancias e renovar seis Educa\u00e7\u00e3o\" \/>\n<meta name=\"robots\" content=\"index, follow, max-snippet:-1, max-image-preview:large, max-video-preview:-1\" \/>\n<link rel=\"canonical\" href=\"https:\/\/algarve7.pt\/index.php\/2022\/08\/ualg-vai-construir-duas-novas-residencias-e-renovar-seis\/educacao\/09\/50\/\" \/>\n<meta property=\"og:locale\" content=\"pt_PT\" \/>\n<meta property=\"og:type\" content=\"article\" \/>\n<meta property=\"og:title\" content=\"UAlg vai construir duas novas resid\u00eancias e renovar seis - Algarve 7\" \/>\n<meta property=\"og:description\" content=\"UAlg vai construir duas novas resid\u00eancias e renovar seis Educa\u00e7\u00e3o\" \/>\n<meta property=\"og:url\" content=\"https:\/\/algarve7.pt\/index.php\/2022\/08\/ualg-vai-construir-duas-novas-residencias-e-renovar-seis\/educacao\/09\/50\/\" \/>\n<meta property=\"og:site_name\" content=\"Algarve 7\" \/>\n<meta property=\"article:publisher\" content=\"https:\/\/www.facebook.com\/algarve7\" \/>\n<meta property=\"article:author\" content=\"https:\/\/www.facebook.com\/algarve7\" \/>\n<meta property=\"article:published_time\" content=\"2022-08-07T08:50:41+00:00\" \/>\n<meta property=\"article:modified_time\" content=\"2022-08-07T08:50:42+00:00\" \/>\n<meta property=\"og:image\" content=\"https:\/\/algarve7.pt\/wp-content\/uploads\/2022\/08\/site_14_0.jpg\" \/>\n\t<meta property=\"og:image:width\" content=\"900\" \/>\n\t<meta property=\"og:image:height\" content=\"596\" \/>\n\t<meta property=\"og:image:type\" content=\"image\/jpeg\" \/>\n<meta name=\"author\" content=\"Algarve 7\" \/>\n<meta name=\"twitter:card\" content=\"summary_large_image\" \/>\n<meta name=\"twitter:creator\" content=\"@Algarvesete\" \/>\n<meta name=\"twitter:site\" content=\"@Algarvesete\" \/>\n<meta name=\"twitter:label1\" content=\"Escrito por\" \/>\n\t<meta name=\"twitter:data1\" content=\"Algarve 7\" \/>\n\t<meta name=\"twitter:label2\" content=\"Tempo estimado de leitura\" \/>\n\t<meta name=\"twitter:data2\" content=\"4 minutos\" \/>\n<script type=\"application\/ld+json\" class=\"yoast-schema-graph\">{\"@context\":\"https:\\\/\\\/schema.org\",\"@graph\":[{\"@type\":\"Article\",\"@id\":\"https:\\\/\\\/algarve7.pt\\\/index.php\\\/2022\\\/08\\\/ualg-vai-construir-duas-novas-residencias-e-renovar-seis\\\/educacao\\\/09\\\/50\\\/#article\",\"isPartOf\":{\"@id\":\"https:\\\/\\\/algarve7.pt\\\/index.php\\\/2022\\\/08\\\/ualg-vai-construir-duas-novas-residencias-e-renovar-seis\\\/educacao\\\/09\\\/50\\\/\"},\"author\":{\"name\":\"Algarve 7\",\"@id\":\"https:\\\/\\\/algarve7.pt\\\/#\\\/schema\\\/person\\\/23fa70681308e7b319a3204bcea45e0c\"},\"headline\":\"UAlg vai construir duas novas resid\u00eancias e renovar seis\",\"datePublished\":\"2022-08-07T08:50:41+00:00\",\"dateModified\":\"2022-08-07T08:50:42+00:00\",\"mainEntityOfPage\":{\"@id\":\"https:\\\/\\\/algarve7.pt\\\/index.php\\\/2022\\\/08\\\/ualg-vai-construir-duas-novas-residencias-e-renovar-seis\\\/educacao\\\/09\\\/50\\\/\"},\"wordCount\":681,\"publisher\":{\"@id\":\"https:\\\/\\\/algarve7.pt\\\/#organization\"},\"image\":{\"@id\":\"https:\\\/\\\/algarve7.pt\\\/index.php\\\/2022\\\/08\\\/ualg-vai-construir-duas-novas-residencias-e-renovar-seis\\\/educacao\\\/09\\\/50\\\/#primaryimage\"},\"thumbnailUrl\":\"https:\\\/\\\/algarve7.pt\\\/wp-content\\\/uploads\\\/2022\\\/08\\\/site_14_0.jpg\",\"keywords\":[\"Algarve\",\"Educa\u00e7\u00e3o\",\"UALG\"],\"articleSection\":[\"Educa\u00e7\u00e3o\"],\"inLanguage\":\"pt-PT\"},{\"@type\":\"WebPage\",\"@id\":\"https:\\\/\\\/algarve7.pt\\\/index.php\\\/2022\\\/08\\\/ualg-vai-construir-duas-novas-residencias-e-renovar-seis\\\/educacao\\\/09\\\/50\\\/\",\"url\":\"https:\\\/\\\/algarve7.pt\\\/index.php\\\/2022\\\/08\\\/ualg-vai-construir-duas-novas-residencias-e-renovar-seis\\\/educacao\\\/09\\\/50\\\/\",\"name\":\"UAlg vai construir duas novas resid\u00eancias e renovar seis - Algarve 7\",\"isPartOf\":{\"@id\":\"https:\\\/\\\/algarve7.pt\\\/#website\"},\"primaryImageOfPage\":{\"@id\":\"https:\\\/\\\/algarve7.pt\\\/index.php\\\/2022\\\/08\\\/ualg-vai-construir-duas-novas-residencias-e-renovar-seis\\\/educacao\\\/09\\\/50\\\/#primaryimage\"},\"image\":{\"@id\":\"https:\\\/\\\/algarve7.pt\\\/index.php\\\/2022\\\/08\\\/ualg-vai-construir-duas-novas-residencias-e-renovar-seis\\\/educacao\\\/09\\\/50\\\/#primaryimage\"},\"thumbnailUrl\":\"https:\\\/\\\/algarve7.pt\\\/wp-content\\\/uploads\\\/2022\\\/08\\\/site_14_0.jpg\",\"datePublished\":\"2022-08-07T08:50:41+00:00\",\"dateModified\":\"2022-08-07T08:50:42+00:00\",\"description\":\"UAlg vai construir duas novas resid\u00eancias e renovar seis Educa\u00e7\u00e3o\",\"breadcrumb\":{\"@id\":\"https:\\\/\\\/algarve7.pt\\\/index.php\\\/2022\\\/08\\\/ualg-vai-construir-duas-novas-residencias-e-renovar-seis\\\/educacao\\\/09\\\/50\\\/#breadcrumb\"},\"inLanguage\":\"pt-PT\",\"potentialAction\":[{\"@type\":\"ReadAction\",\"target\":[\"https:\\\/\\\/algarve7.pt\\\/index.php\\\/2022\\\/08\\\/ualg-vai-construir-duas-novas-residencias-e-renovar-seis\\\/educacao\\\/09\\\/50\\\/\"]}]},{\"@type\":\"ImageObject\",\"inLanguage\":\"pt-PT\",\"@id\":\"https:\\\/\\\/algarve7.pt\\\/index.php\\\/2022\\\/08\\\/ualg-vai-construir-duas-novas-residencias-e-renovar-seis\\\/educacao\\\/09\\\/50\\\/#primaryimage\",\"url\":\"https:\\\/\\\/algarve7.pt\\\/wp-content\\\/uploads\\\/2022\\\/08\\\/site_14_0.jpg\",\"contentUrl\":\"https:\\\/\\\/algarve7.pt\\\/wp-content\\\/uploads\\\/2022\\\/08\\\/site_14_0.jpg\",\"width\":900,\"height\":596},{\"@type\":\"BreadcrumbList\",\"@id\":\"https:\\\/\\\/algarve7.pt\\\/index.php\\\/2022\\\/08\\\/ualg-vai-construir-duas-novas-residencias-e-renovar-seis\\\/educacao\\\/09\\\/50\\\/#breadcrumb\",\"itemListElement\":[{\"@type\":\"ListItem\",\"position\":1,\"name\":\"In\u00edcio\",\"item\":\"https:\\\/\\\/algarve7.pt\\\/\"},{\"@type\":\"ListItem\",\"position\":2,\"name\":\"UAlg vai construir duas novas resid\u00eancias e renovar seis\"}]},{\"@type\":\"WebSite\",\"@id\":\"https:\\\/\\\/algarve7.pt\\\/#website\",\"url\":\"https:\\\/\\\/algarve7.pt\\\/\",\"name\":\"Algarve 7\",\"description\":\"Informa\u00e7\u00e3o sobre o Algarve\",\"publisher\":{\"@id\":\"https:\\\/\\\/algarve7.pt\\\/#organization\"},\"potentialAction\":[{\"@type\":\"SearchAction\",\"target\":{\"@type\":\"EntryPoint\",\"urlTemplate\":\"https:\\\/\\\/algarve7.pt\\\/?s={search_term_string}\"},\"query-input\":{\"@type\":\"PropertyValueSpecification\",\"valueRequired\":true,\"valueName\":\"search_term_string\"}}],\"inLanguage\":\"pt-PT\"},{\"@type\":\"Organization\",\"@id\":\"https:\\\/\\\/algarve7.pt\\\/#organization\",\"name\":\"Algarve 7\",\"url\":\"https:\\\/\\\/algarve7.pt\\\/\",\"logo\":{\"@type\":\"ImageObject\",\"inLanguage\":\"pt-PT\",\"@id\":\"https:\\\/\\\/algarve7.pt\\\/#\\\/schema\\\/logo\\\/image\\\/\",\"url\":\"https:\\\/\\\/algarve7.pt\\\/wp-content\\\/uploads\\\/2020\\\/10\\\/Logo-8.jpg\",\"contentUrl\":\"https:\\\/\\\/algarve7.pt\\\/wp-content\\\/uploads\\\/2020\\\/10\\\/Logo-8.jpg\",\"width\":1680,\"height\":1186,\"caption\":\"Algarve 7\"},\"image\":{\"@id\":\"https:\\\/\\\/algarve7.pt\\\/#\\\/schema\\\/logo\\\/image\\\/\"},\"sameAs\":[\"https:\\\/\\\/www.facebook.com\\\/algarve7\",\"https:\\\/\\\/x.com\\\/Algarvesete\",\"https:\\\/\\\/www.instagram.com\\\/jornalalgarve7\\\/\",\"https:\\\/\\\/www.linkedin.com\\\/company\\\/algarve7\",\"https:\\\/\\\/www.pinterest.pt\\\/geral0939\\\/_created\\\/\"]},{\"@type\":\"Person\",\"@id\":\"https:\\\/\\\/algarve7.pt\\\/#\\\/schema\\\/person\\\/23fa70681308e7b319a3204bcea45e0c\",\"name\":\"Algarve 7\",\"sameAs\":[\"https:\\\/\\\/algarve7.pt\",\"https:\\\/\\\/www.facebook.com\\\/algarve7\"],\"url\":\"https:\\\/\\\/algarve7.pt\\\/index.php\\\/author\\\/geralalgarve7-pt\\\/\"}]}<\/script>\n<!-- \/ Yoast SEO plugin. -->","yoast_head_json":{"title":"UAlg vai construir duas novas resid\u00eancias e renovar seis - Algarve 7","description":"UAlg vai construir duas novas resid\u00eancias e renovar seis Educa\u00e7\u00e3o","robots":{"index":"index","follow":"follow","max-snippet":"max-snippet:-1","max-image-preview":"max-image-preview:large","max-video-preview":"max-video-preview:-1"},"canonical":"https:\/\/algarve7.pt\/index.php\/2022\/08\/ualg-vai-construir-duas-novas-residencias-e-renovar-seis\/educacao\/09\/50\/","og_locale":"pt_PT","og_type":"article","og_title":"UAlg vai construir duas novas resid\u00eancias e renovar seis - Algarve 7","og_description":"UAlg vai construir duas novas resid\u00eancias e renovar seis Educa\u00e7\u00e3o","og_url":"https:\/\/algarve7.pt\/index.php\/2022\/08\/ualg-vai-construir-duas-novas-residencias-e-renovar-seis\/educacao\/09\/50\/","og_site_name":"Algarve 7","article_publisher":"https:\/\/www.facebook.com\/algarve7","article_author":"https:\/\/www.facebook.com\/algarve7","article_published_time":"2022-08-07T08:50:41+00:00","article_modified_time":"2022-08-07T08:50:42+00:00","og_image":[{"width":900,"height":596,"url":"https:\/\/algarve7.pt\/wp-content\/uploads\/2022\/08\/site_14_0.jpg","type":"image\/jpeg"}],"author":"Algarve 7","twitter_card":"summary_large_image","twitter_creator":"@Algarvesete","twitter_site":"@Algarvesete","twitter_misc":{"Escrito por":"Algarve 7","Tempo estimado de leitura":"4 minutos"},"schema":{"@context":"https:\/\/schema.org","@graph":[{"@type":"Article","@id":"https:\/\/algarve7.pt\/index.php\/2022\/08\/ualg-vai-construir-duas-novas-residencias-e-renovar-seis\/educacao\/09\/50\/#article","isPartOf":{"@id":"https:\/\/algarve7.pt\/index.php\/2022\/08\/ualg-vai-construir-duas-novas-residencias-e-renovar-seis\/educacao\/09\/50\/"},"author":{"name":"Algarve 7","@id":"https:\/\/algarve7.pt\/#\/schema\/person\/23fa70681308e7b319a3204bcea45e0c"},"headline":"UAlg vai construir duas novas resid\u00eancias e renovar seis","datePublished":"2022-08-07T08:50:41+00:00","dateModified":"2022-08-07T08:50:42+00:00","mainEntityOfPage":{"@id":"https:\/\/algarve7.pt\/index.php\/2022\/08\/ualg-vai-construir-duas-novas-residencias-e-renovar-seis\/educacao\/09\/50\/"},"wordCount":681,"publisher":{"@id":"https:\/\/algarve7.pt\/#organization"},"image":{"@id":"https:\/\/algarve7.pt\/index.php\/2022\/08\/ualg-vai-construir-duas-novas-residencias-e-renovar-seis\/educacao\/09\/50\/#primaryimage"},"thumbnailUrl":"https:\/\/algarve7.pt\/wp-content\/uploads\/2022\/08\/site_14_0.jpg","keywords":["Algarve","Educa\u00e7\u00e3o","UALG"],"articleSection":["Educa\u00e7\u00e3o"],"inLanguage":"pt-PT"},{"@type":"WebPage","@id":"https:\/\/algarve7.pt\/index.php\/2022\/08\/ualg-vai-construir-duas-novas-residencias-e-renovar-seis\/educacao\/09\/50\/","url":"https:\/\/algarve7.pt\/index.php\/2022\/08\/ualg-vai-construir-duas-novas-residencias-e-renovar-seis\/educacao\/09\/50\/","name":"UAlg vai construir duas novas resid\u00eancias e renovar seis - Algarve 7","isPartOf":{"@id":"https:\/\/algarve7.pt\/#website"},"primaryImageOfPage":{"@id":"https:\/\/algarve7.pt\/index.php\/2022\/08\/ualg-vai-construir-duas-novas-residencias-e-renovar-seis\/educacao\/09\/50\/#primaryimage"},"image":{"@id":"https:\/\/algarve7.pt\/index.php\/2022\/08\/ualg-vai-construir-duas-novas-residencias-e-renovar-seis\/educacao\/09\/50\/#primaryimage"},"thumbnailUrl":"https:\/\/algarve7.pt\/wp-content\/uploads\/2022\/08\/site_14_0.jpg","datePublished":"2022-08-07T08:50:41+00:00","dateModified":"2022-08-07T08:50:42+00:00","description":"UAlg vai construir duas novas resid\u00eancias e renovar seis Educa\u00e7\u00e3o","breadcrumb":{"@id":"https:\/\/algarve7.pt\/index.php\/2022\/08\/ualg-vai-construir-duas-novas-residencias-e-renovar-seis\/educacao\/09\/50\/#breadcrumb"},"inLanguage":"pt-PT","potentialAction":[{"@type":"ReadAction","target":["https:\/\/algarve7.pt\/index.php\/2022\/08\/ualg-vai-construir-duas-novas-residencias-e-renovar-seis\/educacao\/09\/50\/"]}]},{"@type":"ImageObject","inLanguage":"pt-PT","@id":"https:\/\/algarve7.pt\/index.php\/2022\/08\/ualg-vai-construir-duas-novas-residencias-e-renovar-seis\/educacao\/09\/50\/#primaryimage","url":"https:\/\/algarve7.pt\/wp-content\/uploads\/2022\/08\/site_14_0.jpg","contentUrl":"https:\/\/algarve7.pt\/wp-content\/uploads\/2022\/08\/site_14_0.jpg","width":900,"height":596},{"@type":"BreadcrumbList","@id":"https:\/\/algarve7.pt\/index.php\/2022\/08\/ualg-vai-construir-duas-novas-residencias-e-renovar-seis\/educacao\/09\/50\/#breadcrumb","itemListElement":[{"@type":"ListItem","position":1,"name":"In\u00edcio","item":"https:\/\/algarve7.pt\/"},{"@type":"ListItem","position":2,"name":"UAlg vai construir duas novas resid\u00eancias e renovar seis"}]},{"@type":"WebSite","@id":"https:\/\/algarve7.pt\/#website","url":"https:\/\/algarve7.pt\/","name":"Algarve 7","description":"Informa\u00e7\u00e3o sobre o Algarve","publisher":{"@id":"https:\/\/algarve7.pt\/#organization"},"potentialAction":[{"@type":"SearchAction","target":{"@type":"EntryPoint","urlTemplate":"https:\/\/algarve7.pt\/?s={search_term_string}"},"query-input":{"@type":"PropertyValueSpecification","valueRequired":true,"valueName":"search_term_string"}}],"inLanguage":"pt-PT"},{"@type":"Organization","@id":"https:\/\/algarve7.pt\/#organization","name":"Algarve 7","url":"https:\/\/algarve7.pt\/","logo":{"@type":"ImageObject","inLanguage":"pt-PT","@id":"https:\/\/algarve7.pt\/#\/schema\/logo\/image\/","url":"https:\/\/algarve7.pt\/wp-content\/uploads\/2020\/10\/Logo-8.jpg","contentUrl":"https:\/\/algarve7.pt\/wp-content\/uploads\/2020\/10\/Logo-8.jpg","width":1680,"height":1186,"caption":"Algarve 7"},"image":{"@id":"https:\/\/algarve7.pt\/#\/schema\/logo\/image\/"},"sameAs":["https:\/\/www.facebook.com\/algarve7","https:\/\/x.com\/Algarvesete","https:\/\/www.instagram.com\/jornalalgarve7\/","https:\/\/www.linkedin.com\/company\/algarve7","https:\/\/www.pinterest.pt\/geral0939\/_created\/"]},{"@type":"Person","@id":"https:\/\/algarve7.pt\/#\/schema\/person\/23fa70681308e7b319a3204bcea45e0c","name":"Algarve 7","sameAs":["https:\/\/algarve7.pt","https:\/\/www.facebook.com\/algarve7"],"url":"https:\/\/algarve7.pt\/index.php\/author\/geralalgarve7-pt\/"}]}},"jetpack_publicize_connections":[],"jetpack_featured_media_url":"https:\/\/algarve7.pt\/wp-content\/uploads\/2022\/08\/site_14_0.jpg","jetpack_shortlink":"https:\/\/wp.me\/pcezmW-5oh","jetpack_sharing_enabled":true,"_links":{"self":[{"href":"https:\/\/algarve7.pt\/index.php\/wp-json\/wp\/v2\/posts\/20725","targetHints":{"allow":["GET"]}}],"collection":[{"href":"https:\/\/algarve7.pt\/index.php\/wp-json\/wp\/v2\/posts"}],"about":[{"href":"https:\/\/algarve7.pt\/index.php\/wp-json\/wp\/v2\/types\/post"}],"author":[{"embeddable":true,"href":"https:\/\/algarve7.pt\/index.php\/wp-json\/wp\/v2\/users\/1"}],"replies":[{"embeddable":true,"href":"https:\/\/algarve7.pt\/index.php\/wp-json\/wp\/v2\/comments?post=20725"}],"version-history":[{"count":0,"href":"https:\/\/algarve7.pt\/index.php\/wp-json\/wp\/v2\/posts\/20725\/revisions"}],"wp:featuredmedia":[{"embeddable":true,"href":"https:\/\/algarve7.pt\/index.php\/wp-json\/wp\/v2\/media\/20726"}],"wp:attachment":[{"href":"https:\/\/algarve7.pt\/index.php\/wp-json\/wp\/v2\/media?parent=20725"}],"wp:term":[{"taxonomy":"category","embeddable":true,"href":"https:\/\/algarve7.pt\/index.php\/wp-json\/wp\/v2\/categories?post=20725"},{"taxonomy":"post_tag","embeddable":true,"href":"https:\/\/algarve7.pt\/index.php\/wp-json\/wp\/v2\/tags?post=20725"}],"curies":[{"name":"wp","href":"https:\/\/api.w.org\/{rel}","templated":true}]}}