{"id":20689,"date":"2022-08-05T09:25:04","date_gmt":"2022-08-05T08:25:04","guid":{"rendered":"https:\/\/algarve7.pt\/?p=20689"},"modified":"2022-08-05T09:25:05","modified_gmt":"2022-08-05T08:25:05","slug":"agosto-inspira-crianca-na-biblioteca-municipal-de-silves","status":"publish","type":"post","link":"https:\/\/algarve7.pt\/index.php\/2022\/08\/agosto-inspira-crianca-na-biblioteca-municipal-de-silves\/cultura\/09\/25\/","title":{"rendered":"Agosto \u201cinspira crian\u00e7a\u201d na biblioteca municipal de Silves"},"content":{"rendered":"\n<p>O Munic\u00edpio de Silves promove, durante o m\u00eas de agosto, a exposi\u00e7\u00e3o tem\u00e1tica \u201cINSPIRA CRIAN\u00c7A\u201d, na Biblioteca Municipal de Silves.<\/p>\n\n\n\n<p>Os leitores t\u00eam ao seu dispor, na Sala Ant\u00f3nio Lobo Antunes, sugest\u00f5es no \u00e2mbito da promo\u00e7\u00e3o do livro e da leitura, que abordam os maus-tratos na inf\u00e2ncia, uma problem\u00e1tica que atinge um n\u00famero elevado de crian\u00e7as e jovens.<\/p>\n\n\n\n<p>Em agosto destacamos para si:<\/p>\n\n\n\n<p><strong>\u201cUm mundo que devora as suas crian\u00e7as\u201d, de Claire Brisset<\/strong><\/p>\n\n\n\n<p><strong>Sinopse<\/strong><strong><\/strong><\/p>\n\n\n\n<p>Agredidas, famintas, exploradas em milh\u00f5es de ateli\u00eas e f\u00e1bricas, recrutadas por grupos armados, encerradas em bord\u00e9is \u2013 as crian\u00e7as s\u00e3o mais espezinhadas do que nunca num mundo que, no entanto, n\u00e3o p\u00e1ra de se maravilhar com o seu pr\u00f3prio progresso. Um mundo que as destr\u00f3i tanto a norte como a sul do planeta. Este livro \u00e9 simultaneamente um grito de indigna\u00e7\u00e3o e uma chamada de aten\u00e7\u00e3o para os milh\u00f5es de crian\u00e7as que o nosso mundo devora.<strong><\/strong><\/p>\n\n\n\n<p><strong>\u201cPara mim, chega!\u201d, de&nbsp; Yvonne Bezerra de Mello<\/strong><\/p>\n\n\n\n<p><strong>Sinopse<\/strong><\/p>\n\n\n\n<p>&#8220;O que torna Yvonne Bezerra de Mello especial \u00e9 que ela \u00e9 a \u00fanica pessoa da classe alta que mete a m\u00e3o na lama, concretamente, pelas crian\u00e7as de rua. Enfrenta a pol\u00edcia, n\u00e3o tem medo dos poderosos e, por isso mesmo, \u00e9 ouvida em todos os cantos do mundo.&nbsp;[\u2026]<strong><\/strong><\/p>\n\n\n\n<p><strong>\u201cGuia dos direitos da crian\u00e7a\u201d, de Aurora Fonseca e Ana Perdig\u00e3o<\/strong><\/p>\n\n\n\n<p><strong>Sinopse<\/strong><\/p>\n\n\n\n<p>Trata-se de um instrumento imprescind\u00edvel aos profissionais ligados \u00e0s \u00e1reas da inf\u00e2ncia e da adolesc\u00eancia e a todos quantos no seu quotidiano t\u00eam de consultar textos legislativos que os habilitem a tomar as medidas mais adequadas no superior interesse da crian\u00e7a. [\u2026]<strong><\/strong><\/p>\n\n\n\n<p><strong>\u201cSala de espera\u201d, de Daniel Sampaio<\/strong><\/p>\n\n\n\n<p><strong>Sinopse<\/strong><\/p>\n\n\n\n<p>Neste novo livro de Daniel Sampaio encontramos algumas respostas para temas dos nossos dias. Algumas quest\u00f5es tratadas para as quais encontrar\u00e1 propostas de solu\u00e7\u00e3o:<br><br>\u00b7 Como proceder perante a utiliza\u00e7\u00e3o excessiva dos computadores pelos mais novos.<br>\u00b7 O que se entende por aliena\u00e7\u00e3o parental, guarda partilhada e responsabilidades parentais em div\u00f3rcios litigiosos.<br>\u00b7 O que s\u00e3o pais t\u00f3xicos e como podem os filhos reagir. [\u2026]<\/p>\n\n\n\n<p><strong>\u201cEm defesa da crian\u00e7a\u201d, de Teresa Ferreira<\/strong><strong><\/strong><\/p>\n\n\n\n<p><strong>Sinopse<\/strong><\/p>\n\n\n\n<p>M\u00e9dica pedopsiquiatra e psicanalista, deixou-nos um legado impressionante que constitui uma forma \u00edmpar de pensar e agir em defesa da crian\u00e7a e dos seus direitos de crescer emocionalmente saud\u00e1vel. [\u2026]<strong><\/strong><\/p>\n\n\n\n<p><strong>\u201cO n\u00e3o tamb\u00e9m ajuda a crescer: como superar momentos dif\u00edceis e favorecer a educa\u00e7\u00e3o e o desenvolvimento das crian\u00e7as\u201d, de Maria Jesus \u00c1lava Reys<\/strong><\/p>\n\n\n\n<p><strong>Sinopse<\/strong><\/p>\n\n\n\n<p>N\u00e3o h\u00e1 regras universais, nem receitas m\u00e1gicas mas existem princ\u00edpios b\u00e1sicos que nos podem ajudar na dif\u00edcil, complexa e maravilhosa tarefa que \u00e9 educar. \u00c9 fundamental criar normas b\u00e1sicas que ajudem o nosso filho ou educando a conseguir a estabilidade, tranquilidade e seguran\u00e7a necess\u00e1rias para o desenvolvimento correto enquanto pessoa. [\u2026]<\/p>\n\n\n\n<p><strong>\u201cO abuso sexual de menores: uma conversa sobre justi\u00e7a entre o Direito e a Psicologia\u201d, de Rui do Carmo, Isabel Alberto e Paulo Guerra<\/strong><strong><\/strong><\/p>\n\n\n\n<p><strong>Sinopse<\/strong><\/p>\n\n\n\n<p>Uma professora universit\u00e1ria de psicologia, um juiz de direito e um procurador da Rep\u00fablica tratam o tema dos abusos sexuais de crian\u00e7as dialogando, a partir de uma decis\u00e3o do Supremo Tribunal de Justi\u00e7a portugu\u00eas, sobre a sua caracteriza\u00e7\u00e3o e sobre a interven\u00e7\u00e3o da Justi\u00e7a na prote\u00e7\u00e3o das v\u00edtimas e na puni\u00e7\u00e3o dos agressores. [\u2026]<\/p>\n\n\n\n<p><strong>\u201cCrescer vazio\u201d, de Pedro Strecht<\/strong><strong><\/strong><\/p>\n\n\n\n<p><strong>Sinopse<\/strong><\/p>\n\n\n\n<p>Existe um aumento crescente de crian\u00e7as e adolescentes v\u00edtimas de abandono, neglig\u00eancia e maus tratos. Cresceram em fam\u00edlias desagregadas, ca\u00f3ticas. [\u2026]<\/p>\n\n\n\n<p><strong>\u201cMaus-tratos \u00e0 crian\u00e7a\u201d, de Maria do C\u00e9u Azevedo, \u00c2ngela da Costa Maia<\/strong><\/p>\n\n\n\n<p><strong>Sinopse<\/strong><\/p>\n\n\n\n<p>Os maus-tratos \u00e0 crian\u00e7a come\u00e7am a ser reconhecidos como um dos maiores problemas sociais dos dias de hoje. Apesar da atualidade do tema, a viol\u00eancia contra as crian\u00e7as est\u00e1 longe de ser um problema novo na hist\u00f3ria da humanidade. Ele assumiu, nos \u00faltimos tempos, uma significativa visibilidade social, para a qual tem contribu\u00eddo fortemente a divulga\u00e7\u00e3o pelos media. [\u2026]<strong><\/strong><\/p>\n","protected":false},"excerpt":{"rendered":"<p>O Munic\u00edpio de Silves promove, durante o m\u00eas de agosto, a exposi\u00e7\u00e3o tem\u00e1tica \u201cINSPIRA CRIAN\u00c7A\u201d, na Biblioteca Municipal de Silves.<\/p>\n","protected":false},"author":1,"featured_media":20690,"comment_status":"closed","ping_status":"open","sticky":false,"template":"","format":"standard","meta":{"colormag_page_container_layout":"default_layout","colormag_page_sidebar_layout":"default_layout","_monsterinsights_skip_tracking":false,"_monsterinsights_sitenote_active":false,"_monsterinsights_sitenote_note":"","_monsterinsights_sitenote_category":0,"jetpack_post_was_ever_published":false,"_jetpack_newsletter_access":"","_jetpack_dont_email_post_to_subs":false,"_jetpack_newsletter_tier_id":0,"_jetpack_memberships_contains_paywalled_content":false,"_jetpack_memberships_contains_paid_content":false,"footnotes":"","jetpack_publicize_message":"","jetpack_publicize_feature_enabled":true,"jetpack_social_post_already_shared":true,"jetpack_social_options":{"image_generator_settings":{"template":"highway","default_image_id":0,"font":"","enabled":false},"version":2}},"categories":[14],"tags":[36,537,35,42],"class_list":["post-20689","post","type-post","status-publish","format-standard","has-post-thumbnail","hentry","category-cultura","tag-algarve","tag-biblioteca-municipal-de-silves","tag-cultura","tag-silves"],"yoast_head":"<!-- This site is optimized with the Yoast SEO plugin v27.4 - https:\/\/yoast.com\/product\/yoast-seo-wordpress\/ -->\n<title>Agosto \u201cinspira crian\u00e7a\u201d na biblioteca municipal de Silves - Algarve 7<\/title>\n<meta name=\"description\" content=\"Agosto \u201cinspira crian\u00e7a\u201d na biblioteca municipal de Silves Cultura\" \/>\n<meta name=\"robots\" content=\"index, follow, max-snippet:-1, max-image-preview:large, max-video-preview:-1\" \/>\n<link rel=\"canonical\" href=\"https:\/\/algarve7.pt\/index.php\/2022\/08\/agosto-inspira-crianca-na-biblioteca-municipal-de-silves\/cultura\/09\/25\/\" \/>\n<meta property=\"og:locale\" content=\"pt_PT\" \/>\n<meta property=\"og:type\" content=\"article\" \/>\n<meta property=\"og:title\" content=\"Agosto \u201cinspira crian\u00e7a\u201d na biblioteca municipal de Silves - Algarve 7\" \/>\n<meta property=\"og:description\" content=\"Agosto \u201cinspira crian\u00e7a\u201d na biblioteca municipal de Silves Cultura\" \/>\n<meta property=\"og:url\" content=\"https:\/\/algarve7.pt\/index.php\/2022\/08\/agosto-inspira-crianca-na-biblioteca-municipal-de-silves\/cultura\/09\/25\/\" \/>\n<meta property=\"og:site_name\" content=\"Algarve 7\" \/>\n<meta property=\"article:publisher\" content=\"https:\/\/www.facebook.com\/algarve7\" \/>\n<meta property=\"article:author\" content=\"https:\/\/www.facebook.com\/algarve7\" \/>\n<meta property=\"article:published_time\" content=\"2022-08-05T08:25:04+00:00\" \/>\n<meta property=\"article:modified_time\" content=\"2022-08-05T08:25:05+00:00\" \/>\n<meta property=\"og:image\" content=\"https:\/\/algarve7.pt\/wp-content\/uploads\/2022\/08\/NOTICIA_agosto-inspira.jpg\" \/>\n\t<meta property=\"og:image:width\" content=\"1280\" \/>\n\t<meta property=\"og:image:height\" content=\"620\" \/>\n\t<meta property=\"og:image:type\" content=\"image\/jpeg\" \/>\n<meta name=\"author\" content=\"Algarve 7\" \/>\n<meta name=\"twitter:card\" content=\"summary_large_image\" \/>\n<meta name=\"twitter:creator\" content=\"@Algarvesete\" \/>\n<meta name=\"twitter:site\" content=\"@Algarvesete\" \/>\n<meta name=\"twitter:label1\" content=\"Escrito por\" \/>\n\t<meta name=\"twitter:data1\" content=\"Algarve 7\" \/>\n\t<meta name=\"twitter:label2\" content=\"Tempo estimado de leitura\" \/>\n\t<meta name=\"twitter:data2\" content=\"4 minutos\" \/>\n<script type=\"application\/ld+json\" class=\"yoast-schema-graph\">{\"@context\":\"https:\\\/\\\/schema.org\",\"@graph\":[{\"@type\":\"Article\",\"@id\":\"https:\\\/\\\/algarve7.pt\\\/index.php\\\/2022\\\/08\\\/agosto-inspira-crianca-na-biblioteca-municipal-de-silves\\\/cultura\\\/09\\\/25\\\/#article\",\"isPartOf\":{\"@id\":\"https:\\\/\\\/algarve7.pt\\\/index.php\\\/2022\\\/08\\\/agosto-inspira-crianca-na-biblioteca-municipal-de-silves\\\/cultura\\\/09\\\/25\\\/\"},\"author\":{\"name\":\"Algarve 7\",\"@id\":\"https:\\\/\\\/algarve7.pt\\\/#\\\/schema\\\/person\\\/23fa70681308e7b319a3204bcea45e0c\"},\"headline\":\"Agosto \u201cinspira crian\u00e7a\u201d na biblioteca municipal de Silves\",\"datePublished\":\"2022-08-05T08:25:04+00:00\",\"dateModified\":\"2022-08-05T08:25:05+00:00\",\"mainEntityOfPage\":{\"@id\":\"https:\\\/\\\/algarve7.pt\\\/index.php\\\/2022\\\/08\\\/agosto-inspira-crianca-na-biblioteca-municipal-de-silves\\\/cultura\\\/09\\\/25\\\/\"},\"wordCount\":708,\"publisher\":{\"@id\":\"https:\\\/\\\/algarve7.pt\\\/#organization\"},\"image\":{\"@id\":\"https:\\\/\\\/algarve7.pt\\\/index.php\\\/2022\\\/08\\\/agosto-inspira-crianca-na-biblioteca-municipal-de-silves\\\/cultura\\\/09\\\/25\\\/#primaryimage\"},\"thumbnailUrl\":\"https:\\\/\\\/algarve7.pt\\\/wp-content\\\/uploads\\\/2022\\\/08\\\/NOTICIA_agosto-inspira.jpg\",\"keywords\":[\"Algarve\",\"Biblioteca Municipal de Silves\",\"Cultura\",\"Silves\"],\"articleSection\":[\"Cultura\"],\"inLanguage\":\"pt-PT\"},{\"@type\":\"WebPage\",\"@id\":\"https:\\\/\\\/algarve7.pt\\\/index.php\\\/2022\\\/08\\\/agosto-inspira-crianca-na-biblioteca-municipal-de-silves\\\/cultura\\\/09\\\/25\\\/\",\"url\":\"https:\\\/\\\/algarve7.pt\\\/index.php\\\/2022\\\/08\\\/agosto-inspira-crianca-na-biblioteca-municipal-de-silves\\\/cultura\\\/09\\\/25\\\/\",\"name\":\"Agosto \u201cinspira crian\u00e7a\u201d na biblioteca municipal de Silves - Algarve 7\",\"isPartOf\":{\"@id\":\"https:\\\/\\\/algarve7.pt\\\/#website\"},\"primaryImageOfPage\":{\"@id\":\"https:\\\/\\\/algarve7.pt\\\/index.php\\\/2022\\\/08\\\/agosto-inspira-crianca-na-biblioteca-municipal-de-silves\\\/cultura\\\/09\\\/25\\\/#primaryimage\"},\"image\":{\"@id\":\"https:\\\/\\\/algarve7.pt\\\/index.php\\\/2022\\\/08\\\/agosto-inspira-crianca-na-biblioteca-municipal-de-silves\\\/cultura\\\/09\\\/25\\\/#primaryimage\"},\"thumbnailUrl\":\"https:\\\/\\\/algarve7.pt\\\/wp-content\\\/uploads\\\/2022\\\/08\\\/NOTICIA_agosto-inspira.jpg\",\"datePublished\":\"2022-08-05T08:25:04+00:00\",\"dateModified\":\"2022-08-05T08:25:05+00:00\",\"description\":\"Agosto \u201cinspira crian\u00e7a\u201d na biblioteca municipal de Silves Cultura\",\"breadcrumb\":{\"@id\":\"https:\\\/\\\/algarve7.pt\\\/index.php\\\/2022\\\/08\\\/agosto-inspira-crianca-na-biblioteca-municipal-de-silves\\\/cultura\\\/09\\\/25\\\/#breadcrumb\"},\"inLanguage\":\"pt-PT\",\"potentialAction\":[{\"@type\":\"ReadAction\",\"target\":[\"https:\\\/\\\/algarve7.pt\\\/index.php\\\/2022\\\/08\\\/agosto-inspira-crianca-na-biblioteca-municipal-de-silves\\\/cultura\\\/09\\\/25\\\/\"]}]},{\"@type\":\"ImageObject\",\"inLanguage\":\"pt-PT\",\"@id\":\"https:\\\/\\\/algarve7.pt\\\/index.php\\\/2022\\\/08\\\/agosto-inspira-crianca-na-biblioteca-municipal-de-silves\\\/cultura\\\/09\\\/25\\\/#primaryimage\",\"url\":\"https:\\\/\\\/algarve7.pt\\\/wp-content\\\/uploads\\\/2022\\\/08\\\/NOTICIA_agosto-inspira.jpg\",\"contentUrl\":\"https:\\\/\\\/algarve7.pt\\\/wp-content\\\/uploads\\\/2022\\\/08\\\/NOTICIA_agosto-inspira.jpg\",\"width\":1280,\"height\":620},{\"@type\":\"BreadcrumbList\",\"@id\":\"https:\\\/\\\/algarve7.pt\\\/index.php\\\/2022\\\/08\\\/agosto-inspira-crianca-na-biblioteca-municipal-de-silves\\\/cultura\\\/09\\\/25\\\/#breadcrumb\",\"itemListElement\":[{\"@type\":\"ListItem\",\"position\":1,\"name\":\"In\u00edcio\",\"item\":\"https:\\\/\\\/algarve7.pt\\\/\"},{\"@type\":\"ListItem\",\"position\":2,\"name\":\"Agosto \u201cinspira crian\u00e7a\u201d na biblioteca municipal de Silves\"}]},{\"@type\":\"WebSite\",\"@id\":\"https:\\\/\\\/algarve7.pt\\\/#website\",\"url\":\"https:\\\/\\\/algarve7.pt\\\/\",\"name\":\"Algarve 7\",\"description\":\"Informa\u00e7\u00e3o sobre o Algarve\",\"publisher\":{\"@id\":\"https:\\\/\\\/algarve7.pt\\\/#organization\"},\"potentialAction\":[{\"@type\":\"SearchAction\",\"target\":{\"@type\":\"EntryPoint\",\"urlTemplate\":\"https:\\\/\\\/algarve7.pt\\\/?s={search_term_string}\"},\"query-input\":{\"@type\":\"PropertyValueSpecification\",\"valueRequired\":true,\"valueName\":\"search_term_string\"}}],\"inLanguage\":\"pt-PT\"},{\"@type\":\"Organization\",\"@id\":\"https:\\\/\\\/algarve7.pt\\\/#organization\",\"name\":\"Algarve 7\",\"url\":\"https:\\\/\\\/algarve7.pt\\\/\",\"logo\":{\"@type\":\"ImageObject\",\"inLanguage\":\"pt-PT\",\"@id\":\"https:\\\/\\\/algarve7.pt\\\/#\\\/schema\\\/logo\\\/image\\\/\",\"url\":\"https:\\\/\\\/algarve7.pt\\\/wp-content\\\/uploads\\\/2020\\\/10\\\/Logo-8.jpg\",\"contentUrl\":\"https:\\\/\\\/algarve7.pt\\\/wp-content\\\/uploads\\\/2020\\\/10\\\/Logo-8.jpg\",\"width\":1680,\"height\":1186,\"caption\":\"Algarve 7\"},\"image\":{\"@id\":\"https:\\\/\\\/algarve7.pt\\\/#\\\/schema\\\/logo\\\/image\\\/\"},\"sameAs\":[\"https:\\\/\\\/www.facebook.com\\\/algarve7\",\"https:\\\/\\\/x.com\\\/Algarvesete\",\"https:\\\/\\\/www.instagram.com\\\/jornalalgarve7\\\/\",\"https:\\\/\\\/www.linkedin.com\\\/company\\\/algarve7\",\"https:\\\/\\\/www.pinterest.pt\\\/geral0939\\\/_created\\\/\"]},{\"@type\":\"Person\",\"@id\":\"https:\\\/\\\/algarve7.pt\\\/#\\\/schema\\\/person\\\/23fa70681308e7b319a3204bcea45e0c\",\"name\":\"Algarve 7\",\"sameAs\":[\"https:\\\/\\\/algarve7.pt\",\"https:\\\/\\\/www.facebook.com\\\/algarve7\"],\"url\":\"https:\\\/\\\/algarve7.pt\\\/index.php\\\/author\\\/geralalgarve7-pt\\\/\"}]}<\/script>\n<!-- \/ Yoast SEO plugin. -->","yoast_head_json":{"title":"Agosto \u201cinspira crian\u00e7a\u201d na biblioteca municipal de Silves - Algarve 7","description":"Agosto \u201cinspira crian\u00e7a\u201d na biblioteca municipal de Silves Cultura","robots":{"index":"index","follow":"follow","max-snippet":"max-snippet:-1","max-image-preview":"max-image-preview:large","max-video-preview":"max-video-preview:-1"},"canonical":"https:\/\/algarve7.pt\/index.php\/2022\/08\/agosto-inspira-crianca-na-biblioteca-municipal-de-silves\/cultura\/09\/25\/","og_locale":"pt_PT","og_type":"article","og_title":"Agosto \u201cinspira crian\u00e7a\u201d na biblioteca municipal de Silves - Algarve 7","og_description":"Agosto \u201cinspira crian\u00e7a\u201d na biblioteca municipal de Silves Cultura","og_url":"https:\/\/algarve7.pt\/index.php\/2022\/08\/agosto-inspira-crianca-na-biblioteca-municipal-de-silves\/cultura\/09\/25\/","og_site_name":"Algarve 7","article_publisher":"https:\/\/www.facebook.com\/algarve7","article_author":"https:\/\/www.facebook.com\/algarve7","article_published_time":"2022-08-05T08:25:04+00:00","article_modified_time":"2022-08-05T08:25:05+00:00","og_image":[{"width":1280,"height":620,"url":"https:\/\/algarve7.pt\/wp-content\/uploads\/2022\/08\/NOTICIA_agosto-inspira.jpg","type":"image\/jpeg"}],"author":"Algarve 7","twitter_card":"summary_large_image","twitter_creator":"@Algarvesete","twitter_site":"@Algarvesete","twitter_misc":{"Escrito por":"Algarve 7","Tempo estimado de leitura":"4 minutos"},"schema":{"@context":"https:\/\/schema.org","@graph":[{"@type":"Article","@id":"https:\/\/algarve7.pt\/index.php\/2022\/08\/agosto-inspira-crianca-na-biblioteca-municipal-de-silves\/cultura\/09\/25\/#article","isPartOf":{"@id":"https:\/\/algarve7.pt\/index.php\/2022\/08\/agosto-inspira-crianca-na-biblioteca-municipal-de-silves\/cultura\/09\/25\/"},"author":{"name":"Algarve 7","@id":"https:\/\/algarve7.pt\/#\/schema\/person\/23fa70681308e7b319a3204bcea45e0c"},"headline":"Agosto \u201cinspira crian\u00e7a\u201d na biblioteca municipal de Silves","datePublished":"2022-08-05T08:25:04+00:00","dateModified":"2022-08-05T08:25:05+00:00","mainEntityOfPage":{"@id":"https:\/\/algarve7.pt\/index.php\/2022\/08\/agosto-inspira-crianca-na-biblioteca-municipal-de-silves\/cultura\/09\/25\/"},"wordCount":708,"publisher":{"@id":"https:\/\/algarve7.pt\/#organization"},"image":{"@id":"https:\/\/algarve7.pt\/index.php\/2022\/08\/agosto-inspira-crianca-na-biblioteca-municipal-de-silves\/cultura\/09\/25\/#primaryimage"},"thumbnailUrl":"https:\/\/algarve7.pt\/wp-content\/uploads\/2022\/08\/NOTICIA_agosto-inspira.jpg","keywords":["Algarve","Biblioteca Municipal de Silves","Cultura","Silves"],"articleSection":["Cultura"],"inLanguage":"pt-PT"},{"@type":"WebPage","@id":"https:\/\/algarve7.pt\/index.php\/2022\/08\/agosto-inspira-crianca-na-biblioteca-municipal-de-silves\/cultura\/09\/25\/","url":"https:\/\/algarve7.pt\/index.php\/2022\/08\/agosto-inspira-crianca-na-biblioteca-municipal-de-silves\/cultura\/09\/25\/","name":"Agosto \u201cinspira crian\u00e7a\u201d na biblioteca municipal de Silves - Algarve 7","isPartOf":{"@id":"https:\/\/algarve7.pt\/#website"},"primaryImageOfPage":{"@id":"https:\/\/algarve7.pt\/index.php\/2022\/08\/agosto-inspira-crianca-na-biblioteca-municipal-de-silves\/cultura\/09\/25\/#primaryimage"},"image":{"@id":"https:\/\/algarve7.pt\/index.php\/2022\/08\/agosto-inspira-crianca-na-biblioteca-municipal-de-silves\/cultura\/09\/25\/#primaryimage"},"thumbnailUrl":"https:\/\/algarve7.pt\/wp-content\/uploads\/2022\/08\/NOTICIA_agosto-inspira.jpg","datePublished":"2022-08-05T08:25:04+00:00","dateModified":"2022-08-05T08:25:05+00:00","description":"Agosto \u201cinspira crian\u00e7a\u201d na biblioteca municipal de Silves Cultura","breadcrumb":{"@id":"https:\/\/algarve7.pt\/index.php\/2022\/08\/agosto-inspira-crianca-na-biblioteca-municipal-de-silves\/cultura\/09\/25\/#breadcrumb"},"inLanguage":"pt-PT","potentialAction":[{"@type":"ReadAction","target":["https:\/\/algarve7.pt\/index.php\/2022\/08\/agosto-inspira-crianca-na-biblioteca-municipal-de-silves\/cultura\/09\/25\/"]}]},{"@type":"ImageObject","inLanguage":"pt-PT","@id":"https:\/\/algarve7.pt\/index.php\/2022\/08\/agosto-inspira-crianca-na-biblioteca-municipal-de-silves\/cultura\/09\/25\/#primaryimage","url":"https:\/\/algarve7.pt\/wp-content\/uploads\/2022\/08\/NOTICIA_agosto-inspira.jpg","contentUrl":"https:\/\/algarve7.pt\/wp-content\/uploads\/2022\/08\/NOTICIA_agosto-inspira.jpg","width":1280,"height":620},{"@type":"BreadcrumbList","@id":"https:\/\/algarve7.pt\/index.php\/2022\/08\/agosto-inspira-crianca-na-biblioteca-municipal-de-silves\/cultura\/09\/25\/#breadcrumb","itemListElement":[{"@type":"ListItem","position":1,"name":"In\u00edcio","item":"https:\/\/algarve7.pt\/"},{"@type":"ListItem","position":2,"name":"Agosto \u201cinspira crian\u00e7a\u201d na biblioteca municipal de Silves"}]},{"@type":"WebSite","@id":"https:\/\/algarve7.pt\/#website","url":"https:\/\/algarve7.pt\/","name":"Algarve 7","description":"Informa\u00e7\u00e3o sobre o Algarve","publisher":{"@id":"https:\/\/algarve7.pt\/#organization"},"potentialAction":[{"@type":"SearchAction","target":{"@type":"EntryPoint","urlTemplate":"https:\/\/algarve7.pt\/?s={search_term_string}"},"query-input":{"@type":"PropertyValueSpecification","valueRequired":true,"valueName":"search_term_string"}}],"inLanguage":"pt-PT"},{"@type":"Organization","@id":"https:\/\/algarve7.pt\/#organization","name":"Algarve 7","url":"https:\/\/algarve7.pt\/","logo":{"@type":"ImageObject","inLanguage":"pt-PT","@id":"https:\/\/algarve7.pt\/#\/schema\/logo\/image\/","url":"https:\/\/algarve7.pt\/wp-content\/uploads\/2020\/10\/Logo-8.jpg","contentUrl":"https:\/\/algarve7.pt\/wp-content\/uploads\/2020\/10\/Logo-8.jpg","width":1680,"height":1186,"caption":"Algarve 7"},"image":{"@id":"https:\/\/algarve7.pt\/#\/schema\/logo\/image\/"},"sameAs":["https:\/\/www.facebook.com\/algarve7","https:\/\/x.com\/Algarvesete","https:\/\/www.instagram.com\/jornalalgarve7\/","https:\/\/www.linkedin.com\/company\/algarve7","https:\/\/www.pinterest.pt\/geral0939\/_created\/"]},{"@type":"Person","@id":"https:\/\/algarve7.pt\/#\/schema\/person\/23fa70681308e7b319a3204bcea45e0c","name":"Algarve 7","sameAs":["https:\/\/algarve7.pt","https:\/\/www.facebook.com\/algarve7"],"url":"https:\/\/algarve7.pt\/index.php\/author\/geralalgarve7-pt\/"}]}},"jetpack_publicize_connections":[],"jetpack_featured_media_url":"https:\/\/algarve7.pt\/wp-content\/uploads\/2022\/08\/NOTICIA_agosto-inspira.jpg","jetpack_shortlink":"https:\/\/wp.me\/pcezmW-5nH","jetpack_sharing_enabled":true,"_links":{"self":[{"href":"https:\/\/algarve7.pt\/index.php\/wp-json\/wp\/v2\/posts\/20689","targetHints":{"allow":["GET"]}}],"collection":[{"href":"https:\/\/algarve7.pt\/index.php\/wp-json\/wp\/v2\/posts"}],"about":[{"href":"https:\/\/algarve7.pt\/index.php\/wp-json\/wp\/v2\/types\/post"}],"author":[{"embeddable":true,"href":"https:\/\/algarve7.pt\/index.php\/wp-json\/wp\/v2\/users\/1"}],"replies":[{"embeddable":true,"href":"https:\/\/algarve7.pt\/index.php\/wp-json\/wp\/v2\/comments?post=20689"}],"version-history":[{"count":0,"href":"https:\/\/algarve7.pt\/index.php\/wp-json\/wp\/v2\/posts\/20689\/revisions"}],"wp:featuredmedia":[{"embeddable":true,"href":"https:\/\/algarve7.pt\/index.php\/wp-json\/wp\/v2\/media\/20690"}],"wp:attachment":[{"href":"https:\/\/algarve7.pt\/index.php\/wp-json\/wp\/v2\/media?parent=20689"}],"wp:term":[{"taxonomy":"category","embeddable":true,"href":"https:\/\/algarve7.pt\/index.php\/wp-json\/wp\/v2\/categories?post=20689"},{"taxonomy":"post_tag","embeddable":true,"href":"https:\/\/algarve7.pt\/index.php\/wp-json\/wp\/v2\/tags?post=20689"}],"curies":[{"name":"wp","href":"https:\/\/api.w.org\/{rel}","templated":true}]}}