{"id":20686,"date":"2022-08-05T09:20:55","date_gmt":"2022-08-05T08:20:55","guid":{"rendered":"https:\/\/algarve7.pt\/?p=20686"},"modified":"2022-08-05T09:20:56","modified_gmt":"2022-08-05T08:20:56","slug":"camara-municipal-de-faro-entrega-viatura-a-junta-de-freguesia-de-santa-barbara-de-nexe","status":"publish","type":"post","link":"https:\/\/algarve7.pt\/index.php\/2022\/08\/camara-municipal-de-faro-entrega-viatura-a-junta-de-freguesia-de-santa-barbara-de-nexe\/atualidade\/09\/20\/","title":{"rendered":"C\u00e2mara Municipal de Faro entrega viatura a junta de freguesia de Santa B\u00e1rbara de Nexe"},"content":{"rendered":"\n<p>A C\u00e2mara Municipal de Faro (CMF) cedeu uma viatura \u00e0 Junta de Freguesia de Santa B\u00e1rbara de Nexe. O auto de entrega do ve\u00edculo, uma <em>Ford Transit<\/em> de tr\u00eas lugares, teve lugar a 8 de julho.<\/p>\n\n\n\n<p>Prosseguindo o objetivo de assegurar apoio \u00e0s Juntas de Freguesia do concelho, colaborando no processo de as dotar de meios para o desempenho das suas fun\u00e7\u00f5es junto da comunidade, a CMF, mais uma vez, age no sentido de proporcionar uma maior proximidade \u00e0s popula\u00e7\u00f5es, que garanta agilidade nos servi\u00e7os que lhes s\u00e3o prestados. \u00abO que desejamos\u00bb, refere Rog\u00e9rio Bacalhau, Presidente da CMF, \u00e9 que, \u00abagora, com melhores condi\u00e7\u00f5es, se possa desenvolver um trabalho de grande efici\u00eancia e efic\u00e1cia\u00bb<\/p>\n\n\n\n<p>O Munic\u00edpio tamb\u00e9m garantir\u00e1 (como previsto em auto de transfer\u00eancia de recursos, aprovado em reuni\u00e3o de C\u00e2mara de 19de abril de 2021 e em sess\u00e3o extraordin\u00e1ria da Assembleia Municipal de 28 de abril de 2021), os encargos relacionados com os respetivos seguros desta e de outras tr\u00eas viaturas anteriormente cedidas \u00e0 Junta de Freguesia de Santa B\u00e1rbara de Nexe (um ve\u00edculo ligeiro de mercadorias, de cinco lugares e outro de tr\u00eas lugares, com caixa aberta e basculante).<\/p>\n\n\n\n<p>Este aditamento ao Auto de Transfer\u00eancia de Recursos da CMF para esta Junta de Freguesia foi aprovado em reuni\u00e3o de C\u00e2mara do passado dia 25 de julho de 2022.<\/p>\n","protected":false},"excerpt":{"rendered":"<p>A C\u00e2mara Municipal de Faro (CMF) cedeu uma viatura \u00e0 Junta de Freguesia de Santa B\u00e1rbara de Nexe. O auto<\/p>\n","protected":false},"author":1,"featured_media":20687,"comment_status":"closed","ping_status":"open","sticky":false,"template":"","format":"standard","meta":{"colormag_page_container_layout":"default_layout","colormag_page_sidebar_layout":"default_layout","_monsterinsights_skip_tracking":false,"_monsterinsights_sitenote_active":false,"_monsterinsights_sitenote_note":"","_monsterinsights_sitenote_category":0,"jetpack_post_was_ever_published":false,"_jetpack_newsletter_access":"","_jetpack_dont_email_post_to_subs":false,"_jetpack_newsletter_tier_id":0,"_jetpack_memberships_contains_paywalled_content":false,"_jetpack_memberships_contains_paid_content":false,"footnotes":"","jetpack_publicize_message":"","jetpack_publicize_feature_enabled":true,"jetpack_social_post_already_shared":true,"jetpack_social_options":{"image_generator_settings":{"template":"highway","default_image_id":0,"font":"","enabled":false},"version":2}},"categories":[11],"tags":[36,62,57],"class_list":["post-20686","post","type-post","status-publish","format-standard","has-post-thumbnail","hentry","category-atualidade","tag-algarve","tag-atualidade","tag-faro"],"yoast_head":"<!-- This site is optimized with the Yoast SEO plugin v27.4 - https:\/\/yoast.com\/product\/yoast-seo-wordpress\/ -->\n<title>C\u00e2mara Municipal de Faro entrega viatura a junta de freguesia de Santa B\u00e1rbara de Nexe - Algarve 7<\/title>\n<meta name=\"description\" content=\"C\u00e2mara Municipal de Faro entrega viatura a junta de freguesia de Santa B\u00e1rbara de Nexe Atualidade\" \/>\n<meta name=\"robots\" content=\"index, follow, max-snippet:-1, max-image-preview:large, max-video-preview:-1\" \/>\n<link rel=\"canonical\" href=\"https:\/\/algarve7.pt\/index.php\/2022\/08\/camara-municipal-de-faro-entrega-viatura-a-junta-de-freguesia-de-santa-barbara-de-nexe\/atualidade\/09\/20\/\" \/>\n<meta property=\"og:locale\" content=\"pt_PT\" \/>\n<meta property=\"og:type\" content=\"article\" \/>\n<meta property=\"og:title\" content=\"C\u00e2mara Municipal de Faro entrega viatura a junta de freguesia de Santa B\u00e1rbara de Nexe - Algarve 7\" \/>\n<meta property=\"og:description\" content=\"C\u00e2mara Municipal de Faro entrega viatura a junta de freguesia de Santa B\u00e1rbara de Nexe Atualidade\" \/>\n<meta property=\"og:url\" content=\"https:\/\/algarve7.pt\/index.php\/2022\/08\/camara-municipal-de-faro-entrega-viatura-a-junta-de-freguesia-de-santa-barbara-de-nexe\/atualidade\/09\/20\/\" \/>\n<meta property=\"og:site_name\" content=\"Algarve 7\" \/>\n<meta property=\"article:publisher\" content=\"https:\/\/www.facebook.com\/algarve7\" \/>\n<meta property=\"article:author\" content=\"https:\/\/www.facebook.com\/algarve7\" \/>\n<meta property=\"article:published_time\" content=\"2022-08-05T08:20:55+00:00\" \/>\n<meta property=\"article:modified_time\" content=\"2022-08-05T08:20:56+00:00\" \/>\n<meta property=\"og:image\" content=\"https:\/\/algarve7.pt\/wp-content\/uploads\/2022\/08\/Viatura_07.jpg\" \/>\n\t<meta property=\"og:image:width\" content=\"2048\" \/>\n\t<meta property=\"og:image:height\" content=\"1536\" \/>\n\t<meta property=\"og:image:type\" content=\"image\/jpeg\" \/>\n<meta name=\"author\" content=\"Algarve 7\" \/>\n<meta name=\"twitter:card\" content=\"summary_large_image\" \/>\n<meta name=\"twitter:creator\" content=\"@Algarvesete\" \/>\n<meta name=\"twitter:site\" content=\"@Algarvesete\" \/>\n<meta name=\"twitter:label1\" content=\"Escrito por\" \/>\n\t<meta name=\"twitter:data1\" content=\"Algarve 7\" \/>\n\t<meta name=\"twitter:label2\" content=\"Tempo estimado de leitura\" \/>\n\t<meta name=\"twitter:data2\" content=\"2 minutos\" \/>\n<script type=\"application\/ld+json\" class=\"yoast-schema-graph\">{\"@context\":\"https:\\\/\\\/schema.org\",\"@graph\":[{\"@type\":\"Article\",\"@id\":\"https:\\\/\\\/algarve7.pt\\\/index.php\\\/2022\\\/08\\\/camara-municipal-de-faro-entrega-viatura-a-junta-de-freguesia-de-santa-barbara-de-nexe\\\/atualidade\\\/09\\\/20\\\/#article\",\"isPartOf\":{\"@id\":\"https:\\\/\\\/algarve7.pt\\\/index.php\\\/2022\\\/08\\\/camara-municipal-de-faro-entrega-viatura-a-junta-de-freguesia-de-santa-barbara-de-nexe\\\/atualidade\\\/09\\\/20\\\/\"},\"author\":{\"name\":\"Algarve 7\",\"@id\":\"https:\\\/\\\/algarve7.pt\\\/#\\\/schema\\\/person\\\/23fa70681308e7b319a3204bcea45e0c\"},\"headline\":\"C\u00e2mara Municipal de Faro entrega viatura a junta de freguesia de Santa B\u00e1rbara de Nexe\",\"datePublished\":\"2022-08-05T08:20:55+00:00\",\"dateModified\":\"2022-08-05T08:20:56+00:00\",\"mainEntityOfPage\":{\"@id\":\"https:\\\/\\\/algarve7.pt\\\/index.php\\\/2022\\\/08\\\/camara-municipal-de-faro-entrega-viatura-a-junta-de-freguesia-de-santa-barbara-de-nexe\\\/atualidade\\\/09\\\/20\\\/\"},\"wordCount\":254,\"publisher\":{\"@id\":\"https:\\\/\\\/algarve7.pt\\\/#organization\"},\"image\":{\"@id\":\"https:\\\/\\\/algarve7.pt\\\/index.php\\\/2022\\\/08\\\/camara-municipal-de-faro-entrega-viatura-a-junta-de-freguesia-de-santa-barbara-de-nexe\\\/atualidade\\\/09\\\/20\\\/#primaryimage\"},\"thumbnailUrl\":\"https:\\\/\\\/algarve7.pt\\\/wp-content\\\/uploads\\\/2022\\\/08\\\/Viatura_07.jpg\",\"keywords\":[\"Algarve\",\"Atualidade\",\"Faro\"],\"articleSection\":[\"Atualidade\"],\"inLanguage\":\"pt-PT\"},{\"@type\":\"WebPage\",\"@id\":\"https:\\\/\\\/algarve7.pt\\\/index.php\\\/2022\\\/08\\\/camara-municipal-de-faro-entrega-viatura-a-junta-de-freguesia-de-santa-barbara-de-nexe\\\/atualidade\\\/09\\\/20\\\/\",\"url\":\"https:\\\/\\\/algarve7.pt\\\/index.php\\\/2022\\\/08\\\/camara-municipal-de-faro-entrega-viatura-a-junta-de-freguesia-de-santa-barbara-de-nexe\\\/atualidade\\\/09\\\/20\\\/\",\"name\":\"C\u00e2mara Municipal de Faro entrega viatura a junta de freguesia de Santa B\u00e1rbara de Nexe - Algarve 7\",\"isPartOf\":{\"@id\":\"https:\\\/\\\/algarve7.pt\\\/#website\"},\"primaryImageOfPage\":{\"@id\":\"https:\\\/\\\/algarve7.pt\\\/index.php\\\/2022\\\/08\\\/camara-municipal-de-faro-entrega-viatura-a-junta-de-freguesia-de-santa-barbara-de-nexe\\\/atualidade\\\/09\\\/20\\\/#primaryimage\"},\"image\":{\"@id\":\"https:\\\/\\\/algarve7.pt\\\/index.php\\\/2022\\\/08\\\/camara-municipal-de-faro-entrega-viatura-a-junta-de-freguesia-de-santa-barbara-de-nexe\\\/atualidade\\\/09\\\/20\\\/#primaryimage\"},\"thumbnailUrl\":\"https:\\\/\\\/algarve7.pt\\\/wp-content\\\/uploads\\\/2022\\\/08\\\/Viatura_07.jpg\",\"datePublished\":\"2022-08-05T08:20:55+00:00\",\"dateModified\":\"2022-08-05T08:20:56+00:00\",\"description\":\"C\u00e2mara Municipal de Faro entrega viatura a junta de freguesia de Santa B\u00e1rbara de Nexe Atualidade\",\"breadcrumb\":{\"@id\":\"https:\\\/\\\/algarve7.pt\\\/index.php\\\/2022\\\/08\\\/camara-municipal-de-faro-entrega-viatura-a-junta-de-freguesia-de-santa-barbara-de-nexe\\\/atualidade\\\/09\\\/20\\\/#breadcrumb\"},\"inLanguage\":\"pt-PT\",\"potentialAction\":[{\"@type\":\"ReadAction\",\"target\":[\"https:\\\/\\\/algarve7.pt\\\/index.php\\\/2022\\\/08\\\/camara-municipal-de-faro-entrega-viatura-a-junta-de-freguesia-de-santa-barbara-de-nexe\\\/atualidade\\\/09\\\/20\\\/\"]}]},{\"@type\":\"ImageObject\",\"inLanguage\":\"pt-PT\",\"@id\":\"https:\\\/\\\/algarve7.pt\\\/index.php\\\/2022\\\/08\\\/camara-municipal-de-faro-entrega-viatura-a-junta-de-freguesia-de-santa-barbara-de-nexe\\\/atualidade\\\/09\\\/20\\\/#primaryimage\",\"url\":\"https:\\\/\\\/algarve7.pt\\\/wp-content\\\/uploads\\\/2022\\\/08\\\/Viatura_07.jpg\",\"contentUrl\":\"https:\\\/\\\/algarve7.pt\\\/wp-content\\\/uploads\\\/2022\\\/08\\\/Viatura_07.jpg\",\"width\":2048,\"height\":1536},{\"@type\":\"BreadcrumbList\",\"@id\":\"https:\\\/\\\/algarve7.pt\\\/index.php\\\/2022\\\/08\\\/camara-municipal-de-faro-entrega-viatura-a-junta-de-freguesia-de-santa-barbara-de-nexe\\\/atualidade\\\/09\\\/20\\\/#breadcrumb\",\"itemListElement\":[{\"@type\":\"ListItem\",\"position\":1,\"name\":\"In\u00edcio\",\"item\":\"https:\\\/\\\/algarve7.pt\\\/\"},{\"@type\":\"ListItem\",\"position\":2,\"name\":\"C\u00e2mara Municipal de Faro entrega viatura a junta de freguesia de Santa B\u00e1rbara de Nexe\"}]},{\"@type\":\"WebSite\",\"@id\":\"https:\\\/\\\/algarve7.pt\\\/#website\",\"url\":\"https:\\\/\\\/algarve7.pt\\\/\",\"name\":\"Algarve 7\",\"description\":\"Informa\u00e7\u00e3o sobre o Algarve\",\"publisher\":{\"@id\":\"https:\\\/\\\/algarve7.pt\\\/#organization\"},\"potentialAction\":[{\"@type\":\"SearchAction\",\"target\":{\"@type\":\"EntryPoint\",\"urlTemplate\":\"https:\\\/\\\/algarve7.pt\\\/?s={search_term_string}\"},\"query-input\":{\"@type\":\"PropertyValueSpecification\",\"valueRequired\":true,\"valueName\":\"search_term_string\"}}],\"inLanguage\":\"pt-PT\"},{\"@type\":\"Organization\",\"@id\":\"https:\\\/\\\/algarve7.pt\\\/#organization\",\"name\":\"Algarve 7\",\"url\":\"https:\\\/\\\/algarve7.pt\\\/\",\"logo\":{\"@type\":\"ImageObject\",\"inLanguage\":\"pt-PT\",\"@id\":\"https:\\\/\\\/algarve7.pt\\\/#\\\/schema\\\/logo\\\/image\\\/\",\"url\":\"https:\\\/\\\/algarve7.pt\\\/wp-content\\\/uploads\\\/2020\\\/10\\\/Logo-8.jpg\",\"contentUrl\":\"https:\\\/\\\/algarve7.pt\\\/wp-content\\\/uploads\\\/2020\\\/10\\\/Logo-8.jpg\",\"width\":1680,\"height\":1186,\"caption\":\"Algarve 7\"},\"image\":{\"@id\":\"https:\\\/\\\/algarve7.pt\\\/#\\\/schema\\\/logo\\\/image\\\/\"},\"sameAs\":[\"https:\\\/\\\/www.facebook.com\\\/algarve7\",\"https:\\\/\\\/x.com\\\/Algarvesete\",\"https:\\\/\\\/www.instagram.com\\\/jornalalgarve7\\\/\",\"https:\\\/\\\/www.linkedin.com\\\/company\\\/algarve7\",\"https:\\\/\\\/www.pinterest.pt\\\/geral0939\\\/_created\\\/\"]},{\"@type\":\"Person\",\"@id\":\"https:\\\/\\\/algarve7.pt\\\/#\\\/schema\\\/person\\\/23fa70681308e7b319a3204bcea45e0c\",\"name\":\"Algarve 7\",\"sameAs\":[\"https:\\\/\\\/algarve7.pt\",\"https:\\\/\\\/www.facebook.com\\\/algarve7\"],\"url\":\"https:\\\/\\\/algarve7.pt\\\/index.php\\\/author\\\/geralalgarve7-pt\\\/\"}]}<\/script>\n<!-- \/ Yoast SEO plugin. -->","yoast_head_json":{"title":"C\u00e2mara Municipal de Faro entrega viatura a junta de freguesia de Santa B\u00e1rbara de Nexe - Algarve 7","description":"C\u00e2mara Municipal de Faro entrega viatura a junta de freguesia de Santa B\u00e1rbara de Nexe Atualidade","robots":{"index":"index","follow":"follow","max-snippet":"max-snippet:-1","max-image-preview":"max-image-preview:large","max-video-preview":"max-video-preview:-1"},"canonical":"https:\/\/algarve7.pt\/index.php\/2022\/08\/camara-municipal-de-faro-entrega-viatura-a-junta-de-freguesia-de-santa-barbara-de-nexe\/atualidade\/09\/20\/","og_locale":"pt_PT","og_type":"article","og_title":"C\u00e2mara Municipal de Faro entrega viatura a junta de freguesia de Santa B\u00e1rbara de Nexe - Algarve 7","og_description":"C\u00e2mara Municipal de Faro entrega viatura a junta de freguesia de Santa B\u00e1rbara de Nexe Atualidade","og_url":"https:\/\/algarve7.pt\/index.php\/2022\/08\/camara-municipal-de-faro-entrega-viatura-a-junta-de-freguesia-de-santa-barbara-de-nexe\/atualidade\/09\/20\/","og_site_name":"Algarve 7","article_publisher":"https:\/\/www.facebook.com\/algarve7","article_author":"https:\/\/www.facebook.com\/algarve7","article_published_time":"2022-08-05T08:20:55+00:00","article_modified_time":"2022-08-05T08:20:56+00:00","og_image":[{"width":2048,"height":1536,"url":"https:\/\/algarve7.pt\/wp-content\/uploads\/2022\/08\/Viatura_07.jpg","type":"image\/jpeg"}],"author":"Algarve 7","twitter_card":"summary_large_image","twitter_creator":"@Algarvesete","twitter_site":"@Algarvesete","twitter_misc":{"Escrito por":"Algarve 7","Tempo estimado de leitura":"2 minutos"},"schema":{"@context":"https:\/\/schema.org","@graph":[{"@type":"Article","@id":"https:\/\/algarve7.pt\/index.php\/2022\/08\/camara-municipal-de-faro-entrega-viatura-a-junta-de-freguesia-de-santa-barbara-de-nexe\/atualidade\/09\/20\/#article","isPartOf":{"@id":"https:\/\/algarve7.pt\/index.php\/2022\/08\/camara-municipal-de-faro-entrega-viatura-a-junta-de-freguesia-de-santa-barbara-de-nexe\/atualidade\/09\/20\/"},"author":{"name":"Algarve 7","@id":"https:\/\/algarve7.pt\/#\/schema\/person\/23fa70681308e7b319a3204bcea45e0c"},"headline":"C\u00e2mara Municipal de Faro entrega viatura a junta de freguesia de Santa B\u00e1rbara de Nexe","datePublished":"2022-08-05T08:20:55+00:00","dateModified":"2022-08-05T08:20:56+00:00","mainEntityOfPage":{"@id":"https:\/\/algarve7.pt\/index.php\/2022\/08\/camara-municipal-de-faro-entrega-viatura-a-junta-de-freguesia-de-santa-barbara-de-nexe\/atualidade\/09\/20\/"},"wordCount":254,"publisher":{"@id":"https:\/\/algarve7.pt\/#organization"},"image":{"@id":"https:\/\/algarve7.pt\/index.php\/2022\/08\/camara-municipal-de-faro-entrega-viatura-a-junta-de-freguesia-de-santa-barbara-de-nexe\/atualidade\/09\/20\/#primaryimage"},"thumbnailUrl":"https:\/\/algarve7.pt\/wp-content\/uploads\/2022\/08\/Viatura_07.jpg","keywords":["Algarve","Atualidade","Faro"],"articleSection":["Atualidade"],"inLanguage":"pt-PT"},{"@type":"WebPage","@id":"https:\/\/algarve7.pt\/index.php\/2022\/08\/camara-municipal-de-faro-entrega-viatura-a-junta-de-freguesia-de-santa-barbara-de-nexe\/atualidade\/09\/20\/","url":"https:\/\/algarve7.pt\/index.php\/2022\/08\/camara-municipal-de-faro-entrega-viatura-a-junta-de-freguesia-de-santa-barbara-de-nexe\/atualidade\/09\/20\/","name":"C\u00e2mara Municipal de Faro entrega viatura a junta de freguesia de Santa B\u00e1rbara de Nexe - Algarve 7","isPartOf":{"@id":"https:\/\/algarve7.pt\/#website"},"primaryImageOfPage":{"@id":"https:\/\/algarve7.pt\/index.php\/2022\/08\/camara-municipal-de-faro-entrega-viatura-a-junta-de-freguesia-de-santa-barbara-de-nexe\/atualidade\/09\/20\/#primaryimage"},"image":{"@id":"https:\/\/algarve7.pt\/index.php\/2022\/08\/camara-municipal-de-faro-entrega-viatura-a-junta-de-freguesia-de-santa-barbara-de-nexe\/atualidade\/09\/20\/#primaryimage"},"thumbnailUrl":"https:\/\/algarve7.pt\/wp-content\/uploads\/2022\/08\/Viatura_07.jpg","datePublished":"2022-08-05T08:20:55+00:00","dateModified":"2022-08-05T08:20:56+00:00","description":"C\u00e2mara Municipal de Faro entrega viatura a junta de freguesia de Santa B\u00e1rbara de Nexe Atualidade","breadcrumb":{"@id":"https:\/\/algarve7.pt\/index.php\/2022\/08\/camara-municipal-de-faro-entrega-viatura-a-junta-de-freguesia-de-santa-barbara-de-nexe\/atualidade\/09\/20\/#breadcrumb"},"inLanguage":"pt-PT","potentialAction":[{"@type":"ReadAction","target":["https:\/\/algarve7.pt\/index.php\/2022\/08\/camara-municipal-de-faro-entrega-viatura-a-junta-de-freguesia-de-santa-barbara-de-nexe\/atualidade\/09\/20\/"]}]},{"@type":"ImageObject","inLanguage":"pt-PT","@id":"https:\/\/algarve7.pt\/index.php\/2022\/08\/camara-municipal-de-faro-entrega-viatura-a-junta-de-freguesia-de-santa-barbara-de-nexe\/atualidade\/09\/20\/#primaryimage","url":"https:\/\/algarve7.pt\/wp-content\/uploads\/2022\/08\/Viatura_07.jpg","contentUrl":"https:\/\/algarve7.pt\/wp-content\/uploads\/2022\/08\/Viatura_07.jpg","width":2048,"height":1536},{"@type":"BreadcrumbList","@id":"https:\/\/algarve7.pt\/index.php\/2022\/08\/camara-municipal-de-faro-entrega-viatura-a-junta-de-freguesia-de-santa-barbara-de-nexe\/atualidade\/09\/20\/#breadcrumb","itemListElement":[{"@type":"ListItem","position":1,"name":"In\u00edcio","item":"https:\/\/algarve7.pt\/"},{"@type":"ListItem","position":2,"name":"C\u00e2mara Municipal de Faro entrega viatura a junta de freguesia de Santa B\u00e1rbara de Nexe"}]},{"@type":"WebSite","@id":"https:\/\/algarve7.pt\/#website","url":"https:\/\/algarve7.pt\/","name":"Algarve 7","description":"Informa\u00e7\u00e3o sobre o Algarve","publisher":{"@id":"https:\/\/algarve7.pt\/#organization"},"potentialAction":[{"@type":"SearchAction","target":{"@type":"EntryPoint","urlTemplate":"https:\/\/algarve7.pt\/?s={search_term_string}"},"query-input":{"@type":"PropertyValueSpecification","valueRequired":true,"valueName":"search_term_string"}}],"inLanguage":"pt-PT"},{"@type":"Organization","@id":"https:\/\/algarve7.pt\/#organization","name":"Algarve 7","url":"https:\/\/algarve7.pt\/","logo":{"@type":"ImageObject","inLanguage":"pt-PT","@id":"https:\/\/algarve7.pt\/#\/schema\/logo\/image\/","url":"https:\/\/algarve7.pt\/wp-content\/uploads\/2020\/10\/Logo-8.jpg","contentUrl":"https:\/\/algarve7.pt\/wp-content\/uploads\/2020\/10\/Logo-8.jpg","width":1680,"height":1186,"caption":"Algarve 7"},"image":{"@id":"https:\/\/algarve7.pt\/#\/schema\/logo\/image\/"},"sameAs":["https:\/\/www.facebook.com\/algarve7","https:\/\/x.com\/Algarvesete","https:\/\/www.instagram.com\/jornalalgarve7\/","https:\/\/www.linkedin.com\/company\/algarve7","https:\/\/www.pinterest.pt\/geral0939\/_created\/"]},{"@type":"Person","@id":"https:\/\/algarve7.pt\/#\/schema\/person\/23fa70681308e7b319a3204bcea45e0c","name":"Algarve 7","sameAs":["https:\/\/algarve7.pt","https:\/\/www.facebook.com\/algarve7"],"url":"https:\/\/algarve7.pt\/index.php\/author\/geralalgarve7-pt\/"}]}},"jetpack_publicize_connections":[],"jetpack_featured_media_url":"https:\/\/algarve7.pt\/wp-content\/uploads\/2022\/08\/Viatura_07.jpg","jetpack_shortlink":"https:\/\/wp.me\/pcezmW-5nE","jetpack_sharing_enabled":true,"_links":{"self":[{"href":"https:\/\/algarve7.pt\/index.php\/wp-json\/wp\/v2\/posts\/20686","targetHints":{"allow":["GET"]}}],"collection":[{"href":"https:\/\/algarve7.pt\/index.php\/wp-json\/wp\/v2\/posts"}],"about":[{"href":"https:\/\/algarve7.pt\/index.php\/wp-json\/wp\/v2\/types\/post"}],"author":[{"embeddable":true,"href":"https:\/\/algarve7.pt\/index.php\/wp-json\/wp\/v2\/users\/1"}],"replies":[{"embeddable":true,"href":"https:\/\/algarve7.pt\/index.php\/wp-json\/wp\/v2\/comments?post=20686"}],"version-history":[{"count":0,"href":"https:\/\/algarve7.pt\/index.php\/wp-json\/wp\/v2\/posts\/20686\/revisions"}],"wp:featuredmedia":[{"embeddable":true,"href":"https:\/\/algarve7.pt\/index.php\/wp-json\/wp\/v2\/media\/20687"}],"wp:attachment":[{"href":"https:\/\/algarve7.pt\/index.php\/wp-json\/wp\/v2\/media?parent=20686"}],"wp:term":[{"taxonomy":"category","embeddable":true,"href":"https:\/\/algarve7.pt\/index.php\/wp-json\/wp\/v2\/categories?post=20686"},{"taxonomy":"post_tag","embeddable":true,"href":"https:\/\/algarve7.pt\/index.php\/wp-json\/wp\/v2\/tags?post=20686"}],"curies":[{"name":"wp","href":"https:\/\/api.w.org\/{rel}","templated":true}]}}