{"id":20680,"date":"2022-08-04T14:39:51","date_gmt":"2022-08-04T13:39:51","guid":{"rendered":"https:\/\/algarve7.pt\/?p=20680"},"modified":"2022-08-04T14:39:52","modified_gmt":"2022-08-04T13:39:52","slug":"freguesia-de-budens-organiza-passeio-de-bicicletas-antigas-de-no-dia-14-de-agosto","status":"publish","type":"post","link":"https:\/\/algarve7.pt\/index.php\/2022\/08\/freguesia-de-budens-organiza-passeio-de-bicicletas-antigas-de-no-dia-14-de-agosto\/desporto\/14\/39\/","title":{"rendered":"Freguesia de Budens organiza passeio de bicicletas antigas de no dia 14 de agosto"},"content":{"rendered":"\n<p class=\"wp-block-paragraph\">O Passeio de Bicicletas Antigas de Budens est\u00e1 de volta \u00e0 freguesia depois de dois anos de pausa devido \u00e0 situa\u00e7\u00e3o de pandemia, este ano com passagem por Vale de Boi, Boca do Rio e Salema.<\/p>\n\n\n\n<p class=\"wp-block-paragraph\">Este \u00e9 um passeio onde se pretende recordar tradi\u00e7\u00f5es, seja de bicicletas e acess\u00f3rios, trajes, costumes, petiscos e m\u00fasicas e promover o conv\u00edvio entre gera\u00e7\u00f5es.<\/p>\n\n\n\n<p class=\"wp-block-paragraph\">Uma atividade para toda a fam\u00edlia.<\/p>\n\n\n\n<p class=\"wp-block-paragraph\">O evento inclui n\u00e3o s\u00f3 o passeio, mas tamb\u00e9m um almo\u00e7o conv\u00edvio com anima\u00e7\u00e3o musical de participa\u00e7\u00e3o opcional e v\u00e1rios pr\u00e9mios para melhor traje, pasteleira mais original e a melhor restaurada.<\/p>\n\n\n\n<p class=\"wp-block-paragraph\">Para mais informa\u00e7\u00f5es contatar Jo\u00e3o Ant\u00f3nio Fonseca atrav\u00e9s do telefone 91 910 42 80 ou pelo e-mail <a href=\"mailto:geral@freguesiadebudens.pt\" target=\"_blank\" rel=\"noreferrer noopener\">geral@freguesiadebudens.pt<\/a> .<br>A participa\u00e7\u00e3o no passeio \u00e9 gratuita mas de inscri\u00e7\u00e3o obrigat\u00f3ria, o almo\u00e7o tem o custo de 12.50\u20ac por pessoa.<\/p>\n\n\n\n<p class=\"wp-block-paragraph\">Inscri\u00e7\u00f5es at\u00e9 dia 10 de agosto.<\/p>\n","protected":false},"excerpt":{"rendered":"<p>O Passeio de Bicicletas Antigas de Budens est\u00e1 de volta \u00e0 freguesia depois de dois anos de pausa devido \u00e0<\/p>\n","protected":false},"author":1,"featured_media":20681,"comment_status":"closed","ping_status":"open","sticky":false,"template":"","format":"standard","meta":{"colormag_page_container_layout":"default_layout","colormag_page_sidebar_layout":"default_layout","_monsterinsights_skip_tracking":false,"_jetpack_newsletter_access":"","_jetpack_dont_email_post_to_subs":false,"_jetpack_newsletter_tier_id":0,"_jetpack_memberships_contains_paywalled_content":false,"_jetpack_feature_clip_id":0,"_jetpack_memberships_contains_paid_content":false,"footnotes":"","jetpack_publicize_message":"","jetpack_publicize_feature_enabled":true,"jetpack_social_post_already_shared":true,"jetpack_social_options":{"image_generator_settings":{"template":"highway","default_image_id":0,"font":"","enabled":false},"version":2},"jetpack_post_was_ever_published":false},"categories":[15],"tags":[36,675,627,40,84],"class_list":["post-20680","post","type-post","status-publish","format-standard","has-post-thumbnail","hentry","category-desporto","tag-algarve","tag-bicicletas","tag-budens","tag-desporto","tag-vila-do-bispo"],"yoast_head":"<!-- This site is optimized with the Yoast SEO plugin v28.3 - https:\/\/yoast.com\/product\/yoast-seo-wordpress\/ -->\n<title>Freguesia de Budens organiza passeio de bicicletas antigas de no dia 14 de agosto - Algarve 7<\/title>\n<meta name=\"description\" content=\"Freguesia de Budens organiza passeio de bicicletas antigas de no dia 14 de agosto Desporto\" \/>\n<meta name=\"robots\" content=\"index, follow, max-snippet:-1, max-image-preview:large, max-video-preview:-1\" \/>\n<link rel=\"canonical\" href=\"https:\/\/algarve7.pt\/index.php\/2022\/08\/freguesia-de-budens-organiza-passeio-de-bicicletas-antigas-de-no-dia-14-de-agosto\/desporto\/14\/39\/\" \/>\n<meta property=\"og:locale\" content=\"pt_PT\" \/>\n<meta property=\"og:type\" content=\"article\" \/>\n<meta property=\"og:title\" content=\"Freguesia de Budens organiza passeio de bicicletas antigas de no dia 14 de agosto - Algarve 7\" \/>\n<meta property=\"og:description\" content=\"Freguesia de Budens organiza passeio de bicicletas antigas de no dia 14 de agosto Desporto\" \/>\n<meta property=\"og:url\" content=\"https:\/\/algarve7.pt\/index.php\/2022\/08\/freguesia-de-budens-organiza-passeio-de-bicicletas-antigas-de-no-dia-14-de-agosto\/desporto\/14\/39\/\" \/>\n<meta property=\"og:site_name\" content=\"Algarve 7\" \/>\n<meta property=\"article:publisher\" content=\"https:\/\/www.facebook.com\/algarve7\" \/>\n<meta property=\"article:author\" content=\"https:\/\/www.facebook.com\/algarve7\" \/>\n<meta property=\"article:published_time\" content=\"2022-08-04T13:39:51+00:00\" \/>\n<meta property=\"article:modified_time\" content=\"2022-08-04T13:39:52+00:00\" \/>\n<meta property=\"og:image\" content=\"https:\/\/algarve7.pt\/wp-content\/uploads\/2022\/08\/Captura-de-ecra\u0303-2022-08-04-a\u0300s-14.35.37-e1659620350325-1024x678.png\" \/>\n\t<meta property=\"og:image:width\" content=\"1024\" \/>\n\t<meta property=\"og:image:height\" content=\"678\" \/>\n\t<meta property=\"og:image:type\" content=\"image\/png\" \/>\n<meta name=\"author\" content=\"Algarve 7\" \/>\n<meta name=\"twitter:card\" content=\"summary_large_image\" \/>\n<meta name=\"twitter:creator\" content=\"@Algarvesete\" \/>\n<meta name=\"twitter:site\" content=\"@Algarvesete\" \/>\n<meta name=\"twitter:label1\" content=\"Escrito por\" \/>\n\t<meta name=\"twitter:data1\" content=\"Algarve 7\" \/>\n\t<meta name=\"twitter:label2\" content=\"Tempo estimado de leitura\" \/>\n\t<meta name=\"twitter:data2\" content=\"1 minuto\" \/>\n<script type=\"application\/ld+json\" class=\"yoast-schema-graph\">{\"@context\":\"https:\\\/\\\/schema.org\",\"@graph\":[{\"@type\":\"Article\",\"@id\":\"https:\\\/\\\/algarve7.pt\\\/index.php\\\/2022\\\/08\\\/freguesia-de-budens-organiza-passeio-de-bicicletas-antigas-de-no-dia-14-de-agosto\\\/desporto\\\/14\\\/39\\\/#article\",\"isPartOf\":{\"@id\":\"https:\\\/\\\/algarve7.pt\\\/index.php\\\/2022\\\/08\\\/freguesia-de-budens-organiza-passeio-de-bicicletas-antigas-de-no-dia-14-de-agosto\\\/desporto\\\/14\\\/39\\\/\"},\"author\":{\"name\":\"Algarve 7\",\"@id\":\"https:\\\/\\\/algarve7.pt\\\/#\\\/schema\\\/person\\\/23fa70681308e7b319a3204bcea45e0c\"},\"headline\":\"Freguesia de Budens organiza passeio de bicicletas antigas de no dia 14 de agosto\",\"datePublished\":\"2022-08-04T13:39:51+00:00\",\"dateModified\":\"2022-08-04T13:39:52+00:00\",\"mainEntityOfPage\":{\"@id\":\"https:\\\/\\\/algarve7.pt\\\/index.php\\\/2022\\\/08\\\/freguesia-de-budens-organiza-passeio-de-bicicletas-antigas-de-no-dia-14-de-agosto\\\/desporto\\\/14\\\/39\\\/\"},\"wordCount\":170,\"publisher\":{\"@id\":\"https:\\\/\\\/algarve7.pt\\\/#organization\"},\"image\":{\"@id\":\"https:\\\/\\\/algarve7.pt\\\/index.php\\\/2022\\\/08\\\/freguesia-de-budens-organiza-passeio-de-bicicletas-antigas-de-no-dia-14-de-agosto\\\/desporto\\\/14\\\/39\\\/#primaryimage\"},\"thumbnailUrl\":\"https:\\\/\\\/algarve7.pt\\\/wp-content\\\/uploads\\\/2022\\\/08\\\/Captura-de-ecra\u0303-2022-08-04-a\u0300s-14.35.37-e1659620350325.png\",\"keywords\":[\"Algarve\",\"Bicicletas\",\"Budens\",\"Desporto\",\"Vila do Bispo\"],\"articleSection\":[\"Desporto\"],\"inLanguage\":\"pt-PT\"},{\"@type\":\"WebPage\",\"@id\":\"https:\\\/\\\/algarve7.pt\\\/index.php\\\/2022\\\/08\\\/freguesia-de-budens-organiza-passeio-de-bicicletas-antigas-de-no-dia-14-de-agosto\\\/desporto\\\/14\\\/39\\\/\",\"url\":\"https:\\\/\\\/algarve7.pt\\\/index.php\\\/2022\\\/08\\\/freguesia-de-budens-organiza-passeio-de-bicicletas-antigas-de-no-dia-14-de-agosto\\\/desporto\\\/14\\\/39\\\/\",\"name\":\"Freguesia de Budens organiza passeio de bicicletas antigas de no dia 14 de agosto - Algarve 7\",\"isPartOf\":{\"@id\":\"https:\\\/\\\/algarve7.pt\\\/#website\"},\"primaryImageOfPage\":{\"@id\":\"https:\\\/\\\/algarve7.pt\\\/index.php\\\/2022\\\/08\\\/freguesia-de-budens-organiza-passeio-de-bicicletas-antigas-de-no-dia-14-de-agosto\\\/desporto\\\/14\\\/39\\\/#primaryimage\"},\"image\":{\"@id\":\"https:\\\/\\\/algarve7.pt\\\/index.php\\\/2022\\\/08\\\/freguesia-de-budens-organiza-passeio-de-bicicletas-antigas-de-no-dia-14-de-agosto\\\/desporto\\\/14\\\/39\\\/#primaryimage\"},\"thumbnailUrl\":\"https:\\\/\\\/algarve7.pt\\\/wp-content\\\/uploads\\\/2022\\\/08\\\/Captura-de-ecra\u0303-2022-08-04-a\u0300s-14.35.37-e1659620350325.png\",\"datePublished\":\"2022-08-04T13:39:51+00:00\",\"dateModified\":\"2022-08-04T13:39:52+00:00\",\"description\":\"Freguesia de Budens organiza passeio de bicicletas antigas de no dia 14 de agosto Desporto\",\"breadcrumb\":{\"@id\":\"https:\\\/\\\/algarve7.pt\\\/index.php\\\/2022\\\/08\\\/freguesia-de-budens-organiza-passeio-de-bicicletas-antigas-de-no-dia-14-de-agosto\\\/desporto\\\/14\\\/39\\\/#breadcrumb\"},\"inLanguage\":\"pt-PT\",\"potentialAction\":[{\"@type\":\"ReadAction\",\"target\":[\"https:\\\/\\\/algarve7.pt\\\/index.php\\\/2022\\\/08\\\/freguesia-de-budens-organiza-passeio-de-bicicletas-antigas-de-no-dia-14-de-agosto\\\/desporto\\\/14\\\/39\\\/\"]}]},{\"@type\":\"ImageObject\",\"inLanguage\":\"pt-PT\",\"@id\":\"https:\\\/\\\/algarve7.pt\\\/index.php\\\/2022\\\/08\\\/freguesia-de-budens-organiza-passeio-de-bicicletas-antigas-de-no-dia-14-de-agosto\\\/desporto\\\/14\\\/39\\\/#primaryimage\",\"url\":\"https:\\\/\\\/algarve7.pt\\\/wp-content\\\/uploads\\\/2022\\\/08\\\/Captura-de-ecra\u0303-2022-08-04-a\u0300s-14.35.37-e1659620350325.png\",\"contentUrl\":\"https:\\\/\\\/algarve7.pt\\\/wp-content\\\/uploads\\\/2022\\\/08\\\/Captura-de-ecra\u0303-2022-08-04-a\u0300s-14.35.37-e1659620350325.png\",\"width\":2482,\"height\":1644},{\"@type\":\"BreadcrumbList\",\"@id\":\"https:\\\/\\\/algarve7.pt\\\/index.php\\\/2022\\\/08\\\/freguesia-de-budens-organiza-passeio-de-bicicletas-antigas-de-no-dia-14-de-agosto\\\/desporto\\\/14\\\/39\\\/#breadcrumb\",\"itemListElement\":[{\"@type\":\"ListItem\",\"position\":1,\"name\":\"In\u00edcio\",\"item\":\"https:\\\/\\\/algarve7.pt\\\/\"},{\"@type\":\"ListItem\",\"position\":2,\"name\":\"Freguesia de Budens organiza passeio de bicicletas antigas de no dia 14 de agosto\"}]},{\"@type\":\"WebSite\",\"@id\":\"https:\\\/\\\/algarve7.pt\\\/#website\",\"url\":\"https:\\\/\\\/algarve7.pt\\\/\",\"name\":\"Algarve 7\",\"description\":\"Informa\u00e7\u00e3o sobre o Algarve\",\"publisher\":{\"@id\":\"https:\\\/\\\/algarve7.pt\\\/#organization\"},\"potentialAction\":[{\"@type\":\"SearchAction\",\"target\":{\"@type\":\"EntryPoint\",\"urlTemplate\":\"https:\\\/\\\/algarve7.pt\\\/?s={search_term_string}\"},\"query-input\":{\"@type\":\"PropertyValueSpecification\",\"valueRequired\":true,\"valueName\":\"search_term_string\"}}],\"inLanguage\":\"pt-PT\"},{\"@type\":\"Organization\",\"@id\":\"https:\\\/\\\/algarve7.pt\\\/#organization\",\"name\":\"Algarve 7\",\"url\":\"https:\\\/\\\/algarve7.pt\\\/\",\"logo\":{\"@type\":\"ImageObject\",\"inLanguage\":\"pt-PT\",\"@id\":\"https:\\\/\\\/algarve7.pt\\\/#\\\/schema\\\/logo\\\/image\\\/\",\"url\":\"https:\\\/\\\/algarve7.pt\\\/wp-content\\\/uploads\\\/2020\\\/10\\\/Logo-8.jpg\",\"contentUrl\":\"https:\\\/\\\/algarve7.pt\\\/wp-content\\\/uploads\\\/2020\\\/10\\\/Logo-8.jpg\",\"width\":1680,\"height\":1186,\"caption\":\"Algarve 7\"},\"image\":{\"@id\":\"https:\\\/\\\/algarve7.pt\\\/#\\\/schema\\\/logo\\\/image\\\/\"},\"sameAs\":[\"https:\\\/\\\/www.facebook.com\\\/algarve7\",\"https:\\\/\\\/x.com\\\/Algarvesete\",\"https:\\\/\\\/www.instagram.com\\\/jornalalgarve7\\\/\",\"https:\\\/\\\/www.linkedin.com\\\/company\\\/algarve7\",\"https:\\\/\\\/www.pinterest.pt\\\/geral0939\\\/_created\\\/\"]},{\"@type\":\"Person\",\"@id\":\"https:\\\/\\\/algarve7.pt\\\/#\\\/schema\\\/person\\\/23fa70681308e7b319a3204bcea45e0c\",\"name\":\"Algarve 7\",\"sameAs\":[\"https:\\\/\\\/algarve7.pt\",\"https:\\\/\\\/www.facebook.com\\\/algarve7\"],\"url\":\"https:\\\/\\\/algarve7.pt\\\/index.php\\\/author\\\/geralalgarve7-pt\\\/\"}]}<\/script>\n<!-- \/ Yoast SEO plugin. -->","yoast_head_json":{"title":"Freguesia de Budens organiza passeio de bicicletas antigas de no dia 14 de agosto - Algarve 7","description":"Freguesia de Budens organiza passeio de bicicletas antigas de no dia 14 de agosto Desporto","robots":{"index":"index","follow":"follow","max-snippet":"max-snippet:-1","max-image-preview":"max-image-preview:large","max-video-preview":"max-video-preview:-1"},"canonical":"https:\/\/algarve7.pt\/index.php\/2022\/08\/freguesia-de-budens-organiza-passeio-de-bicicletas-antigas-de-no-dia-14-de-agosto\/desporto\/14\/39\/","og_locale":"pt_PT","og_type":"article","og_title":"Freguesia de Budens organiza passeio de bicicletas antigas de no dia 14 de agosto - Algarve 7","og_description":"Freguesia de Budens organiza passeio de bicicletas antigas de no dia 14 de agosto Desporto","og_url":"https:\/\/algarve7.pt\/index.php\/2022\/08\/freguesia-de-budens-organiza-passeio-de-bicicletas-antigas-de-no-dia-14-de-agosto\/desporto\/14\/39\/","og_site_name":"Algarve 7","article_publisher":"https:\/\/www.facebook.com\/algarve7","article_author":"https:\/\/www.facebook.com\/algarve7","article_published_time":"2022-08-04T13:39:51+00:00","article_modified_time":"2022-08-04T13:39:52+00:00","og_image":[{"width":1024,"height":678,"url":"https:\/\/algarve7.pt\/wp-content\/uploads\/2022\/08\/Captura-de-ecra\u0303-2022-08-04-a\u0300s-14.35.37-e1659620350325-1024x678.png","type":"image\/png"}],"author":"Algarve 7","twitter_card":"summary_large_image","twitter_creator":"@Algarvesete","twitter_site":"@Algarvesete","twitter_misc":{"Escrito por":"Algarve 7","Tempo estimado de leitura":"1 minuto"},"schema":{"@context":"https:\/\/schema.org","@graph":[{"@type":"Article","@id":"https:\/\/algarve7.pt\/index.php\/2022\/08\/freguesia-de-budens-organiza-passeio-de-bicicletas-antigas-de-no-dia-14-de-agosto\/desporto\/14\/39\/#article","isPartOf":{"@id":"https:\/\/algarve7.pt\/index.php\/2022\/08\/freguesia-de-budens-organiza-passeio-de-bicicletas-antigas-de-no-dia-14-de-agosto\/desporto\/14\/39\/"},"author":{"name":"Algarve 7","@id":"https:\/\/algarve7.pt\/#\/schema\/person\/23fa70681308e7b319a3204bcea45e0c"},"headline":"Freguesia de Budens organiza passeio de bicicletas antigas de no dia 14 de agosto","datePublished":"2022-08-04T13:39:51+00:00","dateModified":"2022-08-04T13:39:52+00:00","mainEntityOfPage":{"@id":"https:\/\/algarve7.pt\/index.php\/2022\/08\/freguesia-de-budens-organiza-passeio-de-bicicletas-antigas-de-no-dia-14-de-agosto\/desporto\/14\/39\/"},"wordCount":170,"publisher":{"@id":"https:\/\/algarve7.pt\/#organization"},"image":{"@id":"https:\/\/algarve7.pt\/index.php\/2022\/08\/freguesia-de-budens-organiza-passeio-de-bicicletas-antigas-de-no-dia-14-de-agosto\/desporto\/14\/39\/#primaryimage"},"thumbnailUrl":"https:\/\/algarve7.pt\/wp-content\/uploads\/2022\/08\/Captura-de-ecra\u0303-2022-08-04-a\u0300s-14.35.37-e1659620350325.png","keywords":["Algarve","Bicicletas","Budens","Desporto","Vila do Bispo"],"articleSection":["Desporto"],"inLanguage":"pt-PT"},{"@type":"WebPage","@id":"https:\/\/algarve7.pt\/index.php\/2022\/08\/freguesia-de-budens-organiza-passeio-de-bicicletas-antigas-de-no-dia-14-de-agosto\/desporto\/14\/39\/","url":"https:\/\/algarve7.pt\/index.php\/2022\/08\/freguesia-de-budens-organiza-passeio-de-bicicletas-antigas-de-no-dia-14-de-agosto\/desporto\/14\/39\/","name":"Freguesia de Budens organiza passeio de bicicletas antigas de no dia 14 de agosto - Algarve 7","isPartOf":{"@id":"https:\/\/algarve7.pt\/#website"},"primaryImageOfPage":{"@id":"https:\/\/algarve7.pt\/index.php\/2022\/08\/freguesia-de-budens-organiza-passeio-de-bicicletas-antigas-de-no-dia-14-de-agosto\/desporto\/14\/39\/#primaryimage"},"image":{"@id":"https:\/\/algarve7.pt\/index.php\/2022\/08\/freguesia-de-budens-organiza-passeio-de-bicicletas-antigas-de-no-dia-14-de-agosto\/desporto\/14\/39\/#primaryimage"},"thumbnailUrl":"https:\/\/algarve7.pt\/wp-content\/uploads\/2022\/08\/Captura-de-ecra\u0303-2022-08-04-a\u0300s-14.35.37-e1659620350325.png","datePublished":"2022-08-04T13:39:51+00:00","dateModified":"2022-08-04T13:39:52+00:00","description":"Freguesia de Budens organiza passeio de bicicletas antigas de no dia 14 de agosto Desporto","breadcrumb":{"@id":"https:\/\/algarve7.pt\/index.php\/2022\/08\/freguesia-de-budens-organiza-passeio-de-bicicletas-antigas-de-no-dia-14-de-agosto\/desporto\/14\/39\/#breadcrumb"},"inLanguage":"pt-PT","potentialAction":[{"@type":"ReadAction","target":["https:\/\/algarve7.pt\/index.php\/2022\/08\/freguesia-de-budens-organiza-passeio-de-bicicletas-antigas-de-no-dia-14-de-agosto\/desporto\/14\/39\/"]}]},{"@type":"ImageObject","inLanguage":"pt-PT","@id":"https:\/\/algarve7.pt\/index.php\/2022\/08\/freguesia-de-budens-organiza-passeio-de-bicicletas-antigas-de-no-dia-14-de-agosto\/desporto\/14\/39\/#primaryimage","url":"https:\/\/algarve7.pt\/wp-content\/uploads\/2022\/08\/Captura-de-ecra\u0303-2022-08-04-a\u0300s-14.35.37-e1659620350325.png","contentUrl":"https:\/\/algarve7.pt\/wp-content\/uploads\/2022\/08\/Captura-de-ecra\u0303-2022-08-04-a\u0300s-14.35.37-e1659620350325.png","width":2482,"height":1644},{"@type":"BreadcrumbList","@id":"https:\/\/algarve7.pt\/index.php\/2022\/08\/freguesia-de-budens-organiza-passeio-de-bicicletas-antigas-de-no-dia-14-de-agosto\/desporto\/14\/39\/#breadcrumb","itemListElement":[{"@type":"ListItem","position":1,"name":"In\u00edcio","item":"https:\/\/algarve7.pt\/"},{"@type":"ListItem","position":2,"name":"Freguesia de Budens organiza passeio de bicicletas antigas de no dia 14 de agosto"}]},{"@type":"WebSite","@id":"https:\/\/algarve7.pt\/#website","url":"https:\/\/algarve7.pt\/","name":"Algarve 7","description":"Informa\u00e7\u00e3o sobre o Algarve","publisher":{"@id":"https:\/\/algarve7.pt\/#organization"},"potentialAction":[{"@type":"SearchAction","target":{"@type":"EntryPoint","urlTemplate":"https:\/\/algarve7.pt\/?s={search_term_string}"},"query-input":{"@type":"PropertyValueSpecification","valueRequired":true,"valueName":"search_term_string"}}],"inLanguage":"pt-PT"},{"@type":"Organization","@id":"https:\/\/algarve7.pt\/#organization","name":"Algarve 7","url":"https:\/\/algarve7.pt\/","logo":{"@type":"ImageObject","inLanguage":"pt-PT","@id":"https:\/\/algarve7.pt\/#\/schema\/logo\/image\/","url":"https:\/\/algarve7.pt\/wp-content\/uploads\/2020\/10\/Logo-8.jpg","contentUrl":"https:\/\/algarve7.pt\/wp-content\/uploads\/2020\/10\/Logo-8.jpg","width":1680,"height":1186,"caption":"Algarve 7"},"image":{"@id":"https:\/\/algarve7.pt\/#\/schema\/logo\/image\/"},"sameAs":["https:\/\/www.facebook.com\/algarve7","https:\/\/x.com\/Algarvesete","https:\/\/www.instagram.com\/jornalalgarve7\/","https:\/\/www.linkedin.com\/company\/algarve7","https:\/\/www.pinterest.pt\/geral0939\/_created\/"]},{"@type":"Person","@id":"https:\/\/algarve7.pt\/#\/schema\/person\/23fa70681308e7b319a3204bcea45e0c","name":"Algarve 7","sameAs":["https:\/\/algarve7.pt","https:\/\/www.facebook.com\/algarve7"],"url":"https:\/\/algarve7.pt\/index.php\/author\/geralalgarve7-pt\/"}]}},"jetpack_publicize_connections":[],"jetpack_shortlink":"https:\/\/wp.me\/pcezmW-5ny","jetpack_sharing_enabled":true,"jetpack_featured_media_url":"https:\/\/algarve7.pt\/wp-content\/uploads\/2022\/08\/Captura-de-ecra\u0303-2022-08-04-a\u0300s-14.35.37-e1659620350325.png","_links":{"self":[{"href":"https:\/\/algarve7.pt\/index.php\/wp-json\/wp\/v2\/posts\/20680","targetHints":{"allow":["GET"]}}],"collection":[{"href":"https:\/\/algarve7.pt\/index.php\/wp-json\/wp\/v2\/posts"}],"about":[{"href":"https:\/\/algarve7.pt\/index.php\/wp-json\/wp\/v2\/types\/post"}],"author":[{"embeddable":true,"href":"https:\/\/algarve7.pt\/index.php\/wp-json\/wp\/v2\/users\/1"}],"replies":[{"embeddable":true,"href":"https:\/\/algarve7.pt\/index.php\/wp-json\/wp\/v2\/comments?post=20680"}],"version-history":[{"count":0,"href":"https:\/\/algarve7.pt\/index.php\/wp-json\/wp\/v2\/posts\/20680\/revisions"}],"wp:featuredmedia":[{"embeddable":true,"href":"https:\/\/algarve7.pt\/index.php\/wp-json\/wp\/v2\/media\/20681"}],"wp:attachment":[{"href":"https:\/\/algarve7.pt\/index.php\/wp-json\/wp\/v2\/media?parent=20680"}],"wp:term":[{"taxonomy":"category","embeddable":true,"href":"https:\/\/algarve7.pt\/index.php\/wp-json\/wp\/v2\/categories?post=20680"},{"taxonomy":"post_tag","embeddable":true,"href":"https:\/\/algarve7.pt\/index.php\/wp-json\/wp\/v2\/tags?post=20680"}],"curies":[{"name":"wp","href":"https:\/\/api.w.org\/{rel}","templated":true}]}}