{"id":20677,"date":"2022-08-04T14:16:41","date_gmt":"2022-08-04T13:16:41","guid":{"rendered":"https:\/\/algarve7.pt\/?p=20677"},"modified":"2022-08-04T14:16:43","modified_gmt":"2022-08-04T13:16:43","slug":"restos-de-comida-do-festival-da-sardinha-sao-transformados-em-fertilizante-100-natural","status":"publish","type":"post","link":"https:\/\/algarve7.pt\/index.php\/2022\/08\/restos-de-comida-do-festival-da-sardinha-sao-transformados-em-fertilizante-100-natural\/ambiente\/14\/16\/","title":{"rendered":"Restos de comida do Festival da Sardinha s\u00e3o transformados em fertilizante 100% natural"},"content":{"rendered":"\n<p class=\"wp-block-paragraph\">Este ano, a EMARP &#8211; Empresa Municipal de \u00c1gua e Res\u00edduos de Portim\u00e3o marca presen\u00e7a no Festival da Sardinha e assume o compromisso, juntamente com o Munic\u00edpio de Portim\u00e3o, de apresentar aos visitantes um evento sustent\u00e1vel com uma edi\u00e7\u00e3o mais amiga do ambiente, que aposta na circularidade, em escolhas eco respons\u00e1veis e na adequada<a> <\/a>gest\u00e3o dos res\u00edduos produzidos durante a iniciativa.<\/p>\n\n\n\n<p class=\"wp-block-paragraph\">Com uma aflu\u00eancia de visitantes muito significativa, o primeiro dia deste evento gastron\u00f3mico permite antever uma edi\u00e7\u00e3o de grande sucesso. Pelo espa\u00e7o dedicado \u00e0 divulga\u00e7\u00e3o do projeto de Recolha Seletiva de Res\u00edduos Org\u00e2nicos passou a Secret\u00e1ria de Estado do Mar e das Pescas, Teresa Coelho, assim como centenas de visitantes que tiveram a oportunidade de conhecer o processo de recolha de restos de comida, verificar se constam na \u00e1rea piloto e, em caso afirmativo, levantar o seu balde de sete litros.<\/p>\n\n\n\n<p class=\"wp-block-paragraph\">A campanha de divulga\u00e7\u00e3o da Recolha Seletiva de Org\u00e2nicos, desenvolvida sob o mote \u201cEst\u00e1 na hora!\u201d, integrada no movimento \u201cPortim\u00e3o Valoriza\u201d, tem o objetivo de sensibilizar para a import\u00e2ncia de reduzir os impactes ambientais, com destaque para a recolha dos restos de comida, que ser\u00e3o desviados do aterro e transformados em fertilizante natural.<\/p>\n\n\n\n<p class=\"wp-block-paragraph\">A opera\u00e7\u00e3o implementada no \u00e2mbito de candidatura aprovada pelo PO SEUR (Programa Operacional Sustentabilidade e Efici\u00eancia no Uso de Recursos), abrange 13.836 alojamentos, o equivalente a 19.353 habitantes (35 por cento da popula\u00e7\u00e3o), arrancou junto dos restaurantes, escolas e institui\u00e7\u00f5es particulares de solidariedade social das freguesias de Portim\u00e3o e Alvor e neste momento j\u00e1 se estendeu \u00e0 popula\u00e7\u00e3o residencial, atrav\u00e9s da ativa\u00e7\u00e3o de 144 contentores de proximidade.<\/p>\n","protected":false},"excerpt":{"rendered":"<p>Este ano, a EMARP &#8211; Empresa Municipal de \u00c1gua e Res\u00edduos de Portim\u00e3o marca presen\u00e7a no Festival da Sardinha e<\/p>\n","protected":false},"author":1,"featured_media":20678,"comment_status":"closed","ping_status":"open","sticky":false,"template":"","format":"standard","meta":{"colormag_page_container_layout":"default_layout","colormag_page_sidebar_layout":"default_layout","_monsterinsights_skip_tracking":false,"_jetpack_newsletter_access":"","_jetpack_dont_email_post_to_subs":false,"_jetpack_newsletter_tier_id":0,"_jetpack_memberships_contains_paywalled_content":false,"_jetpack_feature_clip_id":0,"_jetpack_memberships_contains_paid_content":false,"footnotes":"","jetpack_publicize_message":"","jetpack_publicize_feature_enabled":true,"jetpack_social_post_already_shared":true,"jetpack_social_options":{"image_generator_settings":{"template":"highway","default_image_id":0,"font":"","enabled":false},"version":2},"jetpack_post_was_ever_published":false},"categories":[5],"tags":[36,32,654,72],"class_list":["post-20677","post","type-post","status-publish","format-standard","has-post-thumbnail","hentry","category-ambiente","tag-algarve","tag-ambiente","tag-festival-da-sardinha","tag-portimao"],"yoast_head":"<!-- This site is optimized with the Yoast SEO plugin v28.3 - https:\/\/yoast.com\/product\/yoast-seo-wordpress\/ -->\n<title>Restos de comida do Festival da Sardinha s\u00e3o transformados em fertilizante 100% natural - Algarve 7<\/title>\n<meta name=\"description\" content=\"Restos de comida do Festival da Sardinha s\u00e3o transformados em fertilizante 100% natural Ambiente\" \/>\n<meta name=\"robots\" content=\"index, follow, max-snippet:-1, max-image-preview:large, max-video-preview:-1\" \/>\n<link rel=\"canonical\" href=\"https:\/\/algarve7.pt\/index.php\/2022\/08\/restos-de-comida-do-festival-da-sardinha-sao-transformados-em-fertilizante-100-natural\/ambiente\/14\/16\/\" \/>\n<meta property=\"og:locale\" content=\"pt_PT\" \/>\n<meta property=\"og:type\" content=\"article\" \/>\n<meta property=\"og:title\" content=\"Restos de comida do Festival da Sardinha s\u00e3o transformados em fertilizante 100% natural - Algarve 7\" \/>\n<meta property=\"og:description\" content=\"Restos de comida do Festival da Sardinha s\u00e3o transformados em fertilizante 100% natural Ambiente\" \/>\n<meta property=\"og:url\" content=\"https:\/\/algarve7.pt\/index.php\/2022\/08\/restos-de-comida-do-festival-da-sardinha-sao-transformados-em-fertilizante-100-natural\/ambiente\/14\/16\/\" \/>\n<meta property=\"og:site_name\" content=\"Algarve 7\" \/>\n<meta property=\"article:publisher\" content=\"https:\/\/www.facebook.com\/algarve7\" \/>\n<meta property=\"article:author\" content=\"https:\/\/www.facebook.com\/algarve7\" \/>\n<meta property=\"article:published_time\" content=\"2022-08-04T13:16:41+00:00\" \/>\n<meta property=\"article:modified_time\" content=\"2022-08-04T13:16:43+00:00\" \/>\n<meta property=\"og:image\" content=\"https:\/\/algarve7.pt\/wp-content\/uploads\/2022\/08\/Comitiva-institucional-scaled.jpg\" \/>\n\t<meta property=\"og:image:width\" content=\"2560\" \/>\n\t<meta property=\"og:image:height\" content=\"2055\" \/>\n\t<meta property=\"og:image:type\" content=\"image\/jpeg\" \/>\n<meta name=\"author\" content=\"Algarve 7\" \/>\n<meta name=\"twitter:card\" content=\"summary_large_image\" \/>\n<meta name=\"twitter:creator\" content=\"@Algarvesete\" \/>\n<meta name=\"twitter:site\" content=\"@Algarvesete\" \/>\n<meta name=\"twitter:label1\" content=\"Escrito por\" \/>\n\t<meta name=\"twitter:data1\" content=\"Algarve 7\" \/>\n\t<meta name=\"twitter:label2\" content=\"Tempo estimado de leitura\" \/>\n\t<meta name=\"twitter:data2\" content=\"2 minutos\" \/>\n<script type=\"application\/ld+json\" class=\"yoast-schema-graph\">{\"@context\":\"https:\\\/\\\/schema.org\",\"@graph\":[{\"@type\":\"Article\",\"@id\":\"https:\\\/\\\/algarve7.pt\\\/index.php\\\/2022\\\/08\\\/restos-de-comida-do-festival-da-sardinha-sao-transformados-em-fertilizante-100-natural\\\/ambiente\\\/14\\\/16\\\/#article\",\"isPartOf\":{\"@id\":\"https:\\\/\\\/algarve7.pt\\\/index.php\\\/2022\\\/08\\\/restos-de-comida-do-festival-da-sardinha-sao-transformados-em-fertilizante-100-natural\\\/ambiente\\\/14\\\/16\\\/\"},\"author\":{\"name\":\"Algarve 7\",\"@id\":\"https:\\\/\\\/algarve7.pt\\\/#\\\/schema\\\/person\\\/23fa70681308e7b319a3204bcea45e0c\"},\"headline\":\"Restos de comida do Festival da Sardinha s\u00e3o transformados em fertilizante 100% natural\",\"datePublished\":\"2022-08-04T13:16:41+00:00\",\"dateModified\":\"2022-08-04T13:16:43+00:00\",\"mainEntityOfPage\":{\"@id\":\"https:\\\/\\\/algarve7.pt\\\/index.php\\\/2022\\\/08\\\/restos-de-comida-do-festival-da-sardinha-sao-transformados-em-fertilizante-100-natural\\\/ambiente\\\/14\\\/16\\\/\"},\"wordCount\":300,\"publisher\":{\"@id\":\"https:\\\/\\\/algarve7.pt\\\/#organization\"},\"image\":{\"@id\":\"https:\\\/\\\/algarve7.pt\\\/index.php\\\/2022\\\/08\\\/restos-de-comida-do-festival-da-sardinha-sao-transformados-em-fertilizante-100-natural\\\/ambiente\\\/14\\\/16\\\/#primaryimage\"},\"thumbnailUrl\":\"https:\\\/\\\/algarve7.pt\\\/wp-content\\\/uploads\\\/2022\\\/08\\\/Comitiva-institucional-scaled.jpg\",\"keywords\":[\"Algarve\",\"Ambiente\",\"Festival da Sardinha\",\"Portim\u00e3o\"],\"articleSection\":[\"Ambiente\"],\"inLanguage\":\"pt-PT\"},{\"@type\":\"WebPage\",\"@id\":\"https:\\\/\\\/algarve7.pt\\\/index.php\\\/2022\\\/08\\\/restos-de-comida-do-festival-da-sardinha-sao-transformados-em-fertilizante-100-natural\\\/ambiente\\\/14\\\/16\\\/\",\"url\":\"https:\\\/\\\/algarve7.pt\\\/index.php\\\/2022\\\/08\\\/restos-de-comida-do-festival-da-sardinha-sao-transformados-em-fertilizante-100-natural\\\/ambiente\\\/14\\\/16\\\/\",\"name\":\"Restos de comida do Festival da Sardinha s\u00e3o transformados em fertilizante 100% natural - Algarve 7\",\"isPartOf\":{\"@id\":\"https:\\\/\\\/algarve7.pt\\\/#website\"},\"primaryImageOfPage\":{\"@id\":\"https:\\\/\\\/algarve7.pt\\\/index.php\\\/2022\\\/08\\\/restos-de-comida-do-festival-da-sardinha-sao-transformados-em-fertilizante-100-natural\\\/ambiente\\\/14\\\/16\\\/#primaryimage\"},\"image\":{\"@id\":\"https:\\\/\\\/algarve7.pt\\\/index.php\\\/2022\\\/08\\\/restos-de-comida-do-festival-da-sardinha-sao-transformados-em-fertilizante-100-natural\\\/ambiente\\\/14\\\/16\\\/#primaryimage\"},\"thumbnailUrl\":\"https:\\\/\\\/algarve7.pt\\\/wp-content\\\/uploads\\\/2022\\\/08\\\/Comitiva-institucional-scaled.jpg\",\"datePublished\":\"2022-08-04T13:16:41+00:00\",\"dateModified\":\"2022-08-04T13:16:43+00:00\",\"description\":\"Restos de comida do Festival da Sardinha s\u00e3o transformados em fertilizante 100% natural Ambiente\",\"breadcrumb\":{\"@id\":\"https:\\\/\\\/algarve7.pt\\\/index.php\\\/2022\\\/08\\\/restos-de-comida-do-festival-da-sardinha-sao-transformados-em-fertilizante-100-natural\\\/ambiente\\\/14\\\/16\\\/#breadcrumb\"},\"inLanguage\":\"pt-PT\",\"potentialAction\":[{\"@type\":\"ReadAction\",\"target\":[\"https:\\\/\\\/algarve7.pt\\\/index.php\\\/2022\\\/08\\\/restos-de-comida-do-festival-da-sardinha-sao-transformados-em-fertilizante-100-natural\\\/ambiente\\\/14\\\/16\\\/\"]}]},{\"@type\":\"ImageObject\",\"inLanguage\":\"pt-PT\",\"@id\":\"https:\\\/\\\/algarve7.pt\\\/index.php\\\/2022\\\/08\\\/restos-de-comida-do-festival-da-sardinha-sao-transformados-em-fertilizante-100-natural\\\/ambiente\\\/14\\\/16\\\/#primaryimage\",\"url\":\"https:\\\/\\\/algarve7.pt\\\/wp-content\\\/uploads\\\/2022\\\/08\\\/Comitiva-institucional-scaled.jpg\",\"contentUrl\":\"https:\\\/\\\/algarve7.pt\\\/wp-content\\\/uploads\\\/2022\\\/08\\\/Comitiva-institucional-scaled.jpg\",\"width\":2560,\"height\":2055},{\"@type\":\"BreadcrumbList\",\"@id\":\"https:\\\/\\\/algarve7.pt\\\/index.php\\\/2022\\\/08\\\/restos-de-comida-do-festival-da-sardinha-sao-transformados-em-fertilizante-100-natural\\\/ambiente\\\/14\\\/16\\\/#breadcrumb\",\"itemListElement\":[{\"@type\":\"ListItem\",\"position\":1,\"name\":\"In\u00edcio\",\"item\":\"https:\\\/\\\/algarve7.pt\\\/\"},{\"@type\":\"ListItem\",\"position\":2,\"name\":\"Restos de comida do Festival da Sardinha s\u00e3o transformados em fertilizante 100% natural\"}]},{\"@type\":\"WebSite\",\"@id\":\"https:\\\/\\\/algarve7.pt\\\/#website\",\"url\":\"https:\\\/\\\/algarve7.pt\\\/\",\"name\":\"Algarve 7\",\"description\":\"Informa\u00e7\u00e3o sobre o Algarve\",\"publisher\":{\"@id\":\"https:\\\/\\\/algarve7.pt\\\/#organization\"},\"potentialAction\":[{\"@type\":\"SearchAction\",\"target\":{\"@type\":\"EntryPoint\",\"urlTemplate\":\"https:\\\/\\\/algarve7.pt\\\/?s={search_term_string}\"},\"query-input\":{\"@type\":\"PropertyValueSpecification\",\"valueRequired\":true,\"valueName\":\"search_term_string\"}}],\"inLanguage\":\"pt-PT\"},{\"@type\":\"Organization\",\"@id\":\"https:\\\/\\\/algarve7.pt\\\/#organization\",\"name\":\"Algarve 7\",\"url\":\"https:\\\/\\\/algarve7.pt\\\/\",\"logo\":{\"@type\":\"ImageObject\",\"inLanguage\":\"pt-PT\",\"@id\":\"https:\\\/\\\/algarve7.pt\\\/#\\\/schema\\\/logo\\\/image\\\/\",\"url\":\"https:\\\/\\\/algarve7.pt\\\/wp-content\\\/uploads\\\/2020\\\/10\\\/Logo-8.jpg\",\"contentUrl\":\"https:\\\/\\\/algarve7.pt\\\/wp-content\\\/uploads\\\/2020\\\/10\\\/Logo-8.jpg\",\"width\":1680,\"height\":1186,\"caption\":\"Algarve 7\"},\"image\":{\"@id\":\"https:\\\/\\\/algarve7.pt\\\/#\\\/schema\\\/logo\\\/image\\\/\"},\"sameAs\":[\"https:\\\/\\\/www.facebook.com\\\/algarve7\",\"https:\\\/\\\/x.com\\\/Algarvesete\",\"https:\\\/\\\/www.instagram.com\\\/jornalalgarve7\\\/\",\"https:\\\/\\\/www.linkedin.com\\\/company\\\/algarve7\",\"https:\\\/\\\/www.pinterest.pt\\\/geral0939\\\/_created\\\/\"]},{\"@type\":\"Person\",\"@id\":\"https:\\\/\\\/algarve7.pt\\\/#\\\/schema\\\/person\\\/23fa70681308e7b319a3204bcea45e0c\",\"name\":\"Algarve 7\",\"sameAs\":[\"https:\\\/\\\/algarve7.pt\",\"https:\\\/\\\/www.facebook.com\\\/algarve7\"],\"url\":\"https:\\\/\\\/algarve7.pt\\\/index.php\\\/author\\\/geralalgarve7-pt\\\/\"}]}<\/script>\n<!-- \/ Yoast SEO plugin. -->","yoast_head_json":{"title":"Restos de comida do Festival da Sardinha s\u00e3o transformados em fertilizante 100% natural - Algarve 7","description":"Restos de comida do Festival da Sardinha s\u00e3o transformados em fertilizante 100% natural Ambiente","robots":{"index":"index","follow":"follow","max-snippet":"max-snippet:-1","max-image-preview":"max-image-preview:large","max-video-preview":"max-video-preview:-1"},"canonical":"https:\/\/algarve7.pt\/index.php\/2022\/08\/restos-de-comida-do-festival-da-sardinha-sao-transformados-em-fertilizante-100-natural\/ambiente\/14\/16\/","og_locale":"pt_PT","og_type":"article","og_title":"Restos de comida do Festival da Sardinha s\u00e3o transformados em fertilizante 100% natural - Algarve 7","og_description":"Restos de comida do Festival da Sardinha s\u00e3o transformados em fertilizante 100% natural Ambiente","og_url":"https:\/\/algarve7.pt\/index.php\/2022\/08\/restos-de-comida-do-festival-da-sardinha-sao-transformados-em-fertilizante-100-natural\/ambiente\/14\/16\/","og_site_name":"Algarve 7","article_publisher":"https:\/\/www.facebook.com\/algarve7","article_author":"https:\/\/www.facebook.com\/algarve7","article_published_time":"2022-08-04T13:16:41+00:00","article_modified_time":"2022-08-04T13:16:43+00:00","og_image":[{"width":2560,"height":2055,"url":"https:\/\/algarve7.pt\/wp-content\/uploads\/2022\/08\/Comitiva-institucional-scaled.jpg","type":"image\/jpeg"}],"author":"Algarve 7","twitter_card":"summary_large_image","twitter_creator":"@Algarvesete","twitter_site":"@Algarvesete","twitter_misc":{"Escrito por":"Algarve 7","Tempo estimado de leitura":"2 minutos"},"schema":{"@context":"https:\/\/schema.org","@graph":[{"@type":"Article","@id":"https:\/\/algarve7.pt\/index.php\/2022\/08\/restos-de-comida-do-festival-da-sardinha-sao-transformados-em-fertilizante-100-natural\/ambiente\/14\/16\/#article","isPartOf":{"@id":"https:\/\/algarve7.pt\/index.php\/2022\/08\/restos-de-comida-do-festival-da-sardinha-sao-transformados-em-fertilizante-100-natural\/ambiente\/14\/16\/"},"author":{"name":"Algarve 7","@id":"https:\/\/algarve7.pt\/#\/schema\/person\/23fa70681308e7b319a3204bcea45e0c"},"headline":"Restos de comida do Festival da Sardinha s\u00e3o transformados em fertilizante 100% natural","datePublished":"2022-08-04T13:16:41+00:00","dateModified":"2022-08-04T13:16:43+00:00","mainEntityOfPage":{"@id":"https:\/\/algarve7.pt\/index.php\/2022\/08\/restos-de-comida-do-festival-da-sardinha-sao-transformados-em-fertilizante-100-natural\/ambiente\/14\/16\/"},"wordCount":300,"publisher":{"@id":"https:\/\/algarve7.pt\/#organization"},"image":{"@id":"https:\/\/algarve7.pt\/index.php\/2022\/08\/restos-de-comida-do-festival-da-sardinha-sao-transformados-em-fertilizante-100-natural\/ambiente\/14\/16\/#primaryimage"},"thumbnailUrl":"https:\/\/algarve7.pt\/wp-content\/uploads\/2022\/08\/Comitiva-institucional-scaled.jpg","keywords":["Algarve","Ambiente","Festival da Sardinha","Portim\u00e3o"],"articleSection":["Ambiente"],"inLanguage":"pt-PT"},{"@type":"WebPage","@id":"https:\/\/algarve7.pt\/index.php\/2022\/08\/restos-de-comida-do-festival-da-sardinha-sao-transformados-em-fertilizante-100-natural\/ambiente\/14\/16\/","url":"https:\/\/algarve7.pt\/index.php\/2022\/08\/restos-de-comida-do-festival-da-sardinha-sao-transformados-em-fertilizante-100-natural\/ambiente\/14\/16\/","name":"Restos de comida do Festival da Sardinha s\u00e3o transformados em fertilizante 100% natural - Algarve 7","isPartOf":{"@id":"https:\/\/algarve7.pt\/#website"},"primaryImageOfPage":{"@id":"https:\/\/algarve7.pt\/index.php\/2022\/08\/restos-de-comida-do-festival-da-sardinha-sao-transformados-em-fertilizante-100-natural\/ambiente\/14\/16\/#primaryimage"},"image":{"@id":"https:\/\/algarve7.pt\/index.php\/2022\/08\/restos-de-comida-do-festival-da-sardinha-sao-transformados-em-fertilizante-100-natural\/ambiente\/14\/16\/#primaryimage"},"thumbnailUrl":"https:\/\/algarve7.pt\/wp-content\/uploads\/2022\/08\/Comitiva-institucional-scaled.jpg","datePublished":"2022-08-04T13:16:41+00:00","dateModified":"2022-08-04T13:16:43+00:00","description":"Restos de comida do Festival da Sardinha s\u00e3o transformados em fertilizante 100% natural Ambiente","breadcrumb":{"@id":"https:\/\/algarve7.pt\/index.php\/2022\/08\/restos-de-comida-do-festival-da-sardinha-sao-transformados-em-fertilizante-100-natural\/ambiente\/14\/16\/#breadcrumb"},"inLanguage":"pt-PT","potentialAction":[{"@type":"ReadAction","target":["https:\/\/algarve7.pt\/index.php\/2022\/08\/restos-de-comida-do-festival-da-sardinha-sao-transformados-em-fertilizante-100-natural\/ambiente\/14\/16\/"]}]},{"@type":"ImageObject","inLanguage":"pt-PT","@id":"https:\/\/algarve7.pt\/index.php\/2022\/08\/restos-de-comida-do-festival-da-sardinha-sao-transformados-em-fertilizante-100-natural\/ambiente\/14\/16\/#primaryimage","url":"https:\/\/algarve7.pt\/wp-content\/uploads\/2022\/08\/Comitiva-institucional-scaled.jpg","contentUrl":"https:\/\/algarve7.pt\/wp-content\/uploads\/2022\/08\/Comitiva-institucional-scaled.jpg","width":2560,"height":2055},{"@type":"BreadcrumbList","@id":"https:\/\/algarve7.pt\/index.php\/2022\/08\/restos-de-comida-do-festival-da-sardinha-sao-transformados-em-fertilizante-100-natural\/ambiente\/14\/16\/#breadcrumb","itemListElement":[{"@type":"ListItem","position":1,"name":"In\u00edcio","item":"https:\/\/algarve7.pt\/"},{"@type":"ListItem","position":2,"name":"Restos de comida do Festival da Sardinha s\u00e3o transformados em fertilizante 100% natural"}]},{"@type":"WebSite","@id":"https:\/\/algarve7.pt\/#website","url":"https:\/\/algarve7.pt\/","name":"Algarve 7","description":"Informa\u00e7\u00e3o sobre o Algarve","publisher":{"@id":"https:\/\/algarve7.pt\/#organization"},"potentialAction":[{"@type":"SearchAction","target":{"@type":"EntryPoint","urlTemplate":"https:\/\/algarve7.pt\/?s={search_term_string}"},"query-input":{"@type":"PropertyValueSpecification","valueRequired":true,"valueName":"search_term_string"}}],"inLanguage":"pt-PT"},{"@type":"Organization","@id":"https:\/\/algarve7.pt\/#organization","name":"Algarve 7","url":"https:\/\/algarve7.pt\/","logo":{"@type":"ImageObject","inLanguage":"pt-PT","@id":"https:\/\/algarve7.pt\/#\/schema\/logo\/image\/","url":"https:\/\/algarve7.pt\/wp-content\/uploads\/2020\/10\/Logo-8.jpg","contentUrl":"https:\/\/algarve7.pt\/wp-content\/uploads\/2020\/10\/Logo-8.jpg","width":1680,"height":1186,"caption":"Algarve 7"},"image":{"@id":"https:\/\/algarve7.pt\/#\/schema\/logo\/image\/"},"sameAs":["https:\/\/www.facebook.com\/algarve7","https:\/\/x.com\/Algarvesete","https:\/\/www.instagram.com\/jornalalgarve7\/","https:\/\/www.linkedin.com\/company\/algarve7","https:\/\/www.pinterest.pt\/geral0939\/_created\/"]},{"@type":"Person","@id":"https:\/\/algarve7.pt\/#\/schema\/person\/23fa70681308e7b319a3204bcea45e0c","name":"Algarve 7","sameAs":["https:\/\/algarve7.pt","https:\/\/www.facebook.com\/algarve7"],"url":"https:\/\/algarve7.pt\/index.php\/author\/geralalgarve7-pt\/"}]}},"jetpack_publicize_connections":[],"jetpack_shortlink":"https:\/\/wp.me\/pcezmW-5nv","jetpack_sharing_enabled":true,"jetpack_featured_media_url":"https:\/\/algarve7.pt\/wp-content\/uploads\/2022\/08\/Comitiva-institucional-scaled.jpg","_links":{"self":[{"href":"https:\/\/algarve7.pt\/index.php\/wp-json\/wp\/v2\/posts\/20677","targetHints":{"allow":["GET"]}}],"collection":[{"href":"https:\/\/algarve7.pt\/index.php\/wp-json\/wp\/v2\/posts"}],"about":[{"href":"https:\/\/algarve7.pt\/index.php\/wp-json\/wp\/v2\/types\/post"}],"author":[{"embeddable":true,"href":"https:\/\/algarve7.pt\/index.php\/wp-json\/wp\/v2\/users\/1"}],"replies":[{"embeddable":true,"href":"https:\/\/algarve7.pt\/index.php\/wp-json\/wp\/v2\/comments?post=20677"}],"version-history":[{"count":0,"href":"https:\/\/algarve7.pt\/index.php\/wp-json\/wp\/v2\/posts\/20677\/revisions"}],"wp:featuredmedia":[{"embeddable":true,"href":"https:\/\/algarve7.pt\/index.php\/wp-json\/wp\/v2\/media\/20678"}],"wp:attachment":[{"href":"https:\/\/algarve7.pt\/index.php\/wp-json\/wp\/v2\/media?parent=20677"}],"wp:term":[{"taxonomy":"category","embeddable":true,"href":"https:\/\/algarve7.pt\/index.php\/wp-json\/wp\/v2\/categories?post=20677"},{"taxonomy":"post_tag","embeddable":true,"href":"https:\/\/algarve7.pt\/index.php\/wp-json\/wp\/v2\/tags?post=20677"}],"curies":[{"name":"wp","href":"https:\/\/api.w.org\/{rel}","templated":true}]}}