{"id":20606,"date":"2022-08-01T14:00:33","date_gmt":"2022-08-01T13:00:33","guid":{"rendered":"https:\/\/algarve7.pt\/?p=20606"},"modified":"2022-08-01T14:00:35","modified_gmt":"2022-08-01T13:00:35","slug":"programa-do-festival-de-observacao-de-aves-de-sagres","status":"publish","type":"post","link":"https:\/\/algarve7.pt\/index.php\/2022\/08\/programa-do-festival-de-observacao-de-aves-de-sagres\/atualidade\/14\/00\/","title":{"rendered":"Programa do Festival de Observa\u00e7\u00e3o de Aves de Sagres"},"content":{"rendered":"\n<p>Depois da confirma\u00e7\u00e3o do regresso do Festival de Observa\u00e7\u00e3o de Aves &amp; Atividades de Natureza a Sagres, a organiza\u00e7\u00e3o anuncia hoje, 1 de agosto, o programa de atividades previstas para este ano. As inscri\u00e7\u00f5es abrem no dia 1 de setembro, pelo que ao longo deste m\u00eas poder\u00e1 decidir em que atividades quer participar.<\/p>\n\n\n\n<p>De 1 a 5 de outubro, os visitantes de todas as idades e proveni\u00eancias ser\u00e3o convidados a usufruir deste que \u00e9 o maior evento nacional dedicado \u00e0s aves e \u00e0 natureza, atrav\u00e9s de iniciativas diversificadas, que prometem fazer as maravilhas de mi\u00fados e gra\u00fados.<\/p>\n\n\n\n<p>As novidades nesta 13a edi\u00e7\u00e3o incluem ciclismo na Rota Vicentina, passeios noturnos (para ver morcegos, insetos e escorpi\u00f5es), bem como palestras e workshops variados: sobre aves (do M\u00e9xico e Pa\u00edses Baixos), bioac\u00fastica marinha (ouvir debaixo de \u00e1gua), an\u00e1lise das regurgita\u00e7\u00f5es de mochos e corujas e, at\u00e9, a import\u00e2ncia das baleias para a regula\u00e7\u00e3o do clima.<\/p>\n\n\n\n<p>J\u00e1 para as crian\u00e7as, o programa contempla iniciativas e desafios como ca\u00e7a ao tesouro (&#8220;Em busca do mam\u00edfero perdido&#8221;), bem como, workshops de arte e educa\u00e7\u00e3o ambiental (&#8220;Pintura de aves em tecido&#8221;, entre outros).<\/p>\n\n\n\n<p>Voltam, igualmente, a estar garantidas atividades de sucesso de edi\u00e7\u00f5es passadas do festival: sess\u00f5es de anilhagem cient\u00edfica de aves, cursos de inicia\u00e7\u00e3o \u00e0 observa\u00e7\u00e3o de aves, caminhadas tem\u00e1ticas (Arqueologia, Cultura, Geologia, Flora e Insetos) e sa\u00eddas de barco. Os participantes inscritos poder\u00e3o ainda aproveitar o evento para presenciar o momento da devolu\u00e7\u00e3o de uma ave \u00e0 natureza, construir caixas-ninho, hot\u00e9is de insetos e comedouros de aves, ajudar a limpar a Praia da Mareta e ouvir falar sobre aves e vinho, numa tert\u00falia especial.<\/p>\n\n\n\n<p>As atividades decorrer\u00e3o um pouco por toda a pen\u00ednsula de Sagres, sendo este o momento ideal para descobrir e explorar o Parque Natural do Sudoeste Alentejano e Costa Vicentina.<\/p>\n\n\n\n<p>Acompanhe o Festival em <a href=\"http:\/\/www.birdwatchingsagres.com\" target=\"_blank\" rel=\"noreferrer noopener\">www.birdwatchingsagres.com<\/a><\/p>\n","protected":false},"excerpt":{"rendered":"<p>Depois da confirma\u00e7\u00e3o do regresso do Festival de Observa\u00e7\u00e3o de Aves &amp; Atividades de Natureza a Sagres, a organiza\u00e7\u00e3o anuncia<\/p>\n","protected":false},"author":1,"featured_media":20607,"comment_status":"closed","ping_status":"open","sticky":false,"template":"","format":"standard","meta":{"colormag_page_container_layout":"default_layout","colormag_page_sidebar_layout":"default_layout","_monsterinsights_skip_tracking":false,"_monsterinsights_sitenote_active":false,"_monsterinsights_sitenote_note":"","_monsterinsights_sitenote_category":0,"jetpack_post_was_ever_published":false,"_jetpack_newsletter_access":"","_jetpack_dont_email_post_to_subs":false,"_jetpack_newsletter_tier_id":0,"_jetpack_memberships_contains_paywalled_content":false,"_jetpack_memberships_contains_paid_content":false,"footnotes":"","jetpack_publicize_message":"","jetpack_publicize_feature_enabled":true,"jetpack_social_post_already_shared":true,"jetpack_social_options":{"image_generator_settings":{"template":"highway","default_image_id":0,"font":"","enabled":false},"version":2}},"categories":[11],"tags":[36,62,71,673,102,84],"class_list":["post-20606","post","type-post","status-publish","format-standard","has-post-thumbnail","hentry","category-atualidade","tag-algarve","tag-atualidade","tag-festival","tag-festival-de-observacao-de-aves","tag-sagres","tag-vila-do-bispo"],"yoast_head":"<!-- This site is optimized with the Yoast SEO plugin v27.5 - https:\/\/yoast.com\/product\/yoast-seo-wordpress\/ -->\n<title>Programa do Festival de Observa\u00e7\u00e3o de Aves de Sagres - Algarve 7<\/title>\n<meta name=\"description\" content=\"Programa do Festival de Observa\u00e7\u00e3o de Aves de Sagres Atualidade\" \/>\n<meta name=\"robots\" content=\"index, follow, max-snippet:-1, max-image-preview:large, max-video-preview:-1\" \/>\n<link rel=\"canonical\" href=\"https:\/\/algarve7.pt\/index.php\/2022\/08\/programa-do-festival-de-observacao-de-aves-de-sagres\/atualidade\/14\/00\/\" \/>\n<meta property=\"og:locale\" content=\"pt_PT\" \/>\n<meta property=\"og:type\" content=\"article\" \/>\n<meta property=\"og:title\" content=\"Programa do Festival de Observa\u00e7\u00e3o de Aves de Sagres - Algarve 7\" \/>\n<meta property=\"og:description\" content=\"Programa do Festival de Observa\u00e7\u00e3o de Aves de Sagres Atualidade\" \/>\n<meta property=\"og:url\" content=\"https:\/\/algarve7.pt\/index.php\/2022\/08\/programa-do-festival-de-observacao-de-aves-de-sagres\/atualidade\/14\/00\/\" \/>\n<meta property=\"og:site_name\" content=\"Algarve 7\" \/>\n<meta property=\"article:publisher\" content=\"https:\/\/www.facebook.com\/algarve7\" \/>\n<meta property=\"article:author\" content=\"https:\/\/www.facebook.com\/algarve7\" \/>\n<meta property=\"article:published_time\" content=\"2022-08-01T13:00:33+00:00\" \/>\n<meta property=\"article:modified_time\" content=\"2022-08-01T13:00:35+00:00\" \/>\n<meta property=\"og:image\" content=\"https:\/\/algarve7.pt\/wp-content\/uploads\/2022\/08\/observacao-aves_CMVB.jpg\" \/>\n\t<meta property=\"og:image:width\" content=\"1680\" \/>\n\t<meta property=\"og:image:height\" content=\"1120\" \/>\n\t<meta property=\"og:image:type\" content=\"image\/jpeg\" \/>\n<meta name=\"author\" content=\"Algarve 7\" \/>\n<meta name=\"twitter:card\" content=\"summary_large_image\" \/>\n<meta name=\"twitter:creator\" content=\"@Algarvesete\" \/>\n<meta name=\"twitter:site\" content=\"@Algarvesete\" \/>\n<meta name=\"twitter:label1\" content=\"Escrito por\" \/>\n\t<meta name=\"twitter:data1\" content=\"Algarve 7\" \/>\n\t<meta name=\"twitter:label2\" content=\"Tempo estimado de leitura\" \/>\n\t<meta name=\"twitter:data2\" content=\"2 minutos\" \/>\n<script type=\"application\/ld+json\" class=\"yoast-schema-graph\">{\"@context\":\"https:\\\/\\\/schema.org\",\"@graph\":[{\"@type\":\"Article\",\"@id\":\"https:\\\/\\\/algarve7.pt\\\/index.php\\\/2022\\\/08\\\/programa-do-festival-de-observacao-de-aves-de-sagres\\\/atualidade\\\/14\\\/00\\\/#article\",\"isPartOf\":{\"@id\":\"https:\\\/\\\/algarve7.pt\\\/index.php\\\/2022\\\/08\\\/programa-do-festival-de-observacao-de-aves-de-sagres\\\/atualidade\\\/14\\\/00\\\/\"},\"author\":{\"name\":\"Algarve 7\",\"@id\":\"https:\\\/\\\/algarve7.pt\\\/#\\\/schema\\\/person\\\/23fa70681308e7b319a3204bcea45e0c\"},\"headline\":\"Programa do Festival de Observa\u00e7\u00e3o de Aves de Sagres\",\"datePublished\":\"2022-08-01T13:00:33+00:00\",\"dateModified\":\"2022-08-01T13:00:35+00:00\",\"mainEntityOfPage\":{\"@id\":\"https:\\\/\\\/algarve7.pt\\\/index.php\\\/2022\\\/08\\\/programa-do-festival-de-observacao-de-aves-de-sagres\\\/atualidade\\\/14\\\/00\\\/\"},\"wordCount\":343,\"publisher\":{\"@id\":\"https:\\\/\\\/algarve7.pt\\\/#organization\"},\"image\":{\"@id\":\"https:\\\/\\\/algarve7.pt\\\/index.php\\\/2022\\\/08\\\/programa-do-festival-de-observacao-de-aves-de-sagres\\\/atualidade\\\/14\\\/00\\\/#primaryimage\"},\"thumbnailUrl\":\"https:\\\/\\\/algarve7.pt\\\/wp-content\\\/uploads\\\/2022\\\/08\\\/observacao-aves_CMVB.jpg\",\"keywords\":[\"Algarve\",\"Atualidade\",\"Festival\",\"Festival de Observa\u00e7\u00e3o de Aves\",\"Sagres\",\"Vila do Bispo\"],\"articleSection\":[\"Atualidade\"],\"inLanguage\":\"pt-PT\"},{\"@type\":\"WebPage\",\"@id\":\"https:\\\/\\\/algarve7.pt\\\/index.php\\\/2022\\\/08\\\/programa-do-festival-de-observacao-de-aves-de-sagres\\\/atualidade\\\/14\\\/00\\\/\",\"url\":\"https:\\\/\\\/algarve7.pt\\\/index.php\\\/2022\\\/08\\\/programa-do-festival-de-observacao-de-aves-de-sagres\\\/atualidade\\\/14\\\/00\\\/\",\"name\":\"Programa do Festival de Observa\u00e7\u00e3o de Aves de Sagres - Algarve 7\",\"isPartOf\":{\"@id\":\"https:\\\/\\\/algarve7.pt\\\/#website\"},\"primaryImageOfPage\":{\"@id\":\"https:\\\/\\\/algarve7.pt\\\/index.php\\\/2022\\\/08\\\/programa-do-festival-de-observacao-de-aves-de-sagres\\\/atualidade\\\/14\\\/00\\\/#primaryimage\"},\"image\":{\"@id\":\"https:\\\/\\\/algarve7.pt\\\/index.php\\\/2022\\\/08\\\/programa-do-festival-de-observacao-de-aves-de-sagres\\\/atualidade\\\/14\\\/00\\\/#primaryimage\"},\"thumbnailUrl\":\"https:\\\/\\\/algarve7.pt\\\/wp-content\\\/uploads\\\/2022\\\/08\\\/observacao-aves_CMVB.jpg\",\"datePublished\":\"2022-08-01T13:00:33+00:00\",\"dateModified\":\"2022-08-01T13:00:35+00:00\",\"description\":\"Programa do Festival de Observa\u00e7\u00e3o de Aves de Sagres Atualidade\",\"breadcrumb\":{\"@id\":\"https:\\\/\\\/algarve7.pt\\\/index.php\\\/2022\\\/08\\\/programa-do-festival-de-observacao-de-aves-de-sagres\\\/atualidade\\\/14\\\/00\\\/#breadcrumb\"},\"inLanguage\":\"pt-PT\",\"potentialAction\":[{\"@type\":\"ReadAction\",\"target\":[\"https:\\\/\\\/algarve7.pt\\\/index.php\\\/2022\\\/08\\\/programa-do-festival-de-observacao-de-aves-de-sagres\\\/atualidade\\\/14\\\/00\\\/\"]}]},{\"@type\":\"ImageObject\",\"inLanguage\":\"pt-PT\",\"@id\":\"https:\\\/\\\/algarve7.pt\\\/index.php\\\/2022\\\/08\\\/programa-do-festival-de-observacao-de-aves-de-sagres\\\/atualidade\\\/14\\\/00\\\/#primaryimage\",\"url\":\"https:\\\/\\\/algarve7.pt\\\/wp-content\\\/uploads\\\/2022\\\/08\\\/observacao-aves_CMVB.jpg\",\"contentUrl\":\"https:\\\/\\\/algarve7.pt\\\/wp-content\\\/uploads\\\/2022\\\/08\\\/observacao-aves_CMVB.jpg\",\"width\":1680,\"height\":1120},{\"@type\":\"BreadcrumbList\",\"@id\":\"https:\\\/\\\/algarve7.pt\\\/index.php\\\/2022\\\/08\\\/programa-do-festival-de-observacao-de-aves-de-sagres\\\/atualidade\\\/14\\\/00\\\/#breadcrumb\",\"itemListElement\":[{\"@type\":\"ListItem\",\"position\":1,\"name\":\"In\u00edcio\",\"item\":\"https:\\\/\\\/algarve7.pt\\\/\"},{\"@type\":\"ListItem\",\"position\":2,\"name\":\"Programa do Festival de Observa\u00e7\u00e3o de Aves de Sagres\"}]},{\"@type\":\"WebSite\",\"@id\":\"https:\\\/\\\/algarve7.pt\\\/#website\",\"url\":\"https:\\\/\\\/algarve7.pt\\\/\",\"name\":\"Algarve 7\",\"description\":\"Informa\u00e7\u00e3o sobre o Algarve\",\"publisher\":{\"@id\":\"https:\\\/\\\/algarve7.pt\\\/#organization\"},\"potentialAction\":[{\"@type\":\"SearchAction\",\"target\":{\"@type\":\"EntryPoint\",\"urlTemplate\":\"https:\\\/\\\/algarve7.pt\\\/?s={search_term_string}\"},\"query-input\":{\"@type\":\"PropertyValueSpecification\",\"valueRequired\":true,\"valueName\":\"search_term_string\"}}],\"inLanguage\":\"pt-PT\"},{\"@type\":\"Organization\",\"@id\":\"https:\\\/\\\/algarve7.pt\\\/#organization\",\"name\":\"Algarve 7\",\"url\":\"https:\\\/\\\/algarve7.pt\\\/\",\"logo\":{\"@type\":\"ImageObject\",\"inLanguage\":\"pt-PT\",\"@id\":\"https:\\\/\\\/algarve7.pt\\\/#\\\/schema\\\/logo\\\/image\\\/\",\"url\":\"https:\\\/\\\/algarve7.pt\\\/wp-content\\\/uploads\\\/2020\\\/10\\\/Logo-8.jpg\",\"contentUrl\":\"https:\\\/\\\/algarve7.pt\\\/wp-content\\\/uploads\\\/2020\\\/10\\\/Logo-8.jpg\",\"width\":1680,\"height\":1186,\"caption\":\"Algarve 7\"},\"image\":{\"@id\":\"https:\\\/\\\/algarve7.pt\\\/#\\\/schema\\\/logo\\\/image\\\/\"},\"sameAs\":[\"https:\\\/\\\/www.facebook.com\\\/algarve7\",\"https:\\\/\\\/x.com\\\/Algarvesete\",\"https:\\\/\\\/www.instagram.com\\\/jornalalgarve7\\\/\",\"https:\\\/\\\/www.linkedin.com\\\/company\\\/algarve7\",\"https:\\\/\\\/www.pinterest.pt\\\/geral0939\\\/_created\\\/\"]},{\"@type\":\"Person\",\"@id\":\"https:\\\/\\\/algarve7.pt\\\/#\\\/schema\\\/person\\\/23fa70681308e7b319a3204bcea45e0c\",\"name\":\"Algarve 7\",\"sameAs\":[\"https:\\\/\\\/algarve7.pt\",\"https:\\\/\\\/www.facebook.com\\\/algarve7\"],\"url\":\"https:\\\/\\\/algarve7.pt\\\/index.php\\\/author\\\/geralalgarve7-pt\\\/\"}]}<\/script>\n<!-- \/ Yoast SEO plugin. -->","yoast_head_json":{"title":"Programa do Festival de Observa\u00e7\u00e3o de Aves de Sagres - Algarve 7","description":"Programa do Festival de Observa\u00e7\u00e3o de Aves de Sagres Atualidade","robots":{"index":"index","follow":"follow","max-snippet":"max-snippet:-1","max-image-preview":"max-image-preview:large","max-video-preview":"max-video-preview:-1"},"canonical":"https:\/\/algarve7.pt\/index.php\/2022\/08\/programa-do-festival-de-observacao-de-aves-de-sagres\/atualidade\/14\/00\/","og_locale":"pt_PT","og_type":"article","og_title":"Programa do Festival de Observa\u00e7\u00e3o de Aves de Sagres - Algarve 7","og_description":"Programa do Festival de Observa\u00e7\u00e3o de Aves de Sagres Atualidade","og_url":"https:\/\/algarve7.pt\/index.php\/2022\/08\/programa-do-festival-de-observacao-de-aves-de-sagres\/atualidade\/14\/00\/","og_site_name":"Algarve 7","article_publisher":"https:\/\/www.facebook.com\/algarve7","article_author":"https:\/\/www.facebook.com\/algarve7","article_published_time":"2022-08-01T13:00:33+00:00","article_modified_time":"2022-08-01T13:00:35+00:00","og_image":[{"width":1680,"height":1120,"url":"https:\/\/algarve7.pt\/wp-content\/uploads\/2022\/08\/observacao-aves_CMVB.jpg","type":"image\/jpeg"}],"author":"Algarve 7","twitter_card":"summary_large_image","twitter_creator":"@Algarvesete","twitter_site":"@Algarvesete","twitter_misc":{"Escrito por":"Algarve 7","Tempo estimado de leitura":"2 minutos"},"schema":{"@context":"https:\/\/schema.org","@graph":[{"@type":"Article","@id":"https:\/\/algarve7.pt\/index.php\/2022\/08\/programa-do-festival-de-observacao-de-aves-de-sagres\/atualidade\/14\/00\/#article","isPartOf":{"@id":"https:\/\/algarve7.pt\/index.php\/2022\/08\/programa-do-festival-de-observacao-de-aves-de-sagres\/atualidade\/14\/00\/"},"author":{"name":"Algarve 7","@id":"https:\/\/algarve7.pt\/#\/schema\/person\/23fa70681308e7b319a3204bcea45e0c"},"headline":"Programa do Festival de Observa\u00e7\u00e3o de Aves de Sagres","datePublished":"2022-08-01T13:00:33+00:00","dateModified":"2022-08-01T13:00:35+00:00","mainEntityOfPage":{"@id":"https:\/\/algarve7.pt\/index.php\/2022\/08\/programa-do-festival-de-observacao-de-aves-de-sagres\/atualidade\/14\/00\/"},"wordCount":343,"publisher":{"@id":"https:\/\/algarve7.pt\/#organization"},"image":{"@id":"https:\/\/algarve7.pt\/index.php\/2022\/08\/programa-do-festival-de-observacao-de-aves-de-sagres\/atualidade\/14\/00\/#primaryimage"},"thumbnailUrl":"https:\/\/algarve7.pt\/wp-content\/uploads\/2022\/08\/observacao-aves_CMVB.jpg","keywords":["Algarve","Atualidade","Festival","Festival de Observa\u00e7\u00e3o de Aves","Sagres","Vila do Bispo"],"articleSection":["Atualidade"],"inLanguage":"pt-PT"},{"@type":"WebPage","@id":"https:\/\/algarve7.pt\/index.php\/2022\/08\/programa-do-festival-de-observacao-de-aves-de-sagres\/atualidade\/14\/00\/","url":"https:\/\/algarve7.pt\/index.php\/2022\/08\/programa-do-festival-de-observacao-de-aves-de-sagres\/atualidade\/14\/00\/","name":"Programa do Festival de Observa\u00e7\u00e3o de Aves de Sagres - Algarve 7","isPartOf":{"@id":"https:\/\/algarve7.pt\/#website"},"primaryImageOfPage":{"@id":"https:\/\/algarve7.pt\/index.php\/2022\/08\/programa-do-festival-de-observacao-de-aves-de-sagres\/atualidade\/14\/00\/#primaryimage"},"image":{"@id":"https:\/\/algarve7.pt\/index.php\/2022\/08\/programa-do-festival-de-observacao-de-aves-de-sagres\/atualidade\/14\/00\/#primaryimage"},"thumbnailUrl":"https:\/\/algarve7.pt\/wp-content\/uploads\/2022\/08\/observacao-aves_CMVB.jpg","datePublished":"2022-08-01T13:00:33+00:00","dateModified":"2022-08-01T13:00:35+00:00","description":"Programa do Festival de Observa\u00e7\u00e3o de Aves de Sagres Atualidade","breadcrumb":{"@id":"https:\/\/algarve7.pt\/index.php\/2022\/08\/programa-do-festival-de-observacao-de-aves-de-sagres\/atualidade\/14\/00\/#breadcrumb"},"inLanguage":"pt-PT","potentialAction":[{"@type":"ReadAction","target":["https:\/\/algarve7.pt\/index.php\/2022\/08\/programa-do-festival-de-observacao-de-aves-de-sagres\/atualidade\/14\/00\/"]}]},{"@type":"ImageObject","inLanguage":"pt-PT","@id":"https:\/\/algarve7.pt\/index.php\/2022\/08\/programa-do-festival-de-observacao-de-aves-de-sagres\/atualidade\/14\/00\/#primaryimage","url":"https:\/\/algarve7.pt\/wp-content\/uploads\/2022\/08\/observacao-aves_CMVB.jpg","contentUrl":"https:\/\/algarve7.pt\/wp-content\/uploads\/2022\/08\/observacao-aves_CMVB.jpg","width":1680,"height":1120},{"@type":"BreadcrumbList","@id":"https:\/\/algarve7.pt\/index.php\/2022\/08\/programa-do-festival-de-observacao-de-aves-de-sagres\/atualidade\/14\/00\/#breadcrumb","itemListElement":[{"@type":"ListItem","position":1,"name":"In\u00edcio","item":"https:\/\/algarve7.pt\/"},{"@type":"ListItem","position":2,"name":"Programa do Festival de Observa\u00e7\u00e3o de Aves de Sagres"}]},{"@type":"WebSite","@id":"https:\/\/algarve7.pt\/#website","url":"https:\/\/algarve7.pt\/","name":"Algarve 7","description":"Informa\u00e7\u00e3o sobre o Algarve","publisher":{"@id":"https:\/\/algarve7.pt\/#organization"},"potentialAction":[{"@type":"SearchAction","target":{"@type":"EntryPoint","urlTemplate":"https:\/\/algarve7.pt\/?s={search_term_string}"},"query-input":{"@type":"PropertyValueSpecification","valueRequired":true,"valueName":"search_term_string"}}],"inLanguage":"pt-PT"},{"@type":"Organization","@id":"https:\/\/algarve7.pt\/#organization","name":"Algarve 7","url":"https:\/\/algarve7.pt\/","logo":{"@type":"ImageObject","inLanguage":"pt-PT","@id":"https:\/\/algarve7.pt\/#\/schema\/logo\/image\/","url":"https:\/\/algarve7.pt\/wp-content\/uploads\/2020\/10\/Logo-8.jpg","contentUrl":"https:\/\/algarve7.pt\/wp-content\/uploads\/2020\/10\/Logo-8.jpg","width":1680,"height":1186,"caption":"Algarve 7"},"image":{"@id":"https:\/\/algarve7.pt\/#\/schema\/logo\/image\/"},"sameAs":["https:\/\/www.facebook.com\/algarve7","https:\/\/x.com\/Algarvesete","https:\/\/www.instagram.com\/jornalalgarve7\/","https:\/\/www.linkedin.com\/company\/algarve7","https:\/\/www.pinterest.pt\/geral0939\/_created\/"]},{"@type":"Person","@id":"https:\/\/algarve7.pt\/#\/schema\/person\/23fa70681308e7b319a3204bcea45e0c","name":"Algarve 7","sameAs":["https:\/\/algarve7.pt","https:\/\/www.facebook.com\/algarve7"],"url":"https:\/\/algarve7.pt\/index.php\/author\/geralalgarve7-pt\/"}]}},"jetpack_publicize_connections":[],"jetpack_featured_media_url":"https:\/\/algarve7.pt\/wp-content\/uploads\/2022\/08\/observacao-aves_CMVB.jpg","jetpack_shortlink":"https:\/\/wp.me\/pcezmW-5mm","jetpack_sharing_enabled":true,"_links":{"self":[{"href":"https:\/\/algarve7.pt\/index.php\/wp-json\/wp\/v2\/posts\/20606","targetHints":{"allow":["GET"]}}],"collection":[{"href":"https:\/\/algarve7.pt\/index.php\/wp-json\/wp\/v2\/posts"}],"about":[{"href":"https:\/\/algarve7.pt\/index.php\/wp-json\/wp\/v2\/types\/post"}],"author":[{"embeddable":true,"href":"https:\/\/algarve7.pt\/index.php\/wp-json\/wp\/v2\/users\/1"}],"replies":[{"embeddable":true,"href":"https:\/\/algarve7.pt\/index.php\/wp-json\/wp\/v2\/comments?post=20606"}],"version-history":[{"count":0,"href":"https:\/\/algarve7.pt\/index.php\/wp-json\/wp\/v2\/posts\/20606\/revisions"}],"wp:featuredmedia":[{"embeddable":true,"href":"https:\/\/algarve7.pt\/index.php\/wp-json\/wp\/v2\/media\/20607"}],"wp:attachment":[{"href":"https:\/\/algarve7.pt\/index.php\/wp-json\/wp\/v2\/media?parent=20606"}],"wp:term":[{"taxonomy":"category","embeddable":true,"href":"https:\/\/algarve7.pt\/index.php\/wp-json\/wp\/v2\/categories?post=20606"},{"taxonomy":"post_tag","embeddable":true,"href":"https:\/\/algarve7.pt\/index.php\/wp-json\/wp\/v2\/tags?post=20606"}],"curies":[{"name":"wp","href":"https:\/\/api.w.org\/{rel}","templated":true}]}}