{"id":20459,"date":"2022-07-26T10:30:00","date_gmt":"2022-07-26T09:30:00","guid":{"rendered":"https:\/\/algarve7.pt\/?p=20459"},"modified":"2022-07-26T08:22:16","modified_gmt":"2022-07-26T07:22:16","slug":"area-desportiva-da-praia-da-rocha-promove-programa-de-animacao-desportiva","status":"publish","type":"post","link":"https:\/\/algarve7.pt\/index.php\/2022\/07\/area-desportiva-da-praia-da-rocha-promove-programa-de-animacao-desportiva\/desporto\/10\/30\/","title":{"rendered":"\u00c1rea Desportiva da Praia da Rocha promove programa de anima\u00e7\u00e3o desportiva"},"content":{"rendered":"\n<p>A \u00c1rea Desportiva da Praia da Rocha volta a ser, pelo 12\u00ba ano, um ponto de encontro privilegiado para quem deseje passar o seu tempo livre de ver\u00e3o a praticar desportos de praia ou a experimentar atividades como fitness, yoga, pilates, zumba ou hidrogin\u00e1stica.<\/p>\n\n\n\n<p>Para al\u00e9m das atividades programadas em hor\u00e1rios espec\u00edficos, que decorrer\u00e3o entre 1 de agosto e 10 de setembro, o espa\u00e7o re\u00fane as condi\u00e7\u00f5es ideais para a pr\u00e1tica desportiva informal ao ar livre de futebol de praia, voleibol de praia, futev\u00f3lei e frisbee.<\/p>\n\n\n\n<p>As atividades com hora marcada s\u00e3o coordenadas por instrutores credenciados, e t\u00eam lugar de segunda a sexta-feira, entre as 8h45 e as 20h00. Nesses dias, \u00e0s 10h00 e \u00e0s 11h00, realizam-se aulas de fitness e de hidrogin\u00e1stica, enquanto \u00e0s 18h30 de segunda, quarta e sexta-feira s\u00e3o tempo de aulas de zumba.<\/p>\n\n\n\n<p>Por sua vez, a partir das 8h45 de ter\u00e7a e quinta-feira o dia come\u00e7a com yoga, estando o pilates agendado para as segundas e quartas-feiras no mesmo hor\u00e1rio.<\/p>\n\n\n\n<p>Todas as atividades realizadas no equipamento s\u00e3o de acesso gratuito e bastar\u00e1 aos interessados comparecer na \u00c1rea Desportiva da Praia da Rocha que, \u00e0 semelhan\u00e7a do ano anterior, tem como patrocinador oficial a Decathlon Portim\u00e3o.<\/p>\n\n\n\n<p>Est\u00e3o igualmente programados para as pr\u00f3ximas semanas diferentes eventos abertos a participantes, com destaque para a 20\u00aa etapa do Campeonato Nacional de Voleibol de Praia (29 e 31 de julho), sob organiza\u00e7\u00e3o da Federa\u00e7\u00e3o Portuguesa de Voleibol.<\/p>\n\n\n\n<p>A programa\u00e7\u00e3o de agosto inicia no dia 6, com a 31\u00aa Prova de Mar da Praia da Rocha, organizada pela Portinado, enquanto a Hasbro marcar\u00e1 presen\u00e7a na praia com o Nerf Challenge Tour 2022, que acontece no fim-de-semana de 6 e 7.<\/p>\n\n\n\n<p>Entre 12 e 14 de agosto, e como forma de assinalar o Dia Internacional da Juventude, que se comemora no dia 12, o Munic\u00edpio de Portim\u00e3o organizar\u00e1 torneios desportivos nas modalidades de <a>futebol praia, futv\u00f3lei, voleibol praia e tag rugbi<\/a>, em parceria com a Dypall e no \u00e2mbito do programa Gera\u00e7\u00e3o XXI, podendo ser solicitadas informa\u00e7\u00f5es complementares e efetuadas as respetivas inscri\u00e7\u00f5es atrav\u00e9s do email <a href=\"mailto:desporto@com-portimao.pt\" target=\"_blank\" rel=\"noreferrer noopener\">desporto@com-portimao.pt<\/a><\/p>\n\n\n\n<p>Por \u00faltimo, nos dias 27 e 28 de agosto joga-se a 8\u00aa etapa do Campeonato Nacional de Futev\u00f3lei, organizada pela Federa\u00e7\u00e3o Nacional da modalidade.<\/p>\n\n\n\n<p>J\u00e1 em setembro, realizam-se nos dias 3 e 4 os Beactive Beach Games, que incluem dezenas de atividades desportivas dispon\u00edveis para pr\u00e1tica gratuita de toda a popula\u00e7\u00e3o.<\/p>\n\n\n\n<p>As op\u00e7\u00f5es s\u00e3o variadas, e passam pelo futebol de praia, frisbee, voleibol de praia, surf, bodyboard, zumba, capoeira ou stand up paddle, entre outras, podendo ser consultadas mais informa\u00e7\u00f5es sobre o evento no seguinte site: https:\/\/portimao.beactivebeachgames.com\/#programa<\/p>\n\n\n\n<p>O projeto de anima\u00e7\u00e3o desportiva de ver\u00e3o na \u00c1rea Desportiva da Praia da Rocha conta com o apoio das seguintes empresas e entidades: \u00c1gua de Monchique, Navibordo, Marina de Portim\u00e3o, Instituto Superior Manuel Teixeira Gomes e Capitania do Porto de Portim\u00e3o.<\/p>\n\n\n\n<p>Mais informa\u00e7\u00f5es podem ser solicitadas atrav\u00e9s dos contactos telef\u00f3nicos 282 470 813\/825 e 965 629\u00a0755, ou encontradas por consulta na Internet em: <a href=\"https:\/\/vivaportimao.pt\/a-nao-perder\/e-ainda\/2929-animacao-desportiva-na-praia\" target=\"_blank\" rel=\"noreferrer noopener\">https:\/\/vivaportimao.pt\/a-nao-perder\/e-ainda\/2929-animacao-desportiva-na-praia<\/a><\/p>\n","protected":false},"excerpt":{"rendered":"<p>A \u00c1rea Desportiva da Praia da Rocha volta a ser, pelo 12\u00ba ano, um ponto de encontro privilegiado para quem<\/p>\n","protected":false},"author":1,"featured_media":20460,"comment_status":"closed","ping_status":"open","sticky":false,"template":"","format":"standard","meta":{"colormag_page_container_layout":"default_layout","colormag_page_sidebar_layout":"default_layout","_monsterinsights_skip_tracking":false,"_monsterinsights_sitenote_active":false,"_monsterinsights_sitenote_note":"","_monsterinsights_sitenote_category":0,"jetpack_post_was_ever_published":false,"_jetpack_newsletter_access":"","_jetpack_dont_email_post_to_subs":false,"_jetpack_newsletter_tier_id":0,"_jetpack_memberships_contains_paywalled_content":false,"_jetpack_memberships_contains_paid_content":false,"footnotes":"","jetpack_publicize_message":"","jetpack_publicize_feature_enabled":true,"jetpack_social_post_already_shared":true,"jetpack_social_options":{"image_generator_settings":{"template":"highway","default_image_id":0,"font":"","enabled":false},"version":2}},"categories":[15],"tags":[36,40,72],"class_list":["post-20459","post","type-post","status-publish","format-standard","has-post-thumbnail","hentry","category-desporto","tag-algarve","tag-desporto","tag-portimao"],"yoast_head":"<!-- This site is optimized with the Yoast SEO plugin v27.5 - https:\/\/yoast.com\/product\/yoast-seo-wordpress\/ -->\n<title>\u00c1rea Desportiva da Praia da Rocha promove programa de anima\u00e7\u00e3o desportiva - Algarve 7<\/title>\n<meta name=\"description\" content=\"\u00c1rea Desportiva da Praia da Rocha promove programa de anima\u00e7\u00e3o desportiva Desporto\" \/>\n<meta name=\"robots\" content=\"index, follow, max-snippet:-1, max-image-preview:large, max-video-preview:-1\" \/>\n<link rel=\"canonical\" href=\"https:\/\/algarve7.pt\/index.php\/2022\/07\/area-desportiva-da-praia-da-rocha-promove-programa-de-animacao-desportiva\/desporto\/10\/30\/\" \/>\n<meta property=\"og:locale\" content=\"pt_PT\" \/>\n<meta property=\"og:type\" content=\"article\" \/>\n<meta property=\"og:title\" content=\"\u00c1rea Desportiva da Praia da Rocha promove programa de anima\u00e7\u00e3o desportiva - Algarve 7\" \/>\n<meta property=\"og:description\" content=\"\u00c1rea Desportiva da Praia da Rocha promove programa de anima\u00e7\u00e3o desportiva Desporto\" \/>\n<meta property=\"og:url\" content=\"https:\/\/algarve7.pt\/index.php\/2022\/07\/area-desportiva-da-praia-da-rocha-promove-programa-de-animacao-desportiva\/desporto\/10\/30\/\" \/>\n<meta property=\"og:site_name\" content=\"Algarve 7\" \/>\n<meta property=\"article:publisher\" content=\"https:\/\/www.facebook.com\/algarve7\" \/>\n<meta property=\"article:author\" content=\"https:\/\/www.facebook.com\/algarve7\" \/>\n<meta property=\"article:published_time\" content=\"2022-07-26T09:30:00+00:00\" \/>\n<meta property=\"og:image\" content=\"https:\/\/algarve7.pt\/wp-content\/uploads\/2022\/07\/FITNESS-A\u0301rea-Desportiva-da-Praia-da-Rocha.jpg\" \/>\n\t<meta property=\"og:image:width\" content=\"1773\" \/>\n\t<meta property=\"og:image:height\" content=\"1182\" \/>\n\t<meta property=\"og:image:type\" content=\"image\/jpeg\" \/>\n<meta name=\"author\" content=\"Algarve 7\" \/>\n<meta name=\"twitter:card\" content=\"summary_large_image\" \/>\n<meta name=\"twitter:creator\" content=\"@Algarvesete\" \/>\n<meta name=\"twitter:site\" content=\"@Algarvesete\" \/>\n<meta name=\"twitter:label1\" content=\"Escrito por\" \/>\n\t<meta name=\"twitter:data1\" content=\"Algarve 7\" \/>\n\t<meta name=\"twitter:label2\" content=\"Tempo estimado de leitura\" \/>\n\t<meta name=\"twitter:data2\" content=\"3 minutos\" \/>\n<script type=\"application\/ld+json\" class=\"yoast-schema-graph\">{\"@context\":\"https:\\\/\\\/schema.org\",\"@graph\":[{\"@type\":\"Article\",\"@id\":\"https:\\\/\\\/algarve7.pt\\\/index.php\\\/2022\\\/07\\\/area-desportiva-da-praia-da-rocha-promove-programa-de-animacao-desportiva\\\/desporto\\\/10\\\/30\\\/#article\",\"isPartOf\":{\"@id\":\"https:\\\/\\\/algarve7.pt\\\/index.php\\\/2022\\\/07\\\/area-desportiva-da-praia-da-rocha-promove-programa-de-animacao-desportiva\\\/desporto\\\/10\\\/30\\\/\"},\"author\":{\"name\":\"Algarve 7\",\"@id\":\"https:\\\/\\\/algarve7.pt\\\/#\\\/schema\\\/person\\\/23fa70681308e7b319a3204bcea45e0c\"},\"headline\":\"\u00c1rea Desportiva da Praia da Rocha promove programa de anima\u00e7\u00e3o desportiva\",\"datePublished\":\"2022-07-26T09:30:00+00:00\",\"mainEntityOfPage\":{\"@id\":\"https:\\\/\\\/algarve7.pt\\\/index.php\\\/2022\\\/07\\\/area-desportiva-da-praia-da-rocha-promove-programa-de-animacao-desportiva\\\/desporto\\\/10\\\/30\\\/\"},\"wordCount\":543,\"publisher\":{\"@id\":\"https:\\\/\\\/algarve7.pt\\\/#organization\"},\"image\":{\"@id\":\"https:\\\/\\\/algarve7.pt\\\/index.php\\\/2022\\\/07\\\/area-desportiva-da-praia-da-rocha-promove-programa-de-animacao-desportiva\\\/desporto\\\/10\\\/30\\\/#primaryimage\"},\"thumbnailUrl\":\"https:\\\/\\\/algarve7.pt\\\/wp-content\\\/uploads\\\/2022\\\/07\\\/FITNESS-A\u0301rea-Desportiva-da-Praia-da-Rocha.jpg\",\"keywords\":[\"Algarve\",\"Desporto\",\"Portim\u00e3o\"],\"articleSection\":[\"Desporto\"],\"inLanguage\":\"pt-PT\"},{\"@type\":\"WebPage\",\"@id\":\"https:\\\/\\\/algarve7.pt\\\/index.php\\\/2022\\\/07\\\/area-desportiva-da-praia-da-rocha-promove-programa-de-animacao-desportiva\\\/desporto\\\/10\\\/30\\\/\",\"url\":\"https:\\\/\\\/algarve7.pt\\\/index.php\\\/2022\\\/07\\\/area-desportiva-da-praia-da-rocha-promove-programa-de-animacao-desportiva\\\/desporto\\\/10\\\/30\\\/\",\"name\":\"\u00c1rea Desportiva da Praia da Rocha promove programa de anima\u00e7\u00e3o desportiva - Algarve 7\",\"isPartOf\":{\"@id\":\"https:\\\/\\\/algarve7.pt\\\/#website\"},\"primaryImageOfPage\":{\"@id\":\"https:\\\/\\\/algarve7.pt\\\/index.php\\\/2022\\\/07\\\/area-desportiva-da-praia-da-rocha-promove-programa-de-animacao-desportiva\\\/desporto\\\/10\\\/30\\\/#primaryimage\"},\"image\":{\"@id\":\"https:\\\/\\\/algarve7.pt\\\/index.php\\\/2022\\\/07\\\/area-desportiva-da-praia-da-rocha-promove-programa-de-animacao-desportiva\\\/desporto\\\/10\\\/30\\\/#primaryimage\"},\"thumbnailUrl\":\"https:\\\/\\\/algarve7.pt\\\/wp-content\\\/uploads\\\/2022\\\/07\\\/FITNESS-A\u0301rea-Desportiva-da-Praia-da-Rocha.jpg\",\"datePublished\":\"2022-07-26T09:30:00+00:00\",\"description\":\"\u00c1rea Desportiva da Praia da Rocha promove programa de anima\u00e7\u00e3o desportiva Desporto\",\"breadcrumb\":{\"@id\":\"https:\\\/\\\/algarve7.pt\\\/index.php\\\/2022\\\/07\\\/area-desportiva-da-praia-da-rocha-promove-programa-de-animacao-desportiva\\\/desporto\\\/10\\\/30\\\/#breadcrumb\"},\"inLanguage\":\"pt-PT\",\"potentialAction\":[{\"@type\":\"ReadAction\",\"target\":[\"https:\\\/\\\/algarve7.pt\\\/index.php\\\/2022\\\/07\\\/area-desportiva-da-praia-da-rocha-promove-programa-de-animacao-desportiva\\\/desporto\\\/10\\\/30\\\/\"]}]},{\"@type\":\"ImageObject\",\"inLanguage\":\"pt-PT\",\"@id\":\"https:\\\/\\\/algarve7.pt\\\/index.php\\\/2022\\\/07\\\/area-desportiva-da-praia-da-rocha-promove-programa-de-animacao-desportiva\\\/desporto\\\/10\\\/30\\\/#primaryimage\",\"url\":\"https:\\\/\\\/algarve7.pt\\\/wp-content\\\/uploads\\\/2022\\\/07\\\/FITNESS-A\u0301rea-Desportiva-da-Praia-da-Rocha.jpg\",\"contentUrl\":\"https:\\\/\\\/algarve7.pt\\\/wp-content\\\/uploads\\\/2022\\\/07\\\/FITNESS-A\u0301rea-Desportiva-da-Praia-da-Rocha.jpg\",\"width\":1773,\"height\":1182},{\"@type\":\"BreadcrumbList\",\"@id\":\"https:\\\/\\\/algarve7.pt\\\/index.php\\\/2022\\\/07\\\/area-desportiva-da-praia-da-rocha-promove-programa-de-animacao-desportiva\\\/desporto\\\/10\\\/30\\\/#breadcrumb\",\"itemListElement\":[{\"@type\":\"ListItem\",\"position\":1,\"name\":\"In\u00edcio\",\"item\":\"https:\\\/\\\/algarve7.pt\\\/\"},{\"@type\":\"ListItem\",\"position\":2,\"name\":\"\u00c1rea Desportiva da Praia da Rocha promove programa de anima\u00e7\u00e3o desportiva\"}]},{\"@type\":\"WebSite\",\"@id\":\"https:\\\/\\\/algarve7.pt\\\/#website\",\"url\":\"https:\\\/\\\/algarve7.pt\\\/\",\"name\":\"Algarve 7\",\"description\":\"Informa\u00e7\u00e3o sobre o Algarve\",\"publisher\":{\"@id\":\"https:\\\/\\\/algarve7.pt\\\/#organization\"},\"potentialAction\":[{\"@type\":\"SearchAction\",\"target\":{\"@type\":\"EntryPoint\",\"urlTemplate\":\"https:\\\/\\\/algarve7.pt\\\/?s={search_term_string}\"},\"query-input\":{\"@type\":\"PropertyValueSpecification\",\"valueRequired\":true,\"valueName\":\"search_term_string\"}}],\"inLanguage\":\"pt-PT\"},{\"@type\":\"Organization\",\"@id\":\"https:\\\/\\\/algarve7.pt\\\/#organization\",\"name\":\"Algarve 7\",\"url\":\"https:\\\/\\\/algarve7.pt\\\/\",\"logo\":{\"@type\":\"ImageObject\",\"inLanguage\":\"pt-PT\",\"@id\":\"https:\\\/\\\/algarve7.pt\\\/#\\\/schema\\\/logo\\\/image\\\/\",\"url\":\"https:\\\/\\\/algarve7.pt\\\/wp-content\\\/uploads\\\/2020\\\/10\\\/Logo-8.jpg\",\"contentUrl\":\"https:\\\/\\\/algarve7.pt\\\/wp-content\\\/uploads\\\/2020\\\/10\\\/Logo-8.jpg\",\"width\":1680,\"height\":1186,\"caption\":\"Algarve 7\"},\"image\":{\"@id\":\"https:\\\/\\\/algarve7.pt\\\/#\\\/schema\\\/logo\\\/image\\\/\"},\"sameAs\":[\"https:\\\/\\\/www.facebook.com\\\/algarve7\",\"https:\\\/\\\/x.com\\\/Algarvesete\",\"https:\\\/\\\/www.instagram.com\\\/jornalalgarve7\\\/\",\"https:\\\/\\\/www.linkedin.com\\\/company\\\/algarve7\",\"https:\\\/\\\/www.pinterest.pt\\\/geral0939\\\/_created\\\/\"]},{\"@type\":\"Person\",\"@id\":\"https:\\\/\\\/algarve7.pt\\\/#\\\/schema\\\/person\\\/23fa70681308e7b319a3204bcea45e0c\",\"name\":\"Algarve 7\",\"sameAs\":[\"https:\\\/\\\/algarve7.pt\",\"https:\\\/\\\/www.facebook.com\\\/algarve7\"],\"url\":\"https:\\\/\\\/algarve7.pt\\\/index.php\\\/author\\\/geralalgarve7-pt\\\/\"}]}<\/script>\n<!-- \/ Yoast SEO plugin. -->","yoast_head_json":{"title":"\u00c1rea Desportiva da Praia da Rocha promove programa de anima\u00e7\u00e3o desportiva - Algarve 7","description":"\u00c1rea Desportiva da Praia da Rocha promove programa de anima\u00e7\u00e3o desportiva Desporto","robots":{"index":"index","follow":"follow","max-snippet":"max-snippet:-1","max-image-preview":"max-image-preview:large","max-video-preview":"max-video-preview:-1"},"canonical":"https:\/\/algarve7.pt\/index.php\/2022\/07\/area-desportiva-da-praia-da-rocha-promove-programa-de-animacao-desportiva\/desporto\/10\/30\/","og_locale":"pt_PT","og_type":"article","og_title":"\u00c1rea Desportiva da Praia da Rocha promove programa de anima\u00e7\u00e3o desportiva - Algarve 7","og_description":"\u00c1rea Desportiva da Praia da Rocha promove programa de anima\u00e7\u00e3o desportiva Desporto","og_url":"https:\/\/algarve7.pt\/index.php\/2022\/07\/area-desportiva-da-praia-da-rocha-promove-programa-de-animacao-desportiva\/desporto\/10\/30\/","og_site_name":"Algarve 7","article_publisher":"https:\/\/www.facebook.com\/algarve7","article_author":"https:\/\/www.facebook.com\/algarve7","article_published_time":"2022-07-26T09:30:00+00:00","og_image":[{"width":1773,"height":1182,"url":"https:\/\/algarve7.pt\/wp-content\/uploads\/2022\/07\/FITNESS-A\u0301rea-Desportiva-da-Praia-da-Rocha.jpg","type":"image\/jpeg"}],"author":"Algarve 7","twitter_card":"summary_large_image","twitter_creator":"@Algarvesete","twitter_site":"@Algarvesete","twitter_misc":{"Escrito por":"Algarve 7","Tempo estimado de leitura":"3 minutos"},"schema":{"@context":"https:\/\/schema.org","@graph":[{"@type":"Article","@id":"https:\/\/algarve7.pt\/index.php\/2022\/07\/area-desportiva-da-praia-da-rocha-promove-programa-de-animacao-desportiva\/desporto\/10\/30\/#article","isPartOf":{"@id":"https:\/\/algarve7.pt\/index.php\/2022\/07\/area-desportiva-da-praia-da-rocha-promove-programa-de-animacao-desportiva\/desporto\/10\/30\/"},"author":{"name":"Algarve 7","@id":"https:\/\/algarve7.pt\/#\/schema\/person\/23fa70681308e7b319a3204bcea45e0c"},"headline":"\u00c1rea Desportiva da Praia da Rocha promove programa de anima\u00e7\u00e3o desportiva","datePublished":"2022-07-26T09:30:00+00:00","mainEntityOfPage":{"@id":"https:\/\/algarve7.pt\/index.php\/2022\/07\/area-desportiva-da-praia-da-rocha-promove-programa-de-animacao-desportiva\/desporto\/10\/30\/"},"wordCount":543,"publisher":{"@id":"https:\/\/algarve7.pt\/#organization"},"image":{"@id":"https:\/\/algarve7.pt\/index.php\/2022\/07\/area-desportiva-da-praia-da-rocha-promove-programa-de-animacao-desportiva\/desporto\/10\/30\/#primaryimage"},"thumbnailUrl":"https:\/\/algarve7.pt\/wp-content\/uploads\/2022\/07\/FITNESS-A\u0301rea-Desportiva-da-Praia-da-Rocha.jpg","keywords":["Algarve","Desporto","Portim\u00e3o"],"articleSection":["Desporto"],"inLanguage":"pt-PT"},{"@type":"WebPage","@id":"https:\/\/algarve7.pt\/index.php\/2022\/07\/area-desportiva-da-praia-da-rocha-promove-programa-de-animacao-desportiva\/desporto\/10\/30\/","url":"https:\/\/algarve7.pt\/index.php\/2022\/07\/area-desportiva-da-praia-da-rocha-promove-programa-de-animacao-desportiva\/desporto\/10\/30\/","name":"\u00c1rea Desportiva da Praia da Rocha promove programa de anima\u00e7\u00e3o desportiva - Algarve 7","isPartOf":{"@id":"https:\/\/algarve7.pt\/#website"},"primaryImageOfPage":{"@id":"https:\/\/algarve7.pt\/index.php\/2022\/07\/area-desportiva-da-praia-da-rocha-promove-programa-de-animacao-desportiva\/desporto\/10\/30\/#primaryimage"},"image":{"@id":"https:\/\/algarve7.pt\/index.php\/2022\/07\/area-desportiva-da-praia-da-rocha-promove-programa-de-animacao-desportiva\/desporto\/10\/30\/#primaryimage"},"thumbnailUrl":"https:\/\/algarve7.pt\/wp-content\/uploads\/2022\/07\/FITNESS-A\u0301rea-Desportiva-da-Praia-da-Rocha.jpg","datePublished":"2022-07-26T09:30:00+00:00","description":"\u00c1rea Desportiva da Praia da Rocha promove programa de anima\u00e7\u00e3o desportiva Desporto","breadcrumb":{"@id":"https:\/\/algarve7.pt\/index.php\/2022\/07\/area-desportiva-da-praia-da-rocha-promove-programa-de-animacao-desportiva\/desporto\/10\/30\/#breadcrumb"},"inLanguage":"pt-PT","potentialAction":[{"@type":"ReadAction","target":["https:\/\/algarve7.pt\/index.php\/2022\/07\/area-desportiva-da-praia-da-rocha-promove-programa-de-animacao-desportiva\/desporto\/10\/30\/"]}]},{"@type":"ImageObject","inLanguage":"pt-PT","@id":"https:\/\/algarve7.pt\/index.php\/2022\/07\/area-desportiva-da-praia-da-rocha-promove-programa-de-animacao-desportiva\/desporto\/10\/30\/#primaryimage","url":"https:\/\/algarve7.pt\/wp-content\/uploads\/2022\/07\/FITNESS-A\u0301rea-Desportiva-da-Praia-da-Rocha.jpg","contentUrl":"https:\/\/algarve7.pt\/wp-content\/uploads\/2022\/07\/FITNESS-A\u0301rea-Desportiva-da-Praia-da-Rocha.jpg","width":1773,"height":1182},{"@type":"BreadcrumbList","@id":"https:\/\/algarve7.pt\/index.php\/2022\/07\/area-desportiva-da-praia-da-rocha-promove-programa-de-animacao-desportiva\/desporto\/10\/30\/#breadcrumb","itemListElement":[{"@type":"ListItem","position":1,"name":"In\u00edcio","item":"https:\/\/algarve7.pt\/"},{"@type":"ListItem","position":2,"name":"\u00c1rea Desportiva da Praia da Rocha promove programa de anima\u00e7\u00e3o desportiva"}]},{"@type":"WebSite","@id":"https:\/\/algarve7.pt\/#website","url":"https:\/\/algarve7.pt\/","name":"Algarve 7","description":"Informa\u00e7\u00e3o sobre o Algarve","publisher":{"@id":"https:\/\/algarve7.pt\/#organization"},"potentialAction":[{"@type":"SearchAction","target":{"@type":"EntryPoint","urlTemplate":"https:\/\/algarve7.pt\/?s={search_term_string}"},"query-input":{"@type":"PropertyValueSpecification","valueRequired":true,"valueName":"search_term_string"}}],"inLanguage":"pt-PT"},{"@type":"Organization","@id":"https:\/\/algarve7.pt\/#organization","name":"Algarve 7","url":"https:\/\/algarve7.pt\/","logo":{"@type":"ImageObject","inLanguage":"pt-PT","@id":"https:\/\/algarve7.pt\/#\/schema\/logo\/image\/","url":"https:\/\/algarve7.pt\/wp-content\/uploads\/2020\/10\/Logo-8.jpg","contentUrl":"https:\/\/algarve7.pt\/wp-content\/uploads\/2020\/10\/Logo-8.jpg","width":1680,"height":1186,"caption":"Algarve 7"},"image":{"@id":"https:\/\/algarve7.pt\/#\/schema\/logo\/image\/"},"sameAs":["https:\/\/www.facebook.com\/algarve7","https:\/\/x.com\/Algarvesete","https:\/\/www.instagram.com\/jornalalgarve7\/","https:\/\/www.linkedin.com\/company\/algarve7","https:\/\/www.pinterest.pt\/geral0939\/_created\/"]},{"@type":"Person","@id":"https:\/\/algarve7.pt\/#\/schema\/person\/23fa70681308e7b319a3204bcea45e0c","name":"Algarve 7","sameAs":["https:\/\/algarve7.pt","https:\/\/www.facebook.com\/algarve7"],"url":"https:\/\/algarve7.pt\/index.php\/author\/geralalgarve7-pt\/"}]}},"jetpack_publicize_connections":[],"jetpack_featured_media_url":"https:\/\/algarve7.pt\/wp-content\/uploads\/2022\/07\/FITNESS-A\u0301rea-Desportiva-da-Praia-da-Rocha.jpg","jetpack_shortlink":"https:\/\/wp.me\/pcezmW-5jZ","jetpack_sharing_enabled":true,"_links":{"self":[{"href":"https:\/\/algarve7.pt\/index.php\/wp-json\/wp\/v2\/posts\/20459","targetHints":{"allow":["GET"]}}],"collection":[{"href":"https:\/\/algarve7.pt\/index.php\/wp-json\/wp\/v2\/posts"}],"about":[{"href":"https:\/\/algarve7.pt\/index.php\/wp-json\/wp\/v2\/types\/post"}],"author":[{"embeddable":true,"href":"https:\/\/algarve7.pt\/index.php\/wp-json\/wp\/v2\/users\/1"}],"replies":[{"embeddable":true,"href":"https:\/\/algarve7.pt\/index.php\/wp-json\/wp\/v2\/comments?post=20459"}],"version-history":[{"count":0,"href":"https:\/\/algarve7.pt\/index.php\/wp-json\/wp\/v2\/posts\/20459\/revisions"}],"wp:featuredmedia":[{"embeddable":true,"href":"https:\/\/algarve7.pt\/index.php\/wp-json\/wp\/v2\/media\/20460"}],"wp:attachment":[{"href":"https:\/\/algarve7.pt\/index.php\/wp-json\/wp\/v2\/media?parent=20459"}],"wp:term":[{"taxonomy":"category","embeddable":true,"href":"https:\/\/algarve7.pt\/index.php\/wp-json\/wp\/v2\/categories?post=20459"},{"taxonomy":"post_tag","embeddable":true,"href":"https:\/\/algarve7.pt\/index.php\/wp-json\/wp\/v2\/tags?post=20459"}],"curies":[{"name":"wp","href":"https:\/\/api.w.org\/{rel}","templated":true}]}}