{"id":20408,"date":"2022-07-24T09:55:00","date_gmt":"2022-07-24T08:55:00","guid":{"rendered":"https:\/\/algarve7.pt\/?p=20408"},"modified":"2022-07-24T09:42:37","modified_gmt":"2022-07-24T08:42:37","slug":"flixbus-reforca-destinos-de-verao-com-novas-linhas-para-a-costa-vicentina-e-sotavento-algarvio","status":"publish","type":"post","link":"https:\/\/algarve7.pt\/index.php\/2022\/07\/flixbus-reforca-destinos-de-verao-com-novas-linhas-para-a-costa-vicentina-e-sotavento-algarvio\/atualidade\/09\/55\/","title":{"rendered":"Flixbus refor\u00e7a destinos de ver\u00e3o com novas linhas para a Costa Vicentina e Sotavento Algarvio"},"content":{"rendered":"\n<p class=\"wp-block-paragraph\">A alem\u00e3 FlixBus, o maior operador europeu de transporte expresso de passageiros, acaba de expandir a sua rede dom\u00e9stica em Portugal, com o lan\u00e7amento de uma nova linha para a Costa Vicentina. Os autocarros verdes da FlixBus chegam agora ao Litoral Alentejano, que passa a ter uma liga\u00e7\u00e3o di\u00e1ria a partir de Lisboa para Vila Nova de Milfontes, Zambujeira do Mar, Odeceixe, Aljezur.<\/p>\n\n\n\n<p class=\"wp-block-paragraph\">\u201c<em>Esta linha vem dar resposta \u00e0 elevada procura que a FlixBus tem tido para esta regi\u00e3o do Litoral Alentejano, uma regi\u00e3o que \u00e9, naturalmente, um destino de f\u00e9rias para muitos portugueses e tamb\u00e9m turistas, e tamb\u00e9m local de elei\u00e7\u00e3o para muitos jovens que se deslocam para a regi\u00e3o para assistir aos festivais e outros eventos que a regi\u00e3o acolhe nesta altura do ano\u201d <\/em>\u2013 afirma Pablo Pastega, Diretor Geral da FlixBus para Portugal e Espanha. &nbsp;<\/p>\n\n\n\n<p class=\"wp-block-paragraph\">Os pre\u00e7os para estas liga\u00e7\u00f5es come\u00e7am nos 2,99 euros para uma liga\u00e7\u00e3o entre Lisboa e Sines, 3,99 euros para a liga\u00e7\u00e3o Lisboa a Vila Nova de Milfontes, e 4,99 para Zambujeira do Mar, Odeceixe e Aljezur.<\/p>\n\n\n\n<p class=\"wp-block-paragraph\">Esta ser\u00e1, para j\u00e1, uma linha sazonal que fica dispon\u00edvel at\u00e9 ao final do Ver\u00e3o. \u201c<em>Vamos avaliar, e se se a procura se justificar, a linha manter-se-\u00e1 ao longo de todo o ano. \u00c9 nosso objetivo continuar a servir toda a popula\u00e7\u00e3o do Pa\u00eds<\/em>\u201d, defende Pablo Pastega.<\/p>\n\n\n\n<p class=\"wp-block-paragraph\">Quarteira, Olh\u00e3o e Tavira a partir da primeira quinzena de agosto<\/p>\n\n\n\n<p class=\"wp-block-paragraph\">A regi\u00e3o do Sotavento Algarvio \u00e9 a pr\u00f3xima aposta da FlixBus, que ir\u00e1 lan\u00e7ar, durante o m\u00eas de agosto, uma nova rota que ir\u00e1 fazer a liga\u00e7\u00e3o entre Lisboa e Olh\u00e3o, Quarteira e Tavira. A nova linha j\u00e1 se encontra em pr\u00e9-venda no site e na App da FlixBus. Os pre\u00e7os para esta linha come\u00e7am nos 4,99 euros, para as liga\u00e7\u00f5es de Lisboa a Olh\u00e3o, Quarteira e Tavira. Nas viagens entre Tavira e Quarteira, por exemplo, os pre\u00e7os come\u00e7am nos 1,99 euros.<\/p>\n","protected":false},"excerpt":{"rendered":"<p>A alem\u00e3 FlixBus, o maior operador europeu de transporte expresso de passageiros, acaba de expandir a sua rede dom\u00e9stica em<\/p>\n","protected":false},"author":1,"featured_media":20409,"comment_status":"closed","ping_status":"open","sticky":false,"template":"","format":"standard","meta":{"colormag_page_container_layout":"default_layout","colormag_page_sidebar_layout":"default_layout","_monsterinsights_skip_tracking":false,"_jetpack_newsletter_access":"","_jetpack_dont_email_post_to_subs":false,"_jetpack_newsletter_tier_id":0,"_jetpack_memberships_contains_paywalled_content":false,"_jetpack_feature_clip_id":0,"_jetpack_memberships_contains_paid_content":false,"footnotes":"","jetpack_publicize_message":"","jetpack_publicize_feature_enabled":true,"jetpack_social_post_already_shared":true,"jetpack_social_options":{"image_generator_settings":{"template":"highway","default_image_id":0,"font":"","enabled":false},"version":2},"jetpack_post_was_ever_published":false},"categories":[11],"tags":[36,62,229],"class_list":["post-20408","post","type-post","status-publish","format-standard","has-post-thumbnail","hentry","category-atualidade","tag-algarve","tag-atualidade","tag-transporte"],"yoast_head":"<!-- This site is optimized with the Yoast SEO plugin v28.3 - https:\/\/yoast.com\/product\/yoast-seo-wordpress\/ -->\n<title>Flixbus refor\u00e7a destinos de ver\u00e3o com novas linhas para a Costa Vicentina e Sotavento Algarvio - Algarve 7<\/title>\n<meta name=\"description\" content=\"Flixbus refor\u00e7a destinos de ver\u00e3o com novas linhas para a Costa Vicentina e Sotavento Algarvio Atualidade\" \/>\n<meta name=\"robots\" content=\"index, follow, max-snippet:-1, max-image-preview:large, max-video-preview:-1\" \/>\n<link rel=\"canonical\" href=\"https:\/\/algarve7.pt\/index.php\/2022\/07\/flixbus-reforca-destinos-de-verao-com-novas-linhas-para-a-costa-vicentina-e-sotavento-algarvio\/atualidade\/09\/55\/\" \/>\n<meta property=\"og:locale\" content=\"pt_PT\" \/>\n<meta property=\"og:type\" content=\"article\" \/>\n<meta property=\"og:title\" content=\"Flixbus refor\u00e7a destinos de ver\u00e3o com novas linhas para a Costa Vicentina e Sotavento Algarvio - Algarve 7\" \/>\n<meta property=\"og:description\" content=\"Flixbus refor\u00e7a destinos de ver\u00e3o com novas linhas para a Costa Vicentina e Sotavento Algarvio Atualidade\" \/>\n<meta property=\"og:url\" content=\"https:\/\/algarve7.pt\/index.php\/2022\/07\/flixbus-reforca-destinos-de-verao-com-novas-linhas-para-a-costa-vicentina-e-sotavento-algarvio\/atualidade\/09\/55\/\" \/>\n<meta property=\"og:site_name\" content=\"Algarve 7\" \/>\n<meta property=\"article:publisher\" content=\"https:\/\/www.facebook.com\/algarve7\" \/>\n<meta property=\"article:author\" content=\"https:\/\/www.facebook.com\/algarve7\" \/>\n<meta property=\"article:published_time\" content=\"2022-07-24T08:55:00+00:00\" \/>\n<meta property=\"og:image\" content=\"https:\/\/algarve7.pt\/wp-content\/uploads\/2022\/07\/flixbus-maxthrelfallphoto-16-motorway-374-resiz-scaled.jpg\" \/>\n\t<meta property=\"og:image:width\" content=\"2560\" \/>\n\t<meta property=\"og:image:height\" content=\"1708\" \/>\n\t<meta property=\"og:image:type\" content=\"image\/jpeg\" \/>\n<meta name=\"author\" content=\"Algarve 7\" \/>\n<meta name=\"twitter:card\" content=\"summary_large_image\" \/>\n<meta name=\"twitter:creator\" content=\"@Algarvesete\" \/>\n<meta name=\"twitter:site\" content=\"@Algarvesete\" \/>\n<meta name=\"twitter:label1\" content=\"Escrito por\" \/>\n\t<meta name=\"twitter:data1\" content=\"Algarve 7\" \/>\n\t<meta name=\"twitter:label2\" content=\"Tempo estimado de leitura\" \/>\n\t<meta name=\"twitter:data2\" content=\"2 minutos\" \/>\n<script type=\"application\/ld+json\" class=\"yoast-schema-graph\">{\"@context\":\"https:\\\/\\\/schema.org\",\"@graph\":[{\"@type\":\"Article\",\"@id\":\"https:\\\/\\\/algarve7.pt\\\/index.php\\\/2022\\\/07\\\/flixbus-reforca-destinos-de-verao-com-novas-linhas-para-a-costa-vicentina-e-sotavento-algarvio\\\/atualidade\\\/09\\\/55\\\/#article\",\"isPartOf\":{\"@id\":\"https:\\\/\\\/algarve7.pt\\\/index.php\\\/2022\\\/07\\\/flixbus-reforca-destinos-de-verao-com-novas-linhas-para-a-costa-vicentina-e-sotavento-algarvio\\\/atualidade\\\/09\\\/55\\\/\"},\"author\":{\"name\":\"Algarve 7\",\"@id\":\"https:\\\/\\\/algarve7.pt\\\/#\\\/schema\\\/person\\\/23fa70681308e7b319a3204bcea45e0c\"},\"headline\":\"Flixbus refor\u00e7a destinos de ver\u00e3o com novas linhas para a Costa Vicentina e Sotavento Algarvio\",\"datePublished\":\"2022-07-24T08:55:00+00:00\",\"mainEntityOfPage\":{\"@id\":\"https:\\\/\\\/algarve7.pt\\\/index.php\\\/2022\\\/07\\\/flixbus-reforca-destinos-de-verao-com-novas-linhas-para-a-costa-vicentina-e-sotavento-algarvio\\\/atualidade\\\/09\\\/55\\\/\"},\"wordCount\":357,\"publisher\":{\"@id\":\"https:\\\/\\\/algarve7.pt\\\/#organization\"},\"image\":{\"@id\":\"https:\\\/\\\/algarve7.pt\\\/index.php\\\/2022\\\/07\\\/flixbus-reforca-destinos-de-verao-com-novas-linhas-para-a-costa-vicentina-e-sotavento-algarvio\\\/atualidade\\\/09\\\/55\\\/#primaryimage\"},\"thumbnailUrl\":\"https:\\\/\\\/algarve7.pt\\\/wp-content\\\/uploads\\\/2022\\\/07\\\/flixbus-maxthrelfallphoto-16-motorway-374-resiz-scaled.jpg\",\"keywords\":[\"Algarve\",\"Atualidade\",\"Transporte\"],\"articleSection\":[\"Atualidade\"],\"inLanguage\":\"pt-PT\"},{\"@type\":\"WebPage\",\"@id\":\"https:\\\/\\\/algarve7.pt\\\/index.php\\\/2022\\\/07\\\/flixbus-reforca-destinos-de-verao-com-novas-linhas-para-a-costa-vicentina-e-sotavento-algarvio\\\/atualidade\\\/09\\\/55\\\/\",\"url\":\"https:\\\/\\\/algarve7.pt\\\/index.php\\\/2022\\\/07\\\/flixbus-reforca-destinos-de-verao-com-novas-linhas-para-a-costa-vicentina-e-sotavento-algarvio\\\/atualidade\\\/09\\\/55\\\/\",\"name\":\"Flixbus refor\u00e7a destinos de ver\u00e3o com novas linhas para a Costa Vicentina e Sotavento Algarvio - Algarve 7\",\"isPartOf\":{\"@id\":\"https:\\\/\\\/algarve7.pt\\\/#website\"},\"primaryImageOfPage\":{\"@id\":\"https:\\\/\\\/algarve7.pt\\\/index.php\\\/2022\\\/07\\\/flixbus-reforca-destinos-de-verao-com-novas-linhas-para-a-costa-vicentina-e-sotavento-algarvio\\\/atualidade\\\/09\\\/55\\\/#primaryimage\"},\"image\":{\"@id\":\"https:\\\/\\\/algarve7.pt\\\/index.php\\\/2022\\\/07\\\/flixbus-reforca-destinos-de-verao-com-novas-linhas-para-a-costa-vicentina-e-sotavento-algarvio\\\/atualidade\\\/09\\\/55\\\/#primaryimage\"},\"thumbnailUrl\":\"https:\\\/\\\/algarve7.pt\\\/wp-content\\\/uploads\\\/2022\\\/07\\\/flixbus-maxthrelfallphoto-16-motorway-374-resiz-scaled.jpg\",\"datePublished\":\"2022-07-24T08:55:00+00:00\",\"description\":\"Flixbus refor\u00e7a destinos de ver\u00e3o com novas linhas para a Costa Vicentina e Sotavento Algarvio Atualidade\",\"breadcrumb\":{\"@id\":\"https:\\\/\\\/algarve7.pt\\\/index.php\\\/2022\\\/07\\\/flixbus-reforca-destinos-de-verao-com-novas-linhas-para-a-costa-vicentina-e-sotavento-algarvio\\\/atualidade\\\/09\\\/55\\\/#breadcrumb\"},\"inLanguage\":\"pt-PT\",\"potentialAction\":[{\"@type\":\"ReadAction\",\"target\":[\"https:\\\/\\\/algarve7.pt\\\/index.php\\\/2022\\\/07\\\/flixbus-reforca-destinos-de-verao-com-novas-linhas-para-a-costa-vicentina-e-sotavento-algarvio\\\/atualidade\\\/09\\\/55\\\/\"]}]},{\"@type\":\"ImageObject\",\"inLanguage\":\"pt-PT\",\"@id\":\"https:\\\/\\\/algarve7.pt\\\/index.php\\\/2022\\\/07\\\/flixbus-reforca-destinos-de-verao-com-novas-linhas-para-a-costa-vicentina-e-sotavento-algarvio\\\/atualidade\\\/09\\\/55\\\/#primaryimage\",\"url\":\"https:\\\/\\\/algarve7.pt\\\/wp-content\\\/uploads\\\/2022\\\/07\\\/flixbus-maxthrelfallphoto-16-motorway-374-resiz-scaled.jpg\",\"contentUrl\":\"https:\\\/\\\/algarve7.pt\\\/wp-content\\\/uploads\\\/2022\\\/07\\\/flixbus-maxthrelfallphoto-16-motorway-374-resiz-scaled.jpg\",\"width\":2560,\"height\":1708},{\"@type\":\"BreadcrumbList\",\"@id\":\"https:\\\/\\\/algarve7.pt\\\/index.php\\\/2022\\\/07\\\/flixbus-reforca-destinos-de-verao-com-novas-linhas-para-a-costa-vicentina-e-sotavento-algarvio\\\/atualidade\\\/09\\\/55\\\/#breadcrumb\",\"itemListElement\":[{\"@type\":\"ListItem\",\"position\":1,\"name\":\"In\u00edcio\",\"item\":\"https:\\\/\\\/algarve7.pt\\\/\"},{\"@type\":\"ListItem\",\"position\":2,\"name\":\"Flixbus refor\u00e7a destinos de ver\u00e3o com novas linhas para a Costa Vicentina e Sotavento Algarvio\"}]},{\"@type\":\"WebSite\",\"@id\":\"https:\\\/\\\/algarve7.pt\\\/#website\",\"url\":\"https:\\\/\\\/algarve7.pt\\\/\",\"name\":\"Algarve 7\",\"description\":\"Informa\u00e7\u00e3o sobre o Algarve\",\"publisher\":{\"@id\":\"https:\\\/\\\/algarve7.pt\\\/#organization\"},\"potentialAction\":[{\"@type\":\"SearchAction\",\"target\":{\"@type\":\"EntryPoint\",\"urlTemplate\":\"https:\\\/\\\/algarve7.pt\\\/?s={search_term_string}\"},\"query-input\":{\"@type\":\"PropertyValueSpecification\",\"valueRequired\":true,\"valueName\":\"search_term_string\"}}],\"inLanguage\":\"pt-PT\"},{\"@type\":\"Organization\",\"@id\":\"https:\\\/\\\/algarve7.pt\\\/#organization\",\"name\":\"Algarve 7\",\"url\":\"https:\\\/\\\/algarve7.pt\\\/\",\"logo\":{\"@type\":\"ImageObject\",\"inLanguage\":\"pt-PT\",\"@id\":\"https:\\\/\\\/algarve7.pt\\\/#\\\/schema\\\/logo\\\/image\\\/\",\"url\":\"https:\\\/\\\/algarve7.pt\\\/wp-content\\\/uploads\\\/2020\\\/10\\\/Logo-8.jpg\",\"contentUrl\":\"https:\\\/\\\/algarve7.pt\\\/wp-content\\\/uploads\\\/2020\\\/10\\\/Logo-8.jpg\",\"width\":1680,\"height\":1186,\"caption\":\"Algarve 7\"},\"image\":{\"@id\":\"https:\\\/\\\/algarve7.pt\\\/#\\\/schema\\\/logo\\\/image\\\/\"},\"sameAs\":[\"https:\\\/\\\/www.facebook.com\\\/algarve7\",\"https:\\\/\\\/x.com\\\/Algarvesete\",\"https:\\\/\\\/www.instagram.com\\\/jornalalgarve7\\\/\",\"https:\\\/\\\/www.linkedin.com\\\/company\\\/algarve7\",\"https:\\\/\\\/www.pinterest.pt\\\/geral0939\\\/_created\\\/\"]},{\"@type\":\"Person\",\"@id\":\"https:\\\/\\\/algarve7.pt\\\/#\\\/schema\\\/person\\\/23fa70681308e7b319a3204bcea45e0c\",\"name\":\"Algarve 7\",\"sameAs\":[\"https:\\\/\\\/algarve7.pt\",\"https:\\\/\\\/www.facebook.com\\\/algarve7\"],\"url\":\"https:\\\/\\\/algarve7.pt\\\/index.php\\\/author\\\/geralalgarve7-pt\\\/\"}]}<\/script>\n<!-- \/ Yoast SEO plugin. -->","yoast_head_json":{"title":"Flixbus refor\u00e7a destinos de ver\u00e3o com novas linhas para a Costa Vicentina e Sotavento Algarvio - Algarve 7","description":"Flixbus refor\u00e7a destinos de ver\u00e3o com novas linhas para a Costa Vicentina e Sotavento Algarvio Atualidade","robots":{"index":"index","follow":"follow","max-snippet":"max-snippet:-1","max-image-preview":"max-image-preview:large","max-video-preview":"max-video-preview:-1"},"canonical":"https:\/\/algarve7.pt\/index.php\/2022\/07\/flixbus-reforca-destinos-de-verao-com-novas-linhas-para-a-costa-vicentina-e-sotavento-algarvio\/atualidade\/09\/55\/","og_locale":"pt_PT","og_type":"article","og_title":"Flixbus refor\u00e7a destinos de ver\u00e3o com novas linhas para a Costa Vicentina e Sotavento Algarvio - Algarve 7","og_description":"Flixbus refor\u00e7a destinos de ver\u00e3o com novas linhas para a Costa Vicentina e Sotavento Algarvio Atualidade","og_url":"https:\/\/algarve7.pt\/index.php\/2022\/07\/flixbus-reforca-destinos-de-verao-com-novas-linhas-para-a-costa-vicentina-e-sotavento-algarvio\/atualidade\/09\/55\/","og_site_name":"Algarve 7","article_publisher":"https:\/\/www.facebook.com\/algarve7","article_author":"https:\/\/www.facebook.com\/algarve7","article_published_time":"2022-07-24T08:55:00+00:00","og_image":[{"width":2560,"height":1708,"url":"https:\/\/algarve7.pt\/wp-content\/uploads\/2022\/07\/flixbus-maxthrelfallphoto-16-motorway-374-resiz-scaled.jpg","type":"image\/jpeg"}],"author":"Algarve 7","twitter_card":"summary_large_image","twitter_creator":"@Algarvesete","twitter_site":"@Algarvesete","twitter_misc":{"Escrito por":"Algarve 7","Tempo estimado de leitura":"2 minutos"},"schema":{"@context":"https:\/\/schema.org","@graph":[{"@type":"Article","@id":"https:\/\/algarve7.pt\/index.php\/2022\/07\/flixbus-reforca-destinos-de-verao-com-novas-linhas-para-a-costa-vicentina-e-sotavento-algarvio\/atualidade\/09\/55\/#article","isPartOf":{"@id":"https:\/\/algarve7.pt\/index.php\/2022\/07\/flixbus-reforca-destinos-de-verao-com-novas-linhas-para-a-costa-vicentina-e-sotavento-algarvio\/atualidade\/09\/55\/"},"author":{"name":"Algarve 7","@id":"https:\/\/algarve7.pt\/#\/schema\/person\/23fa70681308e7b319a3204bcea45e0c"},"headline":"Flixbus refor\u00e7a destinos de ver\u00e3o com novas linhas para a Costa Vicentina e Sotavento Algarvio","datePublished":"2022-07-24T08:55:00+00:00","mainEntityOfPage":{"@id":"https:\/\/algarve7.pt\/index.php\/2022\/07\/flixbus-reforca-destinos-de-verao-com-novas-linhas-para-a-costa-vicentina-e-sotavento-algarvio\/atualidade\/09\/55\/"},"wordCount":357,"publisher":{"@id":"https:\/\/algarve7.pt\/#organization"},"image":{"@id":"https:\/\/algarve7.pt\/index.php\/2022\/07\/flixbus-reforca-destinos-de-verao-com-novas-linhas-para-a-costa-vicentina-e-sotavento-algarvio\/atualidade\/09\/55\/#primaryimage"},"thumbnailUrl":"https:\/\/algarve7.pt\/wp-content\/uploads\/2022\/07\/flixbus-maxthrelfallphoto-16-motorway-374-resiz-scaled.jpg","keywords":["Algarve","Atualidade","Transporte"],"articleSection":["Atualidade"],"inLanguage":"pt-PT"},{"@type":"WebPage","@id":"https:\/\/algarve7.pt\/index.php\/2022\/07\/flixbus-reforca-destinos-de-verao-com-novas-linhas-para-a-costa-vicentina-e-sotavento-algarvio\/atualidade\/09\/55\/","url":"https:\/\/algarve7.pt\/index.php\/2022\/07\/flixbus-reforca-destinos-de-verao-com-novas-linhas-para-a-costa-vicentina-e-sotavento-algarvio\/atualidade\/09\/55\/","name":"Flixbus refor\u00e7a destinos de ver\u00e3o com novas linhas para a Costa Vicentina e Sotavento Algarvio - Algarve 7","isPartOf":{"@id":"https:\/\/algarve7.pt\/#website"},"primaryImageOfPage":{"@id":"https:\/\/algarve7.pt\/index.php\/2022\/07\/flixbus-reforca-destinos-de-verao-com-novas-linhas-para-a-costa-vicentina-e-sotavento-algarvio\/atualidade\/09\/55\/#primaryimage"},"image":{"@id":"https:\/\/algarve7.pt\/index.php\/2022\/07\/flixbus-reforca-destinos-de-verao-com-novas-linhas-para-a-costa-vicentina-e-sotavento-algarvio\/atualidade\/09\/55\/#primaryimage"},"thumbnailUrl":"https:\/\/algarve7.pt\/wp-content\/uploads\/2022\/07\/flixbus-maxthrelfallphoto-16-motorway-374-resiz-scaled.jpg","datePublished":"2022-07-24T08:55:00+00:00","description":"Flixbus refor\u00e7a destinos de ver\u00e3o com novas linhas para a Costa Vicentina e Sotavento Algarvio Atualidade","breadcrumb":{"@id":"https:\/\/algarve7.pt\/index.php\/2022\/07\/flixbus-reforca-destinos-de-verao-com-novas-linhas-para-a-costa-vicentina-e-sotavento-algarvio\/atualidade\/09\/55\/#breadcrumb"},"inLanguage":"pt-PT","potentialAction":[{"@type":"ReadAction","target":["https:\/\/algarve7.pt\/index.php\/2022\/07\/flixbus-reforca-destinos-de-verao-com-novas-linhas-para-a-costa-vicentina-e-sotavento-algarvio\/atualidade\/09\/55\/"]}]},{"@type":"ImageObject","inLanguage":"pt-PT","@id":"https:\/\/algarve7.pt\/index.php\/2022\/07\/flixbus-reforca-destinos-de-verao-com-novas-linhas-para-a-costa-vicentina-e-sotavento-algarvio\/atualidade\/09\/55\/#primaryimage","url":"https:\/\/algarve7.pt\/wp-content\/uploads\/2022\/07\/flixbus-maxthrelfallphoto-16-motorway-374-resiz-scaled.jpg","contentUrl":"https:\/\/algarve7.pt\/wp-content\/uploads\/2022\/07\/flixbus-maxthrelfallphoto-16-motorway-374-resiz-scaled.jpg","width":2560,"height":1708},{"@type":"BreadcrumbList","@id":"https:\/\/algarve7.pt\/index.php\/2022\/07\/flixbus-reforca-destinos-de-verao-com-novas-linhas-para-a-costa-vicentina-e-sotavento-algarvio\/atualidade\/09\/55\/#breadcrumb","itemListElement":[{"@type":"ListItem","position":1,"name":"In\u00edcio","item":"https:\/\/algarve7.pt\/"},{"@type":"ListItem","position":2,"name":"Flixbus refor\u00e7a destinos de ver\u00e3o com novas linhas para a Costa Vicentina e Sotavento Algarvio"}]},{"@type":"WebSite","@id":"https:\/\/algarve7.pt\/#website","url":"https:\/\/algarve7.pt\/","name":"Algarve 7","description":"Informa\u00e7\u00e3o sobre o Algarve","publisher":{"@id":"https:\/\/algarve7.pt\/#organization"},"potentialAction":[{"@type":"SearchAction","target":{"@type":"EntryPoint","urlTemplate":"https:\/\/algarve7.pt\/?s={search_term_string}"},"query-input":{"@type":"PropertyValueSpecification","valueRequired":true,"valueName":"search_term_string"}}],"inLanguage":"pt-PT"},{"@type":"Organization","@id":"https:\/\/algarve7.pt\/#organization","name":"Algarve 7","url":"https:\/\/algarve7.pt\/","logo":{"@type":"ImageObject","inLanguage":"pt-PT","@id":"https:\/\/algarve7.pt\/#\/schema\/logo\/image\/","url":"https:\/\/algarve7.pt\/wp-content\/uploads\/2020\/10\/Logo-8.jpg","contentUrl":"https:\/\/algarve7.pt\/wp-content\/uploads\/2020\/10\/Logo-8.jpg","width":1680,"height":1186,"caption":"Algarve 7"},"image":{"@id":"https:\/\/algarve7.pt\/#\/schema\/logo\/image\/"},"sameAs":["https:\/\/www.facebook.com\/algarve7","https:\/\/x.com\/Algarvesete","https:\/\/www.instagram.com\/jornalalgarve7\/","https:\/\/www.linkedin.com\/company\/algarve7","https:\/\/www.pinterest.pt\/geral0939\/_created\/"]},{"@type":"Person","@id":"https:\/\/algarve7.pt\/#\/schema\/person\/23fa70681308e7b319a3204bcea45e0c","name":"Algarve 7","sameAs":["https:\/\/algarve7.pt","https:\/\/www.facebook.com\/algarve7"],"url":"https:\/\/algarve7.pt\/index.php\/author\/geralalgarve7-pt\/"}]}},"jetpack_publicize_connections":[],"jetpack_shortlink":"https:\/\/wp.me\/pcezmW-5ja","jetpack_sharing_enabled":true,"jetpack_featured_media_url":"https:\/\/algarve7.pt\/wp-content\/uploads\/2022\/07\/flixbus-maxthrelfallphoto-16-motorway-374-resiz-scaled.jpg","_links":{"self":[{"href":"https:\/\/algarve7.pt\/index.php\/wp-json\/wp\/v2\/posts\/20408","targetHints":{"allow":["GET"]}}],"collection":[{"href":"https:\/\/algarve7.pt\/index.php\/wp-json\/wp\/v2\/posts"}],"about":[{"href":"https:\/\/algarve7.pt\/index.php\/wp-json\/wp\/v2\/types\/post"}],"author":[{"embeddable":true,"href":"https:\/\/algarve7.pt\/index.php\/wp-json\/wp\/v2\/users\/1"}],"replies":[{"embeddable":true,"href":"https:\/\/algarve7.pt\/index.php\/wp-json\/wp\/v2\/comments?post=20408"}],"version-history":[{"count":0,"href":"https:\/\/algarve7.pt\/index.php\/wp-json\/wp\/v2\/posts\/20408\/revisions"}],"wp:featuredmedia":[{"embeddable":true,"href":"https:\/\/algarve7.pt\/index.php\/wp-json\/wp\/v2\/media\/20409"}],"wp:attachment":[{"href":"https:\/\/algarve7.pt\/index.php\/wp-json\/wp\/v2\/media?parent=20408"}],"wp:term":[{"taxonomy":"category","embeddable":true,"href":"https:\/\/algarve7.pt\/index.php\/wp-json\/wp\/v2\/categories?post=20408"},{"taxonomy":"post_tag","embeddable":true,"href":"https:\/\/algarve7.pt\/index.php\/wp-json\/wp\/v2\/tags?post=20408"}],"curies":[{"name":"wp","href":"https:\/\/api.w.org\/{rel}","templated":true}]}}