{"id":20296,"date":"2022-07-19T18:05:22","date_gmt":"2022-07-19T17:05:22","guid":{"rendered":"https:\/\/algarve7.pt\/?p=20296"},"modified":"2022-07-19T18:05:23","modified_gmt":"2022-07-19T17:05:23","slug":"milage-aprender-da-ualg-entregou-premios-nacionais-professor-inovador-e-aluno-aprender","status":"publish","type":"post","link":"https:\/\/algarve7.pt\/index.php\/2022\/07\/milage-aprender-da-ualg-entregou-premios-nacionais-professor-inovador-e-aluno-aprender\/educacao\/18\/05\/","title":{"rendered":"MILAGE APRENDER+ da UAlg entregou pr\u00e9mios nacionais PROFESSOR INOVADOR e ALUNO APRENDER+"},"content":{"rendered":"\n<p><strong>A VI Confer\u00eancia Internacional de Aprendizagem M\u00f3vel no Projeto MILAGE e a 4\u00aa Edi\u00e7\u00e3o dos Pr\u00e9mios MILAGE APRENDER+ decorreram nos dias 14 e 15 de julho, no Convento de S\u00e3o Francisco, em Santar\u00e9m, reunindo conceituados oradores e cerca de 250 participantes, incluindo alunos, professores e encarregados de educa\u00e7\u00e3o, num espa\u00e7o de partilha e de reflex\u00e3o sobre as escolas e a sua transforma\u00e7\u00e3o.<\/strong><\/p>\n\n\n\n<p>Na 4\u00aa Edi\u00e7\u00e3o dos Pr\u00e9mios MILAGE APRENDER+, a&nbsp; entrega dos pr\u00e9mios distinguiu as escolas pelo seu extraordin\u00e1rio desempenho e dedica\u00e7\u00e3o no processo de ensino-aprendizagem com recurso \u00e0 plataforma MILAGE APRENDER+; os professores pelo seu contributo na produ\u00e7\u00e3o de recursos inovadores para a plataforma MILAGE APRENDER+, assim como pelo seu empenho no processo de ensino-aprendizagem; e os alunos pelo seu envolvimento excecional e pelo seu contributo na autoria de produ\u00e7\u00e3o de recursos inovadores para a referida plataforma.<\/p>\n\n\n\n<p>No Pr\u00e9mio Classifica\u00e7\u00e3o MILAGE APRENDER+ (Espanhol, Ingl\u00eas, Matem\u00e1tica e Portugu\u00eas) foram premiados 30 alunos primeiros classificados nacionais, por ano de escolaridade. Distinguiram-se ainda a n\u00edvel nacional os melhores classificados: In\u00eas Ribeiro (4.\u00ba Ano), aluna da professora Marlene Vieira, da Escola B\u00e1sica de Real, Braga, na disciplina de Ingl\u00eas; Martim Ingl\u00eas de Oliveira (8.\u00ba Ano), aluno da professora Teresa Pimenta, do Agrupamento de Escolas Alexandre Herculano, na disciplina de Matem\u00e1tica; e Lu\u00eds Delgado, aluno da professora Luc\u00edlia Nogueira, do Agrupamento de Escolas Verde Horizonte, na disciplina de Portugu\u00eas.<\/p>\n\n\n\n<p>Nas categorias Professor Autor Inovador MILAGE APRENDER+ e Pr\u00e9mio Aluno Autor MILAGE APRENDER+ foram distinguidos os professores e as equipas de alunos do ensino b\u00e1sico e secund\u00e1rio que durante o ano letivo 2021\/22 constru\u00edram recursos originais para serem disponibilizados na App MILAGE APRENDER+.<\/p>\n\n\n\n<p>Deste modo, na categoria Aluno Autor Cidadania Digital MILAGE APRENDER+ foi atribu\u00eddo o primeiro pr\u00e9mio aos alunos Adriana Azevedo e Guilherme Firmo, orientados pela professora Lara Almeida, da Escola Secund\u00e1ria Vila Verde; aos alunos Camila Machado, Iag Ferreira, Jo\u00e3o Santos de Almeida e Martim Os\u00f3rio, orientados pela professora Maria Graciete Campelos, do Agrupamento de Escolas S\u00e3o Martinho e \u00e0s alunas Val\u00e9ria Monteiro, Lara Monteiro, Fabiana Guerra, Liliana Godinho, orientadas pela professora Sofia Ramos, do Agrupamento de Escolas de Almeida.<\/p>\n\n\n\n<p>Na categoria Aluno Autor de Matem\u00e1tica MILAGE APRENDER+ atribuiu-se o primeiro pr\u00e9mio \u00e0s alunas Joana Gil e Maria Leonor Carvalho, orientadas pela professora Patr\u00edcia Correia, do Agrupamento de Escolas Dr. Alberto Iria, no 3.\u00ba ciclo; e aos alunos Carolina Mihuta, Martim Marques, Rita Santos e Santiago Conde, orientados pelo professor Manuel Ant\u00f3nio Louren\u00e7o, do Agrupamento de Escolas Dr. Ginestal Machado, no ensino secund\u00e1rio.<\/p>\n\n\n\n<p>Na categoria Aluno Autor de Portugu\u00eas MILAGE APRENDER+ atribuiu-se o primeiro pr\u00e9mio aos alunos Afonso Carvalho, Iara Silva, Miguel Gaspar e Ricardo Ver\u00edssimo, orientados pela professora Luc\u00edlia Nogueira, do Agrupamento de Escolas Verde Horizonte.<\/p>\n\n\n\n<p>Na categoria de Professor Autor Inovador MILAGE APRENDER+ atribuiu-se o primeiro pr\u00e9mio \u00e0 professora Lurdes Martins, do Agrupamento de Escolas de Vale D\u2019Este, na disciplina de Espanhol; \u00e0 professora Marlene Vieira, do Agrupamento de Escolas de Real, na disciplina de Ingl\u00eas, \u00e0 Professora Dulce Nogueira, do Agrupamento de Escolas de Pa\u00e7o de Sousa, na disciplina de Matem\u00e1tica, e \u00e0 professora Adelina Moura, do Agrupamento de Escolas Carlos Amarante, na disciplina de Portugu\u00eas.<\/p>\n\n\n\n<p>Na Meia-Maratona Matem\u00e1tica MILAGE APRENDER+, cuja atribui\u00e7\u00e3o do pr\u00e9mio tem como finalidade motivar os alunos para a aprendizagem da matem\u00e1tica e promover a mentoria entre pares de forma a que todos alcancem o sucesso escolar com recurso \u00e0 App, foi reconhecida a turma A do 7\u00ba ano da Escola Secund\u00e1ria Jos\u00e9 R\u00e9gio, orientada pela professora Lu\u00edsa Selas.<\/p>\n\n\n\n<p>A finalizar foi entregue o pr\u00e9mio Aluno Influenciador MILAGE APRENDER+ aos alunos Diogo Charters e Volodymyr Durkot, orientados pela professora Marta Caseiro, do Agrupamento de Escolas D. Dinis.<\/p>\n\n\n\n<p>Esta iniciativa contou com o apoio do Munic\u00edpio de Santar\u00e9m, do Agrupamento de Escolas Dr. Ginestal Machado, do Instituto Polit\u00e9cnico de Santar\u00e9m, da Direc\u00e7\u00e3o-Geral de Educa\u00e7\u00e3o, da Associa\u00e7\u00e3o de Professores de Matem\u00e1tica, da Associa\u00e7\u00e3o de Professores de Portugu\u00eas, da Associa\u00e7\u00e3o Portuguesa de Imprensa (API), da InCode Portugal 2030, da Sociedade Portuguesa de Matem\u00e1tica, do Centro de Sensibiliza\u00e7\u00e3o SeguraNet, da Associa\u00e7\u00e3o Portuguesa de Professores de Ingl\u00eas (APPI), da Associa\u00e7\u00e3o Portuguesa de Professores de Espanhol L\u00edngua Estrangeira (APPELE) e do Plano Nacional de Leitura (PNL 2027).&nbsp;<\/p>\n\n\n\n<p>Esta edi\u00e7\u00e3o dos Pr\u00e9mios MILAGE APRENDER+ sublinhou, mais uma vez, o investimento significativo nas abordagens pedag\u00f3gicas inovadoras, que permitem motivar os estudantes a aprender mais e a desenvolver compet\u00eancias que respondem aos desafios do s\u00e9culo XXI.&nbsp;<\/p>\n\n\n\n<p><strong>Cr\u00e9ditos fotogr\u00e1ficos:&nbsp;<\/strong>Rafael Dias, Centro Tecnol\u00f3gico da Escola Superior de Educa\u00e7\u00e3o do Instituto Polit\u00e9cnico de Santar\u00e9m<\/p>\n","protected":false},"excerpt":{"rendered":"<p>A VI Confer\u00eancia Internacional de Aprendizagem M\u00f3vel no Projeto MILAGE e a 4\u00aa Edi\u00e7\u00e3o dos Pr\u00e9mios MILAGE APRENDER+ decorreram nos<\/p>\n","protected":false},"author":1,"featured_media":20297,"comment_status":"closed","ping_status":"open","sticky":false,"template":"","format":"standard","meta":{"colormag_page_container_layout":"default_layout","colormag_page_sidebar_layout":"default_layout","_monsterinsights_skip_tracking":false,"_monsterinsights_sitenote_active":false,"_monsterinsights_sitenote_note":"","_monsterinsights_sitenote_category":0,"jetpack_post_was_ever_published":false,"_jetpack_newsletter_access":"","_jetpack_dont_email_post_to_subs":false,"_jetpack_newsletter_tier_id":0,"_jetpack_memberships_contains_paywalled_content":false,"_jetpack_memberships_contains_paid_content":false,"footnotes":"","jetpack_publicize_message":"","jetpack_publicize_feature_enabled":true,"jetpack_social_post_already_shared":true,"jetpack_social_options":{"image_generator_settings":{"template":"highway","default_image_id":0,"font":"","enabled":false},"version":2}},"categories":[93],"tags":[36,74,182],"class_list":["post-20296","post","type-post","status-publish","format-standard","has-post-thumbnail","hentry","category-educacao","tag-algarve","tag-educacao","tag-ualg"],"yoast_head":"<!-- This site is optimized with the Yoast SEO plugin v27.5 - https:\/\/yoast.com\/product\/yoast-seo-wordpress\/ -->\n<title>MILAGE APRENDER+ da UAlg entregou pr\u00e9mios nacionais PROFESSOR INOVADOR e ALUNO APRENDER+ - Algarve 7<\/title>\n<meta name=\"description\" content=\"MILAGE APRENDER+ da UAlg entregou pr\u00e9mios nacionais PROFESSOR INOVADOR e ALUNO APRENDER+ Educa\u00e7\u00e3o\" \/>\n<meta name=\"robots\" content=\"index, follow, max-snippet:-1, max-image-preview:large, max-video-preview:-1\" \/>\n<link rel=\"canonical\" href=\"https:\/\/algarve7.pt\/index.php\/2022\/07\/milage-aprender-da-ualg-entregou-premios-nacionais-professor-inovador-e-aluno-aprender\/educacao\/18\/05\/\" \/>\n<meta property=\"og:locale\" content=\"pt_PT\" \/>\n<meta property=\"og:type\" content=\"article\" \/>\n<meta property=\"og:title\" content=\"MILAGE APRENDER+ da UAlg entregou pr\u00e9mios nacionais PROFESSOR INOVADOR e ALUNO APRENDER+ - Algarve 7\" \/>\n<meta property=\"og:description\" content=\"MILAGE APRENDER+ da UAlg entregou pr\u00e9mios nacionais PROFESSOR INOVADOR e ALUNO APRENDER+ Educa\u00e7\u00e3o\" \/>\n<meta property=\"og:url\" content=\"https:\/\/algarve7.pt\/index.php\/2022\/07\/milage-aprender-da-ualg-entregou-premios-nacionais-professor-inovador-e-aluno-aprender\/educacao\/18\/05\/\" \/>\n<meta property=\"og:site_name\" content=\"Algarve 7\" \/>\n<meta property=\"article:publisher\" content=\"https:\/\/www.facebook.com\/algarve7\" \/>\n<meta property=\"article:author\" content=\"https:\/\/www.facebook.com\/algarve7\" \/>\n<meta property=\"article:published_time\" content=\"2022-07-19T17:05:22+00:00\" \/>\n<meta property=\"article:modified_time\" content=\"2022-07-19T17:05:23+00:00\" \/>\n<meta property=\"og:image\" content=\"https:\/\/algarve7.pt\/wp-content\/uploads\/2022\/07\/primage_62882.jpg\" \/>\n\t<meta property=\"og:image:width\" content=\"1920\" \/>\n\t<meta property=\"og:image:height\" content=\"1280\" \/>\n\t<meta property=\"og:image:type\" content=\"image\/jpeg\" \/>\n<meta name=\"author\" content=\"Algarve 7\" \/>\n<meta name=\"twitter:card\" content=\"summary_large_image\" \/>\n<meta name=\"twitter:creator\" content=\"@Algarvesete\" \/>\n<meta name=\"twitter:site\" content=\"@Algarvesete\" \/>\n<meta name=\"twitter:label1\" content=\"Escrito por\" \/>\n\t<meta name=\"twitter:data1\" content=\"Algarve 7\" \/>\n\t<meta name=\"twitter:label2\" content=\"Tempo estimado de leitura\" \/>\n\t<meta name=\"twitter:data2\" content=\"5 minutos\" \/>\n<script type=\"application\/ld+json\" class=\"yoast-schema-graph\">{\"@context\":\"https:\\\/\\\/schema.org\",\"@graph\":[{\"@type\":\"Article\",\"@id\":\"https:\\\/\\\/algarve7.pt\\\/index.php\\\/2022\\\/07\\\/milage-aprender-da-ualg-entregou-premios-nacionais-professor-inovador-e-aluno-aprender\\\/educacao\\\/18\\\/05\\\/#article\",\"isPartOf\":{\"@id\":\"https:\\\/\\\/algarve7.pt\\\/index.php\\\/2022\\\/07\\\/milage-aprender-da-ualg-entregou-premios-nacionais-professor-inovador-e-aluno-aprender\\\/educacao\\\/18\\\/05\\\/\"},\"author\":{\"name\":\"Algarve 7\",\"@id\":\"https:\\\/\\\/algarve7.pt\\\/#\\\/schema\\\/person\\\/23fa70681308e7b319a3204bcea45e0c\"},\"headline\":\"MILAGE APRENDER+ da UAlg entregou pr\u00e9mios nacionais PROFESSOR INOVADOR e ALUNO APRENDER+\",\"datePublished\":\"2022-07-19T17:05:22+00:00\",\"dateModified\":\"2022-07-19T17:05:23+00:00\",\"mainEntityOfPage\":{\"@id\":\"https:\\\/\\\/algarve7.pt\\\/index.php\\\/2022\\\/07\\\/milage-aprender-da-ualg-entregou-premios-nacionais-professor-inovador-e-aluno-aprender\\\/educacao\\\/18\\\/05\\\/\"},\"wordCount\":829,\"publisher\":{\"@id\":\"https:\\\/\\\/algarve7.pt\\\/#organization\"},\"image\":{\"@id\":\"https:\\\/\\\/algarve7.pt\\\/index.php\\\/2022\\\/07\\\/milage-aprender-da-ualg-entregou-premios-nacionais-professor-inovador-e-aluno-aprender\\\/educacao\\\/18\\\/05\\\/#primaryimage\"},\"thumbnailUrl\":\"https:\\\/\\\/algarve7.pt\\\/wp-content\\\/uploads\\\/2022\\\/07\\\/primage_62882.jpg\",\"keywords\":[\"Algarve\",\"Educa\u00e7\u00e3o\",\"UALG\"],\"articleSection\":[\"Educa\u00e7\u00e3o\"],\"inLanguage\":\"pt-PT\"},{\"@type\":\"WebPage\",\"@id\":\"https:\\\/\\\/algarve7.pt\\\/index.php\\\/2022\\\/07\\\/milage-aprender-da-ualg-entregou-premios-nacionais-professor-inovador-e-aluno-aprender\\\/educacao\\\/18\\\/05\\\/\",\"url\":\"https:\\\/\\\/algarve7.pt\\\/index.php\\\/2022\\\/07\\\/milage-aprender-da-ualg-entregou-premios-nacionais-professor-inovador-e-aluno-aprender\\\/educacao\\\/18\\\/05\\\/\",\"name\":\"MILAGE APRENDER+ da UAlg entregou pr\u00e9mios nacionais PROFESSOR INOVADOR e ALUNO APRENDER+ - Algarve 7\",\"isPartOf\":{\"@id\":\"https:\\\/\\\/algarve7.pt\\\/#website\"},\"primaryImageOfPage\":{\"@id\":\"https:\\\/\\\/algarve7.pt\\\/index.php\\\/2022\\\/07\\\/milage-aprender-da-ualg-entregou-premios-nacionais-professor-inovador-e-aluno-aprender\\\/educacao\\\/18\\\/05\\\/#primaryimage\"},\"image\":{\"@id\":\"https:\\\/\\\/algarve7.pt\\\/index.php\\\/2022\\\/07\\\/milage-aprender-da-ualg-entregou-premios-nacionais-professor-inovador-e-aluno-aprender\\\/educacao\\\/18\\\/05\\\/#primaryimage\"},\"thumbnailUrl\":\"https:\\\/\\\/algarve7.pt\\\/wp-content\\\/uploads\\\/2022\\\/07\\\/primage_62882.jpg\",\"datePublished\":\"2022-07-19T17:05:22+00:00\",\"dateModified\":\"2022-07-19T17:05:23+00:00\",\"description\":\"MILAGE APRENDER+ da UAlg entregou pr\u00e9mios nacionais PROFESSOR INOVADOR e ALUNO APRENDER+ Educa\u00e7\u00e3o\",\"breadcrumb\":{\"@id\":\"https:\\\/\\\/algarve7.pt\\\/index.php\\\/2022\\\/07\\\/milage-aprender-da-ualg-entregou-premios-nacionais-professor-inovador-e-aluno-aprender\\\/educacao\\\/18\\\/05\\\/#breadcrumb\"},\"inLanguage\":\"pt-PT\",\"potentialAction\":[{\"@type\":\"ReadAction\",\"target\":[\"https:\\\/\\\/algarve7.pt\\\/index.php\\\/2022\\\/07\\\/milage-aprender-da-ualg-entregou-premios-nacionais-professor-inovador-e-aluno-aprender\\\/educacao\\\/18\\\/05\\\/\"]}]},{\"@type\":\"ImageObject\",\"inLanguage\":\"pt-PT\",\"@id\":\"https:\\\/\\\/algarve7.pt\\\/index.php\\\/2022\\\/07\\\/milage-aprender-da-ualg-entregou-premios-nacionais-professor-inovador-e-aluno-aprender\\\/educacao\\\/18\\\/05\\\/#primaryimage\",\"url\":\"https:\\\/\\\/algarve7.pt\\\/wp-content\\\/uploads\\\/2022\\\/07\\\/primage_62882.jpg\",\"contentUrl\":\"https:\\\/\\\/algarve7.pt\\\/wp-content\\\/uploads\\\/2022\\\/07\\\/primage_62882.jpg\",\"width\":1920,\"height\":1280},{\"@type\":\"BreadcrumbList\",\"@id\":\"https:\\\/\\\/algarve7.pt\\\/index.php\\\/2022\\\/07\\\/milage-aprender-da-ualg-entregou-premios-nacionais-professor-inovador-e-aluno-aprender\\\/educacao\\\/18\\\/05\\\/#breadcrumb\",\"itemListElement\":[{\"@type\":\"ListItem\",\"position\":1,\"name\":\"In\u00edcio\",\"item\":\"https:\\\/\\\/algarve7.pt\\\/\"},{\"@type\":\"ListItem\",\"position\":2,\"name\":\"MILAGE APRENDER+ da UAlg entregou pr\u00e9mios nacionais PROFESSOR INOVADOR e ALUNO APRENDER+\"}]},{\"@type\":\"WebSite\",\"@id\":\"https:\\\/\\\/algarve7.pt\\\/#website\",\"url\":\"https:\\\/\\\/algarve7.pt\\\/\",\"name\":\"Algarve 7\",\"description\":\"Informa\u00e7\u00e3o sobre o Algarve\",\"publisher\":{\"@id\":\"https:\\\/\\\/algarve7.pt\\\/#organization\"},\"potentialAction\":[{\"@type\":\"SearchAction\",\"target\":{\"@type\":\"EntryPoint\",\"urlTemplate\":\"https:\\\/\\\/algarve7.pt\\\/?s={search_term_string}\"},\"query-input\":{\"@type\":\"PropertyValueSpecification\",\"valueRequired\":true,\"valueName\":\"search_term_string\"}}],\"inLanguage\":\"pt-PT\"},{\"@type\":\"Organization\",\"@id\":\"https:\\\/\\\/algarve7.pt\\\/#organization\",\"name\":\"Algarve 7\",\"url\":\"https:\\\/\\\/algarve7.pt\\\/\",\"logo\":{\"@type\":\"ImageObject\",\"inLanguage\":\"pt-PT\",\"@id\":\"https:\\\/\\\/algarve7.pt\\\/#\\\/schema\\\/logo\\\/image\\\/\",\"url\":\"https:\\\/\\\/algarve7.pt\\\/wp-content\\\/uploads\\\/2020\\\/10\\\/Logo-8.jpg\",\"contentUrl\":\"https:\\\/\\\/algarve7.pt\\\/wp-content\\\/uploads\\\/2020\\\/10\\\/Logo-8.jpg\",\"width\":1680,\"height\":1186,\"caption\":\"Algarve 7\"},\"image\":{\"@id\":\"https:\\\/\\\/algarve7.pt\\\/#\\\/schema\\\/logo\\\/image\\\/\"},\"sameAs\":[\"https:\\\/\\\/www.facebook.com\\\/algarve7\",\"https:\\\/\\\/x.com\\\/Algarvesete\",\"https:\\\/\\\/www.instagram.com\\\/jornalalgarve7\\\/\",\"https:\\\/\\\/www.linkedin.com\\\/company\\\/algarve7\",\"https:\\\/\\\/www.pinterest.pt\\\/geral0939\\\/_created\\\/\"]},{\"@type\":\"Person\",\"@id\":\"https:\\\/\\\/algarve7.pt\\\/#\\\/schema\\\/person\\\/23fa70681308e7b319a3204bcea45e0c\",\"name\":\"Algarve 7\",\"sameAs\":[\"https:\\\/\\\/algarve7.pt\",\"https:\\\/\\\/www.facebook.com\\\/algarve7\"],\"url\":\"https:\\\/\\\/algarve7.pt\\\/index.php\\\/author\\\/geralalgarve7-pt\\\/\"}]}<\/script>\n<!-- \/ Yoast SEO plugin. -->","yoast_head_json":{"title":"MILAGE APRENDER+ da UAlg entregou pr\u00e9mios nacionais PROFESSOR INOVADOR e ALUNO APRENDER+ - Algarve 7","description":"MILAGE APRENDER+ da UAlg entregou pr\u00e9mios nacionais PROFESSOR INOVADOR e ALUNO APRENDER+ Educa\u00e7\u00e3o","robots":{"index":"index","follow":"follow","max-snippet":"max-snippet:-1","max-image-preview":"max-image-preview:large","max-video-preview":"max-video-preview:-1"},"canonical":"https:\/\/algarve7.pt\/index.php\/2022\/07\/milage-aprender-da-ualg-entregou-premios-nacionais-professor-inovador-e-aluno-aprender\/educacao\/18\/05\/","og_locale":"pt_PT","og_type":"article","og_title":"MILAGE APRENDER+ da UAlg entregou pr\u00e9mios nacionais PROFESSOR INOVADOR e ALUNO APRENDER+ - Algarve 7","og_description":"MILAGE APRENDER+ da UAlg entregou pr\u00e9mios nacionais PROFESSOR INOVADOR e ALUNO APRENDER+ Educa\u00e7\u00e3o","og_url":"https:\/\/algarve7.pt\/index.php\/2022\/07\/milage-aprender-da-ualg-entregou-premios-nacionais-professor-inovador-e-aluno-aprender\/educacao\/18\/05\/","og_site_name":"Algarve 7","article_publisher":"https:\/\/www.facebook.com\/algarve7","article_author":"https:\/\/www.facebook.com\/algarve7","article_published_time":"2022-07-19T17:05:22+00:00","article_modified_time":"2022-07-19T17:05:23+00:00","og_image":[{"width":1920,"height":1280,"url":"https:\/\/algarve7.pt\/wp-content\/uploads\/2022\/07\/primage_62882.jpg","type":"image\/jpeg"}],"author":"Algarve 7","twitter_card":"summary_large_image","twitter_creator":"@Algarvesete","twitter_site":"@Algarvesete","twitter_misc":{"Escrito por":"Algarve 7","Tempo estimado de leitura":"5 minutos"},"schema":{"@context":"https:\/\/schema.org","@graph":[{"@type":"Article","@id":"https:\/\/algarve7.pt\/index.php\/2022\/07\/milage-aprender-da-ualg-entregou-premios-nacionais-professor-inovador-e-aluno-aprender\/educacao\/18\/05\/#article","isPartOf":{"@id":"https:\/\/algarve7.pt\/index.php\/2022\/07\/milage-aprender-da-ualg-entregou-premios-nacionais-professor-inovador-e-aluno-aprender\/educacao\/18\/05\/"},"author":{"name":"Algarve 7","@id":"https:\/\/algarve7.pt\/#\/schema\/person\/23fa70681308e7b319a3204bcea45e0c"},"headline":"MILAGE APRENDER+ da UAlg entregou pr\u00e9mios nacionais PROFESSOR INOVADOR e ALUNO APRENDER+","datePublished":"2022-07-19T17:05:22+00:00","dateModified":"2022-07-19T17:05:23+00:00","mainEntityOfPage":{"@id":"https:\/\/algarve7.pt\/index.php\/2022\/07\/milage-aprender-da-ualg-entregou-premios-nacionais-professor-inovador-e-aluno-aprender\/educacao\/18\/05\/"},"wordCount":829,"publisher":{"@id":"https:\/\/algarve7.pt\/#organization"},"image":{"@id":"https:\/\/algarve7.pt\/index.php\/2022\/07\/milage-aprender-da-ualg-entregou-premios-nacionais-professor-inovador-e-aluno-aprender\/educacao\/18\/05\/#primaryimage"},"thumbnailUrl":"https:\/\/algarve7.pt\/wp-content\/uploads\/2022\/07\/primage_62882.jpg","keywords":["Algarve","Educa\u00e7\u00e3o","UALG"],"articleSection":["Educa\u00e7\u00e3o"],"inLanguage":"pt-PT"},{"@type":"WebPage","@id":"https:\/\/algarve7.pt\/index.php\/2022\/07\/milage-aprender-da-ualg-entregou-premios-nacionais-professor-inovador-e-aluno-aprender\/educacao\/18\/05\/","url":"https:\/\/algarve7.pt\/index.php\/2022\/07\/milage-aprender-da-ualg-entregou-premios-nacionais-professor-inovador-e-aluno-aprender\/educacao\/18\/05\/","name":"MILAGE APRENDER+ da UAlg entregou pr\u00e9mios nacionais PROFESSOR INOVADOR e ALUNO APRENDER+ - Algarve 7","isPartOf":{"@id":"https:\/\/algarve7.pt\/#website"},"primaryImageOfPage":{"@id":"https:\/\/algarve7.pt\/index.php\/2022\/07\/milage-aprender-da-ualg-entregou-premios-nacionais-professor-inovador-e-aluno-aprender\/educacao\/18\/05\/#primaryimage"},"image":{"@id":"https:\/\/algarve7.pt\/index.php\/2022\/07\/milage-aprender-da-ualg-entregou-premios-nacionais-professor-inovador-e-aluno-aprender\/educacao\/18\/05\/#primaryimage"},"thumbnailUrl":"https:\/\/algarve7.pt\/wp-content\/uploads\/2022\/07\/primage_62882.jpg","datePublished":"2022-07-19T17:05:22+00:00","dateModified":"2022-07-19T17:05:23+00:00","description":"MILAGE APRENDER+ da UAlg entregou pr\u00e9mios nacionais PROFESSOR INOVADOR e ALUNO APRENDER+ Educa\u00e7\u00e3o","breadcrumb":{"@id":"https:\/\/algarve7.pt\/index.php\/2022\/07\/milage-aprender-da-ualg-entregou-premios-nacionais-professor-inovador-e-aluno-aprender\/educacao\/18\/05\/#breadcrumb"},"inLanguage":"pt-PT","potentialAction":[{"@type":"ReadAction","target":["https:\/\/algarve7.pt\/index.php\/2022\/07\/milage-aprender-da-ualg-entregou-premios-nacionais-professor-inovador-e-aluno-aprender\/educacao\/18\/05\/"]}]},{"@type":"ImageObject","inLanguage":"pt-PT","@id":"https:\/\/algarve7.pt\/index.php\/2022\/07\/milage-aprender-da-ualg-entregou-premios-nacionais-professor-inovador-e-aluno-aprender\/educacao\/18\/05\/#primaryimage","url":"https:\/\/algarve7.pt\/wp-content\/uploads\/2022\/07\/primage_62882.jpg","contentUrl":"https:\/\/algarve7.pt\/wp-content\/uploads\/2022\/07\/primage_62882.jpg","width":1920,"height":1280},{"@type":"BreadcrumbList","@id":"https:\/\/algarve7.pt\/index.php\/2022\/07\/milage-aprender-da-ualg-entregou-premios-nacionais-professor-inovador-e-aluno-aprender\/educacao\/18\/05\/#breadcrumb","itemListElement":[{"@type":"ListItem","position":1,"name":"In\u00edcio","item":"https:\/\/algarve7.pt\/"},{"@type":"ListItem","position":2,"name":"MILAGE APRENDER+ da UAlg entregou pr\u00e9mios nacionais PROFESSOR INOVADOR e ALUNO APRENDER+"}]},{"@type":"WebSite","@id":"https:\/\/algarve7.pt\/#website","url":"https:\/\/algarve7.pt\/","name":"Algarve 7","description":"Informa\u00e7\u00e3o sobre o Algarve","publisher":{"@id":"https:\/\/algarve7.pt\/#organization"},"potentialAction":[{"@type":"SearchAction","target":{"@type":"EntryPoint","urlTemplate":"https:\/\/algarve7.pt\/?s={search_term_string}"},"query-input":{"@type":"PropertyValueSpecification","valueRequired":true,"valueName":"search_term_string"}}],"inLanguage":"pt-PT"},{"@type":"Organization","@id":"https:\/\/algarve7.pt\/#organization","name":"Algarve 7","url":"https:\/\/algarve7.pt\/","logo":{"@type":"ImageObject","inLanguage":"pt-PT","@id":"https:\/\/algarve7.pt\/#\/schema\/logo\/image\/","url":"https:\/\/algarve7.pt\/wp-content\/uploads\/2020\/10\/Logo-8.jpg","contentUrl":"https:\/\/algarve7.pt\/wp-content\/uploads\/2020\/10\/Logo-8.jpg","width":1680,"height":1186,"caption":"Algarve 7"},"image":{"@id":"https:\/\/algarve7.pt\/#\/schema\/logo\/image\/"},"sameAs":["https:\/\/www.facebook.com\/algarve7","https:\/\/x.com\/Algarvesete","https:\/\/www.instagram.com\/jornalalgarve7\/","https:\/\/www.linkedin.com\/company\/algarve7","https:\/\/www.pinterest.pt\/geral0939\/_created\/"]},{"@type":"Person","@id":"https:\/\/algarve7.pt\/#\/schema\/person\/23fa70681308e7b319a3204bcea45e0c","name":"Algarve 7","sameAs":["https:\/\/algarve7.pt","https:\/\/www.facebook.com\/algarve7"],"url":"https:\/\/algarve7.pt\/index.php\/author\/geralalgarve7-pt\/"}]}},"jetpack_publicize_connections":[],"jetpack_featured_media_url":"https:\/\/algarve7.pt\/wp-content\/uploads\/2022\/07\/primage_62882.jpg","jetpack_shortlink":"https:\/\/wp.me\/pcezmW-5hm","jetpack_sharing_enabled":true,"_links":{"self":[{"href":"https:\/\/algarve7.pt\/index.php\/wp-json\/wp\/v2\/posts\/20296","targetHints":{"allow":["GET"]}}],"collection":[{"href":"https:\/\/algarve7.pt\/index.php\/wp-json\/wp\/v2\/posts"}],"about":[{"href":"https:\/\/algarve7.pt\/index.php\/wp-json\/wp\/v2\/types\/post"}],"author":[{"embeddable":true,"href":"https:\/\/algarve7.pt\/index.php\/wp-json\/wp\/v2\/users\/1"}],"replies":[{"embeddable":true,"href":"https:\/\/algarve7.pt\/index.php\/wp-json\/wp\/v2\/comments?post=20296"}],"version-history":[{"count":0,"href":"https:\/\/algarve7.pt\/index.php\/wp-json\/wp\/v2\/posts\/20296\/revisions"}],"wp:featuredmedia":[{"embeddable":true,"href":"https:\/\/algarve7.pt\/index.php\/wp-json\/wp\/v2\/media\/20297"}],"wp:attachment":[{"href":"https:\/\/algarve7.pt\/index.php\/wp-json\/wp\/v2\/media?parent=20296"}],"wp:term":[{"taxonomy":"category","embeddable":true,"href":"https:\/\/algarve7.pt\/index.php\/wp-json\/wp\/v2\/categories?post=20296"},{"taxonomy":"post_tag","embeddable":true,"href":"https:\/\/algarve7.pt\/index.php\/wp-json\/wp\/v2\/tags?post=20296"}],"curies":[{"name":"wp","href":"https:\/\/api.w.org\/{rel}","templated":true}]}}