{"id":20265,"date":"2022-07-18T16:49:16","date_gmt":"2022-07-18T15:49:16","guid":{"rendered":"https:\/\/algarve7.pt\/?p=20265"},"modified":"2022-07-18T16:49:17","modified_gmt":"2022-07-18T15:49:17","slug":"mais-de-300-alunos-do-secundario-vem-estudar-na-ualg-em-tempo-de-ferias","status":"publish","type":"post","link":"https:\/\/algarve7.pt\/index.php\/2022\/07\/mais-de-300-alunos-do-secundario-vem-estudar-na-ualg-em-tempo-de-ferias\/educacao\/16\/49\/","title":{"rendered":"Mais de 300 alunos do secund\u00e1rio v\u00eam estudar na UAlg em tempo de f\u00e9rias"},"content":{"rendered":"\n<p>Em tempo de f\u00e9rias, mais de 300 alunos do ensino secund\u00e1rio optaram por frequentar os cursos de ver\u00e3o da Universidade do Algarve, que terminaram no dia 15 de julho.\u00a0<\/p>\n\n\n\n<p>A confirmar o sucesso das edi\u00e7\u00f5es anteriores, al\u00e9m de se inscreverem alunos de todos os concelhos do Algarve, quase todos os distritos de Portugal Continental marcaram presen\u00e7a. Palmela, Montijo, Set\u00fabal, Lisboa, Covilh\u00e3, Sintra, Peso da R\u00e9gua, Vendas Novas, Caldas da Rainha, Marinha Grande, Mafra, Porto de M\u00f3s, Bombarral, Sobral de Monte Agra\u00e7o, Our\u00e9m, Vila Real (Tr\u00e1s-os-Montes) e Isla Cristina s\u00e3o algumas das localidades representadas. Tamb\u00e9m houve inscri\u00e7\u00f5es dos A\u00e7ores e da Madeira.<\/p>\n\n\n\n<p>Os alunos podiam inscrever-se em tr\u00eas modalidades diferentes: \u201cRegime&nbsp;Residencial\u201d (inclui&nbsp;curso, atividades desportivas, todas as refei\u00e7\u00f5es e 5 noites de alojamento); \u201cDia Completo\u201d (inclui a participa\u00e7\u00e3o nas atividades letivas da parte da manh\u00e3, nas atividades desportivas da parte da tarde e 2 refei\u00e7\u00f5es di\u00e1rias); e apenas \u201cCurso\u201d (inclui a participa\u00e7\u00e3o nas atividades letivas durante a manh\u00e3).<\/p>\n\n\n\n<p><strong>Cursos de ver\u00e3o tamb\u00e9m ajudam a aperfei\u00e7oar l\u00edngua portuguesa<\/strong><\/p>\n\n\n\n<p>Christina Aguilera veio da Isla Cristina&nbsp;(Andaluzia,&nbsp;Espanha) para fazer os cursos de ver\u00e3o da UAlg, em regime residencial. Este ano j\u00e1 tinha vindo visitar a Universidade com a sua escola. Na altura ouviu falar desta iniciativa e decidiu inscrever-se. \u201cGostei muit\u00edssimo, n\u00e3o s\u00f3 do curso, mas tamb\u00e9m de todas as outras atividades. Aperfei\u00e7oei a l\u00edngua portuguesa e tamb\u00e9m fiz muitos amigos e agora n\u00e3o quero ir embora!\u201d Sobre o futuro, Christina ainda n\u00e3o sabe, mas tem a certeza de que quer voltar a esta Universidade porque gostou muito!<\/p>\n\n\n\n<p><strong>\u201cEsta experi\u00eancia n\u00e3o s\u00f3 cumpriu as expetativas, mas tamb\u00e9m as excedeu\u201d<\/strong><\/p>\n\n\n\n<p>In\u00eas Fazenda inscreveu-se nas duas semanas dos cursos de ver\u00e3o, em regime residencial. Terminou o ensino b\u00e1sico, veio de Lisboa porque tinha as expetativas bastante elevadas em rela\u00e7\u00e3o a estes cursos. \u201cTinham-me dito que esta experi\u00eancia ia ser incr\u00edvel e realmente foi, pois n\u00e3o s\u00f3 cumpriu as expetativas, mas tamb\u00e9m as excedeu, foi uma experi\u00eancia incr\u00edvel em todos os sentidos\u201d.&nbsp; Para a aluna, \u201cestes cursos d\u00e3o-nos uma ideia daquilo que quero ser e seguir e uma no\u00e7\u00e3o exata do que \u00e9 a Universidade, os professores e as atividades pr\u00e1ticas\u201d.&nbsp;<\/p>\n\n\n\n<p><strong>\u201cQuerer saber mais, viver novas experi\u00eancias, conhecer novas pessoas&#8230;\u201d<\/strong><\/p>\n\n\n\n<p>De Loul\u00e9 chegou o Bernardo Martins para fazer as 2 semanas dos cursos de ver\u00e3o. Devido \u00e0 proximidade optou pela op\u00e7\u00e3o \u201cDia Completo\u201d. Neste per\u00edodo, inscreveu-se em atividades diferentes o que lhe permitiu contactar com novas vertentes e faculdades diferentes. Christina, In\u00eas e Bernardo, s\u00e3o un\u00e2nimes em referir que o que os levou a frequentar estes cursos foi o \u201cquerer saber mais, viver novas experi\u00eancias, conhecer novas pessoas e poder praticar novas atividades\u201d.&nbsp;<\/p>\n\n\n\n<p>Marta Ramos \u00e9 licenciada pela UAlg em Gest\u00e3o Hoteleira e terminou o curso em 2019. \u00c9 monitora dos cursos de ver\u00e3o desde esse ano. A morar em Lisboa desde ent\u00e3o, nesta altura tira f\u00e9rias e regressa \u00e0 UAlg para se juntar \u00e0 equipa que monitoriza 24 horas por dia os alunos que optam pelo regime residencial. Questionada sobre esta sua op\u00e7\u00e3o, Marta explica que \u201cadora conhecer novos jovens, cheios de vontade de aprender\u201d. Depois, \u201ca sua experi\u00eancia como antiga aluna da UAlg, tamb\u00e9m \u00e9 uma mais valia, tanto no que diz respeito a esta Academia, como no acesso ao Ensino Superior\u201d.<\/p>\n\n\n\n<p>Recorde-se que estes cursos se destinavam exclusivamente a candidatos at\u00e9 aos 18 anos de idade (inclusive), abrangendo diversas \u00e1reas de estudo: Artes e Design; Ci\u00eancias; Comunica\u00e7\u00e3o; Desporto; Economia, Gest\u00e3o e Turismo; Engenharias e Tecnologia; Psicologia e Educa\u00e7\u00e3o; e Sa\u00fade.<\/p>\n\n\n\n<p><strong>Cursos d\u00e3o a conhecer \u00e1reas de ensino e investiga\u00e7\u00e3o&nbsp;e ajudam jovens na escolha vocacional&nbsp;<\/strong><\/p>\n\n\n\n<p>Tendo como principais objetivos refor\u00e7ar a liga\u00e7\u00e3o \u00e0 sociedade, promover o gosto pelas diversas \u00e1reas de ensino e investiga\u00e7\u00e3o da UAlg e ajudar os jovens na sua escolha vocacional, esta iniciativa possibilitou, ainda, uma viv\u00eancia mais real da vida acad\u00e9mica nos campi e o contacto com estudantes universit\u00e1rios e docentes da Academia.&nbsp;<\/p>\n\n\n\n<p>As atividades letivas e experimentais aconteciam na parte da manh\u00e3. A tarde encontrava-se reservada para atividades desportivas e de lazer, nomeadamente surf, stand up paddle, bodyboard, canoagem, jogos de praia, entre outras.<\/p>\n\n\n\n<p>V\u00e1rios Munic\u00edpios j\u00e1 se associaram a esta iniciativa e estabeleceram protocolos de colabora\u00e7\u00e3o com a UAlg, fomentando, assim, a participa\u00e7\u00e3o dos seus estudantes nos Cursos de Ver\u00e3o.&nbsp;<\/p>\n\n\n\n<p>Para muitos destes alunos, terminou uma aventura, pelo menos para j\u00e1. Para outros, este curso foi apenas o in\u00edcio porque gostaram tanto, que prometem voltar.&nbsp;<\/p>\n\n\n\n<p>Na despedida, todos foram un\u00e2nimes em referir que, mais uma vez, a UAlg superou as expetativas. Fazendo jus ao seu slogan \u00abEstudar onde \u00e9 bom viver\u00bb, foi tudo pensado ao pormenor e, segundo os pr\u00f3prios, \u201cconheceram\u201d, \u201cestudaram\u201d e \u201cviveram\u201d dias e experi\u00eancias inesquec\u00edveis.<\/p>\n","protected":false},"excerpt":{"rendered":"<p>Em tempo de f\u00e9rias, mais de 300 alunos do ensino secund\u00e1rio optaram por frequentar os cursos de ver\u00e3o da Universidade<\/p>\n","protected":false},"author":1,"featured_media":20266,"comment_status":"closed","ping_status":"open","sticky":false,"template":"","format":"standard","meta":{"colormag_page_container_layout":"default_layout","colormag_page_sidebar_layout":"default_layout","_monsterinsights_skip_tracking":false,"_monsterinsights_sitenote_active":false,"_monsterinsights_sitenote_note":"","_monsterinsights_sitenote_category":0,"jetpack_post_was_ever_published":false,"_jetpack_newsletter_access":"","_jetpack_dont_email_post_to_subs":false,"_jetpack_newsletter_tier_id":0,"_jetpack_memberships_contains_paywalled_content":false,"_jetpack_memberships_contains_paid_content":false,"footnotes":"","jetpack_publicize_message":"","jetpack_publicize_feature_enabled":true,"jetpack_social_post_already_shared":true,"jetpack_social_options":{"image_generator_settings":{"template":"highway","default_image_id":0,"font":"","enabled":false},"version":2}},"categories":[93],"tags":[36,74,182],"class_list":["post-20265","post","type-post","status-publish","format-standard","has-post-thumbnail","hentry","category-educacao","tag-algarve","tag-educacao","tag-ualg"],"yoast_head":"<!-- This site is optimized with the Yoast SEO plugin v27.5 - https:\/\/yoast.com\/product\/yoast-seo-wordpress\/ -->\n<title>Mais de 300 alunos do secund\u00e1rio v\u00eam estudar na UAlg em tempo de f\u00e9rias - Algarve 7<\/title>\n<meta name=\"description\" content=\"Mais de 300 alunos do secund\u00e1rio v\u00eam estudar na UAlg em tempo de f\u00e9rias Educa\u00e7\u00e3o\" \/>\n<meta name=\"robots\" content=\"index, follow, max-snippet:-1, max-image-preview:large, max-video-preview:-1\" \/>\n<link rel=\"canonical\" href=\"https:\/\/algarve7.pt\/index.php\/2022\/07\/mais-de-300-alunos-do-secundario-vem-estudar-na-ualg-em-tempo-de-ferias\/educacao\/16\/49\/\" \/>\n<meta property=\"og:locale\" content=\"pt_PT\" \/>\n<meta property=\"og:type\" content=\"article\" \/>\n<meta property=\"og:title\" content=\"Mais de 300 alunos do secund\u00e1rio v\u00eam estudar na UAlg em tempo de f\u00e9rias - Algarve 7\" \/>\n<meta property=\"og:description\" content=\"Mais de 300 alunos do secund\u00e1rio v\u00eam estudar na UAlg em tempo de f\u00e9rias Educa\u00e7\u00e3o\" \/>\n<meta property=\"og:url\" content=\"https:\/\/algarve7.pt\/index.php\/2022\/07\/mais-de-300-alunos-do-secundario-vem-estudar-na-ualg-em-tempo-de-ferias\/educacao\/16\/49\/\" \/>\n<meta property=\"og:site_name\" content=\"Algarve 7\" \/>\n<meta property=\"article:publisher\" content=\"https:\/\/www.facebook.com\/algarve7\" \/>\n<meta property=\"article:author\" content=\"https:\/\/www.facebook.com\/algarve7\" \/>\n<meta property=\"article:published_time\" content=\"2022-07-18T15:49:16+00:00\" \/>\n<meta property=\"article:modified_time\" content=\"2022-07-18T15:49:17+00:00\" \/>\n<meta property=\"og:image\" content=\"https:\/\/algarve7.pt\/wp-content\/uploads\/2022\/07\/primage_62844.jpg\" \/>\n\t<meta property=\"og:image:width\" content=\"2200\" \/>\n\t<meta property=\"og:image:height\" content=\"1467\" \/>\n\t<meta property=\"og:image:type\" content=\"image\/jpeg\" \/>\n<meta name=\"author\" content=\"Algarve 7\" \/>\n<meta name=\"twitter:card\" content=\"summary_large_image\" \/>\n<meta name=\"twitter:creator\" content=\"@Algarvesete\" \/>\n<meta name=\"twitter:site\" content=\"@Algarvesete\" \/>\n<meta name=\"twitter:label1\" content=\"Escrito por\" \/>\n\t<meta name=\"twitter:data1\" content=\"Algarve 7\" \/>\n\t<meta name=\"twitter:label2\" content=\"Tempo estimado de leitura\" \/>\n\t<meta name=\"twitter:data2\" content=\"5 minutos\" \/>\n<script type=\"application\/ld+json\" class=\"yoast-schema-graph\">{\"@context\":\"https:\\\/\\\/schema.org\",\"@graph\":[{\"@type\":\"Article\",\"@id\":\"https:\\\/\\\/algarve7.pt\\\/index.php\\\/2022\\\/07\\\/mais-de-300-alunos-do-secundario-vem-estudar-na-ualg-em-tempo-de-ferias\\\/educacao\\\/16\\\/49\\\/#article\",\"isPartOf\":{\"@id\":\"https:\\\/\\\/algarve7.pt\\\/index.php\\\/2022\\\/07\\\/mais-de-300-alunos-do-secundario-vem-estudar-na-ualg-em-tempo-de-ferias\\\/educacao\\\/16\\\/49\\\/\"},\"author\":{\"name\":\"Algarve 7\",\"@id\":\"https:\\\/\\\/algarve7.pt\\\/#\\\/schema\\\/person\\\/23fa70681308e7b319a3204bcea45e0c\"},\"headline\":\"Mais de 300 alunos do secund\u00e1rio v\u00eam estudar na UAlg em tempo de f\u00e9rias\",\"datePublished\":\"2022-07-18T15:49:16+00:00\",\"dateModified\":\"2022-07-18T15:49:17+00:00\",\"mainEntityOfPage\":{\"@id\":\"https:\\\/\\\/algarve7.pt\\\/index.php\\\/2022\\\/07\\\/mais-de-300-alunos-do-secundario-vem-estudar-na-ualg-em-tempo-de-ferias\\\/educacao\\\/16\\\/49\\\/\"},\"wordCount\":872,\"publisher\":{\"@id\":\"https:\\\/\\\/algarve7.pt\\\/#organization\"},\"image\":{\"@id\":\"https:\\\/\\\/algarve7.pt\\\/index.php\\\/2022\\\/07\\\/mais-de-300-alunos-do-secundario-vem-estudar-na-ualg-em-tempo-de-ferias\\\/educacao\\\/16\\\/49\\\/#primaryimage\"},\"thumbnailUrl\":\"https:\\\/\\\/algarve7.pt\\\/wp-content\\\/uploads\\\/2022\\\/07\\\/primage_62844.jpg\",\"keywords\":[\"Algarve\",\"Educa\u00e7\u00e3o\",\"UALG\"],\"articleSection\":[\"Educa\u00e7\u00e3o\"],\"inLanguage\":\"pt-PT\"},{\"@type\":\"WebPage\",\"@id\":\"https:\\\/\\\/algarve7.pt\\\/index.php\\\/2022\\\/07\\\/mais-de-300-alunos-do-secundario-vem-estudar-na-ualg-em-tempo-de-ferias\\\/educacao\\\/16\\\/49\\\/\",\"url\":\"https:\\\/\\\/algarve7.pt\\\/index.php\\\/2022\\\/07\\\/mais-de-300-alunos-do-secundario-vem-estudar-na-ualg-em-tempo-de-ferias\\\/educacao\\\/16\\\/49\\\/\",\"name\":\"Mais de 300 alunos do secund\u00e1rio v\u00eam estudar na UAlg em tempo de f\u00e9rias - Algarve 7\",\"isPartOf\":{\"@id\":\"https:\\\/\\\/algarve7.pt\\\/#website\"},\"primaryImageOfPage\":{\"@id\":\"https:\\\/\\\/algarve7.pt\\\/index.php\\\/2022\\\/07\\\/mais-de-300-alunos-do-secundario-vem-estudar-na-ualg-em-tempo-de-ferias\\\/educacao\\\/16\\\/49\\\/#primaryimage\"},\"image\":{\"@id\":\"https:\\\/\\\/algarve7.pt\\\/index.php\\\/2022\\\/07\\\/mais-de-300-alunos-do-secundario-vem-estudar-na-ualg-em-tempo-de-ferias\\\/educacao\\\/16\\\/49\\\/#primaryimage\"},\"thumbnailUrl\":\"https:\\\/\\\/algarve7.pt\\\/wp-content\\\/uploads\\\/2022\\\/07\\\/primage_62844.jpg\",\"datePublished\":\"2022-07-18T15:49:16+00:00\",\"dateModified\":\"2022-07-18T15:49:17+00:00\",\"description\":\"Mais de 300 alunos do secund\u00e1rio v\u00eam estudar na UAlg em tempo de f\u00e9rias Educa\u00e7\u00e3o\",\"breadcrumb\":{\"@id\":\"https:\\\/\\\/algarve7.pt\\\/index.php\\\/2022\\\/07\\\/mais-de-300-alunos-do-secundario-vem-estudar-na-ualg-em-tempo-de-ferias\\\/educacao\\\/16\\\/49\\\/#breadcrumb\"},\"inLanguage\":\"pt-PT\",\"potentialAction\":[{\"@type\":\"ReadAction\",\"target\":[\"https:\\\/\\\/algarve7.pt\\\/index.php\\\/2022\\\/07\\\/mais-de-300-alunos-do-secundario-vem-estudar-na-ualg-em-tempo-de-ferias\\\/educacao\\\/16\\\/49\\\/\"]}]},{\"@type\":\"ImageObject\",\"inLanguage\":\"pt-PT\",\"@id\":\"https:\\\/\\\/algarve7.pt\\\/index.php\\\/2022\\\/07\\\/mais-de-300-alunos-do-secundario-vem-estudar-na-ualg-em-tempo-de-ferias\\\/educacao\\\/16\\\/49\\\/#primaryimage\",\"url\":\"https:\\\/\\\/algarve7.pt\\\/wp-content\\\/uploads\\\/2022\\\/07\\\/primage_62844.jpg\",\"contentUrl\":\"https:\\\/\\\/algarve7.pt\\\/wp-content\\\/uploads\\\/2022\\\/07\\\/primage_62844.jpg\",\"width\":2200,\"height\":1467},{\"@type\":\"BreadcrumbList\",\"@id\":\"https:\\\/\\\/algarve7.pt\\\/index.php\\\/2022\\\/07\\\/mais-de-300-alunos-do-secundario-vem-estudar-na-ualg-em-tempo-de-ferias\\\/educacao\\\/16\\\/49\\\/#breadcrumb\",\"itemListElement\":[{\"@type\":\"ListItem\",\"position\":1,\"name\":\"In\u00edcio\",\"item\":\"https:\\\/\\\/algarve7.pt\\\/\"},{\"@type\":\"ListItem\",\"position\":2,\"name\":\"Mais de 300 alunos do secund\u00e1rio v\u00eam estudar na UAlg em tempo de f\u00e9rias\"}]},{\"@type\":\"WebSite\",\"@id\":\"https:\\\/\\\/algarve7.pt\\\/#website\",\"url\":\"https:\\\/\\\/algarve7.pt\\\/\",\"name\":\"Algarve 7\",\"description\":\"Informa\u00e7\u00e3o sobre o Algarve\",\"publisher\":{\"@id\":\"https:\\\/\\\/algarve7.pt\\\/#organization\"},\"potentialAction\":[{\"@type\":\"SearchAction\",\"target\":{\"@type\":\"EntryPoint\",\"urlTemplate\":\"https:\\\/\\\/algarve7.pt\\\/?s={search_term_string}\"},\"query-input\":{\"@type\":\"PropertyValueSpecification\",\"valueRequired\":true,\"valueName\":\"search_term_string\"}}],\"inLanguage\":\"pt-PT\"},{\"@type\":\"Organization\",\"@id\":\"https:\\\/\\\/algarve7.pt\\\/#organization\",\"name\":\"Algarve 7\",\"url\":\"https:\\\/\\\/algarve7.pt\\\/\",\"logo\":{\"@type\":\"ImageObject\",\"inLanguage\":\"pt-PT\",\"@id\":\"https:\\\/\\\/algarve7.pt\\\/#\\\/schema\\\/logo\\\/image\\\/\",\"url\":\"https:\\\/\\\/algarve7.pt\\\/wp-content\\\/uploads\\\/2020\\\/10\\\/Logo-8.jpg\",\"contentUrl\":\"https:\\\/\\\/algarve7.pt\\\/wp-content\\\/uploads\\\/2020\\\/10\\\/Logo-8.jpg\",\"width\":1680,\"height\":1186,\"caption\":\"Algarve 7\"},\"image\":{\"@id\":\"https:\\\/\\\/algarve7.pt\\\/#\\\/schema\\\/logo\\\/image\\\/\"},\"sameAs\":[\"https:\\\/\\\/www.facebook.com\\\/algarve7\",\"https:\\\/\\\/x.com\\\/Algarvesete\",\"https:\\\/\\\/www.instagram.com\\\/jornalalgarve7\\\/\",\"https:\\\/\\\/www.linkedin.com\\\/company\\\/algarve7\",\"https:\\\/\\\/www.pinterest.pt\\\/geral0939\\\/_created\\\/\"]},{\"@type\":\"Person\",\"@id\":\"https:\\\/\\\/algarve7.pt\\\/#\\\/schema\\\/person\\\/23fa70681308e7b319a3204bcea45e0c\",\"name\":\"Algarve 7\",\"sameAs\":[\"https:\\\/\\\/algarve7.pt\",\"https:\\\/\\\/www.facebook.com\\\/algarve7\"],\"url\":\"https:\\\/\\\/algarve7.pt\\\/index.php\\\/author\\\/geralalgarve7-pt\\\/\"}]}<\/script>\n<!-- \/ Yoast SEO plugin. -->","yoast_head_json":{"title":"Mais de 300 alunos do secund\u00e1rio v\u00eam estudar na UAlg em tempo de f\u00e9rias - Algarve 7","description":"Mais de 300 alunos do secund\u00e1rio v\u00eam estudar na UAlg em tempo de f\u00e9rias Educa\u00e7\u00e3o","robots":{"index":"index","follow":"follow","max-snippet":"max-snippet:-1","max-image-preview":"max-image-preview:large","max-video-preview":"max-video-preview:-1"},"canonical":"https:\/\/algarve7.pt\/index.php\/2022\/07\/mais-de-300-alunos-do-secundario-vem-estudar-na-ualg-em-tempo-de-ferias\/educacao\/16\/49\/","og_locale":"pt_PT","og_type":"article","og_title":"Mais de 300 alunos do secund\u00e1rio v\u00eam estudar na UAlg em tempo de f\u00e9rias - Algarve 7","og_description":"Mais de 300 alunos do secund\u00e1rio v\u00eam estudar na UAlg em tempo de f\u00e9rias Educa\u00e7\u00e3o","og_url":"https:\/\/algarve7.pt\/index.php\/2022\/07\/mais-de-300-alunos-do-secundario-vem-estudar-na-ualg-em-tempo-de-ferias\/educacao\/16\/49\/","og_site_name":"Algarve 7","article_publisher":"https:\/\/www.facebook.com\/algarve7","article_author":"https:\/\/www.facebook.com\/algarve7","article_published_time":"2022-07-18T15:49:16+00:00","article_modified_time":"2022-07-18T15:49:17+00:00","og_image":[{"width":2200,"height":1467,"url":"https:\/\/algarve7.pt\/wp-content\/uploads\/2022\/07\/primage_62844.jpg","type":"image\/jpeg"}],"author":"Algarve 7","twitter_card":"summary_large_image","twitter_creator":"@Algarvesete","twitter_site":"@Algarvesete","twitter_misc":{"Escrito por":"Algarve 7","Tempo estimado de leitura":"5 minutos"},"schema":{"@context":"https:\/\/schema.org","@graph":[{"@type":"Article","@id":"https:\/\/algarve7.pt\/index.php\/2022\/07\/mais-de-300-alunos-do-secundario-vem-estudar-na-ualg-em-tempo-de-ferias\/educacao\/16\/49\/#article","isPartOf":{"@id":"https:\/\/algarve7.pt\/index.php\/2022\/07\/mais-de-300-alunos-do-secundario-vem-estudar-na-ualg-em-tempo-de-ferias\/educacao\/16\/49\/"},"author":{"name":"Algarve 7","@id":"https:\/\/algarve7.pt\/#\/schema\/person\/23fa70681308e7b319a3204bcea45e0c"},"headline":"Mais de 300 alunos do secund\u00e1rio v\u00eam estudar na UAlg em tempo de f\u00e9rias","datePublished":"2022-07-18T15:49:16+00:00","dateModified":"2022-07-18T15:49:17+00:00","mainEntityOfPage":{"@id":"https:\/\/algarve7.pt\/index.php\/2022\/07\/mais-de-300-alunos-do-secundario-vem-estudar-na-ualg-em-tempo-de-ferias\/educacao\/16\/49\/"},"wordCount":872,"publisher":{"@id":"https:\/\/algarve7.pt\/#organization"},"image":{"@id":"https:\/\/algarve7.pt\/index.php\/2022\/07\/mais-de-300-alunos-do-secundario-vem-estudar-na-ualg-em-tempo-de-ferias\/educacao\/16\/49\/#primaryimage"},"thumbnailUrl":"https:\/\/algarve7.pt\/wp-content\/uploads\/2022\/07\/primage_62844.jpg","keywords":["Algarve","Educa\u00e7\u00e3o","UALG"],"articleSection":["Educa\u00e7\u00e3o"],"inLanguage":"pt-PT"},{"@type":"WebPage","@id":"https:\/\/algarve7.pt\/index.php\/2022\/07\/mais-de-300-alunos-do-secundario-vem-estudar-na-ualg-em-tempo-de-ferias\/educacao\/16\/49\/","url":"https:\/\/algarve7.pt\/index.php\/2022\/07\/mais-de-300-alunos-do-secundario-vem-estudar-na-ualg-em-tempo-de-ferias\/educacao\/16\/49\/","name":"Mais de 300 alunos do secund\u00e1rio v\u00eam estudar na UAlg em tempo de f\u00e9rias - Algarve 7","isPartOf":{"@id":"https:\/\/algarve7.pt\/#website"},"primaryImageOfPage":{"@id":"https:\/\/algarve7.pt\/index.php\/2022\/07\/mais-de-300-alunos-do-secundario-vem-estudar-na-ualg-em-tempo-de-ferias\/educacao\/16\/49\/#primaryimage"},"image":{"@id":"https:\/\/algarve7.pt\/index.php\/2022\/07\/mais-de-300-alunos-do-secundario-vem-estudar-na-ualg-em-tempo-de-ferias\/educacao\/16\/49\/#primaryimage"},"thumbnailUrl":"https:\/\/algarve7.pt\/wp-content\/uploads\/2022\/07\/primage_62844.jpg","datePublished":"2022-07-18T15:49:16+00:00","dateModified":"2022-07-18T15:49:17+00:00","description":"Mais de 300 alunos do secund\u00e1rio v\u00eam estudar na UAlg em tempo de f\u00e9rias Educa\u00e7\u00e3o","breadcrumb":{"@id":"https:\/\/algarve7.pt\/index.php\/2022\/07\/mais-de-300-alunos-do-secundario-vem-estudar-na-ualg-em-tempo-de-ferias\/educacao\/16\/49\/#breadcrumb"},"inLanguage":"pt-PT","potentialAction":[{"@type":"ReadAction","target":["https:\/\/algarve7.pt\/index.php\/2022\/07\/mais-de-300-alunos-do-secundario-vem-estudar-na-ualg-em-tempo-de-ferias\/educacao\/16\/49\/"]}]},{"@type":"ImageObject","inLanguage":"pt-PT","@id":"https:\/\/algarve7.pt\/index.php\/2022\/07\/mais-de-300-alunos-do-secundario-vem-estudar-na-ualg-em-tempo-de-ferias\/educacao\/16\/49\/#primaryimage","url":"https:\/\/algarve7.pt\/wp-content\/uploads\/2022\/07\/primage_62844.jpg","contentUrl":"https:\/\/algarve7.pt\/wp-content\/uploads\/2022\/07\/primage_62844.jpg","width":2200,"height":1467},{"@type":"BreadcrumbList","@id":"https:\/\/algarve7.pt\/index.php\/2022\/07\/mais-de-300-alunos-do-secundario-vem-estudar-na-ualg-em-tempo-de-ferias\/educacao\/16\/49\/#breadcrumb","itemListElement":[{"@type":"ListItem","position":1,"name":"In\u00edcio","item":"https:\/\/algarve7.pt\/"},{"@type":"ListItem","position":2,"name":"Mais de 300 alunos do secund\u00e1rio v\u00eam estudar na UAlg em tempo de f\u00e9rias"}]},{"@type":"WebSite","@id":"https:\/\/algarve7.pt\/#website","url":"https:\/\/algarve7.pt\/","name":"Algarve 7","description":"Informa\u00e7\u00e3o sobre o Algarve","publisher":{"@id":"https:\/\/algarve7.pt\/#organization"},"potentialAction":[{"@type":"SearchAction","target":{"@type":"EntryPoint","urlTemplate":"https:\/\/algarve7.pt\/?s={search_term_string}"},"query-input":{"@type":"PropertyValueSpecification","valueRequired":true,"valueName":"search_term_string"}}],"inLanguage":"pt-PT"},{"@type":"Organization","@id":"https:\/\/algarve7.pt\/#organization","name":"Algarve 7","url":"https:\/\/algarve7.pt\/","logo":{"@type":"ImageObject","inLanguage":"pt-PT","@id":"https:\/\/algarve7.pt\/#\/schema\/logo\/image\/","url":"https:\/\/algarve7.pt\/wp-content\/uploads\/2020\/10\/Logo-8.jpg","contentUrl":"https:\/\/algarve7.pt\/wp-content\/uploads\/2020\/10\/Logo-8.jpg","width":1680,"height":1186,"caption":"Algarve 7"},"image":{"@id":"https:\/\/algarve7.pt\/#\/schema\/logo\/image\/"},"sameAs":["https:\/\/www.facebook.com\/algarve7","https:\/\/x.com\/Algarvesete","https:\/\/www.instagram.com\/jornalalgarve7\/","https:\/\/www.linkedin.com\/company\/algarve7","https:\/\/www.pinterest.pt\/geral0939\/_created\/"]},{"@type":"Person","@id":"https:\/\/algarve7.pt\/#\/schema\/person\/23fa70681308e7b319a3204bcea45e0c","name":"Algarve 7","sameAs":["https:\/\/algarve7.pt","https:\/\/www.facebook.com\/algarve7"],"url":"https:\/\/algarve7.pt\/index.php\/author\/geralalgarve7-pt\/"}]}},"jetpack_publicize_connections":[],"jetpack_featured_media_url":"https:\/\/algarve7.pt\/wp-content\/uploads\/2022\/07\/primage_62844.jpg","jetpack_shortlink":"https:\/\/wp.me\/pcezmW-5gR","jetpack_sharing_enabled":true,"_links":{"self":[{"href":"https:\/\/algarve7.pt\/index.php\/wp-json\/wp\/v2\/posts\/20265","targetHints":{"allow":["GET"]}}],"collection":[{"href":"https:\/\/algarve7.pt\/index.php\/wp-json\/wp\/v2\/posts"}],"about":[{"href":"https:\/\/algarve7.pt\/index.php\/wp-json\/wp\/v2\/types\/post"}],"author":[{"embeddable":true,"href":"https:\/\/algarve7.pt\/index.php\/wp-json\/wp\/v2\/users\/1"}],"replies":[{"embeddable":true,"href":"https:\/\/algarve7.pt\/index.php\/wp-json\/wp\/v2\/comments?post=20265"}],"version-history":[{"count":0,"href":"https:\/\/algarve7.pt\/index.php\/wp-json\/wp\/v2\/posts\/20265\/revisions"}],"wp:featuredmedia":[{"embeddable":true,"href":"https:\/\/algarve7.pt\/index.php\/wp-json\/wp\/v2\/media\/20266"}],"wp:attachment":[{"href":"https:\/\/algarve7.pt\/index.php\/wp-json\/wp\/v2\/media?parent=20265"}],"wp:term":[{"taxonomy":"category","embeddable":true,"href":"https:\/\/algarve7.pt\/index.php\/wp-json\/wp\/v2\/categories?post=20265"},{"taxonomy":"post_tag","embeddable":true,"href":"https:\/\/algarve7.pt\/index.php\/wp-json\/wp\/v2\/tags?post=20265"}],"curies":[{"name":"wp","href":"https:\/\/api.w.org\/{rel}","templated":true}]}}