{"id":20236,"date":"2022-07-17T10:33:13","date_gmt":"2022-07-17T09:33:13","guid":{"rendered":"https:\/\/algarve7.pt\/?p=20236"},"modified":"2022-07-17T10:33:14","modified_gmt":"2022-07-17T09:33:14","slug":"apostas-da-regiao-do-algarve-para-o-quadro-comunitario-2030","status":"publish","type":"post","link":"https:\/\/algarve7.pt\/index.php\/2022\/07\/apostas-da-regiao-do-algarve-para-o-quadro-comunitario-2030\/economia\/10\/33\/","title":{"rendered":"Apostas da Regi\u00e3o do Algarve para o quadro comunit\u00e1rio 2030"},"content":{"rendered":"\n<p>No pr\u00f3ximo quadro comunit\u00e1rio de investimento, Portugal 2030, a Regi\u00e3o do Algarve vai receber um adicional de 300 milh\u00f5es de euros de Fundos Europeus, com o objetivo de contribuir para a necess\u00e1ria diversifica\u00e7\u00e3o econ\u00f3mica da Regi\u00e3o.<\/p>\n\n\n\n<p>Para Jos\u00e9 Apolin\u00e1rio, Presidente da Comiss\u00e3o de Coordena\u00e7\u00e3o e Desenvolvimento Regional (CCDR) do Algarve, as grandes \u00e1reas de especializa\u00e7\u00e3o s\u00e3o conhecidas: \u201cO Mar e os recursos end\u00f3genos, a sa\u00fade e o envelhecimento ativo, o digital, o agroindustrial sustent\u00e1vel, as energias renov\u00e1veis, as ind\u00fastrias culturais e criativas, s\u00e3o as nossas escolhas na especializa\u00e7\u00e3o inteligente. O Programa Algarve 2030 alocar\u00e1 cerca de 150 milh\u00f5es de euros para apoio \u00e0s empresas e investimentos produtivos preferencialmente alinhados com estas escolhas\u201d, explicou no \u00e2mbito da jornada de trabalho dedicada ao crescimento azul, economia do mar e colabora\u00e7\u00e3o transfronteiri\u00e7a, realizada em Vila Real de Santo Ant\u00f3nio e que contou com a participa\u00e7\u00e3o ativa de empres\u00e1rios da economia do mar, associa\u00e7\u00f5es e entidades p\u00fablicas.<\/p>\n\n\n\n<p>O turismo, naturalmente, vai manter-se como a primeira e qualificada atividade econ\u00f3mica da Regi\u00e3o, mas, nesta \u00e1rea espec\u00edfica, a aposta recai na consolida\u00e7\u00e3o de uma agenda verde, o que implica que os investimentos sejam particularmente dirigidos para a qualifica\u00e7\u00e3o do territ\u00f3rio e dos recursos humanos e o refor\u00e7o na sustentabilidade, o que vai permitir conquistar novos segmentos de turistas e reduzir a sazonalidade do setor.<\/p>\n\n\n\n<p>No total, o novo quadro comunit\u00e1rio Portugal 2030 vai alocar o valor de 780 milh\u00f5es de euros para investimento da Regi\u00e3o e o Presidente da CCDR Algarve reiterou que \u201cestes fundos tratam-se, efetivamente, de dinheiro para investir em projetos de m\u00e9dio\/longo prazo, que mitiguem os principais problemas da Regi\u00e3o e melhorem a qualidade de vida das popula\u00e7\u00f5es, atraindo mais pessoas para viver e trabalhar no Algarve, diversificar a base econ\u00f3mica da regi\u00e3o, criando mais qualifica\u00e7\u00e3o, mais conhecimento, mais emprego, melhor sa\u00fade, melhor mobilidade. \u00c9 da real alavancagem da Regi\u00e3o que estamos a falar\u201d, disse.<\/p>\n\n\n\n<p><strong>GOVERNO E PARCEIROS CONFIANTES NA APOSTA NA ECONOMIA DO MAR<\/strong><\/p>\n\n\n\n<p>Para a CCDR Algarve reside no mar uma das fileiras para a diversifica\u00e7\u00e3o econ\u00f3mica da Regi\u00e3o: \u201cVamos dinamizar o ecossistema de empresas na \u00e1rea do mar. Na n\u00e1utica de recreio e turismo n\u00e1utico, na aquicultura (e pescas), nas algas, na preserva\u00e7\u00e3o do ecossistema de carbono azul, nos estaleiros de repara\u00e7\u00e3o e constru\u00e7\u00e3o naval. Em suma, explorar, com sustentabilidade, o potencial do mar e das zonas estuarinas. Vamos faz\u00ea-lo.\u201d, esclarece Jos\u00e9 Apolin\u00e1rio.<\/p>\n\n\n\n<p>\u201cSomar, convergir, trabalhar em concerta\u00e7\u00e3o e articular os Fundos Europeus geridos na Regi\u00e3o, com os do PRR, os do pr\u00f3ximo Mar 2030, do Fundo Ambiental, do programa de coopera\u00e7\u00e3o transfronteiri\u00e7a Interreg Espanha Portugal (POCTEP) e, sobretudo, termos nos demais agentes de desenvolvimento (entre outros, Universidade do Algarve, tecido empresarial, e investidores) verdadeiros parceiros\u201d, defende o Presidente da CCDR Algarve, que, ao lado de Jos\u00e9 Maria Costa, Secret\u00e1rio de Estado do Mar, e perante uma plateia constitu\u00edda por <em>stakeholders<\/em> da economia do mar pediu ajuda ao Governo para levar a bom porto esta aposta: \u201cos licenciamentos precisam de ser mais \u00e1geis e \u00e9 necess\u00e1rio articular melhor as diferentes entidades da Administra\u00e7\u00e3o Central que t\u00eam interven\u00e7\u00e3o no conjunto de opera\u00e7\u00f5es afetas \u00e0 gest\u00e3o dos fundos comunit\u00e1rios. Contamos com o Governo para que esta s\u00f3lida oportunidade de diversificar a base econ\u00f3mica da regi\u00e3o avance a bom ritmo. O pa\u00eds precisa de um Algarve forte e empoderado e a resili\u00eancia dos algarvios \u00e9 a maior prova de que o merecem\u201d, conclui Jos\u00e9 Apolin\u00e1rio.<\/p>\n\n\n\n<p>Por sua vez, o Secret\u00e1rio de Estado do Mar, que acompanhou a maior parte dos <em>workshops<\/em> da jornada dedicada ao Crescimento Azul, mostrou-se muito otimista com esta op\u00e7\u00e3o de investir, de forma transversal, na economia do mar e assegurou que \u00e9 uma decis\u00e3o caucionada pelo Governo, para que o Algarve assuma o papel preponderante que, efetivamente, pode ter no plano nacional e internacional e que melhore os indicadores socais e econ\u00f3micos, porque isso significa mais oportunidades e, consequentemente, melhor qualidade de vida para as popula\u00e7\u00f5es da Regi\u00e3o.<\/p>\n\n\n\n<p>A jornada dedicada ao Crescimento Azul tratou-se de uma iniciativa desenvolvida no \u00e2mbito do projeto de coopera\u00e7\u00e3o transfronteiri\u00e7a ATLAZUL, cofinanciado pelo INTERREG V-A Espanha Portugal (POCTEP).<\/p>\n","protected":false},"excerpt":{"rendered":"<p>No pr\u00f3ximo quadro comunit\u00e1rio de investimento, Portugal 2030, a Regi\u00e3o do Algarve vai receber um adicional de 300 milh\u00f5es de<\/p>\n","protected":false},"author":1,"featured_media":20237,"comment_status":"closed","ping_status":"open","sticky":false,"template":"","format":"standard","meta":{"colormag_page_container_layout":"default_layout","colormag_page_sidebar_layout":"default_layout","_monsterinsights_skip_tracking":false,"_monsterinsights_sitenote_active":false,"_monsterinsights_sitenote_note":"","_monsterinsights_sitenote_category":0,"jetpack_post_was_ever_published":false,"_jetpack_newsletter_access":"","_jetpack_dont_email_post_to_subs":false,"_jetpack_newsletter_tier_id":0,"_jetpack_memberships_contains_paywalled_content":false,"_jetpack_memberships_contains_paid_content":false,"footnotes":"","jetpack_publicize_message":"","jetpack_publicize_feature_enabled":true,"jetpack_social_post_already_shared":true,"jetpack_social_options":{"image_generator_settings":{"template":"highway","default_image_id":0,"font":"","enabled":false},"version":2}},"categories":[151],"tags":[36,143,153],"class_list":["post-20236","post","type-post","status-publish","format-standard","has-post-thumbnail","hentry","category-economia","tag-algarve","tag-ccdr-algarve","tag-economia"],"yoast_head":"<!-- This site is optimized with the Yoast SEO plugin v27.4 - https:\/\/yoast.com\/product\/yoast-seo-wordpress\/ -->\n<title>Apostas da Regi\u00e3o do Algarve para o quadro comunit\u00e1rio 2030 - Algarve 7<\/title>\n<meta name=\"description\" content=\"Apostas da Regi\u00e3o do Algarve para o quadro comunit\u00e1rio 2030 Economia\" \/>\n<meta name=\"robots\" content=\"index, follow, max-snippet:-1, max-image-preview:large, max-video-preview:-1\" \/>\n<link rel=\"canonical\" href=\"https:\/\/algarve7.pt\/index.php\/2022\/07\/apostas-da-regiao-do-algarve-para-o-quadro-comunitario-2030\/economia\/10\/33\/\" \/>\n<meta property=\"og:locale\" content=\"pt_PT\" \/>\n<meta property=\"og:type\" content=\"article\" \/>\n<meta property=\"og:title\" content=\"Apostas da Regi\u00e3o do Algarve para o quadro comunit\u00e1rio 2030 - Algarve 7\" \/>\n<meta property=\"og:description\" content=\"Apostas da Regi\u00e3o do Algarve para o quadro comunit\u00e1rio 2030 Economia\" \/>\n<meta property=\"og:url\" content=\"https:\/\/algarve7.pt\/index.php\/2022\/07\/apostas-da-regiao-do-algarve-para-o-quadro-comunitario-2030\/economia\/10\/33\/\" \/>\n<meta property=\"og:site_name\" content=\"Algarve 7\" \/>\n<meta property=\"article:publisher\" content=\"https:\/\/www.facebook.com\/algarve7\" \/>\n<meta property=\"article:author\" content=\"https:\/\/www.facebook.com\/algarve7\" \/>\n<meta property=\"article:published_time\" content=\"2022-07-17T09:33:13+00:00\" \/>\n<meta property=\"article:modified_time\" content=\"2022-07-17T09:33:14+00:00\" \/>\n<meta property=\"og:image\" content=\"https:\/\/algarve7.pt\/wp-content\/uploads\/2022\/07\/Conferencia-CCDR-em-Vila-Real-Sto-Antonio-13-07-2022-83r-e1658050385738.jpg\" \/>\n\t<meta property=\"og:image:width\" content=\"1773\" \/>\n\t<meta property=\"og:image:height\" content=\"1023\" \/>\n\t<meta property=\"og:image:type\" content=\"image\/jpeg\" \/>\n<meta name=\"author\" content=\"Algarve 7\" \/>\n<meta name=\"twitter:card\" content=\"summary_large_image\" \/>\n<meta name=\"twitter:creator\" content=\"@Algarvesete\" \/>\n<meta name=\"twitter:site\" content=\"@Algarvesete\" \/>\n<meta name=\"twitter:label1\" content=\"Escrito por\" \/>\n\t<meta name=\"twitter:data1\" content=\"Algarve 7\" \/>\n\t<meta name=\"twitter:label2\" content=\"Tempo estimado de leitura\" \/>\n\t<meta name=\"twitter:data2\" content=\"4 minutos\" \/>\n<script type=\"application\/ld+json\" class=\"yoast-schema-graph\">{\"@context\":\"https:\\\/\\\/schema.org\",\"@graph\":[{\"@type\":\"Article\",\"@id\":\"https:\\\/\\\/algarve7.pt\\\/index.php\\\/2022\\\/07\\\/apostas-da-regiao-do-algarve-para-o-quadro-comunitario-2030\\\/economia\\\/10\\\/33\\\/#article\",\"isPartOf\":{\"@id\":\"https:\\\/\\\/algarve7.pt\\\/index.php\\\/2022\\\/07\\\/apostas-da-regiao-do-algarve-para-o-quadro-comunitario-2030\\\/economia\\\/10\\\/33\\\/\"},\"author\":{\"name\":\"Algarve 7\",\"@id\":\"https:\\\/\\\/algarve7.pt\\\/#\\\/schema\\\/person\\\/23fa70681308e7b319a3204bcea45e0c\"},\"headline\":\"Apostas da Regi\u00e3o do Algarve para o quadro comunit\u00e1rio 2030\",\"datePublished\":\"2022-07-17T09:33:13+00:00\",\"dateModified\":\"2022-07-17T09:33:14+00:00\",\"mainEntityOfPage\":{\"@id\":\"https:\\\/\\\/algarve7.pt\\\/index.php\\\/2022\\\/07\\\/apostas-da-regiao-do-algarve-para-o-quadro-comunitario-2030\\\/economia\\\/10\\\/33\\\/\"},\"wordCount\":759,\"publisher\":{\"@id\":\"https:\\\/\\\/algarve7.pt\\\/#organization\"},\"image\":{\"@id\":\"https:\\\/\\\/algarve7.pt\\\/index.php\\\/2022\\\/07\\\/apostas-da-regiao-do-algarve-para-o-quadro-comunitario-2030\\\/economia\\\/10\\\/33\\\/#primaryimage\"},\"thumbnailUrl\":\"https:\\\/\\\/algarve7.pt\\\/wp-content\\\/uploads\\\/2022\\\/07\\\/Conferencia-CCDR-em-Vila-Real-Sto-Antonio-13-07-2022-83r-e1658050385738.jpg\",\"keywords\":[\"Algarve\",\"CCDR Algarve\",\"Economia\"],\"articleSection\":[\"Economia\"],\"inLanguage\":\"pt-PT\"},{\"@type\":\"WebPage\",\"@id\":\"https:\\\/\\\/algarve7.pt\\\/index.php\\\/2022\\\/07\\\/apostas-da-regiao-do-algarve-para-o-quadro-comunitario-2030\\\/economia\\\/10\\\/33\\\/\",\"url\":\"https:\\\/\\\/algarve7.pt\\\/index.php\\\/2022\\\/07\\\/apostas-da-regiao-do-algarve-para-o-quadro-comunitario-2030\\\/economia\\\/10\\\/33\\\/\",\"name\":\"Apostas da Regi\u00e3o do Algarve para o quadro comunit\u00e1rio 2030 - Algarve 7\",\"isPartOf\":{\"@id\":\"https:\\\/\\\/algarve7.pt\\\/#website\"},\"primaryImageOfPage\":{\"@id\":\"https:\\\/\\\/algarve7.pt\\\/index.php\\\/2022\\\/07\\\/apostas-da-regiao-do-algarve-para-o-quadro-comunitario-2030\\\/economia\\\/10\\\/33\\\/#primaryimage\"},\"image\":{\"@id\":\"https:\\\/\\\/algarve7.pt\\\/index.php\\\/2022\\\/07\\\/apostas-da-regiao-do-algarve-para-o-quadro-comunitario-2030\\\/economia\\\/10\\\/33\\\/#primaryimage\"},\"thumbnailUrl\":\"https:\\\/\\\/algarve7.pt\\\/wp-content\\\/uploads\\\/2022\\\/07\\\/Conferencia-CCDR-em-Vila-Real-Sto-Antonio-13-07-2022-83r-e1658050385738.jpg\",\"datePublished\":\"2022-07-17T09:33:13+00:00\",\"dateModified\":\"2022-07-17T09:33:14+00:00\",\"description\":\"Apostas da Regi\u00e3o do Algarve para o quadro comunit\u00e1rio 2030 Economia\",\"breadcrumb\":{\"@id\":\"https:\\\/\\\/algarve7.pt\\\/index.php\\\/2022\\\/07\\\/apostas-da-regiao-do-algarve-para-o-quadro-comunitario-2030\\\/economia\\\/10\\\/33\\\/#breadcrumb\"},\"inLanguage\":\"pt-PT\",\"potentialAction\":[{\"@type\":\"ReadAction\",\"target\":[\"https:\\\/\\\/algarve7.pt\\\/index.php\\\/2022\\\/07\\\/apostas-da-regiao-do-algarve-para-o-quadro-comunitario-2030\\\/economia\\\/10\\\/33\\\/\"]}]},{\"@type\":\"ImageObject\",\"inLanguage\":\"pt-PT\",\"@id\":\"https:\\\/\\\/algarve7.pt\\\/index.php\\\/2022\\\/07\\\/apostas-da-regiao-do-algarve-para-o-quadro-comunitario-2030\\\/economia\\\/10\\\/33\\\/#primaryimage\",\"url\":\"https:\\\/\\\/algarve7.pt\\\/wp-content\\\/uploads\\\/2022\\\/07\\\/Conferencia-CCDR-em-Vila-Real-Sto-Antonio-13-07-2022-83r-e1658050385738.jpg\",\"contentUrl\":\"https:\\\/\\\/algarve7.pt\\\/wp-content\\\/uploads\\\/2022\\\/07\\\/Conferencia-CCDR-em-Vila-Real-Sto-Antonio-13-07-2022-83r-e1658050385738.jpg\",\"width\":1773,\"height\":1023},{\"@type\":\"BreadcrumbList\",\"@id\":\"https:\\\/\\\/algarve7.pt\\\/index.php\\\/2022\\\/07\\\/apostas-da-regiao-do-algarve-para-o-quadro-comunitario-2030\\\/economia\\\/10\\\/33\\\/#breadcrumb\",\"itemListElement\":[{\"@type\":\"ListItem\",\"position\":1,\"name\":\"In\u00edcio\",\"item\":\"https:\\\/\\\/algarve7.pt\\\/\"},{\"@type\":\"ListItem\",\"position\":2,\"name\":\"Apostas da Regi\u00e3o do Algarve para o quadro comunit\u00e1rio 2030\"}]},{\"@type\":\"WebSite\",\"@id\":\"https:\\\/\\\/algarve7.pt\\\/#website\",\"url\":\"https:\\\/\\\/algarve7.pt\\\/\",\"name\":\"Algarve 7\",\"description\":\"Informa\u00e7\u00e3o sobre o Algarve\",\"publisher\":{\"@id\":\"https:\\\/\\\/algarve7.pt\\\/#organization\"},\"potentialAction\":[{\"@type\":\"SearchAction\",\"target\":{\"@type\":\"EntryPoint\",\"urlTemplate\":\"https:\\\/\\\/algarve7.pt\\\/?s={search_term_string}\"},\"query-input\":{\"@type\":\"PropertyValueSpecification\",\"valueRequired\":true,\"valueName\":\"search_term_string\"}}],\"inLanguage\":\"pt-PT\"},{\"@type\":\"Organization\",\"@id\":\"https:\\\/\\\/algarve7.pt\\\/#organization\",\"name\":\"Algarve 7\",\"url\":\"https:\\\/\\\/algarve7.pt\\\/\",\"logo\":{\"@type\":\"ImageObject\",\"inLanguage\":\"pt-PT\",\"@id\":\"https:\\\/\\\/algarve7.pt\\\/#\\\/schema\\\/logo\\\/image\\\/\",\"url\":\"https:\\\/\\\/algarve7.pt\\\/wp-content\\\/uploads\\\/2020\\\/10\\\/Logo-8.jpg\",\"contentUrl\":\"https:\\\/\\\/algarve7.pt\\\/wp-content\\\/uploads\\\/2020\\\/10\\\/Logo-8.jpg\",\"width\":1680,\"height\":1186,\"caption\":\"Algarve 7\"},\"image\":{\"@id\":\"https:\\\/\\\/algarve7.pt\\\/#\\\/schema\\\/logo\\\/image\\\/\"},\"sameAs\":[\"https:\\\/\\\/www.facebook.com\\\/algarve7\",\"https:\\\/\\\/x.com\\\/Algarvesete\",\"https:\\\/\\\/www.instagram.com\\\/jornalalgarve7\\\/\",\"https:\\\/\\\/www.linkedin.com\\\/company\\\/algarve7\",\"https:\\\/\\\/www.pinterest.pt\\\/geral0939\\\/_created\\\/\"]},{\"@type\":\"Person\",\"@id\":\"https:\\\/\\\/algarve7.pt\\\/#\\\/schema\\\/person\\\/23fa70681308e7b319a3204bcea45e0c\",\"name\":\"Algarve 7\",\"sameAs\":[\"https:\\\/\\\/algarve7.pt\",\"https:\\\/\\\/www.facebook.com\\\/algarve7\"],\"url\":\"https:\\\/\\\/algarve7.pt\\\/index.php\\\/author\\\/geralalgarve7-pt\\\/\"}]}<\/script>\n<!-- \/ Yoast SEO plugin. -->","yoast_head_json":{"title":"Apostas da Regi\u00e3o do Algarve para o quadro comunit\u00e1rio 2030 - Algarve 7","description":"Apostas da Regi\u00e3o do Algarve para o quadro comunit\u00e1rio 2030 Economia","robots":{"index":"index","follow":"follow","max-snippet":"max-snippet:-1","max-image-preview":"max-image-preview:large","max-video-preview":"max-video-preview:-1"},"canonical":"https:\/\/algarve7.pt\/index.php\/2022\/07\/apostas-da-regiao-do-algarve-para-o-quadro-comunitario-2030\/economia\/10\/33\/","og_locale":"pt_PT","og_type":"article","og_title":"Apostas da Regi\u00e3o do Algarve para o quadro comunit\u00e1rio 2030 - Algarve 7","og_description":"Apostas da Regi\u00e3o do Algarve para o quadro comunit\u00e1rio 2030 Economia","og_url":"https:\/\/algarve7.pt\/index.php\/2022\/07\/apostas-da-regiao-do-algarve-para-o-quadro-comunitario-2030\/economia\/10\/33\/","og_site_name":"Algarve 7","article_publisher":"https:\/\/www.facebook.com\/algarve7","article_author":"https:\/\/www.facebook.com\/algarve7","article_published_time":"2022-07-17T09:33:13+00:00","article_modified_time":"2022-07-17T09:33:14+00:00","og_image":[{"width":1773,"height":1023,"url":"https:\/\/algarve7.pt\/wp-content\/uploads\/2022\/07\/Conferencia-CCDR-em-Vila-Real-Sto-Antonio-13-07-2022-83r-e1658050385738.jpg","type":"image\/jpeg"}],"author":"Algarve 7","twitter_card":"summary_large_image","twitter_creator":"@Algarvesete","twitter_site":"@Algarvesete","twitter_misc":{"Escrito por":"Algarve 7","Tempo estimado de leitura":"4 minutos"},"schema":{"@context":"https:\/\/schema.org","@graph":[{"@type":"Article","@id":"https:\/\/algarve7.pt\/index.php\/2022\/07\/apostas-da-regiao-do-algarve-para-o-quadro-comunitario-2030\/economia\/10\/33\/#article","isPartOf":{"@id":"https:\/\/algarve7.pt\/index.php\/2022\/07\/apostas-da-regiao-do-algarve-para-o-quadro-comunitario-2030\/economia\/10\/33\/"},"author":{"name":"Algarve 7","@id":"https:\/\/algarve7.pt\/#\/schema\/person\/23fa70681308e7b319a3204bcea45e0c"},"headline":"Apostas da Regi\u00e3o do Algarve para o quadro comunit\u00e1rio 2030","datePublished":"2022-07-17T09:33:13+00:00","dateModified":"2022-07-17T09:33:14+00:00","mainEntityOfPage":{"@id":"https:\/\/algarve7.pt\/index.php\/2022\/07\/apostas-da-regiao-do-algarve-para-o-quadro-comunitario-2030\/economia\/10\/33\/"},"wordCount":759,"publisher":{"@id":"https:\/\/algarve7.pt\/#organization"},"image":{"@id":"https:\/\/algarve7.pt\/index.php\/2022\/07\/apostas-da-regiao-do-algarve-para-o-quadro-comunitario-2030\/economia\/10\/33\/#primaryimage"},"thumbnailUrl":"https:\/\/algarve7.pt\/wp-content\/uploads\/2022\/07\/Conferencia-CCDR-em-Vila-Real-Sto-Antonio-13-07-2022-83r-e1658050385738.jpg","keywords":["Algarve","CCDR Algarve","Economia"],"articleSection":["Economia"],"inLanguage":"pt-PT"},{"@type":"WebPage","@id":"https:\/\/algarve7.pt\/index.php\/2022\/07\/apostas-da-regiao-do-algarve-para-o-quadro-comunitario-2030\/economia\/10\/33\/","url":"https:\/\/algarve7.pt\/index.php\/2022\/07\/apostas-da-regiao-do-algarve-para-o-quadro-comunitario-2030\/economia\/10\/33\/","name":"Apostas da Regi\u00e3o do Algarve para o quadro comunit\u00e1rio 2030 - Algarve 7","isPartOf":{"@id":"https:\/\/algarve7.pt\/#website"},"primaryImageOfPage":{"@id":"https:\/\/algarve7.pt\/index.php\/2022\/07\/apostas-da-regiao-do-algarve-para-o-quadro-comunitario-2030\/economia\/10\/33\/#primaryimage"},"image":{"@id":"https:\/\/algarve7.pt\/index.php\/2022\/07\/apostas-da-regiao-do-algarve-para-o-quadro-comunitario-2030\/economia\/10\/33\/#primaryimage"},"thumbnailUrl":"https:\/\/algarve7.pt\/wp-content\/uploads\/2022\/07\/Conferencia-CCDR-em-Vila-Real-Sto-Antonio-13-07-2022-83r-e1658050385738.jpg","datePublished":"2022-07-17T09:33:13+00:00","dateModified":"2022-07-17T09:33:14+00:00","description":"Apostas da Regi\u00e3o do Algarve para o quadro comunit\u00e1rio 2030 Economia","breadcrumb":{"@id":"https:\/\/algarve7.pt\/index.php\/2022\/07\/apostas-da-regiao-do-algarve-para-o-quadro-comunitario-2030\/economia\/10\/33\/#breadcrumb"},"inLanguage":"pt-PT","potentialAction":[{"@type":"ReadAction","target":["https:\/\/algarve7.pt\/index.php\/2022\/07\/apostas-da-regiao-do-algarve-para-o-quadro-comunitario-2030\/economia\/10\/33\/"]}]},{"@type":"ImageObject","inLanguage":"pt-PT","@id":"https:\/\/algarve7.pt\/index.php\/2022\/07\/apostas-da-regiao-do-algarve-para-o-quadro-comunitario-2030\/economia\/10\/33\/#primaryimage","url":"https:\/\/algarve7.pt\/wp-content\/uploads\/2022\/07\/Conferencia-CCDR-em-Vila-Real-Sto-Antonio-13-07-2022-83r-e1658050385738.jpg","contentUrl":"https:\/\/algarve7.pt\/wp-content\/uploads\/2022\/07\/Conferencia-CCDR-em-Vila-Real-Sto-Antonio-13-07-2022-83r-e1658050385738.jpg","width":1773,"height":1023},{"@type":"BreadcrumbList","@id":"https:\/\/algarve7.pt\/index.php\/2022\/07\/apostas-da-regiao-do-algarve-para-o-quadro-comunitario-2030\/economia\/10\/33\/#breadcrumb","itemListElement":[{"@type":"ListItem","position":1,"name":"In\u00edcio","item":"https:\/\/algarve7.pt\/"},{"@type":"ListItem","position":2,"name":"Apostas da Regi\u00e3o do Algarve para o quadro comunit\u00e1rio 2030"}]},{"@type":"WebSite","@id":"https:\/\/algarve7.pt\/#website","url":"https:\/\/algarve7.pt\/","name":"Algarve 7","description":"Informa\u00e7\u00e3o sobre o Algarve","publisher":{"@id":"https:\/\/algarve7.pt\/#organization"},"potentialAction":[{"@type":"SearchAction","target":{"@type":"EntryPoint","urlTemplate":"https:\/\/algarve7.pt\/?s={search_term_string}"},"query-input":{"@type":"PropertyValueSpecification","valueRequired":true,"valueName":"search_term_string"}}],"inLanguage":"pt-PT"},{"@type":"Organization","@id":"https:\/\/algarve7.pt\/#organization","name":"Algarve 7","url":"https:\/\/algarve7.pt\/","logo":{"@type":"ImageObject","inLanguage":"pt-PT","@id":"https:\/\/algarve7.pt\/#\/schema\/logo\/image\/","url":"https:\/\/algarve7.pt\/wp-content\/uploads\/2020\/10\/Logo-8.jpg","contentUrl":"https:\/\/algarve7.pt\/wp-content\/uploads\/2020\/10\/Logo-8.jpg","width":1680,"height":1186,"caption":"Algarve 7"},"image":{"@id":"https:\/\/algarve7.pt\/#\/schema\/logo\/image\/"},"sameAs":["https:\/\/www.facebook.com\/algarve7","https:\/\/x.com\/Algarvesete","https:\/\/www.instagram.com\/jornalalgarve7\/","https:\/\/www.linkedin.com\/company\/algarve7","https:\/\/www.pinterest.pt\/geral0939\/_created\/"]},{"@type":"Person","@id":"https:\/\/algarve7.pt\/#\/schema\/person\/23fa70681308e7b319a3204bcea45e0c","name":"Algarve 7","sameAs":["https:\/\/algarve7.pt","https:\/\/www.facebook.com\/algarve7"],"url":"https:\/\/algarve7.pt\/index.php\/author\/geralalgarve7-pt\/"}]}},"jetpack_publicize_connections":[],"jetpack_featured_media_url":"https:\/\/algarve7.pt\/wp-content\/uploads\/2022\/07\/Conferencia-CCDR-em-Vila-Real-Sto-Antonio-13-07-2022-83r-e1658050385738.jpg","jetpack_shortlink":"https:\/\/wp.me\/pcezmW-5go","jetpack_sharing_enabled":true,"_links":{"self":[{"href":"https:\/\/algarve7.pt\/index.php\/wp-json\/wp\/v2\/posts\/20236","targetHints":{"allow":["GET"]}}],"collection":[{"href":"https:\/\/algarve7.pt\/index.php\/wp-json\/wp\/v2\/posts"}],"about":[{"href":"https:\/\/algarve7.pt\/index.php\/wp-json\/wp\/v2\/types\/post"}],"author":[{"embeddable":true,"href":"https:\/\/algarve7.pt\/index.php\/wp-json\/wp\/v2\/users\/1"}],"replies":[{"embeddable":true,"href":"https:\/\/algarve7.pt\/index.php\/wp-json\/wp\/v2\/comments?post=20236"}],"version-history":[{"count":0,"href":"https:\/\/algarve7.pt\/index.php\/wp-json\/wp\/v2\/posts\/20236\/revisions"}],"wp:featuredmedia":[{"embeddable":true,"href":"https:\/\/algarve7.pt\/index.php\/wp-json\/wp\/v2\/media\/20237"}],"wp:attachment":[{"href":"https:\/\/algarve7.pt\/index.php\/wp-json\/wp\/v2\/media?parent=20236"}],"wp:term":[{"taxonomy":"category","embeddable":true,"href":"https:\/\/algarve7.pt\/index.php\/wp-json\/wp\/v2\/categories?post=20236"},{"taxonomy":"post_tag","embeddable":true,"href":"https:\/\/algarve7.pt\/index.php\/wp-json\/wp\/v2\/tags?post=20236"}],"curies":[{"name":"wp","href":"https:\/\/api.w.org\/{rel}","templated":true}]}}