{"id":20233,"date":"2022-07-17T10:21:10","date_gmt":"2022-07-17T09:21:10","guid":{"rendered":"https:\/\/algarve7.pt\/?p=20233"},"modified":"2022-07-17T10:21:12","modified_gmt":"2022-07-17T09:21:12","slug":"exposicao-na-praca-manuel-teixeira-gomes-propoe-passeio-pela-historia-da-arqueologia-subaquatica-do-rio-arade","status":"publish","type":"post","link":"https:\/\/algarve7.pt\/index.php\/2022\/07\/exposicao-na-praca-manuel-teixeira-gomes-propoe-passeio-pela-historia-da-arqueologia-subaquatica-do-rio-arade\/cultura\/10\/21\/","title":{"rendered":"Exposi\u00e7\u00e3o na Pra\u00e7a Manuel Teixeira Gomes prop\u00f5e passeio pela hist\u00f3ria da arqueologia subaqu\u00e1tica do rio Arade"},"content":{"rendered":"\n<p>A partir das 18h00 do dia 23 de julho, pode ser vista na Pra\u00e7a Manuel Teixeira Gomes uma exposi\u00e7\u00e3o sobre a pesquisa arqueol\u00f3gica subaqu\u00e1tica que, desde o final do s\u00e9culo XX at\u00e9 \u00e0 atualidade, tem vindo a ser desenvolvida no rio Arade e que ficar\u00e1 patente at\u00e9 18 de setembro.<\/p>\n\n\n\n<p>A mostra, preparada pelo GAMP &#8211; Grupo de Amigos do Museu de Portim\u00e3o em estreita colabora\u00e7\u00e3o com a Freguesia de Portim\u00e3o, o Museu e o Munic\u00edpio de Portim\u00e3o, constitui a sexta edi\u00e7\u00e3o do projeto de exposi\u00e7\u00f5es no exterior, desta vez intitulada \u201cPassear pela Hist\u00f3ria Subaqu\u00e1tica do Rio Arade\u201d.<\/p>\n\n\n\n<p>Iniciado em 2017, este projeto do GAMP exibe fotografias de grandes dimens\u00f5es, procurando confrontar os visitantes com um inesperado encontro com momentos relevantes do trabalho de pesquisa arqueol\u00f3gica subaqu\u00e1tica que, ao longo dos \u00faltimos 30 anos, tem sido realizada no Arade por diversas entidades locais, nacionais e internacionais.<\/p>\n\n\n\n<p>O rio Arade \u00e9 desde h\u00e1 muito considerado uma das mais relevantes \u00e1reas nacionais da arqueologia n\u00e1utica e subaqu\u00e1tica, tendo sido utilizado ao longo dos dois \u00faltimos mil\u00e9nios como local de passagem, fixa\u00e7\u00e3o, cruzamento civilizacional de culturas e rela\u00e7\u00f5es comerciais com os povos da bacia do Mediterr\u00e2neo, do Norte de \u00c1frica e da Europa.<\/p>\n\n\n\n<p>Desse contexto hist\u00f3rico tem vindo a ser descoberto e recolhido um valioso patrim\u00f3nio cultural subaqu\u00e1tico, grande parte do qual patente no Museu de Portim\u00e3o, onde se encontra salvaguardado e exposto.<\/p>\n\n\n\n<p>A proposta de exposi\u00e7\u00f5es de rua \u201cPassear pela Hist\u00f3ria\u201d procura fortalecer a identidade da comunidade portimonense, ao valorizar a cidade e o munic\u00edpio, enquanto destino cultural e de lazer, ao mesmo tempo que proporciona, de um modo informal, uma descontra\u00edda viagem no tempo, entre as mem\u00f3rias e viv\u00eancias sociais resultantes das principais atividades que caracterizam o singular percurso hist\u00f3rico de Portim\u00e3o, estando em destaque nesta mostra a imensa riqueza arqueol\u00f3gica do rio Arade, atrav\u00e9s da evoca\u00e7\u00e3o dos trabalhos que as diversas entidades, associa\u00e7\u00f5es, equipas de mergulho e de arqueologia subaqu\u00e1tica e o pr\u00f3prio Museu de Portim\u00e3o t\u00eam vindo a realizar nos \u00faltimos tempos.<\/p>\n","protected":false},"excerpt":{"rendered":"<p>A partir das 18h00 do dia 23 de julho, pode ser vista na Pra\u00e7a Manuel Teixeira Gomes uma exposi\u00e7\u00e3o sobre<\/p>\n","protected":false},"author":1,"featured_media":20234,"comment_status":"closed","ping_status":"open","sticky":false,"template":"","format":"standard","meta":{"colormag_page_container_layout":"default_layout","colormag_page_sidebar_layout":"default_layout","_monsterinsights_skip_tracking":false,"_monsterinsights_sitenote_active":false,"_monsterinsights_sitenote_note":"","_monsterinsights_sitenote_category":0,"jetpack_post_was_ever_published":false,"_jetpack_newsletter_access":"","_jetpack_dont_email_post_to_subs":false,"_jetpack_newsletter_tier_id":0,"_jetpack_memberships_contains_paywalled_content":false,"_jetpack_memberships_contains_paid_content":false,"footnotes":"","jetpack_publicize_message":"","jetpack_publicize_feature_enabled":true,"jetpack_social_post_already_shared":true,"jetpack_social_options":{"image_generator_settings":{"template":"highway","default_image_id":0,"font":"","enabled":false},"version":2}},"categories":[14],"tags":[36,35,66,72],"class_list":["post-20233","post","type-post","status-publish","format-standard","has-post-thumbnail","hentry","category-cultura","tag-algarve","tag-cultura","tag-exposicao","tag-portimao"],"yoast_head":"<!-- This site is optimized with the Yoast SEO plugin v27.4 - https:\/\/yoast.com\/product\/yoast-seo-wordpress\/ -->\n<title>Exposi\u00e7\u00e3o na Pra\u00e7a Manuel Teixeira Gomes prop\u00f5e passeio pela hist\u00f3ria da arqueologia subaqu\u00e1tica do rio Arade - Algarve 7<\/title>\n<meta name=\"description\" content=\"Exposi\u00e7\u00e3o na Pra\u00e7a Manuel Teixeira Gomes prop\u00f5e passeio pela hist\u00f3ria da arqueologia subaqu\u00e1tica do rio Arade Cultura\" \/>\n<meta name=\"robots\" content=\"index, follow, max-snippet:-1, max-image-preview:large, max-video-preview:-1\" \/>\n<link rel=\"canonical\" href=\"https:\/\/algarve7.pt\/index.php\/2022\/07\/exposicao-na-praca-manuel-teixeira-gomes-propoe-passeio-pela-historia-da-arqueologia-subaquatica-do-rio-arade\/cultura\/10\/21\/\" \/>\n<meta property=\"og:locale\" content=\"pt_PT\" \/>\n<meta property=\"og:type\" content=\"article\" \/>\n<meta property=\"og:title\" content=\"Exposi\u00e7\u00e3o na Pra\u00e7a Manuel Teixeira Gomes prop\u00f5e passeio pela hist\u00f3ria da arqueologia subaqu\u00e1tica do rio Arade - Algarve 7\" \/>\n<meta property=\"og:description\" content=\"Exposi\u00e7\u00e3o na Pra\u00e7a Manuel Teixeira Gomes prop\u00f5e passeio pela hist\u00f3ria da arqueologia subaqu\u00e1tica do rio Arade Cultura\" \/>\n<meta property=\"og:url\" content=\"https:\/\/algarve7.pt\/index.php\/2022\/07\/exposicao-na-praca-manuel-teixeira-gomes-propoe-passeio-pela-historia-da-arqueologia-subaquatica-do-rio-arade\/cultura\/10\/21\/\" \/>\n<meta property=\"og:site_name\" content=\"Algarve 7\" \/>\n<meta property=\"article:publisher\" content=\"https:\/\/www.facebook.com\/algarve7\" \/>\n<meta property=\"article:author\" content=\"https:\/\/www.facebook.com\/algarve7\" \/>\n<meta property=\"article:published_time\" content=\"2022-07-17T09:21:10+00:00\" \/>\n<meta property=\"article:modified_time\" content=\"2022-07-17T09:21:12+00:00\" \/>\n<meta property=\"og:image\" content=\"https:\/\/algarve7.pt\/wp-content\/uploads\/2022\/07\/3.jpg\" \/>\n\t<meta property=\"og:image:width\" content=\"1500\" \/>\n\t<meta property=\"og:image:height\" content=\"1004\" \/>\n\t<meta property=\"og:image:type\" content=\"image\/jpeg\" \/>\n<meta name=\"author\" content=\"Algarve 7\" \/>\n<meta name=\"twitter:card\" content=\"summary_large_image\" \/>\n<meta name=\"twitter:creator\" content=\"@Algarvesete\" \/>\n<meta name=\"twitter:site\" content=\"@Algarvesete\" \/>\n<meta name=\"twitter:label1\" content=\"Escrito por\" \/>\n\t<meta name=\"twitter:data1\" content=\"Algarve 7\" \/>\n\t<meta name=\"twitter:label2\" content=\"Tempo estimado de leitura\" \/>\n\t<meta name=\"twitter:data2\" content=\"2 minutos\" \/>\n<script type=\"application\/ld+json\" class=\"yoast-schema-graph\">{\"@context\":\"https:\\\/\\\/schema.org\",\"@graph\":[{\"@type\":\"Article\",\"@id\":\"https:\\\/\\\/algarve7.pt\\\/index.php\\\/2022\\\/07\\\/exposicao-na-praca-manuel-teixeira-gomes-propoe-passeio-pela-historia-da-arqueologia-subaquatica-do-rio-arade\\\/cultura\\\/10\\\/21\\\/#article\",\"isPartOf\":{\"@id\":\"https:\\\/\\\/algarve7.pt\\\/index.php\\\/2022\\\/07\\\/exposicao-na-praca-manuel-teixeira-gomes-propoe-passeio-pela-historia-da-arqueologia-subaquatica-do-rio-arade\\\/cultura\\\/10\\\/21\\\/\"},\"author\":{\"name\":\"Algarve 7\",\"@id\":\"https:\\\/\\\/algarve7.pt\\\/#\\\/schema\\\/person\\\/23fa70681308e7b319a3204bcea45e0c\"},\"headline\":\"Exposi\u00e7\u00e3o na Pra\u00e7a Manuel Teixeira Gomes prop\u00f5e passeio pela hist\u00f3ria da arqueologia subaqu\u00e1tica do rio Arade\",\"datePublished\":\"2022-07-17T09:21:10+00:00\",\"dateModified\":\"2022-07-17T09:21:12+00:00\",\"mainEntityOfPage\":{\"@id\":\"https:\\\/\\\/algarve7.pt\\\/index.php\\\/2022\\\/07\\\/exposicao-na-praca-manuel-teixeira-gomes-propoe-passeio-pela-historia-da-arqueologia-subaquatica-do-rio-arade\\\/cultura\\\/10\\\/21\\\/\"},\"wordCount\":391,\"publisher\":{\"@id\":\"https:\\\/\\\/algarve7.pt\\\/#organization\"},\"image\":{\"@id\":\"https:\\\/\\\/algarve7.pt\\\/index.php\\\/2022\\\/07\\\/exposicao-na-praca-manuel-teixeira-gomes-propoe-passeio-pela-historia-da-arqueologia-subaquatica-do-rio-arade\\\/cultura\\\/10\\\/21\\\/#primaryimage\"},\"thumbnailUrl\":\"https:\\\/\\\/algarve7.pt\\\/wp-content\\\/uploads\\\/2022\\\/07\\\/3.jpg\",\"keywords\":[\"Algarve\",\"Cultura\",\"Exposi\u00e7\u00e3o\",\"Portim\u00e3o\"],\"articleSection\":[\"Cultura\"],\"inLanguage\":\"pt-PT\"},{\"@type\":\"WebPage\",\"@id\":\"https:\\\/\\\/algarve7.pt\\\/index.php\\\/2022\\\/07\\\/exposicao-na-praca-manuel-teixeira-gomes-propoe-passeio-pela-historia-da-arqueologia-subaquatica-do-rio-arade\\\/cultura\\\/10\\\/21\\\/\",\"url\":\"https:\\\/\\\/algarve7.pt\\\/index.php\\\/2022\\\/07\\\/exposicao-na-praca-manuel-teixeira-gomes-propoe-passeio-pela-historia-da-arqueologia-subaquatica-do-rio-arade\\\/cultura\\\/10\\\/21\\\/\",\"name\":\"Exposi\u00e7\u00e3o na Pra\u00e7a Manuel Teixeira Gomes prop\u00f5e passeio pela hist\u00f3ria da arqueologia subaqu\u00e1tica do rio Arade - Algarve 7\",\"isPartOf\":{\"@id\":\"https:\\\/\\\/algarve7.pt\\\/#website\"},\"primaryImageOfPage\":{\"@id\":\"https:\\\/\\\/algarve7.pt\\\/index.php\\\/2022\\\/07\\\/exposicao-na-praca-manuel-teixeira-gomes-propoe-passeio-pela-historia-da-arqueologia-subaquatica-do-rio-arade\\\/cultura\\\/10\\\/21\\\/#primaryimage\"},\"image\":{\"@id\":\"https:\\\/\\\/algarve7.pt\\\/index.php\\\/2022\\\/07\\\/exposicao-na-praca-manuel-teixeira-gomes-propoe-passeio-pela-historia-da-arqueologia-subaquatica-do-rio-arade\\\/cultura\\\/10\\\/21\\\/#primaryimage\"},\"thumbnailUrl\":\"https:\\\/\\\/algarve7.pt\\\/wp-content\\\/uploads\\\/2022\\\/07\\\/3.jpg\",\"datePublished\":\"2022-07-17T09:21:10+00:00\",\"dateModified\":\"2022-07-17T09:21:12+00:00\",\"description\":\"Exposi\u00e7\u00e3o na Pra\u00e7a Manuel Teixeira Gomes prop\u00f5e passeio pela hist\u00f3ria da arqueologia subaqu\u00e1tica do rio Arade Cultura\",\"breadcrumb\":{\"@id\":\"https:\\\/\\\/algarve7.pt\\\/index.php\\\/2022\\\/07\\\/exposicao-na-praca-manuel-teixeira-gomes-propoe-passeio-pela-historia-da-arqueologia-subaquatica-do-rio-arade\\\/cultura\\\/10\\\/21\\\/#breadcrumb\"},\"inLanguage\":\"pt-PT\",\"potentialAction\":[{\"@type\":\"ReadAction\",\"target\":[\"https:\\\/\\\/algarve7.pt\\\/index.php\\\/2022\\\/07\\\/exposicao-na-praca-manuel-teixeira-gomes-propoe-passeio-pela-historia-da-arqueologia-subaquatica-do-rio-arade\\\/cultura\\\/10\\\/21\\\/\"]}]},{\"@type\":\"ImageObject\",\"inLanguage\":\"pt-PT\",\"@id\":\"https:\\\/\\\/algarve7.pt\\\/index.php\\\/2022\\\/07\\\/exposicao-na-praca-manuel-teixeira-gomes-propoe-passeio-pela-historia-da-arqueologia-subaquatica-do-rio-arade\\\/cultura\\\/10\\\/21\\\/#primaryimage\",\"url\":\"https:\\\/\\\/algarve7.pt\\\/wp-content\\\/uploads\\\/2022\\\/07\\\/3.jpg\",\"contentUrl\":\"https:\\\/\\\/algarve7.pt\\\/wp-content\\\/uploads\\\/2022\\\/07\\\/3.jpg\",\"width\":1500,\"height\":1004},{\"@type\":\"BreadcrumbList\",\"@id\":\"https:\\\/\\\/algarve7.pt\\\/index.php\\\/2022\\\/07\\\/exposicao-na-praca-manuel-teixeira-gomes-propoe-passeio-pela-historia-da-arqueologia-subaquatica-do-rio-arade\\\/cultura\\\/10\\\/21\\\/#breadcrumb\",\"itemListElement\":[{\"@type\":\"ListItem\",\"position\":1,\"name\":\"In\u00edcio\",\"item\":\"https:\\\/\\\/algarve7.pt\\\/\"},{\"@type\":\"ListItem\",\"position\":2,\"name\":\"Exposi\u00e7\u00e3o na Pra\u00e7a Manuel Teixeira Gomes prop\u00f5e passeio pela hist\u00f3ria da arqueologia subaqu\u00e1tica do rio Arade\"}]},{\"@type\":\"WebSite\",\"@id\":\"https:\\\/\\\/algarve7.pt\\\/#website\",\"url\":\"https:\\\/\\\/algarve7.pt\\\/\",\"name\":\"Algarve 7\",\"description\":\"Informa\u00e7\u00e3o sobre o Algarve\",\"publisher\":{\"@id\":\"https:\\\/\\\/algarve7.pt\\\/#organization\"},\"potentialAction\":[{\"@type\":\"SearchAction\",\"target\":{\"@type\":\"EntryPoint\",\"urlTemplate\":\"https:\\\/\\\/algarve7.pt\\\/?s={search_term_string}\"},\"query-input\":{\"@type\":\"PropertyValueSpecification\",\"valueRequired\":true,\"valueName\":\"search_term_string\"}}],\"inLanguage\":\"pt-PT\"},{\"@type\":\"Organization\",\"@id\":\"https:\\\/\\\/algarve7.pt\\\/#organization\",\"name\":\"Algarve 7\",\"url\":\"https:\\\/\\\/algarve7.pt\\\/\",\"logo\":{\"@type\":\"ImageObject\",\"inLanguage\":\"pt-PT\",\"@id\":\"https:\\\/\\\/algarve7.pt\\\/#\\\/schema\\\/logo\\\/image\\\/\",\"url\":\"https:\\\/\\\/algarve7.pt\\\/wp-content\\\/uploads\\\/2020\\\/10\\\/Logo-8.jpg\",\"contentUrl\":\"https:\\\/\\\/algarve7.pt\\\/wp-content\\\/uploads\\\/2020\\\/10\\\/Logo-8.jpg\",\"width\":1680,\"height\":1186,\"caption\":\"Algarve 7\"},\"image\":{\"@id\":\"https:\\\/\\\/algarve7.pt\\\/#\\\/schema\\\/logo\\\/image\\\/\"},\"sameAs\":[\"https:\\\/\\\/www.facebook.com\\\/algarve7\",\"https:\\\/\\\/x.com\\\/Algarvesete\",\"https:\\\/\\\/www.instagram.com\\\/jornalalgarve7\\\/\",\"https:\\\/\\\/www.linkedin.com\\\/company\\\/algarve7\",\"https:\\\/\\\/www.pinterest.pt\\\/geral0939\\\/_created\\\/\"]},{\"@type\":\"Person\",\"@id\":\"https:\\\/\\\/algarve7.pt\\\/#\\\/schema\\\/person\\\/23fa70681308e7b319a3204bcea45e0c\",\"name\":\"Algarve 7\",\"sameAs\":[\"https:\\\/\\\/algarve7.pt\",\"https:\\\/\\\/www.facebook.com\\\/algarve7\"],\"url\":\"https:\\\/\\\/algarve7.pt\\\/index.php\\\/author\\\/geralalgarve7-pt\\\/\"}]}<\/script>\n<!-- \/ Yoast SEO plugin. -->","yoast_head_json":{"title":"Exposi\u00e7\u00e3o na Pra\u00e7a Manuel Teixeira Gomes prop\u00f5e passeio pela hist\u00f3ria da arqueologia subaqu\u00e1tica do rio Arade - Algarve 7","description":"Exposi\u00e7\u00e3o na Pra\u00e7a Manuel Teixeira Gomes prop\u00f5e passeio pela hist\u00f3ria da arqueologia subaqu\u00e1tica do rio Arade Cultura","robots":{"index":"index","follow":"follow","max-snippet":"max-snippet:-1","max-image-preview":"max-image-preview:large","max-video-preview":"max-video-preview:-1"},"canonical":"https:\/\/algarve7.pt\/index.php\/2022\/07\/exposicao-na-praca-manuel-teixeira-gomes-propoe-passeio-pela-historia-da-arqueologia-subaquatica-do-rio-arade\/cultura\/10\/21\/","og_locale":"pt_PT","og_type":"article","og_title":"Exposi\u00e7\u00e3o na Pra\u00e7a Manuel Teixeira Gomes prop\u00f5e passeio pela hist\u00f3ria da arqueologia subaqu\u00e1tica do rio Arade - Algarve 7","og_description":"Exposi\u00e7\u00e3o na Pra\u00e7a Manuel Teixeira Gomes prop\u00f5e passeio pela hist\u00f3ria da arqueologia subaqu\u00e1tica do rio Arade Cultura","og_url":"https:\/\/algarve7.pt\/index.php\/2022\/07\/exposicao-na-praca-manuel-teixeira-gomes-propoe-passeio-pela-historia-da-arqueologia-subaquatica-do-rio-arade\/cultura\/10\/21\/","og_site_name":"Algarve 7","article_publisher":"https:\/\/www.facebook.com\/algarve7","article_author":"https:\/\/www.facebook.com\/algarve7","article_published_time":"2022-07-17T09:21:10+00:00","article_modified_time":"2022-07-17T09:21:12+00:00","og_image":[{"width":1500,"height":1004,"url":"https:\/\/algarve7.pt\/wp-content\/uploads\/2022\/07\/3.jpg","type":"image\/jpeg"}],"author":"Algarve 7","twitter_card":"summary_large_image","twitter_creator":"@Algarvesete","twitter_site":"@Algarvesete","twitter_misc":{"Escrito por":"Algarve 7","Tempo estimado de leitura":"2 minutos"},"schema":{"@context":"https:\/\/schema.org","@graph":[{"@type":"Article","@id":"https:\/\/algarve7.pt\/index.php\/2022\/07\/exposicao-na-praca-manuel-teixeira-gomes-propoe-passeio-pela-historia-da-arqueologia-subaquatica-do-rio-arade\/cultura\/10\/21\/#article","isPartOf":{"@id":"https:\/\/algarve7.pt\/index.php\/2022\/07\/exposicao-na-praca-manuel-teixeira-gomes-propoe-passeio-pela-historia-da-arqueologia-subaquatica-do-rio-arade\/cultura\/10\/21\/"},"author":{"name":"Algarve 7","@id":"https:\/\/algarve7.pt\/#\/schema\/person\/23fa70681308e7b319a3204bcea45e0c"},"headline":"Exposi\u00e7\u00e3o na Pra\u00e7a Manuel Teixeira Gomes prop\u00f5e passeio pela hist\u00f3ria da arqueologia subaqu\u00e1tica do rio Arade","datePublished":"2022-07-17T09:21:10+00:00","dateModified":"2022-07-17T09:21:12+00:00","mainEntityOfPage":{"@id":"https:\/\/algarve7.pt\/index.php\/2022\/07\/exposicao-na-praca-manuel-teixeira-gomes-propoe-passeio-pela-historia-da-arqueologia-subaquatica-do-rio-arade\/cultura\/10\/21\/"},"wordCount":391,"publisher":{"@id":"https:\/\/algarve7.pt\/#organization"},"image":{"@id":"https:\/\/algarve7.pt\/index.php\/2022\/07\/exposicao-na-praca-manuel-teixeira-gomes-propoe-passeio-pela-historia-da-arqueologia-subaquatica-do-rio-arade\/cultura\/10\/21\/#primaryimage"},"thumbnailUrl":"https:\/\/algarve7.pt\/wp-content\/uploads\/2022\/07\/3.jpg","keywords":["Algarve","Cultura","Exposi\u00e7\u00e3o","Portim\u00e3o"],"articleSection":["Cultura"],"inLanguage":"pt-PT"},{"@type":"WebPage","@id":"https:\/\/algarve7.pt\/index.php\/2022\/07\/exposicao-na-praca-manuel-teixeira-gomes-propoe-passeio-pela-historia-da-arqueologia-subaquatica-do-rio-arade\/cultura\/10\/21\/","url":"https:\/\/algarve7.pt\/index.php\/2022\/07\/exposicao-na-praca-manuel-teixeira-gomes-propoe-passeio-pela-historia-da-arqueologia-subaquatica-do-rio-arade\/cultura\/10\/21\/","name":"Exposi\u00e7\u00e3o na Pra\u00e7a Manuel Teixeira Gomes prop\u00f5e passeio pela hist\u00f3ria da arqueologia subaqu\u00e1tica do rio Arade - Algarve 7","isPartOf":{"@id":"https:\/\/algarve7.pt\/#website"},"primaryImageOfPage":{"@id":"https:\/\/algarve7.pt\/index.php\/2022\/07\/exposicao-na-praca-manuel-teixeira-gomes-propoe-passeio-pela-historia-da-arqueologia-subaquatica-do-rio-arade\/cultura\/10\/21\/#primaryimage"},"image":{"@id":"https:\/\/algarve7.pt\/index.php\/2022\/07\/exposicao-na-praca-manuel-teixeira-gomes-propoe-passeio-pela-historia-da-arqueologia-subaquatica-do-rio-arade\/cultura\/10\/21\/#primaryimage"},"thumbnailUrl":"https:\/\/algarve7.pt\/wp-content\/uploads\/2022\/07\/3.jpg","datePublished":"2022-07-17T09:21:10+00:00","dateModified":"2022-07-17T09:21:12+00:00","description":"Exposi\u00e7\u00e3o na Pra\u00e7a Manuel Teixeira Gomes prop\u00f5e passeio pela hist\u00f3ria da arqueologia subaqu\u00e1tica do rio Arade Cultura","breadcrumb":{"@id":"https:\/\/algarve7.pt\/index.php\/2022\/07\/exposicao-na-praca-manuel-teixeira-gomes-propoe-passeio-pela-historia-da-arqueologia-subaquatica-do-rio-arade\/cultura\/10\/21\/#breadcrumb"},"inLanguage":"pt-PT","potentialAction":[{"@type":"ReadAction","target":["https:\/\/algarve7.pt\/index.php\/2022\/07\/exposicao-na-praca-manuel-teixeira-gomes-propoe-passeio-pela-historia-da-arqueologia-subaquatica-do-rio-arade\/cultura\/10\/21\/"]}]},{"@type":"ImageObject","inLanguage":"pt-PT","@id":"https:\/\/algarve7.pt\/index.php\/2022\/07\/exposicao-na-praca-manuel-teixeira-gomes-propoe-passeio-pela-historia-da-arqueologia-subaquatica-do-rio-arade\/cultura\/10\/21\/#primaryimage","url":"https:\/\/algarve7.pt\/wp-content\/uploads\/2022\/07\/3.jpg","contentUrl":"https:\/\/algarve7.pt\/wp-content\/uploads\/2022\/07\/3.jpg","width":1500,"height":1004},{"@type":"BreadcrumbList","@id":"https:\/\/algarve7.pt\/index.php\/2022\/07\/exposicao-na-praca-manuel-teixeira-gomes-propoe-passeio-pela-historia-da-arqueologia-subaquatica-do-rio-arade\/cultura\/10\/21\/#breadcrumb","itemListElement":[{"@type":"ListItem","position":1,"name":"In\u00edcio","item":"https:\/\/algarve7.pt\/"},{"@type":"ListItem","position":2,"name":"Exposi\u00e7\u00e3o na Pra\u00e7a Manuel Teixeira Gomes prop\u00f5e passeio pela hist\u00f3ria da arqueologia subaqu\u00e1tica do rio Arade"}]},{"@type":"WebSite","@id":"https:\/\/algarve7.pt\/#website","url":"https:\/\/algarve7.pt\/","name":"Algarve 7","description":"Informa\u00e7\u00e3o sobre o Algarve","publisher":{"@id":"https:\/\/algarve7.pt\/#organization"},"potentialAction":[{"@type":"SearchAction","target":{"@type":"EntryPoint","urlTemplate":"https:\/\/algarve7.pt\/?s={search_term_string}"},"query-input":{"@type":"PropertyValueSpecification","valueRequired":true,"valueName":"search_term_string"}}],"inLanguage":"pt-PT"},{"@type":"Organization","@id":"https:\/\/algarve7.pt\/#organization","name":"Algarve 7","url":"https:\/\/algarve7.pt\/","logo":{"@type":"ImageObject","inLanguage":"pt-PT","@id":"https:\/\/algarve7.pt\/#\/schema\/logo\/image\/","url":"https:\/\/algarve7.pt\/wp-content\/uploads\/2020\/10\/Logo-8.jpg","contentUrl":"https:\/\/algarve7.pt\/wp-content\/uploads\/2020\/10\/Logo-8.jpg","width":1680,"height":1186,"caption":"Algarve 7"},"image":{"@id":"https:\/\/algarve7.pt\/#\/schema\/logo\/image\/"},"sameAs":["https:\/\/www.facebook.com\/algarve7","https:\/\/x.com\/Algarvesete","https:\/\/www.instagram.com\/jornalalgarve7\/","https:\/\/www.linkedin.com\/company\/algarve7","https:\/\/www.pinterest.pt\/geral0939\/_created\/"]},{"@type":"Person","@id":"https:\/\/algarve7.pt\/#\/schema\/person\/23fa70681308e7b319a3204bcea45e0c","name":"Algarve 7","sameAs":["https:\/\/algarve7.pt","https:\/\/www.facebook.com\/algarve7"],"url":"https:\/\/algarve7.pt\/index.php\/author\/geralalgarve7-pt\/"}]}},"jetpack_publicize_connections":[],"jetpack_featured_media_url":"https:\/\/algarve7.pt\/wp-content\/uploads\/2022\/07\/3.jpg","jetpack_shortlink":"https:\/\/wp.me\/pcezmW-5gl","jetpack_sharing_enabled":true,"_links":{"self":[{"href":"https:\/\/algarve7.pt\/index.php\/wp-json\/wp\/v2\/posts\/20233","targetHints":{"allow":["GET"]}}],"collection":[{"href":"https:\/\/algarve7.pt\/index.php\/wp-json\/wp\/v2\/posts"}],"about":[{"href":"https:\/\/algarve7.pt\/index.php\/wp-json\/wp\/v2\/types\/post"}],"author":[{"embeddable":true,"href":"https:\/\/algarve7.pt\/index.php\/wp-json\/wp\/v2\/users\/1"}],"replies":[{"embeddable":true,"href":"https:\/\/algarve7.pt\/index.php\/wp-json\/wp\/v2\/comments?post=20233"}],"version-history":[{"count":0,"href":"https:\/\/algarve7.pt\/index.php\/wp-json\/wp\/v2\/posts\/20233\/revisions"}],"wp:featuredmedia":[{"embeddable":true,"href":"https:\/\/algarve7.pt\/index.php\/wp-json\/wp\/v2\/media\/20234"}],"wp:attachment":[{"href":"https:\/\/algarve7.pt\/index.php\/wp-json\/wp\/v2\/media?parent=20233"}],"wp:term":[{"taxonomy":"category","embeddable":true,"href":"https:\/\/algarve7.pt\/index.php\/wp-json\/wp\/v2\/categories?post=20233"},{"taxonomy":"post_tag","embeddable":true,"href":"https:\/\/algarve7.pt\/index.php\/wp-json\/wp\/v2\/tags?post=20233"}],"curies":[{"name":"wp","href":"https:\/\/api.w.org\/{rel}","templated":true}]}}