{"id":20230,"date":"2022-07-16T17:20:46","date_gmt":"2022-07-16T16:20:46","guid":{"rendered":"https:\/\/algarve7.pt\/?p=20230"},"modified":"2022-07-16T17:20:47","modified_gmt":"2022-07-16T16:20:47","slug":"emarp-apoia-a-30a-edicao-das-ferias-desportivas-e-apresenta-a-marafada","status":"publish","type":"post","link":"https:\/\/algarve7.pt\/index.php\/2022\/07\/emarp-apoia-a-30a-edicao-das-ferias-desportivas-e-apresenta-a-marafada\/desporto\/17\/20\/","title":{"rendered":"EMARP apoia a 30\u00aa edi\u00e7\u00e3o das F\u00e9rias Desportivas e apresenta a \u201cMarafada\u201d"},"content":{"rendered":"\n<p>At\u00e9 14 de agosto a equipa da empresa de \u00c1gua e Res\u00edduos de Portim\u00e3o promove, junto dos mais novos, a\u00e7\u00f5es de sensibiliza\u00e7\u00e3o sobre o projeto-piloto de Recolha Seletiva de Res\u00edduos Org\u00e2nicos<\/p>\n\n\n\n<p>\u00c9 na esfera da sua responsabilidade social e no contexto da sustentabilidade ambiental, em alinhamento com os valores da empresa, que a EMARP patrocina as F\u00e9rias Desportivas de Portim\u00e3o. Um projeto que tem como miss\u00e3o promover o acompanhamento e a ocupa\u00e7\u00e3o dos tempos livres, de forma l\u00fadica e pedag\u00f3gica, de 2500 crian\u00e7as e jovens portimonenses, dos 6 aos 15 anos.<\/p>\n\n\n\n<p>O apoio da empresa \u00e0s F\u00e9rias Desportivas contempla, para al\u00e9m do patroc\u00ednio, a apresenta\u00e7\u00e3o da campanha de Recolha Seletiva de Res\u00edduos Org\u00e2nicos e da sua mascote \u2013 a Marafada, atrav\u00e9s de um conjunto de a\u00e7\u00f5es de sensibiliza\u00e7\u00e3o, que tiveram in\u00edcio na primeira semana de julho e v\u00e3o continuar a percorrer os diferentes n\u00facleos e turnos quinzenais at\u00e9 12 de agosto.<\/p>\n\n\n\n<p>O objetivo primordial da campanha passa por explicar ao p\u00fablico infantojuvenil o que s\u00e3o os res\u00edduos org\u00e2nicos e porqu\u00ea que \u00e9 t\u00e3o importante deposit\u00e1-los no contentor castanho, partilhando as oportunidades e benef\u00edcios de h\u00e1bitos amigos do ambiente, que promovem a circularidade e aumentam o ciclo de vida dos res\u00edduos que produzimos diariamente.<\/p>\n\n\n\n<p>As atividades de sensibiliza\u00e7\u00e3o, que se concentram no grupo et\u00e1rio estrat\u00e9gico com idades compreendidas entre os 06 e 10 anos, procura converter os mais pequenos em grandes embaixadores, que no final do dia levam para casa, at\u00e9 \u00e0s respetivas fam\u00edlias, informa\u00e7\u00e3o sobre os benef\u00edcios de participar ativamente no processo de separa\u00e7\u00e3o dos restos de comida.<\/p>\n\n\n\n<p>A EMARP, entidade promotora do projeto-piloto de Recolha Seletiva de Res\u00edduos Org\u00e2nicos, que abrange 35% da popula\u00e7\u00e3o do munic\u00edpio, assume uma estrat\u00e9gia de comunica\u00e7\u00e3o de proximidade, promovendo o contacto direto, e, atrav\u00e9s do apoio \u00e0s F\u00e9rias Desportivas de Portim\u00e3o, refor\u00e7a a sua premissa de compromisso em contribuir para uma comunidade justa, para um ambiente mais limpo e para uma vida sustent\u00e1vel.<\/p>\n","protected":false},"excerpt":{"rendered":"<p>At\u00e9 14 de agosto a equipa da empresa de \u00c1gua e Res\u00edduos de Portim\u00e3o promove, junto dos mais novos, a\u00e7\u00f5es<\/p>\n","protected":false},"author":1,"featured_media":20231,"comment_status":"closed","ping_status":"open","sticky":false,"template":"","format":"standard","meta":{"colormag_page_container_layout":"default_layout","colormag_page_sidebar_layout":"default_layout","_monsterinsights_skip_tracking":false,"_monsterinsights_sitenote_active":false,"_monsterinsights_sitenote_note":"","_monsterinsights_sitenote_category":0,"jetpack_post_was_ever_published":false,"_jetpack_newsletter_access":"","_jetpack_dont_email_post_to_subs":false,"_jetpack_newsletter_tier_id":0,"_jetpack_memberships_contains_paywalled_content":false,"_jetpack_memberships_contains_paid_content":false,"footnotes":"","jetpack_publicize_message":"","jetpack_publicize_feature_enabled":true,"jetpack_social_post_already_shared":true,"jetpack_social_options":{"image_generator_settings":{"template":"highway","default_image_id":0,"font":"","enabled":false},"version":2}},"categories":[15],"tags":[36,40,611,72],"class_list":["post-20230","post","type-post","status-publish","format-standard","has-post-thumbnail","hentry","category-desporto","tag-algarve","tag-desporto","tag-emarp","tag-portimao"],"yoast_head":"<!-- This site is optimized with the Yoast SEO plugin v27.4 - https:\/\/yoast.com\/product\/yoast-seo-wordpress\/ -->\n<title>EMARP apoia a 30\u00aa edi\u00e7\u00e3o das F\u00e9rias Desportivas e apresenta a \u201cMarafada\u201d - Algarve 7<\/title>\n<meta name=\"description\" content=\"EMARP apoia a 30\u00aa edi\u00e7\u00e3o das F\u00e9rias Desportivas e apresenta a \u201cMarafada\u201d Desporto\" \/>\n<meta name=\"robots\" content=\"index, follow, max-snippet:-1, max-image-preview:large, max-video-preview:-1\" \/>\n<link rel=\"canonical\" href=\"https:\/\/algarve7.pt\/index.php\/2022\/07\/emarp-apoia-a-30a-edicao-das-ferias-desportivas-e-apresenta-a-marafada\/desporto\/17\/20\/\" \/>\n<meta property=\"og:locale\" content=\"pt_PT\" \/>\n<meta property=\"og:type\" content=\"article\" \/>\n<meta property=\"og:title\" content=\"EMARP apoia a 30\u00aa edi\u00e7\u00e3o das F\u00e9rias Desportivas e apresenta a \u201cMarafada\u201d - Algarve 7\" \/>\n<meta property=\"og:description\" content=\"EMARP apoia a 30\u00aa edi\u00e7\u00e3o das F\u00e9rias Desportivas e apresenta a \u201cMarafada\u201d Desporto\" \/>\n<meta property=\"og:url\" content=\"https:\/\/algarve7.pt\/index.php\/2022\/07\/emarp-apoia-a-30a-edicao-das-ferias-desportivas-e-apresenta-a-marafada\/desporto\/17\/20\/\" \/>\n<meta property=\"og:site_name\" content=\"Algarve 7\" \/>\n<meta property=\"article:publisher\" content=\"https:\/\/www.facebook.com\/algarve7\" \/>\n<meta property=\"article:author\" content=\"https:\/\/www.facebook.com\/algarve7\" \/>\n<meta property=\"article:published_time\" content=\"2022-07-16T16:20:46+00:00\" \/>\n<meta property=\"article:modified_time\" content=\"2022-07-16T16:20:47+00:00\" \/>\n<meta property=\"og:image\" content=\"https:\/\/algarve7.pt\/wp-content\/uploads\/2022\/07\/Fe\u0301rias-Desportivas-scaled.jpg\" \/>\n\t<meta property=\"og:image:width\" content=\"2560\" \/>\n\t<meta property=\"og:image:height\" content=\"1485\" \/>\n\t<meta property=\"og:image:type\" content=\"image\/jpeg\" \/>\n<meta name=\"author\" content=\"Algarve 7\" \/>\n<meta name=\"twitter:card\" content=\"summary_large_image\" \/>\n<meta name=\"twitter:creator\" content=\"@Algarvesete\" \/>\n<meta name=\"twitter:site\" content=\"@Algarvesete\" \/>\n<meta name=\"twitter:label1\" content=\"Escrito por\" \/>\n\t<meta name=\"twitter:data1\" content=\"Algarve 7\" \/>\n\t<meta name=\"twitter:label2\" content=\"Tempo estimado de leitura\" \/>\n\t<meta name=\"twitter:data2\" content=\"2 minutos\" \/>\n<script type=\"application\/ld+json\" class=\"yoast-schema-graph\">{\"@context\":\"https:\\\/\\\/schema.org\",\"@graph\":[{\"@type\":\"Article\",\"@id\":\"https:\\\/\\\/algarve7.pt\\\/index.php\\\/2022\\\/07\\\/emarp-apoia-a-30a-edicao-das-ferias-desportivas-e-apresenta-a-marafada\\\/desporto\\\/17\\\/20\\\/#article\",\"isPartOf\":{\"@id\":\"https:\\\/\\\/algarve7.pt\\\/index.php\\\/2022\\\/07\\\/emarp-apoia-a-30a-edicao-das-ferias-desportivas-e-apresenta-a-marafada\\\/desporto\\\/17\\\/20\\\/\"},\"author\":{\"name\":\"Algarve 7\",\"@id\":\"https:\\\/\\\/algarve7.pt\\\/#\\\/schema\\\/person\\\/23fa70681308e7b319a3204bcea45e0c\"},\"headline\":\"EMARP apoia a 30\u00aa edi\u00e7\u00e3o das F\u00e9rias Desportivas e apresenta a \u201cMarafada\u201d\",\"datePublished\":\"2022-07-16T16:20:46+00:00\",\"dateModified\":\"2022-07-16T16:20:47+00:00\",\"mainEntityOfPage\":{\"@id\":\"https:\\\/\\\/algarve7.pt\\\/index.php\\\/2022\\\/07\\\/emarp-apoia-a-30a-edicao-das-ferias-desportivas-e-apresenta-a-marafada\\\/desporto\\\/17\\\/20\\\/\"},\"wordCount\":373,\"publisher\":{\"@id\":\"https:\\\/\\\/algarve7.pt\\\/#organization\"},\"image\":{\"@id\":\"https:\\\/\\\/algarve7.pt\\\/index.php\\\/2022\\\/07\\\/emarp-apoia-a-30a-edicao-das-ferias-desportivas-e-apresenta-a-marafada\\\/desporto\\\/17\\\/20\\\/#primaryimage\"},\"thumbnailUrl\":\"https:\\\/\\\/algarve7.pt\\\/wp-content\\\/uploads\\\/2022\\\/07\\\/Fe\u0301rias-Desportivas-scaled.jpg\",\"keywords\":[\"Algarve\",\"Desporto\",\"EMARP\",\"Portim\u00e3o\"],\"articleSection\":[\"Desporto\"],\"inLanguage\":\"pt-PT\"},{\"@type\":\"WebPage\",\"@id\":\"https:\\\/\\\/algarve7.pt\\\/index.php\\\/2022\\\/07\\\/emarp-apoia-a-30a-edicao-das-ferias-desportivas-e-apresenta-a-marafada\\\/desporto\\\/17\\\/20\\\/\",\"url\":\"https:\\\/\\\/algarve7.pt\\\/index.php\\\/2022\\\/07\\\/emarp-apoia-a-30a-edicao-das-ferias-desportivas-e-apresenta-a-marafada\\\/desporto\\\/17\\\/20\\\/\",\"name\":\"EMARP apoia a 30\u00aa edi\u00e7\u00e3o das F\u00e9rias Desportivas e apresenta a \u201cMarafada\u201d - Algarve 7\",\"isPartOf\":{\"@id\":\"https:\\\/\\\/algarve7.pt\\\/#website\"},\"primaryImageOfPage\":{\"@id\":\"https:\\\/\\\/algarve7.pt\\\/index.php\\\/2022\\\/07\\\/emarp-apoia-a-30a-edicao-das-ferias-desportivas-e-apresenta-a-marafada\\\/desporto\\\/17\\\/20\\\/#primaryimage\"},\"image\":{\"@id\":\"https:\\\/\\\/algarve7.pt\\\/index.php\\\/2022\\\/07\\\/emarp-apoia-a-30a-edicao-das-ferias-desportivas-e-apresenta-a-marafada\\\/desporto\\\/17\\\/20\\\/#primaryimage\"},\"thumbnailUrl\":\"https:\\\/\\\/algarve7.pt\\\/wp-content\\\/uploads\\\/2022\\\/07\\\/Fe\u0301rias-Desportivas-scaled.jpg\",\"datePublished\":\"2022-07-16T16:20:46+00:00\",\"dateModified\":\"2022-07-16T16:20:47+00:00\",\"description\":\"EMARP apoia a 30\u00aa edi\u00e7\u00e3o das F\u00e9rias Desportivas e apresenta a \u201cMarafada\u201d Desporto\",\"breadcrumb\":{\"@id\":\"https:\\\/\\\/algarve7.pt\\\/index.php\\\/2022\\\/07\\\/emarp-apoia-a-30a-edicao-das-ferias-desportivas-e-apresenta-a-marafada\\\/desporto\\\/17\\\/20\\\/#breadcrumb\"},\"inLanguage\":\"pt-PT\",\"potentialAction\":[{\"@type\":\"ReadAction\",\"target\":[\"https:\\\/\\\/algarve7.pt\\\/index.php\\\/2022\\\/07\\\/emarp-apoia-a-30a-edicao-das-ferias-desportivas-e-apresenta-a-marafada\\\/desporto\\\/17\\\/20\\\/\"]}]},{\"@type\":\"ImageObject\",\"inLanguage\":\"pt-PT\",\"@id\":\"https:\\\/\\\/algarve7.pt\\\/index.php\\\/2022\\\/07\\\/emarp-apoia-a-30a-edicao-das-ferias-desportivas-e-apresenta-a-marafada\\\/desporto\\\/17\\\/20\\\/#primaryimage\",\"url\":\"https:\\\/\\\/algarve7.pt\\\/wp-content\\\/uploads\\\/2022\\\/07\\\/Fe\u0301rias-Desportivas-scaled.jpg\",\"contentUrl\":\"https:\\\/\\\/algarve7.pt\\\/wp-content\\\/uploads\\\/2022\\\/07\\\/Fe\u0301rias-Desportivas-scaled.jpg\",\"width\":2560,\"height\":1485},{\"@type\":\"BreadcrumbList\",\"@id\":\"https:\\\/\\\/algarve7.pt\\\/index.php\\\/2022\\\/07\\\/emarp-apoia-a-30a-edicao-das-ferias-desportivas-e-apresenta-a-marafada\\\/desporto\\\/17\\\/20\\\/#breadcrumb\",\"itemListElement\":[{\"@type\":\"ListItem\",\"position\":1,\"name\":\"In\u00edcio\",\"item\":\"https:\\\/\\\/algarve7.pt\\\/\"},{\"@type\":\"ListItem\",\"position\":2,\"name\":\"EMARP apoia a 30\u00aa edi\u00e7\u00e3o das F\u00e9rias Desportivas e apresenta a \u201cMarafada\u201d\"}]},{\"@type\":\"WebSite\",\"@id\":\"https:\\\/\\\/algarve7.pt\\\/#website\",\"url\":\"https:\\\/\\\/algarve7.pt\\\/\",\"name\":\"Algarve 7\",\"description\":\"Informa\u00e7\u00e3o sobre o Algarve\",\"publisher\":{\"@id\":\"https:\\\/\\\/algarve7.pt\\\/#organization\"},\"potentialAction\":[{\"@type\":\"SearchAction\",\"target\":{\"@type\":\"EntryPoint\",\"urlTemplate\":\"https:\\\/\\\/algarve7.pt\\\/?s={search_term_string}\"},\"query-input\":{\"@type\":\"PropertyValueSpecification\",\"valueRequired\":true,\"valueName\":\"search_term_string\"}}],\"inLanguage\":\"pt-PT\"},{\"@type\":\"Organization\",\"@id\":\"https:\\\/\\\/algarve7.pt\\\/#organization\",\"name\":\"Algarve 7\",\"url\":\"https:\\\/\\\/algarve7.pt\\\/\",\"logo\":{\"@type\":\"ImageObject\",\"inLanguage\":\"pt-PT\",\"@id\":\"https:\\\/\\\/algarve7.pt\\\/#\\\/schema\\\/logo\\\/image\\\/\",\"url\":\"https:\\\/\\\/algarve7.pt\\\/wp-content\\\/uploads\\\/2020\\\/10\\\/Logo-8.jpg\",\"contentUrl\":\"https:\\\/\\\/algarve7.pt\\\/wp-content\\\/uploads\\\/2020\\\/10\\\/Logo-8.jpg\",\"width\":1680,\"height\":1186,\"caption\":\"Algarve 7\"},\"image\":{\"@id\":\"https:\\\/\\\/algarve7.pt\\\/#\\\/schema\\\/logo\\\/image\\\/\"},\"sameAs\":[\"https:\\\/\\\/www.facebook.com\\\/algarve7\",\"https:\\\/\\\/x.com\\\/Algarvesete\",\"https:\\\/\\\/www.instagram.com\\\/jornalalgarve7\\\/\",\"https:\\\/\\\/www.linkedin.com\\\/company\\\/algarve7\",\"https:\\\/\\\/www.pinterest.pt\\\/geral0939\\\/_created\\\/\"]},{\"@type\":\"Person\",\"@id\":\"https:\\\/\\\/algarve7.pt\\\/#\\\/schema\\\/person\\\/23fa70681308e7b319a3204bcea45e0c\",\"name\":\"Algarve 7\",\"sameAs\":[\"https:\\\/\\\/algarve7.pt\",\"https:\\\/\\\/www.facebook.com\\\/algarve7\"],\"url\":\"https:\\\/\\\/algarve7.pt\\\/index.php\\\/author\\\/geralalgarve7-pt\\\/\"}]}<\/script>\n<!-- \/ Yoast SEO plugin. -->","yoast_head_json":{"title":"EMARP apoia a 30\u00aa edi\u00e7\u00e3o das F\u00e9rias Desportivas e apresenta a \u201cMarafada\u201d - Algarve 7","description":"EMARP apoia a 30\u00aa edi\u00e7\u00e3o das F\u00e9rias Desportivas e apresenta a \u201cMarafada\u201d Desporto","robots":{"index":"index","follow":"follow","max-snippet":"max-snippet:-1","max-image-preview":"max-image-preview:large","max-video-preview":"max-video-preview:-1"},"canonical":"https:\/\/algarve7.pt\/index.php\/2022\/07\/emarp-apoia-a-30a-edicao-das-ferias-desportivas-e-apresenta-a-marafada\/desporto\/17\/20\/","og_locale":"pt_PT","og_type":"article","og_title":"EMARP apoia a 30\u00aa edi\u00e7\u00e3o das F\u00e9rias Desportivas e apresenta a \u201cMarafada\u201d - Algarve 7","og_description":"EMARP apoia a 30\u00aa edi\u00e7\u00e3o das F\u00e9rias Desportivas e apresenta a \u201cMarafada\u201d Desporto","og_url":"https:\/\/algarve7.pt\/index.php\/2022\/07\/emarp-apoia-a-30a-edicao-das-ferias-desportivas-e-apresenta-a-marafada\/desporto\/17\/20\/","og_site_name":"Algarve 7","article_publisher":"https:\/\/www.facebook.com\/algarve7","article_author":"https:\/\/www.facebook.com\/algarve7","article_published_time":"2022-07-16T16:20:46+00:00","article_modified_time":"2022-07-16T16:20:47+00:00","og_image":[{"width":2560,"height":1485,"url":"https:\/\/algarve7.pt\/wp-content\/uploads\/2022\/07\/Fe\u0301rias-Desportivas-scaled.jpg","type":"image\/jpeg"}],"author":"Algarve 7","twitter_card":"summary_large_image","twitter_creator":"@Algarvesete","twitter_site":"@Algarvesete","twitter_misc":{"Escrito por":"Algarve 7","Tempo estimado de leitura":"2 minutos"},"schema":{"@context":"https:\/\/schema.org","@graph":[{"@type":"Article","@id":"https:\/\/algarve7.pt\/index.php\/2022\/07\/emarp-apoia-a-30a-edicao-das-ferias-desportivas-e-apresenta-a-marafada\/desporto\/17\/20\/#article","isPartOf":{"@id":"https:\/\/algarve7.pt\/index.php\/2022\/07\/emarp-apoia-a-30a-edicao-das-ferias-desportivas-e-apresenta-a-marafada\/desporto\/17\/20\/"},"author":{"name":"Algarve 7","@id":"https:\/\/algarve7.pt\/#\/schema\/person\/23fa70681308e7b319a3204bcea45e0c"},"headline":"EMARP apoia a 30\u00aa edi\u00e7\u00e3o das F\u00e9rias Desportivas e apresenta a \u201cMarafada\u201d","datePublished":"2022-07-16T16:20:46+00:00","dateModified":"2022-07-16T16:20:47+00:00","mainEntityOfPage":{"@id":"https:\/\/algarve7.pt\/index.php\/2022\/07\/emarp-apoia-a-30a-edicao-das-ferias-desportivas-e-apresenta-a-marafada\/desporto\/17\/20\/"},"wordCount":373,"publisher":{"@id":"https:\/\/algarve7.pt\/#organization"},"image":{"@id":"https:\/\/algarve7.pt\/index.php\/2022\/07\/emarp-apoia-a-30a-edicao-das-ferias-desportivas-e-apresenta-a-marafada\/desporto\/17\/20\/#primaryimage"},"thumbnailUrl":"https:\/\/algarve7.pt\/wp-content\/uploads\/2022\/07\/Fe\u0301rias-Desportivas-scaled.jpg","keywords":["Algarve","Desporto","EMARP","Portim\u00e3o"],"articleSection":["Desporto"],"inLanguage":"pt-PT"},{"@type":"WebPage","@id":"https:\/\/algarve7.pt\/index.php\/2022\/07\/emarp-apoia-a-30a-edicao-das-ferias-desportivas-e-apresenta-a-marafada\/desporto\/17\/20\/","url":"https:\/\/algarve7.pt\/index.php\/2022\/07\/emarp-apoia-a-30a-edicao-das-ferias-desportivas-e-apresenta-a-marafada\/desporto\/17\/20\/","name":"EMARP apoia a 30\u00aa edi\u00e7\u00e3o das F\u00e9rias Desportivas e apresenta a \u201cMarafada\u201d - Algarve 7","isPartOf":{"@id":"https:\/\/algarve7.pt\/#website"},"primaryImageOfPage":{"@id":"https:\/\/algarve7.pt\/index.php\/2022\/07\/emarp-apoia-a-30a-edicao-das-ferias-desportivas-e-apresenta-a-marafada\/desporto\/17\/20\/#primaryimage"},"image":{"@id":"https:\/\/algarve7.pt\/index.php\/2022\/07\/emarp-apoia-a-30a-edicao-das-ferias-desportivas-e-apresenta-a-marafada\/desporto\/17\/20\/#primaryimage"},"thumbnailUrl":"https:\/\/algarve7.pt\/wp-content\/uploads\/2022\/07\/Fe\u0301rias-Desportivas-scaled.jpg","datePublished":"2022-07-16T16:20:46+00:00","dateModified":"2022-07-16T16:20:47+00:00","description":"EMARP apoia a 30\u00aa edi\u00e7\u00e3o das F\u00e9rias Desportivas e apresenta a \u201cMarafada\u201d Desporto","breadcrumb":{"@id":"https:\/\/algarve7.pt\/index.php\/2022\/07\/emarp-apoia-a-30a-edicao-das-ferias-desportivas-e-apresenta-a-marafada\/desporto\/17\/20\/#breadcrumb"},"inLanguage":"pt-PT","potentialAction":[{"@type":"ReadAction","target":["https:\/\/algarve7.pt\/index.php\/2022\/07\/emarp-apoia-a-30a-edicao-das-ferias-desportivas-e-apresenta-a-marafada\/desporto\/17\/20\/"]}]},{"@type":"ImageObject","inLanguage":"pt-PT","@id":"https:\/\/algarve7.pt\/index.php\/2022\/07\/emarp-apoia-a-30a-edicao-das-ferias-desportivas-e-apresenta-a-marafada\/desporto\/17\/20\/#primaryimage","url":"https:\/\/algarve7.pt\/wp-content\/uploads\/2022\/07\/Fe\u0301rias-Desportivas-scaled.jpg","contentUrl":"https:\/\/algarve7.pt\/wp-content\/uploads\/2022\/07\/Fe\u0301rias-Desportivas-scaled.jpg","width":2560,"height":1485},{"@type":"BreadcrumbList","@id":"https:\/\/algarve7.pt\/index.php\/2022\/07\/emarp-apoia-a-30a-edicao-das-ferias-desportivas-e-apresenta-a-marafada\/desporto\/17\/20\/#breadcrumb","itemListElement":[{"@type":"ListItem","position":1,"name":"In\u00edcio","item":"https:\/\/algarve7.pt\/"},{"@type":"ListItem","position":2,"name":"EMARP apoia a 30\u00aa edi\u00e7\u00e3o das F\u00e9rias Desportivas e apresenta a \u201cMarafada\u201d"}]},{"@type":"WebSite","@id":"https:\/\/algarve7.pt\/#website","url":"https:\/\/algarve7.pt\/","name":"Algarve 7","description":"Informa\u00e7\u00e3o sobre o Algarve","publisher":{"@id":"https:\/\/algarve7.pt\/#organization"},"potentialAction":[{"@type":"SearchAction","target":{"@type":"EntryPoint","urlTemplate":"https:\/\/algarve7.pt\/?s={search_term_string}"},"query-input":{"@type":"PropertyValueSpecification","valueRequired":true,"valueName":"search_term_string"}}],"inLanguage":"pt-PT"},{"@type":"Organization","@id":"https:\/\/algarve7.pt\/#organization","name":"Algarve 7","url":"https:\/\/algarve7.pt\/","logo":{"@type":"ImageObject","inLanguage":"pt-PT","@id":"https:\/\/algarve7.pt\/#\/schema\/logo\/image\/","url":"https:\/\/algarve7.pt\/wp-content\/uploads\/2020\/10\/Logo-8.jpg","contentUrl":"https:\/\/algarve7.pt\/wp-content\/uploads\/2020\/10\/Logo-8.jpg","width":1680,"height":1186,"caption":"Algarve 7"},"image":{"@id":"https:\/\/algarve7.pt\/#\/schema\/logo\/image\/"},"sameAs":["https:\/\/www.facebook.com\/algarve7","https:\/\/x.com\/Algarvesete","https:\/\/www.instagram.com\/jornalalgarve7\/","https:\/\/www.linkedin.com\/company\/algarve7","https:\/\/www.pinterest.pt\/geral0939\/_created\/"]},{"@type":"Person","@id":"https:\/\/algarve7.pt\/#\/schema\/person\/23fa70681308e7b319a3204bcea45e0c","name":"Algarve 7","sameAs":["https:\/\/algarve7.pt","https:\/\/www.facebook.com\/algarve7"],"url":"https:\/\/algarve7.pt\/index.php\/author\/geralalgarve7-pt\/"}]}},"jetpack_publicize_connections":[],"jetpack_featured_media_url":"https:\/\/algarve7.pt\/wp-content\/uploads\/2022\/07\/Fe\u0301rias-Desportivas-scaled.jpg","jetpack_shortlink":"https:\/\/wp.me\/pcezmW-5gi","jetpack_sharing_enabled":true,"_links":{"self":[{"href":"https:\/\/algarve7.pt\/index.php\/wp-json\/wp\/v2\/posts\/20230","targetHints":{"allow":["GET"]}}],"collection":[{"href":"https:\/\/algarve7.pt\/index.php\/wp-json\/wp\/v2\/posts"}],"about":[{"href":"https:\/\/algarve7.pt\/index.php\/wp-json\/wp\/v2\/types\/post"}],"author":[{"embeddable":true,"href":"https:\/\/algarve7.pt\/index.php\/wp-json\/wp\/v2\/users\/1"}],"replies":[{"embeddable":true,"href":"https:\/\/algarve7.pt\/index.php\/wp-json\/wp\/v2\/comments?post=20230"}],"version-history":[{"count":0,"href":"https:\/\/algarve7.pt\/index.php\/wp-json\/wp\/v2\/posts\/20230\/revisions"}],"wp:featuredmedia":[{"embeddable":true,"href":"https:\/\/algarve7.pt\/index.php\/wp-json\/wp\/v2\/media\/20231"}],"wp:attachment":[{"href":"https:\/\/algarve7.pt\/index.php\/wp-json\/wp\/v2\/media?parent=20230"}],"wp:term":[{"taxonomy":"category","embeddable":true,"href":"https:\/\/algarve7.pt\/index.php\/wp-json\/wp\/v2\/categories?post=20230"},{"taxonomy":"post_tag","embeddable":true,"href":"https:\/\/algarve7.pt\/index.php\/wp-json\/wp\/v2\/tags?post=20230"}],"curies":[{"name":"wp","href":"https:\/\/api.w.org\/{rel}","templated":true}]}}