{"id":20180,"date":"2022-07-14T15:01:36","date_gmt":"2022-07-14T14:01:36","guid":{"rendered":"https:\/\/algarve7.pt\/?p=20180"},"modified":"2022-07-14T15:04:08","modified_gmt":"2022-07-14T14:04:08","slug":"apresentacao-o-livro-infantil-tristao-e-risolda-em-lagoa","status":"publish","type":"post","link":"https:\/\/algarve7.pt\/index.php\/2022\/07\/apresentacao-o-livro-infantil-tristao-e-risolda-em-lagoa\/cultura\/15\/01\/","title":{"rendered":"Apresenta\u00e7\u00e3o do Livro Infantil \u201cTrist\u00e3o e Risolda\u201d em Lagoa"},"content":{"rendered":"\n<p>A&nbsp;Biblioteca Municipal de Lagoa apresenta o Livro Infantil \u201c<strong>Trist\u00e3o e Risolda<\/strong>\u201d de Porventura Correia (pseud\u00f3nimo de David Roque), pelas 18h30, no proximo dia 19 de julho na sala Polivalente da biblioteca municipal . A entrada \u00e9 gratuita sujeita \u00e0 lota\u00e7\u00e3o de lugares.<\/p>\n\n\n\n<p><strong>Sinopse<\/strong>: O que pode acontecer quando um rapaz muito triste encontra no seu caminho uma menina com um sorriso incans\u00e1vel? A hist\u00f3ria de Trist\u00e3o e Risolda conta-nos as aventuras de duas crian\u00e7as que vivem em mundos afastados e muito diferentes. Ter\u00e1 Risolda a for\u00e7a para destruir o sentimento sombrio de Trist\u00e3o?<\/p>\n\n\n\n<p>Para crian\u00e7as e adultos, junte-se a n\u00f3s nesta apresenta\u00e7\u00e3o e fique a conhecer a hist\u00f3ria de Trist\u00e3o e Risolda pelo seu autor Porventura Correia.<\/p>\n","protected":false},"excerpt":{"rendered":"<p>A&nbsp;Biblioteca Municipal de Lagoa apresenta o Livro Infantil \u201cTrist\u00e3o e Risolda\u201d de Porventura Correia (pseud\u00f3nimo de David Roque), pelas 18h30,<\/p>\n","protected":false},"author":1,"featured_media":20181,"comment_status":"closed","ping_status":"open","sticky":false,"template":"","format":"standard","meta":{"colormag_page_container_layout":"default_layout","colormag_page_sidebar_layout":"default_layout","_monsterinsights_skip_tracking":false,"_monsterinsights_sitenote_active":false,"_monsterinsights_sitenote_note":"","_monsterinsights_sitenote_category":0,"jetpack_post_was_ever_published":false,"_jetpack_newsletter_access":"","_jetpack_dont_email_post_to_subs":false,"_jetpack_newsletter_tier_id":0,"_jetpack_memberships_contains_paywalled_content":false,"_jetpack_memberships_contains_paid_content":false,"footnotes":"","jetpack_publicize_message":"","jetpack_publicize_feature_enabled":true,"jetpack_social_post_already_shared":true,"jetpack_social_options":{"image_generator_settings":{"template":"highway","default_image_id":0,"font":"","enabled":false},"version":2}},"categories":[14],"tags":[36,88,35,48,201],"class_list":["post-20180","post","type-post","status-publish","format-standard","has-post-thumbnail","hentry","category-cultura","tag-algarve","tag-biblioteca","tag-cultura","tag-lagoa","tag-livros"],"yoast_head":"<!-- This site is optimized with the Yoast SEO plugin v27.5 - https:\/\/yoast.com\/product\/yoast-seo-wordpress\/ -->\n<title>Apresenta\u00e7\u00e3o do Livro Infantil \u201cTrist\u00e3o e Risolda\u201d em Lagoa - Algarve 7<\/title>\n<meta name=\"description\" content=\"Apresenta\u00e7\u00e3o do Livro Infantil \u201cTrist\u00e3o e Risolda\u201d em Lagoa Cultura\" \/>\n<meta name=\"robots\" content=\"index, follow, max-snippet:-1, max-image-preview:large, max-video-preview:-1\" \/>\n<link rel=\"canonical\" href=\"https:\/\/algarve7.pt\/index.php\/2022\/07\/apresentacao-o-livro-infantil-tristao-e-risolda-em-lagoa\/cultura\/15\/01\/\" \/>\n<meta property=\"og:locale\" content=\"pt_PT\" \/>\n<meta property=\"og:type\" content=\"article\" \/>\n<meta property=\"og:title\" content=\"Apresenta\u00e7\u00e3o do Livro Infantil \u201cTrist\u00e3o e Risolda\u201d em Lagoa - Algarve 7\" \/>\n<meta property=\"og:description\" content=\"Apresenta\u00e7\u00e3o do Livro Infantil \u201cTrist\u00e3o e Risolda\u201d em Lagoa Cultura\" \/>\n<meta property=\"og:url\" content=\"https:\/\/algarve7.pt\/index.php\/2022\/07\/apresentacao-o-livro-infantil-tristao-e-risolda-em-lagoa\/cultura\/15\/01\/\" \/>\n<meta property=\"og:site_name\" content=\"Algarve 7\" \/>\n<meta property=\"article:publisher\" content=\"https:\/\/www.facebook.com\/algarve7\" \/>\n<meta property=\"article:author\" content=\"https:\/\/www.facebook.com\/algarve7\" \/>\n<meta property=\"article:published_time\" content=\"2022-07-14T14:01:36+00:00\" \/>\n<meta property=\"article:modified_time\" content=\"2022-07-14T14:04:08+00:00\" \/>\n<meta property=\"og:image\" content=\"https:\/\/algarve7.pt\/wp-content\/uploads\/2022\/07\/Captura-de-ecra\u0303-2022-07-14-a\u0300s-14.57.32.png\" \/>\n\t<meta property=\"og:image:width\" content=\"1568\" \/>\n\t<meta property=\"og:image:height\" content=\"1168\" \/>\n\t<meta property=\"og:image:type\" content=\"image\/png\" \/>\n<meta name=\"author\" content=\"Algarve 7\" \/>\n<meta name=\"twitter:card\" content=\"summary_large_image\" \/>\n<meta name=\"twitter:creator\" content=\"@Algarvesete\" \/>\n<meta name=\"twitter:site\" content=\"@Algarvesete\" \/>\n<meta name=\"twitter:label1\" content=\"Escrito por\" \/>\n\t<meta name=\"twitter:data1\" content=\"Algarve 7\" \/>\n\t<meta name=\"twitter:label2\" content=\"Tempo estimado de leitura\" \/>\n\t<meta name=\"twitter:data2\" content=\"1 minuto\" \/>\n<script type=\"application\/ld+json\" class=\"yoast-schema-graph\">{\"@context\":\"https:\\\/\\\/schema.org\",\"@graph\":[{\"@type\":\"Article\",\"@id\":\"https:\\\/\\\/algarve7.pt\\\/index.php\\\/2022\\\/07\\\/apresentacao-o-livro-infantil-tristao-e-risolda-em-lagoa\\\/cultura\\\/15\\\/01\\\/#article\",\"isPartOf\":{\"@id\":\"https:\\\/\\\/algarve7.pt\\\/index.php\\\/2022\\\/07\\\/apresentacao-o-livro-infantil-tristao-e-risolda-em-lagoa\\\/cultura\\\/15\\\/01\\\/\"},\"author\":{\"name\":\"Algarve 7\",\"@id\":\"https:\\\/\\\/algarve7.pt\\\/#\\\/schema\\\/person\\\/23fa70681308e7b319a3204bcea45e0c\"},\"headline\":\"Apresenta\u00e7\u00e3o do Livro Infantil \u201cTrist\u00e3o e Risolda\u201d em Lagoa\",\"datePublished\":\"2022-07-14T14:01:36+00:00\",\"dateModified\":\"2022-07-14T14:04:08+00:00\",\"mainEntityOfPage\":{\"@id\":\"https:\\\/\\\/algarve7.pt\\\/index.php\\\/2022\\\/07\\\/apresentacao-o-livro-infantil-tristao-e-risolda-em-lagoa\\\/cultura\\\/15\\\/01\\\/\"},\"wordCount\":140,\"publisher\":{\"@id\":\"https:\\\/\\\/algarve7.pt\\\/#organization\"},\"image\":{\"@id\":\"https:\\\/\\\/algarve7.pt\\\/index.php\\\/2022\\\/07\\\/apresentacao-o-livro-infantil-tristao-e-risolda-em-lagoa\\\/cultura\\\/15\\\/01\\\/#primaryimage\"},\"thumbnailUrl\":\"https:\\\/\\\/algarve7.pt\\\/wp-content\\\/uploads\\\/2022\\\/07\\\/Captura-de-ecra\u0303-2022-07-14-a\u0300s-14.57.32.png\",\"keywords\":[\"Algarve\",\"Biblioteca\",\"Cultura\",\"Lagoa\",\"Livros\"],\"articleSection\":[\"Cultura\"],\"inLanguage\":\"pt-PT\"},{\"@type\":\"WebPage\",\"@id\":\"https:\\\/\\\/algarve7.pt\\\/index.php\\\/2022\\\/07\\\/apresentacao-o-livro-infantil-tristao-e-risolda-em-lagoa\\\/cultura\\\/15\\\/01\\\/\",\"url\":\"https:\\\/\\\/algarve7.pt\\\/index.php\\\/2022\\\/07\\\/apresentacao-o-livro-infantil-tristao-e-risolda-em-lagoa\\\/cultura\\\/15\\\/01\\\/\",\"name\":\"Apresenta\u00e7\u00e3o do Livro Infantil \u201cTrist\u00e3o e Risolda\u201d em Lagoa - Algarve 7\",\"isPartOf\":{\"@id\":\"https:\\\/\\\/algarve7.pt\\\/#website\"},\"primaryImageOfPage\":{\"@id\":\"https:\\\/\\\/algarve7.pt\\\/index.php\\\/2022\\\/07\\\/apresentacao-o-livro-infantil-tristao-e-risolda-em-lagoa\\\/cultura\\\/15\\\/01\\\/#primaryimage\"},\"image\":{\"@id\":\"https:\\\/\\\/algarve7.pt\\\/index.php\\\/2022\\\/07\\\/apresentacao-o-livro-infantil-tristao-e-risolda-em-lagoa\\\/cultura\\\/15\\\/01\\\/#primaryimage\"},\"thumbnailUrl\":\"https:\\\/\\\/algarve7.pt\\\/wp-content\\\/uploads\\\/2022\\\/07\\\/Captura-de-ecra\u0303-2022-07-14-a\u0300s-14.57.32.png\",\"datePublished\":\"2022-07-14T14:01:36+00:00\",\"dateModified\":\"2022-07-14T14:04:08+00:00\",\"description\":\"Apresenta\u00e7\u00e3o do Livro Infantil \u201cTrist\u00e3o e Risolda\u201d em Lagoa Cultura\",\"breadcrumb\":{\"@id\":\"https:\\\/\\\/algarve7.pt\\\/index.php\\\/2022\\\/07\\\/apresentacao-o-livro-infantil-tristao-e-risolda-em-lagoa\\\/cultura\\\/15\\\/01\\\/#breadcrumb\"},\"inLanguage\":\"pt-PT\",\"potentialAction\":[{\"@type\":\"ReadAction\",\"target\":[\"https:\\\/\\\/algarve7.pt\\\/index.php\\\/2022\\\/07\\\/apresentacao-o-livro-infantil-tristao-e-risolda-em-lagoa\\\/cultura\\\/15\\\/01\\\/\"]}]},{\"@type\":\"ImageObject\",\"inLanguage\":\"pt-PT\",\"@id\":\"https:\\\/\\\/algarve7.pt\\\/index.php\\\/2022\\\/07\\\/apresentacao-o-livro-infantil-tristao-e-risolda-em-lagoa\\\/cultura\\\/15\\\/01\\\/#primaryimage\",\"url\":\"https:\\\/\\\/algarve7.pt\\\/wp-content\\\/uploads\\\/2022\\\/07\\\/Captura-de-ecra\u0303-2022-07-14-a\u0300s-14.57.32.png\",\"contentUrl\":\"https:\\\/\\\/algarve7.pt\\\/wp-content\\\/uploads\\\/2022\\\/07\\\/Captura-de-ecra\u0303-2022-07-14-a\u0300s-14.57.32.png\",\"width\":1568,\"height\":1168},{\"@type\":\"BreadcrumbList\",\"@id\":\"https:\\\/\\\/algarve7.pt\\\/index.php\\\/2022\\\/07\\\/apresentacao-o-livro-infantil-tristao-e-risolda-em-lagoa\\\/cultura\\\/15\\\/01\\\/#breadcrumb\",\"itemListElement\":[{\"@type\":\"ListItem\",\"position\":1,\"name\":\"In\u00edcio\",\"item\":\"https:\\\/\\\/algarve7.pt\\\/\"},{\"@type\":\"ListItem\",\"position\":2,\"name\":\"Apresenta\u00e7\u00e3o do Livro Infantil \u201cTrist\u00e3o e Risolda\u201d em Lagoa\"}]},{\"@type\":\"WebSite\",\"@id\":\"https:\\\/\\\/algarve7.pt\\\/#website\",\"url\":\"https:\\\/\\\/algarve7.pt\\\/\",\"name\":\"Algarve 7\",\"description\":\"Informa\u00e7\u00e3o sobre o Algarve\",\"publisher\":{\"@id\":\"https:\\\/\\\/algarve7.pt\\\/#organization\"},\"potentialAction\":[{\"@type\":\"SearchAction\",\"target\":{\"@type\":\"EntryPoint\",\"urlTemplate\":\"https:\\\/\\\/algarve7.pt\\\/?s={search_term_string}\"},\"query-input\":{\"@type\":\"PropertyValueSpecification\",\"valueRequired\":true,\"valueName\":\"search_term_string\"}}],\"inLanguage\":\"pt-PT\"},{\"@type\":\"Organization\",\"@id\":\"https:\\\/\\\/algarve7.pt\\\/#organization\",\"name\":\"Algarve 7\",\"url\":\"https:\\\/\\\/algarve7.pt\\\/\",\"logo\":{\"@type\":\"ImageObject\",\"inLanguage\":\"pt-PT\",\"@id\":\"https:\\\/\\\/algarve7.pt\\\/#\\\/schema\\\/logo\\\/image\\\/\",\"url\":\"https:\\\/\\\/algarve7.pt\\\/wp-content\\\/uploads\\\/2020\\\/10\\\/Logo-8.jpg\",\"contentUrl\":\"https:\\\/\\\/algarve7.pt\\\/wp-content\\\/uploads\\\/2020\\\/10\\\/Logo-8.jpg\",\"width\":1680,\"height\":1186,\"caption\":\"Algarve 7\"},\"image\":{\"@id\":\"https:\\\/\\\/algarve7.pt\\\/#\\\/schema\\\/logo\\\/image\\\/\"},\"sameAs\":[\"https:\\\/\\\/www.facebook.com\\\/algarve7\",\"https:\\\/\\\/x.com\\\/Algarvesete\",\"https:\\\/\\\/www.instagram.com\\\/jornalalgarve7\\\/\",\"https:\\\/\\\/www.linkedin.com\\\/company\\\/algarve7\",\"https:\\\/\\\/www.pinterest.pt\\\/geral0939\\\/_created\\\/\"]},{\"@type\":\"Person\",\"@id\":\"https:\\\/\\\/algarve7.pt\\\/#\\\/schema\\\/person\\\/23fa70681308e7b319a3204bcea45e0c\",\"name\":\"Algarve 7\",\"sameAs\":[\"https:\\\/\\\/algarve7.pt\",\"https:\\\/\\\/www.facebook.com\\\/algarve7\"],\"url\":\"https:\\\/\\\/algarve7.pt\\\/index.php\\\/author\\\/geralalgarve7-pt\\\/\"}]}<\/script>\n<!-- \/ Yoast SEO plugin. -->","yoast_head_json":{"title":"Apresenta\u00e7\u00e3o do Livro Infantil \u201cTrist\u00e3o e Risolda\u201d em Lagoa - Algarve 7","description":"Apresenta\u00e7\u00e3o do Livro Infantil \u201cTrist\u00e3o e Risolda\u201d em Lagoa Cultura","robots":{"index":"index","follow":"follow","max-snippet":"max-snippet:-1","max-image-preview":"max-image-preview:large","max-video-preview":"max-video-preview:-1"},"canonical":"https:\/\/algarve7.pt\/index.php\/2022\/07\/apresentacao-o-livro-infantil-tristao-e-risolda-em-lagoa\/cultura\/15\/01\/","og_locale":"pt_PT","og_type":"article","og_title":"Apresenta\u00e7\u00e3o do Livro Infantil \u201cTrist\u00e3o e Risolda\u201d em Lagoa - Algarve 7","og_description":"Apresenta\u00e7\u00e3o do Livro Infantil \u201cTrist\u00e3o e Risolda\u201d em Lagoa Cultura","og_url":"https:\/\/algarve7.pt\/index.php\/2022\/07\/apresentacao-o-livro-infantil-tristao-e-risolda-em-lagoa\/cultura\/15\/01\/","og_site_name":"Algarve 7","article_publisher":"https:\/\/www.facebook.com\/algarve7","article_author":"https:\/\/www.facebook.com\/algarve7","article_published_time":"2022-07-14T14:01:36+00:00","article_modified_time":"2022-07-14T14:04:08+00:00","og_image":[{"width":1568,"height":1168,"url":"https:\/\/algarve7.pt\/wp-content\/uploads\/2022\/07\/Captura-de-ecra\u0303-2022-07-14-a\u0300s-14.57.32.png","type":"image\/png"}],"author":"Algarve 7","twitter_card":"summary_large_image","twitter_creator":"@Algarvesete","twitter_site":"@Algarvesete","twitter_misc":{"Escrito por":"Algarve 7","Tempo estimado de leitura":"1 minuto"},"schema":{"@context":"https:\/\/schema.org","@graph":[{"@type":"Article","@id":"https:\/\/algarve7.pt\/index.php\/2022\/07\/apresentacao-o-livro-infantil-tristao-e-risolda-em-lagoa\/cultura\/15\/01\/#article","isPartOf":{"@id":"https:\/\/algarve7.pt\/index.php\/2022\/07\/apresentacao-o-livro-infantil-tristao-e-risolda-em-lagoa\/cultura\/15\/01\/"},"author":{"name":"Algarve 7","@id":"https:\/\/algarve7.pt\/#\/schema\/person\/23fa70681308e7b319a3204bcea45e0c"},"headline":"Apresenta\u00e7\u00e3o do Livro Infantil \u201cTrist\u00e3o e Risolda\u201d em Lagoa","datePublished":"2022-07-14T14:01:36+00:00","dateModified":"2022-07-14T14:04:08+00:00","mainEntityOfPage":{"@id":"https:\/\/algarve7.pt\/index.php\/2022\/07\/apresentacao-o-livro-infantil-tristao-e-risolda-em-lagoa\/cultura\/15\/01\/"},"wordCount":140,"publisher":{"@id":"https:\/\/algarve7.pt\/#organization"},"image":{"@id":"https:\/\/algarve7.pt\/index.php\/2022\/07\/apresentacao-o-livro-infantil-tristao-e-risolda-em-lagoa\/cultura\/15\/01\/#primaryimage"},"thumbnailUrl":"https:\/\/algarve7.pt\/wp-content\/uploads\/2022\/07\/Captura-de-ecra\u0303-2022-07-14-a\u0300s-14.57.32.png","keywords":["Algarve","Biblioteca","Cultura","Lagoa","Livros"],"articleSection":["Cultura"],"inLanguage":"pt-PT"},{"@type":"WebPage","@id":"https:\/\/algarve7.pt\/index.php\/2022\/07\/apresentacao-o-livro-infantil-tristao-e-risolda-em-lagoa\/cultura\/15\/01\/","url":"https:\/\/algarve7.pt\/index.php\/2022\/07\/apresentacao-o-livro-infantil-tristao-e-risolda-em-lagoa\/cultura\/15\/01\/","name":"Apresenta\u00e7\u00e3o do Livro Infantil \u201cTrist\u00e3o e Risolda\u201d em Lagoa - Algarve 7","isPartOf":{"@id":"https:\/\/algarve7.pt\/#website"},"primaryImageOfPage":{"@id":"https:\/\/algarve7.pt\/index.php\/2022\/07\/apresentacao-o-livro-infantil-tristao-e-risolda-em-lagoa\/cultura\/15\/01\/#primaryimage"},"image":{"@id":"https:\/\/algarve7.pt\/index.php\/2022\/07\/apresentacao-o-livro-infantil-tristao-e-risolda-em-lagoa\/cultura\/15\/01\/#primaryimage"},"thumbnailUrl":"https:\/\/algarve7.pt\/wp-content\/uploads\/2022\/07\/Captura-de-ecra\u0303-2022-07-14-a\u0300s-14.57.32.png","datePublished":"2022-07-14T14:01:36+00:00","dateModified":"2022-07-14T14:04:08+00:00","description":"Apresenta\u00e7\u00e3o do Livro Infantil \u201cTrist\u00e3o e Risolda\u201d em Lagoa Cultura","breadcrumb":{"@id":"https:\/\/algarve7.pt\/index.php\/2022\/07\/apresentacao-o-livro-infantil-tristao-e-risolda-em-lagoa\/cultura\/15\/01\/#breadcrumb"},"inLanguage":"pt-PT","potentialAction":[{"@type":"ReadAction","target":["https:\/\/algarve7.pt\/index.php\/2022\/07\/apresentacao-o-livro-infantil-tristao-e-risolda-em-lagoa\/cultura\/15\/01\/"]}]},{"@type":"ImageObject","inLanguage":"pt-PT","@id":"https:\/\/algarve7.pt\/index.php\/2022\/07\/apresentacao-o-livro-infantil-tristao-e-risolda-em-lagoa\/cultura\/15\/01\/#primaryimage","url":"https:\/\/algarve7.pt\/wp-content\/uploads\/2022\/07\/Captura-de-ecra\u0303-2022-07-14-a\u0300s-14.57.32.png","contentUrl":"https:\/\/algarve7.pt\/wp-content\/uploads\/2022\/07\/Captura-de-ecra\u0303-2022-07-14-a\u0300s-14.57.32.png","width":1568,"height":1168},{"@type":"BreadcrumbList","@id":"https:\/\/algarve7.pt\/index.php\/2022\/07\/apresentacao-o-livro-infantil-tristao-e-risolda-em-lagoa\/cultura\/15\/01\/#breadcrumb","itemListElement":[{"@type":"ListItem","position":1,"name":"In\u00edcio","item":"https:\/\/algarve7.pt\/"},{"@type":"ListItem","position":2,"name":"Apresenta\u00e7\u00e3o do Livro Infantil \u201cTrist\u00e3o e Risolda\u201d em Lagoa"}]},{"@type":"WebSite","@id":"https:\/\/algarve7.pt\/#website","url":"https:\/\/algarve7.pt\/","name":"Algarve 7","description":"Informa\u00e7\u00e3o sobre o Algarve","publisher":{"@id":"https:\/\/algarve7.pt\/#organization"},"potentialAction":[{"@type":"SearchAction","target":{"@type":"EntryPoint","urlTemplate":"https:\/\/algarve7.pt\/?s={search_term_string}"},"query-input":{"@type":"PropertyValueSpecification","valueRequired":true,"valueName":"search_term_string"}}],"inLanguage":"pt-PT"},{"@type":"Organization","@id":"https:\/\/algarve7.pt\/#organization","name":"Algarve 7","url":"https:\/\/algarve7.pt\/","logo":{"@type":"ImageObject","inLanguage":"pt-PT","@id":"https:\/\/algarve7.pt\/#\/schema\/logo\/image\/","url":"https:\/\/algarve7.pt\/wp-content\/uploads\/2020\/10\/Logo-8.jpg","contentUrl":"https:\/\/algarve7.pt\/wp-content\/uploads\/2020\/10\/Logo-8.jpg","width":1680,"height":1186,"caption":"Algarve 7"},"image":{"@id":"https:\/\/algarve7.pt\/#\/schema\/logo\/image\/"},"sameAs":["https:\/\/www.facebook.com\/algarve7","https:\/\/x.com\/Algarvesete","https:\/\/www.instagram.com\/jornalalgarve7\/","https:\/\/www.linkedin.com\/company\/algarve7","https:\/\/www.pinterest.pt\/geral0939\/_created\/"]},{"@type":"Person","@id":"https:\/\/algarve7.pt\/#\/schema\/person\/23fa70681308e7b319a3204bcea45e0c","name":"Algarve 7","sameAs":["https:\/\/algarve7.pt","https:\/\/www.facebook.com\/algarve7"],"url":"https:\/\/algarve7.pt\/index.php\/author\/geralalgarve7-pt\/"}]}},"jetpack_publicize_connections":[],"jetpack_featured_media_url":"https:\/\/algarve7.pt\/wp-content\/uploads\/2022\/07\/Captura-de-ecra\u0303-2022-07-14-a\u0300s-14.57.32.png","jetpack_shortlink":"https:\/\/wp.me\/pcezmW-5fu","jetpack_sharing_enabled":true,"_links":{"self":[{"href":"https:\/\/algarve7.pt\/index.php\/wp-json\/wp\/v2\/posts\/20180","targetHints":{"allow":["GET"]}}],"collection":[{"href":"https:\/\/algarve7.pt\/index.php\/wp-json\/wp\/v2\/posts"}],"about":[{"href":"https:\/\/algarve7.pt\/index.php\/wp-json\/wp\/v2\/types\/post"}],"author":[{"embeddable":true,"href":"https:\/\/algarve7.pt\/index.php\/wp-json\/wp\/v2\/users\/1"}],"replies":[{"embeddable":true,"href":"https:\/\/algarve7.pt\/index.php\/wp-json\/wp\/v2\/comments?post=20180"}],"version-history":[{"count":0,"href":"https:\/\/algarve7.pt\/index.php\/wp-json\/wp\/v2\/posts\/20180\/revisions"}],"wp:featuredmedia":[{"embeddable":true,"href":"https:\/\/algarve7.pt\/index.php\/wp-json\/wp\/v2\/media\/20181"}],"wp:attachment":[{"href":"https:\/\/algarve7.pt\/index.php\/wp-json\/wp\/v2\/media?parent=20180"}],"wp:term":[{"taxonomy":"category","embeddable":true,"href":"https:\/\/algarve7.pt\/index.php\/wp-json\/wp\/v2\/categories?post=20180"},{"taxonomy":"post_tag","embeddable":true,"href":"https:\/\/algarve7.pt\/index.php\/wp-json\/wp\/v2\/tags?post=20180"}],"curies":[{"name":"wp","href":"https:\/\/api.w.org\/{rel}","templated":true}]}}