{"id":20146,"date":"2022-07-12T19:21:56","date_gmt":"2022-07-12T18:21:56","guid":{"rendered":"https:\/\/algarve7.pt\/?p=20146"},"modified":"2022-07-12T19:21:57","modified_gmt":"2022-07-12T18:21:57","slug":"portimao-reforca-vigilancia-nas-areas-rurais-do-concelho-devido-ao-elevado-risco-de-incendios-rurais","status":"publish","type":"post","link":"https:\/\/algarve7.pt\/index.php\/2022\/07\/portimao-reforca-vigilancia-nas-areas-rurais-do-concelho-devido-ao-elevado-risco-de-incendios-rurais\/ambiente\/19\/21\/","title":{"rendered":"Portim\u00e3o refor\u00e7a vigil\u00e2ncia nas \u00e1reas rurais do concelho devido ao elevado risco de inc\u00eandios rurais"},"content":{"rendered":"\n<p class=\"wp-block-paragraph\">Em reuni\u00e3o extraordin\u00e1ria realizada ontem, 11 de julho, a Comiss\u00e3o Municipal de Prote\u00e7\u00e3o Civil de Portim\u00e3o (CMPC) deliberou aprovar um conjunto de medidas de autoprote\u00e7\u00e3o e de antecipa\u00e7\u00e3o, a implementar no terreno como resposta a uma eventual ocorr\u00eancia de inc\u00eandio rural.<\/p>\n\n\n\n<p class=\"wp-block-paragraph\">As medidas, que est\u00e3o em vigor at\u00e9 \u00e0s 23h59 de 15 de julho, relacionam-se com a passagem ao Estado de Alerta Especial de N\u00edvel Vermelho em todo o territ\u00f3rio continental, na sequ\u00eancia do despacho de Situa\u00e7\u00e3o de Conting\u00eancia emitido no \u00e2mbito da Lei de Bases da Prote\u00e7\u00e3o Civil, devido ao agravamento da severidade meteorol\u00f3gica.<\/p>\n\n\n\n<p class=\"wp-block-paragraph\">Em consequ\u00eancia, o Centro Municipal de Emerg\u00eancia de Prote\u00e7\u00e3o Civil de Portim\u00e3o (CMEPC) emitiu um comunicado t\u00e9cnico operacional, onde constam medidas como o refor\u00e7o da vigil\u00e2ncia nas \u00e1reas rurais e de interface periurbano, a proibi\u00e7\u00e3o de utiliza\u00e7\u00e3o de fogo de artificio e a mobiliza\u00e7\u00e3o de cem por cento do efetivo do Corpo de Bombeiros de Portim\u00e3o, assim como o pr\u00e9-posicionamento de meios de refor\u00e7o ao Dispositivo Especial de Combate a Inc\u00eandios Rurais nas zonas de maior perigo, nomeadamente uma brigada de combate a inc\u00eandios com m\u00e1quina de rastos no Kart\u00f3dromo Internacional do Algarve, uma equipa de combate a inc\u00eandios com m\u00e1quina de rastos na Senhora do Verde e uma m\u00e1quina de rastos no Rasmalho.<\/p>\n\n\n\n<p class=\"wp-block-paragraph\">Tamb\u00e9m haver\u00e1 refor\u00e7o da monitoriza\u00e7\u00e3o atrav\u00e9s da Sala Municipal de Opera\u00e7\u00f5es e Gest\u00e3o de Emerg\u00eancias (SALMOGE) do CMEPC de Portim\u00e3o e o aumento de prontid\u00e3o dos mecanismos de sustenta\u00e7\u00e3o log\u00edstica alimentar, sendo igualmente definidas zonas de concentra\u00e7\u00e3o e apoio da popula\u00e7\u00e3o em cada freguesia, refor\u00e7ada a capacidade log\u00edstica com meios e recursos de apoio \u00e0 sustenta\u00e7\u00e3o das opera\u00e7\u00f5es dos v\u00e1rios agentes de Prote\u00e7\u00e3o Civil e entidades cooperantes.<\/p>\n\n\n\n<p class=\"wp-block-paragraph\">Destaque ainda para a monitoriza\u00e7\u00e3o a\u00e9rea com recurso a drone nos per\u00edodos mais cr\u00edticos e para a prontid\u00e3o e enquadramento de guias, no sentido de facilitar o acesso a meios de combate provenientes de outras zonas do pa\u00eds, bem como a articula\u00e7\u00e3o com os oficiais de seguran\u00e7a local dos programas \u201cAldeia Segura\u201d e \u201cPessoas Seguras\u201d.<\/p>\n\n\n\n<p class=\"wp-block-paragraph\">Na reuni\u00e3o de ontem tamb\u00e9m foi decidido adaptar os mecanismos de coordena\u00e7\u00e3o e sustenta\u00e7\u00e3o log\u00edstica do Posto de Comando Municipal (PCMun), a funcionar 24 horas por dia enquanto vigorar a Situa\u00e7\u00e3o de Conting\u00eancia, assegurando uma efetiva monitoriza\u00e7\u00e3o, com vista a antecipar a rea\u00e7\u00e3o a qualquer ocorr\u00eancia de forma integrada, musculada e fulminante, face ao incremento do risco de inc\u00eandio rural.<\/p>\n\n\n\n<p class=\"wp-block-paragraph\">Al\u00e9m disso, \u00e9 aumentada a prontid\u00e3o da Comiss\u00e3o Municipal de Prote\u00e7\u00e3o Civil de Portim\u00e3o, para assegurar a plena e atempada coordena\u00e7\u00e3o institucional e gest\u00e3o da participa\u00e7\u00e3o dos meios e recursos de cada for\u00e7a na preven\u00e7\u00e3o, combate e assist\u00eancia \u00e0s eventuais ocorr\u00eancias que se registem no concelho.<\/p>\n","protected":false},"excerpt":{"rendered":"<p>Em reuni\u00e3o extraordin\u00e1ria realizada ontem, 11 de julho, a Comiss\u00e3o Municipal de Prote\u00e7\u00e3o Civil de Portim\u00e3o (CMPC) deliberou aprovar um<\/p>\n","protected":false},"author":1,"featured_media":20147,"comment_status":"closed","ping_status":"open","sticky":false,"template":"","format":"standard","meta":{"colormag_page_container_layout":"default_layout","colormag_page_sidebar_layout":"default_layout","_monsterinsights_skip_tracking":false,"_jetpack_newsletter_access":"","_jetpack_dont_email_post_to_subs":false,"_jetpack_newsletter_tier_id":0,"_jetpack_memberships_contains_paywalled_content":false,"_jetpack_feature_clip_id":0,"_jetpack_memberships_contains_paid_content":false,"footnotes":"","jetpack_publicize_message":"","jetpack_publicize_feature_enabled":true,"jetpack_social_post_already_shared":true,"jetpack_social_options":{"image_generator_settings":{"template":"highway","default_image_id":0,"font":"","enabled":false},"version":2},"jetpack_post_was_ever_published":false},"categories":[5],"tags":[36,32,104,72,180],"class_list":["post-20146","post","type-post","status-publish","format-standard","has-post-thumbnail","hentry","category-ambiente","tag-algarve","tag-ambiente","tag-bombeiros","tag-portimao","tag-protecao-civil"],"yoast_head":"<!-- This site is optimized with the Yoast SEO plugin v28.4 - https:\/\/yoast.com\/product\/yoast-seo-wordpress\/ -->\n<title>Portim\u00e3o refor\u00e7a vigil\u00e2ncia nas \u00e1reas rurais do concelho devido ao elevado risco de inc\u00eandios rurais - Algarve 7<\/title>\n<meta name=\"description\" content=\"Portim\u00e3o refor\u00e7a vigil\u00e2ncia nas \u00e1reas rurais do concelho devido ao elevado risco de inc\u00eandios rurais Ambiente\" \/>\n<meta name=\"robots\" content=\"index, follow, max-snippet:-1, max-image-preview:large, max-video-preview:-1\" \/>\n<link rel=\"canonical\" href=\"https:\/\/algarve7.pt\/index.php\/2022\/07\/portimao-reforca-vigilancia-nas-areas-rurais-do-concelho-devido-ao-elevado-risco-de-incendios-rurais\/ambiente\/19\/21\/\" \/>\n<meta property=\"og:locale\" content=\"pt_PT\" \/>\n<meta property=\"og:type\" content=\"article\" \/>\n<meta property=\"og:title\" content=\"Portim\u00e3o refor\u00e7a vigil\u00e2ncia nas \u00e1reas rurais do concelho devido ao elevado risco de inc\u00eandios rurais - Algarve 7\" \/>\n<meta property=\"og:description\" content=\"Portim\u00e3o refor\u00e7a vigil\u00e2ncia nas \u00e1reas rurais do concelho devido ao elevado risco de inc\u00eandios rurais Ambiente\" \/>\n<meta property=\"og:url\" content=\"https:\/\/algarve7.pt\/index.php\/2022\/07\/portimao-reforca-vigilancia-nas-areas-rurais-do-concelho-devido-ao-elevado-risco-de-incendios-rurais\/ambiente\/19\/21\/\" \/>\n<meta property=\"og:site_name\" content=\"Algarve 7\" \/>\n<meta property=\"article:publisher\" content=\"https:\/\/www.facebook.com\/algarve7\" \/>\n<meta property=\"article:author\" content=\"https:\/\/www.facebook.com\/algarve7\" \/>\n<meta property=\"article:published_time\" content=\"2022-07-12T18:21:56+00:00\" \/>\n<meta property=\"article:modified_time\" content=\"2022-07-12T18:21:57+00:00\" \/>\n<meta property=\"og:image\" content=\"https:\/\/algarve7.pt\/wp-content\/uploads\/2022\/07\/PROTEC-C4.jpg\" \/>\n\t<meta property=\"og:image:width\" content=\"2000\" \/>\n\t<meta property=\"og:image:height\" content=\"1500\" \/>\n\t<meta property=\"og:image:type\" content=\"image\/jpeg\" \/>\n<meta name=\"author\" content=\"Algarve 7\" \/>\n<meta name=\"twitter:card\" content=\"summary_large_image\" \/>\n<meta name=\"twitter:creator\" content=\"@Algarvesete\" \/>\n<meta name=\"twitter:site\" content=\"@Algarvesete\" \/>\n<meta name=\"twitter:label1\" content=\"Escrito por\" \/>\n\t<meta name=\"twitter:data1\" content=\"Algarve 7\" \/>\n\t<meta name=\"twitter:label2\" content=\"Tempo estimado de leitura\" \/>\n\t<meta name=\"twitter:data2\" content=\"3 minutos\" \/>\n<script type=\"application\/ld+json\" class=\"yoast-schema-graph\">{\"@context\":\"https:\\\/\\\/schema.org\",\"@graph\":[{\"@type\":\"Article\",\"@id\":\"https:\\\/\\\/algarve7.pt\\\/index.php\\\/2022\\\/07\\\/portimao-reforca-vigilancia-nas-areas-rurais-do-concelho-devido-ao-elevado-risco-de-incendios-rurais\\\/ambiente\\\/19\\\/21\\\/#article\",\"isPartOf\":{\"@id\":\"https:\\\/\\\/algarve7.pt\\\/index.php\\\/2022\\\/07\\\/portimao-reforca-vigilancia-nas-areas-rurais-do-concelho-devido-ao-elevado-risco-de-incendios-rurais\\\/ambiente\\\/19\\\/21\\\/\"},\"author\":{\"name\":\"Algarve 7\",\"@id\":\"https:\\\/\\\/algarve7.pt\\\/#\\\/schema\\\/person\\\/23fa70681308e7b319a3204bcea45e0c\"},\"headline\":\"Portim\u00e3o refor\u00e7a vigil\u00e2ncia nas \u00e1reas rurais do concelho devido ao elevado risco de inc\u00eandios rurais\",\"datePublished\":\"2022-07-12T18:21:56+00:00\",\"dateModified\":\"2022-07-12T18:21:57+00:00\",\"mainEntityOfPage\":{\"@id\":\"https:\\\/\\\/algarve7.pt\\\/index.php\\\/2022\\\/07\\\/portimao-reforca-vigilancia-nas-areas-rurais-do-concelho-devido-ao-elevado-risco-de-incendios-rurais\\\/ambiente\\\/19\\\/21\\\/\"},\"wordCount\":538,\"publisher\":{\"@id\":\"https:\\\/\\\/algarve7.pt\\\/#organization\"},\"image\":{\"@id\":\"https:\\\/\\\/algarve7.pt\\\/index.php\\\/2022\\\/07\\\/portimao-reforca-vigilancia-nas-areas-rurais-do-concelho-devido-ao-elevado-risco-de-incendios-rurais\\\/ambiente\\\/19\\\/21\\\/#primaryimage\"},\"thumbnailUrl\":\"https:\\\/\\\/algarve7.pt\\\/wp-content\\\/uploads\\\/2022\\\/07\\\/PROTEC-C4.jpg\",\"keywords\":[\"Algarve\",\"Ambiente\",\"Bombeiros\",\"Portim\u00e3o\",\"Prote\u00e7\u00e3o Civil\"],\"articleSection\":[\"Ambiente\"],\"inLanguage\":\"pt-PT\"},{\"@type\":\"WebPage\",\"@id\":\"https:\\\/\\\/algarve7.pt\\\/index.php\\\/2022\\\/07\\\/portimao-reforca-vigilancia-nas-areas-rurais-do-concelho-devido-ao-elevado-risco-de-incendios-rurais\\\/ambiente\\\/19\\\/21\\\/\",\"url\":\"https:\\\/\\\/algarve7.pt\\\/index.php\\\/2022\\\/07\\\/portimao-reforca-vigilancia-nas-areas-rurais-do-concelho-devido-ao-elevado-risco-de-incendios-rurais\\\/ambiente\\\/19\\\/21\\\/\",\"name\":\"Portim\u00e3o refor\u00e7a vigil\u00e2ncia nas \u00e1reas rurais do concelho devido ao elevado risco de inc\u00eandios rurais - Algarve 7\",\"isPartOf\":{\"@id\":\"https:\\\/\\\/algarve7.pt\\\/#website\"},\"primaryImageOfPage\":{\"@id\":\"https:\\\/\\\/algarve7.pt\\\/index.php\\\/2022\\\/07\\\/portimao-reforca-vigilancia-nas-areas-rurais-do-concelho-devido-ao-elevado-risco-de-incendios-rurais\\\/ambiente\\\/19\\\/21\\\/#primaryimage\"},\"image\":{\"@id\":\"https:\\\/\\\/algarve7.pt\\\/index.php\\\/2022\\\/07\\\/portimao-reforca-vigilancia-nas-areas-rurais-do-concelho-devido-ao-elevado-risco-de-incendios-rurais\\\/ambiente\\\/19\\\/21\\\/#primaryimage\"},\"thumbnailUrl\":\"https:\\\/\\\/algarve7.pt\\\/wp-content\\\/uploads\\\/2022\\\/07\\\/PROTEC-C4.jpg\",\"datePublished\":\"2022-07-12T18:21:56+00:00\",\"dateModified\":\"2022-07-12T18:21:57+00:00\",\"description\":\"Portim\u00e3o refor\u00e7a vigil\u00e2ncia nas \u00e1reas rurais do concelho devido ao elevado risco de inc\u00eandios rurais Ambiente\",\"breadcrumb\":{\"@id\":\"https:\\\/\\\/algarve7.pt\\\/index.php\\\/2022\\\/07\\\/portimao-reforca-vigilancia-nas-areas-rurais-do-concelho-devido-ao-elevado-risco-de-incendios-rurais\\\/ambiente\\\/19\\\/21\\\/#breadcrumb\"},\"inLanguage\":\"pt-PT\",\"potentialAction\":[{\"@type\":\"ReadAction\",\"target\":[\"https:\\\/\\\/algarve7.pt\\\/index.php\\\/2022\\\/07\\\/portimao-reforca-vigilancia-nas-areas-rurais-do-concelho-devido-ao-elevado-risco-de-incendios-rurais\\\/ambiente\\\/19\\\/21\\\/\"]}]},{\"@type\":\"ImageObject\",\"inLanguage\":\"pt-PT\",\"@id\":\"https:\\\/\\\/algarve7.pt\\\/index.php\\\/2022\\\/07\\\/portimao-reforca-vigilancia-nas-areas-rurais-do-concelho-devido-ao-elevado-risco-de-incendios-rurais\\\/ambiente\\\/19\\\/21\\\/#primaryimage\",\"url\":\"https:\\\/\\\/algarve7.pt\\\/wp-content\\\/uploads\\\/2022\\\/07\\\/PROTEC-C4.jpg\",\"contentUrl\":\"https:\\\/\\\/algarve7.pt\\\/wp-content\\\/uploads\\\/2022\\\/07\\\/PROTEC-C4.jpg\",\"width\":2000,\"height\":1500},{\"@type\":\"BreadcrumbList\",\"@id\":\"https:\\\/\\\/algarve7.pt\\\/index.php\\\/2022\\\/07\\\/portimao-reforca-vigilancia-nas-areas-rurais-do-concelho-devido-ao-elevado-risco-de-incendios-rurais\\\/ambiente\\\/19\\\/21\\\/#breadcrumb\",\"itemListElement\":[{\"@type\":\"ListItem\",\"position\":1,\"name\":\"In\u00edcio\",\"item\":\"https:\\\/\\\/algarve7.pt\\\/\"},{\"@type\":\"ListItem\",\"position\":2,\"name\":\"Portim\u00e3o refor\u00e7a vigil\u00e2ncia nas \u00e1reas rurais do concelho devido ao elevado risco de inc\u00eandios rurais\"}]},{\"@type\":\"WebSite\",\"@id\":\"https:\\\/\\\/algarve7.pt\\\/#website\",\"url\":\"https:\\\/\\\/algarve7.pt\\\/\",\"name\":\"Algarve 7\",\"description\":\"Informa\u00e7\u00e3o sobre o Algarve\",\"publisher\":{\"@id\":\"https:\\\/\\\/algarve7.pt\\\/#organization\"},\"potentialAction\":[{\"@type\":\"SearchAction\",\"target\":{\"@type\":\"EntryPoint\",\"urlTemplate\":\"https:\\\/\\\/algarve7.pt\\\/?s={search_term_string}\"},\"query-input\":{\"@type\":\"PropertyValueSpecification\",\"valueRequired\":true,\"valueName\":\"search_term_string\"}}],\"inLanguage\":\"pt-PT\"},{\"@type\":\"Organization\",\"@id\":\"https:\\\/\\\/algarve7.pt\\\/#organization\",\"name\":\"Algarve 7\",\"url\":\"https:\\\/\\\/algarve7.pt\\\/\",\"logo\":{\"@type\":\"ImageObject\",\"inLanguage\":\"pt-PT\",\"@id\":\"https:\\\/\\\/algarve7.pt\\\/#\\\/schema\\\/logo\\\/image\\\/\",\"url\":\"https:\\\/\\\/algarve7.pt\\\/wp-content\\\/uploads\\\/2020\\\/10\\\/Logo-8.jpg\",\"contentUrl\":\"https:\\\/\\\/algarve7.pt\\\/wp-content\\\/uploads\\\/2020\\\/10\\\/Logo-8.jpg\",\"width\":1680,\"height\":1186,\"caption\":\"Algarve 7\"},\"image\":{\"@id\":\"https:\\\/\\\/algarve7.pt\\\/#\\\/schema\\\/logo\\\/image\\\/\"},\"sameAs\":[\"https:\\\/\\\/www.facebook.com\\\/algarve7\",\"https:\\\/\\\/x.com\\\/Algarvesete\",\"https:\\\/\\\/www.instagram.com\\\/jornalalgarve7\\\/\",\"https:\\\/\\\/www.linkedin.com\\\/company\\\/algarve7\",\"https:\\\/\\\/www.pinterest.pt\\\/geral0939\\\/_created\\\/\"]},{\"@type\":\"Person\",\"@id\":\"https:\\\/\\\/algarve7.pt\\\/#\\\/schema\\\/person\\\/23fa70681308e7b319a3204bcea45e0c\",\"name\":\"Algarve 7\",\"sameAs\":[\"https:\\\/\\\/algarve7.pt\",\"https:\\\/\\\/www.facebook.com\\\/algarve7\"],\"url\":\"https:\\\/\\\/algarve7.pt\\\/index.php\\\/author\\\/geralalgarve7-pt\\\/\"}]}<\/script>\n<!-- \/ Yoast SEO plugin. -->","yoast_head_json":{"title":"Portim\u00e3o refor\u00e7a vigil\u00e2ncia nas \u00e1reas rurais do concelho devido ao elevado risco de inc\u00eandios rurais - Algarve 7","description":"Portim\u00e3o refor\u00e7a vigil\u00e2ncia nas \u00e1reas rurais do concelho devido ao elevado risco de inc\u00eandios rurais Ambiente","robots":{"index":"index","follow":"follow","max-snippet":"max-snippet:-1","max-image-preview":"max-image-preview:large","max-video-preview":"max-video-preview:-1"},"canonical":"https:\/\/algarve7.pt\/index.php\/2022\/07\/portimao-reforca-vigilancia-nas-areas-rurais-do-concelho-devido-ao-elevado-risco-de-incendios-rurais\/ambiente\/19\/21\/","og_locale":"pt_PT","og_type":"article","og_title":"Portim\u00e3o refor\u00e7a vigil\u00e2ncia nas \u00e1reas rurais do concelho devido ao elevado risco de inc\u00eandios rurais - Algarve 7","og_description":"Portim\u00e3o refor\u00e7a vigil\u00e2ncia nas \u00e1reas rurais do concelho devido ao elevado risco de inc\u00eandios rurais Ambiente","og_url":"https:\/\/algarve7.pt\/index.php\/2022\/07\/portimao-reforca-vigilancia-nas-areas-rurais-do-concelho-devido-ao-elevado-risco-de-incendios-rurais\/ambiente\/19\/21\/","og_site_name":"Algarve 7","article_publisher":"https:\/\/www.facebook.com\/algarve7","article_author":"https:\/\/www.facebook.com\/algarve7","article_published_time":"2022-07-12T18:21:56+00:00","article_modified_time":"2022-07-12T18:21:57+00:00","og_image":[{"width":2000,"height":1500,"url":"https:\/\/algarve7.pt\/wp-content\/uploads\/2022\/07\/PROTEC-C4.jpg","type":"image\/jpeg"}],"author":"Algarve 7","twitter_card":"summary_large_image","twitter_creator":"@Algarvesete","twitter_site":"@Algarvesete","twitter_misc":{"Escrito por":"Algarve 7","Tempo estimado de leitura":"3 minutos"},"schema":{"@context":"https:\/\/schema.org","@graph":[{"@type":"Article","@id":"https:\/\/algarve7.pt\/index.php\/2022\/07\/portimao-reforca-vigilancia-nas-areas-rurais-do-concelho-devido-ao-elevado-risco-de-incendios-rurais\/ambiente\/19\/21\/#article","isPartOf":{"@id":"https:\/\/algarve7.pt\/index.php\/2022\/07\/portimao-reforca-vigilancia-nas-areas-rurais-do-concelho-devido-ao-elevado-risco-de-incendios-rurais\/ambiente\/19\/21\/"},"author":{"name":"Algarve 7","@id":"https:\/\/algarve7.pt\/#\/schema\/person\/23fa70681308e7b319a3204bcea45e0c"},"headline":"Portim\u00e3o refor\u00e7a vigil\u00e2ncia nas \u00e1reas rurais do concelho devido ao elevado risco de inc\u00eandios rurais","datePublished":"2022-07-12T18:21:56+00:00","dateModified":"2022-07-12T18:21:57+00:00","mainEntityOfPage":{"@id":"https:\/\/algarve7.pt\/index.php\/2022\/07\/portimao-reforca-vigilancia-nas-areas-rurais-do-concelho-devido-ao-elevado-risco-de-incendios-rurais\/ambiente\/19\/21\/"},"wordCount":538,"publisher":{"@id":"https:\/\/algarve7.pt\/#organization"},"image":{"@id":"https:\/\/algarve7.pt\/index.php\/2022\/07\/portimao-reforca-vigilancia-nas-areas-rurais-do-concelho-devido-ao-elevado-risco-de-incendios-rurais\/ambiente\/19\/21\/#primaryimage"},"thumbnailUrl":"https:\/\/algarve7.pt\/wp-content\/uploads\/2022\/07\/PROTEC-C4.jpg","keywords":["Algarve","Ambiente","Bombeiros","Portim\u00e3o","Prote\u00e7\u00e3o Civil"],"articleSection":["Ambiente"],"inLanguage":"pt-PT"},{"@type":"WebPage","@id":"https:\/\/algarve7.pt\/index.php\/2022\/07\/portimao-reforca-vigilancia-nas-areas-rurais-do-concelho-devido-ao-elevado-risco-de-incendios-rurais\/ambiente\/19\/21\/","url":"https:\/\/algarve7.pt\/index.php\/2022\/07\/portimao-reforca-vigilancia-nas-areas-rurais-do-concelho-devido-ao-elevado-risco-de-incendios-rurais\/ambiente\/19\/21\/","name":"Portim\u00e3o refor\u00e7a vigil\u00e2ncia nas \u00e1reas rurais do concelho devido ao elevado risco de inc\u00eandios rurais - Algarve 7","isPartOf":{"@id":"https:\/\/algarve7.pt\/#website"},"primaryImageOfPage":{"@id":"https:\/\/algarve7.pt\/index.php\/2022\/07\/portimao-reforca-vigilancia-nas-areas-rurais-do-concelho-devido-ao-elevado-risco-de-incendios-rurais\/ambiente\/19\/21\/#primaryimage"},"image":{"@id":"https:\/\/algarve7.pt\/index.php\/2022\/07\/portimao-reforca-vigilancia-nas-areas-rurais-do-concelho-devido-ao-elevado-risco-de-incendios-rurais\/ambiente\/19\/21\/#primaryimage"},"thumbnailUrl":"https:\/\/algarve7.pt\/wp-content\/uploads\/2022\/07\/PROTEC-C4.jpg","datePublished":"2022-07-12T18:21:56+00:00","dateModified":"2022-07-12T18:21:57+00:00","description":"Portim\u00e3o refor\u00e7a vigil\u00e2ncia nas \u00e1reas rurais do concelho devido ao elevado risco de inc\u00eandios rurais Ambiente","breadcrumb":{"@id":"https:\/\/algarve7.pt\/index.php\/2022\/07\/portimao-reforca-vigilancia-nas-areas-rurais-do-concelho-devido-ao-elevado-risco-de-incendios-rurais\/ambiente\/19\/21\/#breadcrumb"},"inLanguage":"pt-PT","potentialAction":[{"@type":"ReadAction","target":["https:\/\/algarve7.pt\/index.php\/2022\/07\/portimao-reforca-vigilancia-nas-areas-rurais-do-concelho-devido-ao-elevado-risco-de-incendios-rurais\/ambiente\/19\/21\/"]}]},{"@type":"ImageObject","inLanguage":"pt-PT","@id":"https:\/\/algarve7.pt\/index.php\/2022\/07\/portimao-reforca-vigilancia-nas-areas-rurais-do-concelho-devido-ao-elevado-risco-de-incendios-rurais\/ambiente\/19\/21\/#primaryimage","url":"https:\/\/algarve7.pt\/wp-content\/uploads\/2022\/07\/PROTEC-C4.jpg","contentUrl":"https:\/\/algarve7.pt\/wp-content\/uploads\/2022\/07\/PROTEC-C4.jpg","width":2000,"height":1500},{"@type":"BreadcrumbList","@id":"https:\/\/algarve7.pt\/index.php\/2022\/07\/portimao-reforca-vigilancia-nas-areas-rurais-do-concelho-devido-ao-elevado-risco-de-incendios-rurais\/ambiente\/19\/21\/#breadcrumb","itemListElement":[{"@type":"ListItem","position":1,"name":"In\u00edcio","item":"https:\/\/algarve7.pt\/"},{"@type":"ListItem","position":2,"name":"Portim\u00e3o refor\u00e7a vigil\u00e2ncia nas \u00e1reas rurais do concelho devido ao elevado risco de inc\u00eandios rurais"}]},{"@type":"WebSite","@id":"https:\/\/algarve7.pt\/#website","url":"https:\/\/algarve7.pt\/","name":"Algarve 7","description":"Informa\u00e7\u00e3o sobre o Algarve","publisher":{"@id":"https:\/\/algarve7.pt\/#organization"},"potentialAction":[{"@type":"SearchAction","target":{"@type":"EntryPoint","urlTemplate":"https:\/\/algarve7.pt\/?s={search_term_string}"},"query-input":{"@type":"PropertyValueSpecification","valueRequired":true,"valueName":"search_term_string"}}],"inLanguage":"pt-PT"},{"@type":"Organization","@id":"https:\/\/algarve7.pt\/#organization","name":"Algarve 7","url":"https:\/\/algarve7.pt\/","logo":{"@type":"ImageObject","inLanguage":"pt-PT","@id":"https:\/\/algarve7.pt\/#\/schema\/logo\/image\/","url":"https:\/\/algarve7.pt\/wp-content\/uploads\/2020\/10\/Logo-8.jpg","contentUrl":"https:\/\/algarve7.pt\/wp-content\/uploads\/2020\/10\/Logo-8.jpg","width":1680,"height":1186,"caption":"Algarve 7"},"image":{"@id":"https:\/\/algarve7.pt\/#\/schema\/logo\/image\/"},"sameAs":["https:\/\/www.facebook.com\/algarve7","https:\/\/x.com\/Algarvesete","https:\/\/www.instagram.com\/jornalalgarve7\/","https:\/\/www.linkedin.com\/company\/algarve7","https:\/\/www.pinterest.pt\/geral0939\/_created\/"]},{"@type":"Person","@id":"https:\/\/algarve7.pt\/#\/schema\/person\/23fa70681308e7b319a3204bcea45e0c","name":"Algarve 7","sameAs":["https:\/\/algarve7.pt","https:\/\/www.facebook.com\/algarve7"],"url":"https:\/\/algarve7.pt\/index.php\/author\/geralalgarve7-pt\/"}]}},"jetpack_publicize_connections":[],"jetpack_shortlink":"https:\/\/wp.me\/pcezmW-5eW","jetpack_sharing_enabled":true,"jetpack_featured_media_url":"https:\/\/algarve7.pt\/wp-content\/uploads\/2022\/07\/PROTEC-C4.jpg","_links":{"self":[{"href":"https:\/\/algarve7.pt\/index.php\/wp-json\/wp\/v2\/posts\/20146","targetHints":{"allow":["GET"]}}],"collection":[{"href":"https:\/\/algarve7.pt\/index.php\/wp-json\/wp\/v2\/posts"}],"about":[{"href":"https:\/\/algarve7.pt\/index.php\/wp-json\/wp\/v2\/types\/post"}],"author":[{"embeddable":true,"href":"https:\/\/algarve7.pt\/index.php\/wp-json\/wp\/v2\/users\/1"}],"replies":[{"embeddable":true,"href":"https:\/\/algarve7.pt\/index.php\/wp-json\/wp\/v2\/comments?post=20146"}],"version-history":[{"count":0,"href":"https:\/\/algarve7.pt\/index.php\/wp-json\/wp\/v2\/posts\/20146\/revisions"}],"wp:featuredmedia":[{"embeddable":true,"href":"https:\/\/algarve7.pt\/index.php\/wp-json\/wp\/v2\/media\/20147"}],"wp:attachment":[{"href":"https:\/\/algarve7.pt\/index.php\/wp-json\/wp\/v2\/media?parent=20146"}],"wp:term":[{"taxonomy":"category","embeddable":true,"href":"https:\/\/algarve7.pt\/index.php\/wp-json\/wp\/v2\/categories?post=20146"},{"taxonomy":"post_tag","embeddable":true,"href":"https:\/\/algarve7.pt\/index.php\/wp-json\/wp\/v2\/tags?post=20146"}],"curies":[{"name":"wp","href":"https:\/\/api.w.org\/{rel}","templated":true}]}}