{"id":19940,"date":"2022-07-05T20:34:56","date_gmt":"2022-07-05T19:34:56","guid":{"rendered":"https:\/\/algarve7.pt\/?p=19940"},"modified":"2022-07-05T20:34:57","modified_gmt":"2022-07-05T19:34:57","slug":"investigador-da-ualg-recebe-projeto-de-mais-de-1-milhao-de-euros-para-desenvolver-terapia-para-doenca-rara-e-incuravel","status":"publish","type":"post","link":"https:\/\/algarve7.pt\/index.php\/2022\/07\/investigador-da-ualg-recebe-projeto-de-mais-de-1-milhao-de-euros-para-desenvolver-terapia-para-doenca-rara-e-incuravel\/saude\/20\/34\/","title":{"rendered":"Investigador da UAlg recebe projeto de mais de 1 milh\u00e3o de euros para desenvolver terapia para doen\u00e7a rara e incur\u00e1vel"},"content":{"rendered":"\n<figure class=\"wp-block-table\"><table><tbody><tr><td>Cl\u00e9vio N\u00f3brega, investigador principal do Algarve Biomedical Center Research Institute (ABC-RI) e docente da Faculdade de Medicina e Ci\u00eancias Biom\u00e9dicas da Universidade do Algarve, acaba de receber um projeto de mais de 1 milh\u00e3o de euros para desenvolver uma terapia g\u00e9nica para a s\u00edndrome de Cockayne, uma doen\u00e7a rara e incur\u00e1vel, que afeta sobretudo crian\u00e7as, e que tem uma preval\u00eancia de cerca de 2.7 por milh\u00e3o de nascimentos na Europa Ocidental<strong>.\u00a0<\/strong><br>N\u00e3o existindo, at\u00e9 ao momento, nenhuma terapia que modifique a progress\u00e3o da doen\u00e7a, o projeto do investigador da UAlg pretende encontrar nos genes uma resposta que, a ter sucesso, poder\u00e1 ser modificadora da progress\u00e3o da doen\u00e7a e n\u00e3o apenas da sua sintomatologia.<br>Cl\u00e9vio N\u00f3brega e a sua equipa de investiga\u00e7\u00e3o procuram, assim, atrav\u00e9s do projeto \u201cCureCSB \u2013 Development of a Gene Therapy for Cockayne Syndrome Type B\u201d, desenvolver, ao longo dos pr\u00f3ximos dois anos, uma terapia g\u00e9nica para a S\u00edndrome de Cockayne, tipo B, que revele potencial para chegar \u00e0 fase de ensaios cl\u00ednicos no menor tempo poss\u00edvel e possa chegar \u00e0 \u00e1rea cl\u00ednica num futuro pr\u00f3ximo, modificando a vida dos doentes e das suas fam\u00edlias.<br>Nas palavras de Cl\u00e9vio N\u00f3brega, investigador principal, \u201co caminho \u00e9 longo\u201d, mas a equipa deixa uma garantia: \u201cestamos a trabalhar de forma muito focada para que, mesmo longo, o caminho seja realizado no menor tempo poss\u00edvel e com os melhores resultados\u201d.<br>Para isso, o grupo de investiga\u00e7\u00e3o conta j\u00e1 com o apoio de especialistas tanto na \u00e1rea cl\u00ednica como na \u00e1rea farmac\u00eautica, garantindo, desde logo, uma estreita intera\u00e7\u00e3o com as entidades reguladoras com vista \u00e0 aplica\u00e7\u00e3o da terapia g\u00e9nica em contexto de ensaio cl\u00ednico.\u00a0<br>Desenvolvido no seio do Algarve Biomedical Center (ABC), este projeto \u00e9, para Nuno Marques, Presidente do ABC, a prova de que o \u201cABC-RI possui a tecnologia, a equipa e o reconhecimento adequados para contribuir de forma bastante prof\u00edcua para os desenvolvimentos da medicina em termos internacionais\u201d. O presidente garante que a \u201ca aposta no desenvolvimento e na inova\u00e7\u00e3o \u00e9 uma aposta ganha, incluindo na diversifica\u00e7\u00e3o econ\u00f3mica regional e nacional\u201d.<br>Da mesma convic\u00e7\u00e3o partilha Isabel Palmeirim, diretora da Faculdade de Medicina e Ci\u00eancias Biom\u00e9dicas, para quem este projeto se reveste de especial import\u00e2ncia no sentido em que \u201creflete aquela que \u00e9 a vis\u00e3o de uma academia cada vez mais voltada para a inova\u00e7\u00e3o, para a descoberta e para um di\u00e1logo cada vez mais pr\u00f3ximo com os problemas da sociedade\u201d. Como afirma, \u201ca Universidade do Algarve e a Faculdade de Medicina e Ci\u00eancias Biom\u00e9dicas continuar\u00e3o a desenvolver o seu trabalho no sentido de fortalecer o pa\u00eds e a regi\u00e3o, dotando-os de novas val\u00eancias no setor da sa\u00fade\u201d. \u00a0\u00a0<br>Este novo financiamento atribu\u00eddo a uma equipa de investiga\u00e7\u00e3o do Algarve Biomedical Center Research Institute abre, assim, novas perspetivas para compreender uma doen\u00e7a pouco estudada que poder\u00e1 vir a trazer, num futuro pr\u00f3ximo, um novo modo de olhar a doen\u00e7a.\u00a0<\/td><\/tr><tr><\/tr><\/tbody><\/table><\/figure>\n","protected":false},"excerpt":{"rendered":"<p>Cl\u00e9vio N\u00f3brega, investigador principal do Algarve Biomedical Center Research Institute (ABC-RI) e docente da Faculdade de Medicina e Ci\u00eancias Biom\u00e9dicas<\/p>\n","protected":false},"author":1,"featured_media":19941,"comment_status":"closed","ping_status":"open","sticky":false,"template":"","format":"standard","meta":{"colormag_page_container_layout":"default_layout","colormag_page_sidebar_layout":"default_layout","_monsterinsights_skip_tracking":false,"_monsterinsights_sitenote_active":false,"_monsterinsights_sitenote_note":"","_monsterinsights_sitenote_category":0,"jetpack_post_was_ever_published":false,"_jetpack_newsletter_access":"","_jetpack_dont_email_post_to_subs":false,"_jetpack_newsletter_tier_id":0,"_jetpack_memberships_contains_paywalled_content":false,"_jetpack_memberships_contains_paid_content":false,"footnotes":"","jetpack_publicize_message":"","jetpack_publicize_feature_enabled":true,"jetpack_social_post_already_shared":true,"jetpack_social_options":{"image_generator_settings":{"template":"highway","default_image_id":0,"font":"","enabled":false},"version":2}},"categories":[59],"tags":[132,36,58,182],"class_list":["post-19940","post","type-post","status-publish","format-standard","has-post-thumbnail","hentry","category-saude","tag-abc","tag-algarve","tag-saude","tag-ualg"],"yoast_head":"<!-- This site is optimized with the Yoast SEO plugin v27.5 - https:\/\/yoast.com\/product\/yoast-seo-wordpress\/ -->\n<title>Investigador da UAlg recebe projeto de mais de 1 milh\u00e3o de euros para desenvolver terapia para doen\u00e7a rara e incur\u00e1vel - Algarve 7<\/title>\n<meta name=\"description\" content=\"Investigador da UAlg recebe projeto de mais de 1 milh\u00e3o de euros para desenvolver terapia para doen\u00e7a rara e incur\u00e1vel Sa\u00fade\" \/>\n<meta name=\"robots\" content=\"index, follow, max-snippet:-1, max-image-preview:large, max-video-preview:-1\" \/>\n<link rel=\"canonical\" href=\"https:\/\/algarve7.pt\/index.php\/2022\/07\/investigador-da-ualg-recebe-projeto-de-mais-de-1-milhao-de-euros-para-desenvolver-terapia-para-doenca-rara-e-incuravel\/saude\/20\/34\/\" \/>\n<meta property=\"og:locale\" content=\"pt_PT\" \/>\n<meta property=\"og:type\" content=\"article\" \/>\n<meta property=\"og:title\" content=\"Investigador da UAlg recebe projeto de mais de 1 milh\u00e3o de euros para desenvolver terapia para doen\u00e7a rara e incur\u00e1vel - Algarve 7\" \/>\n<meta property=\"og:description\" content=\"Investigador da UAlg recebe projeto de mais de 1 milh\u00e3o de euros para desenvolver terapia para doen\u00e7a rara e incur\u00e1vel Sa\u00fade\" \/>\n<meta property=\"og:url\" content=\"https:\/\/algarve7.pt\/index.php\/2022\/07\/investigador-da-ualg-recebe-projeto-de-mais-de-1-milhao-de-euros-para-desenvolver-terapia-para-doenca-rara-e-incuravel\/saude\/20\/34\/\" \/>\n<meta property=\"og:site_name\" content=\"Algarve 7\" \/>\n<meta property=\"article:publisher\" content=\"https:\/\/www.facebook.com\/algarve7\" \/>\n<meta property=\"article:author\" content=\"https:\/\/www.facebook.com\/algarve7\" \/>\n<meta property=\"article:published_time\" content=\"2022-07-05T19:34:56+00:00\" \/>\n<meta property=\"article:modified_time\" content=\"2022-07-05T19:34:57+00:00\" \/>\n<meta property=\"og:image\" content=\"https:\/\/algarve7.pt\/wp-content\/uploads\/2022\/07\/primage_62644-scaled.jpg\" \/>\n\t<meta property=\"og:image:width\" content=\"2560\" \/>\n\t<meta property=\"og:image:height\" content=\"1706\" \/>\n\t<meta property=\"og:image:type\" content=\"image\/jpeg\" \/>\n<meta name=\"author\" content=\"Algarve 7\" \/>\n<meta name=\"twitter:card\" content=\"summary_large_image\" \/>\n<meta name=\"twitter:creator\" content=\"@Algarvesete\" \/>\n<meta name=\"twitter:site\" content=\"@Algarvesete\" \/>\n<meta name=\"twitter:label1\" content=\"Escrito por\" \/>\n\t<meta name=\"twitter:data1\" content=\"Algarve 7\" \/>\n\t<meta name=\"twitter:label2\" content=\"Tempo estimado de leitura\" \/>\n\t<meta name=\"twitter:data2\" content=\"3 minutos\" \/>\n<script type=\"application\/ld+json\" class=\"yoast-schema-graph\">{\"@context\":\"https:\\\/\\\/schema.org\",\"@graph\":[{\"@type\":\"Article\",\"@id\":\"https:\\\/\\\/algarve7.pt\\\/index.php\\\/2022\\\/07\\\/investigador-da-ualg-recebe-projeto-de-mais-de-1-milhao-de-euros-para-desenvolver-terapia-para-doenca-rara-e-incuravel\\\/saude\\\/20\\\/34\\\/#article\",\"isPartOf\":{\"@id\":\"https:\\\/\\\/algarve7.pt\\\/index.php\\\/2022\\\/07\\\/investigador-da-ualg-recebe-projeto-de-mais-de-1-milhao-de-euros-para-desenvolver-terapia-para-doenca-rara-e-incuravel\\\/saude\\\/20\\\/34\\\/\"},\"author\":{\"name\":\"Algarve 7\",\"@id\":\"https:\\\/\\\/algarve7.pt\\\/#\\\/schema\\\/person\\\/23fa70681308e7b319a3204bcea45e0c\"},\"headline\":\"Investigador da UAlg recebe projeto de mais de 1 milh\u00e3o de euros para desenvolver terapia para doen\u00e7a rara e incur\u00e1vel\",\"datePublished\":\"2022-07-05T19:34:56+00:00\",\"dateModified\":\"2022-07-05T19:34:57+00:00\",\"mainEntityOfPage\":{\"@id\":\"https:\\\/\\\/algarve7.pt\\\/index.php\\\/2022\\\/07\\\/investigador-da-ualg-recebe-projeto-de-mais-de-1-milhao-de-euros-para-desenvolver-terapia-para-doenca-rara-e-incuravel\\\/saude\\\/20\\\/34\\\/\"},\"wordCount\":552,\"publisher\":{\"@id\":\"https:\\\/\\\/algarve7.pt\\\/#organization\"},\"image\":{\"@id\":\"https:\\\/\\\/algarve7.pt\\\/index.php\\\/2022\\\/07\\\/investigador-da-ualg-recebe-projeto-de-mais-de-1-milhao-de-euros-para-desenvolver-terapia-para-doenca-rara-e-incuravel\\\/saude\\\/20\\\/34\\\/#primaryimage\"},\"thumbnailUrl\":\"https:\\\/\\\/algarve7.pt\\\/wp-content\\\/uploads\\\/2022\\\/07\\\/primage_62644-scaled.jpg\",\"keywords\":[\"ABC\",\"Algarve\",\"Sa\u00fade\",\"UALG\"],\"articleSection\":[\"Sa\u00fade\"],\"inLanguage\":\"pt-PT\"},{\"@type\":\"WebPage\",\"@id\":\"https:\\\/\\\/algarve7.pt\\\/index.php\\\/2022\\\/07\\\/investigador-da-ualg-recebe-projeto-de-mais-de-1-milhao-de-euros-para-desenvolver-terapia-para-doenca-rara-e-incuravel\\\/saude\\\/20\\\/34\\\/\",\"url\":\"https:\\\/\\\/algarve7.pt\\\/index.php\\\/2022\\\/07\\\/investigador-da-ualg-recebe-projeto-de-mais-de-1-milhao-de-euros-para-desenvolver-terapia-para-doenca-rara-e-incuravel\\\/saude\\\/20\\\/34\\\/\",\"name\":\"Investigador da UAlg recebe projeto de mais de 1 milh\u00e3o de euros para desenvolver terapia para doen\u00e7a rara e incur\u00e1vel - Algarve 7\",\"isPartOf\":{\"@id\":\"https:\\\/\\\/algarve7.pt\\\/#website\"},\"primaryImageOfPage\":{\"@id\":\"https:\\\/\\\/algarve7.pt\\\/index.php\\\/2022\\\/07\\\/investigador-da-ualg-recebe-projeto-de-mais-de-1-milhao-de-euros-para-desenvolver-terapia-para-doenca-rara-e-incuravel\\\/saude\\\/20\\\/34\\\/#primaryimage\"},\"image\":{\"@id\":\"https:\\\/\\\/algarve7.pt\\\/index.php\\\/2022\\\/07\\\/investigador-da-ualg-recebe-projeto-de-mais-de-1-milhao-de-euros-para-desenvolver-terapia-para-doenca-rara-e-incuravel\\\/saude\\\/20\\\/34\\\/#primaryimage\"},\"thumbnailUrl\":\"https:\\\/\\\/algarve7.pt\\\/wp-content\\\/uploads\\\/2022\\\/07\\\/primage_62644-scaled.jpg\",\"datePublished\":\"2022-07-05T19:34:56+00:00\",\"dateModified\":\"2022-07-05T19:34:57+00:00\",\"description\":\"Investigador da UAlg recebe projeto de mais de 1 milh\u00e3o de euros para desenvolver terapia para doen\u00e7a rara e incur\u00e1vel Sa\u00fade\",\"breadcrumb\":{\"@id\":\"https:\\\/\\\/algarve7.pt\\\/index.php\\\/2022\\\/07\\\/investigador-da-ualg-recebe-projeto-de-mais-de-1-milhao-de-euros-para-desenvolver-terapia-para-doenca-rara-e-incuravel\\\/saude\\\/20\\\/34\\\/#breadcrumb\"},\"inLanguage\":\"pt-PT\",\"potentialAction\":[{\"@type\":\"ReadAction\",\"target\":[\"https:\\\/\\\/algarve7.pt\\\/index.php\\\/2022\\\/07\\\/investigador-da-ualg-recebe-projeto-de-mais-de-1-milhao-de-euros-para-desenvolver-terapia-para-doenca-rara-e-incuravel\\\/saude\\\/20\\\/34\\\/\"]}]},{\"@type\":\"ImageObject\",\"inLanguage\":\"pt-PT\",\"@id\":\"https:\\\/\\\/algarve7.pt\\\/index.php\\\/2022\\\/07\\\/investigador-da-ualg-recebe-projeto-de-mais-de-1-milhao-de-euros-para-desenvolver-terapia-para-doenca-rara-e-incuravel\\\/saude\\\/20\\\/34\\\/#primaryimage\",\"url\":\"https:\\\/\\\/algarve7.pt\\\/wp-content\\\/uploads\\\/2022\\\/07\\\/primage_62644-scaled.jpg\",\"contentUrl\":\"https:\\\/\\\/algarve7.pt\\\/wp-content\\\/uploads\\\/2022\\\/07\\\/primage_62644-scaled.jpg\",\"width\":2560,\"height\":1706},{\"@type\":\"BreadcrumbList\",\"@id\":\"https:\\\/\\\/algarve7.pt\\\/index.php\\\/2022\\\/07\\\/investigador-da-ualg-recebe-projeto-de-mais-de-1-milhao-de-euros-para-desenvolver-terapia-para-doenca-rara-e-incuravel\\\/saude\\\/20\\\/34\\\/#breadcrumb\",\"itemListElement\":[{\"@type\":\"ListItem\",\"position\":1,\"name\":\"In\u00edcio\",\"item\":\"https:\\\/\\\/algarve7.pt\\\/\"},{\"@type\":\"ListItem\",\"position\":2,\"name\":\"Investigador da UAlg recebe projeto de mais de 1 milh\u00e3o de euros para desenvolver terapia para doen\u00e7a rara e incur\u00e1vel\"}]},{\"@type\":\"WebSite\",\"@id\":\"https:\\\/\\\/algarve7.pt\\\/#website\",\"url\":\"https:\\\/\\\/algarve7.pt\\\/\",\"name\":\"Algarve 7\",\"description\":\"Informa\u00e7\u00e3o sobre o Algarve\",\"publisher\":{\"@id\":\"https:\\\/\\\/algarve7.pt\\\/#organization\"},\"potentialAction\":[{\"@type\":\"SearchAction\",\"target\":{\"@type\":\"EntryPoint\",\"urlTemplate\":\"https:\\\/\\\/algarve7.pt\\\/?s={search_term_string}\"},\"query-input\":{\"@type\":\"PropertyValueSpecification\",\"valueRequired\":true,\"valueName\":\"search_term_string\"}}],\"inLanguage\":\"pt-PT\"},{\"@type\":\"Organization\",\"@id\":\"https:\\\/\\\/algarve7.pt\\\/#organization\",\"name\":\"Algarve 7\",\"url\":\"https:\\\/\\\/algarve7.pt\\\/\",\"logo\":{\"@type\":\"ImageObject\",\"inLanguage\":\"pt-PT\",\"@id\":\"https:\\\/\\\/algarve7.pt\\\/#\\\/schema\\\/logo\\\/image\\\/\",\"url\":\"https:\\\/\\\/algarve7.pt\\\/wp-content\\\/uploads\\\/2020\\\/10\\\/Logo-8.jpg\",\"contentUrl\":\"https:\\\/\\\/algarve7.pt\\\/wp-content\\\/uploads\\\/2020\\\/10\\\/Logo-8.jpg\",\"width\":1680,\"height\":1186,\"caption\":\"Algarve 7\"},\"image\":{\"@id\":\"https:\\\/\\\/algarve7.pt\\\/#\\\/schema\\\/logo\\\/image\\\/\"},\"sameAs\":[\"https:\\\/\\\/www.facebook.com\\\/algarve7\",\"https:\\\/\\\/x.com\\\/Algarvesete\",\"https:\\\/\\\/www.instagram.com\\\/jornalalgarve7\\\/\",\"https:\\\/\\\/www.linkedin.com\\\/company\\\/algarve7\",\"https:\\\/\\\/www.pinterest.pt\\\/geral0939\\\/_created\\\/\"]},{\"@type\":\"Person\",\"@id\":\"https:\\\/\\\/algarve7.pt\\\/#\\\/schema\\\/person\\\/23fa70681308e7b319a3204bcea45e0c\",\"name\":\"Algarve 7\",\"sameAs\":[\"https:\\\/\\\/algarve7.pt\",\"https:\\\/\\\/www.facebook.com\\\/algarve7\"],\"url\":\"https:\\\/\\\/algarve7.pt\\\/index.php\\\/author\\\/geralalgarve7-pt\\\/\"}]}<\/script>\n<!-- \/ Yoast SEO plugin. -->","yoast_head_json":{"title":"Investigador da UAlg recebe projeto de mais de 1 milh\u00e3o de euros para desenvolver terapia para doen\u00e7a rara e incur\u00e1vel - Algarve 7","description":"Investigador da UAlg recebe projeto de mais de 1 milh\u00e3o de euros para desenvolver terapia para doen\u00e7a rara e incur\u00e1vel Sa\u00fade","robots":{"index":"index","follow":"follow","max-snippet":"max-snippet:-1","max-image-preview":"max-image-preview:large","max-video-preview":"max-video-preview:-1"},"canonical":"https:\/\/algarve7.pt\/index.php\/2022\/07\/investigador-da-ualg-recebe-projeto-de-mais-de-1-milhao-de-euros-para-desenvolver-terapia-para-doenca-rara-e-incuravel\/saude\/20\/34\/","og_locale":"pt_PT","og_type":"article","og_title":"Investigador da UAlg recebe projeto de mais de 1 milh\u00e3o de euros para desenvolver terapia para doen\u00e7a rara e incur\u00e1vel - Algarve 7","og_description":"Investigador da UAlg recebe projeto de mais de 1 milh\u00e3o de euros para desenvolver terapia para doen\u00e7a rara e incur\u00e1vel Sa\u00fade","og_url":"https:\/\/algarve7.pt\/index.php\/2022\/07\/investigador-da-ualg-recebe-projeto-de-mais-de-1-milhao-de-euros-para-desenvolver-terapia-para-doenca-rara-e-incuravel\/saude\/20\/34\/","og_site_name":"Algarve 7","article_publisher":"https:\/\/www.facebook.com\/algarve7","article_author":"https:\/\/www.facebook.com\/algarve7","article_published_time":"2022-07-05T19:34:56+00:00","article_modified_time":"2022-07-05T19:34:57+00:00","og_image":[{"width":2560,"height":1706,"url":"https:\/\/algarve7.pt\/wp-content\/uploads\/2022\/07\/primage_62644-scaled.jpg","type":"image\/jpeg"}],"author":"Algarve 7","twitter_card":"summary_large_image","twitter_creator":"@Algarvesete","twitter_site":"@Algarvesete","twitter_misc":{"Escrito por":"Algarve 7","Tempo estimado de leitura":"3 minutos"},"schema":{"@context":"https:\/\/schema.org","@graph":[{"@type":"Article","@id":"https:\/\/algarve7.pt\/index.php\/2022\/07\/investigador-da-ualg-recebe-projeto-de-mais-de-1-milhao-de-euros-para-desenvolver-terapia-para-doenca-rara-e-incuravel\/saude\/20\/34\/#article","isPartOf":{"@id":"https:\/\/algarve7.pt\/index.php\/2022\/07\/investigador-da-ualg-recebe-projeto-de-mais-de-1-milhao-de-euros-para-desenvolver-terapia-para-doenca-rara-e-incuravel\/saude\/20\/34\/"},"author":{"name":"Algarve 7","@id":"https:\/\/algarve7.pt\/#\/schema\/person\/23fa70681308e7b319a3204bcea45e0c"},"headline":"Investigador da UAlg recebe projeto de mais de 1 milh\u00e3o de euros para desenvolver terapia para doen\u00e7a rara e incur\u00e1vel","datePublished":"2022-07-05T19:34:56+00:00","dateModified":"2022-07-05T19:34:57+00:00","mainEntityOfPage":{"@id":"https:\/\/algarve7.pt\/index.php\/2022\/07\/investigador-da-ualg-recebe-projeto-de-mais-de-1-milhao-de-euros-para-desenvolver-terapia-para-doenca-rara-e-incuravel\/saude\/20\/34\/"},"wordCount":552,"publisher":{"@id":"https:\/\/algarve7.pt\/#organization"},"image":{"@id":"https:\/\/algarve7.pt\/index.php\/2022\/07\/investigador-da-ualg-recebe-projeto-de-mais-de-1-milhao-de-euros-para-desenvolver-terapia-para-doenca-rara-e-incuravel\/saude\/20\/34\/#primaryimage"},"thumbnailUrl":"https:\/\/algarve7.pt\/wp-content\/uploads\/2022\/07\/primage_62644-scaled.jpg","keywords":["ABC","Algarve","Sa\u00fade","UALG"],"articleSection":["Sa\u00fade"],"inLanguage":"pt-PT"},{"@type":"WebPage","@id":"https:\/\/algarve7.pt\/index.php\/2022\/07\/investigador-da-ualg-recebe-projeto-de-mais-de-1-milhao-de-euros-para-desenvolver-terapia-para-doenca-rara-e-incuravel\/saude\/20\/34\/","url":"https:\/\/algarve7.pt\/index.php\/2022\/07\/investigador-da-ualg-recebe-projeto-de-mais-de-1-milhao-de-euros-para-desenvolver-terapia-para-doenca-rara-e-incuravel\/saude\/20\/34\/","name":"Investigador da UAlg recebe projeto de mais de 1 milh\u00e3o de euros para desenvolver terapia para doen\u00e7a rara e incur\u00e1vel - Algarve 7","isPartOf":{"@id":"https:\/\/algarve7.pt\/#website"},"primaryImageOfPage":{"@id":"https:\/\/algarve7.pt\/index.php\/2022\/07\/investigador-da-ualg-recebe-projeto-de-mais-de-1-milhao-de-euros-para-desenvolver-terapia-para-doenca-rara-e-incuravel\/saude\/20\/34\/#primaryimage"},"image":{"@id":"https:\/\/algarve7.pt\/index.php\/2022\/07\/investigador-da-ualg-recebe-projeto-de-mais-de-1-milhao-de-euros-para-desenvolver-terapia-para-doenca-rara-e-incuravel\/saude\/20\/34\/#primaryimage"},"thumbnailUrl":"https:\/\/algarve7.pt\/wp-content\/uploads\/2022\/07\/primage_62644-scaled.jpg","datePublished":"2022-07-05T19:34:56+00:00","dateModified":"2022-07-05T19:34:57+00:00","description":"Investigador da UAlg recebe projeto de mais de 1 milh\u00e3o de euros para desenvolver terapia para doen\u00e7a rara e incur\u00e1vel Sa\u00fade","breadcrumb":{"@id":"https:\/\/algarve7.pt\/index.php\/2022\/07\/investigador-da-ualg-recebe-projeto-de-mais-de-1-milhao-de-euros-para-desenvolver-terapia-para-doenca-rara-e-incuravel\/saude\/20\/34\/#breadcrumb"},"inLanguage":"pt-PT","potentialAction":[{"@type":"ReadAction","target":["https:\/\/algarve7.pt\/index.php\/2022\/07\/investigador-da-ualg-recebe-projeto-de-mais-de-1-milhao-de-euros-para-desenvolver-terapia-para-doenca-rara-e-incuravel\/saude\/20\/34\/"]}]},{"@type":"ImageObject","inLanguage":"pt-PT","@id":"https:\/\/algarve7.pt\/index.php\/2022\/07\/investigador-da-ualg-recebe-projeto-de-mais-de-1-milhao-de-euros-para-desenvolver-terapia-para-doenca-rara-e-incuravel\/saude\/20\/34\/#primaryimage","url":"https:\/\/algarve7.pt\/wp-content\/uploads\/2022\/07\/primage_62644-scaled.jpg","contentUrl":"https:\/\/algarve7.pt\/wp-content\/uploads\/2022\/07\/primage_62644-scaled.jpg","width":2560,"height":1706},{"@type":"BreadcrumbList","@id":"https:\/\/algarve7.pt\/index.php\/2022\/07\/investigador-da-ualg-recebe-projeto-de-mais-de-1-milhao-de-euros-para-desenvolver-terapia-para-doenca-rara-e-incuravel\/saude\/20\/34\/#breadcrumb","itemListElement":[{"@type":"ListItem","position":1,"name":"In\u00edcio","item":"https:\/\/algarve7.pt\/"},{"@type":"ListItem","position":2,"name":"Investigador da UAlg recebe projeto de mais de 1 milh\u00e3o de euros para desenvolver terapia para doen\u00e7a rara e incur\u00e1vel"}]},{"@type":"WebSite","@id":"https:\/\/algarve7.pt\/#website","url":"https:\/\/algarve7.pt\/","name":"Algarve 7","description":"Informa\u00e7\u00e3o sobre o Algarve","publisher":{"@id":"https:\/\/algarve7.pt\/#organization"},"potentialAction":[{"@type":"SearchAction","target":{"@type":"EntryPoint","urlTemplate":"https:\/\/algarve7.pt\/?s={search_term_string}"},"query-input":{"@type":"PropertyValueSpecification","valueRequired":true,"valueName":"search_term_string"}}],"inLanguage":"pt-PT"},{"@type":"Organization","@id":"https:\/\/algarve7.pt\/#organization","name":"Algarve 7","url":"https:\/\/algarve7.pt\/","logo":{"@type":"ImageObject","inLanguage":"pt-PT","@id":"https:\/\/algarve7.pt\/#\/schema\/logo\/image\/","url":"https:\/\/algarve7.pt\/wp-content\/uploads\/2020\/10\/Logo-8.jpg","contentUrl":"https:\/\/algarve7.pt\/wp-content\/uploads\/2020\/10\/Logo-8.jpg","width":1680,"height":1186,"caption":"Algarve 7"},"image":{"@id":"https:\/\/algarve7.pt\/#\/schema\/logo\/image\/"},"sameAs":["https:\/\/www.facebook.com\/algarve7","https:\/\/x.com\/Algarvesete","https:\/\/www.instagram.com\/jornalalgarve7\/","https:\/\/www.linkedin.com\/company\/algarve7","https:\/\/www.pinterest.pt\/geral0939\/_created\/"]},{"@type":"Person","@id":"https:\/\/algarve7.pt\/#\/schema\/person\/23fa70681308e7b319a3204bcea45e0c","name":"Algarve 7","sameAs":["https:\/\/algarve7.pt","https:\/\/www.facebook.com\/algarve7"],"url":"https:\/\/algarve7.pt\/index.php\/author\/geralalgarve7-pt\/"}]}},"jetpack_publicize_connections":[],"jetpack_featured_media_url":"https:\/\/algarve7.pt\/wp-content\/uploads\/2022\/07\/primage_62644-scaled.jpg","jetpack_shortlink":"https:\/\/wp.me\/pcezmW-5bC","jetpack_sharing_enabled":true,"_links":{"self":[{"href":"https:\/\/algarve7.pt\/index.php\/wp-json\/wp\/v2\/posts\/19940","targetHints":{"allow":["GET"]}}],"collection":[{"href":"https:\/\/algarve7.pt\/index.php\/wp-json\/wp\/v2\/posts"}],"about":[{"href":"https:\/\/algarve7.pt\/index.php\/wp-json\/wp\/v2\/types\/post"}],"author":[{"embeddable":true,"href":"https:\/\/algarve7.pt\/index.php\/wp-json\/wp\/v2\/users\/1"}],"replies":[{"embeddable":true,"href":"https:\/\/algarve7.pt\/index.php\/wp-json\/wp\/v2\/comments?post=19940"}],"version-history":[{"count":0,"href":"https:\/\/algarve7.pt\/index.php\/wp-json\/wp\/v2\/posts\/19940\/revisions"}],"wp:featuredmedia":[{"embeddable":true,"href":"https:\/\/algarve7.pt\/index.php\/wp-json\/wp\/v2\/media\/19941"}],"wp:attachment":[{"href":"https:\/\/algarve7.pt\/index.php\/wp-json\/wp\/v2\/media?parent=19940"}],"wp:term":[{"taxonomy":"category","embeddable":true,"href":"https:\/\/algarve7.pt\/index.php\/wp-json\/wp\/v2\/categories?post=19940"},{"taxonomy":"post_tag","embeddable":true,"href":"https:\/\/algarve7.pt\/index.php\/wp-json\/wp\/v2\/tags?post=19940"}],"curies":[{"name":"wp","href":"https:\/\/api.w.org\/{rel}","templated":true}]}}