{"id":19851,"date":"2022-07-04T10:06:00","date_gmt":"2022-07-04T09:06:00","guid":{"rendered":"https:\/\/algarve7.pt\/?p=19851"},"modified":"2022-07-03T14:06:46","modified_gmt":"2022-07-03T13:06:46","slug":"resistencia-atuam-em-lagoa-na-fatacil-2022","status":"publish","type":"post","link":"https:\/\/algarve7.pt\/index.php\/2022\/07\/resistencia-atuam-em-lagoa-na-fatacil-2022\/cultura\/10\/06\/","title":{"rendered":"Resist\u00eancia atuam em Lagoa na FATACIL 2022"},"content":{"rendered":"\n<p>A Feira de Artesanato, Turismo, Agricultura, Comercio e Industria de Lagoa (FATACIL) est\u00e1 de volta, depois de dois anos de interregno, devido \u00e0 Covid-19, e conta com a atua\u00e7\u00e3o da superbanda Resist\u00eancia, no dia 26 de agosto, pelas 22h00.<\/p>\n\n\n\n<p>O Munic\u00edpio de Lagoa est\u00e1 a preparar a edi\u00e7\u00e3o de FATACIL 2022 a todo o g\u00e1s, preparando-a para ser a melhor FATACIL de sempre, e j\u00e1 tem cartaz definido, contando com a atua\u00e7\u00e3o de uma das mais emblem\u00e1ticas forma\u00e7\u00f5es da m\u00fasica Portuguesa, da primeira metade dos anos 90, respons\u00e1vel por alguns inesquec\u00edveis sucessos. \u00a0<\/p>\n\n\n\n<p><br>A banda Resist\u00eancia foi um projeto fundado por Pedro Ayres Magalh\u00e3es, Fernando Cunha, Tim e Miguel \u00c2ngelo, que consistiu na uni\u00e3o de esfor\u00e7os entre v\u00e1rios m\u00fasicos, provenientes de diversas bandas, que em conjunto adaptaram temas trazidos por eles, em vers\u00f5es mais ac\u00fasticas, tendo atingido um sucesso que ningu\u00e9m imaginava que pudessem vir atingir.<\/p>\n\n\n\n<p>Banda que suspendeu atividade em 1995, regressou em 2012, ainda que apenas para assinalar os vinte anos da estreia ao vivo, regressou \u00e0 atividade permanente em 2013, promete grandes surpresas durante as suas atua\u00e7\u00f5es marcadas para o ano 2022. &nbsp;<\/p>\n\n\n\n<p>O Munic\u00edpio de Lagoa acredita que a noite em que a banda atua ser\u00e1 uma das grandes noites da edi\u00e7\u00e3o de 2022 da FATACIL, trazendo muitos visitantes que ir\u00e3o procurar reviver os grandes \u00eaxitos dos anos 90. &nbsp;<\/p>\n\n\n\n<p>\u201cEstamos a preparar a FATACIL 2022 com o objetivo de a tornar esta edi\u00e7\u00e3o a melhor de sempre. S\u00f3 desta forma podemos retomar o nosso maior evento e garantir que ser\u00e1 um sucesso. O cartaz est\u00e1 fechado e trar\u00e1 atua\u00e7\u00f5es para todos os gostos e idades\u201d, afirma Lu\u00eds Encarna\u00e7\u00e3o, Presidente da C\u00e2mara Municipal de Lagoa.<\/p>\n","protected":false},"excerpt":{"rendered":"<p>A Feira de Artesanato, Turismo, Agricultura, Comercio e Industria de Lagoa (FATACIL) est\u00e1 de volta, depois de dois anos de<\/p>\n","protected":false},"author":1,"featured_media":19852,"comment_status":"closed","ping_status":"open","sticky":false,"template":"","format":"standard","meta":{"colormag_page_container_layout":"default_layout","colormag_page_sidebar_layout":"default_layout","_monsterinsights_skip_tracking":false,"_monsterinsights_sitenote_active":false,"_monsterinsights_sitenote_note":"","_monsterinsights_sitenote_category":0,"jetpack_post_was_ever_published":false,"_jetpack_newsletter_access":"","_jetpack_dont_email_post_to_subs":false,"_jetpack_newsletter_tier_id":0,"_jetpack_memberships_contains_paywalled_content":false,"_jetpack_memberships_contains_paid_content":false,"footnotes":"","jetpack_publicize_message":"","jetpack_publicize_feature_enabled":true,"jetpack_social_post_already_shared":true,"jetpack_social_options":{"image_generator_settings":{"template":"highway","default_image_id":0,"font":"","enabled":false},"version":2}},"categories":[14],"tags":[36,52,35,604,48],"class_list":["post-19851","post","type-post","status-publish","format-standard","has-post-thumbnail","hentry","category-cultura","tag-algarve","tag-concerto","tag-cultura","tag-fatacil","tag-lagoa"],"yoast_head":"<!-- This site is optimized with the Yoast SEO plugin v27.5 - https:\/\/yoast.com\/product\/yoast-seo-wordpress\/ -->\n<title>Resist\u00eancia atuam em Lagoa na FATACIL 2022 - Algarve 7<\/title>\n<meta name=\"description\" content=\"Resist\u00eancia atuam em Lagoa na FATACIL 2022 Cultura\" \/>\n<meta name=\"robots\" content=\"index, follow, max-snippet:-1, max-image-preview:large, max-video-preview:-1\" \/>\n<link rel=\"canonical\" href=\"https:\/\/algarve7.pt\/index.php\/2022\/07\/resistencia-atuam-em-lagoa-na-fatacil-2022\/cultura\/10\/06\/\" \/>\n<meta property=\"og:locale\" content=\"pt_PT\" \/>\n<meta property=\"og:type\" content=\"article\" \/>\n<meta property=\"og:title\" content=\"Resist\u00eancia atuam em Lagoa na FATACIL 2022 - Algarve 7\" \/>\n<meta property=\"og:description\" content=\"Resist\u00eancia atuam em Lagoa na FATACIL 2022 Cultura\" \/>\n<meta property=\"og:url\" content=\"https:\/\/algarve7.pt\/index.php\/2022\/07\/resistencia-atuam-em-lagoa-na-fatacil-2022\/cultura\/10\/06\/\" \/>\n<meta property=\"og:site_name\" content=\"Algarve 7\" \/>\n<meta property=\"article:publisher\" content=\"https:\/\/www.facebook.com\/algarve7\" \/>\n<meta property=\"article:author\" content=\"https:\/\/www.facebook.com\/algarve7\" \/>\n<meta property=\"article:published_time\" content=\"2022-07-04T09:06:00+00:00\" \/>\n<meta property=\"og:image\" content=\"https:\/\/algarve7.pt\/wp-content\/uploads\/2022\/07\/RESISTENCIA3Foto-RitaCarmo-1024x684-1.jpg\" \/>\n\t<meta property=\"og:image:width\" content=\"1024\" \/>\n\t<meta property=\"og:image:height\" content=\"684\" \/>\n\t<meta property=\"og:image:type\" content=\"image\/jpeg\" \/>\n<meta name=\"author\" content=\"Algarve 7\" \/>\n<meta name=\"twitter:card\" content=\"summary_large_image\" \/>\n<meta name=\"twitter:creator\" content=\"@Algarvesete\" \/>\n<meta name=\"twitter:site\" content=\"@Algarvesete\" \/>\n<meta name=\"twitter:label1\" content=\"Escrito por\" \/>\n\t<meta name=\"twitter:data1\" content=\"Algarve 7\" \/>\n\t<meta name=\"twitter:label2\" content=\"Tempo estimado de leitura\" \/>\n\t<meta name=\"twitter:data2\" content=\"2 minutos\" \/>\n<script type=\"application\/ld+json\" class=\"yoast-schema-graph\">{\"@context\":\"https:\\\/\\\/schema.org\",\"@graph\":[{\"@type\":\"Article\",\"@id\":\"https:\\\/\\\/algarve7.pt\\\/index.php\\\/2022\\\/07\\\/resistencia-atuam-em-lagoa-na-fatacil-2022\\\/cultura\\\/10\\\/06\\\/#article\",\"isPartOf\":{\"@id\":\"https:\\\/\\\/algarve7.pt\\\/index.php\\\/2022\\\/07\\\/resistencia-atuam-em-lagoa-na-fatacil-2022\\\/cultura\\\/10\\\/06\\\/\"},\"author\":{\"name\":\"Algarve 7\",\"@id\":\"https:\\\/\\\/algarve7.pt\\\/#\\\/schema\\\/person\\\/23fa70681308e7b319a3204bcea45e0c\"},\"headline\":\"Resist\u00eancia atuam em Lagoa na FATACIL 2022\",\"datePublished\":\"2022-07-04T09:06:00+00:00\",\"mainEntityOfPage\":{\"@id\":\"https:\\\/\\\/algarve7.pt\\\/index.php\\\/2022\\\/07\\\/resistencia-atuam-em-lagoa-na-fatacil-2022\\\/cultura\\\/10\\\/06\\\/\"},\"wordCount\":302,\"publisher\":{\"@id\":\"https:\\\/\\\/algarve7.pt\\\/#organization\"},\"image\":{\"@id\":\"https:\\\/\\\/algarve7.pt\\\/index.php\\\/2022\\\/07\\\/resistencia-atuam-em-lagoa-na-fatacil-2022\\\/cultura\\\/10\\\/06\\\/#primaryimage\"},\"thumbnailUrl\":\"https:\\\/\\\/algarve7.pt\\\/wp-content\\\/uploads\\\/2022\\\/07\\\/RESISTENCIA3Foto-RitaCarmo-1024x684-1.jpg\",\"keywords\":[\"Algarve\",\"Concerto\",\"Cultura\",\"Fatacil\",\"Lagoa\"],\"articleSection\":[\"Cultura\"],\"inLanguage\":\"pt-PT\"},{\"@type\":\"WebPage\",\"@id\":\"https:\\\/\\\/algarve7.pt\\\/index.php\\\/2022\\\/07\\\/resistencia-atuam-em-lagoa-na-fatacil-2022\\\/cultura\\\/10\\\/06\\\/\",\"url\":\"https:\\\/\\\/algarve7.pt\\\/index.php\\\/2022\\\/07\\\/resistencia-atuam-em-lagoa-na-fatacil-2022\\\/cultura\\\/10\\\/06\\\/\",\"name\":\"Resist\u00eancia atuam em Lagoa na FATACIL 2022 - Algarve 7\",\"isPartOf\":{\"@id\":\"https:\\\/\\\/algarve7.pt\\\/#website\"},\"primaryImageOfPage\":{\"@id\":\"https:\\\/\\\/algarve7.pt\\\/index.php\\\/2022\\\/07\\\/resistencia-atuam-em-lagoa-na-fatacil-2022\\\/cultura\\\/10\\\/06\\\/#primaryimage\"},\"image\":{\"@id\":\"https:\\\/\\\/algarve7.pt\\\/index.php\\\/2022\\\/07\\\/resistencia-atuam-em-lagoa-na-fatacil-2022\\\/cultura\\\/10\\\/06\\\/#primaryimage\"},\"thumbnailUrl\":\"https:\\\/\\\/algarve7.pt\\\/wp-content\\\/uploads\\\/2022\\\/07\\\/RESISTENCIA3Foto-RitaCarmo-1024x684-1.jpg\",\"datePublished\":\"2022-07-04T09:06:00+00:00\",\"description\":\"Resist\u00eancia atuam em Lagoa na FATACIL 2022 Cultura\",\"breadcrumb\":{\"@id\":\"https:\\\/\\\/algarve7.pt\\\/index.php\\\/2022\\\/07\\\/resistencia-atuam-em-lagoa-na-fatacil-2022\\\/cultura\\\/10\\\/06\\\/#breadcrumb\"},\"inLanguage\":\"pt-PT\",\"potentialAction\":[{\"@type\":\"ReadAction\",\"target\":[\"https:\\\/\\\/algarve7.pt\\\/index.php\\\/2022\\\/07\\\/resistencia-atuam-em-lagoa-na-fatacil-2022\\\/cultura\\\/10\\\/06\\\/\"]}]},{\"@type\":\"ImageObject\",\"inLanguage\":\"pt-PT\",\"@id\":\"https:\\\/\\\/algarve7.pt\\\/index.php\\\/2022\\\/07\\\/resistencia-atuam-em-lagoa-na-fatacil-2022\\\/cultura\\\/10\\\/06\\\/#primaryimage\",\"url\":\"https:\\\/\\\/algarve7.pt\\\/wp-content\\\/uploads\\\/2022\\\/07\\\/RESISTENCIA3Foto-RitaCarmo-1024x684-1.jpg\",\"contentUrl\":\"https:\\\/\\\/algarve7.pt\\\/wp-content\\\/uploads\\\/2022\\\/07\\\/RESISTENCIA3Foto-RitaCarmo-1024x684-1.jpg\",\"width\":1024,\"height\":684,\"caption\":\"RESISTENCIA - RETRATO DE PROMOCAO E DIVULGACAO\"},{\"@type\":\"BreadcrumbList\",\"@id\":\"https:\\\/\\\/algarve7.pt\\\/index.php\\\/2022\\\/07\\\/resistencia-atuam-em-lagoa-na-fatacil-2022\\\/cultura\\\/10\\\/06\\\/#breadcrumb\",\"itemListElement\":[{\"@type\":\"ListItem\",\"position\":1,\"name\":\"In\u00edcio\",\"item\":\"https:\\\/\\\/algarve7.pt\\\/\"},{\"@type\":\"ListItem\",\"position\":2,\"name\":\"Resist\u00eancia atuam em Lagoa na FATACIL 2022\"}]},{\"@type\":\"WebSite\",\"@id\":\"https:\\\/\\\/algarve7.pt\\\/#website\",\"url\":\"https:\\\/\\\/algarve7.pt\\\/\",\"name\":\"Algarve 7\",\"description\":\"Informa\u00e7\u00e3o sobre o Algarve\",\"publisher\":{\"@id\":\"https:\\\/\\\/algarve7.pt\\\/#organization\"},\"potentialAction\":[{\"@type\":\"SearchAction\",\"target\":{\"@type\":\"EntryPoint\",\"urlTemplate\":\"https:\\\/\\\/algarve7.pt\\\/?s={search_term_string}\"},\"query-input\":{\"@type\":\"PropertyValueSpecification\",\"valueRequired\":true,\"valueName\":\"search_term_string\"}}],\"inLanguage\":\"pt-PT\"},{\"@type\":\"Organization\",\"@id\":\"https:\\\/\\\/algarve7.pt\\\/#organization\",\"name\":\"Algarve 7\",\"url\":\"https:\\\/\\\/algarve7.pt\\\/\",\"logo\":{\"@type\":\"ImageObject\",\"inLanguage\":\"pt-PT\",\"@id\":\"https:\\\/\\\/algarve7.pt\\\/#\\\/schema\\\/logo\\\/image\\\/\",\"url\":\"https:\\\/\\\/algarve7.pt\\\/wp-content\\\/uploads\\\/2020\\\/10\\\/Logo-8.jpg\",\"contentUrl\":\"https:\\\/\\\/algarve7.pt\\\/wp-content\\\/uploads\\\/2020\\\/10\\\/Logo-8.jpg\",\"width\":1680,\"height\":1186,\"caption\":\"Algarve 7\"},\"image\":{\"@id\":\"https:\\\/\\\/algarve7.pt\\\/#\\\/schema\\\/logo\\\/image\\\/\"},\"sameAs\":[\"https:\\\/\\\/www.facebook.com\\\/algarve7\",\"https:\\\/\\\/x.com\\\/Algarvesete\",\"https:\\\/\\\/www.instagram.com\\\/jornalalgarve7\\\/\",\"https:\\\/\\\/www.linkedin.com\\\/company\\\/algarve7\",\"https:\\\/\\\/www.pinterest.pt\\\/geral0939\\\/_created\\\/\"]},{\"@type\":\"Person\",\"@id\":\"https:\\\/\\\/algarve7.pt\\\/#\\\/schema\\\/person\\\/23fa70681308e7b319a3204bcea45e0c\",\"name\":\"Algarve 7\",\"sameAs\":[\"https:\\\/\\\/algarve7.pt\",\"https:\\\/\\\/www.facebook.com\\\/algarve7\"],\"url\":\"https:\\\/\\\/algarve7.pt\\\/index.php\\\/author\\\/geralalgarve7-pt\\\/\"}]}<\/script>\n<!-- \/ Yoast SEO plugin. -->","yoast_head_json":{"title":"Resist\u00eancia atuam em Lagoa na FATACIL 2022 - Algarve 7","description":"Resist\u00eancia atuam em Lagoa na FATACIL 2022 Cultura","robots":{"index":"index","follow":"follow","max-snippet":"max-snippet:-1","max-image-preview":"max-image-preview:large","max-video-preview":"max-video-preview:-1"},"canonical":"https:\/\/algarve7.pt\/index.php\/2022\/07\/resistencia-atuam-em-lagoa-na-fatacil-2022\/cultura\/10\/06\/","og_locale":"pt_PT","og_type":"article","og_title":"Resist\u00eancia atuam em Lagoa na FATACIL 2022 - Algarve 7","og_description":"Resist\u00eancia atuam em Lagoa na FATACIL 2022 Cultura","og_url":"https:\/\/algarve7.pt\/index.php\/2022\/07\/resistencia-atuam-em-lagoa-na-fatacil-2022\/cultura\/10\/06\/","og_site_name":"Algarve 7","article_publisher":"https:\/\/www.facebook.com\/algarve7","article_author":"https:\/\/www.facebook.com\/algarve7","article_published_time":"2022-07-04T09:06:00+00:00","og_image":[{"width":1024,"height":684,"url":"https:\/\/algarve7.pt\/wp-content\/uploads\/2022\/07\/RESISTENCIA3Foto-RitaCarmo-1024x684-1.jpg","type":"image\/jpeg"}],"author":"Algarve 7","twitter_card":"summary_large_image","twitter_creator":"@Algarvesete","twitter_site":"@Algarvesete","twitter_misc":{"Escrito por":"Algarve 7","Tempo estimado de leitura":"2 minutos"},"schema":{"@context":"https:\/\/schema.org","@graph":[{"@type":"Article","@id":"https:\/\/algarve7.pt\/index.php\/2022\/07\/resistencia-atuam-em-lagoa-na-fatacil-2022\/cultura\/10\/06\/#article","isPartOf":{"@id":"https:\/\/algarve7.pt\/index.php\/2022\/07\/resistencia-atuam-em-lagoa-na-fatacil-2022\/cultura\/10\/06\/"},"author":{"name":"Algarve 7","@id":"https:\/\/algarve7.pt\/#\/schema\/person\/23fa70681308e7b319a3204bcea45e0c"},"headline":"Resist\u00eancia atuam em Lagoa na FATACIL 2022","datePublished":"2022-07-04T09:06:00+00:00","mainEntityOfPage":{"@id":"https:\/\/algarve7.pt\/index.php\/2022\/07\/resistencia-atuam-em-lagoa-na-fatacil-2022\/cultura\/10\/06\/"},"wordCount":302,"publisher":{"@id":"https:\/\/algarve7.pt\/#organization"},"image":{"@id":"https:\/\/algarve7.pt\/index.php\/2022\/07\/resistencia-atuam-em-lagoa-na-fatacil-2022\/cultura\/10\/06\/#primaryimage"},"thumbnailUrl":"https:\/\/algarve7.pt\/wp-content\/uploads\/2022\/07\/RESISTENCIA3Foto-RitaCarmo-1024x684-1.jpg","keywords":["Algarve","Concerto","Cultura","Fatacil","Lagoa"],"articleSection":["Cultura"],"inLanguage":"pt-PT"},{"@type":"WebPage","@id":"https:\/\/algarve7.pt\/index.php\/2022\/07\/resistencia-atuam-em-lagoa-na-fatacil-2022\/cultura\/10\/06\/","url":"https:\/\/algarve7.pt\/index.php\/2022\/07\/resistencia-atuam-em-lagoa-na-fatacil-2022\/cultura\/10\/06\/","name":"Resist\u00eancia atuam em Lagoa na FATACIL 2022 - Algarve 7","isPartOf":{"@id":"https:\/\/algarve7.pt\/#website"},"primaryImageOfPage":{"@id":"https:\/\/algarve7.pt\/index.php\/2022\/07\/resistencia-atuam-em-lagoa-na-fatacil-2022\/cultura\/10\/06\/#primaryimage"},"image":{"@id":"https:\/\/algarve7.pt\/index.php\/2022\/07\/resistencia-atuam-em-lagoa-na-fatacil-2022\/cultura\/10\/06\/#primaryimage"},"thumbnailUrl":"https:\/\/algarve7.pt\/wp-content\/uploads\/2022\/07\/RESISTENCIA3Foto-RitaCarmo-1024x684-1.jpg","datePublished":"2022-07-04T09:06:00+00:00","description":"Resist\u00eancia atuam em Lagoa na FATACIL 2022 Cultura","breadcrumb":{"@id":"https:\/\/algarve7.pt\/index.php\/2022\/07\/resistencia-atuam-em-lagoa-na-fatacil-2022\/cultura\/10\/06\/#breadcrumb"},"inLanguage":"pt-PT","potentialAction":[{"@type":"ReadAction","target":["https:\/\/algarve7.pt\/index.php\/2022\/07\/resistencia-atuam-em-lagoa-na-fatacil-2022\/cultura\/10\/06\/"]}]},{"@type":"ImageObject","inLanguage":"pt-PT","@id":"https:\/\/algarve7.pt\/index.php\/2022\/07\/resistencia-atuam-em-lagoa-na-fatacil-2022\/cultura\/10\/06\/#primaryimage","url":"https:\/\/algarve7.pt\/wp-content\/uploads\/2022\/07\/RESISTENCIA3Foto-RitaCarmo-1024x684-1.jpg","contentUrl":"https:\/\/algarve7.pt\/wp-content\/uploads\/2022\/07\/RESISTENCIA3Foto-RitaCarmo-1024x684-1.jpg","width":1024,"height":684,"caption":"RESISTENCIA - RETRATO DE PROMOCAO E DIVULGACAO"},{"@type":"BreadcrumbList","@id":"https:\/\/algarve7.pt\/index.php\/2022\/07\/resistencia-atuam-em-lagoa-na-fatacil-2022\/cultura\/10\/06\/#breadcrumb","itemListElement":[{"@type":"ListItem","position":1,"name":"In\u00edcio","item":"https:\/\/algarve7.pt\/"},{"@type":"ListItem","position":2,"name":"Resist\u00eancia atuam em Lagoa na FATACIL 2022"}]},{"@type":"WebSite","@id":"https:\/\/algarve7.pt\/#website","url":"https:\/\/algarve7.pt\/","name":"Algarve 7","description":"Informa\u00e7\u00e3o sobre o Algarve","publisher":{"@id":"https:\/\/algarve7.pt\/#organization"},"potentialAction":[{"@type":"SearchAction","target":{"@type":"EntryPoint","urlTemplate":"https:\/\/algarve7.pt\/?s={search_term_string}"},"query-input":{"@type":"PropertyValueSpecification","valueRequired":true,"valueName":"search_term_string"}}],"inLanguage":"pt-PT"},{"@type":"Organization","@id":"https:\/\/algarve7.pt\/#organization","name":"Algarve 7","url":"https:\/\/algarve7.pt\/","logo":{"@type":"ImageObject","inLanguage":"pt-PT","@id":"https:\/\/algarve7.pt\/#\/schema\/logo\/image\/","url":"https:\/\/algarve7.pt\/wp-content\/uploads\/2020\/10\/Logo-8.jpg","contentUrl":"https:\/\/algarve7.pt\/wp-content\/uploads\/2020\/10\/Logo-8.jpg","width":1680,"height":1186,"caption":"Algarve 7"},"image":{"@id":"https:\/\/algarve7.pt\/#\/schema\/logo\/image\/"},"sameAs":["https:\/\/www.facebook.com\/algarve7","https:\/\/x.com\/Algarvesete","https:\/\/www.instagram.com\/jornalalgarve7\/","https:\/\/www.linkedin.com\/company\/algarve7","https:\/\/www.pinterest.pt\/geral0939\/_created\/"]},{"@type":"Person","@id":"https:\/\/algarve7.pt\/#\/schema\/person\/23fa70681308e7b319a3204bcea45e0c","name":"Algarve 7","sameAs":["https:\/\/algarve7.pt","https:\/\/www.facebook.com\/algarve7"],"url":"https:\/\/algarve7.pt\/index.php\/author\/geralalgarve7-pt\/"}]}},"jetpack_publicize_connections":[],"jetpack_featured_media_url":"https:\/\/algarve7.pt\/wp-content\/uploads\/2022\/07\/RESISTENCIA3Foto-RitaCarmo-1024x684-1.jpg","jetpack_shortlink":"https:\/\/wp.me\/pcezmW-5ab","jetpack_sharing_enabled":true,"_links":{"self":[{"href":"https:\/\/algarve7.pt\/index.php\/wp-json\/wp\/v2\/posts\/19851","targetHints":{"allow":["GET"]}}],"collection":[{"href":"https:\/\/algarve7.pt\/index.php\/wp-json\/wp\/v2\/posts"}],"about":[{"href":"https:\/\/algarve7.pt\/index.php\/wp-json\/wp\/v2\/types\/post"}],"author":[{"embeddable":true,"href":"https:\/\/algarve7.pt\/index.php\/wp-json\/wp\/v2\/users\/1"}],"replies":[{"embeddable":true,"href":"https:\/\/algarve7.pt\/index.php\/wp-json\/wp\/v2\/comments?post=19851"}],"version-history":[{"count":0,"href":"https:\/\/algarve7.pt\/index.php\/wp-json\/wp\/v2\/posts\/19851\/revisions"}],"wp:featuredmedia":[{"embeddable":true,"href":"https:\/\/algarve7.pt\/index.php\/wp-json\/wp\/v2\/media\/19852"}],"wp:attachment":[{"href":"https:\/\/algarve7.pt\/index.php\/wp-json\/wp\/v2\/media?parent=19851"}],"wp:term":[{"taxonomy":"category","embeddable":true,"href":"https:\/\/algarve7.pt\/index.php\/wp-json\/wp\/v2\/categories?post=19851"},{"taxonomy":"post_tag","embeddable":true,"href":"https:\/\/algarve7.pt\/index.php\/wp-json\/wp\/v2\/tags?post=19851"}],"curies":[{"name":"wp","href":"https:\/\/api.w.org\/{rel}","templated":true}]}}