{"id":19848,"date":"2022-07-04T09:30:00","date_gmt":"2022-07-04T08:30:00","guid":{"rendered":"https:\/\/algarve7.pt\/?p=19848"},"modified":"2022-07-03T14:03:58","modified_gmt":"2022-07-03T13:03:58","slug":"concertos-a-luz-das-velas-chegam-a-novas-cidades-no-algarve-este-verao","status":"publish","type":"post","link":"https:\/\/algarve7.pt\/index.php\/2022\/07\/concertos-a-luz-das-velas-chegam-a-novas-cidades-no-algarve-este-verao\/cultura\/09\/30\/","title":{"rendered":"Concertos \u00e0 luz das velas chegam a novas cidades no Algarve este ver\u00e3o"},"content":{"rendered":"\n<p>Os concertos Candlelight apresentam agora novas datas e\u00a0 localiza\u00e7\u00f5es a sul do pa\u00eds \u2013 Lagos e Vilamoura, durante os meses de julho, agosto e setembro.<\/p>\n\n\n\n<p>O concerto intimista da Fever que j\u00e1 conquistou milhares de portugueses contar\u00e1 com sess\u00f5es dedicadas \u00e0s bandas Queen e Abba, ao compositor Hans Zimmer, entre outros.<\/p>\n\n\n\n<p><strong>Algarve, 30 de junho de 2022<\/strong>\u00a0&#8211;\u00a0O\u00a0<strong>Candleligh<\/strong><a href=\"https:\/\/candlelightexperience.com\/\"><strong>t<\/strong><\/a>, concerto intimista \u00e0 luz das velas original da Fever, anuncia novas datas e localiza\u00e7\u00f5es para o Algarve este ver\u00e3o. Depois do sucesso das edi\u00e7\u00f5es anteriores, o concerto \u00e0 luz das velas apresenta agora\u00a0v\u00e1rios\u00a0novos concertos em Lagos e em Vilamoura, durante os meses de julho, agosto e setembro, e que se traduzem numa proposta diferenciadora para um final de dia relaxante durante as f\u00e9rias de ver\u00e3o.\u00a0\u00a0<\/p>\n\n\n\n<p>30 de julho \u00e9 a data dos dois primeiros concertos Candlelight, que v\u00e3o decorrer no Sal\u00e3o Tejo do Hilton Vilamoura As Cascatas Golf Resort &amp; Spa, com sess\u00f5es marcadas para as\u00a019h30\u00a0e\u00a021h30. A primeira sess\u00e3o,\u00a0<strong>dedicada \u00e0 banda de Freddy Mercury \u2013 Queen<\/strong>, contar\u00e1 com a interpreta\u00e7\u00e3o de m\u00fasicas ic\u00f3nicas como \u201cWe Will Rock You\u201d ou \u201cLove Of My Life\u201d por parte de um quarteto de cordas. O segundo concerto ir\u00e1 contar com\u00a0<strong>m\u00fasicas de bandas sonoras de filmes<\/strong>\u00a0como Guerra das Estrelas, Piratas das Cara\u00edbas ou Parque Jur\u00e1ssico, originalmente compostas por\u00a0<em>John Williams, Hans Zimmer, entre outros nomes.\u00a0<\/em><\/p>\n\n\n\n<p>A estreia dos concertos Candlelight em Lagos acontece no dia 20 de agosto, com dois concertos que prometem ser experi\u00eancias memor\u00e1veis para todos os participantes, no Sal\u00e3o Master do Hotel Vila Gal\u00e9 Lagos. As duas sess\u00f5es, marcadas para as\u00a019h30\u00a0e\u00a021h30, contar\u00e3o com tributos a algumas das mais reconhecidas bandas de todos os tempos. O primeiro concerto da noite \u2013 um\u00a0<strong>tributo a Queen<\/strong>\u00a0interpretado por um quarteto de cordas -, permitir\u00e1 redescobrir o melhor da banda brit\u00e2nica de rock e m\u00fasicas como \u201cSomebody to Love\u201d ou \u201cRadio Gaga\u201d em formato de m\u00fasica cl\u00e1ssica. O segundo concerto da noite ser\u00e1 dedicado a um dos mais famosos grupos pop dos anos 70 \u2013\u00a0<strong>Abba<\/strong>. Um tributo que ir\u00e1 contar com a interpreta\u00e7\u00e3o de m\u00fasicas como \u201cDancing Queen\u201d ou \u201cMamma Mia\u201d, tamb\u00e9m por um quarteto de cordas.<\/p>\n\n\n\n<p>No dia 9 de setembro, em pleno Rooftop do Centro de Congressos do Algarve decorre mais um concerto \u00e0 luz das velas mas em formato ao ar livre &#8211; Candlelight Open Air. A sess\u00e3o, marcada para as\u00a021h30, contar\u00e1 com um tributo a Queen numa atmosfera m\u00e1gica ao ar livre que s\u00f3 estes concertos conseguem proporcionar.<\/p>\n\n\n\n<p>Todos os bilhetes podem ser adquiridos atrav\u00e9s do site ou app da Fever e o valor varia consoante a zona selecionada. Os concertos Candlelight t\u00eam a dura\u00e7\u00e3o de 60 minutos, com a abertura de portas a decorrer 30 minutos antes do in\u00edcio de cada concerto.&nbsp;<\/p>\n\n\n\n<p>Os Candlelight s\u00e3o concertos instrumentais de m\u00fasica cl\u00e1ssica, apresentando pe\u00e7as ic\u00f3nicas a um pre\u00e7o acess\u00edvel, ao mesmo tempo que abrem \u00e0 comunidade espa\u00e7os \u00fanicos do patrim\u00f3nio cultural de cada cidade, uma vez que n\u00e3o s\u00e3o realizados em salas de espet\u00e1culos comuns. Este conceito original da Fever conseguiu levar a m\u00fasica cl\u00e1ssica a um p\u00fablico totalmente novo, com 70% dos participantes com menos de 40 anos em mais de 40 cidades em todo o mundo.&nbsp;&nbsp;<\/p>\n","protected":false},"excerpt":{"rendered":"<p>Os concertos Candlelight apresentam agora novas datas e\u00a0 localiza\u00e7\u00f5es a sul do pa\u00eds \u2013 Lagos e Vilamoura, durante os meses<\/p>\n","protected":false},"author":1,"featured_media":19849,"comment_status":"closed","ping_status":"open","sticky":false,"template":"","format":"standard","meta":{"colormag_page_container_layout":"default_layout","colormag_page_sidebar_layout":"default_layout","_monsterinsights_skip_tracking":false,"_monsterinsights_sitenote_active":false,"_monsterinsights_sitenote_note":"","_monsterinsights_sitenote_category":0,"jetpack_post_was_ever_published":false,"_jetpack_newsletter_access":"","_jetpack_dont_email_post_to_subs":false,"_jetpack_newsletter_tier_id":0,"_jetpack_memberships_contains_paywalled_content":false,"_jetpack_memberships_contains_paid_content":false,"footnotes":"","jetpack_publicize_message":"","jetpack_publicize_feature_enabled":true,"jetpack_social_post_already_shared":true,"jetpack_social_options":{"image_generator_settings":{"template":"highway","default_image_id":0,"font":"","enabled":false},"version":2}},"categories":[14],"tags":[36,52,35],"class_list":["post-19848","post","type-post","status-publish","format-standard","has-post-thumbnail","hentry","category-cultura","tag-algarve","tag-concerto","tag-cultura"],"yoast_head":"<!-- This site is optimized with the Yoast SEO plugin v27.5 - https:\/\/yoast.com\/product\/yoast-seo-wordpress\/ -->\n<title>Concertos \u00e0 luz das velas chegam a novas cidades no Algarve este ver\u00e3o - Algarve 7<\/title>\n<meta name=\"description\" content=\"Concertos \u00e0 luz das velas chegam a novas cidades no Algarve este ver\u00e3o Cultura\" \/>\n<meta name=\"robots\" content=\"index, follow, max-snippet:-1, max-image-preview:large, max-video-preview:-1\" \/>\n<link rel=\"canonical\" href=\"https:\/\/algarve7.pt\/index.php\/2022\/07\/concertos-a-luz-das-velas-chegam-a-novas-cidades-no-algarve-este-verao\/cultura\/09\/30\/\" \/>\n<meta property=\"og:locale\" content=\"pt_PT\" \/>\n<meta property=\"og:type\" content=\"article\" \/>\n<meta property=\"og:title\" content=\"Concertos \u00e0 luz das velas chegam a novas cidades no Algarve este ver\u00e3o - Algarve 7\" \/>\n<meta property=\"og:description\" content=\"Concertos \u00e0 luz das velas chegam a novas cidades no Algarve este ver\u00e3o Cultura\" \/>\n<meta property=\"og:url\" content=\"https:\/\/algarve7.pt\/index.php\/2022\/07\/concertos-a-luz-das-velas-chegam-a-novas-cidades-no-algarve-este-verao\/cultura\/09\/30\/\" \/>\n<meta property=\"og:site_name\" content=\"Algarve 7\" \/>\n<meta property=\"article:publisher\" content=\"https:\/\/www.facebook.com\/algarve7\" \/>\n<meta property=\"article:author\" content=\"https:\/\/www.facebook.com\/algarve7\" \/>\n<meta property=\"article:published_time\" content=\"2022-07-04T08:30:00+00:00\" \/>\n<meta property=\"og:image\" content=\"https:\/\/algarve7.pt\/wp-content\/uploads\/2022\/07\/Concertos-Candlelight.jpg\" \/>\n\t<meta property=\"og:image:width\" content=\"1773\" \/>\n\t<meta property=\"og:image:height\" content=\"1182\" \/>\n\t<meta property=\"og:image:type\" content=\"image\/jpeg\" \/>\n<meta name=\"author\" content=\"Algarve 7\" \/>\n<meta name=\"twitter:card\" content=\"summary_large_image\" \/>\n<meta name=\"twitter:creator\" content=\"@Algarvesete\" \/>\n<meta name=\"twitter:site\" content=\"@Algarvesete\" \/>\n<meta name=\"twitter:label1\" content=\"Escrito por\" \/>\n\t<meta name=\"twitter:data1\" content=\"Algarve 7\" \/>\n\t<meta name=\"twitter:label2\" content=\"Tempo estimado de leitura\" \/>\n\t<meta name=\"twitter:data2\" content=\"3 minutos\" \/>\n<script type=\"application\/ld+json\" class=\"yoast-schema-graph\">{\"@context\":\"https:\\\/\\\/schema.org\",\"@graph\":[{\"@type\":\"Article\",\"@id\":\"https:\\\/\\\/algarve7.pt\\\/index.php\\\/2022\\\/07\\\/concertos-a-luz-das-velas-chegam-a-novas-cidades-no-algarve-este-verao\\\/cultura\\\/09\\\/30\\\/#article\",\"isPartOf\":{\"@id\":\"https:\\\/\\\/algarve7.pt\\\/index.php\\\/2022\\\/07\\\/concertos-a-luz-das-velas-chegam-a-novas-cidades-no-algarve-este-verao\\\/cultura\\\/09\\\/30\\\/\"},\"author\":{\"name\":\"Algarve 7\",\"@id\":\"https:\\\/\\\/algarve7.pt\\\/#\\\/schema\\\/person\\\/23fa70681308e7b319a3204bcea45e0c\"},\"headline\":\"Concertos \u00e0 luz das velas chegam a novas cidades no Algarve este ver\u00e3o\",\"datePublished\":\"2022-07-04T08:30:00+00:00\",\"mainEntityOfPage\":{\"@id\":\"https:\\\/\\\/algarve7.pt\\\/index.php\\\/2022\\\/07\\\/concertos-a-luz-das-velas-chegam-a-novas-cidades-no-algarve-este-verao\\\/cultura\\\/09\\\/30\\\/\"},\"wordCount\":587,\"publisher\":{\"@id\":\"https:\\\/\\\/algarve7.pt\\\/#organization\"},\"image\":{\"@id\":\"https:\\\/\\\/algarve7.pt\\\/index.php\\\/2022\\\/07\\\/concertos-a-luz-das-velas-chegam-a-novas-cidades-no-algarve-este-verao\\\/cultura\\\/09\\\/30\\\/#primaryimage\"},\"thumbnailUrl\":\"https:\\\/\\\/algarve7.pt\\\/wp-content\\\/uploads\\\/2022\\\/07\\\/Concertos-Candlelight.jpg\",\"keywords\":[\"Algarve\",\"Concerto\",\"Cultura\"],\"articleSection\":[\"Cultura\"],\"inLanguage\":\"pt-PT\"},{\"@type\":\"WebPage\",\"@id\":\"https:\\\/\\\/algarve7.pt\\\/index.php\\\/2022\\\/07\\\/concertos-a-luz-das-velas-chegam-a-novas-cidades-no-algarve-este-verao\\\/cultura\\\/09\\\/30\\\/\",\"url\":\"https:\\\/\\\/algarve7.pt\\\/index.php\\\/2022\\\/07\\\/concertos-a-luz-das-velas-chegam-a-novas-cidades-no-algarve-este-verao\\\/cultura\\\/09\\\/30\\\/\",\"name\":\"Concertos \u00e0 luz das velas chegam a novas cidades no Algarve este ver\u00e3o - Algarve 7\",\"isPartOf\":{\"@id\":\"https:\\\/\\\/algarve7.pt\\\/#website\"},\"primaryImageOfPage\":{\"@id\":\"https:\\\/\\\/algarve7.pt\\\/index.php\\\/2022\\\/07\\\/concertos-a-luz-das-velas-chegam-a-novas-cidades-no-algarve-este-verao\\\/cultura\\\/09\\\/30\\\/#primaryimage\"},\"image\":{\"@id\":\"https:\\\/\\\/algarve7.pt\\\/index.php\\\/2022\\\/07\\\/concertos-a-luz-das-velas-chegam-a-novas-cidades-no-algarve-este-verao\\\/cultura\\\/09\\\/30\\\/#primaryimage\"},\"thumbnailUrl\":\"https:\\\/\\\/algarve7.pt\\\/wp-content\\\/uploads\\\/2022\\\/07\\\/Concertos-Candlelight.jpg\",\"datePublished\":\"2022-07-04T08:30:00+00:00\",\"description\":\"Concertos \u00e0 luz das velas chegam a novas cidades no Algarve este ver\u00e3o Cultura\",\"breadcrumb\":{\"@id\":\"https:\\\/\\\/algarve7.pt\\\/index.php\\\/2022\\\/07\\\/concertos-a-luz-das-velas-chegam-a-novas-cidades-no-algarve-este-verao\\\/cultura\\\/09\\\/30\\\/#breadcrumb\"},\"inLanguage\":\"pt-PT\",\"potentialAction\":[{\"@type\":\"ReadAction\",\"target\":[\"https:\\\/\\\/algarve7.pt\\\/index.php\\\/2022\\\/07\\\/concertos-a-luz-das-velas-chegam-a-novas-cidades-no-algarve-este-verao\\\/cultura\\\/09\\\/30\\\/\"]}]},{\"@type\":\"ImageObject\",\"inLanguage\":\"pt-PT\",\"@id\":\"https:\\\/\\\/algarve7.pt\\\/index.php\\\/2022\\\/07\\\/concertos-a-luz-das-velas-chegam-a-novas-cidades-no-algarve-este-verao\\\/cultura\\\/09\\\/30\\\/#primaryimage\",\"url\":\"https:\\\/\\\/algarve7.pt\\\/wp-content\\\/uploads\\\/2022\\\/07\\\/Concertos-Candlelight.jpg\",\"contentUrl\":\"https:\\\/\\\/algarve7.pt\\\/wp-content\\\/uploads\\\/2022\\\/07\\\/Concertos-Candlelight.jpg\",\"width\":1773,\"height\":1182},{\"@type\":\"BreadcrumbList\",\"@id\":\"https:\\\/\\\/algarve7.pt\\\/index.php\\\/2022\\\/07\\\/concertos-a-luz-das-velas-chegam-a-novas-cidades-no-algarve-este-verao\\\/cultura\\\/09\\\/30\\\/#breadcrumb\",\"itemListElement\":[{\"@type\":\"ListItem\",\"position\":1,\"name\":\"In\u00edcio\",\"item\":\"https:\\\/\\\/algarve7.pt\\\/\"},{\"@type\":\"ListItem\",\"position\":2,\"name\":\"Concertos \u00e0 luz das velas chegam a novas cidades no Algarve este ver\u00e3o\"}]},{\"@type\":\"WebSite\",\"@id\":\"https:\\\/\\\/algarve7.pt\\\/#website\",\"url\":\"https:\\\/\\\/algarve7.pt\\\/\",\"name\":\"Algarve 7\",\"description\":\"Informa\u00e7\u00e3o sobre o Algarve\",\"publisher\":{\"@id\":\"https:\\\/\\\/algarve7.pt\\\/#organization\"},\"potentialAction\":[{\"@type\":\"SearchAction\",\"target\":{\"@type\":\"EntryPoint\",\"urlTemplate\":\"https:\\\/\\\/algarve7.pt\\\/?s={search_term_string}\"},\"query-input\":{\"@type\":\"PropertyValueSpecification\",\"valueRequired\":true,\"valueName\":\"search_term_string\"}}],\"inLanguage\":\"pt-PT\"},{\"@type\":\"Organization\",\"@id\":\"https:\\\/\\\/algarve7.pt\\\/#organization\",\"name\":\"Algarve 7\",\"url\":\"https:\\\/\\\/algarve7.pt\\\/\",\"logo\":{\"@type\":\"ImageObject\",\"inLanguage\":\"pt-PT\",\"@id\":\"https:\\\/\\\/algarve7.pt\\\/#\\\/schema\\\/logo\\\/image\\\/\",\"url\":\"https:\\\/\\\/algarve7.pt\\\/wp-content\\\/uploads\\\/2020\\\/10\\\/Logo-8.jpg\",\"contentUrl\":\"https:\\\/\\\/algarve7.pt\\\/wp-content\\\/uploads\\\/2020\\\/10\\\/Logo-8.jpg\",\"width\":1680,\"height\":1186,\"caption\":\"Algarve 7\"},\"image\":{\"@id\":\"https:\\\/\\\/algarve7.pt\\\/#\\\/schema\\\/logo\\\/image\\\/\"},\"sameAs\":[\"https:\\\/\\\/www.facebook.com\\\/algarve7\",\"https:\\\/\\\/x.com\\\/Algarvesete\",\"https:\\\/\\\/www.instagram.com\\\/jornalalgarve7\\\/\",\"https:\\\/\\\/www.linkedin.com\\\/company\\\/algarve7\",\"https:\\\/\\\/www.pinterest.pt\\\/geral0939\\\/_created\\\/\"]},{\"@type\":\"Person\",\"@id\":\"https:\\\/\\\/algarve7.pt\\\/#\\\/schema\\\/person\\\/23fa70681308e7b319a3204bcea45e0c\",\"name\":\"Algarve 7\",\"sameAs\":[\"https:\\\/\\\/algarve7.pt\",\"https:\\\/\\\/www.facebook.com\\\/algarve7\"],\"url\":\"https:\\\/\\\/algarve7.pt\\\/index.php\\\/author\\\/geralalgarve7-pt\\\/\"}]}<\/script>\n<!-- \/ Yoast SEO plugin. -->","yoast_head_json":{"title":"Concertos \u00e0 luz das velas chegam a novas cidades no Algarve este ver\u00e3o - Algarve 7","description":"Concertos \u00e0 luz das velas chegam a novas cidades no Algarve este ver\u00e3o Cultura","robots":{"index":"index","follow":"follow","max-snippet":"max-snippet:-1","max-image-preview":"max-image-preview:large","max-video-preview":"max-video-preview:-1"},"canonical":"https:\/\/algarve7.pt\/index.php\/2022\/07\/concertos-a-luz-das-velas-chegam-a-novas-cidades-no-algarve-este-verao\/cultura\/09\/30\/","og_locale":"pt_PT","og_type":"article","og_title":"Concertos \u00e0 luz das velas chegam a novas cidades no Algarve este ver\u00e3o - Algarve 7","og_description":"Concertos \u00e0 luz das velas chegam a novas cidades no Algarve este ver\u00e3o Cultura","og_url":"https:\/\/algarve7.pt\/index.php\/2022\/07\/concertos-a-luz-das-velas-chegam-a-novas-cidades-no-algarve-este-verao\/cultura\/09\/30\/","og_site_name":"Algarve 7","article_publisher":"https:\/\/www.facebook.com\/algarve7","article_author":"https:\/\/www.facebook.com\/algarve7","article_published_time":"2022-07-04T08:30:00+00:00","og_image":[{"width":1773,"height":1182,"url":"https:\/\/algarve7.pt\/wp-content\/uploads\/2022\/07\/Concertos-Candlelight.jpg","type":"image\/jpeg"}],"author":"Algarve 7","twitter_card":"summary_large_image","twitter_creator":"@Algarvesete","twitter_site":"@Algarvesete","twitter_misc":{"Escrito por":"Algarve 7","Tempo estimado de leitura":"3 minutos"},"schema":{"@context":"https:\/\/schema.org","@graph":[{"@type":"Article","@id":"https:\/\/algarve7.pt\/index.php\/2022\/07\/concertos-a-luz-das-velas-chegam-a-novas-cidades-no-algarve-este-verao\/cultura\/09\/30\/#article","isPartOf":{"@id":"https:\/\/algarve7.pt\/index.php\/2022\/07\/concertos-a-luz-das-velas-chegam-a-novas-cidades-no-algarve-este-verao\/cultura\/09\/30\/"},"author":{"name":"Algarve 7","@id":"https:\/\/algarve7.pt\/#\/schema\/person\/23fa70681308e7b319a3204bcea45e0c"},"headline":"Concertos \u00e0 luz das velas chegam a novas cidades no Algarve este ver\u00e3o","datePublished":"2022-07-04T08:30:00+00:00","mainEntityOfPage":{"@id":"https:\/\/algarve7.pt\/index.php\/2022\/07\/concertos-a-luz-das-velas-chegam-a-novas-cidades-no-algarve-este-verao\/cultura\/09\/30\/"},"wordCount":587,"publisher":{"@id":"https:\/\/algarve7.pt\/#organization"},"image":{"@id":"https:\/\/algarve7.pt\/index.php\/2022\/07\/concertos-a-luz-das-velas-chegam-a-novas-cidades-no-algarve-este-verao\/cultura\/09\/30\/#primaryimage"},"thumbnailUrl":"https:\/\/algarve7.pt\/wp-content\/uploads\/2022\/07\/Concertos-Candlelight.jpg","keywords":["Algarve","Concerto","Cultura"],"articleSection":["Cultura"],"inLanguage":"pt-PT"},{"@type":"WebPage","@id":"https:\/\/algarve7.pt\/index.php\/2022\/07\/concertos-a-luz-das-velas-chegam-a-novas-cidades-no-algarve-este-verao\/cultura\/09\/30\/","url":"https:\/\/algarve7.pt\/index.php\/2022\/07\/concertos-a-luz-das-velas-chegam-a-novas-cidades-no-algarve-este-verao\/cultura\/09\/30\/","name":"Concertos \u00e0 luz das velas chegam a novas cidades no Algarve este ver\u00e3o - Algarve 7","isPartOf":{"@id":"https:\/\/algarve7.pt\/#website"},"primaryImageOfPage":{"@id":"https:\/\/algarve7.pt\/index.php\/2022\/07\/concertos-a-luz-das-velas-chegam-a-novas-cidades-no-algarve-este-verao\/cultura\/09\/30\/#primaryimage"},"image":{"@id":"https:\/\/algarve7.pt\/index.php\/2022\/07\/concertos-a-luz-das-velas-chegam-a-novas-cidades-no-algarve-este-verao\/cultura\/09\/30\/#primaryimage"},"thumbnailUrl":"https:\/\/algarve7.pt\/wp-content\/uploads\/2022\/07\/Concertos-Candlelight.jpg","datePublished":"2022-07-04T08:30:00+00:00","description":"Concertos \u00e0 luz das velas chegam a novas cidades no Algarve este ver\u00e3o Cultura","breadcrumb":{"@id":"https:\/\/algarve7.pt\/index.php\/2022\/07\/concertos-a-luz-das-velas-chegam-a-novas-cidades-no-algarve-este-verao\/cultura\/09\/30\/#breadcrumb"},"inLanguage":"pt-PT","potentialAction":[{"@type":"ReadAction","target":["https:\/\/algarve7.pt\/index.php\/2022\/07\/concertos-a-luz-das-velas-chegam-a-novas-cidades-no-algarve-este-verao\/cultura\/09\/30\/"]}]},{"@type":"ImageObject","inLanguage":"pt-PT","@id":"https:\/\/algarve7.pt\/index.php\/2022\/07\/concertos-a-luz-das-velas-chegam-a-novas-cidades-no-algarve-este-verao\/cultura\/09\/30\/#primaryimage","url":"https:\/\/algarve7.pt\/wp-content\/uploads\/2022\/07\/Concertos-Candlelight.jpg","contentUrl":"https:\/\/algarve7.pt\/wp-content\/uploads\/2022\/07\/Concertos-Candlelight.jpg","width":1773,"height":1182},{"@type":"BreadcrumbList","@id":"https:\/\/algarve7.pt\/index.php\/2022\/07\/concertos-a-luz-das-velas-chegam-a-novas-cidades-no-algarve-este-verao\/cultura\/09\/30\/#breadcrumb","itemListElement":[{"@type":"ListItem","position":1,"name":"In\u00edcio","item":"https:\/\/algarve7.pt\/"},{"@type":"ListItem","position":2,"name":"Concertos \u00e0 luz das velas chegam a novas cidades no Algarve este ver\u00e3o"}]},{"@type":"WebSite","@id":"https:\/\/algarve7.pt\/#website","url":"https:\/\/algarve7.pt\/","name":"Algarve 7","description":"Informa\u00e7\u00e3o sobre o Algarve","publisher":{"@id":"https:\/\/algarve7.pt\/#organization"},"potentialAction":[{"@type":"SearchAction","target":{"@type":"EntryPoint","urlTemplate":"https:\/\/algarve7.pt\/?s={search_term_string}"},"query-input":{"@type":"PropertyValueSpecification","valueRequired":true,"valueName":"search_term_string"}}],"inLanguage":"pt-PT"},{"@type":"Organization","@id":"https:\/\/algarve7.pt\/#organization","name":"Algarve 7","url":"https:\/\/algarve7.pt\/","logo":{"@type":"ImageObject","inLanguage":"pt-PT","@id":"https:\/\/algarve7.pt\/#\/schema\/logo\/image\/","url":"https:\/\/algarve7.pt\/wp-content\/uploads\/2020\/10\/Logo-8.jpg","contentUrl":"https:\/\/algarve7.pt\/wp-content\/uploads\/2020\/10\/Logo-8.jpg","width":1680,"height":1186,"caption":"Algarve 7"},"image":{"@id":"https:\/\/algarve7.pt\/#\/schema\/logo\/image\/"},"sameAs":["https:\/\/www.facebook.com\/algarve7","https:\/\/x.com\/Algarvesete","https:\/\/www.instagram.com\/jornalalgarve7\/","https:\/\/www.linkedin.com\/company\/algarve7","https:\/\/www.pinterest.pt\/geral0939\/_created\/"]},{"@type":"Person","@id":"https:\/\/algarve7.pt\/#\/schema\/person\/23fa70681308e7b319a3204bcea45e0c","name":"Algarve 7","sameAs":["https:\/\/algarve7.pt","https:\/\/www.facebook.com\/algarve7"],"url":"https:\/\/algarve7.pt\/index.php\/author\/geralalgarve7-pt\/"}]}},"jetpack_publicize_connections":[],"jetpack_featured_media_url":"https:\/\/algarve7.pt\/wp-content\/uploads\/2022\/07\/Concertos-Candlelight.jpg","jetpack_shortlink":"https:\/\/wp.me\/pcezmW-5a8","jetpack_sharing_enabled":true,"_links":{"self":[{"href":"https:\/\/algarve7.pt\/index.php\/wp-json\/wp\/v2\/posts\/19848","targetHints":{"allow":["GET"]}}],"collection":[{"href":"https:\/\/algarve7.pt\/index.php\/wp-json\/wp\/v2\/posts"}],"about":[{"href":"https:\/\/algarve7.pt\/index.php\/wp-json\/wp\/v2\/types\/post"}],"author":[{"embeddable":true,"href":"https:\/\/algarve7.pt\/index.php\/wp-json\/wp\/v2\/users\/1"}],"replies":[{"embeddable":true,"href":"https:\/\/algarve7.pt\/index.php\/wp-json\/wp\/v2\/comments?post=19848"}],"version-history":[{"count":0,"href":"https:\/\/algarve7.pt\/index.php\/wp-json\/wp\/v2\/posts\/19848\/revisions"}],"wp:featuredmedia":[{"embeddable":true,"href":"https:\/\/algarve7.pt\/index.php\/wp-json\/wp\/v2\/media\/19849"}],"wp:attachment":[{"href":"https:\/\/algarve7.pt\/index.php\/wp-json\/wp\/v2\/media?parent=19848"}],"wp:term":[{"taxonomy":"category","embeddable":true,"href":"https:\/\/algarve7.pt\/index.php\/wp-json\/wp\/v2\/categories?post=19848"},{"taxonomy":"post_tag","embeddable":true,"href":"https:\/\/algarve7.pt\/index.php\/wp-json\/wp\/v2\/tags?post=19848"}],"curies":[{"name":"wp","href":"https:\/\/api.w.org\/{rel}","templated":true}]}}