{"id":19845,"date":"2022-07-03T15:30:00","date_gmt":"2022-07-03T14:30:00","guid":{"rendered":"https:\/\/algarve7.pt\/?p=19845"},"modified":"2022-07-03T13:58:11","modified_gmt":"2022-07-03T12:58:11","slug":"ualg-teve-mais-do-dobro-de-diplomados-face-a-media-nacional","status":"publish","type":"post","link":"https:\/\/algarve7.pt\/index.php\/2022\/07\/ualg-teve-mais-do-dobro-de-diplomados-face-a-media-nacional\/educacao\/15\/30\/","title":{"rendered":"UAlg teve mais do dobro de diplomados face \u00e0 m\u00e9dia nacional"},"content":{"rendered":"\n<p>Segundo dados publicados,\u00a0<u>no dia 29 de junho<\/u>, pela Dire\u00e7\u00e3o-Geral de Estat\u00edsticas da Educa\u00e7\u00e3o e Ci\u00eancia (DGEEC) sobre os diplomados do ano letivo 2020\/2021, os estabelecimentos de ensino superior apresentaram um aumento de 6% face ao ano letivo anterior e a Universidade do Algarve colocou-se acima da m\u00e9dia nacional, registando um aumento de 13%.<\/p>\n\n\n\n<p>Este aumento traduziu-se a n\u00edvel nacional em mais 5.121 diplomas, tendo sido emitidos 90.920 diplomas em ciclos de estudos conferentes de n\u00edvel CITE (Classifica\u00e7\u00e3o Internacional Tipo da Educa\u00e7\u00e3o) de ensino superior. Na UAlg, foram emitidos mais 215 diplomas face ao ano letivo anterior, o que se traduziu em 1868 diplomados em 2020\/21, sendo o melhor resultado global dos \u00faltimos 10 anos.<\/p>\n\n\n\n<p>Os diplomas atribu\u00eddos pela UAlg distribuem-se da seguinte forma: 4,8% (89) s\u00e3o diplomas de Curso T\u00e9cnico Superior Profissional (CTeSP); 66,6% (1245) referem-se a diplomas de licenciatura 1.\u00ba ciclo; 4,4% (82) dizem respeito a diplomas de mestrado integrado; 22,9% (428) a mestrado de 2.\u00ba ciclo; e 1,3% (24) s\u00e3o diplomas de doutoramento 3.\u00ba ciclo.<\/p>\n\n\n\n<p>Em rela\u00e7\u00e3o \u00e0 distribui\u00e7\u00e3o por g\u00e9nero, 63,7% dos diplomas da UAlg foram atribu\u00eddos a mulheres, destacando-se a sua presen\u00e7a na \u00e1rea cient\u00edfica da \u201cEduca\u00e7\u00e3o\u201d, com 93,3%, seguindo-se a \u00e1rea da \u201cSa\u00fade e Prote\u00e7\u00e3o Social\u201d com 81,7%. &nbsp;<\/p>\n\n\n\n<p>No que diz respeito \u00e0 distribui\u00e7\u00e3o de diplomados da UAlg por \u00e1reas cient\u00edficas, no Top 3 surgem as \u201cCi\u00eancias Empresariais\u201d (17,7%), as \u201cCi\u00eancias Naturais\u201d (16,7%) e a \u201cSa\u00fade e Prote\u00e7\u00e3o Social\u201d (16,1%).<\/p>\n","protected":false},"excerpt":{"rendered":"<p>Segundo dados publicados,\u00a0no dia 29 de junho, pela Dire\u00e7\u00e3o-Geral de Estat\u00edsticas da Educa\u00e7\u00e3o e Ci\u00eancia (DGEEC) sobre os diplomados do<\/p>\n","protected":false},"author":1,"featured_media":19846,"comment_status":"closed","ping_status":"open","sticky":false,"template":"","format":"standard","meta":{"colormag_page_container_layout":"default_layout","colormag_page_sidebar_layout":"default_layout","_monsterinsights_skip_tracking":false,"_monsterinsights_sitenote_active":false,"_monsterinsights_sitenote_note":"","_monsterinsights_sitenote_category":0,"jetpack_post_was_ever_published":false,"_jetpack_newsletter_access":"","_jetpack_dont_email_post_to_subs":false,"_jetpack_newsletter_tier_id":0,"_jetpack_memberships_contains_paywalled_content":false,"_jetpack_memberships_contains_paid_content":false,"footnotes":"","jetpack_publicize_message":"","jetpack_publicize_feature_enabled":true,"jetpack_social_post_already_shared":true,"jetpack_social_options":{"image_generator_settings":{"template":"highway","default_image_id":0,"font":"","enabled":false},"version":2}},"categories":[93],"tags":[36,74,182],"class_list":["post-19845","post","type-post","status-publish","format-standard","has-post-thumbnail","hentry","category-educacao","tag-algarve","tag-educacao","tag-ualg"],"yoast_head":"<!-- This site is optimized with the Yoast SEO plugin v27.5 - https:\/\/yoast.com\/product\/yoast-seo-wordpress\/ -->\n<title>UAlg teve mais do dobro de diplomados face \u00e0 m\u00e9dia nacional - Algarve 7<\/title>\n<meta name=\"description\" content=\"UAlg teve mais do dobro de diplomados face \u00e0 m\u00e9dia nacional Educa\u00e7\u00e3o\" \/>\n<meta name=\"robots\" content=\"index, follow, max-snippet:-1, max-image-preview:large, max-video-preview:-1\" \/>\n<link rel=\"canonical\" href=\"https:\/\/algarve7.pt\/index.php\/2022\/07\/ualg-teve-mais-do-dobro-de-diplomados-face-a-media-nacional\/educacao\/15\/30\/\" \/>\n<meta property=\"og:locale\" content=\"pt_PT\" \/>\n<meta property=\"og:type\" content=\"article\" \/>\n<meta property=\"og:title\" content=\"UAlg teve mais do dobro de diplomados face \u00e0 m\u00e9dia nacional - Algarve 7\" \/>\n<meta property=\"og:description\" content=\"UAlg teve mais do dobro de diplomados face \u00e0 m\u00e9dia nacional Educa\u00e7\u00e3o\" \/>\n<meta property=\"og:url\" content=\"https:\/\/algarve7.pt\/index.php\/2022\/07\/ualg-teve-mais-do-dobro-de-diplomados-face-a-media-nacional\/educacao\/15\/30\/\" \/>\n<meta property=\"og:site_name\" content=\"Algarve 7\" \/>\n<meta property=\"article:publisher\" content=\"https:\/\/www.facebook.com\/algarve7\" \/>\n<meta property=\"article:author\" content=\"https:\/\/www.facebook.com\/algarve7\" \/>\n<meta property=\"article:published_time\" content=\"2022-07-03T14:30:00+00:00\" \/>\n<meta property=\"og:image\" content=\"https:\/\/algarve7.pt\/wp-content\/uploads\/2022\/07\/primage_62590.jpg\" \/>\n\t<meta property=\"og:image:width\" content=\"2560\" \/>\n\t<meta property=\"og:image:height\" content=\"1382\" \/>\n\t<meta property=\"og:image:type\" content=\"image\/jpeg\" \/>\n<meta name=\"author\" content=\"Algarve 7\" \/>\n<meta name=\"twitter:card\" content=\"summary_large_image\" \/>\n<meta name=\"twitter:creator\" content=\"@Algarvesete\" \/>\n<meta name=\"twitter:site\" content=\"@Algarvesete\" \/>\n<meta name=\"twitter:label1\" content=\"Escrito por\" \/>\n\t<meta name=\"twitter:data1\" content=\"Algarve 7\" \/>\n\t<meta name=\"twitter:label2\" content=\"Tempo estimado de leitura\" \/>\n\t<meta name=\"twitter:data2\" content=\"2 minutos\" \/>\n<script type=\"application\/ld+json\" class=\"yoast-schema-graph\">{\"@context\":\"https:\\\/\\\/schema.org\",\"@graph\":[{\"@type\":\"Article\",\"@id\":\"https:\\\/\\\/algarve7.pt\\\/index.php\\\/2022\\\/07\\\/ualg-teve-mais-do-dobro-de-diplomados-face-a-media-nacional\\\/educacao\\\/15\\\/30\\\/#article\",\"isPartOf\":{\"@id\":\"https:\\\/\\\/algarve7.pt\\\/index.php\\\/2022\\\/07\\\/ualg-teve-mais-do-dobro-de-diplomados-face-a-media-nacional\\\/educacao\\\/15\\\/30\\\/\"},\"author\":{\"name\":\"Algarve 7\",\"@id\":\"https:\\\/\\\/algarve7.pt\\\/#\\\/schema\\\/person\\\/23fa70681308e7b319a3204bcea45e0c\"},\"headline\":\"UAlg teve mais do dobro de diplomados face \u00e0 m\u00e9dia nacional\",\"datePublished\":\"2022-07-03T14:30:00+00:00\",\"mainEntityOfPage\":{\"@id\":\"https:\\\/\\\/algarve7.pt\\\/index.php\\\/2022\\\/07\\\/ualg-teve-mais-do-dobro-de-diplomados-face-a-media-nacional\\\/educacao\\\/15\\\/30\\\/\"},\"wordCount\":244,\"publisher\":{\"@id\":\"https:\\\/\\\/algarve7.pt\\\/#organization\"},\"image\":{\"@id\":\"https:\\\/\\\/algarve7.pt\\\/index.php\\\/2022\\\/07\\\/ualg-teve-mais-do-dobro-de-diplomados-face-a-media-nacional\\\/educacao\\\/15\\\/30\\\/#primaryimage\"},\"thumbnailUrl\":\"https:\\\/\\\/algarve7.pt\\\/wp-content\\\/uploads\\\/2022\\\/07\\\/primage_62590.jpg\",\"keywords\":[\"Algarve\",\"Educa\u00e7\u00e3o\",\"UALG\"],\"articleSection\":[\"Educa\u00e7\u00e3o\"],\"inLanguage\":\"pt-PT\"},{\"@type\":\"WebPage\",\"@id\":\"https:\\\/\\\/algarve7.pt\\\/index.php\\\/2022\\\/07\\\/ualg-teve-mais-do-dobro-de-diplomados-face-a-media-nacional\\\/educacao\\\/15\\\/30\\\/\",\"url\":\"https:\\\/\\\/algarve7.pt\\\/index.php\\\/2022\\\/07\\\/ualg-teve-mais-do-dobro-de-diplomados-face-a-media-nacional\\\/educacao\\\/15\\\/30\\\/\",\"name\":\"UAlg teve mais do dobro de diplomados face \u00e0 m\u00e9dia nacional - Algarve 7\",\"isPartOf\":{\"@id\":\"https:\\\/\\\/algarve7.pt\\\/#website\"},\"primaryImageOfPage\":{\"@id\":\"https:\\\/\\\/algarve7.pt\\\/index.php\\\/2022\\\/07\\\/ualg-teve-mais-do-dobro-de-diplomados-face-a-media-nacional\\\/educacao\\\/15\\\/30\\\/#primaryimage\"},\"image\":{\"@id\":\"https:\\\/\\\/algarve7.pt\\\/index.php\\\/2022\\\/07\\\/ualg-teve-mais-do-dobro-de-diplomados-face-a-media-nacional\\\/educacao\\\/15\\\/30\\\/#primaryimage\"},\"thumbnailUrl\":\"https:\\\/\\\/algarve7.pt\\\/wp-content\\\/uploads\\\/2022\\\/07\\\/primage_62590.jpg\",\"datePublished\":\"2022-07-03T14:30:00+00:00\",\"description\":\"UAlg teve mais do dobro de diplomados face \u00e0 m\u00e9dia nacional Educa\u00e7\u00e3o\",\"breadcrumb\":{\"@id\":\"https:\\\/\\\/algarve7.pt\\\/index.php\\\/2022\\\/07\\\/ualg-teve-mais-do-dobro-de-diplomados-face-a-media-nacional\\\/educacao\\\/15\\\/30\\\/#breadcrumb\"},\"inLanguage\":\"pt-PT\",\"potentialAction\":[{\"@type\":\"ReadAction\",\"target\":[\"https:\\\/\\\/algarve7.pt\\\/index.php\\\/2022\\\/07\\\/ualg-teve-mais-do-dobro-de-diplomados-face-a-media-nacional\\\/educacao\\\/15\\\/30\\\/\"]}]},{\"@type\":\"ImageObject\",\"inLanguage\":\"pt-PT\",\"@id\":\"https:\\\/\\\/algarve7.pt\\\/index.php\\\/2022\\\/07\\\/ualg-teve-mais-do-dobro-de-diplomados-face-a-media-nacional\\\/educacao\\\/15\\\/30\\\/#primaryimage\",\"url\":\"https:\\\/\\\/algarve7.pt\\\/wp-content\\\/uploads\\\/2022\\\/07\\\/primage_62590.jpg\",\"contentUrl\":\"https:\\\/\\\/algarve7.pt\\\/wp-content\\\/uploads\\\/2022\\\/07\\\/primage_62590.jpg\",\"width\":2560,\"height\":1382,\"caption\":\"DCIM100MEDIADJI_0945.JPG\"},{\"@type\":\"BreadcrumbList\",\"@id\":\"https:\\\/\\\/algarve7.pt\\\/index.php\\\/2022\\\/07\\\/ualg-teve-mais-do-dobro-de-diplomados-face-a-media-nacional\\\/educacao\\\/15\\\/30\\\/#breadcrumb\",\"itemListElement\":[{\"@type\":\"ListItem\",\"position\":1,\"name\":\"In\u00edcio\",\"item\":\"https:\\\/\\\/algarve7.pt\\\/\"},{\"@type\":\"ListItem\",\"position\":2,\"name\":\"UAlg teve mais do dobro de diplomados face \u00e0 m\u00e9dia nacional\"}]},{\"@type\":\"WebSite\",\"@id\":\"https:\\\/\\\/algarve7.pt\\\/#website\",\"url\":\"https:\\\/\\\/algarve7.pt\\\/\",\"name\":\"Algarve 7\",\"description\":\"Informa\u00e7\u00e3o sobre o Algarve\",\"publisher\":{\"@id\":\"https:\\\/\\\/algarve7.pt\\\/#organization\"},\"potentialAction\":[{\"@type\":\"SearchAction\",\"target\":{\"@type\":\"EntryPoint\",\"urlTemplate\":\"https:\\\/\\\/algarve7.pt\\\/?s={search_term_string}\"},\"query-input\":{\"@type\":\"PropertyValueSpecification\",\"valueRequired\":true,\"valueName\":\"search_term_string\"}}],\"inLanguage\":\"pt-PT\"},{\"@type\":\"Organization\",\"@id\":\"https:\\\/\\\/algarve7.pt\\\/#organization\",\"name\":\"Algarve 7\",\"url\":\"https:\\\/\\\/algarve7.pt\\\/\",\"logo\":{\"@type\":\"ImageObject\",\"inLanguage\":\"pt-PT\",\"@id\":\"https:\\\/\\\/algarve7.pt\\\/#\\\/schema\\\/logo\\\/image\\\/\",\"url\":\"https:\\\/\\\/algarve7.pt\\\/wp-content\\\/uploads\\\/2020\\\/10\\\/Logo-8.jpg\",\"contentUrl\":\"https:\\\/\\\/algarve7.pt\\\/wp-content\\\/uploads\\\/2020\\\/10\\\/Logo-8.jpg\",\"width\":1680,\"height\":1186,\"caption\":\"Algarve 7\"},\"image\":{\"@id\":\"https:\\\/\\\/algarve7.pt\\\/#\\\/schema\\\/logo\\\/image\\\/\"},\"sameAs\":[\"https:\\\/\\\/www.facebook.com\\\/algarve7\",\"https:\\\/\\\/x.com\\\/Algarvesete\",\"https:\\\/\\\/www.instagram.com\\\/jornalalgarve7\\\/\",\"https:\\\/\\\/www.linkedin.com\\\/company\\\/algarve7\",\"https:\\\/\\\/www.pinterest.pt\\\/geral0939\\\/_created\\\/\"]},{\"@type\":\"Person\",\"@id\":\"https:\\\/\\\/algarve7.pt\\\/#\\\/schema\\\/person\\\/23fa70681308e7b319a3204bcea45e0c\",\"name\":\"Algarve 7\",\"sameAs\":[\"https:\\\/\\\/algarve7.pt\",\"https:\\\/\\\/www.facebook.com\\\/algarve7\"],\"url\":\"https:\\\/\\\/algarve7.pt\\\/index.php\\\/author\\\/geralalgarve7-pt\\\/\"}]}<\/script>\n<!-- \/ Yoast SEO plugin. -->","yoast_head_json":{"title":"UAlg teve mais do dobro de diplomados face \u00e0 m\u00e9dia nacional - Algarve 7","description":"UAlg teve mais do dobro de diplomados face \u00e0 m\u00e9dia nacional Educa\u00e7\u00e3o","robots":{"index":"index","follow":"follow","max-snippet":"max-snippet:-1","max-image-preview":"max-image-preview:large","max-video-preview":"max-video-preview:-1"},"canonical":"https:\/\/algarve7.pt\/index.php\/2022\/07\/ualg-teve-mais-do-dobro-de-diplomados-face-a-media-nacional\/educacao\/15\/30\/","og_locale":"pt_PT","og_type":"article","og_title":"UAlg teve mais do dobro de diplomados face \u00e0 m\u00e9dia nacional - Algarve 7","og_description":"UAlg teve mais do dobro de diplomados face \u00e0 m\u00e9dia nacional Educa\u00e7\u00e3o","og_url":"https:\/\/algarve7.pt\/index.php\/2022\/07\/ualg-teve-mais-do-dobro-de-diplomados-face-a-media-nacional\/educacao\/15\/30\/","og_site_name":"Algarve 7","article_publisher":"https:\/\/www.facebook.com\/algarve7","article_author":"https:\/\/www.facebook.com\/algarve7","article_published_time":"2022-07-03T14:30:00+00:00","og_image":[{"width":2560,"height":1382,"url":"https:\/\/algarve7.pt\/wp-content\/uploads\/2022\/07\/primage_62590.jpg","type":"image\/jpeg"}],"author":"Algarve 7","twitter_card":"summary_large_image","twitter_creator":"@Algarvesete","twitter_site":"@Algarvesete","twitter_misc":{"Escrito por":"Algarve 7","Tempo estimado de leitura":"2 minutos"},"schema":{"@context":"https:\/\/schema.org","@graph":[{"@type":"Article","@id":"https:\/\/algarve7.pt\/index.php\/2022\/07\/ualg-teve-mais-do-dobro-de-diplomados-face-a-media-nacional\/educacao\/15\/30\/#article","isPartOf":{"@id":"https:\/\/algarve7.pt\/index.php\/2022\/07\/ualg-teve-mais-do-dobro-de-diplomados-face-a-media-nacional\/educacao\/15\/30\/"},"author":{"name":"Algarve 7","@id":"https:\/\/algarve7.pt\/#\/schema\/person\/23fa70681308e7b319a3204bcea45e0c"},"headline":"UAlg teve mais do dobro de diplomados face \u00e0 m\u00e9dia nacional","datePublished":"2022-07-03T14:30:00+00:00","mainEntityOfPage":{"@id":"https:\/\/algarve7.pt\/index.php\/2022\/07\/ualg-teve-mais-do-dobro-de-diplomados-face-a-media-nacional\/educacao\/15\/30\/"},"wordCount":244,"publisher":{"@id":"https:\/\/algarve7.pt\/#organization"},"image":{"@id":"https:\/\/algarve7.pt\/index.php\/2022\/07\/ualg-teve-mais-do-dobro-de-diplomados-face-a-media-nacional\/educacao\/15\/30\/#primaryimage"},"thumbnailUrl":"https:\/\/algarve7.pt\/wp-content\/uploads\/2022\/07\/primage_62590.jpg","keywords":["Algarve","Educa\u00e7\u00e3o","UALG"],"articleSection":["Educa\u00e7\u00e3o"],"inLanguage":"pt-PT"},{"@type":"WebPage","@id":"https:\/\/algarve7.pt\/index.php\/2022\/07\/ualg-teve-mais-do-dobro-de-diplomados-face-a-media-nacional\/educacao\/15\/30\/","url":"https:\/\/algarve7.pt\/index.php\/2022\/07\/ualg-teve-mais-do-dobro-de-diplomados-face-a-media-nacional\/educacao\/15\/30\/","name":"UAlg teve mais do dobro de diplomados face \u00e0 m\u00e9dia nacional - Algarve 7","isPartOf":{"@id":"https:\/\/algarve7.pt\/#website"},"primaryImageOfPage":{"@id":"https:\/\/algarve7.pt\/index.php\/2022\/07\/ualg-teve-mais-do-dobro-de-diplomados-face-a-media-nacional\/educacao\/15\/30\/#primaryimage"},"image":{"@id":"https:\/\/algarve7.pt\/index.php\/2022\/07\/ualg-teve-mais-do-dobro-de-diplomados-face-a-media-nacional\/educacao\/15\/30\/#primaryimage"},"thumbnailUrl":"https:\/\/algarve7.pt\/wp-content\/uploads\/2022\/07\/primage_62590.jpg","datePublished":"2022-07-03T14:30:00+00:00","description":"UAlg teve mais do dobro de diplomados face \u00e0 m\u00e9dia nacional Educa\u00e7\u00e3o","breadcrumb":{"@id":"https:\/\/algarve7.pt\/index.php\/2022\/07\/ualg-teve-mais-do-dobro-de-diplomados-face-a-media-nacional\/educacao\/15\/30\/#breadcrumb"},"inLanguage":"pt-PT","potentialAction":[{"@type":"ReadAction","target":["https:\/\/algarve7.pt\/index.php\/2022\/07\/ualg-teve-mais-do-dobro-de-diplomados-face-a-media-nacional\/educacao\/15\/30\/"]}]},{"@type":"ImageObject","inLanguage":"pt-PT","@id":"https:\/\/algarve7.pt\/index.php\/2022\/07\/ualg-teve-mais-do-dobro-de-diplomados-face-a-media-nacional\/educacao\/15\/30\/#primaryimage","url":"https:\/\/algarve7.pt\/wp-content\/uploads\/2022\/07\/primage_62590.jpg","contentUrl":"https:\/\/algarve7.pt\/wp-content\/uploads\/2022\/07\/primage_62590.jpg","width":2560,"height":1382,"caption":"DCIM100MEDIADJI_0945.JPG"},{"@type":"BreadcrumbList","@id":"https:\/\/algarve7.pt\/index.php\/2022\/07\/ualg-teve-mais-do-dobro-de-diplomados-face-a-media-nacional\/educacao\/15\/30\/#breadcrumb","itemListElement":[{"@type":"ListItem","position":1,"name":"In\u00edcio","item":"https:\/\/algarve7.pt\/"},{"@type":"ListItem","position":2,"name":"UAlg teve mais do dobro de diplomados face \u00e0 m\u00e9dia nacional"}]},{"@type":"WebSite","@id":"https:\/\/algarve7.pt\/#website","url":"https:\/\/algarve7.pt\/","name":"Algarve 7","description":"Informa\u00e7\u00e3o sobre o Algarve","publisher":{"@id":"https:\/\/algarve7.pt\/#organization"},"potentialAction":[{"@type":"SearchAction","target":{"@type":"EntryPoint","urlTemplate":"https:\/\/algarve7.pt\/?s={search_term_string}"},"query-input":{"@type":"PropertyValueSpecification","valueRequired":true,"valueName":"search_term_string"}}],"inLanguage":"pt-PT"},{"@type":"Organization","@id":"https:\/\/algarve7.pt\/#organization","name":"Algarve 7","url":"https:\/\/algarve7.pt\/","logo":{"@type":"ImageObject","inLanguage":"pt-PT","@id":"https:\/\/algarve7.pt\/#\/schema\/logo\/image\/","url":"https:\/\/algarve7.pt\/wp-content\/uploads\/2020\/10\/Logo-8.jpg","contentUrl":"https:\/\/algarve7.pt\/wp-content\/uploads\/2020\/10\/Logo-8.jpg","width":1680,"height":1186,"caption":"Algarve 7"},"image":{"@id":"https:\/\/algarve7.pt\/#\/schema\/logo\/image\/"},"sameAs":["https:\/\/www.facebook.com\/algarve7","https:\/\/x.com\/Algarvesete","https:\/\/www.instagram.com\/jornalalgarve7\/","https:\/\/www.linkedin.com\/company\/algarve7","https:\/\/www.pinterest.pt\/geral0939\/_created\/"]},{"@type":"Person","@id":"https:\/\/algarve7.pt\/#\/schema\/person\/23fa70681308e7b319a3204bcea45e0c","name":"Algarve 7","sameAs":["https:\/\/algarve7.pt","https:\/\/www.facebook.com\/algarve7"],"url":"https:\/\/algarve7.pt\/index.php\/author\/geralalgarve7-pt\/"}]}},"jetpack_publicize_connections":[],"jetpack_featured_media_url":"https:\/\/algarve7.pt\/wp-content\/uploads\/2022\/07\/primage_62590.jpg","jetpack_shortlink":"https:\/\/wp.me\/pcezmW-5a5","jetpack_sharing_enabled":true,"_links":{"self":[{"href":"https:\/\/algarve7.pt\/index.php\/wp-json\/wp\/v2\/posts\/19845","targetHints":{"allow":["GET"]}}],"collection":[{"href":"https:\/\/algarve7.pt\/index.php\/wp-json\/wp\/v2\/posts"}],"about":[{"href":"https:\/\/algarve7.pt\/index.php\/wp-json\/wp\/v2\/types\/post"}],"author":[{"embeddable":true,"href":"https:\/\/algarve7.pt\/index.php\/wp-json\/wp\/v2\/users\/1"}],"replies":[{"embeddable":true,"href":"https:\/\/algarve7.pt\/index.php\/wp-json\/wp\/v2\/comments?post=19845"}],"version-history":[{"count":0,"href":"https:\/\/algarve7.pt\/index.php\/wp-json\/wp\/v2\/posts\/19845\/revisions"}],"wp:featuredmedia":[{"embeddable":true,"href":"https:\/\/algarve7.pt\/index.php\/wp-json\/wp\/v2\/media\/19846"}],"wp:attachment":[{"href":"https:\/\/algarve7.pt\/index.php\/wp-json\/wp\/v2\/media?parent=19845"}],"wp:term":[{"taxonomy":"category","embeddable":true,"href":"https:\/\/algarve7.pt\/index.php\/wp-json\/wp\/v2\/categories?post=19845"},{"taxonomy":"post_tag","embeddable":true,"href":"https:\/\/algarve7.pt\/index.php\/wp-json\/wp\/v2\/tags?post=19845"}],"curies":[{"name":"wp","href":"https:\/\/api.w.org\/{rel}","templated":true}]}}