{"id":19840,"date":"2022-07-03T13:47:12","date_gmt":"2022-07-03T12:47:12","guid":{"rendered":"https:\/\/algarve7.pt\/?p=19840"},"modified":"2022-07-03T13:47:13","modified_gmt":"2022-07-03T12:47:13","slug":"drcalg-apresenta-as-atividades-no-ambito-do-projeto-magallanes_icc-em-monchique","status":"publish","type":"post","link":"https:\/\/algarve7.pt\/index.php\/2022\/07\/drcalg-apresenta-as-atividades-no-ambito-do-projeto-magallanes_icc-em-monchique\/cultura\/13\/47\/","title":{"rendered":"DRCAlg apresenta as atividades no \u00e2mbito do projeto Magallanes_ICC \u00a0em Monchique"},"content":{"rendered":"\n<p>A equipa do Magallanes_ICC, liderada pela Dire\u00e7\u00e3o Regional de\u00a0Cultura do Algarve, dinamiza a primeira sess\u00e3o presencial da componente do projeto a cargo da DRCAlg, com a sua apresenta\u00e7\u00e3o \u00e0 comunidade criativa no pr\u00f3ximo dia 4 de julho, entre as 17h30 e as 19h30, na Sala Manuel Martins, situada no edif\u00edcio da Junta de Freguesia de Monchique.<\/p>\n\n\n\n<p>Este \u00e9 um projeto de coopera\u00e7\u00e3o transfronteiri\u00e7a (Interreg),&nbsp;que re\u00fane v\u00e1rios parceiros do Alentejo, Algarve e Andaluzia para trabalhar a tem\u00e1tica das Ind\u00fastrias Culturais e Criativas, com inspira\u00e7\u00e3o na passagem dos 500 anos da viagem de circum-navega\u00e7\u00e3o iniciada por Fern\u00e3o de Magalh\u00e3es, evocando o seu car\u00e1cter pioneiro, criativo e inovador. Na componente do projeto que lhe cabe liderar, a Dire\u00e7\u00e3o Regional de Cultura encontra-se a trabalhar no territ\u00f3rio dos Lugares de Globaliza\u00e7\u00e3o (concelhos de Monchique, Vila do Bispo, Aljezur, Lagos e Silves) para estimular a cria\u00e7\u00e3o de produtos e\/ou servi\u00e7os no \u00e2mbito das ICC, ligados \u00e0 tem\u00e1tica da &#8220;participa\u00e7\u00e3o algarvia no empreendimento da expans\u00e3o mar\u00edtima dos s\u00e9culos XV e XVI&#8221;.&nbsp;<\/p>\n\n\n\n<p>O objetivo \u00e9 promover uma transfer\u00eancia de conhecimento hist\u00f3rico, validado pela comunidade cient\u00edfica, para o sector cultural e criativo, apresentando-o, tal como ao patrim\u00f3nio associado, como recursos criativos e de potencial econ\u00f3mico&nbsp;de interesse para a cria\u00e7\u00e3o de produtos inovadores, sustent\u00e1veis e identit\u00e1rios.<\/p>\n\n\n\n<p>A liga\u00e7\u00e3o \u00e0 comunidade inicia-se com esta sess\u00e3o em Monchique, com a presen\u00e7a da Diretora Regional de Cultura e contando, para o efeito, com a apresenta\u00e7\u00e3o e enquadramento do projeto, a cargo de\u00a0Susana Calado Martins, seguida das interven\u00e7\u00f5es de Rui\u00a0Manuel Loureiro\u00a0sobre &#8220;Fern\u00e3o de Magalh\u00e3es e a Primeira Globaliza\u00e7\u00e3o&#8221;, a qual incidir\u00e1 sobre a primeira viagem de circum-navega\u00e7\u00e3o e as suas consequ\u00eancias em termos globais, com uma liga\u00e7\u00e3o aos territ\u00f3rios do\u00a0Barlavento\u00a0algarvio e aos chamados Lugares da Globaliza\u00e7\u00e3o; e de\u00a0Patr\u00edcia de Jesus Palma, a respeito das &#8220;Ind\u00fastrias Culturais e Criativas: Conceitos, Desafios e Oportunidades&#8221;, com o qual procurar\u00e1 precisar conceitos, evidenciar os desafios e apresentar um caso, a partir do universo da investiga\u00e7\u00e3o e produ\u00e7\u00e3o de conte\u00fados.<\/p>\n\n\n\n<p>A participa\u00e7\u00e3o nesta sess\u00e3o \u00e9 livre e gratuita, mas sujeita \u00e0 lota\u00e7\u00e3o da sala.<\/p>\n\n\n\n<p>Ainda na mesma semana, ter\u00e1 in\u00edcio o Ciclo de Encontros de Hist\u00f3ria, com a confer\u00eancia de Valdemar Coutinho, intitulada \u201cFortes e Fortalezas do&nbsp;Barlavento&nbsp;Algarvio ao Tempo dos Descobrimentos\u201d, a realizar em Vila do Bispo, a 8 de Julho, entre as 17h30 e 19h30. Regressa-se a Monchique no dia 22 de Julho, no mesmo hor\u00e1rio, para uma confer\u00eancia da responsabilidade de Filipe Castro, subordinada ao tema \u201cConstruir e armar caravelas algarvias na primeira modernidade\u201d. Ap\u00f3s cada uma das confer\u00eancias do Ciclo Encontros de Hist\u00f3ria ter\u00e1 lugar uma sess\u00e3o de design territorial com a comunidade criativa, onde se trabalhar\u00e1 o mesmo tema, mas sob uma diferente abordagem.<\/p>\n\n\n\n<p>De assinalar que neste \u00e2mbito j\u00e1 tinham sido promovidos dois wokshops em formato on-line, organizados por Rui&nbsp;Manuel Loureiro, subordinados ao tema \u201cA Hist\u00f3ria&nbsp;do Algarve e a&nbsp;Primeira Globaliza\u00e7\u00e3o\u201d, nos quais um alargado conjunto de investigadores fez um balan\u00e7o de diversas tem\u00e1ticas relacionadas com a hist\u00f3ria algarvia, na sua liga\u00e7\u00e3o \u00e0 expans\u00e3o mar\u00edtima dos s\u00e9culos XV e XVI.<\/p>\n\n\n\n<p>Para o desenvolvimento deste projeto&nbsp;re\u00fane-se uma equipa multidisciplinar, composta por especialistas de diversas \u00e1reas, sob a coordena\u00e7\u00e3o de Rui&nbsp;Manuel Loureiro, na \u00e1rea de investiga\u00e7\u00e3o hist\u00f3rica, e de&nbsp;Susana Calado Martins, no que se refere \u00e0 componente de liga\u00e7\u00e3o \u00e0 comunidade e agentes culturais e criativos.<\/p>\n\n\n\n<p>O projeto Magallanes_ICC \u00e9 co-financiado pelo Fundo Europeu de Desenvolvimento Regional (FEDER), atrav\u00e9s do Programa Interreg V-A Espa\u00f1a-Portugal (POCTEP) 2014-2020.<\/p>\n\n\n\n<p>A sess\u00f5es do dia 4 e do dia 22 de Julho contam ainda com o apoio log\u00edstico da&nbsp;C\u00e2mara Municipal de Monchique&nbsp;e da Junta de Freguesia de Monchique. J\u00e1 a sess\u00e3o do dia 8 de Julho beneficia do apoio da C\u00e2mara<a><\/a>&nbsp;Municipal de Vila do Bispo.<\/p>\n","protected":false},"excerpt":{"rendered":"<p>A equipa do Magallanes_ICC, liderada pela Dire\u00e7\u00e3o Regional de\u00a0Cultura do Algarve, dinamiza a primeira sess\u00e3o presencial da componente do projeto<\/p>\n","protected":false},"author":1,"featured_media":19841,"comment_status":"closed","ping_status":"open","sticky":false,"template":"","format":"standard","meta":{"colormag_page_container_layout":"default_layout","colormag_page_sidebar_layout":"default_layout","_monsterinsights_skip_tracking":false,"_monsterinsights_sitenote_active":false,"_monsterinsights_sitenote_note":"","_monsterinsights_sitenote_category":0,"jetpack_post_was_ever_published":false,"_jetpack_newsletter_access":"","_jetpack_dont_email_post_to_subs":false,"_jetpack_newsletter_tier_id":0,"_jetpack_memberships_contains_paywalled_content":false,"_jetpack_memberships_contains_paid_content":false,"footnotes":"","jetpack_publicize_message":"","jetpack_publicize_feature_enabled":true,"jetpack_social_post_already_shared":true,"jetpack_social_options":{"image_generator_settings":{"template":"highway","default_image_id":0,"font":"","enabled":false},"version":2}},"categories":[14],"tags":[36,35,626,171],"class_list":["post-19840","post","type-post","status-publish","format-standard","has-post-thumbnail","hentry","category-cultura","tag-algarve","tag-cultura","tag-drca","tag-monchique"],"yoast_head":"<!-- This site is optimized with the Yoast SEO plugin v27.5 - https:\/\/yoast.com\/product\/yoast-seo-wordpress\/ -->\n<title>DRCAlg apresenta as atividades no \u00e2mbito do projeto Magallanes_ICC \u00a0em Monchique - Algarve 7<\/title>\n<meta name=\"description\" content=\"DRCAlg apresenta as atividades no \u00e2mbito do projeto Magallanes_ICC \u00a0em Monchique Cultura\" \/>\n<meta name=\"robots\" content=\"index, follow, max-snippet:-1, max-image-preview:large, max-video-preview:-1\" \/>\n<link rel=\"canonical\" href=\"https:\/\/algarve7.pt\/index.php\/2022\/07\/drcalg-apresenta-as-atividades-no-ambito-do-projeto-magallanes_icc-em-monchique\/cultura\/13\/47\/\" \/>\n<meta property=\"og:locale\" content=\"pt_PT\" \/>\n<meta property=\"og:type\" content=\"article\" \/>\n<meta property=\"og:title\" content=\"DRCAlg apresenta as atividades no \u00e2mbito do projeto Magallanes_ICC \u00a0em Monchique - Algarve 7\" \/>\n<meta property=\"og:description\" content=\"DRCAlg apresenta as atividades no \u00e2mbito do projeto Magallanes_ICC \u00a0em Monchique Cultura\" \/>\n<meta property=\"og:url\" content=\"https:\/\/algarve7.pt\/index.php\/2022\/07\/drcalg-apresenta-as-atividades-no-ambito-do-projeto-magallanes_icc-em-monchique\/cultura\/13\/47\/\" \/>\n<meta property=\"og:site_name\" content=\"Algarve 7\" \/>\n<meta property=\"article:publisher\" content=\"https:\/\/www.facebook.com\/algarve7\" \/>\n<meta property=\"article:author\" content=\"https:\/\/www.facebook.com\/algarve7\" \/>\n<meta property=\"article:published_time\" content=\"2022-07-03T12:47:12+00:00\" \/>\n<meta property=\"article:modified_time\" content=\"2022-07-03T12:47:13+00:00\" \/>\n<meta property=\"og:image\" content=\"https:\/\/algarve7.pt\/wp-content\/uploads\/2022\/07\/Cartaz_4-Julho_Magallanes_ICC-scaled.jpg\" \/>\n\t<meta property=\"og:image:width\" content=\"2560\" \/>\n\t<meta property=\"og:image:height\" content=\"1810\" \/>\n\t<meta property=\"og:image:type\" content=\"image\/jpeg\" \/>\n<meta name=\"author\" content=\"Algarve 7\" \/>\n<meta name=\"twitter:card\" content=\"summary_large_image\" \/>\n<meta name=\"twitter:creator\" content=\"@Algarvesete\" \/>\n<meta name=\"twitter:site\" content=\"@Algarvesete\" \/>\n<meta name=\"twitter:label1\" content=\"Escrito por\" \/>\n\t<meta name=\"twitter:data1\" content=\"Algarve 7\" \/>\n\t<meta name=\"twitter:label2\" content=\"Tempo estimado de leitura\" \/>\n\t<meta name=\"twitter:data2\" content=\"4 minutos\" \/>\n<script type=\"application\/ld+json\" class=\"yoast-schema-graph\">{\"@context\":\"https:\\\/\\\/schema.org\",\"@graph\":[{\"@type\":\"Article\",\"@id\":\"https:\\\/\\\/algarve7.pt\\\/index.php\\\/2022\\\/07\\\/drcalg-apresenta-as-atividades-no-ambito-do-projeto-magallanes_icc-em-monchique\\\/cultura\\\/13\\\/47\\\/#article\",\"isPartOf\":{\"@id\":\"https:\\\/\\\/algarve7.pt\\\/index.php\\\/2022\\\/07\\\/drcalg-apresenta-as-atividades-no-ambito-do-projeto-magallanes_icc-em-monchique\\\/cultura\\\/13\\\/47\\\/\"},\"author\":{\"name\":\"Algarve 7\",\"@id\":\"https:\\\/\\\/algarve7.pt\\\/#\\\/schema\\\/person\\\/23fa70681308e7b319a3204bcea45e0c\"},\"headline\":\"DRCAlg apresenta as atividades no \u00e2mbito do projeto Magallanes_ICC \u00a0em Monchique\",\"datePublished\":\"2022-07-03T12:47:12+00:00\",\"dateModified\":\"2022-07-03T12:47:13+00:00\",\"mainEntityOfPage\":{\"@id\":\"https:\\\/\\\/algarve7.pt\\\/index.php\\\/2022\\\/07\\\/drcalg-apresenta-as-atividades-no-ambito-do-projeto-magallanes_icc-em-monchique\\\/cultura\\\/13\\\/47\\\/\"},\"wordCount\":720,\"publisher\":{\"@id\":\"https:\\\/\\\/algarve7.pt\\\/#organization\"},\"image\":{\"@id\":\"https:\\\/\\\/algarve7.pt\\\/index.php\\\/2022\\\/07\\\/drcalg-apresenta-as-atividades-no-ambito-do-projeto-magallanes_icc-em-monchique\\\/cultura\\\/13\\\/47\\\/#primaryimage\"},\"thumbnailUrl\":\"https:\\\/\\\/algarve7.pt\\\/wp-content\\\/uploads\\\/2022\\\/07\\\/Cartaz_4-Julho_Magallanes_ICC-scaled.jpg\",\"keywords\":[\"Algarve\",\"Cultura\",\"DRCA\",\"Monchique\"],\"articleSection\":[\"Cultura\"],\"inLanguage\":\"pt-PT\"},{\"@type\":\"WebPage\",\"@id\":\"https:\\\/\\\/algarve7.pt\\\/index.php\\\/2022\\\/07\\\/drcalg-apresenta-as-atividades-no-ambito-do-projeto-magallanes_icc-em-monchique\\\/cultura\\\/13\\\/47\\\/\",\"url\":\"https:\\\/\\\/algarve7.pt\\\/index.php\\\/2022\\\/07\\\/drcalg-apresenta-as-atividades-no-ambito-do-projeto-magallanes_icc-em-monchique\\\/cultura\\\/13\\\/47\\\/\",\"name\":\"DRCAlg apresenta as atividades no \u00e2mbito do projeto Magallanes_ICC \u00a0em Monchique - Algarve 7\",\"isPartOf\":{\"@id\":\"https:\\\/\\\/algarve7.pt\\\/#website\"},\"primaryImageOfPage\":{\"@id\":\"https:\\\/\\\/algarve7.pt\\\/index.php\\\/2022\\\/07\\\/drcalg-apresenta-as-atividades-no-ambito-do-projeto-magallanes_icc-em-monchique\\\/cultura\\\/13\\\/47\\\/#primaryimage\"},\"image\":{\"@id\":\"https:\\\/\\\/algarve7.pt\\\/index.php\\\/2022\\\/07\\\/drcalg-apresenta-as-atividades-no-ambito-do-projeto-magallanes_icc-em-monchique\\\/cultura\\\/13\\\/47\\\/#primaryimage\"},\"thumbnailUrl\":\"https:\\\/\\\/algarve7.pt\\\/wp-content\\\/uploads\\\/2022\\\/07\\\/Cartaz_4-Julho_Magallanes_ICC-scaled.jpg\",\"datePublished\":\"2022-07-03T12:47:12+00:00\",\"dateModified\":\"2022-07-03T12:47:13+00:00\",\"description\":\"DRCAlg apresenta as atividades no \u00e2mbito do projeto Magallanes_ICC \u00a0em Monchique Cultura\",\"breadcrumb\":{\"@id\":\"https:\\\/\\\/algarve7.pt\\\/index.php\\\/2022\\\/07\\\/drcalg-apresenta-as-atividades-no-ambito-do-projeto-magallanes_icc-em-monchique\\\/cultura\\\/13\\\/47\\\/#breadcrumb\"},\"inLanguage\":\"pt-PT\",\"potentialAction\":[{\"@type\":\"ReadAction\",\"target\":[\"https:\\\/\\\/algarve7.pt\\\/index.php\\\/2022\\\/07\\\/drcalg-apresenta-as-atividades-no-ambito-do-projeto-magallanes_icc-em-monchique\\\/cultura\\\/13\\\/47\\\/\"]}]},{\"@type\":\"ImageObject\",\"inLanguage\":\"pt-PT\",\"@id\":\"https:\\\/\\\/algarve7.pt\\\/index.php\\\/2022\\\/07\\\/drcalg-apresenta-as-atividades-no-ambito-do-projeto-magallanes_icc-em-monchique\\\/cultura\\\/13\\\/47\\\/#primaryimage\",\"url\":\"https:\\\/\\\/algarve7.pt\\\/wp-content\\\/uploads\\\/2022\\\/07\\\/Cartaz_4-Julho_Magallanes_ICC-scaled.jpg\",\"contentUrl\":\"https:\\\/\\\/algarve7.pt\\\/wp-content\\\/uploads\\\/2022\\\/07\\\/Cartaz_4-Julho_Magallanes_ICC-scaled.jpg\",\"width\":2560,\"height\":1810},{\"@type\":\"BreadcrumbList\",\"@id\":\"https:\\\/\\\/algarve7.pt\\\/index.php\\\/2022\\\/07\\\/drcalg-apresenta-as-atividades-no-ambito-do-projeto-magallanes_icc-em-monchique\\\/cultura\\\/13\\\/47\\\/#breadcrumb\",\"itemListElement\":[{\"@type\":\"ListItem\",\"position\":1,\"name\":\"In\u00edcio\",\"item\":\"https:\\\/\\\/algarve7.pt\\\/\"},{\"@type\":\"ListItem\",\"position\":2,\"name\":\"DRCAlg apresenta as atividades no \u00e2mbito do projeto Magallanes_ICC \u00a0em Monchique\"}]},{\"@type\":\"WebSite\",\"@id\":\"https:\\\/\\\/algarve7.pt\\\/#website\",\"url\":\"https:\\\/\\\/algarve7.pt\\\/\",\"name\":\"Algarve 7\",\"description\":\"Informa\u00e7\u00e3o sobre o Algarve\",\"publisher\":{\"@id\":\"https:\\\/\\\/algarve7.pt\\\/#organization\"},\"potentialAction\":[{\"@type\":\"SearchAction\",\"target\":{\"@type\":\"EntryPoint\",\"urlTemplate\":\"https:\\\/\\\/algarve7.pt\\\/?s={search_term_string}\"},\"query-input\":{\"@type\":\"PropertyValueSpecification\",\"valueRequired\":true,\"valueName\":\"search_term_string\"}}],\"inLanguage\":\"pt-PT\"},{\"@type\":\"Organization\",\"@id\":\"https:\\\/\\\/algarve7.pt\\\/#organization\",\"name\":\"Algarve 7\",\"url\":\"https:\\\/\\\/algarve7.pt\\\/\",\"logo\":{\"@type\":\"ImageObject\",\"inLanguage\":\"pt-PT\",\"@id\":\"https:\\\/\\\/algarve7.pt\\\/#\\\/schema\\\/logo\\\/image\\\/\",\"url\":\"https:\\\/\\\/algarve7.pt\\\/wp-content\\\/uploads\\\/2020\\\/10\\\/Logo-8.jpg\",\"contentUrl\":\"https:\\\/\\\/algarve7.pt\\\/wp-content\\\/uploads\\\/2020\\\/10\\\/Logo-8.jpg\",\"width\":1680,\"height\":1186,\"caption\":\"Algarve 7\"},\"image\":{\"@id\":\"https:\\\/\\\/algarve7.pt\\\/#\\\/schema\\\/logo\\\/image\\\/\"},\"sameAs\":[\"https:\\\/\\\/www.facebook.com\\\/algarve7\",\"https:\\\/\\\/x.com\\\/Algarvesete\",\"https:\\\/\\\/www.instagram.com\\\/jornalalgarve7\\\/\",\"https:\\\/\\\/www.linkedin.com\\\/company\\\/algarve7\",\"https:\\\/\\\/www.pinterest.pt\\\/geral0939\\\/_created\\\/\"]},{\"@type\":\"Person\",\"@id\":\"https:\\\/\\\/algarve7.pt\\\/#\\\/schema\\\/person\\\/23fa70681308e7b319a3204bcea45e0c\",\"name\":\"Algarve 7\",\"sameAs\":[\"https:\\\/\\\/algarve7.pt\",\"https:\\\/\\\/www.facebook.com\\\/algarve7\"],\"url\":\"https:\\\/\\\/algarve7.pt\\\/index.php\\\/author\\\/geralalgarve7-pt\\\/\"}]}<\/script>\n<!-- \/ Yoast SEO plugin. -->","yoast_head_json":{"title":"DRCAlg apresenta as atividades no \u00e2mbito do projeto Magallanes_ICC \u00a0em Monchique - Algarve 7","description":"DRCAlg apresenta as atividades no \u00e2mbito do projeto Magallanes_ICC \u00a0em Monchique Cultura","robots":{"index":"index","follow":"follow","max-snippet":"max-snippet:-1","max-image-preview":"max-image-preview:large","max-video-preview":"max-video-preview:-1"},"canonical":"https:\/\/algarve7.pt\/index.php\/2022\/07\/drcalg-apresenta-as-atividades-no-ambito-do-projeto-magallanes_icc-em-monchique\/cultura\/13\/47\/","og_locale":"pt_PT","og_type":"article","og_title":"DRCAlg apresenta as atividades no \u00e2mbito do projeto Magallanes_ICC \u00a0em Monchique - Algarve 7","og_description":"DRCAlg apresenta as atividades no \u00e2mbito do projeto Magallanes_ICC \u00a0em Monchique Cultura","og_url":"https:\/\/algarve7.pt\/index.php\/2022\/07\/drcalg-apresenta-as-atividades-no-ambito-do-projeto-magallanes_icc-em-monchique\/cultura\/13\/47\/","og_site_name":"Algarve 7","article_publisher":"https:\/\/www.facebook.com\/algarve7","article_author":"https:\/\/www.facebook.com\/algarve7","article_published_time":"2022-07-03T12:47:12+00:00","article_modified_time":"2022-07-03T12:47:13+00:00","og_image":[{"width":2560,"height":1810,"url":"https:\/\/algarve7.pt\/wp-content\/uploads\/2022\/07\/Cartaz_4-Julho_Magallanes_ICC-scaled.jpg","type":"image\/jpeg"}],"author":"Algarve 7","twitter_card":"summary_large_image","twitter_creator":"@Algarvesete","twitter_site":"@Algarvesete","twitter_misc":{"Escrito por":"Algarve 7","Tempo estimado de leitura":"4 minutos"},"schema":{"@context":"https:\/\/schema.org","@graph":[{"@type":"Article","@id":"https:\/\/algarve7.pt\/index.php\/2022\/07\/drcalg-apresenta-as-atividades-no-ambito-do-projeto-magallanes_icc-em-monchique\/cultura\/13\/47\/#article","isPartOf":{"@id":"https:\/\/algarve7.pt\/index.php\/2022\/07\/drcalg-apresenta-as-atividades-no-ambito-do-projeto-magallanes_icc-em-monchique\/cultura\/13\/47\/"},"author":{"name":"Algarve 7","@id":"https:\/\/algarve7.pt\/#\/schema\/person\/23fa70681308e7b319a3204bcea45e0c"},"headline":"DRCAlg apresenta as atividades no \u00e2mbito do projeto Magallanes_ICC \u00a0em Monchique","datePublished":"2022-07-03T12:47:12+00:00","dateModified":"2022-07-03T12:47:13+00:00","mainEntityOfPage":{"@id":"https:\/\/algarve7.pt\/index.php\/2022\/07\/drcalg-apresenta-as-atividades-no-ambito-do-projeto-magallanes_icc-em-monchique\/cultura\/13\/47\/"},"wordCount":720,"publisher":{"@id":"https:\/\/algarve7.pt\/#organization"},"image":{"@id":"https:\/\/algarve7.pt\/index.php\/2022\/07\/drcalg-apresenta-as-atividades-no-ambito-do-projeto-magallanes_icc-em-monchique\/cultura\/13\/47\/#primaryimage"},"thumbnailUrl":"https:\/\/algarve7.pt\/wp-content\/uploads\/2022\/07\/Cartaz_4-Julho_Magallanes_ICC-scaled.jpg","keywords":["Algarve","Cultura","DRCA","Monchique"],"articleSection":["Cultura"],"inLanguage":"pt-PT"},{"@type":"WebPage","@id":"https:\/\/algarve7.pt\/index.php\/2022\/07\/drcalg-apresenta-as-atividades-no-ambito-do-projeto-magallanes_icc-em-monchique\/cultura\/13\/47\/","url":"https:\/\/algarve7.pt\/index.php\/2022\/07\/drcalg-apresenta-as-atividades-no-ambito-do-projeto-magallanes_icc-em-monchique\/cultura\/13\/47\/","name":"DRCAlg apresenta as atividades no \u00e2mbito do projeto Magallanes_ICC \u00a0em Monchique - Algarve 7","isPartOf":{"@id":"https:\/\/algarve7.pt\/#website"},"primaryImageOfPage":{"@id":"https:\/\/algarve7.pt\/index.php\/2022\/07\/drcalg-apresenta-as-atividades-no-ambito-do-projeto-magallanes_icc-em-monchique\/cultura\/13\/47\/#primaryimage"},"image":{"@id":"https:\/\/algarve7.pt\/index.php\/2022\/07\/drcalg-apresenta-as-atividades-no-ambito-do-projeto-magallanes_icc-em-monchique\/cultura\/13\/47\/#primaryimage"},"thumbnailUrl":"https:\/\/algarve7.pt\/wp-content\/uploads\/2022\/07\/Cartaz_4-Julho_Magallanes_ICC-scaled.jpg","datePublished":"2022-07-03T12:47:12+00:00","dateModified":"2022-07-03T12:47:13+00:00","description":"DRCAlg apresenta as atividades no \u00e2mbito do projeto Magallanes_ICC \u00a0em Monchique Cultura","breadcrumb":{"@id":"https:\/\/algarve7.pt\/index.php\/2022\/07\/drcalg-apresenta-as-atividades-no-ambito-do-projeto-magallanes_icc-em-monchique\/cultura\/13\/47\/#breadcrumb"},"inLanguage":"pt-PT","potentialAction":[{"@type":"ReadAction","target":["https:\/\/algarve7.pt\/index.php\/2022\/07\/drcalg-apresenta-as-atividades-no-ambito-do-projeto-magallanes_icc-em-monchique\/cultura\/13\/47\/"]}]},{"@type":"ImageObject","inLanguage":"pt-PT","@id":"https:\/\/algarve7.pt\/index.php\/2022\/07\/drcalg-apresenta-as-atividades-no-ambito-do-projeto-magallanes_icc-em-monchique\/cultura\/13\/47\/#primaryimage","url":"https:\/\/algarve7.pt\/wp-content\/uploads\/2022\/07\/Cartaz_4-Julho_Magallanes_ICC-scaled.jpg","contentUrl":"https:\/\/algarve7.pt\/wp-content\/uploads\/2022\/07\/Cartaz_4-Julho_Magallanes_ICC-scaled.jpg","width":2560,"height":1810},{"@type":"BreadcrumbList","@id":"https:\/\/algarve7.pt\/index.php\/2022\/07\/drcalg-apresenta-as-atividades-no-ambito-do-projeto-magallanes_icc-em-monchique\/cultura\/13\/47\/#breadcrumb","itemListElement":[{"@type":"ListItem","position":1,"name":"In\u00edcio","item":"https:\/\/algarve7.pt\/"},{"@type":"ListItem","position":2,"name":"DRCAlg apresenta as atividades no \u00e2mbito do projeto Magallanes_ICC \u00a0em Monchique"}]},{"@type":"WebSite","@id":"https:\/\/algarve7.pt\/#website","url":"https:\/\/algarve7.pt\/","name":"Algarve 7","description":"Informa\u00e7\u00e3o sobre o Algarve","publisher":{"@id":"https:\/\/algarve7.pt\/#organization"},"potentialAction":[{"@type":"SearchAction","target":{"@type":"EntryPoint","urlTemplate":"https:\/\/algarve7.pt\/?s={search_term_string}"},"query-input":{"@type":"PropertyValueSpecification","valueRequired":true,"valueName":"search_term_string"}}],"inLanguage":"pt-PT"},{"@type":"Organization","@id":"https:\/\/algarve7.pt\/#organization","name":"Algarve 7","url":"https:\/\/algarve7.pt\/","logo":{"@type":"ImageObject","inLanguage":"pt-PT","@id":"https:\/\/algarve7.pt\/#\/schema\/logo\/image\/","url":"https:\/\/algarve7.pt\/wp-content\/uploads\/2020\/10\/Logo-8.jpg","contentUrl":"https:\/\/algarve7.pt\/wp-content\/uploads\/2020\/10\/Logo-8.jpg","width":1680,"height":1186,"caption":"Algarve 7"},"image":{"@id":"https:\/\/algarve7.pt\/#\/schema\/logo\/image\/"},"sameAs":["https:\/\/www.facebook.com\/algarve7","https:\/\/x.com\/Algarvesete","https:\/\/www.instagram.com\/jornalalgarve7\/","https:\/\/www.linkedin.com\/company\/algarve7","https:\/\/www.pinterest.pt\/geral0939\/_created\/"]},{"@type":"Person","@id":"https:\/\/algarve7.pt\/#\/schema\/person\/23fa70681308e7b319a3204bcea45e0c","name":"Algarve 7","sameAs":["https:\/\/algarve7.pt","https:\/\/www.facebook.com\/algarve7"],"url":"https:\/\/algarve7.pt\/index.php\/author\/geralalgarve7-pt\/"}]}},"jetpack_publicize_connections":[],"jetpack_featured_media_url":"https:\/\/algarve7.pt\/wp-content\/uploads\/2022\/07\/Cartaz_4-Julho_Magallanes_ICC-scaled.jpg","jetpack_shortlink":"https:\/\/wp.me\/pcezmW-5a0","jetpack_sharing_enabled":true,"_links":{"self":[{"href":"https:\/\/algarve7.pt\/index.php\/wp-json\/wp\/v2\/posts\/19840","targetHints":{"allow":["GET"]}}],"collection":[{"href":"https:\/\/algarve7.pt\/index.php\/wp-json\/wp\/v2\/posts"}],"about":[{"href":"https:\/\/algarve7.pt\/index.php\/wp-json\/wp\/v2\/types\/post"}],"author":[{"embeddable":true,"href":"https:\/\/algarve7.pt\/index.php\/wp-json\/wp\/v2\/users\/1"}],"replies":[{"embeddable":true,"href":"https:\/\/algarve7.pt\/index.php\/wp-json\/wp\/v2\/comments?post=19840"}],"version-history":[{"count":0,"href":"https:\/\/algarve7.pt\/index.php\/wp-json\/wp\/v2\/posts\/19840\/revisions"}],"wp:featuredmedia":[{"embeddable":true,"href":"https:\/\/algarve7.pt\/index.php\/wp-json\/wp\/v2\/media\/19841"}],"wp:attachment":[{"href":"https:\/\/algarve7.pt\/index.php\/wp-json\/wp\/v2\/media?parent=19840"}],"wp:term":[{"taxonomy":"category","embeddable":true,"href":"https:\/\/algarve7.pt\/index.php\/wp-json\/wp\/v2\/categories?post=19840"},{"taxonomy":"post_tag","embeddable":true,"href":"https:\/\/algarve7.pt\/index.php\/wp-json\/wp\/v2\/tags?post=19840"}],"curies":[{"name":"wp","href":"https:\/\/api.w.org\/{rel}","templated":true}]}}