{"id":19738,"date":"2022-06-28T11:12:00","date_gmt":"2022-06-28T10:12:00","guid":{"rendered":"https:\/\/algarve7.pt\/?p=19738"},"modified":"2022-06-27T23:13:42","modified_gmt":"2022-06-27T22:13:42","slug":"hmb-nas-festas-em-honra-do-imaculado-coracao-de-maria-na-altura","status":"publish","type":"post","link":"https:\/\/algarve7.pt\/index.php\/2022\/06\/hmb-nas-festas-em-honra-do-imaculado-coracao-de-maria-na-altura\/cultura\/11\/12\/","title":{"rendered":"HMB nas Festas em Honra do Imaculado Cora\u00e7\u00e3o de Maria na Altura"},"content":{"rendered":"\n<p class=\"wp-block-paragraph\">De 01 a 03 de julho, Altura volta a celebrar as tradicionais Festas em Honra do Imaculado Cora\u00e7\u00e3o de Maria. Depois destes dois anos de interregno, a festa retorna aos seus moldes habituais e, al\u00e9m das celebra\u00e7\u00f5es religiosas, voltar\u00e1 a acolher a Feira de Artesanato e os concertos, este ano com destaque para os HMB, no s\u00e1bado, pelas 22h00.<\/p>\n\n\n\n<p class=\"wp-block-paragraph\">As Festas come\u00e7am na sexta-feira, pelas 19h00, com a Feira de Artesanato de Altura, uma genu\u00edna mostra das artes e of\u00edcios locais, com uma enorme variedade de do\u00e7aria regional. Pelas 19h30, baile com \u00c2ngelo Correia, seguindo-se o desfile etnogr\u00e1fico pela \u201cAssocia\u00e7\u00e3o Cultural Amendoeiras em Flor\u201d.&nbsp; \u00c0s 22h, concerto com o cantor, m\u00fasico e compositor Rui Bandeira e banda.<\/p>\n\n\n\n<p class=\"wp-block-paragraph\">S\u00e1bado \u00e9 o dia dos HMB, a sigla para H\u00e9ber Marques Band, pelas 22h. Banda portuguesa de soul e funk, s\u00e3o promessa de uma noite cheia de garra e energia, com temas t\u00e3o conhecidos como \u201cO Amor \u00e9 Assim\u201d, \u201cDia D\u201d ou \u201cN\u00e3o me Leves a Mal\u201d.&nbsp;<\/p>\n\n\n\n<p class=\"wp-block-paragraph\">Domingo \u00e9 marcado pelas celebra\u00e7\u00f5es religiosas, uma sentida homenagem \u00e0 padroeira de Altura, Imaculado Cora\u00e7\u00e3o de Maria, que \u00e9 acolhida em prociss\u00e3o pelas 19h00, com ruas e janelas decoradas pelos populares, numa mensagem de f\u00e9 que traduz o sentimento da uni\u00e3o, de perten\u00e7a e de comunidade alturense. O baile com o Duo Reflexo e o espet\u00e1culo de dan\u00e7a das ARUTLA v\u00e3o encerrar as Festas em Honra do Imaculado Cora\u00e7\u00e3o de Maria.&nbsp;&nbsp;<\/p>\n\n\n\n<p class=\"wp-block-paragraph\">As Festas em Honra do Imaculado Cora\u00e7\u00e3o de Maria s\u00e3o uma organiza\u00e7\u00e3o conjunta da C\u00e2mara Municipal de Castro Marim e da Par\u00f3quia de Altura, com o apoio da Junta de Freguesia de Altura, Clube Recreativo Alturense e Irmandade do Imaculado Cora\u00e7\u00e3o de Maria.<\/p>\n\n\n\n<figure class=\"wp-block-image aligncenter size-large is-resized\"><img decoding=\"async\" src=\"https:\/\/algarve7.pt\/wp-content\/uploads\/2022\/06\/Imaculado-Corac\u0327a\u0303o-de-Maria-programa-724x1024.jpg\" alt=\"\" class=\"wp-image-19741\" width=\"423\" height=\"597\" srcset=\"https:\/\/algarve7.pt\/wp-content\/uploads\/2022\/06\/Imaculado-Corac\u0327a\u0303o-de-Maria-programa-724x1024.jpg 724w, https:\/\/algarve7.pt\/wp-content\/uploads\/2022\/06\/Imaculado-Corac\u0327a\u0303o-de-Maria-programa-212x300.jpg 212w, https:\/\/algarve7.pt\/wp-content\/uploads\/2022\/06\/Imaculado-Corac\u0327a\u0303o-de-Maria-programa-768x1086.jpg 768w, https:\/\/algarve7.pt\/wp-content\/uploads\/2022\/06\/Imaculado-Corac\u0327a\u0303o-de-Maria-programa-1086x1536.jpg 1086w, https:\/\/algarve7.pt\/wp-content\/uploads\/2022\/06\/Imaculado-Corac\u0327a\u0303o-de-Maria-programa-1448x2048.jpg 1448w, https:\/\/algarve7.pt\/wp-content\/uploads\/2022\/06\/Imaculado-Corac\u0327a\u0303o-de-Maria-programa-scaled.jpg 1810w\" sizes=\"(max-width: 423px) 100vw, 423px\" \/><\/figure>\n","protected":false},"excerpt":{"rendered":"<p>De 01 a 03 de julho, Altura volta a celebrar as tradicionais Festas em Honra do Imaculado Cora\u00e7\u00e3o de Maria.<\/p>\n","protected":false},"author":1,"featured_media":19739,"comment_status":"closed","ping_status":"open","sticky":false,"template":"","format":"standard","meta":{"colormag_page_container_layout":"default_layout","colormag_page_sidebar_layout":"default_layout","_monsterinsights_skip_tracking":false,"_jetpack_newsletter_access":"","_jetpack_dont_email_post_to_subs":false,"_jetpack_newsletter_tier_id":0,"_jetpack_memberships_contains_paywalled_content":false,"_jetpack_feature_clip_id":0,"_jetpack_memberships_contains_paid_content":false,"footnotes":"","jetpack_publicize_message":"","jetpack_publicize_feature_enabled":true,"jetpack_social_post_already_shared":true,"jetpack_social_options":{"image_generator_settings":{"template":"highway","default_image_id":0,"font":"","enabled":false},"version":2},"jetpack_post_was_ever_published":false},"categories":[14],"tags":[36,221,136,52,35],"class_list":["post-19738","post","type-post","status-publish","format-standard","has-post-thumbnail","hentry","category-cultura","tag-algarve","tag-altura","tag-castro-marim","tag-concerto","tag-cultura"],"yoast_head":"<!-- This site is optimized with the Yoast SEO plugin v28.4 - https:\/\/yoast.com\/product\/yoast-seo-wordpress\/ -->\n<title>HMB nas Festas em Honra do Imaculado Cora\u00e7\u00e3o de Maria na Altura - Algarve 7<\/title>\n<meta name=\"description\" content=\"HMB nas Festas em Honra do Imaculado Cora\u00e7\u00e3o de Maria na Altura Cultura\" \/>\n<meta name=\"robots\" content=\"index, follow, max-snippet:-1, max-image-preview:large, max-video-preview:-1\" \/>\n<link rel=\"canonical\" href=\"https:\/\/algarve7.pt\/index.php\/2022\/06\/hmb-nas-festas-em-honra-do-imaculado-coracao-de-maria-na-altura\/cultura\/11\/12\/\" \/>\n<meta property=\"og:locale\" content=\"pt_PT\" \/>\n<meta property=\"og:type\" content=\"article\" \/>\n<meta property=\"og:title\" content=\"HMB nas Festas em Honra do Imaculado Cora\u00e7\u00e3o de Maria na Altura - Algarve 7\" \/>\n<meta property=\"og:description\" content=\"HMB nas Festas em Honra do Imaculado Cora\u00e7\u00e3o de Maria na Altura Cultura\" \/>\n<meta property=\"og:url\" content=\"https:\/\/algarve7.pt\/index.php\/2022\/06\/hmb-nas-festas-em-honra-do-imaculado-coracao-de-maria-na-altura\/cultura\/11\/12\/\" \/>\n<meta property=\"og:site_name\" content=\"Algarve 7\" \/>\n<meta property=\"article:publisher\" content=\"https:\/\/www.facebook.com\/algarve7\" \/>\n<meta property=\"article:author\" content=\"https:\/\/www.facebook.com\/algarve7\" \/>\n<meta property=\"article:published_time\" content=\"2022-06-28T10:12:00+00:00\" \/>\n<meta property=\"og:image\" content=\"https:\/\/algarve7.pt\/wp-content\/uploads\/2022\/06\/Captura-de-ecra\u0303-2022-06-27-a\u0300s-23.09.49-1024x761.png\" \/>\n\t<meta property=\"og:image:width\" content=\"1024\" \/>\n\t<meta property=\"og:image:height\" content=\"761\" \/>\n\t<meta property=\"og:image:type\" content=\"image\/png\" \/>\n<meta name=\"author\" content=\"Algarve 7\" \/>\n<meta name=\"twitter:card\" content=\"summary_large_image\" \/>\n<meta name=\"twitter:creator\" content=\"@Algarvesete\" \/>\n<meta name=\"twitter:site\" content=\"@Algarvesete\" \/>\n<meta name=\"twitter:label1\" content=\"Escrito por\" \/>\n\t<meta name=\"twitter:data1\" content=\"Algarve 7\" \/>\n\t<meta name=\"twitter:label2\" content=\"Tempo estimado de leitura\" \/>\n\t<meta name=\"twitter:data2\" content=\"2 minutos\" \/>\n<script type=\"application\/ld+json\" class=\"yoast-schema-graph\">{\"@context\":\"https:\\\/\\\/schema.org\",\"@graph\":[{\"@type\":\"Article\",\"@id\":\"https:\\\/\\\/algarve7.pt\\\/index.php\\\/2022\\\/06\\\/hmb-nas-festas-em-honra-do-imaculado-coracao-de-maria-na-altura\\\/cultura\\\/11\\\/12\\\/#article\",\"isPartOf\":{\"@id\":\"https:\\\/\\\/algarve7.pt\\\/index.php\\\/2022\\\/06\\\/hmb-nas-festas-em-honra-do-imaculado-coracao-de-maria-na-altura\\\/cultura\\\/11\\\/12\\\/\"},\"author\":{\"name\":\"Algarve 7\",\"@id\":\"https:\\\/\\\/algarve7.pt\\\/#\\\/schema\\\/person\\\/23fa70681308e7b319a3204bcea45e0c\"},\"headline\":\"HMB nas Festas em Honra do Imaculado Cora\u00e7\u00e3o de Maria na Altura\",\"datePublished\":\"2022-06-28T10:12:00+00:00\",\"mainEntityOfPage\":{\"@id\":\"https:\\\/\\\/algarve7.pt\\\/index.php\\\/2022\\\/06\\\/hmb-nas-festas-em-honra-do-imaculado-coracao-de-maria-na-altura\\\/cultura\\\/11\\\/12\\\/\"},\"wordCount\":319,\"publisher\":{\"@id\":\"https:\\\/\\\/algarve7.pt\\\/#organization\"},\"image\":{\"@id\":\"https:\\\/\\\/algarve7.pt\\\/index.php\\\/2022\\\/06\\\/hmb-nas-festas-em-honra-do-imaculado-coracao-de-maria-na-altura\\\/cultura\\\/11\\\/12\\\/#primaryimage\"},\"thumbnailUrl\":\"https:\\\/\\\/algarve7.pt\\\/wp-content\\\/uploads\\\/2022\\\/06\\\/Captura-de-ecra\u0303-2022-06-27-a\u0300s-23.09.49.png\",\"keywords\":[\"Algarve\",\"Altura\",\"Castro Marim\",\"Concerto\",\"Cultura\"],\"articleSection\":[\"Cultura\"],\"inLanguage\":\"pt-PT\"},{\"@type\":\"WebPage\",\"@id\":\"https:\\\/\\\/algarve7.pt\\\/index.php\\\/2022\\\/06\\\/hmb-nas-festas-em-honra-do-imaculado-coracao-de-maria-na-altura\\\/cultura\\\/11\\\/12\\\/\",\"url\":\"https:\\\/\\\/algarve7.pt\\\/index.php\\\/2022\\\/06\\\/hmb-nas-festas-em-honra-do-imaculado-coracao-de-maria-na-altura\\\/cultura\\\/11\\\/12\\\/\",\"name\":\"HMB nas Festas em Honra do Imaculado Cora\u00e7\u00e3o de Maria na Altura - Algarve 7\",\"isPartOf\":{\"@id\":\"https:\\\/\\\/algarve7.pt\\\/#website\"},\"primaryImageOfPage\":{\"@id\":\"https:\\\/\\\/algarve7.pt\\\/index.php\\\/2022\\\/06\\\/hmb-nas-festas-em-honra-do-imaculado-coracao-de-maria-na-altura\\\/cultura\\\/11\\\/12\\\/#primaryimage\"},\"image\":{\"@id\":\"https:\\\/\\\/algarve7.pt\\\/index.php\\\/2022\\\/06\\\/hmb-nas-festas-em-honra-do-imaculado-coracao-de-maria-na-altura\\\/cultura\\\/11\\\/12\\\/#primaryimage\"},\"thumbnailUrl\":\"https:\\\/\\\/algarve7.pt\\\/wp-content\\\/uploads\\\/2022\\\/06\\\/Captura-de-ecra\u0303-2022-06-27-a\u0300s-23.09.49.png\",\"datePublished\":\"2022-06-28T10:12:00+00:00\",\"description\":\"HMB nas Festas em Honra do Imaculado Cora\u00e7\u00e3o de Maria na Altura Cultura\",\"breadcrumb\":{\"@id\":\"https:\\\/\\\/algarve7.pt\\\/index.php\\\/2022\\\/06\\\/hmb-nas-festas-em-honra-do-imaculado-coracao-de-maria-na-altura\\\/cultura\\\/11\\\/12\\\/#breadcrumb\"},\"inLanguage\":\"pt-PT\",\"potentialAction\":[{\"@type\":\"ReadAction\",\"target\":[\"https:\\\/\\\/algarve7.pt\\\/index.php\\\/2022\\\/06\\\/hmb-nas-festas-em-honra-do-imaculado-coracao-de-maria-na-altura\\\/cultura\\\/11\\\/12\\\/\"]}]},{\"@type\":\"ImageObject\",\"inLanguage\":\"pt-PT\",\"@id\":\"https:\\\/\\\/algarve7.pt\\\/index.php\\\/2022\\\/06\\\/hmb-nas-festas-em-honra-do-imaculado-coracao-de-maria-na-altura\\\/cultura\\\/11\\\/12\\\/#primaryimage\",\"url\":\"https:\\\/\\\/algarve7.pt\\\/wp-content\\\/uploads\\\/2022\\\/06\\\/Captura-de-ecra\u0303-2022-06-27-a\u0300s-23.09.49.png\",\"contentUrl\":\"https:\\\/\\\/algarve7.pt\\\/wp-content\\\/uploads\\\/2022\\\/06\\\/Captura-de-ecra\u0303-2022-06-27-a\u0300s-23.09.49.png\",\"width\":2672,\"height\":1986},{\"@type\":\"BreadcrumbList\",\"@id\":\"https:\\\/\\\/algarve7.pt\\\/index.php\\\/2022\\\/06\\\/hmb-nas-festas-em-honra-do-imaculado-coracao-de-maria-na-altura\\\/cultura\\\/11\\\/12\\\/#breadcrumb\",\"itemListElement\":[{\"@type\":\"ListItem\",\"position\":1,\"name\":\"In\u00edcio\",\"item\":\"https:\\\/\\\/algarve7.pt\\\/\"},{\"@type\":\"ListItem\",\"position\":2,\"name\":\"HMB nas Festas em Honra do Imaculado Cora\u00e7\u00e3o de Maria na Altura\"}]},{\"@type\":\"WebSite\",\"@id\":\"https:\\\/\\\/algarve7.pt\\\/#website\",\"url\":\"https:\\\/\\\/algarve7.pt\\\/\",\"name\":\"Algarve 7\",\"description\":\"Informa\u00e7\u00e3o sobre o Algarve\",\"publisher\":{\"@id\":\"https:\\\/\\\/algarve7.pt\\\/#organization\"},\"potentialAction\":[{\"@type\":\"SearchAction\",\"target\":{\"@type\":\"EntryPoint\",\"urlTemplate\":\"https:\\\/\\\/algarve7.pt\\\/?s={search_term_string}\"},\"query-input\":{\"@type\":\"PropertyValueSpecification\",\"valueRequired\":true,\"valueName\":\"search_term_string\"}}],\"inLanguage\":\"pt-PT\"},{\"@type\":\"Organization\",\"@id\":\"https:\\\/\\\/algarve7.pt\\\/#organization\",\"name\":\"Algarve 7\",\"url\":\"https:\\\/\\\/algarve7.pt\\\/\",\"logo\":{\"@type\":\"ImageObject\",\"inLanguage\":\"pt-PT\",\"@id\":\"https:\\\/\\\/algarve7.pt\\\/#\\\/schema\\\/logo\\\/image\\\/\",\"url\":\"https:\\\/\\\/algarve7.pt\\\/wp-content\\\/uploads\\\/2020\\\/10\\\/Logo-8.jpg\",\"contentUrl\":\"https:\\\/\\\/algarve7.pt\\\/wp-content\\\/uploads\\\/2020\\\/10\\\/Logo-8.jpg\",\"width\":1680,\"height\":1186,\"caption\":\"Algarve 7\"},\"image\":{\"@id\":\"https:\\\/\\\/algarve7.pt\\\/#\\\/schema\\\/logo\\\/image\\\/\"},\"sameAs\":[\"https:\\\/\\\/www.facebook.com\\\/algarve7\",\"https:\\\/\\\/x.com\\\/Algarvesete\",\"https:\\\/\\\/www.instagram.com\\\/jornalalgarve7\\\/\",\"https:\\\/\\\/www.linkedin.com\\\/company\\\/algarve7\",\"https:\\\/\\\/www.pinterest.pt\\\/geral0939\\\/_created\\\/\"]},{\"@type\":\"Person\",\"@id\":\"https:\\\/\\\/algarve7.pt\\\/#\\\/schema\\\/person\\\/23fa70681308e7b319a3204bcea45e0c\",\"name\":\"Algarve 7\",\"sameAs\":[\"https:\\\/\\\/algarve7.pt\",\"https:\\\/\\\/www.facebook.com\\\/algarve7\"],\"url\":\"https:\\\/\\\/algarve7.pt\\\/index.php\\\/author\\\/geralalgarve7-pt\\\/\"}]}<\/script>\n<!-- \/ Yoast SEO plugin. -->","yoast_head_json":{"title":"HMB nas Festas em Honra do Imaculado Cora\u00e7\u00e3o de Maria na Altura - Algarve 7","description":"HMB nas Festas em Honra do Imaculado Cora\u00e7\u00e3o de Maria na Altura Cultura","robots":{"index":"index","follow":"follow","max-snippet":"max-snippet:-1","max-image-preview":"max-image-preview:large","max-video-preview":"max-video-preview:-1"},"canonical":"https:\/\/algarve7.pt\/index.php\/2022\/06\/hmb-nas-festas-em-honra-do-imaculado-coracao-de-maria-na-altura\/cultura\/11\/12\/","og_locale":"pt_PT","og_type":"article","og_title":"HMB nas Festas em Honra do Imaculado Cora\u00e7\u00e3o de Maria na Altura - Algarve 7","og_description":"HMB nas Festas em Honra do Imaculado Cora\u00e7\u00e3o de Maria na Altura Cultura","og_url":"https:\/\/algarve7.pt\/index.php\/2022\/06\/hmb-nas-festas-em-honra-do-imaculado-coracao-de-maria-na-altura\/cultura\/11\/12\/","og_site_name":"Algarve 7","article_publisher":"https:\/\/www.facebook.com\/algarve7","article_author":"https:\/\/www.facebook.com\/algarve7","article_published_time":"2022-06-28T10:12:00+00:00","og_image":[{"width":1024,"height":761,"url":"https:\/\/algarve7.pt\/wp-content\/uploads\/2022\/06\/Captura-de-ecra\u0303-2022-06-27-a\u0300s-23.09.49-1024x761.png","type":"image\/png"}],"author":"Algarve 7","twitter_card":"summary_large_image","twitter_creator":"@Algarvesete","twitter_site":"@Algarvesete","twitter_misc":{"Escrito por":"Algarve 7","Tempo estimado de leitura":"2 minutos"},"schema":{"@context":"https:\/\/schema.org","@graph":[{"@type":"Article","@id":"https:\/\/algarve7.pt\/index.php\/2022\/06\/hmb-nas-festas-em-honra-do-imaculado-coracao-de-maria-na-altura\/cultura\/11\/12\/#article","isPartOf":{"@id":"https:\/\/algarve7.pt\/index.php\/2022\/06\/hmb-nas-festas-em-honra-do-imaculado-coracao-de-maria-na-altura\/cultura\/11\/12\/"},"author":{"name":"Algarve 7","@id":"https:\/\/algarve7.pt\/#\/schema\/person\/23fa70681308e7b319a3204bcea45e0c"},"headline":"HMB nas Festas em Honra do Imaculado Cora\u00e7\u00e3o de Maria na Altura","datePublished":"2022-06-28T10:12:00+00:00","mainEntityOfPage":{"@id":"https:\/\/algarve7.pt\/index.php\/2022\/06\/hmb-nas-festas-em-honra-do-imaculado-coracao-de-maria-na-altura\/cultura\/11\/12\/"},"wordCount":319,"publisher":{"@id":"https:\/\/algarve7.pt\/#organization"},"image":{"@id":"https:\/\/algarve7.pt\/index.php\/2022\/06\/hmb-nas-festas-em-honra-do-imaculado-coracao-de-maria-na-altura\/cultura\/11\/12\/#primaryimage"},"thumbnailUrl":"https:\/\/algarve7.pt\/wp-content\/uploads\/2022\/06\/Captura-de-ecra\u0303-2022-06-27-a\u0300s-23.09.49.png","keywords":["Algarve","Altura","Castro Marim","Concerto","Cultura"],"articleSection":["Cultura"],"inLanguage":"pt-PT"},{"@type":"WebPage","@id":"https:\/\/algarve7.pt\/index.php\/2022\/06\/hmb-nas-festas-em-honra-do-imaculado-coracao-de-maria-na-altura\/cultura\/11\/12\/","url":"https:\/\/algarve7.pt\/index.php\/2022\/06\/hmb-nas-festas-em-honra-do-imaculado-coracao-de-maria-na-altura\/cultura\/11\/12\/","name":"HMB nas Festas em Honra do Imaculado Cora\u00e7\u00e3o de Maria na Altura - Algarve 7","isPartOf":{"@id":"https:\/\/algarve7.pt\/#website"},"primaryImageOfPage":{"@id":"https:\/\/algarve7.pt\/index.php\/2022\/06\/hmb-nas-festas-em-honra-do-imaculado-coracao-de-maria-na-altura\/cultura\/11\/12\/#primaryimage"},"image":{"@id":"https:\/\/algarve7.pt\/index.php\/2022\/06\/hmb-nas-festas-em-honra-do-imaculado-coracao-de-maria-na-altura\/cultura\/11\/12\/#primaryimage"},"thumbnailUrl":"https:\/\/algarve7.pt\/wp-content\/uploads\/2022\/06\/Captura-de-ecra\u0303-2022-06-27-a\u0300s-23.09.49.png","datePublished":"2022-06-28T10:12:00+00:00","description":"HMB nas Festas em Honra do Imaculado Cora\u00e7\u00e3o de Maria na Altura Cultura","breadcrumb":{"@id":"https:\/\/algarve7.pt\/index.php\/2022\/06\/hmb-nas-festas-em-honra-do-imaculado-coracao-de-maria-na-altura\/cultura\/11\/12\/#breadcrumb"},"inLanguage":"pt-PT","potentialAction":[{"@type":"ReadAction","target":["https:\/\/algarve7.pt\/index.php\/2022\/06\/hmb-nas-festas-em-honra-do-imaculado-coracao-de-maria-na-altura\/cultura\/11\/12\/"]}]},{"@type":"ImageObject","inLanguage":"pt-PT","@id":"https:\/\/algarve7.pt\/index.php\/2022\/06\/hmb-nas-festas-em-honra-do-imaculado-coracao-de-maria-na-altura\/cultura\/11\/12\/#primaryimage","url":"https:\/\/algarve7.pt\/wp-content\/uploads\/2022\/06\/Captura-de-ecra\u0303-2022-06-27-a\u0300s-23.09.49.png","contentUrl":"https:\/\/algarve7.pt\/wp-content\/uploads\/2022\/06\/Captura-de-ecra\u0303-2022-06-27-a\u0300s-23.09.49.png","width":2672,"height":1986},{"@type":"BreadcrumbList","@id":"https:\/\/algarve7.pt\/index.php\/2022\/06\/hmb-nas-festas-em-honra-do-imaculado-coracao-de-maria-na-altura\/cultura\/11\/12\/#breadcrumb","itemListElement":[{"@type":"ListItem","position":1,"name":"In\u00edcio","item":"https:\/\/algarve7.pt\/"},{"@type":"ListItem","position":2,"name":"HMB nas Festas em Honra do Imaculado Cora\u00e7\u00e3o de Maria na Altura"}]},{"@type":"WebSite","@id":"https:\/\/algarve7.pt\/#website","url":"https:\/\/algarve7.pt\/","name":"Algarve 7","description":"Informa\u00e7\u00e3o sobre o Algarve","publisher":{"@id":"https:\/\/algarve7.pt\/#organization"},"potentialAction":[{"@type":"SearchAction","target":{"@type":"EntryPoint","urlTemplate":"https:\/\/algarve7.pt\/?s={search_term_string}"},"query-input":{"@type":"PropertyValueSpecification","valueRequired":true,"valueName":"search_term_string"}}],"inLanguage":"pt-PT"},{"@type":"Organization","@id":"https:\/\/algarve7.pt\/#organization","name":"Algarve 7","url":"https:\/\/algarve7.pt\/","logo":{"@type":"ImageObject","inLanguage":"pt-PT","@id":"https:\/\/algarve7.pt\/#\/schema\/logo\/image\/","url":"https:\/\/algarve7.pt\/wp-content\/uploads\/2020\/10\/Logo-8.jpg","contentUrl":"https:\/\/algarve7.pt\/wp-content\/uploads\/2020\/10\/Logo-8.jpg","width":1680,"height":1186,"caption":"Algarve 7"},"image":{"@id":"https:\/\/algarve7.pt\/#\/schema\/logo\/image\/"},"sameAs":["https:\/\/www.facebook.com\/algarve7","https:\/\/x.com\/Algarvesete","https:\/\/www.instagram.com\/jornalalgarve7\/","https:\/\/www.linkedin.com\/company\/algarve7","https:\/\/www.pinterest.pt\/geral0939\/_created\/"]},{"@type":"Person","@id":"https:\/\/algarve7.pt\/#\/schema\/person\/23fa70681308e7b319a3204bcea45e0c","name":"Algarve 7","sameAs":["https:\/\/algarve7.pt","https:\/\/www.facebook.com\/algarve7"],"url":"https:\/\/algarve7.pt\/index.php\/author\/geralalgarve7-pt\/"}]}},"jetpack_publicize_connections":[],"jetpack_shortlink":"https:\/\/wp.me\/pcezmW-58m","jetpack_sharing_enabled":true,"jetpack_featured_media_url":"https:\/\/algarve7.pt\/wp-content\/uploads\/2022\/06\/Captura-de-ecra\u0303-2022-06-27-a\u0300s-23.09.49.png","_links":{"self":[{"href":"https:\/\/algarve7.pt\/index.php\/wp-json\/wp\/v2\/posts\/19738","targetHints":{"allow":["GET"]}}],"collection":[{"href":"https:\/\/algarve7.pt\/index.php\/wp-json\/wp\/v2\/posts"}],"about":[{"href":"https:\/\/algarve7.pt\/index.php\/wp-json\/wp\/v2\/types\/post"}],"author":[{"embeddable":true,"href":"https:\/\/algarve7.pt\/index.php\/wp-json\/wp\/v2\/users\/1"}],"replies":[{"embeddable":true,"href":"https:\/\/algarve7.pt\/index.php\/wp-json\/wp\/v2\/comments?post=19738"}],"version-history":[{"count":0,"href":"https:\/\/algarve7.pt\/index.php\/wp-json\/wp\/v2\/posts\/19738\/revisions"}],"wp:featuredmedia":[{"embeddable":true,"href":"https:\/\/algarve7.pt\/index.php\/wp-json\/wp\/v2\/media\/19739"}],"wp:attachment":[{"href":"https:\/\/algarve7.pt\/index.php\/wp-json\/wp\/v2\/media?parent=19738"}],"wp:term":[{"taxonomy":"category","embeddable":true,"href":"https:\/\/algarve7.pt\/index.php\/wp-json\/wp\/v2\/categories?post=19738"},{"taxonomy":"post_tag","embeddable":true,"href":"https:\/\/algarve7.pt\/index.php\/wp-json\/wp\/v2\/tags?post=19738"}],"curies":[{"name":"wp","href":"https:\/\/api.w.org\/{rel}","templated":true}]}}