{"id":19676,"date":"2022-06-24T12:09:00","date_gmt":"2022-06-24T11:09:00","guid":{"rendered":"https:\/\/algarve7.pt\/?p=19676"},"modified":"2022-06-23T18:10:56","modified_gmt":"2022-06-23T17:10:56","slug":"apresentado-em-loule-o-livro-red-book","status":"publish","type":"post","link":"https:\/\/algarve7.pt\/index.php\/2022\/06\/apresentado-em-loule-o-livro-red-book\/cultura\/12\/09\/","title":{"rendered":"Apresentado em Loul\u00e9 o livro &#8220;Red Book&#8221;"},"content":{"rendered":"\n<p>A Comiss\u00e3o de Coordena\u00e7\u00e3o e Desenvolvimento Regional (CCDR) do Algarve promoveu a apresenta\u00e7\u00e3o do livro \u201cRED BOOK &#8211; Lista Vermelha das Atividades Artesanais Algarvias\u201d<strong>, <\/strong>num evento p\u00fablico realizado no espa\u00e7o nos Banhos Isl\u00e2micos e Casa Senhorial dos Barretos, recentemente inaugurados em Loul\u00e9.<\/p>\n\n\n\n<p>Jos\u00e9 Apolin\u00e1rio, Presidente da CCDR Algarve, come\u00e7ou por valorizar a parceria que permitiu a edi\u00e7\u00e3o do \u201cRed Book\u201d sublinhando que esta obra havia nascido de \u201cum projeto com Fundos Europeus no quadro do INTERREG, da Coopera\u00e7\u00e3o Transfronteiri\u00e7a, visando promover as nossas tradi\u00e7\u00f5es e a oferta cultural inovadora no contexto da EURORREGI\u00c3O Alentejo-Algarve-Andaluzia (EURO AAA)\u201d.<\/p>\n\n\n\n<p>\u201cA Lei atribui-nos a Miss\u00e3o de promover a adequada articula\u00e7\u00e3o intersectorial entre os servi\u00e7os desconcentrados de \u00e2mbito regional, numa \u00f3tica de desenvolvimento regional\u201d referiu Jos\u00e9 Apolin\u00e1rio, acrescentando que \u201co Estado, a Administra\u00e7\u00e3o P\u00fablica, prestar\u00e1 melhor servi\u00e7o aos cidad\u00e3os, ser\u00e1 uma Administra\u00e7\u00e3o P\u00fablica mais eficaz, trabalhando em rede, otimizando recursos humanos, partilhando servi\u00e7os, articulando as pol\u00edticas p\u00fablicas nacionais com a escala regional e supramunicipal\u201d.<\/p>\n\n\n\n<p>\u00abO trabalho de investiga\u00e7\u00e3o e de produ\u00e7\u00e3o foi desenvolvido pela PROACTIVETUR no contexto do projeto Magalh\u00e3es_ICC, acr\u00f3nimo do Centro Magalh\u00e3es para o Empreendedorismo de Ind\u00fastrias Culturais e Criativas, o qual pretende estabelecer uma rede de coopera\u00e7\u00e3o transfronteiri\u00e7a destinada a consolidar e a promover a oferta cultural inovadora no seio da EURO AAA, sendo co-financiado pelo Programa Interreg V-A Espanha Portugal (POCTEP) 2014-2020, tal como acrescentou Jos\u00e9 Pacheco, Vice-Presidente da CCDR Algarve.<\/p>\n\n\n\n<p>Precedida de uma visita guiada aos Banhos Isl\u00e2micos, na sess\u00e3o intervieram o presidente da C\u00e2mara Municipal de Loul\u00e9, V\u00edtor Aleixo, sublinhando a oferta do Munic\u00edpio na cultura e patrim\u00f3nio, e as diretoras regionais da Cultura e do Emprego e Forma\u00e7\u00e3o Profissional, Adriana Nogueira e Madalena Feu, que sustentaram a boa aplica\u00e7\u00e3o dos Fundos Europeus geridos no Algarve para a preserva\u00e7\u00e3o e valoriza\u00e7\u00e3o do patrim\u00f3nio cultural edificado e imateria, dando \u201ca recupera\u00e7\u00e3o deste espa\u00e7o museol\u00f3gico e esta recolha de saberes tradicionais e atividades como exemplos a replicar para consolidar e diversificar a oferta tur\u00edstica da Regi\u00e3o\u201d, fazendo a diferencia\u00e7\u00e3o do Algarve tamb\u00e9m pela sua paisagem e \u201csaber-fazer\u201d das suas gentes.<\/p>\n\n\n\n<p>Na apresenta\u00e7\u00e3o do \u201cLivro Vermelho das Atividades Tradicionais\u201d, quer Miguel Reim\u00e3o Costa, da Universidade do Algarve, quer Gra\u00e7a Palma e Susana Calado Martins, autoras da Proactivetur, referenciaram o car\u00e1ter pioneiro desta iniciativa desenvolvida em plena pandemia com artes\u00e3os, alguns j\u00e1 de idade avan\u00e7ada, autarquias e associa\u00e7\u00f5es do setor, levando \u00e1 descoberta de \u201cum mundo cuja dimens\u00e3o era desconhecida, obrigando-se a estabelecer crit\u00e9rios de sele\u00e7\u00e3o muito rigorosos\u201d, orientada pela Comiss\u00e3o T\u00e9cnico-Cient\u00edfica constitu\u00edda com representantes das Entidades relevantes para o Patrim\u00f3nio Cultural Imaterial (PCI), e optando por \u201cdeixar de fora outras express\u00f5es de atividades artesanais tradicionais, como a arquitetura tradicional, a cer\u00e2mica decorativa ou a do\u00e7aria regional\u201d, sugerindo a cria\u00e7\u00e3o de uma Plano de Salvaguarda para as 26 artes referenciadas e a continuidade e aprofundamento dos estudos das demais.<\/p>\n\n\n\n<p>As listas resultantes da investiga\u00e7\u00e3o guiam-se pelos procedimentos estabelecidos pela UNESCO, com a vantagem de estas manifesta\u00e7\u00f5es de PCI poderem futuramente ser inscritas no invent\u00e1rio nacional, o \u00fanico instrumento de prote\u00e7\u00e3o legal deste patrim\u00f3nio, ou seja, passando a ter uma s\u00f3lida base para apresentar \u00e0 Dire\u00e7\u00e3o-Geral do Patrim\u00f3nio Cultural para o Invent\u00e1rio de Patrim\u00f3nio Imaterial do Algarve, que j\u00e1 integra manifesta\u00e7\u00f5es regionais de PCI como o culto da M\u00e3e Soberana em Loul\u00e9, ou da Nossa Senhora dos Navegantes, na Ilha da Culatra, em Faro.<\/p>\n\n\n\n<p>Presente no evento, a Sub-Diretora Geral do Patrim\u00f3nio Cultural, Rita Jer\u00f3nimo, considerou esta obra com um exemplo a replicar noutras regi\u00f5es do Pa\u00eds, manifestando o apoio e envolvimento no alargamento das \u00e1reas de investiga\u00e7\u00e3o, quer tem\u00e1ticas, quer territoriais.<\/p>\n\n\n\n<p>Foto: Jorge Gomes (Click Time Photo\u00ae\u00a9)<\/p>\n","protected":false},"excerpt":{"rendered":"<p>A Comiss\u00e3o de Coordena\u00e7\u00e3o e Desenvolvimento Regional (CCDR) do Algarve promoveu a apresenta\u00e7\u00e3o do livro \u201cRED BOOK &#8211; Lista Vermelha<\/p>\n","protected":false},"author":1,"featured_media":19677,"comment_status":"closed","ping_status":"open","sticky":false,"template":"","format":"standard","meta":{"colormag_page_container_layout":"default_layout","colormag_page_sidebar_layout":"default_layout","_monsterinsights_skip_tracking":false,"_monsterinsights_sitenote_active":false,"_monsterinsights_sitenote_note":"","_monsterinsights_sitenote_category":0,"jetpack_post_was_ever_published":false,"_jetpack_newsletter_access":"","_jetpack_dont_email_post_to_subs":false,"_jetpack_newsletter_tier_id":0,"_jetpack_memberships_contains_paywalled_content":false,"_jetpack_memberships_contains_paid_content":false,"footnotes":"","jetpack_publicize_message":"","jetpack_publicize_feature_enabled":true,"jetpack_social_post_already_shared":true,"jetpack_social_options":{"image_generator_settings":{"template":"highway","default_image_id":0,"font":"","enabled":false},"version":2}},"categories":[14],"tags":[36,143,35,201,31],"class_list":["post-19676","post","type-post","status-publish","format-standard","has-post-thumbnail","hentry","category-cultura","tag-algarve","tag-ccdr-algarve","tag-cultura","tag-livros","tag-loule"],"yoast_head":"<!-- This site is optimized with the Yoast SEO plugin v27.5 - https:\/\/yoast.com\/product\/yoast-seo-wordpress\/ -->\n<title>Apresentado em Loul\u00e9 o livro &quot;Red Book&quot; - Algarve 7<\/title>\n<meta name=\"description\" content=\"Apresentado em Loul\u00e9 o livro &quot;Red Book&quot; Cultura\" \/>\n<meta name=\"robots\" content=\"index, follow, max-snippet:-1, max-image-preview:large, max-video-preview:-1\" \/>\n<link rel=\"canonical\" href=\"https:\/\/algarve7.pt\/index.php\/2022\/06\/apresentado-em-loule-o-livro-red-book\/cultura\/12\/09\/\" \/>\n<meta property=\"og:locale\" content=\"pt_PT\" \/>\n<meta property=\"og:type\" content=\"article\" \/>\n<meta property=\"og:title\" content=\"Apresentado em Loul\u00e9 o livro &quot;Red Book&quot; - Algarve 7\" \/>\n<meta property=\"og:description\" content=\"Apresentado em Loul\u00e9 o livro &quot;Red Book&quot; Cultura\" \/>\n<meta property=\"og:url\" content=\"https:\/\/algarve7.pt\/index.php\/2022\/06\/apresentado-em-loule-o-livro-red-book\/cultura\/12\/09\/\" \/>\n<meta property=\"og:site_name\" content=\"Algarve 7\" \/>\n<meta property=\"article:publisher\" content=\"https:\/\/www.facebook.com\/algarve7\" \/>\n<meta property=\"article:author\" content=\"https:\/\/www.facebook.com\/algarve7\" \/>\n<meta property=\"article:published_time\" content=\"2022-06-24T11:09:00+00:00\" \/>\n<meta property=\"og:image\" content=\"https:\/\/algarve7.pt\/wp-content\/uploads\/2022\/06\/Apresentacao-Livro-Red-Boo-k-Loule\u0301-22-06-2022-39.jpg\" \/>\n\t<meta property=\"og:image:width\" content=\"627\" \/>\n\t<meta property=\"og:image:height\" content=\"418\" \/>\n\t<meta property=\"og:image:type\" content=\"image\/jpeg\" \/>\n<meta name=\"author\" content=\"Algarve 7\" \/>\n<meta name=\"twitter:card\" content=\"summary_large_image\" \/>\n<meta name=\"twitter:creator\" content=\"@Algarvesete\" \/>\n<meta name=\"twitter:site\" content=\"@Algarvesete\" \/>\n<meta name=\"twitter:label1\" content=\"Escrito por\" \/>\n\t<meta name=\"twitter:data1\" content=\"Algarve 7\" \/>\n\t<meta name=\"twitter:label2\" content=\"Tempo estimado de leitura\" \/>\n\t<meta name=\"twitter:data2\" content=\"4 minutos\" \/>\n<script type=\"application\/ld+json\" class=\"yoast-schema-graph\">{\"@context\":\"https:\\\/\\\/schema.org\",\"@graph\":[{\"@type\":\"Article\",\"@id\":\"https:\\\/\\\/algarve7.pt\\\/index.php\\\/2022\\\/06\\\/apresentado-em-loule-o-livro-red-book\\\/cultura\\\/12\\\/09\\\/#article\",\"isPartOf\":{\"@id\":\"https:\\\/\\\/algarve7.pt\\\/index.php\\\/2022\\\/06\\\/apresentado-em-loule-o-livro-red-book\\\/cultura\\\/12\\\/09\\\/\"},\"author\":{\"name\":\"Algarve 7\",\"@id\":\"https:\\\/\\\/algarve7.pt\\\/#\\\/schema\\\/person\\\/23fa70681308e7b319a3204bcea45e0c\"},\"headline\":\"Apresentado em Loul\u00e9 o livro &#8220;Red Book&#8221;\",\"datePublished\":\"2022-06-24T11:09:00+00:00\",\"mainEntityOfPage\":{\"@id\":\"https:\\\/\\\/algarve7.pt\\\/index.php\\\/2022\\\/06\\\/apresentado-em-loule-o-livro-red-book\\\/cultura\\\/12\\\/09\\\/\"},\"wordCount\":688,\"publisher\":{\"@id\":\"https:\\\/\\\/algarve7.pt\\\/#organization\"},\"image\":{\"@id\":\"https:\\\/\\\/algarve7.pt\\\/index.php\\\/2022\\\/06\\\/apresentado-em-loule-o-livro-red-book\\\/cultura\\\/12\\\/09\\\/#primaryimage\"},\"thumbnailUrl\":\"https:\\\/\\\/algarve7.pt\\\/wp-content\\\/uploads\\\/2022\\\/06\\\/Apresentacao-Livro-Red-Boo-k-Loule\u0301-22-06-2022-39.jpg\",\"keywords\":[\"Algarve\",\"CCDR Algarve\",\"Cultura\",\"Livros\",\"Loul\u00e9\"],\"articleSection\":[\"Cultura\"],\"inLanguage\":\"pt-PT\"},{\"@type\":\"WebPage\",\"@id\":\"https:\\\/\\\/algarve7.pt\\\/index.php\\\/2022\\\/06\\\/apresentado-em-loule-o-livro-red-book\\\/cultura\\\/12\\\/09\\\/\",\"url\":\"https:\\\/\\\/algarve7.pt\\\/index.php\\\/2022\\\/06\\\/apresentado-em-loule-o-livro-red-book\\\/cultura\\\/12\\\/09\\\/\",\"name\":\"Apresentado em Loul\u00e9 o livro \\\"Red Book\\\" - Algarve 7\",\"isPartOf\":{\"@id\":\"https:\\\/\\\/algarve7.pt\\\/#website\"},\"primaryImageOfPage\":{\"@id\":\"https:\\\/\\\/algarve7.pt\\\/index.php\\\/2022\\\/06\\\/apresentado-em-loule-o-livro-red-book\\\/cultura\\\/12\\\/09\\\/#primaryimage\"},\"image\":{\"@id\":\"https:\\\/\\\/algarve7.pt\\\/index.php\\\/2022\\\/06\\\/apresentado-em-loule-o-livro-red-book\\\/cultura\\\/12\\\/09\\\/#primaryimage\"},\"thumbnailUrl\":\"https:\\\/\\\/algarve7.pt\\\/wp-content\\\/uploads\\\/2022\\\/06\\\/Apresentacao-Livro-Red-Boo-k-Loule\u0301-22-06-2022-39.jpg\",\"datePublished\":\"2022-06-24T11:09:00+00:00\",\"description\":\"Apresentado em Loul\u00e9 o livro \\\"Red Book\\\" Cultura\",\"breadcrumb\":{\"@id\":\"https:\\\/\\\/algarve7.pt\\\/index.php\\\/2022\\\/06\\\/apresentado-em-loule-o-livro-red-book\\\/cultura\\\/12\\\/09\\\/#breadcrumb\"},\"inLanguage\":\"pt-PT\",\"potentialAction\":[{\"@type\":\"ReadAction\",\"target\":[\"https:\\\/\\\/algarve7.pt\\\/index.php\\\/2022\\\/06\\\/apresentado-em-loule-o-livro-red-book\\\/cultura\\\/12\\\/09\\\/\"]}]},{\"@type\":\"ImageObject\",\"inLanguage\":\"pt-PT\",\"@id\":\"https:\\\/\\\/algarve7.pt\\\/index.php\\\/2022\\\/06\\\/apresentado-em-loule-o-livro-red-book\\\/cultura\\\/12\\\/09\\\/#primaryimage\",\"url\":\"https:\\\/\\\/algarve7.pt\\\/wp-content\\\/uploads\\\/2022\\\/06\\\/Apresentacao-Livro-Red-Boo-k-Loule\u0301-22-06-2022-39.jpg\",\"contentUrl\":\"https:\\\/\\\/algarve7.pt\\\/wp-content\\\/uploads\\\/2022\\\/06\\\/Apresentacao-Livro-Red-Boo-k-Loule\u0301-22-06-2022-39.jpg\",\"width\":627,\"height\":418},{\"@type\":\"BreadcrumbList\",\"@id\":\"https:\\\/\\\/algarve7.pt\\\/index.php\\\/2022\\\/06\\\/apresentado-em-loule-o-livro-red-book\\\/cultura\\\/12\\\/09\\\/#breadcrumb\",\"itemListElement\":[{\"@type\":\"ListItem\",\"position\":1,\"name\":\"In\u00edcio\",\"item\":\"https:\\\/\\\/algarve7.pt\\\/\"},{\"@type\":\"ListItem\",\"position\":2,\"name\":\"Apresentado em Loul\u00e9 o livro &#8220;Red Book&#8221;\"}]},{\"@type\":\"WebSite\",\"@id\":\"https:\\\/\\\/algarve7.pt\\\/#website\",\"url\":\"https:\\\/\\\/algarve7.pt\\\/\",\"name\":\"Algarve 7\",\"description\":\"Informa\u00e7\u00e3o sobre o Algarve\",\"publisher\":{\"@id\":\"https:\\\/\\\/algarve7.pt\\\/#organization\"},\"potentialAction\":[{\"@type\":\"SearchAction\",\"target\":{\"@type\":\"EntryPoint\",\"urlTemplate\":\"https:\\\/\\\/algarve7.pt\\\/?s={search_term_string}\"},\"query-input\":{\"@type\":\"PropertyValueSpecification\",\"valueRequired\":true,\"valueName\":\"search_term_string\"}}],\"inLanguage\":\"pt-PT\"},{\"@type\":\"Organization\",\"@id\":\"https:\\\/\\\/algarve7.pt\\\/#organization\",\"name\":\"Algarve 7\",\"url\":\"https:\\\/\\\/algarve7.pt\\\/\",\"logo\":{\"@type\":\"ImageObject\",\"inLanguage\":\"pt-PT\",\"@id\":\"https:\\\/\\\/algarve7.pt\\\/#\\\/schema\\\/logo\\\/image\\\/\",\"url\":\"https:\\\/\\\/algarve7.pt\\\/wp-content\\\/uploads\\\/2020\\\/10\\\/Logo-8.jpg\",\"contentUrl\":\"https:\\\/\\\/algarve7.pt\\\/wp-content\\\/uploads\\\/2020\\\/10\\\/Logo-8.jpg\",\"width\":1680,\"height\":1186,\"caption\":\"Algarve 7\"},\"image\":{\"@id\":\"https:\\\/\\\/algarve7.pt\\\/#\\\/schema\\\/logo\\\/image\\\/\"},\"sameAs\":[\"https:\\\/\\\/www.facebook.com\\\/algarve7\",\"https:\\\/\\\/x.com\\\/Algarvesete\",\"https:\\\/\\\/www.instagram.com\\\/jornalalgarve7\\\/\",\"https:\\\/\\\/www.linkedin.com\\\/company\\\/algarve7\",\"https:\\\/\\\/www.pinterest.pt\\\/geral0939\\\/_created\\\/\"]},{\"@type\":\"Person\",\"@id\":\"https:\\\/\\\/algarve7.pt\\\/#\\\/schema\\\/person\\\/23fa70681308e7b319a3204bcea45e0c\",\"name\":\"Algarve 7\",\"sameAs\":[\"https:\\\/\\\/algarve7.pt\",\"https:\\\/\\\/www.facebook.com\\\/algarve7\"],\"url\":\"https:\\\/\\\/algarve7.pt\\\/index.php\\\/author\\\/geralalgarve7-pt\\\/\"}]}<\/script>\n<!-- \/ Yoast SEO plugin. -->","yoast_head_json":{"title":"Apresentado em Loul\u00e9 o livro \"Red Book\" - Algarve 7","description":"Apresentado em Loul\u00e9 o livro \"Red Book\" Cultura","robots":{"index":"index","follow":"follow","max-snippet":"max-snippet:-1","max-image-preview":"max-image-preview:large","max-video-preview":"max-video-preview:-1"},"canonical":"https:\/\/algarve7.pt\/index.php\/2022\/06\/apresentado-em-loule-o-livro-red-book\/cultura\/12\/09\/","og_locale":"pt_PT","og_type":"article","og_title":"Apresentado em Loul\u00e9 o livro \"Red Book\" - Algarve 7","og_description":"Apresentado em Loul\u00e9 o livro \"Red Book\" Cultura","og_url":"https:\/\/algarve7.pt\/index.php\/2022\/06\/apresentado-em-loule-o-livro-red-book\/cultura\/12\/09\/","og_site_name":"Algarve 7","article_publisher":"https:\/\/www.facebook.com\/algarve7","article_author":"https:\/\/www.facebook.com\/algarve7","article_published_time":"2022-06-24T11:09:00+00:00","og_image":[{"width":627,"height":418,"url":"https:\/\/algarve7.pt\/wp-content\/uploads\/2022\/06\/Apresentacao-Livro-Red-Boo-k-Loule\u0301-22-06-2022-39.jpg","type":"image\/jpeg"}],"author":"Algarve 7","twitter_card":"summary_large_image","twitter_creator":"@Algarvesete","twitter_site":"@Algarvesete","twitter_misc":{"Escrito por":"Algarve 7","Tempo estimado de leitura":"4 minutos"},"schema":{"@context":"https:\/\/schema.org","@graph":[{"@type":"Article","@id":"https:\/\/algarve7.pt\/index.php\/2022\/06\/apresentado-em-loule-o-livro-red-book\/cultura\/12\/09\/#article","isPartOf":{"@id":"https:\/\/algarve7.pt\/index.php\/2022\/06\/apresentado-em-loule-o-livro-red-book\/cultura\/12\/09\/"},"author":{"name":"Algarve 7","@id":"https:\/\/algarve7.pt\/#\/schema\/person\/23fa70681308e7b319a3204bcea45e0c"},"headline":"Apresentado em Loul\u00e9 o livro &#8220;Red Book&#8221;","datePublished":"2022-06-24T11:09:00+00:00","mainEntityOfPage":{"@id":"https:\/\/algarve7.pt\/index.php\/2022\/06\/apresentado-em-loule-o-livro-red-book\/cultura\/12\/09\/"},"wordCount":688,"publisher":{"@id":"https:\/\/algarve7.pt\/#organization"},"image":{"@id":"https:\/\/algarve7.pt\/index.php\/2022\/06\/apresentado-em-loule-o-livro-red-book\/cultura\/12\/09\/#primaryimage"},"thumbnailUrl":"https:\/\/algarve7.pt\/wp-content\/uploads\/2022\/06\/Apresentacao-Livro-Red-Boo-k-Loule\u0301-22-06-2022-39.jpg","keywords":["Algarve","CCDR Algarve","Cultura","Livros","Loul\u00e9"],"articleSection":["Cultura"],"inLanguage":"pt-PT"},{"@type":"WebPage","@id":"https:\/\/algarve7.pt\/index.php\/2022\/06\/apresentado-em-loule-o-livro-red-book\/cultura\/12\/09\/","url":"https:\/\/algarve7.pt\/index.php\/2022\/06\/apresentado-em-loule-o-livro-red-book\/cultura\/12\/09\/","name":"Apresentado em Loul\u00e9 o livro \"Red Book\" - Algarve 7","isPartOf":{"@id":"https:\/\/algarve7.pt\/#website"},"primaryImageOfPage":{"@id":"https:\/\/algarve7.pt\/index.php\/2022\/06\/apresentado-em-loule-o-livro-red-book\/cultura\/12\/09\/#primaryimage"},"image":{"@id":"https:\/\/algarve7.pt\/index.php\/2022\/06\/apresentado-em-loule-o-livro-red-book\/cultura\/12\/09\/#primaryimage"},"thumbnailUrl":"https:\/\/algarve7.pt\/wp-content\/uploads\/2022\/06\/Apresentacao-Livro-Red-Boo-k-Loule\u0301-22-06-2022-39.jpg","datePublished":"2022-06-24T11:09:00+00:00","description":"Apresentado em Loul\u00e9 o livro \"Red Book\" Cultura","breadcrumb":{"@id":"https:\/\/algarve7.pt\/index.php\/2022\/06\/apresentado-em-loule-o-livro-red-book\/cultura\/12\/09\/#breadcrumb"},"inLanguage":"pt-PT","potentialAction":[{"@type":"ReadAction","target":["https:\/\/algarve7.pt\/index.php\/2022\/06\/apresentado-em-loule-o-livro-red-book\/cultura\/12\/09\/"]}]},{"@type":"ImageObject","inLanguage":"pt-PT","@id":"https:\/\/algarve7.pt\/index.php\/2022\/06\/apresentado-em-loule-o-livro-red-book\/cultura\/12\/09\/#primaryimage","url":"https:\/\/algarve7.pt\/wp-content\/uploads\/2022\/06\/Apresentacao-Livro-Red-Boo-k-Loule\u0301-22-06-2022-39.jpg","contentUrl":"https:\/\/algarve7.pt\/wp-content\/uploads\/2022\/06\/Apresentacao-Livro-Red-Boo-k-Loule\u0301-22-06-2022-39.jpg","width":627,"height":418},{"@type":"BreadcrumbList","@id":"https:\/\/algarve7.pt\/index.php\/2022\/06\/apresentado-em-loule-o-livro-red-book\/cultura\/12\/09\/#breadcrumb","itemListElement":[{"@type":"ListItem","position":1,"name":"In\u00edcio","item":"https:\/\/algarve7.pt\/"},{"@type":"ListItem","position":2,"name":"Apresentado em Loul\u00e9 o livro &#8220;Red Book&#8221;"}]},{"@type":"WebSite","@id":"https:\/\/algarve7.pt\/#website","url":"https:\/\/algarve7.pt\/","name":"Algarve 7","description":"Informa\u00e7\u00e3o sobre o Algarve","publisher":{"@id":"https:\/\/algarve7.pt\/#organization"},"potentialAction":[{"@type":"SearchAction","target":{"@type":"EntryPoint","urlTemplate":"https:\/\/algarve7.pt\/?s={search_term_string}"},"query-input":{"@type":"PropertyValueSpecification","valueRequired":true,"valueName":"search_term_string"}}],"inLanguage":"pt-PT"},{"@type":"Organization","@id":"https:\/\/algarve7.pt\/#organization","name":"Algarve 7","url":"https:\/\/algarve7.pt\/","logo":{"@type":"ImageObject","inLanguage":"pt-PT","@id":"https:\/\/algarve7.pt\/#\/schema\/logo\/image\/","url":"https:\/\/algarve7.pt\/wp-content\/uploads\/2020\/10\/Logo-8.jpg","contentUrl":"https:\/\/algarve7.pt\/wp-content\/uploads\/2020\/10\/Logo-8.jpg","width":1680,"height":1186,"caption":"Algarve 7"},"image":{"@id":"https:\/\/algarve7.pt\/#\/schema\/logo\/image\/"},"sameAs":["https:\/\/www.facebook.com\/algarve7","https:\/\/x.com\/Algarvesete","https:\/\/www.instagram.com\/jornalalgarve7\/","https:\/\/www.linkedin.com\/company\/algarve7","https:\/\/www.pinterest.pt\/geral0939\/_created\/"]},{"@type":"Person","@id":"https:\/\/algarve7.pt\/#\/schema\/person\/23fa70681308e7b319a3204bcea45e0c","name":"Algarve 7","sameAs":["https:\/\/algarve7.pt","https:\/\/www.facebook.com\/algarve7"],"url":"https:\/\/algarve7.pt\/index.php\/author\/geralalgarve7-pt\/"}]}},"jetpack_publicize_connections":[],"jetpack_featured_media_url":"https:\/\/algarve7.pt\/wp-content\/uploads\/2022\/06\/Apresentacao-Livro-Red-Boo-k-Loule\u0301-22-06-2022-39.jpg","jetpack_shortlink":"https:\/\/wp.me\/pcezmW-57m","jetpack_sharing_enabled":true,"_links":{"self":[{"href":"https:\/\/algarve7.pt\/index.php\/wp-json\/wp\/v2\/posts\/19676","targetHints":{"allow":["GET"]}}],"collection":[{"href":"https:\/\/algarve7.pt\/index.php\/wp-json\/wp\/v2\/posts"}],"about":[{"href":"https:\/\/algarve7.pt\/index.php\/wp-json\/wp\/v2\/types\/post"}],"author":[{"embeddable":true,"href":"https:\/\/algarve7.pt\/index.php\/wp-json\/wp\/v2\/users\/1"}],"replies":[{"embeddable":true,"href":"https:\/\/algarve7.pt\/index.php\/wp-json\/wp\/v2\/comments?post=19676"}],"version-history":[{"count":0,"href":"https:\/\/algarve7.pt\/index.php\/wp-json\/wp\/v2\/posts\/19676\/revisions"}],"wp:featuredmedia":[{"embeddable":true,"href":"https:\/\/algarve7.pt\/index.php\/wp-json\/wp\/v2\/media\/19677"}],"wp:attachment":[{"href":"https:\/\/algarve7.pt\/index.php\/wp-json\/wp\/v2\/media?parent=19676"}],"wp:term":[{"taxonomy":"category","embeddable":true,"href":"https:\/\/algarve7.pt\/index.php\/wp-json\/wp\/v2\/categories?post=19676"},{"taxonomy":"post_tag","embeddable":true,"href":"https:\/\/algarve7.pt\/index.php\/wp-json\/wp\/v2\/tags?post=19676"}],"curies":[{"name":"wp","href":"https:\/\/api.w.org\/{rel}","templated":true}]}}