{"id":19673,"date":"2022-06-24T11:03:00","date_gmt":"2022-06-24T10:03:00","guid":{"rendered":"https:\/\/algarve7.pt\/?p=19673"},"modified":"2022-06-23T18:05:23","modified_gmt":"2022-06-23T17:05:23","slug":"ualg-sobe-para-a-6a-posicao-a-nivel-nacional-no-u-multirank","status":"publish","type":"post","link":"https:\/\/algarve7.pt\/index.php\/2022\/06\/ualg-sobe-para-a-6a-posicao-a-nivel-nacional-no-u-multirank\/educacao\/11\/03\/","title":{"rendered":"UAlg sobe para a 6\u00aa posi\u00e7\u00e3o a n\u00edvel nacional no U-Multirank"},"content":{"rendered":"\n<p>Na edi\u00e7\u00e3o 2022 do U-Multirank, a UAlg voltou a destacar-se, subindo inclusivamente no Top 10 nacional, passando da oitava para a sexta posi\u00e7\u00e3o, com a classifica\u00e7\u00e3o m\u00e1xima de &#8220;Muito Bom&#8221; em 10 indicadores, encontrando-se ainda acima da m\u00e9dia em mais 10, com a classifica\u00e7\u00e3o de \u201cBom\u201d.\u00a0<\/p>\n\n\n\n<p>O maior destaque da UAlg verifica-se nas seguintes categorias: &#8220;Orienta\u00e7\u00e3o Internacional&#8221;, &#8220;Investiga\u00e7\u00e3o&#8221; e &#8220;Transfer\u00eancia de Conhecimento&#8221;, obtendo diversas classifica\u00e7\u00f5es &#8220;A&#8221; nos referidos indicadores.<\/p>\n\n\n\n<p>Atualmente, o U-Multirank analisa 2202 universidades de 96 pa\u00edses, das quais 27 institui\u00e7\u00f5es de ensino superior portuguesas.<\/p>\n\n\n\n<p>O U-Multirank surgiu no ano de 2014, \u00e9 financiado pela Comiss\u00e3o Europeia e liderado pelo CHE &#8211; Centre for Higher Education, com o apoio do programa Erasmus +.<\/p>\n\n\n\n<p>Na elabora\u00e7\u00e3o deste ranking \u00e9 avaliado o desempenho nas dimens\u00f5es &#8220;Investiga\u00e7\u00e3o&#8221;, &#8220;Ensino e Aprendizagem&#8221;, &#8220;Transfer\u00eancia de Conhecimento&#8221;, &#8220;Orienta\u00e7\u00e3o Internacional&#8221; e &#8220;Envolvimento Regional&#8221;. Dentro de cada uma destas dimens\u00f5es existe um determinado n\u00famero de indicadores de desempenho.<\/p>\n\n\n\n<p>Este ranking \u00e9 financiado pela Uni\u00e3o Europeia e n\u00e3o produz uma classifica\u00e7\u00e3o individual para cada universidade, nem tabelas classificativas. Avalia as universidades numa escala de \u201cVery Good\u201d a \u201cWeak\u201d, classificando-as nos diversos indicadores entre a nota &#8220;A&#8221; e &#8220;E&#8221; respetivamente. Contabilizando o n\u00famero de classifica\u00e7\u00f5es acima da m\u00e9dia, pode ser definido o posicionamento global.<\/p>\n\n\n\n<p>Aceder ao\u00a0<strong>perfil da UAlg<\/strong>\u00a0neste ranking\u00a0<strong><a href=\"https:\/\/www.umultirank.org\/study-at\/university-of-algarve-rankings\/\" target=\"_blank\" rel=\"noreferrer noopener\">aqui<\/a><\/strong>.<\/p>\n\n\n\n<p>Aceder \u00e0\u00a0<strong>p\u00e1gina do ranking\u00a0<a href=\"http:\/\/www.umultirank.org\/\" target=\"_blank\" rel=\"noreferrer noopener\">U-Multirank<\/a><\/strong>.<\/p>\n","protected":false},"excerpt":{"rendered":"<p>Na edi\u00e7\u00e3o 2022 do U-Multirank, a UAlg voltou a destacar-se, subindo inclusivamente no Top 10 nacional, passando da oitava para<\/p>\n","protected":false},"author":1,"featured_media":19674,"comment_status":"closed","ping_status":"open","sticky":false,"template":"","format":"standard","meta":{"colormag_page_container_layout":"default_layout","colormag_page_sidebar_layout":"default_layout","_monsterinsights_skip_tracking":false,"_monsterinsights_sitenote_active":false,"_monsterinsights_sitenote_note":"","_monsterinsights_sitenote_category":0,"jetpack_post_was_ever_published":false,"_jetpack_newsletter_access":"","_jetpack_dont_email_post_to_subs":false,"_jetpack_newsletter_tier_id":0,"_jetpack_memberships_contains_paywalled_content":false,"_jetpack_memberships_contains_paid_content":false,"footnotes":"","jetpack_publicize_message":"","jetpack_publicize_feature_enabled":true,"jetpack_social_post_already_shared":true,"jetpack_social_options":{"image_generator_settings":{"template":"highway","default_image_id":0,"font":"","enabled":false},"version":2}},"categories":[93],"tags":[36,74,182],"class_list":["post-19673","post","type-post","status-publish","format-standard","has-post-thumbnail","hentry","category-educacao","tag-algarve","tag-educacao","tag-ualg"],"yoast_head":"<!-- This site is optimized with the Yoast SEO plugin v27.5 - https:\/\/yoast.com\/product\/yoast-seo-wordpress\/ -->\n<title>UAlg sobe para a 6\u00aa posi\u00e7\u00e3o a n\u00edvel nacional no U-Multirank - Algarve 7<\/title>\n<meta name=\"description\" content=\"UAlg sobe para a 6\u00aa posi\u00e7\u00e3o a n\u00edvel nacional no U-Multirank Educa\u00e7\u00e3o\" \/>\n<meta name=\"robots\" content=\"index, follow, max-snippet:-1, max-image-preview:large, max-video-preview:-1\" \/>\n<link rel=\"canonical\" href=\"https:\/\/algarve7.pt\/index.php\/2022\/06\/ualg-sobe-para-a-6a-posicao-a-nivel-nacional-no-u-multirank\/educacao\/11\/03\/\" \/>\n<meta property=\"og:locale\" content=\"pt_PT\" \/>\n<meta property=\"og:type\" content=\"article\" \/>\n<meta property=\"og:title\" content=\"UAlg sobe para a 6\u00aa posi\u00e7\u00e3o a n\u00edvel nacional no U-Multirank - Algarve 7\" \/>\n<meta property=\"og:description\" content=\"UAlg sobe para a 6\u00aa posi\u00e7\u00e3o a n\u00edvel nacional no U-Multirank Educa\u00e7\u00e3o\" \/>\n<meta property=\"og:url\" content=\"https:\/\/algarve7.pt\/index.php\/2022\/06\/ualg-sobe-para-a-6a-posicao-a-nivel-nacional-no-u-multirank\/educacao\/11\/03\/\" \/>\n<meta property=\"og:site_name\" content=\"Algarve 7\" \/>\n<meta property=\"article:publisher\" content=\"https:\/\/www.facebook.com\/algarve7\" \/>\n<meta property=\"article:author\" content=\"https:\/\/www.facebook.com\/algarve7\" \/>\n<meta property=\"article:published_time\" content=\"2022-06-24T10:03:00+00:00\" \/>\n<meta property=\"og:image\" content=\"https:\/\/algarve7.pt\/wp-content\/uploads\/2022\/06\/primage_62469.jpg\" \/>\n\t<meta property=\"og:image:width\" content=\"2560\" \/>\n\t<meta property=\"og:image:height\" content=\"1440\" \/>\n\t<meta property=\"og:image:type\" content=\"image\/jpeg\" \/>\n<meta name=\"author\" content=\"Algarve 7\" \/>\n<meta name=\"twitter:card\" content=\"summary_large_image\" \/>\n<meta name=\"twitter:creator\" content=\"@Algarvesete\" \/>\n<meta name=\"twitter:site\" content=\"@Algarvesete\" \/>\n<meta name=\"twitter:label1\" content=\"Escrito por\" \/>\n\t<meta name=\"twitter:data1\" content=\"Algarve 7\" \/>\n\t<meta name=\"twitter:label2\" content=\"Tempo estimado de leitura\" \/>\n\t<meta name=\"twitter:data2\" content=\"2 minutos\" \/>\n<script type=\"application\/ld+json\" class=\"yoast-schema-graph\">{\"@context\":\"https:\\\/\\\/schema.org\",\"@graph\":[{\"@type\":\"Article\",\"@id\":\"https:\\\/\\\/algarve7.pt\\\/index.php\\\/2022\\\/06\\\/ualg-sobe-para-a-6a-posicao-a-nivel-nacional-no-u-multirank\\\/educacao\\\/11\\\/03\\\/#article\",\"isPartOf\":{\"@id\":\"https:\\\/\\\/algarve7.pt\\\/index.php\\\/2022\\\/06\\\/ualg-sobe-para-a-6a-posicao-a-nivel-nacional-no-u-multirank\\\/educacao\\\/11\\\/03\\\/\"},\"author\":{\"name\":\"Algarve 7\",\"@id\":\"https:\\\/\\\/algarve7.pt\\\/#\\\/schema\\\/person\\\/23fa70681308e7b319a3204bcea45e0c\"},\"headline\":\"UAlg sobe para a 6\u00aa posi\u00e7\u00e3o a n\u00edvel nacional no U-Multirank\",\"datePublished\":\"2022-06-24T10:03:00+00:00\",\"mainEntityOfPage\":{\"@id\":\"https:\\\/\\\/algarve7.pt\\\/index.php\\\/2022\\\/06\\\/ualg-sobe-para-a-6a-posicao-a-nivel-nacional-no-u-multirank\\\/educacao\\\/11\\\/03\\\/\"},\"wordCount\":244,\"publisher\":{\"@id\":\"https:\\\/\\\/algarve7.pt\\\/#organization\"},\"image\":{\"@id\":\"https:\\\/\\\/algarve7.pt\\\/index.php\\\/2022\\\/06\\\/ualg-sobe-para-a-6a-posicao-a-nivel-nacional-no-u-multirank\\\/educacao\\\/11\\\/03\\\/#primaryimage\"},\"thumbnailUrl\":\"https:\\\/\\\/algarve7.pt\\\/wp-content\\\/uploads\\\/2022\\\/06\\\/primage_62469.jpg\",\"keywords\":[\"Algarve\",\"Educa\u00e7\u00e3o\",\"UALG\"],\"articleSection\":[\"Educa\u00e7\u00e3o\"],\"inLanguage\":\"pt-PT\"},{\"@type\":\"WebPage\",\"@id\":\"https:\\\/\\\/algarve7.pt\\\/index.php\\\/2022\\\/06\\\/ualg-sobe-para-a-6a-posicao-a-nivel-nacional-no-u-multirank\\\/educacao\\\/11\\\/03\\\/\",\"url\":\"https:\\\/\\\/algarve7.pt\\\/index.php\\\/2022\\\/06\\\/ualg-sobe-para-a-6a-posicao-a-nivel-nacional-no-u-multirank\\\/educacao\\\/11\\\/03\\\/\",\"name\":\"UAlg sobe para a 6\u00aa posi\u00e7\u00e3o a n\u00edvel nacional no U-Multirank - Algarve 7\",\"isPartOf\":{\"@id\":\"https:\\\/\\\/algarve7.pt\\\/#website\"},\"primaryImageOfPage\":{\"@id\":\"https:\\\/\\\/algarve7.pt\\\/index.php\\\/2022\\\/06\\\/ualg-sobe-para-a-6a-posicao-a-nivel-nacional-no-u-multirank\\\/educacao\\\/11\\\/03\\\/#primaryimage\"},\"image\":{\"@id\":\"https:\\\/\\\/algarve7.pt\\\/index.php\\\/2022\\\/06\\\/ualg-sobe-para-a-6a-posicao-a-nivel-nacional-no-u-multirank\\\/educacao\\\/11\\\/03\\\/#primaryimage\"},\"thumbnailUrl\":\"https:\\\/\\\/algarve7.pt\\\/wp-content\\\/uploads\\\/2022\\\/06\\\/primage_62469.jpg\",\"datePublished\":\"2022-06-24T10:03:00+00:00\",\"description\":\"UAlg sobe para a 6\u00aa posi\u00e7\u00e3o a n\u00edvel nacional no U-Multirank Educa\u00e7\u00e3o\",\"breadcrumb\":{\"@id\":\"https:\\\/\\\/algarve7.pt\\\/index.php\\\/2022\\\/06\\\/ualg-sobe-para-a-6a-posicao-a-nivel-nacional-no-u-multirank\\\/educacao\\\/11\\\/03\\\/#breadcrumb\"},\"inLanguage\":\"pt-PT\",\"potentialAction\":[{\"@type\":\"ReadAction\",\"target\":[\"https:\\\/\\\/algarve7.pt\\\/index.php\\\/2022\\\/06\\\/ualg-sobe-para-a-6a-posicao-a-nivel-nacional-no-u-multirank\\\/educacao\\\/11\\\/03\\\/\"]}]},{\"@type\":\"ImageObject\",\"inLanguage\":\"pt-PT\",\"@id\":\"https:\\\/\\\/algarve7.pt\\\/index.php\\\/2022\\\/06\\\/ualg-sobe-para-a-6a-posicao-a-nivel-nacional-no-u-multirank\\\/educacao\\\/11\\\/03\\\/#primaryimage\",\"url\":\"https:\\\/\\\/algarve7.pt\\\/wp-content\\\/uploads\\\/2022\\\/06\\\/primage_62469.jpg\",\"contentUrl\":\"https:\\\/\\\/algarve7.pt\\\/wp-content\\\/uploads\\\/2022\\\/06\\\/primage_62469.jpg\",\"width\":2560,\"height\":1440},{\"@type\":\"BreadcrumbList\",\"@id\":\"https:\\\/\\\/algarve7.pt\\\/index.php\\\/2022\\\/06\\\/ualg-sobe-para-a-6a-posicao-a-nivel-nacional-no-u-multirank\\\/educacao\\\/11\\\/03\\\/#breadcrumb\",\"itemListElement\":[{\"@type\":\"ListItem\",\"position\":1,\"name\":\"In\u00edcio\",\"item\":\"https:\\\/\\\/algarve7.pt\\\/\"},{\"@type\":\"ListItem\",\"position\":2,\"name\":\"UAlg sobe para a 6\u00aa posi\u00e7\u00e3o a n\u00edvel nacional no U-Multirank\"}]},{\"@type\":\"WebSite\",\"@id\":\"https:\\\/\\\/algarve7.pt\\\/#website\",\"url\":\"https:\\\/\\\/algarve7.pt\\\/\",\"name\":\"Algarve 7\",\"description\":\"Informa\u00e7\u00e3o sobre o Algarve\",\"publisher\":{\"@id\":\"https:\\\/\\\/algarve7.pt\\\/#organization\"},\"potentialAction\":[{\"@type\":\"SearchAction\",\"target\":{\"@type\":\"EntryPoint\",\"urlTemplate\":\"https:\\\/\\\/algarve7.pt\\\/?s={search_term_string}\"},\"query-input\":{\"@type\":\"PropertyValueSpecification\",\"valueRequired\":true,\"valueName\":\"search_term_string\"}}],\"inLanguage\":\"pt-PT\"},{\"@type\":\"Organization\",\"@id\":\"https:\\\/\\\/algarve7.pt\\\/#organization\",\"name\":\"Algarve 7\",\"url\":\"https:\\\/\\\/algarve7.pt\\\/\",\"logo\":{\"@type\":\"ImageObject\",\"inLanguage\":\"pt-PT\",\"@id\":\"https:\\\/\\\/algarve7.pt\\\/#\\\/schema\\\/logo\\\/image\\\/\",\"url\":\"https:\\\/\\\/algarve7.pt\\\/wp-content\\\/uploads\\\/2020\\\/10\\\/Logo-8.jpg\",\"contentUrl\":\"https:\\\/\\\/algarve7.pt\\\/wp-content\\\/uploads\\\/2020\\\/10\\\/Logo-8.jpg\",\"width\":1680,\"height\":1186,\"caption\":\"Algarve 7\"},\"image\":{\"@id\":\"https:\\\/\\\/algarve7.pt\\\/#\\\/schema\\\/logo\\\/image\\\/\"},\"sameAs\":[\"https:\\\/\\\/www.facebook.com\\\/algarve7\",\"https:\\\/\\\/x.com\\\/Algarvesete\",\"https:\\\/\\\/www.instagram.com\\\/jornalalgarve7\\\/\",\"https:\\\/\\\/www.linkedin.com\\\/company\\\/algarve7\",\"https:\\\/\\\/www.pinterest.pt\\\/geral0939\\\/_created\\\/\"]},{\"@type\":\"Person\",\"@id\":\"https:\\\/\\\/algarve7.pt\\\/#\\\/schema\\\/person\\\/23fa70681308e7b319a3204bcea45e0c\",\"name\":\"Algarve 7\",\"sameAs\":[\"https:\\\/\\\/algarve7.pt\",\"https:\\\/\\\/www.facebook.com\\\/algarve7\"],\"url\":\"https:\\\/\\\/algarve7.pt\\\/index.php\\\/author\\\/geralalgarve7-pt\\\/\"}]}<\/script>\n<!-- \/ Yoast SEO plugin. -->","yoast_head_json":{"title":"UAlg sobe para a 6\u00aa posi\u00e7\u00e3o a n\u00edvel nacional no U-Multirank - Algarve 7","description":"UAlg sobe para a 6\u00aa posi\u00e7\u00e3o a n\u00edvel nacional no U-Multirank Educa\u00e7\u00e3o","robots":{"index":"index","follow":"follow","max-snippet":"max-snippet:-1","max-image-preview":"max-image-preview:large","max-video-preview":"max-video-preview:-1"},"canonical":"https:\/\/algarve7.pt\/index.php\/2022\/06\/ualg-sobe-para-a-6a-posicao-a-nivel-nacional-no-u-multirank\/educacao\/11\/03\/","og_locale":"pt_PT","og_type":"article","og_title":"UAlg sobe para a 6\u00aa posi\u00e7\u00e3o a n\u00edvel nacional no U-Multirank - Algarve 7","og_description":"UAlg sobe para a 6\u00aa posi\u00e7\u00e3o a n\u00edvel nacional no U-Multirank Educa\u00e7\u00e3o","og_url":"https:\/\/algarve7.pt\/index.php\/2022\/06\/ualg-sobe-para-a-6a-posicao-a-nivel-nacional-no-u-multirank\/educacao\/11\/03\/","og_site_name":"Algarve 7","article_publisher":"https:\/\/www.facebook.com\/algarve7","article_author":"https:\/\/www.facebook.com\/algarve7","article_published_time":"2022-06-24T10:03:00+00:00","og_image":[{"width":2560,"height":1440,"url":"https:\/\/algarve7.pt\/wp-content\/uploads\/2022\/06\/primage_62469.jpg","type":"image\/jpeg"}],"author":"Algarve 7","twitter_card":"summary_large_image","twitter_creator":"@Algarvesete","twitter_site":"@Algarvesete","twitter_misc":{"Escrito por":"Algarve 7","Tempo estimado de leitura":"2 minutos"},"schema":{"@context":"https:\/\/schema.org","@graph":[{"@type":"Article","@id":"https:\/\/algarve7.pt\/index.php\/2022\/06\/ualg-sobe-para-a-6a-posicao-a-nivel-nacional-no-u-multirank\/educacao\/11\/03\/#article","isPartOf":{"@id":"https:\/\/algarve7.pt\/index.php\/2022\/06\/ualg-sobe-para-a-6a-posicao-a-nivel-nacional-no-u-multirank\/educacao\/11\/03\/"},"author":{"name":"Algarve 7","@id":"https:\/\/algarve7.pt\/#\/schema\/person\/23fa70681308e7b319a3204bcea45e0c"},"headline":"UAlg sobe para a 6\u00aa posi\u00e7\u00e3o a n\u00edvel nacional no U-Multirank","datePublished":"2022-06-24T10:03:00+00:00","mainEntityOfPage":{"@id":"https:\/\/algarve7.pt\/index.php\/2022\/06\/ualg-sobe-para-a-6a-posicao-a-nivel-nacional-no-u-multirank\/educacao\/11\/03\/"},"wordCount":244,"publisher":{"@id":"https:\/\/algarve7.pt\/#organization"},"image":{"@id":"https:\/\/algarve7.pt\/index.php\/2022\/06\/ualg-sobe-para-a-6a-posicao-a-nivel-nacional-no-u-multirank\/educacao\/11\/03\/#primaryimage"},"thumbnailUrl":"https:\/\/algarve7.pt\/wp-content\/uploads\/2022\/06\/primage_62469.jpg","keywords":["Algarve","Educa\u00e7\u00e3o","UALG"],"articleSection":["Educa\u00e7\u00e3o"],"inLanguage":"pt-PT"},{"@type":"WebPage","@id":"https:\/\/algarve7.pt\/index.php\/2022\/06\/ualg-sobe-para-a-6a-posicao-a-nivel-nacional-no-u-multirank\/educacao\/11\/03\/","url":"https:\/\/algarve7.pt\/index.php\/2022\/06\/ualg-sobe-para-a-6a-posicao-a-nivel-nacional-no-u-multirank\/educacao\/11\/03\/","name":"UAlg sobe para a 6\u00aa posi\u00e7\u00e3o a n\u00edvel nacional no U-Multirank - Algarve 7","isPartOf":{"@id":"https:\/\/algarve7.pt\/#website"},"primaryImageOfPage":{"@id":"https:\/\/algarve7.pt\/index.php\/2022\/06\/ualg-sobe-para-a-6a-posicao-a-nivel-nacional-no-u-multirank\/educacao\/11\/03\/#primaryimage"},"image":{"@id":"https:\/\/algarve7.pt\/index.php\/2022\/06\/ualg-sobe-para-a-6a-posicao-a-nivel-nacional-no-u-multirank\/educacao\/11\/03\/#primaryimage"},"thumbnailUrl":"https:\/\/algarve7.pt\/wp-content\/uploads\/2022\/06\/primage_62469.jpg","datePublished":"2022-06-24T10:03:00+00:00","description":"UAlg sobe para a 6\u00aa posi\u00e7\u00e3o a n\u00edvel nacional no U-Multirank Educa\u00e7\u00e3o","breadcrumb":{"@id":"https:\/\/algarve7.pt\/index.php\/2022\/06\/ualg-sobe-para-a-6a-posicao-a-nivel-nacional-no-u-multirank\/educacao\/11\/03\/#breadcrumb"},"inLanguage":"pt-PT","potentialAction":[{"@type":"ReadAction","target":["https:\/\/algarve7.pt\/index.php\/2022\/06\/ualg-sobe-para-a-6a-posicao-a-nivel-nacional-no-u-multirank\/educacao\/11\/03\/"]}]},{"@type":"ImageObject","inLanguage":"pt-PT","@id":"https:\/\/algarve7.pt\/index.php\/2022\/06\/ualg-sobe-para-a-6a-posicao-a-nivel-nacional-no-u-multirank\/educacao\/11\/03\/#primaryimage","url":"https:\/\/algarve7.pt\/wp-content\/uploads\/2022\/06\/primage_62469.jpg","contentUrl":"https:\/\/algarve7.pt\/wp-content\/uploads\/2022\/06\/primage_62469.jpg","width":2560,"height":1440},{"@type":"BreadcrumbList","@id":"https:\/\/algarve7.pt\/index.php\/2022\/06\/ualg-sobe-para-a-6a-posicao-a-nivel-nacional-no-u-multirank\/educacao\/11\/03\/#breadcrumb","itemListElement":[{"@type":"ListItem","position":1,"name":"In\u00edcio","item":"https:\/\/algarve7.pt\/"},{"@type":"ListItem","position":2,"name":"UAlg sobe para a 6\u00aa posi\u00e7\u00e3o a n\u00edvel nacional no U-Multirank"}]},{"@type":"WebSite","@id":"https:\/\/algarve7.pt\/#website","url":"https:\/\/algarve7.pt\/","name":"Algarve 7","description":"Informa\u00e7\u00e3o sobre o Algarve","publisher":{"@id":"https:\/\/algarve7.pt\/#organization"},"potentialAction":[{"@type":"SearchAction","target":{"@type":"EntryPoint","urlTemplate":"https:\/\/algarve7.pt\/?s={search_term_string}"},"query-input":{"@type":"PropertyValueSpecification","valueRequired":true,"valueName":"search_term_string"}}],"inLanguage":"pt-PT"},{"@type":"Organization","@id":"https:\/\/algarve7.pt\/#organization","name":"Algarve 7","url":"https:\/\/algarve7.pt\/","logo":{"@type":"ImageObject","inLanguage":"pt-PT","@id":"https:\/\/algarve7.pt\/#\/schema\/logo\/image\/","url":"https:\/\/algarve7.pt\/wp-content\/uploads\/2020\/10\/Logo-8.jpg","contentUrl":"https:\/\/algarve7.pt\/wp-content\/uploads\/2020\/10\/Logo-8.jpg","width":1680,"height":1186,"caption":"Algarve 7"},"image":{"@id":"https:\/\/algarve7.pt\/#\/schema\/logo\/image\/"},"sameAs":["https:\/\/www.facebook.com\/algarve7","https:\/\/x.com\/Algarvesete","https:\/\/www.instagram.com\/jornalalgarve7\/","https:\/\/www.linkedin.com\/company\/algarve7","https:\/\/www.pinterest.pt\/geral0939\/_created\/"]},{"@type":"Person","@id":"https:\/\/algarve7.pt\/#\/schema\/person\/23fa70681308e7b319a3204bcea45e0c","name":"Algarve 7","sameAs":["https:\/\/algarve7.pt","https:\/\/www.facebook.com\/algarve7"],"url":"https:\/\/algarve7.pt\/index.php\/author\/geralalgarve7-pt\/"}]}},"jetpack_publicize_connections":[],"jetpack_featured_media_url":"https:\/\/algarve7.pt\/wp-content\/uploads\/2022\/06\/primage_62469.jpg","jetpack_shortlink":"https:\/\/wp.me\/pcezmW-57j","jetpack_sharing_enabled":true,"_links":{"self":[{"href":"https:\/\/algarve7.pt\/index.php\/wp-json\/wp\/v2\/posts\/19673","targetHints":{"allow":["GET"]}}],"collection":[{"href":"https:\/\/algarve7.pt\/index.php\/wp-json\/wp\/v2\/posts"}],"about":[{"href":"https:\/\/algarve7.pt\/index.php\/wp-json\/wp\/v2\/types\/post"}],"author":[{"embeddable":true,"href":"https:\/\/algarve7.pt\/index.php\/wp-json\/wp\/v2\/users\/1"}],"replies":[{"embeddable":true,"href":"https:\/\/algarve7.pt\/index.php\/wp-json\/wp\/v2\/comments?post=19673"}],"version-history":[{"count":0,"href":"https:\/\/algarve7.pt\/index.php\/wp-json\/wp\/v2\/posts\/19673\/revisions"}],"wp:featuredmedia":[{"embeddable":true,"href":"https:\/\/algarve7.pt\/index.php\/wp-json\/wp\/v2\/media\/19674"}],"wp:attachment":[{"href":"https:\/\/algarve7.pt\/index.php\/wp-json\/wp\/v2\/media?parent=19673"}],"wp:term":[{"taxonomy":"category","embeddable":true,"href":"https:\/\/algarve7.pt\/index.php\/wp-json\/wp\/v2\/categories?post=19673"},{"taxonomy":"post_tag","embeddable":true,"href":"https:\/\/algarve7.pt\/index.php\/wp-json\/wp\/v2\/tags?post=19673"}],"curies":[{"name":"wp","href":"https:\/\/api.w.org\/{rel}","templated":true}]}}