{"id":19576,"date":"2022-06-20T14:00:00","date_gmt":"2022-06-20T13:00:00","guid":{"rendered":"https:\/\/algarve7.pt\/?p=19576"},"modified":"2022-06-20T12:22:08","modified_gmt":"2022-06-20T11:22:08","slug":"no-dia-da-cidade-de-olhao-o-autarca-deixou-uma-nota-de-otimismo-para-o-futuro","status":"publish","type":"post","link":"https:\/\/algarve7.pt\/index.php\/2022\/06\/no-dia-da-cidade-de-olhao-o-autarca-deixou-uma-nota-de-otimismo-para-o-futuro\/atualidade\/14\/00\/","title":{"rendered":"No Dia da Cidade de Olh\u00e3o o autarca deixou uma nota de otimismo para o futuro"},"content":{"rendered":"\n<p>A capacidade de luta, a criatividade e a persist\u00eancia dos olhanenses foram colocadas em evid\u00eancia esta quinta feira, 16 de junho, pelo presidente da autarquia, Ant\u00f3nio Miguel Pina, nas comemora\u00e7\u00f5es de mais um Dia da Cidade.<\/p>\n\n\n\n<p>Apesar dos desafios financeiros e sociais colocados pela pandemia e, mais recentemente, pela guerra na Ucr\u00e2nia, o autarca fez quest\u00e3o de deixar uma nota de otimismo para o futuro e de demonstrar a disponibilidade para \u201credefinir metas, desacelerar nos investimos previstos e reorganizar prioridades, nomeadamente nas obras p\u00fablicas\u201d, de acordo com a evolu\u00e7\u00e3o da situa\u00e7\u00e3o nacional e internacional.<\/p>\n\n\n\n<p>No seu discurso, Ant\u00f3nio Miguel Pina apontou que, por serem as estruturas que mais perto est\u00e3o dos cidad\u00e3os, as c\u00e2maras municipais s\u00e3o, porventura, as que mais t\u00eam sentido os efeitos destas conting\u00eancias nas vidas das pessoas, mas tamb\u00e9m nos pr\u00f3prios or\u00e7amentos: a escalada nos pre\u00e7os das mat\u00e9rias-primas, da energia e dos combust\u00edveis pode vir a significar, de acordo com o edil, um aumento da despesa de mais de 1,5 milh\u00f5es de euros.<\/p>\n\n\n\n<p>Apesar da incerteza dos tempos atuais, garante o l\u00edder da autarquia, \u201cn\u00e3o podemos perder de vista aqueles que s\u00e3o os desafios do desenvolvimento do nosso concelho: criar condi\u00e7\u00f5es para a fixa\u00e7\u00e3o de empresas que, por sua vez, ir\u00e3o criar empregabilidade, apoio \u00e0 inf\u00e2ncia e \u00e0 juventude e apoio \u00e0 habita\u00e7\u00e3o\u201d.<\/p>\n\n\n\n<p>Estes foram, de resto, os pilares que presidiram \u00e0 escolha de um conjunto de obras que receberam a visita da comitiva no Dia da Cidade.<\/p>\n\n\n\n<p>A primeira paragem foi na Rua Ant\u00f3nio Henrique Cabrita, onde decorre a bom ritmo a constru\u00e7\u00e3o dos 54 fogos da primeira fase da habita\u00e7\u00e3o a custos controlados.<\/p>\n\n\n\n<p>A segunda fase contempla a constru\u00e7\u00e3o de mais 288 fogos de habita\u00e7\u00e3o e 30 espa\u00e7os comerciais nos terrenos da antiga Litografia, na Avenida Sporting Clube Olhanense, e dever\u00e1 avan\u00e7ar no terreno j\u00e1 no primeiro trimestre do pr\u00f3ximo ano.<\/p>\n\n\n\n<p>\u201cCom estes investimentos, estamos a criar condi\u00e7\u00f5es que proporcionem a todos a possibilidade de adquirirem a sua habita\u00e7\u00e3o a custos razo\u00e1veis, que caibam dentro dos or\u00e7amentos das fam\u00edlias\u201d, referiu, no local, o presidente da autarquia, a prop\u00f3sito desta aposta municipal na habita\u00e7\u00e3o.<\/p>\n\n\n\n<p>Ant\u00f3nio Miguel Pina anunciou, ainda, que se encontra em negocia\u00e7\u00f5es para adquirir terrenos em todas as freguesias do concelho para que, nos pr\u00f3ximos 6 anos, sejam contru\u00eddas mais 300 casas.<\/p>\n\n\n\n<p>J\u00e1 para ilustrar o investimento que se encontra a ser feito no parque escolar do concelho, foi escolhida a Escola EB1\/JI N.\u00ba 4, que est\u00e1 a ser alvo de um projeto de requalifica\u00e7\u00e3o profundo, or\u00e7ado em cerca de 1,6 milh\u00f5es de euros. A interven\u00e7\u00e3o dever\u00e1 ficar conclu\u00edda at\u00e9 maio de 2023 e \u201crepresenta uma fatia dos mais de 8 milh\u00f5es de euros que estamos a investir no parque escolar\u201d, sublinhou Ant\u00f3nio Miguel Pina.<\/p>\n\n\n\n<p>O p\u00e9riplo por algumas das obras fundamentais que se encontram a decorrer terminou com uma passagem pela Avenida 16 de Junho, um investimento de 1,85 milh\u00f5es de euros que vai dotar a cidade de mais cerca de 700 metros de zona privilegiada de contacto com a ria Formosa.<\/p>\n\n\n\n<p>\u201cVamos catapultar toda esta \u00e1rea, que vai deixar de ser uma zona p\u00f3s-industrial para passar a ser mais uma zona nobre da cidade, para um novo patamar de qualidade de vida\u201d, assegurou o autarca, que aproveitou para real\u00e7ar o esfor\u00e7o que foi feito para disponibilizar naquela zona, j\u00e1 este ver\u00e3o, 350 lugares de estacionamento.<\/p>\n\n\n\n<p>O Dia da Cidade de Olh\u00e3o ficou, tamb\u00e9m marcado pelo lan\u00e7amento de um conjunto de ferramentas digitais que v\u00eam estreitar e facilitar o contacto entre mun\u00edcipes e visitantes e as diversas estruturas do universo aut\u00e1rquico.<\/p>\n\n\n\n<p>Foi apresentado o novo portal aut\u00e1rquico (www.cm-olhao.pt), que congrega os <em>sites<\/em> dos principais servi\u00e7os e empresas municipais, tornando o acesso mais \u00e1gil e mais moderno, ao mesmo tempo que permite aos mun\u00edcipes tratarem dos mais diversos assuntos <em>online<\/em>.<\/p>\n\n\n\n<p>Outra novidade \u00e9 o Centro de Gest\u00e3o de Ocorr\u00eancias (ocorrencias.cm-olhao.pt), um portal <em>online<\/em> que permite aos cidad\u00e3os reportarem, de uma forma f\u00e1cil e intuitiva, qualquer situa\u00e7\u00e3o an\u00f3mala que se verifique no concelho, permitindo aos servi\u00e7os de manuten\u00e7\u00e3o atuar em tempo \u00fatil.<\/p>\n\n\n\n<p>Estas duas ferramentas vieram juntar-se \u00e0 <em>app<\/em> VisitOlh\u00e3o, que coloca \u00e0 disposi\u00e7\u00e3o de olhanenses e visitantes toda a informa\u00e7\u00e3o sobre o concelho, seja ela tur\u00edstica, econ\u00f3mica, ou cultural.<\/p>\n\n\n\n<p>No Dia da Cidade, houve, ainda, lugar para a habitual homenagem aos Her\u00f3is da Restaura\u00e7\u00e3o de 1808 e para a inaugura\u00e7\u00e3o da est\u00e1tua do Pescador Olhanense. A pe\u00e7a de arte urbana est\u00e1 patente no Jardim Pescador Olhanense.<\/p>\n\n\n\n<p>Quanto aos funcion\u00e1rios que completaram 25 anos ao servi\u00e7o da autarquia, a distinguida este ano foi Maria Laureta Pacheco.<\/p>\n\n\n\n<p>Como j\u00e1 vem sendo h\u00e1bito, a autarquia voltou a atribuir os pr\u00e9mios de m\u00e9rito escolar referentes ao \u00faltimo ano letivo. Foram contemplados Jo\u00e3o Tiago Santana (10.\u00ba ano), Alice Navalho (11.\u00ba ano), Lara Brito (12.\u00ba ano) e Arianny Aguiar (cursos profissionais).<\/p>\n\n\n\n<p>Quanto \u00e0 anima\u00e7\u00e3o, subiram ao palco das Festas da Cidade Fernando Leal, DJ Tecnick e Romana (dia 15) e M90 e Xutos &amp; Pontap\u00e9s (dia 16).<\/p>\n\n\n\n<p>Foto: Jorge Gomes (Click Time Photo\u00ae\u00a9)<\/p>\n","protected":false},"excerpt":{"rendered":"<p>A capacidade de luta, a criatividade e a persist\u00eancia dos olhanenses foram colocadas em evid\u00eancia esta quinta feira, 16 de<\/p>\n","protected":false},"author":1,"featured_media":19577,"comment_status":"closed","ping_status":"open","sticky":false,"template":"","format":"standard","meta":{"colormag_page_container_layout":"default_layout","colormag_page_sidebar_layout":"default_layout","_monsterinsights_skip_tracking":false,"_monsterinsights_sitenote_active":false,"_monsterinsights_sitenote_note":"","_monsterinsights_sitenote_category":0,"jetpack_post_was_ever_published":false,"_jetpack_newsletter_access":"","_jetpack_dont_email_post_to_subs":false,"_jetpack_newsletter_tier_id":0,"_jetpack_memberships_contains_paywalled_content":false,"_jetpack_memberships_contains_paid_content":false,"footnotes":"","jetpack_publicize_message":"","jetpack_publicize_feature_enabled":true,"jetpack_social_post_already_shared":true,"jetpack_social_options":{"image_generator_settings":{"template":"highway","default_image_id":0,"font":"","enabled":false},"version":2}},"categories":[11],"tags":[36,62,37],"class_list":["post-19576","post","type-post","status-publish","format-standard","has-post-thumbnail","hentry","category-atualidade","tag-algarve","tag-atualidade","tag-olhao"],"yoast_head":"<!-- This site is optimized with the Yoast SEO plugin v27.5 - https:\/\/yoast.com\/product\/yoast-seo-wordpress\/ -->\n<title>No Dia da Cidade de Olh\u00e3o o autarca deixou uma nota de otimismo para o futuro - Algarve 7<\/title>\n<meta name=\"description\" content=\"No Dia da Cidade de Olh\u00e3o o autarca deixou uma nota de otimismo para o futuro Atualidade\" \/>\n<meta name=\"robots\" content=\"index, follow, max-snippet:-1, max-image-preview:large, max-video-preview:-1\" \/>\n<link rel=\"canonical\" href=\"https:\/\/algarve7.pt\/index.php\/2022\/06\/no-dia-da-cidade-de-olhao-o-autarca-deixou-uma-nota-de-otimismo-para-o-futuro\/atualidade\/14\/00\/\" \/>\n<meta property=\"og:locale\" content=\"pt_PT\" \/>\n<meta property=\"og:type\" content=\"article\" \/>\n<meta property=\"og:title\" content=\"No Dia da Cidade de Olh\u00e3o o autarca deixou uma nota de otimismo para o futuro - Algarve 7\" \/>\n<meta property=\"og:description\" content=\"No Dia da Cidade de Olh\u00e3o o autarca deixou uma nota de otimismo para o futuro Atualidade\" \/>\n<meta property=\"og:url\" content=\"https:\/\/algarve7.pt\/index.php\/2022\/06\/no-dia-da-cidade-de-olhao-o-autarca-deixou-uma-nota-de-otimismo-para-o-futuro\/atualidade\/14\/00\/\" \/>\n<meta property=\"og:site_name\" content=\"Algarve 7\" \/>\n<meta property=\"article:publisher\" content=\"https:\/\/www.facebook.com\/algarve7\" \/>\n<meta property=\"article:author\" content=\"https:\/\/www.facebook.com\/algarve7\" \/>\n<meta property=\"article:published_time\" content=\"2022-06-20T13:00:00+00:00\" \/>\n<meta property=\"og:image\" content=\"https:\/\/algarve7.pt\/wp-content\/uploads\/2022\/06\/Dia-do-Municipio-de-Olha\u0303o-16-06-2022-82-scaled.jpg\" \/>\n\t<meta property=\"og:image:width\" content=\"2560\" \/>\n\t<meta property=\"og:image:height\" content=\"1706\" \/>\n\t<meta property=\"og:image:type\" content=\"image\/jpeg\" \/>\n<meta name=\"author\" content=\"Algarve 7\" \/>\n<meta name=\"twitter:card\" content=\"summary_large_image\" \/>\n<meta name=\"twitter:creator\" content=\"@Algarvesete\" \/>\n<meta name=\"twitter:site\" content=\"@Algarvesete\" \/>\n<meta name=\"twitter:label1\" content=\"Escrito por\" \/>\n\t<meta name=\"twitter:data1\" content=\"Algarve 7\" \/>\n\t<meta name=\"twitter:label2\" content=\"Tempo estimado de leitura\" \/>\n\t<meta name=\"twitter:data2\" content=\"5 minutos\" \/>\n<script type=\"application\/ld+json\" class=\"yoast-schema-graph\">{\"@context\":\"https:\\\/\\\/schema.org\",\"@graph\":[{\"@type\":\"Article\",\"@id\":\"https:\\\/\\\/algarve7.pt\\\/index.php\\\/2022\\\/06\\\/no-dia-da-cidade-de-olhao-o-autarca-deixou-uma-nota-de-otimismo-para-o-futuro\\\/atualidade\\\/14\\\/00\\\/#article\",\"isPartOf\":{\"@id\":\"https:\\\/\\\/algarve7.pt\\\/index.php\\\/2022\\\/06\\\/no-dia-da-cidade-de-olhao-o-autarca-deixou-uma-nota-de-otimismo-para-o-futuro\\\/atualidade\\\/14\\\/00\\\/\"},\"author\":{\"name\":\"Algarve 7\",\"@id\":\"https:\\\/\\\/algarve7.pt\\\/#\\\/schema\\\/person\\\/23fa70681308e7b319a3204bcea45e0c\"},\"headline\":\"No Dia da Cidade de Olh\u00e3o o autarca deixou uma nota de otimismo para o futuro\",\"datePublished\":\"2022-06-20T13:00:00+00:00\",\"mainEntityOfPage\":{\"@id\":\"https:\\\/\\\/algarve7.pt\\\/index.php\\\/2022\\\/06\\\/no-dia-da-cidade-de-olhao-o-autarca-deixou-uma-nota-de-otimismo-para-o-futuro\\\/atualidade\\\/14\\\/00\\\/\"},\"wordCount\":913,\"publisher\":{\"@id\":\"https:\\\/\\\/algarve7.pt\\\/#organization\"},\"image\":{\"@id\":\"https:\\\/\\\/algarve7.pt\\\/index.php\\\/2022\\\/06\\\/no-dia-da-cidade-de-olhao-o-autarca-deixou-uma-nota-de-otimismo-para-o-futuro\\\/atualidade\\\/14\\\/00\\\/#primaryimage\"},\"thumbnailUrl\":\"https:\\\/\\\/algarve7.pt\\\/wp-content\\\/uploads\\\/2022\\\/06\\\/Dia-do-Municipio-de-Olha\u0303o-16-06-2022-82-scaled.jpg\",\"keywords\":[\"Algarve\",\"Atualidade\",\"Olh\u00e3o\"],\"articleSection\":[\"Atualidade\"],\"inLanguage\":\"pt-PT\"},{\"@type\":\"WebPage\",\"@id\":\"https:\\\/\\\/algarve7.pt\\\/index.php\\\/2022\\\/06\\\/no-dia-da-cidade-de-olhao-o-autarca-deixou-uma-nota-de-otimismo-para-o-futuro\\\/atualidade\\\/14\\\/00\\\/\",\"url\":\"https:\\\/\\\/algarve7.pt\\\/index.php\\\/2022\\\/06\\\/no-dia-da-cidade-de-olhao-o-autarca-deixou-uma-nota-de-otimismo-para-o-futuro\\\/atualidade\\\/14\\\/00\\\/\",\"name\":\"No Dia da Cidade de Olh\u00e3o o autarca deixou uma nota de otimismo para o futuro - Algarve 7\",\"isPartOf\":{\"@id\":\"https:\\\/\\\/algarve7.pt\\\/#website\"},\"primaryImageOfPage\":{\"@id\":\"https:\\\/\\\/algarve7.pt\\\/index.php\\\/2022\\\/06\\\/no-dia-da-cidade-de-olhao-o-autarca-deixou-uma-nota-de-otimismo-para-o-futuro\\\/atualidade\\\/14\\\/00\\\/#primaryimage\"},\"image\":{\"@id\":\"https:\\\/\\\/algarve7.pt\\\/index.php\\\/2022\\\/06\\\/no-dia-da-cidade-de-olhao-o-autarca-deixou-uma-nota-de-otimismo-para-o-futuro\\\/atualidade\\\/14\\\/00\\\/#primaryimage\"},\"thumbnailUrl\":\"https:\\\/\\\/algarve7.pt\\\/wp-content\\\/uploads\\\/2022\\\/06\\\/Dia-do-Municipio-de-Olha\u0303o-16-06-2022-82-scaled.jpg\",\"datePublished\":\"2022-06-20T13:00:00+00:00\",\"description\":\"No Dia da Cidade de Olh\u00e3o o autarca deixou uma nota de otimismo para o futuro Atualidade\",\"breadcrumb\":{\"@id\":\"https:\\\/\\\/algarve7.pt\\\/index.php\\\/2022\\\/06\\\/no-dia-da-cidade-de-olhao-o-autarca-deixou-uma-nota-de-otimismo-para-o-futuro\\\/atualidade\\\/14\\\/00\\\/#breadcrumb\"},\"inLanguage\":\"pt-PT\",\"potentialAction\":[{\"@type\":\"ReadAction\",\"target\":[\"https:\\\/\\\/algarve7.pt\\\/index.php\\\/2022\\\/06\\\/no-dia-da-cidade-de-olhao-o-autarca-deixou-uma-nota-de-otimismo-para-o-futuro\\\/atualidade\\\/14\\\/00\\\/\"]}]},{\"@type\":\"ImageObject\",\"inLanguage\":\"pt-PT\",\"@id\":\"https:\\\/\\\/algarve7.pt\\\/index.php\\\/2022\\\/06\\\/no-dia-da-cidade-de-olhao-o-autarca-deixou-uma-nota-de-otimismo-para-o-futuro\\\/atualidade\\\/14\\\/00\\\/#primaryimage\",\"url\":\"https:\\\/\\\/algarve7.pt\\\/wp-content\\\/uploads\\\/2022\\\/06\\\/Dia-do-Municipio-de-Olha\u0303o-16-06-2022-82-scaled.jpg\",\"contentUrl\":\"https:\\\/\\\/algarve7.pt\\\/wp-content\\\/uploads\\\/2022\\\/06\\\/Dia-do-Municipio-de-Olha\u0303o-16-06-2022-82-scaled.jpg\",\"width\":2560,\"height\":1706},{\"@type\":\"BreadcrumbList\",\"@id\":\"https:\\\/\\\/algarve7.pt\\\/index.php\\\/2022\\\/06\\\/no-dia-da-cidade-de-olhao-o-autarca-deixou-uma-nota-de-otimismo-para-o-futuro\\\/atualidade\\\/14\\\/00\\\/#breadcrumb\",\"itemListElement\":[{\"@type\":\"ListItem\",\"position\":1,\"name\":\"In\u00edcio\",\"item\":\"https:\\\/\\\/algarve7.pt\\\/\"},{\"@type\":\"ListItem\",\"position\":2,\"name\":\"No Dia da Cidade de Olh\u00e3o o autarca deixou uma nota de otimismo para o futuro\"}]},{\"@type\":\"WebSite\",\"@id\":\"https:\\\/\\\/algarve7.pt\\\/#website\",\"url\":\"https:\\\/\\\/algarve7.pt\\\/\",\"name\":\"Algarve 7\",\"description\":\"Informa\u00e7\u00e3o sobre o Algarve\",\"publisher\":{\"@id\":\"https:\\\/\\\/algarve7.pt\\\/#organization\"},\"potentialAction\":[{\"@type\":\"SearchAction\",\"target\":{\"@type\":\"EntryPoint\",\"urlTemplate\":\"https:\\\/\\\/algarve7.pt\\\/?s={search_term_string}\"},\"query-input\":{\"@type\":\"PropertyValueSpecification\",\"valueRequired\":true,\"valueName\":\"search_term_string\"}}],\"inLanguage\":\"pt-PT\"},{\"@type\":\"Organization\",\"@id\":\"https:\\\/\\\/algarve7.pt\\\/#organization\",\"name\":\"Algarve 7\",\"url\":\"https:\\\/\\\/algarve7.pt\\\/\",\"logo\":{\"@type\":\"ImageObject\",\"inLanguage\":\"pt-PT\",\"@id\":\"https:\\\/\\\/algarve7.pt\\\/#\\\/schema\\\/logo\\\/image\\\/\",\"url\":\"https:\\\/\\\/algarve7.pt\\\/wp-content\\\/uploads\\\/2020\\\/10\\\/Logo-8.jpg\",\"contentUrl\":\"https:\\\/\\\/algarve7.pt\\\/wp-content\\\/uploads\\\/2020\\\/10\\\/Logo-8.jpg\",\"width\":1680,\"height\":1186,\"caption\":\"Algarve 7\"},\"image\":{\"@id\":\"https:\\\/\\\/algarve7.pt\\\/#\\\/schema\\\/logo\\\/image\\\/\"},\"sameAs\":[\"https:\\\/\\\/www.facebook.com\\\/algarve7\",\"https:\\\/\\\/x.com\\\/Algarvesete\",\"https:\\\/\\\/www.instagram.com\\\/jornalalgarve7\\\/\",\"https:\\\/\\\/www.linkedin.com\\\/company\\\/algarve7\",\"https:\\\/\\\/www.pinterest.pt\\\/geral0939\\\/_created\\\/\"]},{\"@type\":\"Person\",\"@id\":\"https:\\\/\\\/algarve7.pt\\\/#\\\/schema\\\/person\\\/23fa70681308e7b319a3204bcea45e0c\",\"name\":\"Algarve 7\",\"sameAs\":[\"https:\\\/\\\/algarve7.pt\",\"https:\\\/\\\/www.facebook.com\\\/algarve7\"],\"url\":\"https:\\\/\\\/algarve7.pt\\\/index.php\\\/author\\\/geralalgarve7-pt\\\/\"}]}<\/script>\n<!-- \/ Yoast SEO plugin. -->","yoast_head_json":{"title":"No Dia da Cidade de Olh\u00e3o o autarca deixou uma nota de otimismo para o futuro - Algarve 7","description":"No Dia da Cidade de Olh\u00e3o o autarca deixou uma nota de otimismo para o futuro Atualidade","robots":{"index":"index","follow":"follow","max-snippet":"max-snippet:-1","max-image-preview":"max-image-preview:large","max-video-preview":"max-video-preview:-1"},"canonical":"https:\/\/algarve7.pt\/index.php\/2022\/06\/no-dia-da-cidade-de-olhao-o-autarca-deixou-uma-nota-de-otimismo-para-o-futuro\/atualidade\/14\/00\/","og_locale":"pt_PT","og_type":"article","og_title":"No Dia da Cidade de Olh\u00e3o o autarca deixou uma nota de otimismo para o futuro - Algarve 7","og_description":"No Dia da Cidade de Olh\u00e3o o autarca deixou uma nota de otimismo para o futuro Atualidade","og_url":"https:\/\/algarve7.pt\/index.php\/2022\/06\/no-dia-da-cidade-de-olhao-o-autarca-deixou-uma-nota-de-otimismo-para-o-futuro\/atualidade\/14\/00\/","og_site_name":"Algarve 7","article_publisher":"https:\/\/www.facebook.com\/algarve7","article_author":"https:\/\/www.facebook.com\/algarve7","article_published_time":"2022-06-20T13:00:00+00:00","og_image":[{"width":2560,"height":1706,"url":"https:\/\/algarve7.pt\/wp-content\/uploads\/2022\/06\/Dia-do-Municipio-de-Olha\u0303o-16-06-2022-82-scaled.jpg","type":"image\/jpeg"}],"author":"Algarve 7","twitter_card":"summary_large_image","twitter_creator":"@Algarvesete","twitter_site":"@Algarvesete","twitter_misc":{"Escrito por":"Algarve 7","Tempo estimado de leitura":"5 minutos"},"schema":{"@context":"https:\/\/schema.org","@graph":[{"@type":"Article","@id":"https:\/\/algarve7.pt\/index.php\/2022\/06\/no-dia-da-cidade-de-olhao-o-autarca-deixou-uma-nota-de-otimismo-para-o-futuro\/atualidade\/14\/00\/#article","isPartOf":{"@id":"https:\/\/algarve7.pt\/index.php\/2022\/06\/no-dia-da-cidade-de-olhao-o-autarca-deixou-uma-nota-de-otimismo-para-o-futuro\/atualidade\/14\/00\/"},"author":{"name":"Algarve 7","@id":"https:\/\/algarve7.pt\/#\/schema\/person\/23fa70681308e7b319a3204bcea45e0c"},"headline":"No Dia da Cidade de Olh\u00e3o o autarca deixou uma nota de otimismo para o futuro","datePublished":"2022-06-20T13:00:00+00:00","mainEntityOfPage":{"@id":"https:\/\/algarve7.pt\/index.php\/2022\/06\/no-dia-da-cidade-de-olhao-o-autarca-deixou-uma-nota-de-otimismo-para-o-futuro\/atualidade\/14\/00\/"},"wordCount":913,"publisher":{"@id":"https:\/\/algarve7.pt\/#organization"},"image":{"@id":"https:\/\/algarve7.pt\/index.php\/2022\/06\/no-dia-da-cidade-de-olhao-o-autarca-deixou-uma-nota-de-otimismo-para-o-futuro\/atualidade\/14\/00\/#primaryimage"},"thumbnailUrl":"https:\/\/algarve7.pt\/wp-content\/uploads\/2022\/06\/Dia-do-Municipio-de-Olha\u0303o-16-06-2022-82-scaled.jpg","keywords":["Algarve","Atualidade","Olh\u00e3o"],"articleSection":["Atualidade"],"inLanguage":"pt-PT"},{"@type":"WebPage","@id":"https:\/\/algarve7.pt\/index.php\/2022\/06\/no-dia-da-cidade-de-olhao-o-autarca-deixou-uma-nota-de-otimismo-para-o-futuro\/atualidade\/14\/00\/","url":"https:\/\/algarve7.pt\/index.php\/2022\/06\/no-dia-da-cidade-de-olhao-o-autarca-deixou-uma-nota-de-otimismo-para-o-futuro\/atualidade\/14\/00\/","name":"No Dia da Cidade de Olh\u00e3o o autarca deixou uma nota de otimismo para o futuro - Algarve 7","isPartOf":{"@id":"https:\/\/algarve7.pt\/#website"},"primaryImageOfPage":{"@id":"https:\/\/algarve7.pt\/index.php\/2022\/06\/no-dia-da-cidade-de-olhao-o-autarca-deixou-uma-nota-de-otimismo-para-o-futuro\/atualidade\/14\/00\/#primaryimage"},"image":{"@id":"https:\/\/algarve7.pt\/index.php\/2022\/06\/no-dia-da-cidade-de-olhao-o-autarca-deixou-uma-nota-de-otimismo-para-o-futuro\/atualidade\/14\/00\/#primaryimage"},"thumbnailUrl":"https:\/\/algarve7.pt\/wp-content\/uploads\/2022\/06\/Dia-do-Municipio-de-Olha\u0303o-16-06-2022-82-scaled.jpg","datePublished":"2022-06-20T13:00:00+00:00","description":"No Dia da Cidade de Olh\u00e3o o autarca deixou uma nota de otimismo para o futuro Atualidade","breadcrumb":{"@id":"https:\/\/algarve7.pt\/index.php\/2022\/06\/no-dia-da-cidade-de-olhao-o-autarca-deixou-uma-nota-de-otimismo-para-o-futuro\/atualidade\/14\/00\/#breadcrumb"},"inLanguage":"pt-PT","potentialAction":[{"@type":"ReadAction","target":["https:\/\/algarve7.pt\/index.php\/2022\/06\/no-dia-da-cidade-de-olhao-o-autarca-deixou-uma-nota-de-otimismo-para-o-futuro\/atualidade\/14\/00\/"]}]},{"@type":"ImageObject","inLanguage":"pt-PT","@id":"https:\/\/algarve7.pt\/index.php\/2022\/06\/no-dia-da-cidade-de-olhao-o-autarca-deixou-uma-nota-de-otimismo-para-o-futuro\/atualidade\/14\/00\/#primaryimage","url":"https:\/\/algarve7.pt\/wp-content\/uploads\/2022\/06\/Dia-do-Municipio-de-Olha\u0303o-16-06-2022-82-scaled.jpg","contentUrl":"https:\/\/algarve7.pt\/wp-content\/uploads\/2022\/06\/Dia-do-Municipio-de-Olha\u0303o-16-06-2022-82-scaled.jpg","width":2560,"height":1706},{"@type":"BreadcrumbList","@id":"https:\/\/algarve7.pt\/index.php\/2022\/06\/no-dia-da-cidade-de-olhao-o-autarca-deixou-uma-nota-de-otimismo-para-o-futuro\/atualidade\/14\/00\/#breadcrumb","itemListElement":[{"@type":"ListItem","position":1,"name":"In\u00edcio","item":"https:\/\/algarve7.pt\/"},{"@type":"ListItem","position":2,"name":"No Dia da Cidade de Olh\u00e3o o autarca deixou uma nota de otimismo para o futuro"}]},{"@type":"WebSite","@id":"https:\/\/algarve7.pt\/#website","url":"https:\/\/algarve7.pt\/","name":"Algarve 7","description":"Informa\u00e7\u00e3o sobre o Algarve","publisher":{"@id":"https:\/\/algarve7.pt\/#organization"},"potentialAction":[{"@type":"SearchAction","target":{"@type":"EntryPoint","urlTemplate":"https:\/\/algarve7.pt\/?s={search_term_string}"},"query-input":{"@type":"PropertyValueSpecification","valueRequired":true,"valueName":"search_term_string"}}],"inLanguage":"pt-PT"},{"@type":"Organization","@id":"https:\/\/algarve7.pt\/#organization","name":"Algarve 7","url":"https:\/\/algarve7.pt\/","logo":{"@type":"ImageObject","inLanguage":"pt-PT","@id":"https:\/\/algarve7.pt\/#\/schema\/logo\/image\/","url":"https:\/\/algarve7.pt\/wp-content\/uploads\/2020\/10\/Logo-8.jpg","contentUrl":"https:\/\/algarve7.pt\/wp-content\/uploads\/2020\/10\/Logo-8.jpg","width":1680,"height":1186,"caption":"Algarve 7"},"image":{"@id":"https:\/\/algarve7.pt\/#\/schema\/logo\/image\/"},"sameAs":["https:\/\/www.facebook.com\/algarve7","https:\/\/x.com\/Algarvesete","https:\/\/www.instagram.com\/jornalalgarve7\/","https:\/\/www.linkedin.com\/company\/algarve7","https:\/\/www.pinterest.pt\/geral0939\/_created\/"]},{"@type":"Person","@id":"https:\/\/algarve7.pt\/#\/schema\/person\/23fa70681308e7b319a3204bcea45e0c","name":"Algarve 7","sameAs":["https:\/\/algarve7.pt","https:\/\/www.facebook.com\/algarve7"],"url":"https:\/\/algarve7.pt\/index.php\/author\/geralalgarve7-pt\/"}]}},"jetpack_publicize_connections":[],"jetpack_featured_media_url":"https:\/\/algarve7.pt\/wp-content\/uploads\/2022\/06\/Dia-do-Municipio-de-Olha\u0303o-16-06-2022-82-scaled.jpg","jetpack_shortlink":"https:\/\/wp.me\/pcezmW-55K","jetpack_sharing_enabled":true,"_links":{"self":[{"href":"https:\/\/algarve7.pt\/index.php\/wp-json\/wp\/v2\/posts\/19576","targetHints":{"allow":["GET"]}}],"collection":[{"href":"https:\/\/algarve7.pt\/index.php\/wp-json\/wp\/v2\/posts"}],"about":[{"href":"https:\/\/algarve7.pt\/index.php\/wp-json\/wp\/v2\/types\/post"}],"author":[{"embeddable":true,"href":"https:\/\/algarve7.pt\/index.php\/wp-json\/wp\/v2\/users\/1"}],"replies":[{"embeddable":true,"href":"https:\/\/algarve7.pt\/index.php\/wp-json\/wp\/v2\/comments?post=19576"}],"version-history":[{"count":0,"href":"https:\/\/algarve7.pt\/index.php\/wp-json\/wp\/v2\/posts\/19576\/revisions"}],"wp:featuredmedia":[{"embeddable":true,"href":"https:\/\/algarve7.pt\/index.php\/wp-json\/wp\/v2\/media\/19577"}],"wp:attachment":[{"href":"https:\/\/algarve7.pt\/index.php\/wp-json\/wp\/v2\/media?parent=19576"}],"wp:term":[{"taxonomy":"category","embeddable":true,"href":"https:\/\/algarve7.pt\/index.php\/wp-json\/wp\/v2\/categories?post=19576"},{"taxonomy":"post_tag","embeddable":true,"href":"https:\/\/algarve7.pt\/index.php\/wp-json\/wp\/v2\/tags?post=19576"}],"curies":[{"name":"wp","href":"https:\/\/api.w.org\/{rel}","templated":true}]}}