{"id":19565,"date":"2022-06-20T11:55:00","date_gmt":"2022-06-20T10:55:00","guid":{"rendered":"https:\/\/algarve7.pt\/?p=19565"},"modified":"2022-06-20T11:47:32","modified_gmt":"2022-06-20T10:47:32","slug":"bombeiros-de-olhao-reforcam-efetivo-com-15-elementos","status":"publish","type":"post","link":"https:\/\/algarve7.pt\/index.php\/2022\/06\/bombeiros-de-olhao-reforcam-efetivo-com-15-elementos\/atualidade\/11\/55\/","title":{"rendered":"Bombeiros de Olh\u00e3o refor\u00e7am efetivo com 15 elementos"},"content":{"rendered":"\n<p>Decorreu no final da passada semana a cerim\u00f3nia de tomada de posse de quinze bombeiros sapadores recrutas, da carreira de bombeiro sapador, que v\u00eam, assim, refor\u00e7ar o efetivo da corpora\u00e7\u00e3o olhanense.<\/p>\n\n\n\n<p>A contrata\u00e7\u00e3o destes novos elementos foi precedida de um rigoroso processo de sele\u00e7\u00e3o, no qual os candidatos prestaram provas te\u00f3ricas e f\u00edsicas, para al\u00e9m de exames m\u00e9dicos e psicol\u00f3gicos.<\/p>\n\n\n\n<p>Os novos bombeiros recrutas ir\u00e3o, agora, frequentar um est\u00e1gio de forma\u00e7\u00e3o t\u00e9cnico-pr\u00e1tica, que ter\u00e1 a dura\u00e7\u00e3o de um ano e contemplar\u00e1 1.000 horas de forma\u00e7\u00e3o na Escola do Regimento Sapadores Bombeiros, em Lisboa, e uma fase posterior de forma\u00e7\u00e3o em contexto de trabalho. S\u00f3 os candidatos aprovados no est\u00e1gio ser\u00e3o nomeados, definitivamente, bombeiros sapadores.<\/p>\n\n\n\n<p>A contrata\u00e7\u00e3o destes quinze bombeiros profissionais representa um investimento imediato para os cofres do Munic\u00edpio superior a 150 mil euros, refletindo, como referiu na ocasi\u00e3o o presidente da autarquia, Ant\u00f3nio Miguel Pina, \u201co empenho do executivo em fortalecer a estrutura de prote\u00e7\u00e3o e socorro no concelho\u201d.<\/p>\n","protected":false},"excerpt":{"rendered":"<p>Decorreu no final da passada semana a cerim\u00f3nia de tomada de posse de quinze bombeiros sapadores recrutas, da carreira de<\/p>\n","protected":false},"author":1,"featured_media":19566,"comment_status":"closed","ping_status":"open","sticky":false,"template":"","format":"standard","meta":{"colormag_page_container_layout":"default_layout","colormag_page_sidebar_layout":"default_layout","_monsterinsights_skip_tracking":false,"_monsterinsights_sitenote_active":false,"_monsterinsights_sitenote_note":"","_monsterinsights_sitenote_category":0,"jetpack_post_was_ever_published":false,"_jetpack_newsletter_access":"","_jetpack_dont_email_post_to_subs":false,"_jetpack_newsletter_tier_id":0,"_jetpack_memberships_contains_paywalled_content":false,"_jetpack_memberships_contains_paid_content":false,"footnotes":"","jetpack_publicize_message":"","jetpack_publicize_feature_enabled":true,"jetpack_social_post_already_shared":true,"jetpack_social_options":{"image_generator_settings":{"template":"highway","default_image_id":0,"font":"","enabled":false},"version":2}},"categories":[11],"tags":[36,62,104,37],"class_list":["post-19565","post","type-post","status-publish","format-standard","has-post-thumbnail","hentry","category-atualidade","tag-algarve","tag-atualidade","tag-bombeiros","tag-olhao"],"yoast_head":"<!-- This site is optimized with the Yoast SEO plugin v27.5 - https:\/\/yoast.com\/product\/yoast-seo-wordpress\/ -->\n<title>Bombeiros de Olh\u00e3o refor\u00e7am efetivo com 15 elementos - Algarve 7<\/title>\n<meta name=\"description\" content=\"Bombeiros de Olh\u00e3o refor\u00e7am efetivo com 15 elementos Atualidade\" \/>\n<meta name=\"robots\" content=\"index, follow, max-snippet:-1, max-image-preview:large, max-video-preview:-1\" \/>\n<link rel=\"canonical\" href=\"https:\/\/algarve7.pt\/index.php\/2022\/06\/bombeiros-de-olhao-reforcam-efetivo-com-15-elementos\/atualidade\/11\/55\/\" \/>\n<meta property=\"og:locale\" content=\"pt_PT\" \/>\n<meta property=\"og:type\" content=\"article\" \/>\n<meta property=\"og:title\" content=\"Bombeiros de Olh\u00e3o refor\u00e7am efetivo com 15 elementos - Algarve 7\" \/>\n<meta property=\"og:description\" content=\"Bombeiros de Olh\u00e3o refor\u00e7am efetivo com 15 elementos Atualidade\" \/>\n<meta property=\"og:url\" content=\"https:\/\/algarve7.pt\/index.php\/2022\/06\/bombeiros-de-olhao-reforcam-efetivo-com-15-elementos\/atualidade\/11\/55\/\" \/>\n<meta property=\"og:site_name\" content=\"Algarve 7\" \/>\n<meta property=\"article:publisher\" content=\"https:\/\/www.facebook.com\/algarve7\" \/>\n<meta property=\"article:author\" content=\"https:\/\/www.facebook.com\/algarve7\" \/>\n<meta property=\"article:published_time\" content=\"2022-06-20T10:55:00+00:00\" \/>\n<meta property=\"og:image\" content=\"https:\/\/algarve7.pt\/wp-content\/uploads\/2022\/06\/2022-068-tomada-posse-bombeiros-04.jpg\" \/>\n\t<meta property=\"og:image:width\" content=\"2000\" \/>\n\t<meta property=\"og:image:height\" content=\"1333\" \/>\n\t<meta property=\"og:image:type\" content=\"image\/jpeg\" \/>\n<meta name=\"author\" content=\"Algarve 7\" \/>\n<meta name=\"twitter:card\" content=\"summary_large_image\" \/>\n<meta name=\"twitter:creator\" content=\"@Algarvesete\" \/>\n<meta name=\"twitter:site\" content=\"@Algarvesete\" \/>\n<meta name=\"twitter:label1\" content=\"Escrito por\" \/>\n\t<meta name=\"twitter:data1\" content=\"Algarve 7\" \/>\n\t<meta name=\"twitter:label2\" content=\"Tempo estimado de leitura\" \/>\n\t<meta name=\"twitter:data2\" content=\"1 minuto\" \/>\n<script type=\"application\/ld+json\" class=\"yoast-schema-graph\">{\"@context\":\"https:\\\/\\\/schema.org\",\"@graph\":[{\"@type\":\"Article\",\"@id\":\"https:\\\/\\\/algarve7.pt\\\/index.php\\\/2022\\\/06\\\/bombeiros-de-olhao-reforcam-efetivo-com-15-elementos\\\/atualidade\\\/11\\\/55\\\/#article\",\"isPartOf\":{\"@id\":\"https:\\\/\\\/algarve7.pt\\\/index.php\\\/2022\\\/06\\\/bombeiros-de-olhao-reforcam-efetivo-com-15-elementos\\\/atualidade\\\/11\\\/55\\\/\"},\"author\":{\"name\":\"Algarve 7\",\"@id\":\"https:\\\/\\\/algarve7.pt\\\/#\\\/schema\\\/person\\\/23fa70681308e7b319a3204bcea45e0c\"},\"headline\":\"Bombeiros de Olh\u00e3o refor\u00e7am efetivo com 15 elementos\",\"datePublished\":\"2022-06-20T10:55:00+00:00\",\"mainEntityOfPage\":{\"@id\":\"https:\\\/\\\/algarve7.pt\\\/index.php\\\/2022\\\/06\\\/bombeiros-de-olhao-reforcam-efetivo-com-15-elementos\\\/atualidade\\\/11\\\/55\\\/\"},\"wordCount\":193,\"publisher\":{\"@id\":\"https:\\\/\\\/algarve7.pt\\\/#organization\"},\"image\":{\"@id\":\"https:\\\/\\\/algarve7.pt\\\/index.php\\\/2022\\\/06\\\/bombeiros-de-olhao-reforcam-efetivo-com-15-elementos\\\/atualidade\\\/11\\\/55\\\/#primaryimage\"},\"thumbnailUrl\":\"https:\\\/\\\/algarve7.pt\\\/wp-content\\\/uploads\\\/2022\\\/06\\\/2022-068-tomada-posse-bombeiros-04.jpg\",\"keywords\":[\"Algarve\",\"Atualidade\",\"Bombeiros\",\"Olh\u00e3o\"],\"articleSection\":[\"Atualidade\"],\"inLanguage\":\"pt-PT\"},{\"@type\":\"WebPage\",\"@id\":\"https:\\\/\\\/algarve7.pt\\\/index.php\\\/2022\\\/06\\\/bombeiros-de-olhao-reforcam-efetivo-com-15-elementos\\\/atualidade\\\/11\\\/55\\\/\",\"url\":\"https:\\\/\\\/algarve7.pt\\\/index.php\\\/2022\\\/06\\\/bombeiros-de-olhao-reforcam-efetivo-com-15-elementos\\\/atualidade\\\/11\\\/55\\\/\",\"name\":\"Bombeiros de Olh\u00e3o refor\u00e7am efetivo com 15 elementos - Algarve 7\",\"isPartOf\":{\"@id\":\"https:\\\/\\\/algarve7.pt\\\/#website\"},\"primaryImageOfPage\":{\"@id\":\"https:\\\/\\\/algarve7.pt\\\/index.php\\\/2022\\\/06\\\/bombeiros-de-olhao-reforcam-efetivo-com-15-elementos\\\/atualidade\\\/11\\\/55\\\/#primaryimage\"},\"image\":{\"@id\":\"https:\\\/\\\/algarve7.pt\\\/index.php\\\/2022\\\/06\\\/bombeiros-de-olhao-reforcam-efetivo-com-15-elementos\\\/atualidade\\\/11\\\/55\\\/#primaryimage\"},\"thumbnailUrl\":\"https:\\\/\\\/algarve7.pt\\\/wp-content\\\/uploads\\\/2022\\\/06\\\/2022-068-tomada-posse-bombeiros-04.jpg\",\"datePublished\":\"2022-06-20T10:55:00+00:00\",\"description\":\"Bombeiros de Olh\u00e3o refor\u00e7am efetivo com 15 elementos Atualidade\",\"breadcrumb\":{\"@id\":\"https:\\\/\\\/algarve7.pt\\\/index.php\\\/2022\\\/06\\\/bombeiros-de-olhao-reforcam-efetivo-com-15-elementos\\\/atualidade\\\/11\\\/55\\\/#breadcrumb\"},\"inLanguage\":\"pt-PT\",\"potentialAction\":[{\"@type\":\"ReadAction\",\"target\":[\"https:\\\/\\\/algarve7.pt\\\/index.php\\\/2022\\\/06\\\/bombeiros-de-olhao-reforcam-efetivo-com-15-elementos\\\/atualidade\\\/11\\\/55\\\/\"]}]},{\"@type\":\"ImageObject\",\"inLanguage\":\"pt-PT\",\"@id\":\"https:\\\/\\\/algarve7.pt\\\/index.php\\\/2022\\\/06\\\/bombeiros-de-olhao-reforcam-efetivo-com-15-elementos\\\/atualidade\\\/11\\\/55\\\/#primaryimage\",\"url\":\"https:\\\/\\\/algarve7.pt\\\/wp-content\\\/uploads\\\/2022\\\/06\\\/2022-068-tomada-posse-bombeiros-04.jpg\",\"contentUrl\":\"https:\\\/\\\/algarve7.pt\\\/wp-content\\\/uploads\\\/2022\\\/06\\\/2022-068-tomada-posse-bombeiros-04.jpg\",\"width\":2000,\"height\":1333},{\"@type\":\"BreadcrumbList\",\"@id\":\"https:\\\/\\\/algarve7.pt\\\/index.php\\\/2022\\\/06\\\/bombeiros-de-olhao-reforcam-efetivo-com-15-elementos\\\/atualidade\\\/11\\\/55\\\/#breadcrumb\",\"itemListElement\":[{\"@type\":\"ListItem\",\"position\":1,\"name\":\"In\u00edcio\",\"item\":\"https:\\\/\\\/algarve7.pt\\\/\"},{\"@type\":\"ListItem\",\"position\":2,\"name\":\"Bombeiros de Olh\u00e3o refor\u00e7am efetivo com 15 elementos\"}]},{\"@type\":\"WebSite\",\"@id\":\"https:\\\/\\\/algarve7.pt\\\/#website\",\"url\":\"https:\\\/\\\/algarve7.pt\\\/\",\"name\":\"Algarve 7\",\"description\":\"Informa\u00e7\u00e3o sobre o Algarve\",\"publisher\":{\"@id\":\"https:\\\/\\\/algarve7.pt\\\/#organization\"},\"potentialAction\":[{\"@type\":\"SearchAction\",\"target\":{\"@type\":\"EntryPoint\",\"urlTemplate\":\"https:\\\/\\\/algarve7.pt\\\/?s={search_term_string}\"},\"query-input\":{\"@type\":\"PropertyValueSpecification\",\"valueRequired\":true,\"valueName\":\"search_term_string\"}}],\"inLanguage\":\"pt-PT\"},{\"@type\":\"Organization\",\"@id\":\"https:\\\/\\\/algarve7.pt\\\/#organization\",\"name\":\"Algarve 7\",\"url\":\"https:\\\/\\\/algarve7.pt\\\/\",\"logo\":{\"@type\":\"ImageObject\",\"inLanguage\":\"pt-PT\",\"@id\":\"https:\\\/\\\/algarve7.pt\\\/#\\\/schema\\\/logo\\\/image\\\/\",\"url\":\"https:\\\/\\\/algarve7.pt\\\/wp-content\\\/uploads\\\/2020\\\/10\\\/Logo-8.jpg\",\"contentUrl\":\"https:\\\/\\\/algarve7.pt\\\/wp-content\\\/uploads\\\/2020\\\/10\\\/Logo-8.jpg\",\"width\":1680,\"height\":1186,\"caption\":\"Algarve 7\"},\"image\":{\"@id\":\"https:\\\/\\\/algarve7.pt\\\/#\\\/schema\\\/logo\\\/image\\\/\"},\"sameAs\":[\"https:\\\/\\\/www.facebook.com\\\/algarve7\",\"https:\\\/\\\/x.com\\\/Algarvesete\",\"https:\\\/\\\/www.instagram.com\\\/jornalalgarve7\\\/\",\"https:\\\/\\\/www.linkedin.com\\\/company\\\/algarve7\",\"https:\\\/\\\/www.pinterest.pt\\\/geral0939\\\/_created\\\/\"]},{\"@type\":\"Person\",\"@id\":\"https:\\\/\\\/algarve7.pt\\\/#\\\/schema\\\/person\\\/23fa70681308e7b319a3204bcea45e0c\",\"name\":\"Algarve 7\",\"sameAs\":[\"https:\\\/\\\/algarve7.pt\",\"https:\\\/\\\/www.facebook.com\\\/algarve7\"],\"url\":\"https:\\\/\\\/algarve7.pt\\\/index.php\\\/author\\\/geralalgarve7-pt\\\/\"}]}<\/script>\n<!-- \/ Yoast SEO plugin. -->","yoast_head_json":{"title":"Bombeiros de Olh\u00e3o refor\u00e7am efetivo com 15 elementos - Algarve 7","description":"Bombeiros de Olh\u00e3o refor\u00e7am efetivo com 15 elementos Atualidade","robots":{"index":"index","follow":"follow","max-snippet":"max-snippet:-1","max-image-preview":"max-image-preview:large","max-video-preview":"max-video-preview:-1"},"canonical":"https:\/\/algarve7.pt\/index.php\/2022\/06\/bombeiros-de-olhao-reforcam-efetivo-com-15-elementos\/atualidade\/11\/55\/","og_locale":"pt_PT","og_type":"article","og_title":"Bombeiros de Olh\u00e3o refor\u00e7am efetivo com 15 elementos - Algarve 7","og_description":"Bombeiros de Olh\u00e3o refor\u00e7am efetivo com 15 elementos Atualidade","og_url":"https:\/\/algarve7.pt\/index.php\/2022\/06\/bombeiros-de-olhao-reforcam-efetivo-com-15-elementos\/atualidade\/11\/55\/","og_site_name":"Algarve 7","article_publisher":"https:\/\/www.facebook.com\/algarve7","article_author":"https:\/\/www.facebook.com\/algarve7","article_published_time":"2022-06-20T10:55:00+00:00","og_image":[{"width":2000,"height":1333,"url":"https:\/\/algarve7.pt\/wp-content\/uploads\/2022\/06\/2022-068-tomada-posse-bombeiros-04.jpg","type":"image\/jpeg"}],"author":"Algarve 7","twitter_card":"summary_large_image","twitter_creator":"@Algarvesete","twitter_site":"@Algarvesete","twitter_misc":{"Escrito por":"Algarve 7","Tempo estimado de leitura":"1 minuto"},"schema":{"@context":"https:\/\/schema.org","@graph":[{"@type":"Article","@id":"https:\/\/algarve7.pt\/index.php\/2022\/06\/bombeiros-de-olhao-reforcam-efetivo-com-15-elementos\/atualidade\/11\/55\/#article","isPartOf":{"@id":"https:\/\/algarve7.pt\/index.php\/2022\/06\/bombeiros-de-olhao-reforcam-efetivo-com-15-elementos\/atualidade\/11\/55\/"},"author":{"name":"Algarve 7","@id":"https:\/\/algarve7.pt\/#\/schema\/person\/23fa70681308e7b319a3204bcea45e0c"},"headline":"Bombeiros de Olh\u00e3o refor\u00e7am efetivo com 15 elementos","datePublished":"2022-06-20T10:55:00+00:00","mainEntityOfPage":{"@id":"https:\/\/algarve7.pt\/index.php\/2022\/06\/bombeiros-de-olhao-reforcam-efetivo-com-15-elementos\/atualidade\/11\/55\/"},"wordCount":193,"publisher":{"@id":"https:\/\/algarve7.pt\/#organization"},"image":{"@id":"https:\/\/algarve7.pt\/index.php\/2022\/06\/bombeiros-de-olhao-reforcam-efetivo-com-15-elementos\/atualidade\/11\/55\/#primaryimage"},"thumbnailUrl":"https:\/\/algarve7.pt\/wp-content\/uploads\/2022\/06\/2022-068-tomada-posse-bombeiros-04.jpg","keywords":["Algarve","Atualidade","Bombeiros","Olh\u00e3o"],"articleSection":["Atualidade"],"inLanguage":"pt-PT"},{"@type":"WebPage","@id":"https:\/\/algarve7.pt\/index.php\/2022\/06\/bombeiros-de-olhao-reforcam-efetivo-com-15-elementos\/atualidade\/11\/55\/","url":"https:\/\/algarve7.pt\/index.php\/2022\/06\/bombeiros-de-olhao-reforcam-efetivo-com-15-elementos\/atualidade\/11\/55\/","name":"Bombeiros de Olh\u00e3o refor\u00e7am efetivo com 15 elementos - Algarve 7","isPartOf":{"@id":"https:\/\/algarve7.pt\/#website"},"primaryImageOfPage":{"@id":"https:\/\/algarve7.pt\/index.php\/2022\/06\/bombeiros-de-olhao-reforcam-efetivo-com-15-elementos\/atualidade\/11\/55\/#primaryimage"},"image":{"@id":"https:\/\/algarve7.pt\/index.php\/2022\/06\/bombeiros-de-olhao-reforcam-efetivo-com-15-elementos\/atualidade\/11\/55\/#primaryimage"},"thumbnailUrl":"https:\/\/algarve7.pt\/wp-content\/uploads\/2022\/06\/2022-068-tomada-posse-bombeiros-04.jpg","datePublished":"2022-06-20T10:55:00+00:00","description":"Bombeiros de Olh\u00e3o refor\u00e7am efetivo com 15 elementos Atualidade","breadcrumb":{"@id":"https:\/\/algarve7.pt\/index.php\/2022\/06\/bombeiros-de-olhao-reforcam-efetivo-com-15-elementos\/atualidade\/11\/55\/#breadcrumb"},"inLanguage":"pt-PT","potentialAction":[{"@type":"ReadAction","target":["https:\/\/algarve7.pt\/index.php\/2022\/06\/bombeiros-de-olhao-reforcam-efetivo-com-15-elementos\/atualidade\/11\/55\/"]}]},{"@type":"ImageObject","inLanguage":"pt-PT","@id":"https:\/\/algarve7.pt\/index.php\/2022\/06\/bombeiros-de-olhao-reforcam-efetivo-com-15-elementos\/atualidade\/11\/55\/#primaryimage","url":"https:\/\/algarve7.pt\/wp-content\/uploads\/2022\/06\/2022-068-tomada-posse-bombeiros-04.jpg","contentUrl":"https:\/\/algarve7.pt\/wp-content\/uploads\/2022\/06\/2022-068-tomada-posse-bombeiros-04.jpg","width":2000,"height":1333},{"@type":"BreadcrumbList","@id":"https:\/\/algarve7.pt\/index.php\/2022\/06\/bombeiros-de-olhao-reforcam-efetivo-com-15-elementos\/atualidade\/11\/55\/#breadcrumb","itemListElement":[{"@type":"ListItem","position":1,"name":"In\u00edcio","item":"https:\/\/algarve7.pt\/"},{"@type":"ListItem","position":2,"name":"Bombeiros de Olh\u00e3o refor\u00e7am efetivo com 15 elementos"}]},{"@type":"WebSite","@id":"https:\/\/algarve7.pt\/#website","url":"https:\/\/algarve7.pt\/","name":"Algarve 7","description":"Informa\u00e7\u00e3o sobre o Algarve","publisher":{"@id":"https:\/\/algarve7.pt\/#organization"},"potentialAction":[{"@type":"SearchAction","target":{"@type":"EntryPoint","urlTemplate":"https:\/\/algarve7.pt\/?s={search_term_string}"},"query-input":{"@type":"PropertyValueSpecification","valueRequired":true,"valueName":"search_term_string"}}],"inLanguage":"pt-PT"},{"@type":"Organization","@id":"https:\/\/algarve7.pt\/#organization","name":"Algarve 7","url":"https:\/\/algarve7.pt\/","logo":{"@type":"ImageObject","inLanguage":"pt-PT","@id":"https:\/\/algarve7.pt\/#\/schema\/logo\/image\/","url":"https:\/\/algarve7.pt\/wp-content\/uploads\/2020\/10\/Logo-8.jpg","contentUrl":"https:\/\/algarve7.pt\/wp-content\/uploads\/2020\/10\/Logo-8.jpg","width":1680,"height":1186,"caption":"Algarve 7"},"image":{"@id":"https:\/\/algarve7.pt\/#\/schema\/logo\/image\/"},"sameAs":["https:\/\/www.facebook.com\/algarve7","https:\/\/x.com\/Algarvesete","https:\/\/www.instagram.com\/jornalalgarve7\/","https:\/\/www.linkedin.com\/company\/algarve7","https:\/\/www.pinterest.pt\/geral0939\/_created\/"]},{"@type":"Person","@id":"https:\/\/algarve7.pt\/#\/schema\/person\/23fa70681308e7b319a3204bcea45e0c","name":"Algarve 7","sameAs":["https:\/\/algarve7.pt","https:\/\/www.facebook.com\/algarve7"],"url":"https:\/\/algarve7.pt\/index.php\/author\/geralalgarve7-pt\/"}]}},"jetpack_publicize_connections":[],"jetpack_featured_media_url":"https:\/\/algarve7.pt\/wp-content\/uploads\/2022\/06\/2022-068-tomada-posse-bombeiros-04.jpg","jetpack_shortlink":"https:\/\/wp.me\/pcezmW-55z","jetpack_sharing_enabled":true,"_links":{"self":[{"href":"https:\/\/algarve7.pt\/index.php\/wp-json\/wp\/v2\/posts\/19565","targetHints":{"allow":["GET"]}}],"collection":[{"href":"https:\/\/algarve7.pt\/index.php\/wp-json\/wp\/v2\/posts"}],"about":[{"href":"https:\/\/algarve7.pt\/index.php\/wp-json\/wp\/v2\/types\/post"}],"author":[{"embeddable":true,"href":"https:\/\/algarve7.pt\/index.php\/wp-json\/wp\/v2\/users\/1"}],"replies":[{"embeddable":true,"href":"https:\/\/algarve7.pt\/index.php\/wp-json\/wp\/v2\/comments?post=19565"}],"version-history":[{"count":0,"href":"https:\/\/algarve7.pt\/index.php\/wp-json\/wp\/v2\/posts\/19565\/revisions"}],"wp:featuredmedia":[{"embeddable":true,"href":"https:\/\/algarve7.pt\/index.php\/wp-json\/wp\/v2\/media\/19566"}],"wp:attachment":[{"href":"https:\/\/algarve7.pt\/index.php\/wp-json\/wp\/v2\/media?parent=19565"}],"wp:term":[{"taxonomy":"category","embeddable":true,"href":"https:\/\/algarve7.pt\/index.php\/wp-json\/wp\/v2\/categories?post=19565"},{"taxonomy":"post_tag","embeddable":true,"href":"https:\/\/algarve7.pt\/index.php\/wp-json\/wp\/v2\/tags?post=19565"}],"curies":[{"name":"wp","href":"https:\/\/api.w.org\/{rel}","templated":true}]}}