{"id":19554,"date":"2022-06-20T11:22:38","date_gmt":"2022-06-20T10:22:38","guid":{"rendered":"https:\/\/algarve7.pt\/?p=19554"},"modified":"2022-06-20T11:22:39","modified_gmt":"2022-06-20T10:22:39","slug":"campanha-cinto-me-vivo-a-partir-de-amanha","status":"publish","type":"post","link":"https:\/\/algarve7.pt\/index.php\/2022\/06\/campanha-cinto-me-vivo-a-partir-de-amanha\/nacional\/11\/22\/","title":{"rendered":"Campanha \u201cCinto-me vivo\u201d a partir de amanh\u00e3"},"content":{"rendered":"\n<p>A Autoridade Nacional de Seguran\u00e7a Rodovi\u00e1ria (ANSR), a Guarda Nacional Republicana (GNR) e a Pol\u00edcia de Seguran\u00e7a P\u00fablica (PSP) lan\u00e7am amanh\u00e3, dia 21 de junho, a Campanha de Seguran\u00e7a Rodovi\u00e1ria&nbsp;<strong><em>\u201c<\/em><\/strong><em>Cinto-<\/em>me<em>&nbsp;<\/em>vivo<em>\u201d,<\/em>&nbsp;inserida no Plano Nacional de Fiscaliza\u00e7\u00e3o de 2022.<\/p>\n\n\n\n<p>A decorrer entre os dias 21 e 27 de junho,\u00a0a campanha tem como objetivo alertar condutores e passageiros para a import\u00e2ncia de utilizarem sempre, e de forma correta, os dispositivos de seguran\u00e7a.<\/p>\n\n\n\n<p>Numa colis\u00e3o, um ve\u00edculo para numa fra\u00e7\u00e3o de segundo. Mas os ocupantes, caso n\u00e3o usem cinto de seguran\u00e7a, continuam a seguir na dire\u00e7\u00e3o do movimento com uma velocidade igual \u00e0 que seguia o ve\u00edculo no instante inicial do acidente. Numa colis\u00e3o frontal a 50 km\/h, um condutor com 70kg, sem cinto de seguran\u00e7a, sofre um impacto equivalente a uma queda livre de um terceiro andar.<\/p>\n\n\n\n<p>O uso do capacete de modelo aprovado, devidamente apertado e ajustado, reduz em 40% o risco de morte em caso de acidente.<\/p>\n\n\n\n<p>Est\u00e1 igualmente comprovado que a utiliza\u00e7\u00e3o correta de cadeirinha homologada e adaptada ao tamanho e peso da crian\u00e7a, reduz em 50% o risco de morte. Em crian\u00e7as at\u00e9 aos 18 Kg, a utiliza\u00e7\u00e3o de uma cadeirinha voltada para a retaguarda, combinada com a utiliza\u00e7\u00e3o de cinto de seguran\u00e7a, reduz at\u00e9 90% o risco de les\u00f5es graves ou morte.<\/p>\n\n\n\n<p>A campanha&nbsp;<strong><em>\u201c<\/em><\/strong><em>Cinto<\/em>-me Vivo<em>\u201d<\/em>&nbsp;integrar\u00e1:<\/p>\n\n\n\n<p>\u00a7&nbsp;&nbsp;A\u00e7\u00f5es de sensibiliza\u00e7\u00e3o da ANSR em territ\u00f3rio continental e dos servi\u00e7os das administra\u00e7\u00f5es regionais das Regi\u00f5es Aut\u00f3nomas da Madeira e dos A\u00e7ores;<\/p>\n\n\n\n<p>\u00a7&nbsp;&nbsp;Opera\u00e7\u00f5es de fiscaliza\u00e7\u00e3o pela GNR e pela PSP, com especial incid\u00eancia em vias e acessos com elevado fluxo rodovi\u00e1rio e de acordo com o Plano Nacional de Fiscaliza\u00e7\u00e3o 2022, de forma a contribuir para a diminui\u00e7\u00e3o do risco de ocorr\u00eancia de acidentes e para a ado\u00e7\u00e3o de comportamentos mais seguros por parte dos condutores no que tange \u00e0 correta utiliza\u00e7\u00e3o dos dispositivos de seguran\u00e7a.<\/p>\n\n\n\n<p>As a\u00e7\u00f5es de sensibiliza\u00e7\u00e3o ocorrer\u00e3o em simult\u00e2neo com opera\u00e7\u00f5es de fiscaliza\u00e7\u00e3o nas seguintes localidades:<\/p>\n\n\n\n<p>\u00a7\u00a0\u00a0Dia 21 de junho, \u00e0s 14h00: Pra\u00e7a Duque de Saldanha, Lisboa;<\/p>\n\n\n\n<p>\u00a7\u00a0\u00a0<strong>Dia 22 de junho, \u00e0s 8h00: EN125, Km 89,9, Rotunda das 4 Estradas, Albufeira;<\/strong><\/p>\n\n\n\n<p>\u00a7&nbsp;&nbsp;Dia 23 de junho, \u00e0s 9h30: Rua Zeca Afonso (alternativa: Rua Cidade de S. Paulo), Beja;<\/p>\n\n\n\n<p>\u00a7&nbsp;&nbsp;Dia 24 de junho, \u00e0s 8h00: EN18, Penha, Portalegre;<\/p>\n\n\n\n<p>\u00a7&nbsp;&nbsp;Dia 27 de junho,&nbsp;\u00e0s 10h00: Avenida 1.\u00ba de Maio, Paivas, Seixal.<\/p>\n\n\n\n<p>A ANSR, a GNR e a PSP relembram que a utiliza\u00e7\u00e3o dos dispositivos de seguran\u00e7a \u00e9 fundamental e apelam a todos para que os utilizem de forma correta:<\/p>\n\n\n\n<ul class=\"wp-block-list\"><li><em>Utilize sempre uma cadeirinha homologada, devidamente instalada, e adaptada \u00e0 altura e peso da crian\u00e7a;<\/em><\/li><li><em>Utilize sempre o cinto de seguran\u00e7a, em todos os lugares do ve\u00edculo, e em todos os percursos, mesmo nos de curta dist\u00e2ncia;<\/em><\/li><li><em>Utilize o capacete de modelo aprovado, devidamente ajustado e apertado.<\/em><\/li><\/ul>\n","protected":false},"excerpt":{"rendered":"<p>A Autoridade Nacional de Seguran\u00e7a Rodovi\u00e1ria (ANSR), a Guarda Nacional Republicana (GNR) e a Pol\u00edcia de Seguran\u00e7a P\u00fablica (PSP) lan\u00e7am<\/p>\n","protected":false},"author":1,"featured_media":4189,"comment_status":"closed","ping_status":"open","sticky":false,"template":"","format":"standard","meta":{"colormag_page_container_layout":"default_layout","colormag_page_sidebar_layout":"default_layout","_monsterinsights_skip_tracking":false,"_monsterinsights_sitenote_active":false,"_monsterinsights_sitenote_note":"","_monsterinsights_sitenote_category":0,"jetpack_post_was_ever_published":false,"_jetpack_newsletter_access":"","_jetpack_dont_email_post_to_subs":false,"_jetpack_newsletter_tier_id":0,"_jetpack_memberships_contains_paywalled_content":false,"_jetpack_memberships_contains_paid_content":false,"footnotes":"","jetpack_publicize_message":"","jetpack_publicize_feature_enabled":true,"jetpack_social_post_already_shared":true,"jetpack_social_options":{"image_generator_settings":{"template":"highway","default_image_id":0,"font":"","enabled":false},"version":2}},"categories":[189],"tags":[261,62,140,98,185],"class_list":["post-19554","post","type-post","status-publish","format-standard","has-post-thumbnail","hentry","category-nacional","tag-ansr","tag-atualidade","tag-gnr","tag-nacional","tag-psp"],"yoast_head":"<!-- This site is optimized with the Yoast SEO plugin v27.5 - https:\/\/yoast.com\/product\/yoast-seo-wordpress\/ -->\n<title>Campanha \u201cCinto-me vivo\u201d a partir de amanh\u00e3 - Algarve 7<\/title>\n<meta name=\"description\" content=\"Campanha \u201cCinto-me vivo\u201d a partir de amanh\u00e3 Nacional\" \/>\n<meta name=\"robots\" content=\"index, follow, max-snippet:-1, max-image-preview:large, max-video-preview:-1\" \/>\n<link rel=\"canonical\" href=\"https:\/\/algarve7.pt\/index.php\/2022\/06\/campanha-cinto-me-vivo-a-partir-de-amanha\/nacional\/11\/22\/\" \/>\n<meta property=\"og:locale\" content=\"pt_PT\" \/>\n<meta property=\"og:type\" content=\"article\" \/>\n<meta property=\"og:title\" content=\"Campanha \u201cCinto-me vivo\u201d a partir de amanh\u00e3 - Algarve 7\" \/>\n<meta property=\"og:description\" content=\"Campanha \u201cCinto-me vivo\u201d a partir de amanh\u00e3 Nacional\" \/>\n<meta property=\"og:url\" content=\"https:\/\/algarve7.pt\/index.php\/2022\/06\/campanha-cinto-me-vivo-a-partir-de-amanha\/nacional\/11\/22\/\" \/>\n<meta property=\"og:site_name\" content=\"Algarve 7\" \/>\n<meta property=\"article:publisher\" content=\"https:\/\/www.facebook.com\/algarve7\" \/>\n<meta property=\"article:author\" content=\"https:\/\/www.facebook.com\/algarve7\" \/>\n<meta property=\"article:published_time\" content=\"2022-06-20T10:22:38+00:00\" \/>\n<meta property=\"article:modified_time\" content=\"2022-06-20T10:22:39+00:00\" \/>\n<meta property=\"og:image\" content=\"https:\/\/algarve7.pt\/wp-content\/uploads\/2020\/11\/ANSR.jpg\" \/>\n\t<meta property=\"og:image:width\" content=\"1920\" \/>\n\t<meta property=\"og:image:height\" content=\"996\" \/>\n\t<meta property=\"og:image:type\" content=\"image\/jpeg\" \/>\n<meta name=\"author\" content=\"Algarve 7\" \/>\n<meta name=\"twitter:card\" content=\"summary_large_image\" \/>\n<meta name=\"twitter:creator\" content=\"@Algarvesete\" \/>\n<meta name=\"twitter:site\" content=\"@Algarvesete\" \/>\n<meta name=\"twitter:label1\" content=\"Escrito por\" \/>\n\t<meta name=\"twitter:data1\" content=\"Algarve 7\" \/>\n\t<meta name=\"twitter:label2\" content=\"Tempo estimado de leitura\" \/>\n\t<meta name=\"twitter:data2\" content=\"3 minutos\" \/>\n<script type=\"application\/ld+json\" class=\"yoast-schema-graph\">{\"@context\":\"https:\\\/\\\/schema.org\",\"@graph\":[{\"@type\":\"Article\",\"@id\":\"https:\\\/\\\/algarve7.pt\\\/index.php\\\/2022\\\/06\\\/campanha-cinto-me-vivo-a-partir-de-amanha\\\/nacional\\\/11\\\/22\\\/#article\",\"isPartOf\":{\"@id\":\"https:\\\/\\\/algarve7.pt\\\/index.php\\\/2022\\\/06\\\/campanha-cinto-me-vivo-a-partir-de-amanha\\\/nacional\\\/11\\\/22\\\/\"},\"author\":{\"name\":\"Algarve 7\",\"@id\":\"https:\\\/\\\/algarve7.pt\\\/#\\\/schema\\\/person\\\/23fa70681308e7b319a3204bcea45e0c\"},\"headline\":\"Campanha \u201cCinto-me vivo\u201d a partir de amanh\u00e3\",\"datePublished\":\"2022-06-20T10:22:38+00:00\",\"dateModified\":\"2022-06-20T10:22:39+00:00\",\"mainEntityOfPage\":{\"@id\":\"https:\\\/\\\/algarve7.pt\\\/index.php\\\/2022\\\/06\\\/campanha-cinto-me-vivo-a-partir-de-amanha\\\/nacional\\\/11\\\/22\\\/\"},\"wordCount\":520,\"publisher\":{\"@id\":\"https:\\\/\\\/algarve7.pt\\\/#organization\"},\"image\":{\"@id\":\"https:\\\/\\\/algarve7.pt\\\/index.php\\\/2022\\\/06\\\/campanha-cinto-me-vivo-a-partir-de-amanha\\\/nacional\\\/11\\\/22\\\/#primaryimage\"},\"thumbnailUrl\":\"https:\\\/\\\/algarve7.pt\\\/wp-content\\\/uploads\\\/2020\\\/11\\\/ANSR.jpg\",\"keywords\":[\"ANSR\",\"Atualidade\",\"GNR\",\"Nacional\",\"PSP\"],\"articleSection\":[\"Nacional\"],\"inLanguage\":\"pt-PT\"},{\"@type\":\"WebPage\",\"@id\":\"https:\\\/\\\/algarve7.pt\\\/index.php\\\/2022\\\/06\\\/campanha-cinto-me-vivo-a-partir-de-amanha\\\/nacional\\\/11\\\/22\\\/\",\"url\":\"https:\\\/\\\/algarve7.pt\\\/index.php\\\/2022\\\/06\\\/campanha-cinto-me-vivo-a-partir-de-amanha\\\/nacional\\\/11\\\/22\\\/\",\"name\":\"Campanha \u201cCinto-me vivo\u201d a partir de amanh\u00e3 - Algarve 7\",\"isPartOf\":{\"@id\":\"https:\\\/\\\/algarve7.pt\\\/#website\"},\"primaryImageOfPage\":{\"@id\":\"https:\\\/\\\/algarve7.pt\\\/index.php\\\/2022\\\/06\\\/campanha-cinto-me-vivo-a-partir-de-amanha\\\/nacional\\\/11\\\/22\\\/#primaryimage\"},\"image\":{\"@id\":\"https:\\\/\\\/algarve7.pt\\\/index.php\\\/2022\\\/06\\\/campanha-cinto-me-vivo-a-partir-de-amanha\\\/nacional\\\/11\\\/22\\\/#primaryimage\"},\"thumbnailUrl\":\"https:\\\/\\\/algarve7.pt\\\/wp-content\\\/uploads\\\/2020\\\/11\\\/ANSR.jpg\",\"datePublished\":\"2022-06-20T10:22:38+00:00\",\"dateModified\":\"2022-06-20T10:22:39+00:00\",\"description\":\"Campanha \u201cCinto-me vivo\u201d a partir de amanh\u00e3 Nacional\",\"breadcrumb\":{\"@id\":\"https:\\\/\\\/algarve7.pt\\\/index.php\\\/2022\\\/06\\\/campanha-cinto-me-vivo-a-partir-de-amanha\\\/nacional\\\/11\\\/22\\\/#breadcrumb\"},\"inLanguage\":\"pt-PT\",\"potentialAction\":[{\"@type\":\"ReadAction\",\"target\":[\"https:\\\/\\\/algarve7.pt\\\/index.php\\\/2022\\\/06\\\/campanha-cinto-me-vivo-a-partir-de-amanha\\\/nacional\\\/11\\\/22\\\/\"]}]},{\"@type\":\"ImageObject\",\"inLanguage\":\"pt-PT\",\"@id\":\"https:\\\/\\\/algarve7.pt\\\/index.php\\\/2022\\\/06\\\/campanha-cinto-me-vivo-a-partir-de-amanha\\\/nacional\\\/11\\\/22\\\/#primaryimage\",\"url\":\"https:\\\/\\\/algarve7.pt\\\/wp-content\\\/uploads\\\/2020\\\/11\\\/ANSR.jpg\",\"contentUrl\":\"https:\\\/\\\/algarve7.pt\\\/wp-content\\\/uploads\\\/2020\\\/11\\\/ANSR.jpg\",\"width\":1920,\"height\":996},{\"@type\":\"BreadcrumbList\",\"@id\":\"https:\\\/\\\/algarve7.pt\\\/index.php\\\/2022\\\/06\\\/campanha-cinto-me-vivo-a-partir-de-amanha\\\/nacional\\\/11\\\/22\\\/#breadcrumb\",\"itemListElement\":[{\"@type\":\"ListItem\",\"position\":1,\"name\":\"In\u00edcio\",\"item\":\"https:\\\/\\\/algarve7.pt\\\/\"},{\"@type\":\"ListItem\",\"position\":2,\"name\":\"Campanha \u201cCinto-me vivo\u201d a partir de amanh\u00e3\"}]},{\"@type\":\"WebSite\",\"@id\":\"https:\\\/\\\/algarve7.pt\\\/#website\",\"url\":\"https:\\\/\\\/algarve7.pt\\\/\",\"name\":\"Algarve 7\",\"description\":\"Informa\u00e7\u00e3o sobre o Algarve\",\"publisher\":{\"@id\":\"https:\\\/\\\/algarve7.pt\\\/#organization\"},\"potentialAction\":[{\"@type\":\"SearchAction\",\"target\":{\"@type\":\"EntryPoint\",\"urlTemplate\":\"https:\\\/\\\/algarve7.pt\\\/?s={search_term_string}\"},\"query-input\":{\"@type\":\"PropertyValueSpecification\",\"valueRequired\":true,\"valueName\":\"search_term_string\"}}],\"inLanguage\":\"pt-PT\"},{\"@type\":\"Organization\",\"@id\":\"https:\\\/\\\/algarve7.pt\\\/#organization\",\"name\":\"Algarve 7\",\"url\":\"https:\\\/\\\/algarve7.pt\\\/\",\"logo\":{\"@type\":\"ImageObject\",\"inLanguage\":\"pt-PT\",\"@id\":\"https:\\\/\\\/algarve7.pt\\\/#\\\/schema\\\/logo\\\/image\\\/\",\"url\":\"https:\\\/\\\/algarve7.pt\\\/wp-content\\\/uploads\\\/2020\\\/10\\\/Logo-8.jpg\",\"contentUrl\":\"https:\\\/\\\/algarve7.pt\\\/wp-content\\\/uploads\\\/2020\\\/10\\\/Logo-8.jpg\",\"width\":1680,\"height\":1186,\"caption\":\"Algarve 7\"},\"image\":{\"@id\":\"https:\\\/\\\/algarve7.pt\\\/#\\\/schema\\\/logo\\\/image\\\/\"},\"sameAs\":[\"https:\\\/\\\/www.facebook.com\\\/algarve7\",\"https:\\\/\\\/x.com\\\/Algarvesete\",\"https:\\\/\\\/www.instagram.com\\\/jornalalgarve7\\\/\",\"https:\\\/\\\/www.linkedin.com\\\/company\\\/algarve7\",\"https:\\\/\\\/www.pinterest.pt\\\/geral0939\\\/_created\\\/\"]},{\"@type\":\"Person\",\"@id\":\"https:\\\/\\\/algarve7.pt\\\/#\\\/schema\\\/person\\\/23fa70681308e7b319a3204bcea45e0c\",\"name\":\"Algarve 7\",\"sameAs\":[\"https:\\\/\\\/algarve7.pt\",\"https:\\\/\\\/www.facebook.com\\\/algarve7\"],\"url\":\"https:\\\/\\\/algarve7.pt\\\/index.php\\\/author\\\/geralalgarve7-pt\\\/\"}]}<\/script>\n<!-- \/ Yoast SEO plugin. -->","yoast_head_json":{"title":"Campanha \u201cCinto-me vivo\u201d a partir de amanh\u00e3 - Algarve 7","description":"Campanha \u201cCinto-me vivo\u201d a partir de amanh\u00e3 Nacional","robots":{"index":"index","follow":"follow","max-snippet":"max-snippet:-1","max-image-preview":"max-image-preview:large","max-video-preview":"max-video-preview:-1"},"canonical":"https:\/\/algarve7.pt\/index.php\/2022\/06\/campanha-cinto-me-vivo-a-partir-de-amanha\/nacional\/11\/22\/","og_locale":"pt_PT","og_type":"article","og_title":"Campanha \u201cCinto-me vivo\u201d a partir de amanh\u00e3 - Algarve 7","og_description":"Campanha \u201cCinto-me vivo\u201d a partir de amanh\u00e3 Nacional","og_url":"https:\/\/algarve7.pt\/index.php\/2022\/06\/campanha-cinto-me-vivo-a-partir-de-amanha\/nacional\/11\/22\/","og_site_name":"Algarve 7","article_publisher":"https:\/\/www.facebook.com\/algarve7","article_author":"https:\/\/www.facebook.com\/algarve7","article_published_time":"2022-06-20T10:22:38+00:00","article_modified_time":"2022-06-20T10:22:39+00:00","og_image":[{"width":1920,"height":996,"url":"https:\/\/algarve7.pt\/wp-content\/uploads\/2020\/11\/ANSR.jpg","type":"image\/jpeg"}],"author":"Algarve 7","twitter_card":"summary_large_image","twitter_creator":"@Algarvesete","twitter_site":"@Algarvesete","twitter_misc":{"Escrito por":"Algarve 7","Tempo estimado de leitura":"3 minutos"},"schema":{"@context":"https:\/\/schema.org","@graph":[{"@type":"Article","@id":"https:\/\/algarve7.pt\/index.php\/2022\/06\/campanha-cinto-me-vivo-a-partir-de-amanha\/nacional\/11\/22\/#article","isPartOf":{"@id":"https:\/\/algarve7.pt\/index.php\/2022\/06\/campanha-cinto-me-vivo-a-partir-de-amanha\/nacional\/11\/22\/"},"author":{"name":"Algarve 7","@id":"https:\/\/algarve7.pt\/#\/schema\/person\/23fa70681308e7b319a3204bcea45e0c"},"headline":"Campanha \u201cCinto-me vivo\u201d a partir de amanh\u00e3","datePublished":"2022-06-20T10:22:38+00:00","dateModified":"2022-06-20T10:22:39+00:00","mainEntityOfPage":{"@id":"https:\/\/algarve7.pt\/index.php\/2022\/06\/campanha-cinto-me-vivo-a-partir-de-amanha\/nacional\/11\/22\/"},"wordCount":520,"publisher":{"@id":"https:\/\/algarve7.pt\/#organization"},"image":{"@id":"https:\/\/algarve7.pt\/index.php\/2022\/06\/campanha-cinto-me-vivo-a-partir-de-amanha\/nacional\/11\/22\/#primaryimage"},"thumbnailUrl":"https:\/\/algarve7.pt\/wp-content\/uploads\/2020\/11\/ANSR.jpg","keywords":["ANSR","Atualidade","GNR","Nacional","PSP"],"articleSection":["Nacional"],"inLanguage":"pt-PT"},{"@type":"WebPage","@id":"https:\/\/algarve7.pt\/index.php\/2022\/06\/campanha-cinto-me-vivo-a-partir-de-amanha\/nacional\/11\/22\/","url":"https:\/\/algarve7.pt\/index.php\/2022\/06\/campanha-cinto-me-vivo-a-partir-de-amanha\/nacional\/11\/22\/","name":"Campanha \u201cCinto-me vivo\u201d a partir de amanh\u00e3 - Algarve 7","isPartOf":{"@id":"https:\/\/algarve7.pt\/#website"},"primaryImageOfPage":{"@id":"https:\/\/algarve7.pt\/index.php\/2022\/06\/campanha-cinto-me-vivo-a-partir-de-amanha\/nacional\/11\/22\/#primaryimage"},"image":{"@id":"https:\/\/algarve7.pt\/index.php\/2022\/06\/campanha-cinto-me-vivo-a-partir-de-amanha\/nacional\/11\/22\/#primaryimage"},"thumbnailUrl":"https:\/\/algarve7.pt\/wp-content\/uploads\/2020\/11\/ANSR.jpg","datePublished":"2022-06-20T10:22:38+00:00","dateModified":"2022-06-20T10:22:39+00:00","description":"Campanha \u201cCinto-me vivo\u201d a partir de amanh\u00e3 Nacional","breadcrumb":{"@id":"https:\/\/algarve7.pt\/index.php\/2022\/06\/campanha-cinto-me-vivo-a-partir-de-amanha\/nacional\/11\/22\/#breadcrumb"},"inLanguage":"pt-PT","potentialAction":[{"@type":"ReadAction","target":["https:\/\/algarve7.pt\/index.php\/2022\/06\/campanha-cinto-me-vivo-a-partir-de-amanha\/nacional\/11\/22\/"]}]},{"@type":"ImageObject","inLanguage":"pt-PT","@id":"https:\/\/algarve7.pt\/index.php\/2022\/06\/campanha-cinto-me-vivo-a-partir-de-amanha\/nacional\/11\/22\/#primaryimage","url":"https:\/\/algarve7.pt\/wp-content\/uploads\/2020\/11\/ANSR.jpg","contentUrl":"https:\/\/algarve7.pt\/wp-content\/uploads\/2020\/11\/ANSR.jpg","width":1920,"height":996},{"@type":"BreadcrumbList","@id":"https:\/\/algarve7.pt\/index.php\/2022\/06\/campanha-cinto-me-vivo-a-partir-de-amanha\/nacional\/11\/22\/#breadcrumb","itemListElement":[{"@type":"ListItem","position":1,"name":"In\u00edcio","item":"https:\/\/algarve7.pt\/"},{"@type":"ListItem","position":2,"name":"Campanha \u201cCinto-me vivo\u201d a partir de amanh\u00e3"}]},{"@type":"WebSite","@id":"https:\/\/algarve7.pt\/#website","url":"https:\/\/algarve7.pt\/","name":"Algarve 7","description":"Informa\u00e7\u00e3o sobre o Algarve","publisher":{"@id":"https:\/\/algarve7.pt\/#organization"},"potentialAction":[{"@type":"SearchAction","target":{"@type":"EntryPoint","urlTemplate":"https:\/\/algarve7.pt\/?s={search_term_string}"},"query-input":{"@type":"PropertyValueSpecification","valueRequired":true,"valueName":"search_term_string"}}],"inLanguage":"pt-PT"},{"@type":"Organization","@id":"https:\/\/algarve7.pt\/#organization","name":"Algarve 7","url":"https:\/\/algarve7.pt\/","logo":{"@type":"ImageObject","inLanguage":"pt-PT","@id":"https:\/\/algarve7.pt\/#\/schema\/logo\/image\/","url":"https:\/\/algarve7.pt\/wp-content\/uploads\/2020\/10\/Logo-8.jpg","contentUrl":"https:\/\/algarve7.pt\/wp-content\/uploads\/2020\/10\/Logo-8.jpg","width":1680,"height":1186,"caption":"Algarve 7"},"image":{"@id":"https:\/\/algarve7.pt\/#\/schema\/logo\/image\/"},"sameAs":["https:\/\/www.facebook.com\/algarve7","https:\/\/x.com\/Algarvesete","https:\/\/www.instagram.com\/jornalalgarve7\/","https:\/\/www.linkedin.com\/company\/algarve7","https:\/\/www.pinterest.pt\/geral0939\/_created\/"]},{"@type":"Person","@id":"https:\/\/algarve7.pt\/#\/schema\/person\/23fa70681308e7b319a3204bcea45e0c","name":"Algarve 7","sameAs":["https:\/\/algarve7.pt","https:\/\/www.facebook.com\/algarve7"],"url":"https:\/\/algarve7.pt\/index.php\/author\/geralalgarve7-pt\/"}]}},"jetpack_publicize_connections":[],"jetpack_featured_media_url":"https:\/\/algarve7.pt\/wp-content\/uploads\/2020\/11\/ANSR.jpg","jetpack_shortlink":"https:\/\/wp.me\/pcezmW-55o","jetpack_sharing_enabled":true,"_links":{"self":[{"href":"https:\/\/algarve7.pt\/index.php\/wp-json\/wp\/v2\/posts\/19554","targetHints":{"allow":["GET"]}}],"collection":[{"href":"https:\/\/algarve7.pt\/index.php\/wp-json\/wp\/v2\/posts"}],"about":[{"href":"https:\/\/algarve7.pt\/index.php\/wp-json\/wp\/v2\/types\/post"}],"author":[{"embeddable":true,"href":"https:\/\/algarve7.pt\/index.php\/wp-json\/wp\/v2\/users\/1"}],"replies":[{"embeddable":true,"href":"https:\/\/algarve7.pt\/index.php\/wp-json\/wp\/v2\/comments?post=19554"}],"version-history":[{"count":0,"href":"https:\/\/algarve7.pt\/index.php\/wp-json\/wp\/v2\/posts\/19554\/revisions"}],"wp:featuredmedia":[{"embeddable":true,"href":"https:\/\/algarve7.pt\/index.php\/wp-json\/wp\/v2\/media\/4189"}],"wp:attachment":[{"href":"https:\/\/algarve7.pt\/index.php\/wp-json\/wp\/v2\/media?parent=19554"}],"wp:term":[{"taxonomy":"category","embeddable":true,"href":"https:\/\/algarve7.pt\/index.php\/wp-json\/wp\/v2\/categories?post=19554"},{"taxonomy":"post_tag","embeddable":true,"href":"https:\/\/algarve7.pt\/index.php\/wp-json\/wp\/v2\/tags?post=19554"}],"curies":[{"name":"wp","href":"https:\/\/api.w.org\/{rel}","templated":true}]}}