{"id":19551,"date":"2022-06-20T11:12:15","date_gmt":"2022-06-20T10:12:15","guid":{"rendered":"https:\/\/algarve7.pt\/?p=19551"},"modified":"2022-06-20T11:12:16","modified_gmt":"2022-06-20T10:12:16","slug":"cientistas-da-universidade-de-coimbra-criam-dispositivo-inovador-para-producao-de-energia-a-partir-das-ondas","status":"publish","type":"post","link":"https:\/\/algarve7.pt\/index.php\/2022\/06\/cientistas-da-universidade-de-coimbra-criam-dispositivo-inovador-para-producao-de-energia-a-partir-das-ondas\/ambiente\/11\/12\/","title":{"rendered":"Cientistas da Universidade de Coimbra criam dispositivo inovador para produ\u00e7\u00e3o de energia a partir das ondas"},"content":{"rendered":"\n<p>Uma equipa da Universidade de Coimbra (UC) desenvolveu um dispositivo inovador para converter a energia armazenada nas ondas do mar em energia el\u00e9trica. A inven\u00e7\u00e3o j\u00e1 est\u00e1 protegida por patente internacional.<\/p>\n\n\n\n<p>O dispositivo, designado \ud835\udde5\ud835\uddd8\ud835\uddd8\ud835\uddd9\ud835\udde6, acr\u00f3nimo de <em>\ud835\udde5\ud835\uddf2\ud835\uddfb\ud835\uddf2\ud835\ude04\ud835\uddee\ud835\uddef\ud835\uddf9\ud835\uddf2<\/em><em> <\/em><em>\ud835\uddd8\ud835\uddf9\ud835\uddf2\ud835\uddf0\ud835\ude01\ud835\uddff\ud835\uddf6\ud835\uddf0<\/em><em> <\/em><em>\ud835\uddd8\ud835\uddfb\ud835\uddf2\ud835\uddff\ud835\uddf4\ud835\ude06<\/em><em> <\/em><em>\ud835\uddd9\ud835\uddff\ud835\uddfc\ud835\uddfa<\/em><em> <\/em><em>\ud835\udde6\ud835\uddf2\ud835\uddee<\/em> (energia el\u00e9trica renov\u00e1vel a partir do mar), resulta de oito anos de investiga\u00e7\u00e3o desenvolvida no Laborat\u00f3rio de Hidr\u00e1ulica, Recursos H\u00eddricos e Ambiente do Departamento de Engenharia Civil (DC), da Faculdade de Ci\u00eancias e Tecnologia da Universidade de Coimbra (FCTUC).<\/p>\n\n\n\n<p>Este conversor de energia das ondas desenvolvido na UC, j\u00e1 com patente internacional concedida, \u00e9 um dispositivo costeiro modular que fica totalmente submerso, invis\u00edvel \u00e0 superf\u00edcie do mar. \u00ab<strong>\u00c9 apoiado em pilares e o resto do fundo do mar fica livre para todo o tipo de processos marinhos<\/strong>\u00bb, explica o l\u00edder do projeto, Jos\u00e9 Lopes de Almeida.<\/p>\n\n\n\n<p>Por outro lado, sublinha, \u00e9 um dispositivo que \u00ab<strong>procura utilizar tecnologias que j\u00e1 existem, nomeadamente as turbinas de ultrabaixa queda que s\u00e3o aplicadas nos aproveitamentos mini-h\u00eddricos e que recentemente se tornaram competitivas em termos comerciais. \u00c9 poss\u00edvel migrar essa tecnologia para o mar e aplic\u00e1-la precisamente para aproveitar os desn\u00edveis criados pelas ondas, que na nossa costa ocidental apresentam frequentemente alturas de 1 a 5 metros<\/strong><a>\u00bb<\/a>.<\/p>\n\n\n\n<p>Basicamente, sintetiza o cientista, \u00ab<strong>o que o dispositivo faz \u00e9 transformar o movimento alternado das ondas do mar num fluxo de \u00e1gua cont\u00ednuo no interior do conversor REEFS. Esse fluxo, criado entre a crista e a cava das ondas, pode ser usado para acionar as referidas turbinas mini-h\u00eddricas de ultrabaixa queda<\/strong>\u00bb, o representa um salto tecnol\u00f3gico consider\u00e1vel, pois \u00ab<strong>n\u00e3o precisamos de desenvolver uma tecnologia de raiz, podemos adaptar uma tecnologia hidroel\u00e9trica j\u00e1 existente<\/strong>\u00bb.<\/p>\n\n\n\n<p>Al\u00e9m disso, esta tecnologia contribui para mitigar a eros\u00e3o costeira, uma vez que pode funcionar como um recife artificial, induzindo a rebenta\u00e7\u00e3o precoce das ondas para assim retirar, logo \u00e0 partida, alguma da sua energia antes que atinjam a linha de costa.<\/p>\n\n\n\n<p>Jos\u00e9 Lopes de Almeida lembra que a investiga\u00e7\u00e3o nesta \u00e1rea assume hoje particular relev\u00e2ncia tendo em conta a atual conjuntura internacional causada pela guerra na Ucr\u00e2nia. \u00ab<strong>A situa\u00e7\u00e3o atual<\/strong> <strong>chama a aten\u00e7\u00e3o para a extraordin\u00e1ria vulnerabilidade da Europa em rela\u00e7\u00e3o \u00e0 sua depend\u00eancia energ\u00e9tica. Por exemplo, no caso de Portugal, o pa\u00eds importa ainda hoje cerca de 2\/3 dos seus recursos energ\u00e9ticos.&nbsp; Portanto, olhar para os recursos end\u00f3genos marinhos e procurar utiliz\u00e1-los, criando valor para a economia, \u00e9 um desiderato que se imp\u00f5e, particularmente em Portugal,<\/strong> <strong>porque \u00e9 um pa\u00eds que tem uma linha de costa bastante extensa relativamente \u00e0 sua \u00e1rea territorial<\/strong>\u00bb.<\/p>\n\n\n\n<p>No entanto, para que esta solu\u00e7\u00e3o tecnol\u00f3gica possa chegar ao mercado, ainda s\u00e3o necess\u00e1rios novos estudos e testes, esclarece o coordenador do projeto: \u00ab<strong>o conceito est\u00e1 provado<\/strong>. <strong>Demonstr\u00e1mos em laborat\u00f3rio a transforma\u00e7\u00e3o de toda a cadeia \u2013 desde a onda at\u00e9 \u00e0 produ\u00e7\u00e3o de energia el\u00e9trica. Contudo, para chegar \u00e0 fase comercial, o dispositivo tem de ser otimizado e testado a escalas sucessivamente maiores at\u00e9 instalarmos um projeto piloto no mar, s\u00f3 depois \u00e9 que poderemos passar \u00e0 fase de comercializa\u00e7\u00e3o da tecnologia<\/strong>\u00bb.<\/p>\n\n\n\n<p>Nesse sentido, a equipa, que, al\u00e9m de Jos\u00e9 Lopes de Almeida, integra Fernando Seabra Santos, Aldina Santiago, Maria Constan\u00e7a Rigueiro e Daniel Oliveira, est\u00e1 a concorrer a financiamentos, com o apoio da <a href=\"https:\/\/www.uc.pt\/ucbusiness\/\">UC Business<\/a> \u2013 Gabinete de Transfer\u00eancia de Tecnologia da UC \u2013, que permitam efetuar uma instala\u00e7\u00e3o no mar, na costa portuguesa, \u00ab<strong>um passo muito importante para testar, em condi\u00e7\u00f5es reais, a performance do dispositivo e avaliar todas as condicionantes que poder\u00e3o advir da sua instala\u00e7\u00e3o em ambiente marinho<\/strong>\u00bb.<\/p>\n\n\n\n<p>Apesar do caminho que o projeto ainda tem pela frente, a estimativa \u00e9 que, quando o produto estiver apto a ser instalado no mar, evoluir\u00e1 em competitividade, como ocorreu com a energia e\u00f3lica. \u00ab<strong>Do ponto de vista concorrencial, tem um potencial compar\u00e1vel ao da energia e\u00f3lica, embora o mercado n\u00e3o seja t\u00e3o abrangente, com a vantagem de n\u00e3o ter impacto paisag\u00edstico, proporcionar maior previsibilidade na produ\u00e7\u00e3o e se localizar no litoral onde usualmente se concentra a maior parte da atividade econ\u00f3mica\u00bb<\/strong>, conclui Jos\u00e9 Lopes de Almeida.<\/p>\n\n\n\n<p>O v\u00eddeo de apresenta\u00e7\u00e3o do projeto est\u00e1 dispon\u00edvel em: <a href=\"https:\/\/www.facebook.com\/UCBusinessGlobal\/videos\/1900365786829431\" target=\"_blank\" rel=\"noreferrer noopener\">https:\/\/www.facebook.com\/UCBusinessGlobal\/videos\/1900365786829431<\/a><\/p>\n","protected":false},"excerpt":{"rendered":"<p>Uma equipa da Universidade de Coimbra (UC) desenvolveu um dispositivo inovador para converter a energia armazenada nas ondas do mar<\/p>\n","protected":false},"author":1,"featured_media":19552,"comment_status":"closed","ping_status":"open","sticky":false,"template":"","format":"standard","meta":{"colormag_page_container_layout":"default_layout","colormag_page_sidebar_layout":"default_layout","_monsterinsights_skip_tracking":false,"_monsterinsights_sitenote_active":false,"_monsterinsights_sitenote_note":"","_monsterinsights_sitenote_category":0,"jetpack_post_was_ever_published":false,"_jetpack_newsletter_access":"","_jetpack_dont_email_post_to_subs":false,"_jetpack_newsletter_tier_id":0,"_jetpack_memberships_contains_paywalled_content":false,"_jetpack_memberships_contains_paid_content":false,"footnotes":"","jetpack_publicize_message":"","jetpack_publicize_feature_enabled":true,"jetpack_social_post_already_shared":true,"jetpack_social_options":{"image_generator_settings":{"template":"highway","default_image_id":0,"font":"","enabled":false},"version":2}},"categories":[5,189],"tags":[32,98,299],"class_list":["post-19551","post","type-post","status-publish","format-standard","has-post-thumbnail","hentry","category-ambiente","category-nacional","tag-ambiente","tag-nacional","tag-universidade-coimbra"],"yoast_head":"<!-- This site is optimized with the Yoast SEO plugin v27.5 - https:\/\/yoast.com\/product\/yoast-seo-wordpress\/ -->\n<title>Cientistas da Universidade de Coimbra criam dispositivo inovador para produ\u00e7\u00e3o de energia a partir das ondas - Algarve 7<\/title>\n<meta name=\"description\" content=\"Cientistas da Universidade de Coimbra criam dispositivo inovador para produ\u00e7\u00e3o de energia a partir das ondas Ambiente\" \/>\n<meta name=\"robots\" content=\"index, follow, max-snippet:-1, max-image-preview:large, max-video-preview:-1\" \/>\n<link rel=\"canonical\" href=\"https:\/\/algarve7.pt\/index.php\/2022\/06\/cientistas-da-universidade-de-coimbra-criam-dispositivo-inovador-para-producao-de-energia-a-partir-das-ondas\/ambiente\/11\/12\/\" \/>\n<meta property=\"og:locale\" content=\"pt_PT\" \/>\n<meta property=\"og:type\" content=\"article\" \/>\n<meta property=\"og:title\" content=\"Cientistas da Universidade de Coimbra criam dispositivo inovador para produ\u00e7\u00e3o de energia a partir das ondas - Algarve 7\" \/>\n<meta property=\"og:description\" content=\"Cientistas da Universidade de Coimbra criam dispositivo inovador para produ\u00e7\u00e3o de energia a partir das ondas Ambiente\" \/>\n<meta property=\"og:url\" content=\"https:\/\/algarve7.pt\/index.php\/2022\/06\/cientistas-da-universidade-de-coimbra-criam-dispositivo-inovador-para-producao-de-energia-a-partir-das-ondas\/ambiente\/11\/12\/\" \/>\n<meta property=\"og:site_name\" content=\"Algarve 7\" \/>\n<meta property=\"article:publisher\" content=\"https:\/\/www.facebook.com\/algarve7\" \/>\n<meta property=\"article:author\" content=\"https:\/\/www.facebook.com\/algarve7\" \/>\n<meta property=\"article:published_time\" content=\"2022-06-20T10:12:15+00:00\" \/>\n<meta property=\"article:modified_time\" content=\"2022-06-20T10:12:16+00:00\" \/>\n<meta property=\"og:image\" content=\"https:\/\/algarve7.pt\/wp-content\/uploads\/2022\/06\/da-esquerda-para-a-direita-Daniel-Oliveira-Aldina-Santiago-e-Jose\u0301-Lopes-de-Almeida-scaled.jpg\" \/>\n\t<meta property=\"og:image:width\" content=\"2560\" \/>\n\t<meta property=\"og:image:height\" content=\"1328\" \/>\n\t<meta property=\"og:image:type\" content=\"image\/jpeg\" \/>\n<meta name=\"author\" content=\"Algarve 7\" \/>\n<meta name=\"twitter:card\" content=\"summary_large_image\" \/>\n<meta name=\"twitter:creator\" content=\"@Algarvesete\" \/>\n<meta name=\"twitter:site\" content=\"@Algarvesete\" \/>\n<meta name=\"twitter:label1\" content=\"Escrito por\" \/>\n\t<meta name=\"twitter:data1\" content=\"Algarve 7\" \/>\n\t<meta name=\"twitter:label2\" content=\"Tempo estimado de leitura\" \/>\n\t<meta name=\"twitter:data2\" content=\"4 minutos\" \/>\n<script type=\"application\/ld+json\" class=\"yoast-schema-graph\">{\"@context\":\"https:\\\/\\\/schema.org\",\"@graph\":[{\"@type\":\"Article\",\"@id\":\"https:\\\/\\\/algarve7.pt\\\/index.php\\\/2022\\\/06\\\/cientistas-da-universidade-de-coimbra-criam-dispositivo-inovador-para-producao-de-energia-a-partir-das-ondas\\\/ambiente\\\/11\\\/12\\\/#article\",\"isPartOf\":{\"@id\":\"https:\\\/\\\/algarve7.pt\\\/index.php\\\/2022\\\/06\\\/cientistas-da-universidade-de-coimbra-criam-dispositivo-inovador-para-producao-de-energia-a-partir-das-ondas\\\/ambiente\\\/11\\\/12\\\/\"},\"author\":{\"name\":\"Algarve 7\",\"@id\":\"https:\\\/\\\/algarve7.pt\\\/#\\\/schema\\\/person\\\/23fa70681308e7b319a3204bcea45e0c\"},\"headline\":\"Cientistas da Universidade de Coimbra criam dispositivo inovador para produ\u00e7\u00e3o de energia a partir das ondas\",\"datePublished\":\"2022-06-20T10:12:15+00:00\",\"dateModified\":\"2022-06-20T10:12:16+00:00\",\"mainEntityOfPage\":{\"@id\":\"https:\\\/\\\/algarve7.pt\\\/index.php\\\/2022\\\/06\\\/cientistas-da-universidade-de-coimbra-criam-dispositivo-inovador-para-producao-de-energia-a-partir-das-ondas\\\/ambiente\\\/11\\\/12\\\/\"},\"wordCount\":747,\"publisher\":{\"@id\":\"https:\\\/\\\/algarve7.pt\\\/#organization\"},\"image\":{\"@id\":\"https:\\\/\\\/algarve7.pt\\\/index.php\\\/2022\\\/06\\\/cientistas-da-universidade-de-coimbra-criam-dispositivo-inovador-para-producao-de-energia-a-partir-das-ondas\\\/ambiente\\\/11\\\/12\\\/#primaryimage\"},\"thumbnailUrl\":\"https:\\\/\\\/algarve7.pt\\\/wp-content\\\/uploads\\\/2022\\\/06\\\/da-esquerda-para-a-direita-Daniel-Oliveira-Aldina-Santiago-e-Jose\u0301-Lopes-de-Almeida-scaled.jpg\",\"keywords\":[\"Ambiente\",\"Nacional\",\"Universidade Coimbra\"],\"articleSection\":[\"Ambiente\",\"Nacional\"],\"inLanguage\":\"pt-PT\"},{\"@type\":\"WebPage\",\"@id\":\"https:\\\/\\\/algarve7.pt\\\/index.php\\\/2022\\\/06\\\/cientistas-da-universidade-de-coimbra-criam-dispositivo-inovador-para-producao-de-energia-a-partir-das-ondas\\\/ambiente\\\/11\\\/12\\\/\",\"url\":\"https:\\\/\\\/algarve7.pt\\\/index.php\\\/2022\\\/06\\\/cientistas-da-universidade-de-coimbra-criam-dispositivo-inovador-para-producao-de-energia-a-partir-das-ondas\\\/ambiente\\\/11\\\/12\\\/\",\"name\":\"Cientistas da Universidade de Coimbra criam dispositivo inovador para produ\u00e7\u00e3o de energia a partir das ondas - Algarve 7\",\"isPartOf\":{\"@id\":\"https:\\\/\\\/algarve7.pt\\\/#website\"},\"primaryImageOfPage\":{\"@id\":\"https:\\\/\\\/algarve7.pt\\\/index.php\\\/2022\\\/06\\\/cientistas-da-universidade-de-coimbra-criam-dispositivo-inovador-para-producao-de-energia-a-partir-das-ondas\\\/ambiente\\\/11\\\/12\\\/#primaryimage\"},\"image\":{\"@id\":\"https:\\\/\\\/algarve7.pt\\\/index.php\\\/2022\\\/06\\\/cientistas-da-universidade-de-coimbra-criam-dispositivo-inovador-para-producao-de-energia-a-partir-das-ondas\\\/ambiente\\\/11\\\/12\\\/#primaryimage\"},\"thumbnailUrl\":\"https:\\\/\\\/algarve7.pt\\\/wp-content\\\/uploads\\\/2022\\\/06\\\/da-esquerda-para-a-direita-Daniel-Oliveira-Aldina-Santiago-e-Jose\u0301-Lopes-de-Almeida-scaled.jpg\",\"datePublished\":\"2022-06-20T10:12:15+00:00\",\"dateModified\":\"2022-06-20T10:12:16+00:00\",\"description\":\"Cientistas da Universidade de Coimbra criam dispositivo inovador para produ\u00e7\u00e3o de energia a partir das ondas Ambiente\",\"breadcrumb\":{\"@id\":\"https:\\\/\\\/algarve7.pt\\\/index.php\\\/2022\\\/06\\\/cientistas-da-universidade-de-coimbra-criam-dispositivo-inovador-para-producao-de-energia-a-partir-das-ondas\\\/ambiente\\\/11\\\/12\\\/#breadcrumb\"},\"inLanguage\":\"pt-PT\",\"potentialAction\":[{\"@type\":\"ReadAction\",\"target\":[\"https:\\\/\\\/algarve7.pt\\\/index.php\\\/2022\\\/06\\\/cientistas-da-universidade-de-coimbra-criam-dispositivo-inovador-para-producao-de-energia-a-partir-das-ondas\\\/ambiente\\\/11\\\/12\\\/\"]}]},{\"@type\":\"ImageObject\",\"inLanguage\":\"pt-PT\",\"@id\":\"https:\\\/\\\/algarve7.pt\\\/index.php\\\/2022\\\/06\\\/cientistas-da-universidade-de-coimbra-criam-dispositivo-inovador-para-producao-de-energia-a-partir-das-ondas\\\/ambiente\\\/11\\\/12\\\/#primaryimage\",\"url\":\"https:\\\/\\\/algarve7.pt\\\/wp-content\\\/uploads\\\/2022\\\/06\\\/da-esquerda-para-a-direita-Daniel-Oliveira-Aldina-Santiago-e-Jose\u0301-Lopes-de-Almeida-scaled.jpg\",\"contentUrl\":\"https:\\\/\\\/algarve7.pt\\\/wp-content\\\/uploads\\\/2022\\\/06\\\/da-esquerda-para-a-direita-Daniel-Oliveira-Aldina-Santiago-e-Jose\u0301-Lopes-de-Almeida-scaled.jpg\",\"width\":2560,\"height\":1328},{\"@type\":\"BreadcrumbList\",\"@id\":\"https:\\\/\\\/algarve7.pt\\\/index.php\\\/2022\\\/06\\\/cientistas-da-universidade-de-coimbra-criam-dispositivo-inovador-para-producao-de-energia-a-partir-das-ondas\\\/ambiente\\\/11\\\/12\\\/#breadcrumb\",\"itemListElement\":[{\"@type\":\"ListItem\",\"position\":1,\"name\":\"In\u00edcio\",\"item\":\"https:\\\/\\\/algarve7.pt\\\/\"},{\"@type\":\"ListItem\",\"position\":2,\"name\":\"Cientistas da Universidade de Coimbra criam dispositivo inovador para produ\u00e7\u00e3o de energia a partir das ondas\"}]},{\"@type\":\"WebSite\",\"@id\":\"https:\\\/\\\/algarve7.pt\\\/#website\",\"url\":\"https:\\\/\\\/algarve7.pt\\\/\",\"name\":\"Algarve 7\",\"description\":\"Informa\u00e7\u00e3o sobre o Algarve\",\"publisher\":{\"@id\":\"https:\\\/\\\/algarve7.pt\\\/#organization\"},\"potentialAction\":[{\"@type\":\"SearchAction\",\"target\":{\"@type\":\"EntryPoint\",\"urlTemplate\":\"https:\\\/\\\/algarve7.pt\\\/?s={search_term_string}\"},\"query-input\":{\"@type\":\"PropertyValueSpecification\",\"valueRequired\":true,\"valueName\":\"search_term_string\"}}],\"inLanguage\":\"pt-PT\"},{\"@type\":\"Organization\",\"@id\":\"https:\\\/\\\/algarve7.pt\\\/#organization\",\"name\":\"Algarve 7\",\"url\":\"https:\\\/\\\/algarve7.pt\\\/\",\"logo\":{\"@type\":\"ImageObject\",\"inLanguage\":\"pt-PT\",\"@id\":\"https:\\\/\\\/algarve7.pt\\\/#\\\/schema\\\/logo\\\/image\\\/\",\"url\":\"https:\\\/\\\/algarve7.pt\\\/wp-content\\\/uploads\\\/2020\\\/10\\\/Logo-8.jpg\",\"contentUrl\":\"https:\\\/\\\/algarve7.pt\\\/wp-content\\\/uploads\\\/2020\\\/10\\\/Logo-8.jpg\",\"width\":1680,\"height\":1186,\"caption\":\"Algarve 7\"},\"image\":{\"@id\":\"https:\\\/\\\/algarve7.pt\\\/#\\\/schema\\\/logo\\\/image\\\/\"},\"sameAs\":[\"https:\\\/\\\/www.facebook.com\\\/algarve7\",\"https:\\\/\\\/x.com\\\/Algarvesete\",\"https:\\\/\\\/www.instagram.com\\\/jornalalgarve7\\\/\",\"https:\\\/\\\/www.linkedin.com\\\/company\\\/algarve7\",\"https:\\\/\\\/www.pinterest.pt\\\/geral0939\\\/_created\\\/\"]},{\"@type\":\"Person\",\"@id\":\"https:\\\/\\\/algarve7.pt\\\/#\\\/schema\\\/person\\\/23fa70681308e7b319a3204bcea45e0c\",\"name\":\"Algarve 7\",\"sameAs\":[\"https:\\\/\\\/algarve7.pt\",\"https:\\\/\\\/www.facebook.com\\\/algarve7\"],\"url\":\"https:\\\/\\\/algarve7.pt\\\/index.php\\\/author\\\/geralalgarve7-pt\\\/\"}]}<\/script>\n<!-- \/ Yoast SEO plugin. -->","yoast_head_json":{"title":"Cientistas da Universidade de Coimbra criam dispositivo inovador para produ\u00e7\u00e3o de energia a partir das ondas - Algarve 7","description":"Cientistas da Universidade de Coimbra criam dispositivo inovador para produ\u00e7\u00e3o de energia a partir das ondas Ambiente","robots":{"index":"index","follow":"follow","max-snippet":"max-snippet:-1","max-image-preview":"max-image-preview:large","max-video-preview":"max-video-preview:-1"},"canonical":"https:\/\/algarve7.pt\/index.php\/2022\/06\/cientistas-da-universidade-de-coimbra-criam-dispositivo-inovador-para-producao-de-energia-a-partir-das-ondas\/ambiente\/11\/12\/","og_locale":"pt_PT","og_type":"article","og_title":"Cientistas da Universidade de Coimbra criam dispositivo inovador para produ\u00e7\u00e3o de energia a partir das ondas - Algarve 7","og_description":"Cientistas da Universidade de Coimbra criam dispositivo inovador para produ\u00e7\u00e3o de energia a partir das ondas Ambiente","og_url":"https:\/\/algarve7.pt\/index.php\/2022\/06\/cientistas-da-universidade-de-coimbra-criam-dispositivo-inovador-para-producao-de-energia-a-partir-das-ondas\/ambiente\/11\/12\/","og_site_name":"Algarve 7","article_publisher":"https:\/\/www.facebook.com\/algarve7","article_author":"https:\/\/www.facebook.com\/algarve7","article_published_time":"2022-06-20T10:12:15+00:00","article_modified_time":"2022-06-20T10:12:16+00:00","og_image":[{"width":2560,"height":1328,"url":"https:\/\/algarve7.pt\/wp-content\/uploads\/2022\/06\/da-esquerda-para-a-direita-Daniel-Oliveira-Aldina-Santiago-e-Jose\u0301-Lopes-de-Almeida-scaled.jpg","type":"image\/jpeg"}],"author":"Algarve 7","twitter_card":"summary_large_image","twitter_creator":"@Algarvesete","twitter_site":"@Algarvesete","twitter_misc":{"Escrito por":"Algarve 7","Tempo estimado de leitura":"4 minutos"},"schema":{"@context":"https:\/\/schema.org","@graph":[{"@type":"Article","@id":"https:\/\/algarve7.pt\/index.php\/2022\/06\/cientistas-da-universidade-de-coimbra-criam-dispositivo-inovador-para-producao-de-energia-a-partir-das-ondas\/ambiente\/11\/12\/#article","isPartOf":{"@id":"https:\/\/algarve7.pt\/index.php\/2022\/06\/cientistas-da-universidade-de-coimbra-criam-dispositivo-inovador-para-producao-de-energia-a-partir-das-ondas\/ambiente\/11\/12\/"},"author":{"name":"Algarve 7","@id":"https:\/\/algarve7.pt\/#\/schema\/person\/23fa70681308e7b319a3204bcea45e0c"},"headline":"Cientistas da Universidade de Coimbra criam dispositivo inovador para produ\u00e7\u00e3o de energia a partir das ondas","datePublished":"2022-06-20T10:12:15+00:00","dateModified":"2022-06-20T10:12:16+00:00","mainEntityOfPage":{"@id":"https:\/\/algarve7.pt\/index.php\/2022\/06\/cientistas-da-universidade-de-coimbra-criam-dispositivo-inovador-para-producao-de-energia-a-partir-das-ondas\/ambiente\/11\/12\/"},"wordCount":747,"publisher":{"@id":"https:\/\/algarve7.pt\/#organization"},"image":{"@id":"https:\/\/algarve7.pt\/index.php\/2022\/06\/cientistas-da-universidade-de-coimbra-criam-dispositivo-inovador-para-producao-de-energia-a-partir-das-ondas\/ambiente\/11\/12\/#primaryimage"},"thumbnailUrl":"https:\/\/algarve7.pt\/wp-content\/uploads\/2022\/06\/da-esquerda-para-a-direita-Daniel-Oliveira-Aldina-Santiago-e-Jose\u0301-Lopes-de-Almeida-scaled.jpg","keywords":["Ambiente","Nacional","Universidade Coimbra"],"articleSection":["Ambiente","Nacional"],"inLanguage":"pt-PT"},{"@type":"WebPage","@id":"https:\/\/algarve7.pt\/index.php\/2022\/06\/cientistas-da-universidade-de-coimbra-criam-dispositivo-inovador-para-producao-de-energia-a-partir-das-ondas\/ambiente\/11\/12\/","url":"https:\/\/algarve7.pt\/index.php\/2022\/06\/cientistas-da-universidade-de-coimbra-criam-dispositivo-inovador-para-producao-de-energia-a-partir-das-ondas\/ambiente\/11\/12\/","name":"Cientistas da Universidade de Coimbra criam dispositivo inovador para produ\u00e7\u00e3o de energia a partir das ondas - Algarve 7","isPartOf":{"@id":"https:\/\/algarve7.pt\/#website"},"primaryImageOfPage":{"@id":"https:\/\/algarve7.pt\/index.php\/2022\/06\/cientistas-da-universidade-de-coimbra-criam-dispositivo-inovador-para-producao-de-energia-a-partir-das-ondas\/ambiente\/11\/12\/#primaryimage"},"image":{"@id":"https:\/\/algarve7.pt\/index.php\/2022\/06\/cientistas-da-universidade-de-coimbra-criam-dispositivo-inovador-para-producao-de-energia-a-partir-das-ondas\/ambiente\/11\/12\/#primaryimage"},"thumbnailUrl":"https:\/\/algarve7.pt\/wp-content\/uploads\/2022\/06\/da-esquerda-para-a-direita-Daniel-Oliveira-Aldina-Santiago-e-Jose\u0301-Lopes-de-Almeida-scaled.jpg","datePublished":"2022-06-20T10:12:15+00:00","dateModified":"2022-06-20T10:12:16+00:00","description":"Cientistas da Universidade de Coimbra criam dispositivo inovador para produ\u00e7\u00e3o de energia a partir das ondas Ambiente","breadcrumb":{"@id":"https:\/\/algarve7.pt\/index.php\/2022\/06\/cientistas-da-universidade-de-coimbra-criam-dispositivo-inovador-para-producao-de-energia-a-partir-das-ondas\/ambiente\/11\/12\/#breadcrumb"},"inLanguage":"pt-PT","potentialAction":[{"@type":"ReadAction","target":["https:\/\/algarve7.pt\/index.php\/2022\/06\/cientistas-da-universidade-de-coimbra-criam-dispositivo-inovador-para-producao-de-energia-a-partir-das-ondas\/ambiente\/11\/12\/"]}]},{"@type":"ImageObject","inLanguage":"pt-PT","@id":"https:\/\/algarve7.pt\/index.php\/2022\/06\/cientistas-da-universidade-de-coimbra-criam-dispositivo-inovador-para-producao-de-energia-a-partir-das-ondas\/ambiente\/11\/12\/#primaryimage","url":"https:\/\/algarve7.pt\/wp-content\/uploads\/2022\/06\/da-esquerda-para-a-direita-Daniel-Oliveira-Aldina-Santiago-e-Jose\u0301-Lopes-de-Almeida-scaled.jpg","contentUrl":"https:\/\/algarve7.pt\/wp-content\/uploads\/2022\/06\/da-esquerda-para-a-direita-Daniel-Oliveira-Aldina-Santiago-e-Jose\u0301-Lopes-de-Almeida-scaled.jpg","width":2560,"height":1328},{"@type":"BreadcrumbList","@id":"https:\/\/algarve7.pt\/index.php\/2022\/06\/cientistas-da-universidade-de-coimbra-criam-dispositivo-inovador-para-producao-de-energia-a-partir-das-ondas\/ambiente\/11\/12\/#breadcrumb","itemListElement":[{"@type":"ListItem","position":1,"name":"In\u00edcio","item":"https:\/\/algarve7.pt\/"},{"@type":"ListItem","position":2,"name":"Cientistas da Universidade de Coimbra criam dispositivo inovador para produ\u00e7\u00e3o de energia a partir das ondas"}]},{"@type":"WebSite","@id":"https:\/\/algarve7.pt\/#website","url":"https:\/\/algarve7.pt\/","name":"Algarve 7","description":"Informa\u00e7\u00e3o sobre o Algarve","publisher":{"@id":"https:\/\/algarve7.pt\/#organization"},"potentialAction":[{"@type":"SearchAction","target":{"@type":"EntryPoint","urlTemplate":"https:\/\/algarve7.pt\/?s={search_term_string}"},"query-input":{"@type":"PropertyValueSpecification","valueRequired":true,"valueName":"search_term_string"}}],"inLanguage":"pt-PT"},{"@type":"Organization","@id":"https:\/\/algarve7.pt\/#organization","name":"Algarve 7","url":"https:\/\/algarve7.pt\/","logo":{"@type":"ImageObject","inLanguage":"pt-PT","@id":"https:\/\/algarve7.pt\/#\/schema\/logo\/image\/","url":"https:\/\/algarve7.pt\/wp-content\/uploads\/2020\/10\/Logo-8.jpg","contentUrl":"https:\/\/algarve7.pt\/wp-content\/uploads\/2020\/10\/Logo-8.jpg","width":1680,"height":1186,"caption":"Algarve 7"},"image":{"@id":"https:\/\/algarve7.pt\/#\/schema\/logo\/image\/"},"sameAs":["https:\/\/www.facebook.com\/algarve7","https:\/\/x.com\/Algarvesete","https:\/\/www.instagram.com\/jornalalgarve7\/","https:\/\/www.linkedin.com\/company\/algarve7","https:\/\/www.pinterest.pt\/geral0939\/_created\/"]},{"@type":"Person","@id":"https:\/\/algarve7.pt\/#\/schema\/person\/23fa70681308e7b319a3204bcea45e0c","name":"Algarve 7","sameAs":["https:\/\/algarve7.pt","https:\/\/www.facebook.com\/algarve7"],"url":"https:\/\/algarve7.pt\/index.php\/author\/geralalgarve7-pt\/"}]}},"jetpack_publicize_connections":[],"jetpack_featured_media_url":"https:\/\/algarve7.pt\/wp-content\/uploads\/2022\/06\/da-esquerda-para-a-direita-Daniel-Oliveira-Aldina-Santiago-e-Jose\u0301-Lopes-de-Almeida-scaled.jpg","jetpack_shortlink":"https:\/\/wp.me\/pcezmW-55l","jetpack_sharing_enabled":true,"_links":{"self":[{"href":"https:\/\/algarve7.pt\/index.php\/wp-json\/wp\/v2\/posts\/19551","targetHints":{"allow":["GET"]}}],"collection":[{"href":"https:\/\/algarve7.pt\/index.php\/wp-json\/wp\/v2\/posts"}],"about":[{"href":"https:\/\/algarve7.pt\/index.php\/wp-json\/wp\/v2\/types\/post"}],"author":[{"embeddable":true,"href":"https:\/\/algarve7.pt\/index.php\/wp-json\/wp\/v2\/users\/1"}],"replies":[{"embeddable":true,"href":"https:\/\/algarve7.pt\/index.php\/wp-json\/wp\/v2\/comments?post=19551"}],"version-history":[{"count":0,"href":"https:\/\/algarve7.pt\/index.php\/wp-json\/wp\/v2\/posts\/19551\/revisions"}],"wp:featuredmedia":[{"embeddable":true,"href":"https:\/\/algarve7.pt\/index.php\/wp-json\/wp\/v2\/media\/19552"}],"wp:attachment":[{"href":"https:\/\/algarve7.pt\/index.php\/wp-json\/wp\/v2\/media?parent=19551"}],"wp:term":[{"taxonomy":"category","embeddable":true,"href":"https:\/\/algarve7.pt\/index.php\/wp-json\/wp\/v2\/categories?post=19551"},{"taxonomy":"post_tag","embeddable":true,"href":"https:\/\/algarve7.pt\/index.php\/wp-json\/wp\/v2\/tags?post=19551"}],"curies":[{"name":"wp","href":"https:\/\/api.w.org\/{rel}","templated":true}]}}