{"id":19542,"date":"2022-06-19T09:40:06","date_gmt":"2022-06-19T08:40:06","guid":{"rendered":"https:\/\/algarve7.pt\/?p=19542"},"modified":"2022-06-19T09:40:07","modified_gmt":"2022-06-19T08:40:07","slug":"livro-do-centenario-da-af-algarve-apresentado-com-casa-cheia","status":"publish","type":"post","link":"https:\/\/algarve7.pt\/index.php\/2022\/06\/livro-do-centenario-da-af-algarve-apresentado-com-casa-cheia\/cultura\/09\/40\/","title":{"rendered":"Livro do Centen\u00e1rio da AF Algarve apresentado com casa cheia"},"content":{"rendered":"\n<p>O livro \u201cAssocia\u00e7\u00e3o de Futebol do Algarve \u2013 100 Anos\u201d foi oficialmente apresentado na noite desta sexta-feira no Audit\u00f3rio da Sede da Institui\u00e7\u00e3o. Reinaldo Teixeira, Presidente da AF Algarve, Armando Alves, autor, e Neto Gomes, orador convidado, falaram sobre a obra de mais de 400 p\u00e1ginas para cerca de 80 pessoas que compareceram para assistir, entre v\u00e1rias entidades da regi\u00e3o, representantes de autarquias, Dire\u00e7\u00e3o Regional do Instituto Portugu\u00eas do Desporto e Juventude, Federa\u00e7\u00e3o Portuguesa de Futebol, Liga Portuguesa de Futebol Profissional, Associa\u00e7\u00f5es cong\u00e9neres, parceiros,&nbsp;membros da Dire\u00e7\u00e3o e atuais e antigos \u00d3rg\u00e3os Sociais da AF Algarve.<\/p>\n\n\n\n<p>&#8220;\u00c9 um orgulho ver a casa cheia. \u00c9 isto que nos move e nos aproxima cada vez mais. O desporto, mais do que aquilo que \u00e9 a competi\u00e7\u00e3o dentro do campo, \u00e9 esta rela\u00e7\u00e3o familiar que vamos criando entre todos&#8221;, real\u00e7ou Reinaldo Teixeira, que evidenciou o papel dos filiados e dos seus agentes desportivos ao longo dos tempos.<\/p>\n\n\n\n<p>&#8220;O que este livro quer fazer \u00e9 marcar este caminho no qual ao longo destes 100 anos tantos homens e tantas mulheres, em v\u00e1rios clubes, em v\u00e1rios \u00d3rg\u00e3os Sociais, fizeram hist\u00f3ria e que hoje tentamos que seja reproduzida atrav\u00e9s da colabora\u00e7\u00e3o do nosso autor, a quem muito agradecemos pelo seu excelente trabalho&#8221;, salientou o Presidente da Dire\u00e7\u00e3o.<\/p>\n\n\n\n<p>Armando Alves aproveitou, igualmente, para confessar o sentimento de &#8220;satisfa\u00e7\u00e3o e orgulho&#8221; por ficar ligado, em forma de livro, a &#8220;um momento t\u00e3o marcante e t\u00e3o bonito do futebol algarvio&#8221;. &#8220;Sabemos hoje, com este livro, mais, muito mais, sobre as origens e o passado do futebol na regi\u00e3o. E, acreditem, quanto mais soubermos do passado mais capazes estaremos para enfrentar o futuro&#8221;, referiu o autor.<\/p>\n\n\n\n<p>&#8220;Este n\u00e3o \u00e9 um livro s\u00f3 de futebol e \u00e9 um livro de todo o Algarve, de todos os concelhos, de todas as freguesias onde algum dia rolou uma bola num campo de futebol ou num pavilh\u00e3o. Na verdade, acaba por ser um livro que vai muito al\u00e9m das fronteiras do Algarve e abarca uma diversidade de pa\u00edses e de continentes, atrav\u00e9s de jogadores, equipas ou sele\u00e7\u00f5es que aqui jogaram ou futebolistas, treinadores e equipas do algarve que atuaram noutras paragens&#8221;, continuou.<\/p>\n\n\n\n<p>&#8220;Olha-se geralmente para um livro como um fruto. Como algo acabado, resultado do trabalho do seu autor e dos que com ele colaboraram, e como uma fonte mais ou menos est\u00e1tica de conhecimento. Gostaria muito que este livro n\u00e3o fosse apenas fruto e se transformasse em semente, ganhando uma din\u00e2mica multiplicadora&#8221;, concluiu Armando Alves.<\/p>\n\n\n\n<p>O livro \u201cAssocia\u00e7\u00e3o de Futebol do Algarve \u2013 100 Anos\u201d est\u00e1 a partir de agora dispon\u00edvel para venda. Saiba como obter o seu exemplar atrav\u00e9s dos Servi\u00e7os da AF Algarve ou contacte-nos atrav\u00e9s do e-mail\u00a0<a href=\"mailto:comunicacao@afalgarve.pt\" target=\"_blank\" rel=\"noreferrer noopener\">comunicacao@afalgarve.pt<\/a>.<\/p>\n","protected":false},"excerpt":{"rendered":"<p>O livro \u201cAssocia\u00e7\u00e3o de Futebol do Algarve \u2013 100 Anos\u201d foi oficialmente apresentado na noite desta sexta-feira no Audit\u00f3rio da<\/p>\n","protected":false},"author":1,"featured_media":19543,"comment_status":"closed","ping_status":"open","sticky":false,"template":"","format":"standard","meta":{"colormag_page_container_layout":"default_layout","colormag_page_sidebar_layout":"default_layout","_monsterinsights_skip_tracking":false,"_monsterinsights_sitenote_active":false,"_monsterinsights_sitenote_note":"","_monsterinsights_sitenote_category":0,"jetpack_post_was_ever_published":false,"_jetpack_newsletter_access":"","_jetpack_dont_email_post_to_subs":false,"_jetpack_newsletter_tier_id":0,"_jetpack_memberships_contains_paywalled_content":false,"_jetpack_memberships_contains_paid_content":false,"footnotes":"","jetpack_publicize_message":"","jetpack_publicize_feature_enabled":true,"jetpack_social_post_already_shared":true,"jetpack_social_options":{"image_generator_settings":{"template":"highway","default_image_id":0,"font":"","enabled":false},"version":2}},"categories":[14],"tags":[36,543,62,201],"class_list":["post-19542","post","type-post","status-publish","format-standard","has-post-thumbnail","hentry","category-cultura","tag-algarve","tag-associacao-de-futebol-do-algarve","tag-atualidade","tag-livros"],"yoast_head":"<!-- This site is optimized with the Yoast SEO plugin v27.5 - https:\/\/yoast.com\/product\/yoast-seo-wordpress\/ -->\n<title>Livro do Centen\u00e1rio da AF Algarve apresentado com casa cheia - Algarve 7<\/title>\n<meta name=\"description\" content=\"Livro do Centen\u00e1rio da AF Algarve apresentado com casa cheia Cultura\" \/>\n<meta name=\"robots\" content=\"index, follow, max-snippet:-1, max-image-preview:large, max-video-preview:-1\" \/>\n<link rel=\"canonical\" href=\"https:\/\/algarve7.pt\/index.php\/2022\/06\/livro-do-centenario-da-af-algarve-apresentado-com-casa-cheia\/cultura\/09\/40\/\" \/>\n<meta property=\"og:locale\" content=\"pt_PT\" \/>\n<meta property=\"og:type\" content=\"article\" \/>\n<meta property=\"og:title\" content=\"Livro do Centen\u00e1rio da AF Algarve apresentado com casa cheia - Algarve 7\" \/>\n<meta property=\"og:description\" content=\"Livro do Centen\u00e1rio da AF Algarve apresentado com casa cheia Cultura\" \/>\n<meta property=\"og:url\" content=\"https:\/\/algarve7.pt\/index.php\/2022\/06\/livro-do-centenario-da-af-algarve-apresentado-com-casa-cheia\/cultura\/09\/40\/\" \/>\n<meta property=\"og:site_name\" content=\"Algarve 7\" \/>\n<meta property=\"article:publisher\" content=\"https:\/\/www.facebook.com\/algarve7\" \/>\n<meta property=\"article:author\" content=\"https:\/\/www.facebook.com\/algarve7\" \/>\n<meta property=\"article:published_time\" content=\"2022-06-19T08:40:06+00:00\" \/>\n<meta property=\"article:modified_time\" content=\"2022-06-19T08:40:07+00:00\" \/>\n<meta property=\"og:image\" content=\"https:\/\/algarve7.pt\/wp-content\/uploads\/2022\/06\/Nmsf70-0109-Livro-100A-AFA-4111-scaled.jpg\" \/>\n\t<meta property=\"og:image:width\" content=\"2560\" \/>\n\t<meta property=\"og:image:height\" content=\"1707\" \/>\n\t<meta property=\"og:image:type\" content=\"image\/jpeg\" \/>\n<meta name=\"author\" content=\"Algarve 7\" \/>\n<meta name=\"twitter:card\" content=\"summary_large_image\" \/>\n<meta name=\"twitter:creator\" content=\"@Algarvesete\" \/>\n<meta name=\"twitter:site\" content=\"@Algarvesete\" \/>\n<meta name=\"twitter:label1\" content=\"Escrito por\" \/>\n\t<meta name=\"twitter:data1\" content=\"Algarve 7\" \/>\n\t<meta name=\"twitter:label2\" content=\"Tempo estimado de leitura\" \/>\n\t<meta name=\"twitter:data2\" content=\"3 minutos\" \/>\n<script type=\"application\/ld+json\" class=\"yoast-schema-graph\">{\"@context\":\"https:\\\/\\\/schema.org\",\"@graph\":[{\"@type\":\"Article\",\"@id\":\"https:\\\/\\\/algarve7.pt\\\/index.php\\\/2022\\\/06\\\/livro-do-centenario-da-af-algarve-apresentado-com-casa-cheia\\\/cultura\\\/09\\\/40\\\/#article\",\"isPartOf\":{\"@id\":\"https:\\\/\\\/algarve7.pt\\\/index.php\\\/2022\\\/06\\\/livro-do-centenario-da-af-algarve-apresentado-com-casa-cheia\\\/cultura\\\/09\\\/40\\\/\"},\"author\":{\"name\":\"Algarve 7\",\"@id\":\"https:\\\/\\\/algarve7.pt\\\/#\\\/schema\\\/person\\\/23fa70681308e7b319a3204bcea45e0c\"},\"headline\":\"Livro do Centen\u00e1rio da AF Algarve apresentado com casa cheia\",\"datePublished\":\"2022-06-19T08:40:06+00:00\",\"dateModified\":\"2022-06-19T08:40:07+00:00\",\"mainEntityOfPage\":{\"@id\":\"https:\\\/\\\/algarve7.pt\\\/index.php\\\/2022\\\/06\\\/livro-do-centenario-da-af-algarve-apresentado-com-casa-cheia\\\/cultura\\\/09\\\/40\\\/\"},\"wordCount\":489,\"publisher\":{\"@id\":\"https:\\\/\\\/algarve7.pt\\\/#organization\"},\"image\":{\"@id\":\"https:\\\/\\\/algarve7.pt\\\/index.php\\\/2022\\\/06\\\/livro-do-centenario-da-af-algarve-apresentado-com-casa-cheia\\\/cultura\\\/09\\\/40\\\/#primaryimage\"},\"thumbnailUrl\":\"https:\\\/\\\/algarve7.pt\\\/wp-content\\\/uploads\\\/2022\\\/06\\\/Nmsf70-0109-Livro-100A-AFA-4111-scaled.jpg\",\"keywords\":[\"Algarve\",\"Associa\u00e7\u00e3o de futebol do Algarve\",\"Atualidade\",\"Livros\"],\"articleSection\":[\"Cultura\"],\"inLanguage\":\"pt-PT\"},{\"@type\":\"WebPage\",\"@id\":\"https:\\\/\\\/algarve7.pt\\\/index.php\\\/2022\\\/06\\\/livro-do-centenario-da-af-algarve-apresentado-com-casa-cheia\\\/cultura\\\/09\\\/40\\\/\",\"url\":\"https:\\\/\\\/algarve7.pt\\\/index.php\\\/2022\\\/06\\\/livro-do-centenario-da-af-algarve-apresentado-com-casa-cheia\\\/cultura\\\/09\\\/40\\\/\",\"name\":\"Livro do Centen\u00e1rio da AF Algarve apresentado com casa cheia - Algarve 7\",\"isPartOf\":{\"@id\":\"https:\\\/\\\/algarve7.pt\\\/#website\"},\"primaryImageOfPage\":{\"@id\":\"https:\\\/\\\/algarve7.pt\\\/index.php\\\/2022\\\/06\\\/livro-do-centenario-da-af-algarve-apresentado-com-casa-cheia\\\/cultura\\\/09\\\/40\\\/#primaryimage\"},\"image\":{\"@id\":\"https:\\\/\\\/algarve7.pt\\\/index.php\\\/2022\\\/06\\\/livro-do-centenario-da-af-algarve-apresentado-com-casa-cheia\\\/cultura\\\/09\\\/40\\\/#primaryimage\"},\"thumbnailUrl\":\"https:\\\/\\\/algarve7.pt\\\/wp-content\\\/uploads\\\/2022\\\/06\\\/Nmsf70-0109-Livro-100A-AFA-4111-scaled.jpg\",\"datePublished\":\"2022-06-19T08:40:06+00:00\",\"dateModified\":\"2022-06-19T08:40:07+00:00\",\"description\":\"Livro do Centen\u00e1rio da AF Algarve apresentado com casa cheia Cultura\",\"breadcrumb\":{\"@id\":\"https:\\\/\\\/algarve7.pt\\\/index.php\\\/2022\\\/06\\\/livro-do-centenario-da-af-algarve-apresentado-com-casa-cheia\\\/cultura\\\/09\\\/40\\\/#breadcrumb\"},\"inLanguage\":\"pt-PT\",\"potentialAction\":[{\"@type\":\"ReadAction\",\"target\":[\"https:\\\/\\\/algarve7.pt\\\/index.php\\\/2022\\\/06\\\/livro-do-centenario-da-af-algarve-apresentado-com-casa-cheia\\\/cultura\\\/09\\\/40\\\/\"]}]},{\"@type\":\"ImageObject\",\"inLanguage\":\"pt-PT\",\"@id\":\"https:\\\/\\\/algarve7.pt\\\/index.php\\\/2022\\\/06\\\/livro-do-centenario-da-af-algarve-apresentado-com-casa-cheia\\\/cultura\\\/09\\\/40\\\/#primaryimage\",\"url\":\"https:\\\/\\\/algarve7.pt\\\/wp-content\\\/uploads\\\/2022\\\/06\\\/Nmsf70-0109-Livro-100A-AFA-4111-scaled.jpg\",\"contentUrl\":\"https:\\\/\\\/algarve7.pt\\\/wp-content\\\/uploads\\\/2022\\\/06\\\/Nmsf70-0109-Livro-100A-AFA-4111-scaled.jpg\",\"width\":2560,\"height\":1707},{\"@type\":\"BreadcrumbList\",\"@id\":\"https:\\\/\\\/algarve7.pt\\\/index.php\\\/2022\\\/06\\\/livro-do-centenario-da-af-algarve-apresentado-com-casa-cheia\\\/cultura\\\/09\\\/40\\\/#breadcrumb\",\"itemListElement\":[{\"@type\":\"ListItem\",\"position\":1,\"name\":\"In\u00edcio\",\"item\":\"https:\\\/\\\/algarve7.pt\\\/\"},{\"@type\":\"ListItem\",\"position\":2,\"name\":\"Livro do Centen\u00e1rio da AF Algarve apresentado com casa cheia\"}]},{\"@type\":\"WebSite\",\"@id\":\"https:\\\/\\\/algarve7.pt\\\/#website\",\"url\":\"https:\\\/\\\/algarve7.pt\\\/\",\"name\":\"Algarve 7\",\"description\":\"Informa\u00e7\u00e3o sobre o Algarve\",\"publisher\":{\"@id\":\"https:\\\/\\\/algarve7.pt\\\/#organization\"},\"potentialAction\":[{\"@type\":\"SearchAction\",\"target\":{\"@type\":\"EntryPoint\",\"urlTemplate\":\"https:\\\/\\\/algarve7.pt\\\/?s={search_term_string}\"},\"query-input\":{\"@type\":\"PropertyValueSpecification\",\"valueRequired\":true,\"valueName\":\"search_term_string\"}}],\"inLanguage\":\"pt-PT\"},{\"@type\":\"Organization\",\"@id\":\"https:\\\/\\\/algarve7.pt\\\/#organization\",\"name\":\"Algarve 7\",\"url\":\"https:\\\/\\\/algarve7.pt\\\/\",\"logo\":{\"@type\":\"ImageObject\",\"inLanguage\":\"pt-PT\",\"@id\":\"https:\\\/\\\/algarve7.pt\\\/#\\\/schema\\\/logo\\\/image\\\/\",\"url\":\"https:\\\/\\\/algarve7.pt\\\/wp-content\\\/uploads\\\/2020\\\/10\\\/Logo-8.jpg\",\"contentUrl\":\"https:\\\/\\\/algarve7.pt\\\/wp-content\\\/uploads\\\/2020\\\/10\\\/Logo-8.jpg\",\"width\":1680,\"height\":1186,\"caption\":\"Algarve 7\"},\"image\":{\"@id\":\"https:\\\/\\\/algarve7.pt\\\/#\\\/schema\\\/logo\\\/image\\\/\"},\"sameAs\":[\"https:\\\/\\\/www.facebook.com\\\/algarve7\",\"https:\\\/\\\/x.com\\\/Algarvesete\",\"https:\\\/\\\/www.instagram.com\\\/jornalalgarve7\\\/\",\"https:\\\/\\\/www.linkedin.com\\\/company\\\/algarve7\",\"https:\\\/\\\/www.pinterest.pt\\\/geral0939\\\/_created\\\/\"]},{\"@type\":\"Person\",\"@id\":\"https:\\\/\\\/algarve7.pt\\\/#\\\/schema\\\/person\\\/23fa70681308e7b319a3204bcea45e0c\",\"name\":\"Algarve 7\",\"sameAs\":[\"https:\\\/\\\/algarve7.pt\",\"https:\\\/\\\/www.facebook.com\\\/algarve7\"],\"url\":\"https:\\\/\\\/algarve7.pt\\\/index.php\\\/author\\\/geralalgarve7-pt\\\/\"}]}<\/script>\n<!-- \/ Yoast SEO plugin. -->","yoast_head_json":{"title":"Livro do Centen\u00e1rio da AF Algarve apresentado com casa cheia - Algarve 7","description":"Livro do Centen\u00e1rio da AF Algarve apresentado com casa cheia Cultura","robots":{"index":"index","follow":"follow","max-snippet":"max-snippet:-1","max-image-preview":"max-image-preview:large","max-video-preview":"max-video-preview:-1"},"canonical":"https:\/\/algarve7.pt\/index.php\/2022\/06\/livro-do-centenario-da-af-algarve-apresentado-com-casa-cheia\/cultura\/09\/40\/","og_locale":"pt_PT","og_type":"article","og_title":"Livro do Centen\u00e1rio da AF Algarve apresentado com casa cheia - Algarve 7","og_description":"Livro do Centen\u00e1rio da AF Algarve apresentado com casa cheia Cultura","og_url":"https:\/\/algarve7.pt\/index.php\/2022\/06\/livro-do-centenario-da-af-algarve-apresentado-com-casa-cheia\/cultura\/09\/40\/","og_site_name":"Algarve 7","article_publisher":"https:\/\/www.facebook.com\/algarve7","article_author":"https:\/\/www.facebook.com\/algarve7","article_published_time":"2022-06-19T08:40:06+00:00","article_modified_time":"2022-06-19T08:40:07+00:00","og_image":[{"width":2560,"height":1707,"url":"https:\/\/algarve7.pt\/wp-content\/uploads\/2022\/06\/Nmsf70-0109-Livro-100A-AFA-4111-scaled.jpg","type":"image\/jpeg"}],"author":"Algarve 7","twitter_card":"summary_large_image","twitter_creator":"@Algarvesete","twitter_site":"@Algarvesete","twitter_misc":{"Escrito por":"Algarve 7","Tempo estimado de leitura":"3 minutos"},"schema":{"@context":"https:\/\/schema.org","@graph":[{"@type":"Article","@id":"https:\/\/algarve7.pt\/index.php\/2022\/06\/livro-do-centenario-da-af-algarve-apresentado-com-casa-cheia\/cultura\/09\/40\/#article","isPartOf":{"@id":"https:\/\/algarve7.pt\/index.php\/2022\/06\/livro-do-centenario-da-af-algarve-apresentado-com-casa-cheia\/cultura\/09\/40\/"},"author":{"name":"Algarve 7","@id":"https:\/\/algarve7.pt\/#\/schema\/person\/23fa70681308e7b319a3204bcea45e0c"},"headline":"Livro do Centen\u00e1rio da AF Algarve apresentado com casa cheia","datePublished":"2022-06-19T08:40:06+00:00","dateModified":"2022-06-19T08:40:07+00:00","mainEntityOfPage":{"@id":"https:\/\/algarve7.pt\/index.php\/2022\/06\/livro-do-centenario-da-af-algarve-apresentado-com-casa-cheia\/cultura\/09\/40\/"},"wordCount":489,"publisher":{"@id":"https:\/\/algarve7.pt\/#organization"},"image":{"@id":"https:\/\/algarve7.pt\/index.php\/2022\/06\/livro-do-centenario-da-af-algarve-apresentado-com-casa-cheia\/cultura\/09\/40\/#primaryimage"},"thumbnailUrl":"https:\/\/algarve7.pt\/wp-content\/uploads\/2022\/06\/Nmsf70-0109-Livro-100A-AFA-4111-scaled.jpg","keywords":["Algarve","Associa\u00e7\u00e3o de futebol do Algarve","Atualidade","Livros"],"articleSection":["Cultura"],"inLanguage":"pt-PT"},{"@type":"WebPage","@id":"https:\/\/algarve7.pt\/index.php\/2022\/06\/livro-do-centenario-da-af-algarve-apresentado-com-casa-cheia\/cultura\/09\/40\/","url":"https:\/\/algarve7.pt\/index.php\/2022\/06\/livro-do-centenario-da-af-algarve-apresentado-com-casa-cheia\/cultura\/09\/40\/","name":"Livro do Centen\u00e1rio da AF Algarve apresentado com casa cheia - Algarve 7","isPartOf":{"@id":"https:\/\/algarve7.pt\/#website"},"primaryImageOfPage":{"@id":"https:\/\/algarve7.pt\/index.php\/2022\/06\/livro-do-centenario-da-af-algarve-apresentado-com-casa-cheia\/cultura\/09\/40\/#primaryimage"},"image":{"@id":"https:\/\/algarve7.pt\/index.php\/2022\/06\/livro-do-centenario-da-af-algarve-apresentado-com-casa-cheia\/cultura\/09\/40\/#primaryimage"},"thumbnailUrl":"https:\/\/algarve7.pt\/wp-content\/uploads\/2022\/06\/Nmsf70-0109-Livro-100A-AFA-4111-scaled.jpg","datePublished":"2022-06-19T08:40:06+00:00","dateModified":"2022-06-19T08:40:07+00:00","description":"Livro do Centen\u00e1rio da AF Algarve apresentado com casa cheia Cultura","breadcrumb":{"@id":"https:\/\/algarve7.pt\/index.php\/2022\/06\/livro-do-centenario-da-af-algarve-apresentado-com-casa-cheia\/cultura\/09\/40\/#breadcrumb"},"inLanguage":"pt-PT","potentialAction":[{"@type":"ReadAction","target":["https:\/\/algarve7.pt\/index.php\/2022\/06\/livro-do-centenario-da-af-algarve-apresentado-com-casa-cheia\/cultura\/09\/40\/"]}]},{"@type":"ImageObject","inLanguage":"pt-PT","@id":"https:\/\/algarve7.pt\/index.php\/2022\/06\/livro-do-centenario-da-af-algarve-apresentado-com-casa-cheia\/cultura\/09\/40\/#primaryimage","url":"https:\/\/algarve7.pt\/wp-content\/uploads\/2022\/06\/Nmsf70-0109-Livro-100A-AFA-4111-scaled.jpg","contentUrl":"https:\/\/algarve7.pt\/wp-content\/uploads\/2022\/06\/Nmsf70-0109-Livro-100A-AFA-4111-scaled.jpg","width":2560,"height":1707},{"@type":"BreadcrumbList","@id":"https:\/\/algarve7.pt\/index.php\/2022\/06\/livro-do-centenario-da-af-algarve-apresentado-com-casa-cheia\/cultura\/09\/40\/#breadcrumb","itemListElement":[{"@type":"ListItem","position":1,"name":"In\u00edcio","item":"https:\/\/algarve7.pt\/"},{"@type":"ListItem","position":2,"name":"Livro do Centen\u00e1rio da AF Algarve apresentado com casa cheia"}]},{"@type":"WebSite","@id":"https:\/\/algarve7.pt\/#website","url":"https:\/\/algarve7.pt\/","name":"Algarve 7","description":"Informa\u00e7\u00e3o sobre o Algarve","publisher":{"@id":"https:\/\/algarve7.pt\/#organization"},"potentialAction":[{"@type":"SearchAction","target":{"@type":"EntryPoint","urlTemplate":"https:\/\/algarve7.pt\/?s={search_term_string}"},"query-input":{"@type":"PropertyValueSpecification","valueRequired":true,"valueName":"search_term_string"}}],"inLanguage":"pt-PT"},{"@type":"Organization","@id":"https:\/\/algarve7.pt\/#organization","name":"Algarve 7","url":"https:\/\/algarve7.pt\/","logo":{"@type":"ImageObject","inLanguage":"pt-PT","@id":"https:\/\/algarve7.pt\/#\/schema\/logo\/image\/","url":"https:\/\/algarve7.pt\/wp-content\/uploads\/2020\/10\/Logo-8.jpg","contentUrl":"https:\/\/algarve7.pt\/wp-content\/uploads\/2020\/10\/Logo-8.jpg","width":1680,"height":1186,"caption":"Algarve 7"},"image":{"@id":"https:\/\/algarve7.pt\/#\/schema\/logo\/image\/"},"sameAs":["https:\/\/www.facebook.com\/algarve7","https:\/\/x.com\/Algarvesete","https:\/\/www.instagram.com\/jornalalgarve7\/","https:\/\/www.linkedin.com\/company\/algarve7","https:\/\/www.pinterest.pt\/geral0939\/_created\/"]},{"@type":"Person","@id":"https:\/\/algarve7.pt\/#\/schema\/person\/23fa70681308e7b319a3204bcea45e0c","name":"Algarve 7","sameAs":["https:\/\/algarve7.pt","https:\/\/www.facebook.com\/algarve7"],"url":"https:\/\/algarve7.pt\/index.php\/author\/geralalgarve7-pt\/"}]}},"jetpack_publicize_connections":[],"jetpack_featured_media_url":"https:\/\/algarve7.pt\/wp-content\/uploads\/2022\/06\/Nmsf70-0109-Livro-100A-AFA-4111-scaled.jpg","jetpack_shortlink":"https:\/\/wp.me\/pcezmW-55c","jetpack_sharing_enabled":true,"_links":{"self":[{"href":"https:\/\/algarve7.pt\/index.php\/wp-json\/wp\/v2\/posts\/19542","targetHints":{"allow":["GET"]}}],"collection":[{"href":"https:\/\/algarve7.pt\/index.php\/wp-json\/wp\/v2\/posts"}],"about":[{"href":"https:\/\/algarve7.pt\/index.php\/wp-json\/wp\/v2\/types\/post"}],"author":[{"embeddable":true,"href":"https:\/\/algarve7.pt\/index.php\/wp-json\/wp\/v2\/users\/1"}],"replies":[{"embeddable":true,"href":"https:\/\/algarve7.pt\/index.php\/wp-json\/wp\/v2\/comments?post=19542"}],"version-history":[{"count":0,"href":"https:\/\/algarve7.pt\/index.php\/wp-json\/wp\/v2\/posts\/19542\/revisions"}],"wp:featuredmedia":[{"embeddable":true,"href":"https:\/\/algarve7.pt\/index.php\/wp-json\/wp\/v2\/media\/19543"}],"wp:attachment":[{"href":"https:\/\/algarve7.pt\/index.php\/wp-json\/wp\/v2\/media?parent=19542"}],"wp:term":[{"taxonomy":"category","embeddable":true,"href":"https:\/\/algarve7.pt\/index.php\/wp-json\/wp\/v2\/categories?post=19542"},{"taxonomy":"post_tag","embeddable":true,"href":"https:\/\/algarve7.pt\/index.php\/wp-json\/wp\/v2\/tags?post=19542"}],"curies":[{"name":"wp","href":"https:\/\/api.w.org\/{rel}","templated":true}]}}