{"id":19519,"date":"2022-06-17T16:55:36","date_gmt":"2022-06-17T15:55:36","guid":{"rendered":"https:\/\/algarve7.pt\/?p=19519"},"modified":"2022-06-17T16:55:38","modified_gmt":"2022-06-17T15:55:38","slug":"portimao-promove-sessoes-de-auscultacao-publica-no-ambito-da-revisao-do-pdm","status":"publish","type":"post","link":"https:\/\/algarve7.pt\/index.php\/2022\/06\/portimao-promove-sessoes-de-auscultacao-publica-no-ambito-da-revisao-do-pdm\/atualidade\/16\/55\/","title":{"rendered":"Portim\u00e3o promove sess\u00f5es de ausculta\u00e7\u00e3o p\u00fablica no \u00e2mbito da revis\u00e3o do PDM"},"content":{"rendered":"\n<p>O Munic\u00edpio de Portim\u00e3o est\u00e1 a levar a cabo diversos f\u00f3runs tem\u00e1ticos de ausculta\u00e7\u00e3o p\u00fablica, visando a concerta\u00e7\u00e3o de uma estrat\u00e9gia para o desenvolvimento sustent\u00e1vel do concelho, tendo como ponto de refer\u00eancia o processo de revis\u00e3o do PDM &#8211; Plano Diretor Municipal.<\/p>\n\n\n\n<p>O f\u00f3rum inicial decorreu ontem, 14 de junho, e reuniu no caf\u00e9 concerto do TEMPO &#8211; Teatro Municipal de Portim\u00e3o meia centena de t\u00e9cnicos com interven\u00e7\u00e3o na \u00e1rea do urbanismo, nomeadamente, arquitetos e engenheiros.<\/p>\n\n\n\n<p>Esta sess\u00e3o de trabalho iniciou-se ap\u00f3s a abertura de mesa pelo vereador do pelouro do Planeamento do Territ\u00f3rio, Jo\u00e3o Gamboa, seguindo-se a&nbsp; apresenta\u00e7\u00e3o do guia de trabalhos para o processo de revis\u00e3o do PDM de Portim\u00e3o, a cargo do diretor do Departamento de Gest\u00e3o Urban\u00edstica e Mobilidade, Ricardo Tom\u00e9, que decorreu de forma din\u00e2mica, permitindo uma participa\u00e7\u00e3o ativa no \u00e2mbito do referido processo, de&nbsp; onde surgiu um conjunto de sugest\u00f5es a ter em conta na elabora\u00e7\u00e3o da estrat\u00e9gia de desenvolvimento sustent\u00e1vel para o concelho.<\/p>\n\n\n\n<p>Seguir-se-\u00e1 no pr\u00f3ximo dia 28 de junho, tamb\u00e9m no caf\u00e9 concerto do TEMPO, o segundo f\u00f3rum, que decorrer\u00e1 entre as entre as 20h45 e as 23h30 e estar\u00e1 aberto \u00e0 popula\u00e7\u00e3o, que desta forma poder\u00e1 dar o seu contributo para a elabora\u00e7\u00e3o da estrat\u00e9gia em causa, visando apontar caminhos e colocar no futuro as ra\u00edzes de a\u00e7\u00e3o do presente.<\/p>\n\n\n\n<p>Esta s\u00e9rie de sess\u00f5es de ausculta\u00e7\u00e3o p\u00fablica \u00e9 promovida pelo Munic\u00edpio de Portim\u00e3o, com o objetivo de estimular a participa\u00e7\u00e3o ativa e alargada dos atores locais, possibilitando que partilhem os seus receios, ensejos, sensibilidades e aspira\u00e7\u00f5es em rela\u00e7\u00e3o ao futuro do territ\u00f3rio e materializem, em simult\u00e2neo, os princ\u00edpios de coresponsabilidade, cocria\u00e7\u00e3o e subsidiariedade que as melhores pr\u00e1ticas de planeamento recomendam.<\/p>\n\n\n\n<p>Todas as sess\u00f5es carecem de inscri\u00e7\u00e3o pr\u00e9via e est\u00e3o sujeitas a um n\u00famero limitado de inscri\u00e7\u00f5es, devendo os interessados inscrever-se atrav\u00e9s dos seguintes endere\u00e7os eletr\u00f3nicos: <a href=\"mailto:catarina.tristao@cm-portimao.pt\">catarina.tristao@cm-portimao.pt<\/a>; <a href=\"mailto:monica.lopes@cm-portimao.pt\" target=\"_blank\" rel=\"noreferrer noopener\">monica.lopes@cm-portimao.pt<\/a>; ou <a href=\"mailto:susana.gusmao@cm-portimao.pt\" target=\"_blank\" rel=\"noreferrer noopener\">susana.gusmao@cm-portimao.pt<\/a> e contactos telef\u00f3nicos: 282 480 460\/456<\/p>\n","protected":false},"excerpt":{"rendered":"<p>O Munic\u00edpio de Portim\u00e3o est\u00e1 a levar a cabo diversos f\u00f3runs tem\u00e1ticos de ausculta\u00e7\u00e3o p\u00fablica, visando a concerta\u00e7\u00e3o de uma<\/p>\n","protected":false},"author":1,"featured_media":19520,"comment_status":"closed","ping_status":"open","sticky":false,"template":"","format":"standard","meta":{"colormag_page_container_layout":"default_layout","colormag_page_sidebar_layout":"default_layout","_monsterinsights_skip_tracking":false,"_monsterinsights_sitenote_active":false,"_monsterinsights_sitenote_note":"","_monsterinsights_sitenote_category":0,"jetpack_post_was_ever_published":false,"_jetpack_newsletter_access":"","_jetpack_dont_email_post_to_subs":false,"_jetpack_newsletter_tier_id":0,"_jetpack_memberships_contains_paywalled_content":false,"_jetpack_memberships_contains_paid_content":false,"footnotes":"","jetpack_publicize_message":"","jetpack_publicize_feature_enabled":true,"jetpack_social_post_already_shared":true,"jetpack_social_options":{"image_generator_settings":{"template":"highway","default_image_id":0,"font":"","enabled":false},"version":2}},"categories":[11],"tags":[36,62,277,72],"class_list":["post-19519","post","type-post","status-publish","format-standard","has-post-thumbnail","hentry","category-atualidade","tag-algarve","tag-atualidade","tag-pdm","tag-portimao"],"yoast_head":"<!-- This site is optimized with the Yoast SEO plugin v27.5 - https:\/\/yoast.com\/product\/yoast-seo-wordpress\/ -->\n<title>Portim\u00e3o promove sess\u00f5es de ausculta\u00e7\u00e3o p\u00fablica no \u00e2mbito da revis\u00e3o do PDM - Algarve 7<\/title>\n<meta name=\"description\" content=\"Portim\u00e3o promove sess\u00f5es de ausculta\u00e7\u00e3o p\u00fablica no \u00e2mbito da revis\u00e3o do PDM Atualidade\" \/>\n<meta name=\"robots\" content=\"index, follow, max-snippet:-1, max-image-preview:large, max-video-preview:-1\" \/>\n<link rel=\"canonical\" href=\"https:\/\/algarve7.pt\/index.php\/2022\/06\/portimao-promove-sessoes-de-auscultacao-publica-no-ambito-da-revisao-do-pdm\/atualidade\/16\/55\/\" \/>\n<meta property=\"og:locale\" content=\"pt_PT\" \/>\n<meta property=\"og:type\" content=\"article\" \/>\n<meta property=\"og:title\" content=\"Portim\u00e3o promove sess\u00f5es de ausculta\u00e7\u00e3o p\u00fablica no \u00e2mbito da revis\u00e3o do PDM - Algarve 7\" \/>\n<meta property=\"og:description\" content=\"Portim\u00e3o promove sess\u00f5es de ausculta\u00e7\u00e3o p\u00fablica no \u00e2mbito da revis\u00e3o do PDM Atualidade\" \/>\n<meta property=\"og:url\" content=\"https:\/\/algarve7.pt\/index.php\/2022\/06\/portimao-promove-sessoes-de-auscultacao-publica-no-ambito-da-revisao-do-pdm\/atualidade\/16\/55\/\" \/>\n<meta property=\"og:site_name\" content=\"Algarve 7\" \/>\n<meta property=\"article:publisher\" content=\"https:\/\/www.facebook.com\/algarve7\" \/>\n<meta property=\"article:author\" content=\"https:\/\/www.facebook.com\/algarve7\" \/>\n<meta property=\"article:published_time\" content=\"2022-06-17T15:55:36+00:00\" \/>\n<meta property=\"article:modified_time\" content=\"2022-06-17T15:55:38+00:00\" \/>\n<meta property=\"og:image\" content=\"https:\/\/algarve7.pt\/wp-content\/uploads\/2022\/06\/2022.06.14-REuniao-PDM-15240.jpg\" \/>\n\t<meta property=\"og:image:width\" content=\"1280\" \/>\n\t<meta property=\"og:image:height\" content=\"857\" \/>\n\t<meta property=\"og:image:type\" content=\"image\/jpeg\" \/>\n<meta name=\"author\" content=\"Algarve 7\" \/>\n<meta name=\"twitter:card\" content=\"summary_large_image\" \/>\n<meta name=\"twitter:creator\" content=\"@Algarvesete\" \/>\n<meta name=\"twitter:site\" content=\"@Algarvesete\" \/>\n<meta name=\"twitter:label1\" content=\"Escrito por\" \/>\n\t<meta name=\"twitter:data1\" content=\"Algarve 7\" \/>\n\t<meta name=\"twitter:label2\" content=\"Tempo estimado de leitura\" \/>\n\t<meta name=\"twitter:data2\" content=\"2 minutos\" \/>\n<script type=\"application\/ld+json\" class=\"yoast-schema-graph\">{\"@context\":\"https:\\\/\\\/schema.org\",\"@graph\":[{\"@type\":\"Article\",\"@id\":\"https:\\\/\\\/algarve7.pt\\\/index.php\\\/2022\\\/06\\\/portimao-promove-sessoes-de-auscultacao-publica-no-ambito-da-revisao-do-pdm\\\/atualidade\\\/16\\\/55\\\/#article\",\"isPartOf\":{\"@id\":\"https:\\\/\\\/algarve7.pt\\\/index.php\\\/2022\\\/06\\\/portimao-promove-sessoes-de-auscultacao-publica-no-ambito-da-revisao-do-pdm\\\/atualidade\\\/16\\\/55\\\/\"},\"author\":{\"name\":\"Algarve 7\",\"@id\":\"https:\\\/\\\/algarve7.pt\\\/#\\\/schema\\\/person\\\/23fa70681308e7b319a3204bcea45e0c\"},\"headline\":\"Portim\u00e3o promove sess\u00f5es de ausculta\u00e7\u00e3o p\u00fablica no \u00e2mbito da revis\u00e3o do PDM\",\"datePublished\":\"2022-06-17T15:55:36+00:00\",\"dateModified\":\"2022-06-17T15:55:38+00:00\",\"mainEntityOfPage\":{\"@id\":\"https:\\\/\\\/algarve7.pt\\\/index.php\\\/2022\\\/06\\\/portimao-promove-sessoes-de-auscultacao-publica-no-ambito-da-revisao-do-pdm\\\/atualidade\\\/16\\\/55\\\/\"},\"wordCount\":397,\"publisher\":{\"@id\":\"https:\\\/\\\/algarve7.pt\\\/#organization\"},\"image\":{\"@id\":\"https:\\\/\\\/algarve7.pt\\\/index.php\\\/2022\\\/06\\\/portimao-promove-sessoes-de-auscultacao-publica-no-ambito-da-revisao-do-pdm\\\/atualidade\\\/16\\\/55\\\/#primaryimage\"},\"thumbnailUrl\":\"https:\\\/\\\/algarve7.pt\\\/wp-content\\\/uploads\\\/2022\\\/06\\\/2022.06.14-REuniao-PDM-15240.jpg\",\"keywords\":[\"Algarve\",\"Atualidade\",\"PDM\",\"Portim\u00e3o\"],\"articleSection\":[\"Atualidade\"],\"inLanguage\":\"pt-PT\"},{\"@type\":\"WebPage\",\"@id\":\"https:\\\/\\\/algarve7.pt\\\/index.php\\\/2022\\\/06\\\/portimao-promove-sessoes-de-auscultacao-publica-no-ambito-da-revisao-do-pdm\\\/atualidade\\\/16\\\/55\\\/\",\"url\":\"https:\\\/\\\/algarve7.pt\\\/index.php\\\/2022\\\/06\\\/portimao-promove-sessoes-de-auscultacao-publica-no-ambito-da-revisao-do-pdm\\\/atualidade\\\/16\\\/55\\\/\",\"name\":\"Portim\u00e3o promove sess\u00f5es de ausculta\u00e7\u00e3o p\u00fablica no \u00e2mbito da revis\u00e3o do PDM - Algarve 7\",\"isPartOf\":{\"@id\":\"https:\\\/\\\/algarve7.pt\\\/#website\"},\"primaryImageOfPage\":{\"@id\":\"https:\\\/\\\/algarve7.pt\\\/index.php\\\/2022\\\/06\\\/portimao-promove-sessoes-de-auscultacao-publica-no-ambito-da-revisao-do-pdm\\\/atualidade\\\/16\\\/55\\\/#primaryimage\"},\"image\":{\"@id\":\"https:\\\/\\\/algarve7.pt\\\/index.php\\\/2022\\\/06\\\/portimao-promove-sessoes-de-auscultacao-publica-no-ambito-da-revisao-do-pdm\\\/atualidade\\\/16\\\/55\\\/#primaryimage\"},\"thumbnailUrl\":\"https:\\\/\\\/algarve7.pt\\\/wp-content\\\/uploads\\\/2022\\\/06\\\/2022.06.14-REuniao-PDM-15240.jpg\",\"datePublished\":\"2022-06-17T15:55:36+00:00\",\"dateModified\":\"2022-06-17T15:55:38+00:00\",\"description\":\"Portim\u00e3o promove sess\u00f5es de ausculta\u00e7\u00e3o p\u00fablica no \u00e2mbito da revis\u00e3o do PDM Atualidade\",\"breadcrumb\":{\"@id\":\"https:\\\/\\\/algarve7.pt\\\/index.php\\\/2022\\\/06\\\/portimao-promove-sessoes-de-auscultacao-publica-no-ambito-da-revisao-do-pdm\\\/atualidade\\\/16\\\/55\\\/#breadcrumb\"},\"inLanguage\":\"pt-PT\",\"potentialAction\":[{\"@type\":\"ReadAction\",\"target\":[\"https:\\\/\\\/algarve7.pt\\\/index.php\\\/2022\\\/06\\\/portimao-promove-sessoes-de-auscultacao-publica-no-ambito-da-revisao-do-pdm\\\/atualidade\\\/16\\\/55\\\/\"]}]},{\"@type\":\"ImageObject\",\"inLanguage\":\"pt-PT\",\"@id\":\"https:\\\/\\\/algarve7.pt\\\/index.php\\\/2022\\\/06\\\/portimao-promove-sessoes-de-auscultacao-publica-no-ambito-da-revisao-do-pdm\\\/atualidade\\\/16\\\/55\\\/#primaryimage\",\"url\":\"https:\\\/\\\/algarve7.pt\\\/wp-content\\\/uploads\\\/2022\\\/06\\\/2022.06.14-REuniao-PDM-15240.jpg\",\"contentUrl\":\"https:\\\/\\\/algarve7.pt\\\/wp-content\\\/uploads\\\/2022\\\/06\\\/2022.06.14-REuniao-PDM-15240.jpg\",\"width\":1280,\"height\":857},{\"@type\":\"BreadcrumbList\",\"@id\":\"https:\\\/\\\/algarve7.pt\\\/index.php\\\/2022\\\/06\\\/portimao-promove-sessoes-de-auscultacao-publica-no-ambito-da-revisao-do-pdm\\\/atualidade\\\/16\\\/55\\\/#breadcrumb\",\"itemListElement\":[{\"@type\":\"ListItem\",\"position\":1,\"name\":\"In\u00edcio\",\"item\":\"https:\\\/\\\/algarve7.pt\\\/\"},{\"@type\":\"ListItem\",\"position\":2,\"name\":\"Portim\u00e3o promove sess\u00f5es de ausculta\u00e7\u00e3o p\u00fablica no \u00e2mbito da revis\u00e3o do PDM\"}]},{\"@type\":\"WebSite\",\"@id\":\"https:\\\/\\\/algarve7.pt\\\/#website\",\"url\":\"https:\\\/\\\/algarve7.pt\\\/\",\"name\":\"Algarve 7\",\"description\":\"Informa\u00e7\u00e3o sobre o Algarve\",\"publisher\":{\"@id\":\"https:\\\/\\\/algarve7.pt\\\/#organization\"},\"potentialAction\":[{\"@type\":\"SearchAction\",\"target\":{\"@type\":\"EntryPoint\",\"urlTemplate\":\"https:\\\/\\\/algarve7.pt\\\/?s={search_term_string}\"},\"query-input\":{\"@type\":\"PropertyValueSpecification\",\"valueRequired\":true,\"valueName\":\"search_term_string\"}}],\"inLanguage\":\"pt-PT\"},{\"@type\":\"Organization\",\"@id\":\"https:\\\/\\\/algarve7.pt\\\/#organization\",\"name\":\"Algarve 7\",\"url\":\"https:\\\/\\\/algarve7.pt\\\/\",\"logo\":{\"@type\":\"ImageObject\",\"inLanguage\":\"pt-PT\",\"@id\":\"https:\\\/\\\/algarve7.pt\\\/#\\\/schema\\\/logo\\\/image\\\/\",\"url\":\"https:\\\/\\\/algarve7.pt\\\/wp-content\\\/uploads\\\/2020\\\/10\\\/Logo-8.jpg\",\"contentUrl\":\"https:\\\/\\\/algarve7.pt\\\/wp-content\\\/uploads\\\/2020\\\/10\\\/Logo-8.jpg\",\"width\":1680,\"height\":1186,\"caption\":\"Algarve 7\"},\"image\":{\"@id\":\"https:\\\/\\\/algarve7.pt\\\/#\\\/schema\\\/logo\\\/image\\\/\"},\"sameAs\":[\"https:\\\/\\\/www.facebook.com\\\/algarve7\",\"https:\\\/\\\/x.com\\\/Algarvesete\",\"https:\\\/\\\/www.instagram.com\\\/jornalalgarve7\\\/\",\"https:\\\/\\\/www.linkedin.com\\\/company\\\/algarve7\",\"https:\\\/\\\/www.pinterest.pt\\\/geral0939\\\/_created\\\/\"]},{\"@type\":\"Person\",\"@id\":\"https:\\\/\\\/algarve7.pt\\\/#\\\/schema\\\/person\\\/23fa70681308e7b319a3204bcea45e0c\",\"name\":\"Algarve 7\",\"sameAs\":[\"https:\\\/\\\/algarve7.pt\",\"https:\\\/\\\/www.facebook.com\\\/algarve7\"],\"url\":\"https:\\\/\\\/algarve7.pt\\\/index.php\\\/author\\\/geralalgarve7-pt\\\/\"}]}<\/script>\n<!-- \/ Yoast SEO plugin. -->","yoast_head_json":{"title":"Portim\u00e3o promove sess\u00f5es de ausculta\u00e7\u00e3o p\u00fablica no \u00e2mbito da revis\u00e3o do PDM - Algarve 7","description":"Portim\u00e3o promove sess\u00f5es de ausculta\u00e7\u00e3o p\u00fablica no \u00e2mbito da revis\u00e3o do PDM Atualidade","robots":{"index":"index","follow":"follow","max-snippet":"max-snippet:-1","max-image-preview":"max-image-preview:large","max-video-preview":"max-video-preview:-1"},"canonical":"https:\/\/algarve7.pt\/index.php\/2022\/06\/portimao-promove-sessoes-de-auscultacao-publica-no-ambito-da-revisao-do-pdm\/atualidade\/16\/55\/","og_locale":"pt_PT","og_type":"article","og_title":"Portim\u00e3o promove sess\u00f5es de ausculta\u00e7\u00e3o p\u00fablica no \u00e2mbito da revis\u00e3o do PDM - Algarve 7","og_description":"Portim\u00e3o promove sess\u00f5es de ausculta\u00e7\u00e3o p\u00fablica no \u00e2mbito da revis\u00e3o do PDM Atualidade","og_url":"https:\/\/algarve7.pt\/index.php\/2022\/06\/portimao-promove-sessoes-de-auscultacao-publica-no-ambito-da-revisao-do-pdm\/atualidade\/16\/55\/","og_site_name":"Algarve 7","article_publisher":"https:\/\/www.facebook.com\/algarve7","article_author":"https:\/\/www.facebook.com\/algarve7","article_published_time":"2022-06-17T15:55:36+00:00","article_modified_time":"2022-06-17T15:55:38+00:00","og_image":[{"width":1280,"height":857,"url":"https:\/\/algarve7.pt\/wp-content\/uploads\/2022\/06\/2022.06.14-REuniao-PDM-15240.jpg","type":"image\/jpeg"}],"author":"Algarve 7","twitter_card":"summary_large_image","twitter_creator":"@Algarvesete","twitter_site":"@Algarvesete","twitter_misc":{"Escrito por":"Algarve 7","Tempo estimado de leitura":"2 minutos"},"schema":{"@context":"https:\/\/schema.org","@graph":[{"@type":"Article","@id":"https:\/\/algarve7.pt\/index.php\/2022\/06\/portimao-promove-sessoes-de-auscultacao-publica-no-ambito-da-revisao-do-pdm\/atualidade\/16\/55\/#article","isPartOf":{"@id":"https:\/\/algarve7.pt\/index.php\/2022\/06\/portimao-promove-sessoes-de-auscultacao-publica-no-ambito-da-revisao-do-pdm\/atualidade\/16\/55\/"},"author":{"name":"Algarve 7","@id":"https:\/\/algarve7.pt\/#\/schema\/person\/23fa70681308e7b319a3204bcea45e0c"},"headline":"Portim\u00e3o promove sess\u00f5es de ausculta\u00e7\u00e3o p\u00fablica no \u00e2mbito da revis\u00e3o do PDM","datePublished":"2022-06-17T15:55:36+00:00","dateModified":"2022-06-17T15:55:38+00:00","mainEntityOfPage":{"@id":"https:\/\/algarve7.pt\/index.php\/2022\/06\/portimao-promove-sessoes-de-auscultacao-publica-no-ambito-da-revisao-do-pdm\/atualidade\/16\/55\/"},"wordCount":397,"publisher":{"@id":"https:\/\/algarve7.pt\/#organization"},"image":{"@id":"https:\/\/algarve7.pt\/index.php\/2022\/06\/portimao-promove-sessoes-de-auscultacao-publica-no-ambito-da-revisao-do-pdm\/atualidade\/16\/55\/#primaryimage"},"thumbnailUrl":"https:\/\/algarve7.pt\/wp-content\/uploads\/2022\/06\/2022.06.14-REuniao-PDM-15240.jpg","keywords":["Algarve","Atualidade","PDM","Portim\u00e3o"],"articleSection":["Atualidade"],"inLanguage":"pt-PT"},{"@type":"WebPage","@id":"https:\/\/algarve7.pt\/index.php\/2022\/06\/portimao-promove-sessoes-de-auscultacao-publica-no-ambito-da-revisao-do-pdm\/atualidade\/16\/55\/","url":"https:\/\/algarve7.pt\/index.php\/2022\/06\/portimao-promove-sessoes-de-auscultacao-publica-no-ambito-da-revisao-do-pdm\/atualidade\/16\/55\/","name":"Portim\u00e3o promove sess\u00f5es de ausculta\u00e7\u00e3o p\u00fablica no \u00e2mbito da revis\u00e3o do PDM - Algarve 7","isPartOf":{"@id":"https:\/\/algarve7.pt\/#website"},"primaryImageOfPage":{"@id":"https:\/\/algarve7.pt\/index.php\/2022\/06\/portimao-promove-sessoes-de-auscultacao-publica-no-ambito-da-revisao-do-pdm\/atualidade\/16\/55\/#primaryimage"},"image":{"@id":"https:\/\/algarve7.pt\/index.php\/2022\/06\/portimao-promove-sessoes-de-auscultacao-publica-no-ambito-da-revisao-do-pdm\/atualidade\/16\/55\/#primaryimage"},"thumbnailUrl":"https:\/\/algarve7.pt\/wp-content\/uploads\/2022\/06\/2022.06.14-REuniao-PDM-15240.jpg","datePublished":"2022-06-17T15:55:36+00:00","dateModified":"2022-06-17T15:55:38+00:00","description":"Portim\u00e3o promove sess\u00f5es de ausculta\u00e7\u00e3o p\u00fablica no \u00e2mbito da revis\u00e3o do PDM Atualidade","breadcrumb":{"@id":"https:\/\/algarve7.pt\/index.php\/2022\/06\/portimao-promove-sessoes-de-auscultacao-publica-no-ambito-da-revisao-do-pdm\/atualidade\/16\/55\/#breadcrumb"},"inLanguage":"pt-PT","potentialAction":[{"@type":"ReadAction","target":["https:\/\/algarve7.pt\/index.php\/2022\/06\/portimao-promove-sessoes-de-auscultacao-publica-no-ambito-da-revisao-do-pdm\/atualidade\/16\/55\/"]}]},{"@type":"ImageObject","inLanguage":"pt-PT","@id":"https:\/\/algarve7.pt\/index.php\/2022\/06\/portimao-promove-sessoes-de-auscultacao-publica-no-ambito-da-revisao-do-pdm\/atualidade\/16\/55\/#primaryimage","url":"https:\/\/algarve7.pt\/wp-content\/uploads\/2022\/06\/2022.06.14-REuniao-PDM-15240.jpg","contentUrl":"https:\/\/algarve7.pt\/wp-content\/uploads\/2022\/06\/2022.06.14-REuniao-PDM-15240.jpg","width":1280,"height":857},{"@type":"BreadcrumbList","@id":"https:\/\/algarve7.pt\/index.php\/2022\/06\/portimao-promove-sessoes-de-auscultacao-publica-no-ambito-da-revisao-do-pdm\/atualidade\/16\/55\/#breadcrumb","itemListElement":[{"@type":"ListItem","position":1,"name":"In\u00edcio","item":"https:\/\/algarve7.pt\/"},{"@type":"ListItem","position":2,"name":"Portim\u00e3o promove sess\u00f5es de ausculta\u00e7\u00e3o p\u00fablica no \u00e2mbito da revis\u00e3o do PDM"}]},{"@type":"WebSite","@id":"https:\/\/algarve7.pt\/#website","url":"https:\/\/algarve7.pt\/","name":"Algarve 7","description":"Informa\u00e7\u00e3o sobre o Algarve","publisher":{"@id":"https:\/\/algarve7.pt\/#organization"},"potentialAction":[{"@type":"SearchAction","target":{"@type":"EntryPoint","urlTemplate":"https:\/\/algarve7.pt\/?s={search_term_string}"},"query-input":{"@type":"PropertyValueSpecification","valueRequired":true,"valueName":"search_term_string"}}],"inLanguage":"pt-PT"},{"@type":"Organization","@id":"https:\/\/algarve7.pt\/#organization","name":"Algarve 7","url":"https:\/\/algarve7.pt\/","logo":{"@type":"ImageObject","inLanguage":"pt-PT","@id":"https:\/\/algarve7.pt\/#\/schema\/logo\/image\/","url":"https:\/\/algarve7.pt\/wp-content\/uploads\/2020\/10\/Logo-8.jpg","contentUrl":"https:\/\/algarve7.pt\/wp-content\/uploads\/2020\/10\/Logo-8.jpg","width":1680,"height":1186,"caption":"Algarve 7"},"image":{"@id":"https:\/\/algarve7.pt\/#\/schema\/logo\/image\/"},"sameAs":["https:\/\/www.facebook.com\/algarve7","https:\/\/x.com\/Algarvesete","https:\/\/www.instagram.com\/jornalalgarve7\/","https:\/\/www.linkedin.com\/company\/algarve7","https:\/\/www.pinterest.pt\/geral0939\/_created\/"]},{"@type":"Person","@id":"https:\/\/algarve7.pt\/#\/schema\/person\/23fa70681308e7b319a3204bcea45e0c","name":"Algarve 7","sameAs":["https:\/\/algarve7.pt","https:\/\/www.facebook.com\/algarve7"],"url":"https:\/\/algarve7.pt\/index.php\/author\/geralalgarve7-pt\/"}]}},"jetpack_publicize_connections":[],"jetpack_featured_media_url":"https:\/\/algarve7.pt\/wp-content\/uploads\/2022\/06\/2022.06.14-REuniao-PDM-15240.jpg","jetpack_shortlink":"https:\/\/wp.me\/pcezmW-54P","jetpack_sharing_enabled":true,"_links":{"self":[{"href":"https:\/\/algarve7.pt\/index.php\/wp-json\/wp\/v2\/posts\/19519","targetHints":{"allow":["GET"]}}],"collection":[{"href":"https:\/\/algarve7.pt\/index.php\/wp-json\/wp\/v2\/posts"}],"about":[{"href":"https:\/\/algarve7.pt\/index.php\/wp-json\/wp\/v2\/types\/post"}],"author":[{"embeddable":true,"href":"https:\/\/algarve7.pt\/index.php\/wp-json\/wp\/v2\/users\/1"}],"replies":[{"embeddable":true,"href":"https:\/\/algarve7.pt\/index.php\/wp-json\/wp\/v2\/comments?post=19519"}],"version-history":[{"count":0,"href":"https:\/\/algarve7.pt\/index.php\/wp-json\/wp\/v2\/posts\/19519\/revisions"}],"wp:featuredmedia":[{"embeddable":true,"href":"https:\/\/algarve7.pt\/index.php\/wp-json\/wp\/v2\/media\/19520"}],"wp:attachment":[{"href":"https:\/\/algarve7.pt\/index.php\/wp-json\/wp\/v2\/media?parent=19519"}],"wp:term":[{"taxonomy":"category","embeddable":true,"href":"https:\/\/algarve7.pt\/index.php\/wp-json\/wp\/v2\/categories?post=19519"},{"taxonomy":"post_tag","embeddable":true,"href":"https:\/\/algarve7.pt\/index.php\/wp-json\/wp\/v2\/tags?post=19519"}],"curies":[{"name":"wp","href":"https:\/\/api.w.org\/{rel}","templated":true}]}}