{"id":19516,"date":"2022-06-17T09:30:00","date_gmt":"2022-06-17T08:30:00","guid":{"rendered":"https:\/\/algarve7.pt\/?p=19516"},"modified":"2022-06-17T07:59:10","modified_gmt":"2022-06-17T06:59:10","slug":"cafe-calcinha-concurso-para-novo-concessionario-esta-a-decorrer","status":"publish","type":"post","link":"https:\/\/algarve7.pt\/index.php\/2022\/06\/cafe-calcinha-concurso-para-novo-concessionario-esta-a-decorrer\/atualidade\/09\/30\/","title":{"rendered":"Caf\u00e9 Calcinha: Concurso para novo concession\u00e1rio est\u00e1 a decorrer"},"content":{"rendered":"\n<p>Est\u00e1 aberto o concurso p\u00fablico para a contrata\u00e7\u00e3o da concess\u00e3o de explora\u00e7\u00e3o do Caf\u00e9 Calcinha, o ic\u00f3nico estabelecimento comercial e de tert\u00falia da cidade de Loul\u00e9.<\/p>\n\n\n\n<p>Ap\u00f3s algumas obras na estrutura do edif\u00edcio, o Munic\u00edpio lan\u00e7ou agora novo concurso para explora\u00e7\u00e3o deste espa\u00e7o visto o anterior contrato, que vigorava desde 2017, ter chegado ao fim (cada explora\u00e7\u00e3o tem um per\u00edodo m\u00e1ximo de 5 anos).<\/p>\n\n\n\n<p>Nesse sentido, pretende-se encontrar um novo concession\u00e1rio que traga de volta o Calcinha \u00e0 vida da cidade, seguindo pressupostos semelhantes aos anteriores, ou seja, mantendo a valoriza\u00e7\u00e3o do espa\u00e7o enquanto elemento hist\u00f3rico e arquitet\u00f3nico, que faz parte da Rota dos Caf\u00e9s com Hist\u00f3ria. Um patrim\u00f3nio municipal que \u00e9 n\u00e3o s\u00f3 de todos os louletanos mas tamb\u00e9m dos turistas que visitam a cidade e que t\u00eam aqui um ponto de passagem obrigat\u00f3ria.<\/p>\n\n\n\n<p>Indo ao encontro desta premissa, os crit\u00e9rios de avalia\u00e7\u00e3o das propostas apresentadas para a explora\u00e7\u00e3o deste estabelecimento de restaura\u00e7\u00e3o e bebidas ir\u00e3o pautar-se por um \u201celevado n\u00edvel de exig\u00eancia\u201d e ter\u00e3o em conta a aud\u00e1cia e m\u00e9rito criativo e t\u00e9cnico (50 %), nomeadamente o alinhamento do equipamento com o contexto, os produtos a disponibilizar, dando destaque \u00e0 pastelaria e gastronomia regional &#8211; em que o Folhado de Loul\u00e9 \u00e9 uma imagem de marca &#8211; ao car\u00e1ter artesanal dos produtos a vender, mas tamb\u00e9m a detalhes como os pr\u00f3prios modelos de farda ou a decora\u00e7\u00e3o.<\/p>\n\n\n\n<p>Ser\u00e3o ainda crit\u00e9rios do j\u00fari o valor da renda mensal (40 %) e as atividades culturais que venham aqui a ser realizadas (10%).<\/p>\n\n\n\n<p>Toda a documenta\u00e7\u00e3o deste concurso p\u00fablico encontra-se dispon\u00edvel para consulta na Divis\u00e3o de Aprovisionamento e Contrata\u00e7\u00e3o P\u00fablica da C\u00e2mara Municipal de Loul\u00e9, na Travessa de S\u00e3o Pedro, 8100-647 Loul\u00e9, nos dias \u00fateis, das 9h00 \u00e0s 13h00 e das 14h00 \u00e0s 17h00. \u00c9 tamb\u00e9m poss\u00edvel encontrar esta informa\u00e7\u00e3o em <a href=\"http:\/\/www.cm-loule.pt\/pt\/menu\/876\/concursos-publicos-a-decorrer.aspx\" target=\"_blank\" rel=\"noreferrer noopener\">http:\/\/www.cm-loule.pt\/pt\/menu\/876\/concursos-publicos-a-decorrer.aspx<\/a> ou na plataforma <a href=\"https:\/\/gov.saphety.com\/bizgov\/econcursos\" target=\"_blank\" rel=\"noreferrer noopener\">https:\/\/gov.saphety.com\/bizgov\/econcursos<\/a><\/p>\n\n\n\n<p>Classificado como Im\u00f3vel de Interesse Municipal, em 2012, e Monumento de Interesse Municipal, em 2015, o Calcinha foi adquirido nesse mesmo ano pela Autarquia que levou a cabo uma reabilita\u00e7\u00e3o profunda do edif\u00edcio, reabrindo ao p\u00fablico em junho de 2017, com uma imagem \u201crejuvenescida\u201d mas mantendo o esplendor de sempre.<\/p>\n\n\n\n<p>O Caf\u00e9 Calcinha integra a Rota dos Caf\u00e9s com Hist\u00f3ria, a Rota Europeia dos Caf\u00e9s Hist\u00f3ricos, as Lojas com Hist\u00f3ria e a plataforma Com\u00e9rcio com Hist\u00f3ria.<\/p>\n\n\n\n<p>Espa\u00e7o de conv\u00edvio e de tert\u00falia que tem acompanhado o crescimento da pr\u00f3pria cidade, por aqui passaram grandes figuras como o poeta popular Ant\u00f3nio Aleixo, imortalizado numa escultura \u00e0 porta do edif\u00edcio.<\/p>\n\n\n\n<p>Com a reabilita\u00e7\u00e3o de 2022, o Caf\u00e9 Calcinha est\u00e1 em condi\u00e7\u00f5es de voltar a ter vida e a ser devolvido \u00e0 frui\u00e7\u00e3o de residentes e visitantes, de forma a contribuir para a atratividade de quem visita Loul\u00e9.<\/p>\n\n\n\n<p>Prev\u00ea-se que ainda durante o ano em vigor o Caf\u00e9 Calcinha possa voltar a abrir as portas. A concess\u00e3o ser\u00e1 feita pelo prazo inicial de 3 anos, que poder\u00e1 ser renovado por per\u00edodos sucessivos de 1 ano at\u00e9 ao m\u00e1ximo de 5 anos.<\/p>\n","protected":false},"excerpt":{"rendered":"<p>Est\u00e1 aberto o concurso p\u00fablico para a contrata\u00e7\u00e3o da concess\u00e3o de explora\u00e7\u00e3o do Caf\u00e9 Calcinha, o ic\u00f3nico estabelecimento comercial e<\/p>\n","protected":false},"author":1,"featured_media":19517,"comment_status":"closed","ping_status":"open","sticky":false,"template":"","format":"standard","meta":{"colormag_page_container_layout":"default_layout","colormag_page_sidebar_layout":"default_layout","_monsterinsights_skip_tracking":false,"_monsterinsights_sitenote_active":false,"_monsterinsights_sitenote_note":"","_monsterinsights_sitenote_category":0,"jetpack_post_was_ever_published":false,"_jetpack_newsletter_access":"","_jetpack_dont_email_post_to_subs":false,"_jetpack_newsletter_tier_id":0,"_jetpack_memberships_contains_paywalled_content":false,"_jetpack_memberships_contains_paid_content":false,"footnotes":"","jetpack_publicize_message":"","jetpack_publicize_feature_enabled":true,"jetpack_social_post_already_shared":true,"jetpack_social_options":{"image_generator_settings":{"template":"highway","default_image_id":0,"font":"","enabled":false},"version":2}},"categories":[11],"tags":[36,62,146,31],"class_list":["post-19516","post","type-post","status-publish","format-standard","has-post-thumbnail","hentry","category-atualidade","tag-algarve","tag-atualidade","tag-concurso","tag-loule"],"yoast_head":"<!-- This site is optimized with the Yoast SEO plugin v27.5 - https:\/\/yoast.com\/product\/yoast-seo-wordpress\/ -->\n<title>Caf\u00e9 Calcinha: Concurso para novo concession\u00e1rio est\u00e1 a decorrer - Algarve 7<\/title>\n<meta name=\"description\" content=\"Caf\u00e9 Calcinha: Concurso para novo concession\u00e1rio est\u00e1 a decorrer Atualidade\" \/>\n<meta name=\"robots\" content=\"index, follow, max-snippet:-1, max-image-preview:large, max-video-preview:-1\" \/>\n<link rel=\"canonical\" href=\"https:\/\/algarve7.pt\/index.php\/2022\/06\/cafe-calcinha-concurso-para-novo-concessionario-esta-a-decorrer\/atualidade\/09\/30\/\" \/>\n<meta property=\"og:locale\" content=\"pt_PT\" \/>\n<meta property=\"og:type\" content=\"article\" \/>\n<meta property=\"og:title\" content=\"Caf\u00e9 Calcinha: Concurso para novo concession\u00e1rio est\u00e1 a decorrer - Algarve 7\" \/>\n<meta property=\"og:description\" content=\"Caf\u00e9 Calcinha: Concurso para novo concession\u00e1rio est\u00e1 a decorrer Atualidade\" \/>\n<meta property=\"og:url\" content=\"https:\/\/algarve7.pt\/index.php\/2022\/06\/cafe-calcinha-concurso-para-novo-concessionario-esta-a-decorrer\/atualidade\/09\/30\/\" \/>\n<meta property=\"og:site_name\" content=\"Algarve 7\" \/>\n<meta property=\"article:publisher\" content=\"https:\/\/www.facebook.com\/algarve7\" \/>\n<meta property=\"article:author\" content=\"https:\/\/www.facebook.com\/algarve7\" \/>\n<meta property=\"article:published_time\" content=\"2022-06-17T08:30:00+00:00\" \/>\n<meta property=\"og:image\" content=\"https:\/\/algarve7.pt\/wp-content\/uploads\/2022\/06\/Cafe\u0301-Calcinha-C.M.Loule\u0301-Mira-2-scaled.jpg\" \/>\n\t<meta property=\"og:image:width\" content=\"2560\" \/>\n\t<meta property=\"og:image:height\" content=\"1645\" \/>\n\t<meta property=\"og:image:type\" content=\"image\/jpeg\" \/>\n<meta name=\"author\" content=\"Algarve 7\" \/>\n<meta name=\"twitter:card\" content=\"summary_large_image\" \/>\n<meta name=\"twitter:creator\" content=\"@Algarvesete\" \/>\n<meta name=\"twitter:site\" content=\"@Algarvesete\" \/>\n<meta name=\"twitter:label1\" content=\"Escrito por\" \/>\n\t<meta name=\"twitter:data1\" content=\"Algarve 7\" \/>\n\t<meta name=\"twitter:label2\" content=\"Tempo estimado de leitura\" \/>\n\t<meta name=\"twitter:data2\" content=\"3 minutos\" \/>\n<script type=\"application\/ld+json\" class=\"yoast-schema-graph\">{\"@context\":\"https:\\\/\\\/schema.org\",\"@graph\":[{\"@type\":\"Article\",\"@id\":\"https:\\\/\\\/algarve7.pt\\\/index.php\\\/2022\\\/06\\\/cafe-calcinha-concurso-para-novo-concessionario-esta-a-decorrer\\\/atualidade\\\/09\\\/30\\\/#article\",\"isPartOf\":{\"@id\":\"https:\\\/\\\/algarve7.pt\\\/index.php\\\/2022\\\/06\\\/cafe-calcinha-concurso-para-novo-concessionario-esta-a-decorrer\\\/atualidade\\\/09\\\/30\\\/\"},\"author\":{\"name\":\"Algarve 7\",\"@id\":\"https:\\\/\\\/algarve7.pt\\\/#\\\/schema\\\/person\\\/23fa70681308e7b319a3204bcea45e0c\"},\"headline\":\"Caf\u00e9 Calcinha: Concurso para novo concession\u00e1rio est\u00e1 a decorrer\",\"datePublished\":\"2022-06-17T08:30:00+00:00\",\"mainEntityOfPage\":{\"@id\":\"https:\\\/\\\/algarve7.pt\\\/index.php\\\/2022\\\/06\\\/cafe-calcinha-concurso-para-novo-concessionario-esta-a-decorrer\\\/atualidade\\\/09\\\/30\\\/\"},\"wordCount\":574,\"publisher\":{\"@id\":\"https:\\\/\\\/algarve7.pt\\\/#organization\"},\"image\":{\"@id\":\"https:\\\/\\\/algarve7.pt\\\/index.php\\\/2022\\\/06\\\/cafe-calcinha-concurso-para-novo-concessionario-esta-a-decorrer\\\/atualidade\\\/09\\\/30\\\/#primaryimage\"},\"thumbnailUrl\":\"https:\\\/\\\/algarve7.pt\\\/wp-content\\\/uploads\\\/2022\\\/06\\\/Cafe\u0301-Calcinha-C.M.Loule\u0301-Mira-2-scaled.jpg\",\"keywords\":[\"Algarve\",\"Atualidade\",\"Concurso\",\"Loul\u00e9\"],\"articleSection\":[\"Atualidade\"],\"inLanguage\":\"pt-PT\"},{\"@type\":\"WebPage\",\"@id\":\"https:\\\/\\\/algarve7.pt\\\/index.php\\\/2022\\\/06\\\/cafe-calcinha-concurso-para-novo-concessionario-esta-a-decorrer\\\/atualidade\\\/09\\\/30\\\/\",\"url\":\"https:\\\/\\\/algarve7.pt\\\/index.php\\\/2022\\\/06\\\/cafe-calcinha-concurso-para-novo-concessionario-esta-a-decorrer\\\/atualidade\\\/09\\\/30\\\/\",\"name\":\"Caf\u00e9 Calcinha: Concurso para novo concession\u00e1rio est\u00e1 a decorrer - Algarve 7\",\"isPartOf\":{\"@id\":\"https:\\\/\\\/algarve7.pt\\\/#website\"},\"primaryImageOfPage\":{\"@id\":\"https:\\\/\\\/algarve7.pt\\\/index.php\\\/2022\\\/06\\\/cafe-calcinha-concurso-para-novo-concessionario-esta-a-decorrer\\\/atualidade\\\/09\\\/30\\\/#primaryimage\"},\"image\":{\"@id\":\"https:\\\/\\\/algarve7.pt\\\/index.php\\\/2022\\\/06\\\/cafe-calcinha-concurso-para-novo-concessionario-esta-a-decorrer\\\/atualidade\\\/09\\\/30\\\/#primaryimage\"},\"thumbnailUrl\":\"https:\\\/\\\/algarve7.pt\\\/wp-content\\\/uploads\\\/2022\\\/06\\\/Cafe\u0301-Calcinha-C.M.Loule\u0301-Mira-2-scaled.jpg\",\"datePublished\":\"2022-06-17T08:30:00+00:00\",\"description\":\"Caf\u00e9 Calcinha: Concurso para novo concession\u00e1rio est\u00e1 a decorrer Atualidade\",\"breadcrumb\":{\"@id\":\"https:\\\/\\\/algarve7.pt\\\/index.php\\\/2022\\\/06\\\/cafe-calcinha-concurso-para-novo-concessionario-esta-a-decorrer\\\/atualidade\\\/09\\\/30\\\/#breadcrumb\"},\"inLanguage\":\"pt-PT\",\"potentialAction\":[{\"@type\":\"ReadAction\",\"target\":[\"https:\\\/\\\/algarve7.pt\\\/index.php\\\/2022\\\/06\\\/cafe-calcinha-concurso-para-novo-concessionario-esta-a-decorrer\\\/atualidade\\\/09\\\/30\\\/\"]}]},{\"@type\":\"ImageObject\",\"inLanguage\":\"pt-PT\",\"@id\":\"https:\\\/\\\/algarve7.pt\\\/index.php\\\/2022\\\/06\\\/cafe-calcinha-concurso-para-novo-concessionario-esta-a-decorrer\\\/atualidade\\\/09\\\/30\\\/#primaryimage\",\"url\":\"https:\\\/\\\/algarve7.pt\\\/wp-content\\\/uploads\\\/2022\\\/06\\\/Cafe\u0301-Calcinha-C.M.Loule\u0301-Mira-2-scaled.jpg\",\"contentUrl\":\"https:\\\/\\\/algarve7.pt\\\/wp-content\\\/uploads\\\/2022\\\/06\\\/Cafe\u0301-Calcinha-C.M.Loule\u0301-Mira-2-scaled.jpg\",\"width\":2560,\"height\":1645},{\"@type\":\"BreadcrumbList\",\"@id\":\"https:\\\/\\\/algarve7.pt\\\/index.php\\\/2022\\\/06\\\/cafe-calcinha-concurso-para-novo-concessionario-esta-a-decorrer\\\/atualidade\\\/09\\\/30\\\/#breadcrumb\",\"itemListElement\":[{\"@type\":\"ListItem\",\"position\":1,\"name\":\"In\u00edcio\",\"item\":\"https:\\\/\\\/algarve7.pt\\\/\"},{\"@type\":\"ListItem\",\"position\":2,\"name\":\"Caf\u00e9 Calcinha: Concurso para novo concession\u00e1rio est\u00e1 a decorrer\"}]},{\"@type\":\"WebSite\",\"@id\":\"https:\\\/\\\/algarve7.pt\\\/#website\",\"url\":\"https:\\\/\\\/algarve7.pt\\\/\",\"name\":\"Algarve 7\",\"description\":\"Informa\u00e7\u00e3o sobre o Algarve\",\"publisher\":{\"@id\":\"https:\\\/\\\/algarve7.pt\\\/#organization\"},\"potentialAction\":[{\"@type\":\"SearchAction\",\"target\":{\"@type\":\"EntryPoint\",\"urlTemplate\":\"https:\\\/\\\/algarve7.pt\\\/?s={search_term_string}\"},\"query-input\":{\"@type\":\"PropertyValueSpecification\",\"valueRequired\":true,\"valueName\":\"search_term_string\"}}],\"inLanguage\":\"pt-PT\"},{\"@type\":\"Organization\",\"@id\":\"https:\\\/\\\/algarve7.pt\\\/#organization\",\"name\":\"Algarve 7\",\"url\":\"https:\\\/\\\/algarve7.pt\\\/\",\"logo\":{\"@type\":\"ImageObject\",\"inLanguage\":\"pt-PT\",\"@id\":\"https:\\\/\\\/algarve7.pt\\\/#\\\/schema\\\/logo\\\/image\\\/\",\"url\":\"https:\\\/\\\/algarve7.pt\\\/wp-content\\\/uploads\\\/2020\\\/10\\\/Logo-8.jpg\",\"contentUrl\":\"https:\\\/\\\/algarve7.pt\\\/wp-content\\\/uploads\\\/2020\\\/10\\\/Logo-8.jpg\",\"width\":1680,\"height\":1186,\"caption\":\"Algarve 7\"},\"image\":{\"@id\":\"https:\\\/\\\/algarve7.pt\\\/#\\\/schema\\\/logo\\\/image\\\/\"},\"sameAs\":[\"https:\\\/\\\/www.facebook.com\\\/algarve7\",\"https:\\\/\\\/x.com\\\/Algarvesete\",\"https:\\\/\\\/www.instagram.com\\\/jornalalgarve7\\\/\",\"https:\\\/\\\/www.linkedin.com\\\/company\\\/algarve7\",\"https:\\\/\\\/www.pinterest.pt\\\/geral0939\\\/_created\\\/\"]},{\"@type\":\"Person\",\"@id\":\"https:\\\/\\\/algarve7.pt\\\/#\\\/schema\\\/person\\\/23fa70681308e7b319a3204bcea45e0c\",\"name\":\"Algarve 7\",\"sameAs\":[\"https:\\\/\\\/algarve7.pt\",\"https:\\\/\\\/www.facebook.com\\\/algarve7\"],\"url\":\"https:\\\/\\\/algarve7.pt\\\/index.php\\\/author\\\/geralalgarve7-pt\\\/\"}]}<\/script>\n<!-- \/ Yoast SEO plugin. -->","yoast_head_json":{"title":"Caf\u00e9 Calcinha: Concurso para novo concession\u00e1rio est\u00e1 a decorrer - Algarve 7","description":"Caf\u00e9 Calcinha: Concurso para novo concession\u00e1rio est\u00e1 a decorrer Atualidade","robots":{"index":"index","follow":"follow","max-snippet":"max-snippet:-1","max-image-preview":"max-image-preview:large","max-video-preview":"max-video-preview:-1"},"canonical":"https:\/\/algarve7.pt\/index.php\/2022\/06\/cafe-calcinha-concurso-para-novo-concessionario-esta-a-decorrer\/atualidade\/09\/30\/","og_locale":"pt_PT","og_type":"article","og_title":"Caf\u00e9 Calcinha: Concurso para novo concession\u00e1rio est\u00e1 a decorrer - Algarve 7","og_description":"Caf\u00e9 Calcinha: Concurso para novo concession\u00e1rio est\u00e1 a decorrer Atualidade","og_url":"https:\/\/algarve7.pt\/index.php\/2022\/06\/cafe-calcinha-concurso-para-novo-concessionario-esta-a-decorrer\/atualidade\/09\/30\/","og_site_name":"Algarve 7","article_publisher":"https:\/\/www.facebook.com\/algarve7","article_author":"https:\/\/www.facebook.com\/algarve7","article_published_time":"2022-06-17T08:30:00+00:00","og_image":[{"width":2560,"height":1645,"url":"https:\/\/algarve7.pt\/wp-content\/uploads\/2022\/06\/Cafe\u0301-Calcinha-C.M.Loule\u0301-Mira-2-scaled.jpg","type":"image\/jpeg"}],"author":"Algarve 7","twitter_card":"summary_large_image","twitter_creator":"@Algarvesete","twitter_site":"@Algarvesete","twitter_misc":{"Escrito por":"Algarve 7","Tempo estimado de leitura":"3 minutos"},"schema":{"@context":"https:\/\/schema.org","@graph":[{"@type":"Article","@id":"https:\/\/algarve7.pt\/index.php\/2022\/06\/cafe-calcinha-concurso-para-novo-concessionario-esta-a-decorrer\/atualidade\/09\/30\/#article","isPartOf":{"@id":"https:\/\/algarve7.pt\/index.php\/2022\/06\/cafe-calcinha-concurso-para-novo-concessionario-esta-a-decorrer\/atualidade\/09\/30\/"},"author":{"name":"Algarve 7","@id":"https:\/\/algarve7.pt\/#\/schema\/person\/23fa70681308e7b319a3204bcea45e0c"},"headline":"Caf\u00e9 Calcinha: Concurso para novo concession\u00e1rio est\u00e1 a decorrer","datePublished":"2022-06-17T08:30:00+00:00","mainEntityOfPage":{"@id":"https:\/\/algarve7.pt\/index.php\/2022\/06\/cafe-calcinha-concurso-para-novo-concessionario-esta-a-decorrer\/atualidade\/09\/30\/"},"wordCount":574,"publisher":{"@id":"https:\/\/algarve7.pt\/#organization"},"image":{"@id":"https:\/\/algarve7.pt\/index.php\/2022\/06\/cafe-calcinha-concurso-para-novo-concessionario-esta-a-decorrer\/atualidade\/09\/30\/#primaryimage"},"thumbnailUrl":"https:\/\/algarve7.pt\/wp-content\/uploads\/2022\/06\/Cafe\u0301-Calcinha-C.M.Loule\u0301-Mira-2-scaled.jpg","keywords":["Algarve","Atualidade","Concurso","Loul\u00e9"],"articleSection":["Atualidade"],"inLanguage":"pt-PT"},{"@type":"WebPage","@id":"https:\/\/algarve7.pt\/index.php\/2022\/06\/cafe-calcinha-concurso-para-novo-concessionario-esta-a-decorrer\/atualidade\/09\/30\/","url":"https:\/\/algarve7.pt\/index.php\/2022\/06\/cafe-calcinha-concurso-para-novo-concessionario-esta-a-decorrer\/atualidade\/09\/30\/","name":"Caf\u00e9 Calcinha: Concurso para novo concession\u00e1rio est\u00e1 a decorrer - Algarve 7","isPartOf":{"@id":"https:\/\/algarve7.pt\/#website"},"primaryImageOfPage":{"@id":"https:\/\/algarve7.pt\/index.php\/2022\/06\/cafe-calcinha-concurso-para-novo-concessionario-esta-a-decorrer\/atualidade\/09\/30\/#primaryimage"},"image":{"@id":"https:\/\/algarve7.pt\/index.php\/2022\/06\/cafe-calcinha-concurso-para-novo-concessionario-esta-a-decorrer\/atualidade\/09\/30\/#primaryimage"},"thumbnailUrl":"https:\/\/algarve7.pt\/wp-content\/uploads\/2022\/06\/Cafe\u0301-Calcinha-C.M.Loule\u0301-Mira-2-scaled.jpg","datePublished":"2022-06-17T08:30:00+00:00","description":"Caf\u00e9 Calcinha: Concurso para novo concession\u00e1rio est\u00e1 a decorrer Atualidade","breadcrumb":{"@id":"https:\/\/algarve7.pt\/index.php\/2022\/06\/cafe-calcinha-concurso-para-novo-concessionario-esta-a-decorrer\/atualidade\/09\/30\/#breadcrumb"},"inLanguage":"pt-PT","potentialAction":[{"@type":"ReadAction","target":["https:\/\/algarve7.pt\/index.php\/2022\/06\/cafe-calcinha-concurso-para-novo-concessionario-esta-a-decorrer\/atualidade\/09\/30\/"]}]},{"@type":"ImageObject","inLanguage":"pt-PT","@id":"https:\/\/algarve7.pt\/index.php\/2022\/06\/cafe-calcinha-concurso-para-novo-concessionario-esta-a-decorrer\/atualidade\/09\/30\/#primaryimage","url":"https:\/\/algarve7.pt\/wp-content\/uploads\/2022\/06\/Cafe\u0301-Calcinha-C.M.Loule\u0301-Mira-2-scaled.jpg","contentUrl":"https:\/\/algarve7.pt\/wp-content\/uploads\/2022\/06\/Cafe\u0301-Calcinha-C.M.Loule\u0301-Mira-2-scaled.jpg","width":2560,"height":1645},{"@type":"BreadcrumbList","@id":"https:\/\/algarve7.pt\/index.php\/2022\/06\/cafe-calcinha-concurso-para-novo-concessionario-esta-a-decorrer\/atualidade\/09\/30\/#breadcrumb","itemListElement":[{"@type":"ListItem","position":1,"name":"In\u00edcio","item":"https:\/\/algarve7.pt\/"},{"@type":"ListItem","position":2,"name":"Caf\u00e9 Calcinha: Concurso para novo concession\u00e1rio est\u00e1 a decorrer"}]},{"@type":"WebSite","@id":"https:\/\/algarve7.pt\/#website","url":"https:\/\/algarve7.pt\/","name":"Algarve 7","description":"Informa\u00e7\u00e3o sobre o Algarve","publisher":{"@id":"https:\/\/algarve7.pt\/#organization"},"potentialAction":[{"@type":"SearchAction","target":{"@type":"EntryPoint","urlTemplate":"https:\/\/algarve7.pt\/?s={search_term_string}"},"query-input":{"@type":"PropertyValueSpecification","valueRequired":true,"valueName":"search_term_string"}}],"inLanguage":"pt-PT"},{"@type":"Organization","@id":"https:\/\/algarve7.pt\/#organization","name":"Algarve 7","url":"https:\/\/algarve7.pt\/","logo":{"@type":"ImageObject","inLanguage":"pt-PT","@id":"https:\/\/algarve7.pt\/#\/schema\/logo\/image\/","url":"https:\/\/algarve7.pt\/wp-content\/uploads\/2020\/10\/Logo-8.jpg","contentUrl":"https:\/\/algarve7.pt\/wp-content\/uploads\/2020\/10\/Logo-8.jpg","width":1680,"height":1186,"caption":"Algarve 7"},"image":{"@id":"https:\/\/algarve7.pt\/#\/schema\/logo\/image\/"},"sameAs":["https:\/\/www.facebook.com\/algarve7","https:\/\/x.com\/Algarvesete","https:\/\/www.instagram.com\/jornalalgarve7\/","https:\/\/www.linkedin.com\/company\/algarve7","https:\/\/www.pinterest.pt\/geral0939\/_created\/"]},{"@type":"Person","@id":"https:\/\/algarve7.pt\/#\/schema\/person\/23fa70681308e7b319a3204bcea45e0c","name":"Algarve 7","sameAs":["https:\/\/algarve7.pt","https:\/\/www.facebook.com\/algarve7"],"url":"https:\/\/algarve7.pt\/index.php\/author\/geralalgarve7-pt\/"}]}},"jetpack_publicize_connections":[],"jetpack_featured_media_url":"https:\/\/algarve7.pt\/wp-content\/uploads\/2022\/06\/Cafe\u0301-Calcinha-C.M.Loule\u0301-Mira-2-scaled.jpg","jetpack_shortlink":"https:\/\/wp.me\/pcezmW-54M","jetpack_sharing_enabled":true,"_links":{"self":[{"href":"https:\/\/algarve7.pt\/index.php\/wp-json\/wp\/v2\/posts\/19516","targetHints":{"allow":["GET"]}}],"collection":[{"href":"https:\/\/algarve7.pt\/index.php\/wp-json\/wp\/v2\/posts"}],"about":[{"href":"https:\/\/algarve7.pt\/index.php\/wp-json\/wp\/v2\/types\/post"}],"author":[{"embeddable":true,"href":"https:\/\/algarve7.pt\/index.php\/wp-json\/wp\/v2\/users\/1"}],"replies":[{"embeddable":true,"href":"https:\/\/algarve7.pt\/index.php\/wp-json\/wp\/v2\/comments?post=19516"}],"version-history":[{"count":0,"href":"https:\/\/algarve7.pt\/index.php\/wp-json\/wp\/v2\/posts\/19516\/revisions"}],"wp:featuredmedia":[{"embeddable":true,"href":"https:\/\/algarve7.pt\/index.php\/wp-json\/wp\/v2\/media\/19517"}],"wp:attachment":[{"href":"https:\/\/algarve7.pt\/index.php\/wp-json\/wp\/v2\/media?parent=19516"}],"wp:term":[{"taxonomy":"category","embeddable":true,"href":"https:\/\/algarve7.pt\/index.php\/wp-json\/wp\/v2\/categories?post=19516"},{"taxonomy":"post_tag","embeddable":true,"href":"https:\/\/algarve7.pt\/index.php\/wp-json\/wp\/v2\/tags?post=19516"}],"curies":[{"name":"wp","href":"https:\/\/api.w.org\/{rel}","templated":true}]}}