{"id":19509,"date":"2022-06-17T08:44:00","date_gmt":"2022-06-17T07:44:00","guid":{"rendered":"https:\/\/algarve7.pt\/?p=19509"},"modified":"2022-06-16T18:46:28","modified_gmt":"2022-06-16T17:46:28","slug":"ii-forum-de-ideias-de-negocio-em-sao-bras-de-alportel","status":"publish","type":"post","link":"https:\/\/algarve7.pt\/index.php\/2022\/06\/ii-forum-de-ideias-de-negocio-em-sao-bras-de-alportel\/atualidade\/08\/44\/","title":{"rendered":"II Forum de ideias de neg\u00f3cio em S\u00e3o Br\u00e1s de Alportel"},"content":{"rendered":"\n<p>O Munic\u00edpio de S\u00e3o Br\u00e1s de Alportel, atrav\u00e9s do Gabinete do Empreendedor, promoveu esta ter\u00e7a-feira, 14 de junho, a segunda edi\u00e7\u00e3o do F\u00f3rum de Ideias de Neg\u00f3cio, com o objetivo de dar a conhecer novos projetos de empreendedorismo, promover a partilha de ideias de neg\u00f3cio e divulgar servi\u00e7os e medidas de apoio.<\/p>\n\n\n\n<p>Cl\u00e1udia Contreiras Interiores, Nuno Clara \u2013 Microvegetais, Substancia3d, We Stream Algarve \u2013 Canal Interativo, Grupo Amor aos Molhos, Chaveca &amp; Janeira, Circular, Hortireel, Vintage Studios, Raquel Taveira eventos, Sul Office, UmArroba, Bindy, Motor Home Eco Park, Portos House, Un autre Monde \u2013 Centro de Bem-Estar e Sister foram os projetos participantes neste f\u00f3rum, aos quais se juntaram ainda os testemunhos da coworker Eleut\u00e9ria Sousa, cujo neg\u00f3cio est\u00e1 sediado no Espa\u00e7o Coworking do Munic\u00edpio e de duas empreendedoras cujos projetos est\u00e3o instalados no Ninho de Empreendedorismo 4 olhos, respetivamente N\u00edvea Silva e Paula Sobral.<\/p>\n\n\n\n<p>Uma tarde plena de empreendedorismo, que permitiu dar o merecido \u201cpalco\u201d aos empreendedores do concelho, permitindo dar a conhecer os mais diversos projetos em curso no concelho, &nbsp;motivadores da cria\u00e7\u00e3o de parcerias que dinamizem a economia s\u00e3o-brasense.<\/p>\n\n\n\n<p>Dirigindo-se aos presentes, o presidente da C\u00e2mara Municipal, Vitor Guerreiro, frisou que este f\u00f3rum pretende ser um espa\u00e7o \u201cpara a partilha e cria\u00e7\u00e3o de sinergias, para darem a conhecer e promoverem os vossos projetos\u201d e deixou votos de que tanto os empreendedores como as empresas do concelho continuem a dar passos rumo ao sucesso que, naturalmente, tamb\u00e9m \u00e9 o sucesso do concelho.<\/p>\n\n\n\n<p>\u00c9 com esse prop\u00f3sito que o Munic\u00edpio tem procurado desenvolver ferramentas e estrat\u00e9gias de promo\u00e7\u00e3o do desenvolvimento econ\u00f3mico e de apoio \u00e0s empresas do concelho. Ferramentas e estrat\u00e9gias que visam tamb\u00e9m atrair novos investimentos que possam reconhecer as vantagens de instalar empresas neste concelho que Vitor Guerreiro sublinhou ter uma localiza\u00e7\u00e3o privilegiada, boas condi\u00e7\u00f5es para viver, trabalhar e investir e uma comunidade ativa e hospitaleira.<\/p>\n\n\n\n<p>Destacando a valentia, persist\u00eancia, resili\u00eancia e capacidade de inova\u00e7\u00e3o dos empreendedores s\u00e3o-brasenses, a Vice-presidente Marlene Guerreiro que moderou o F\u00f3rum apresentou o novo projeto municipal de incuba\u00e7\u00e3o de empresas: o Ninho de Empreendedorismo Agr\u00edcola, que vir\u00e1 enriquecer a Rede de Espa\u00e7os de Incuba\u00e7\u00e3o do munic\u00edpio e que dever\u00e1 estar dispon\u00edvel no \u00faltimo trimestre deste ano.<\/p>\n\n\n\n<p>Um projeto que tem o intuito de ajudar empreendedores que querem dar os primeiros passos na produ\u00e7\u00e3o agr\u00edcola, para comercializa\u00e7\u00e3o, atrav\u00e9s da ced\u00eancia tempor\u00e1ria, com custos acess\u00edveis, de parcelas de terreno do munic\u00edpio, &nbsp;localizados junto \u00e0 Circular Norte da vila.<\/p>\n\n\n\n<p>Em 2020, o Munic\u00edpio abriu as portas do Espa\u00e7o Coworking, em 2021 inaugurou o Ninho de Empreendedorismo 4 Olhos. Em 2022, dever\u00e1 nascer o terceiro projeto da Rede de Espa\u00e7os de Incuba\u00e7\u00e3o, com o novo Ninho de Empreendedorismo Agr\u00edcola.<\/p>\n","protected":false},"excerpt":{"rendered":"<p>O Munic\u00edpio de S\u00e3o Br\u00e1s de Alportel, atrav\u00e9s do Gabinete do Empreendedor, promoveu esta ter\u00e7a-feira, 14 de junho, a segunda<\/p>\n","protected":false},"author":1,"featured_media":19510,"comment_status":"closed","ping_status":"open","sticky":false,"template":"","format":"standard","meta":{"colormag_page_container_layout":"default_layout","colormag_page_sidebar_layout":"default_layout","_monsterinsights_skip_tracking":false,"_monsterinsights_sitenote_active":false,"_monsterinsights_sitenote_note":"","_monsterinsights_sitenote_category":0,"jetpack_post_was_ever_published":false,"_jetpack_newsletter_access":"","_jetpack_dont_email_post_to_subs":false,"_jetpack_newsletter_tier_id":0,"_jetpack_memberships_contains_paywalled_content":false,"_jetpack_memberships_contains_paid_content":false,"footnotes":"","jetpack_publicize_message":"","jetpack_publicize_feature_enabled":true,"jetpack_social_post_already_shared":true,"jetpack_social_options":{"image_generator_settings":{"template":"highway","default_image_id":0,"font":"","enabled":false},"version":2}},"categories":[11],"tags":[36,62,153,63],"class_list":["post-19509","post","type-post","status-publish","format-standard","has-post-thumbnail","hentry","category-atualidade","tag-algarve","tag-atualidade","tag-economia","tag-sao-bras-de-alportel"],"yoast_head":"<!-- This site is optimized with the Yoast SEO plugin v27.5 - https:\/\/yoast.com\/product\/yoast-seo-wordpress\/ -->\n<title>II Forum de ideias de neg\u00f3cio em S\u00e3o Br\u00e1s de Alportel - Algarve 7<\/title>\n<meta name=\"description\" content=\"II Forum de ideias de neg\u00f3cio em S\u00e3o Br\u00e1s de Alportel Atualidade\" \/>\n<meta name=\"robots\" content=\"index, follow, max-snippet:-1, max-image-preview:large, max-video-preview:-1\" \/>\n<link rel=\"canonical\" href=\"https:\/\/algarve7.pt\/index.php\/2022\/06\/ii-forum-de-ideias-de-negocio-em-sao-bras-de-alportel\/atualidade\/08\/44\/\" \/>\n<meta property=\"og:locale\" content=\"pt_PT\" \/>\n<meta property=\"og:type\" content=\"article\" \/>\n<meta property=\"og:title\" content=\"II Forum de ideias de neg\u00f3cio em S\u00e3o Br\u00e1s de Alportel - Algarve 7\" \/>\n<meta property=\"og:description\" content=\"II Forum de ideias de neg\u00f3cio em S\u00e3o Br\u00e1s de Alportel Atualidade\" \/>\n<meta property=\"og:url\" content=\"https:\/\/algarve7.pt\/index.php\/2022\/06\/ii-forum-de-ideias-de-negocio-em-sao-bras-de-alportel\/atualidade\/08\/44\/\" \/>\n<meta property=\"og:site_name\" content=\"Algarve 7\" \/>\n<meta property=\"article:publisher\" content=\"https:\/\/www.facebook.com\/algarve7\" \/>\n<meta property=\"article:author\" content=\"https:\/\/www.facebook.com\/algarve7\" \/>\n<meta property=\"article:published_time\" content=\"2022-06-17T07:44:00+00:00\" \/>\n<meta property=\"og:image\" content=\"https:\/\/algarve7.pt\/wp-content\/uploads\/2022\/06\/Mentores-Medium.jpg\" \/>\n\t<meta property=\"og:image:width\" content=\"1007\" \/>\n\t<meta property=\"og:image:height\" content=\"768\" \/>\n\t<meta property=\"og:image:type\" content=\"image\/jpeg\" \/>\n<meta name=\"author\" content=\"Algarve 7\" \/>\n<meta name=\"twitter:card\" content=\"summary_large_image\" \/>\n<meta name=\"twitter:creator\" content=\"@Algarvesete\" \/>\n<meta name=\"twitter:site\" content=\"@Algarvesete\" \/>\n<meta name=\"twitter:label1\" content=\"Escrito por\" \/>\n\t<meta name=\"twitter:data1\" content=\"Algarve 7\" \/>\n\t<meta name=\"twitter:label2\" content=\"Tempo estimado de leitura\" \/>\n\t<meta name=\"twitter:data2\" content=\"3 minutos\" \/>\n<script type=\"application\/ld+json\" class=\"yoast-schema-graph\">{\"@context\":\"https:\\\/\\\/schema.org\",\"@graph\":[{\"@type\":\"Article\",\"@id\":\"https:\\\/\\\/algarve7.pt\\\/index.php\\\/2022\\\/06\\\/ii-forum-de-ideias-de-negocio-em-sao-bras-de-alportel\\\/atualidade\\\/08\\\/44\\\/#article\",\"isPartOf\":{\"@id\":\"https:\\\/\\\/algarve7.pt\\\/index.php\\\/2022\\\/06\\\/ii-forum-de-ideias-de-negocio-em-sao-bras-de-alportel\\\/atualidade\\\/08\\\/44\\\/\"},\"author\":{\"name\":\"Algarve 7\",\"@id\":\"https:\\\/\\\/algarve7.pt\\\/#\\\/schema\\\/person\\\/23fa70681308e7b319a3204bcea45e0c\"},\"headline\":\"II Forum de ideias de neg\u00f3cio em S\u00e3o Br\u00e1s de Alportel\",\"datePublished\":\"2022-06-17T07:44:00+00:00\",\"mainEntityOfPage\":{\"@id\":\"https:\\\/\\\/algarve7.pt\\\/index.php\\\/2022\\\/06\\\/ii-forum-de-ideias-de-negocio-em-sao-bras-de-alportel\\\/atualidade\\\/08\\\/44\\\/\"},\"wordCount\":506,\"publisher\":{\"@id\":\"https:\\\/\\\/algarve7.pt\\\/#organization\"},\"image\":{\"@id\":\"https:\\\/\\\/algarve7.pt\\\/index.php\\\/2022\\\/06\\\/ii-forum-de-ideias-de-negocio-em-sao-bras-de-alportel\\\/atualidade\\\/08\\\/44\\\/#primaryimage\"},\"thumbnailUrl\":\"https:\\\/\\\/algarve7.pt\\\/wp-content\\\/uploads\\\/2022\\\/06\\\/Mentores-Medium.jpg\",\"keywords\":[\"Algarve\",\"Atualidade\",\"Economia\",\"S\u00e3o Br\u00e1s de Alportel\"],\"articleSection\":[\"Atualidade\"],\"inLanguage\":\"pt-PT\"},{\"@type\":\"WebPage\",\"@id\":\"https:\\\/\\\/algarve7.pt\\\/index.php\\\/2022\\\/06\\\/ii-forum-de-ideias-de-negocio-em-sao-bras-de-alportel\\\/atualidade\\\/08\\\/44\\\/\",\"url\":\"https:\\\/\\\/algarve7.pt\\\/index.php\\\/2022\\\/06\\\/ii-forum-de-ideias-de-negocio-em-sao-bras-de-alportel\\\/atualidade\\\/08\\\/44\\\/\",\"name\":\"II Forum de ideias de neg\u00f3cio em S\u00e3o Br\u00e1s de Alportel - Algarve 7\",\"isPartOf\":{\"@id\":\"https:\\\/\\\/algarve7.pt\\\/#website\"},\"primaryImageOfPage\":{\"@id\":\"https:\\\/\\\/algarve7.pt\\\/index.php\\\/2022\\\/06\\\/ii-forum-de-ideias-de-negocio-em-sao-bras-de-alportel\\\/atualidade\\\/08\\\/44\\\/#primaryimage\"},\"image\":{\"@id\":\"https:\\\/\\\/algarve7.pt\\\/index.php\\\/2022\\\/06\\\/ii-forum-de-ideias-de-negocio-em-sao-bras-de-alportel\\\/atualidade\\\/08\\\/44\\\/#primaryimage\"},\"thumbnailUrl\":\"https:\\\/\\\/algarve7.pt\\\/wp-content\\\/uploads\\\/2022\\\/06\\\/Mentores-Medium.jpg\",\"datePublished\":\"2022-06-17T07:44:00+00:00\",\"description\":\"II Forum de ideias de neg\u00f3cio em S\u00e3o Br\u00e1s de Alportel Atualidade\",\"breadcrumb\":{\"@id\":\"https:\\\/\\\/algarve7.pt\\\/index.php\\\/2022\\\/06\\\/ii-forum-de-ideias-de-negocio-em-sao-bras-de-alportel\\\/atualidade\\\/08\\\/44\\\/#breadcrumb\"},\"inLanguage\":\"pt-PT\",\"potentialAction\":[{\"@type\":\"ReadAction\",\"target\":[\"https:\\\/\\\/algarve7.pt\\\/index.php\\\/2022\\\/06\\\/ii-forum-de-ideias-de-negocio-em-sao-bras-de-alportel\\\/atualidade\\\/08\\\/44\\\/\"]}]},{\"@type\":\"ImageObject\",\"inLanguage\":\"pt-PT\",\"@id\":\"https:\\\/\\\/algarve7.pt\\\/index.php\\\/2022\\\/06\\\/ii-forum-de-ideias-de-negocio-em-sao-bras-de-alportel\\\/atualidade\\\/08\\\/44\\\/#primaryimage\",\"url\":\"https:\\\/\\\/algarve7.pt\\\/wp-content\\\/uploads\\\/2022\\\/06\\\/Mentores-Medium.jpg\",\"contentUrl\":\"https:\\\/\\\/algarve7.pt\\\/wp-content\\\/uploads\\\/2022\\\/06\\\/Mentores-Medium.jpg\",\"width\":1007,\"height\":768},{\"@type\":\"BreadcrumbList\",\"@id\":\"https:\\\/\\\/algarve7.pt\\\/index.php\\\/2022\\\/06\\\/ii-forum-de-ideias-de-negocio-em-sao-bras-de-alportel\\\/atualidade\\\/08\\\/44\\\/#breadcrumb\",\"itemListElement\":[{\"@type\":\"ListItem\",\"position\":1,\"name\":\"In\u00edcio\",\"item\":\"https:\\\/\\\/algarve7.pt\\\/\"},{\"@type\":\"ListItem\",\"position\":2,\"name\":\"II Forum de ideias de neg\u00f3cio em S\u00e3o Br\u00e1s de Alportel\"}]},{\"@type\":\"WebSite\",\"@id\":\"https:\\\/\\\/algarve7.pt\\\/#website\",\"url\":\"https:\\\/\\\/algarve7.pt\\\/\",\"name\":\"Algarve 7\",\"description\":\"Informa\u00e7\u00e3o sobre o Algarve\",\"publisher\":{\"@id\":\"https:\\\/\\\/algarve7.pt\\\/#organization\"},\"potentialAction\":[{\"@type\":\"SearchAction\",\"target\":{\"@type\":\"EntryPoint\",\"urlTemplate\":\"https:\\\/\\\/algarve7.pt\\\/?s={search_term_string}\"},\"query-input\":{\"@type\":\"PropertyValueSpecification\",\"valueRequired\":true,\"valueName\":\"search_term_string\"}}],\"inLanguage\":\"pt-PT\"},{\"@type\":\"Organization\",\"@id\":\"https:\\\/\\\/algarve7.pt\\\/#organization\",\"name\":\"Algarve 7\",\"url\":\"https:\\\/\\\/algarve7.pt\\\/\",\"logo\":{\"@type\":\"ImageObject\",\"inLanguage\":\"pt-PT\",\"@id\":\"https:\\\/\\\/algarve7.pt\\\/#\\\/schema\\\/logo\\\/image\\\/\",\"url\":\"https:\\\/\\\/algarve7.pt\\\/wp-content\\\/uploads\\\/2020\\\/10\\\/Logo-8.jpg\",\"contentUrl\":\"https:\\\/\\\/algarve7.pt\\\/wp-content\\\/uploads\\\/2020\\\/10\\\/Logo-8.jpg\",\"width\":1680,\"height\":1186,\"caption\":\"Algarve 7\"},\"image\":{\"@id\":\"https:\\\/\\\/algarve7.pt\\\/#\\\/schema\\\/logo\\\/image\\\/\"},\"sameAs\":[\"https:\\\/\\\/www.facebook.com\\\/algarve7\",\"https:\\\/\\\/x.com\\\/Algarvesete\",\"https:\\\/\\\/www.instagram.com\\\/jornalalgarve7\\\/\",\"https:\\\/\\\/www.linkedin.com\\\/company\\\/algarve7\",\"https:\\\/\\\/www.pinterest.pt\\\/geral0939\\\/_created\\\/\"]},{\"@type\":\"Person\",\"@id\":\"https:\\\/\\\/algarve7.pt\\\/#\\\/schema\\\/person\\\/23fa70681308e7b319a3204bcea45e0c\",\"name\":\"Algarve 7\",\"sameAs\":[\"https:\\\/\\\/algarve7.pt\",\"https:\\\/\\\/www.facebook.com\\\/algarve7\"],\"url\":\"https:\\\/\\\/algarve7.pt\\\/index.php\\\/author\\\/geralalgarve7-pt\\\/\"}]}<\/script>\n<!-- \/ Yoast SEO plugin. -->","yoast_head_json":{"title":"II Forum de ideias de neg\u00f3cio em S\u00e3o Br\u00e1s de Alportel - Algarve 7","description":"II Forum de ideias de neg\u00f3cio em S\u00e3o Br\u00e1s de Alportel Atualidade","robots":{"index":"index","follow":"follow","max-snippet":"max-snippet:-1","max-image-preview":"max-image-preview:large","max-video-preview":"max-video-preview:-1"},"canonical":"https:\/\/algarve7.pt\/index.php\/2022\/06\/ii-forum-de-ideias-de-negocio-em-sao-bras-de-alportel\/atualidade\/08\/44\/","og_locale":"pt_PT","og_type":"article","og_title":"II Forum de ideias de neg\u00f3cio em S\u00e3o Br\u00e1s de Alportel - Algarve 7","og_description":"II Forum de ideias de neg\u00f3cio em S\u00e3o Br\u00e1s de Alportel Atualidade","og_url":"https:\/\/algarve7.pt\/index.php\/2022\/06\/ii-forum-de-ideias-de-negocio-em-sao-bras-de-alportel\/atualidade\/08\/44\/","og_site_name":"Algarve 7","article_publisher":"https:\/\/www.facebook.com\/algarve7","article_author":"https:\/\/www.facebook.com\/algarve7","article_published_time":"2022-06-17T07:44:00+00:00","og_image":[{"width":1007,"height":768,"url":"https:\/\/algarve7.pt\/wp-content\/uploads\/2022\/06\/Mentores-Medium.jpg","type":"image\/jpeg"}],"author":"Algarve 7","twitter_card":"summary_large_image","twitter_creator":"@Algarvesete","twitter_site":"@Algarvesete","twitter_misc":{"Escrito por":"Algarve 7","Tempo estimado de leitura":"3 minutos"},"schema":{"@context":"https:\/\/schema.org","@graph":[{"@type":"Article","@id":"https:\/\/algarve7.pt\/index.php\/2022\/06\/ii-forum-de-ideias-de-negocio-em-sao-bras-de-alportel\/atualidade\/08\/44\/#article","isPartOf":{"@id":"https:\/\/algarve7.pt\/index.php\/2022\/06\/ii-forum-de-ideias-de-negocio-em-sao-bras-de-alportel\/atualidade\/08\/44\/"},"author":{"name":"Algarve 7","@id":"https:\/\/algarve7.pt\/#\/schema\/person\/23fa70681308e7b319a3204bcea45e0c"},"headline":"II Forum de ideias de neg\u00f3cio em S\u00e3o Br\u00e1s de Alportel","datePublished":"2022-06-17T07:44:00+00:00","mainEntityOfPage":{"@id":"https:\/\/algarve7.pt\/index.php\/2022\/06\/ii-forum-de-ideias-de-negocio-em-sao-bras-de-alportel\/atualidade\/08\/44\/"},"wordCount":506,"publisher":{"@id":"https:\/\/algarve7.pt\/#organization"},"image":{"@id":"https:\/\/algarve7.pt\/index.php\/2022\/06\/ii-forum-de-ideias-de-negocio-em-sao-bras-de-alportel\/atualidade\/08\/44\/#primaryimage"},"thumbnailUrl":"https:\/\/algarve7.pt\/wp-content\/uploads\/2022\/06\/Mentores-Medium.jpg","keywords":["Algarve","Atualidade","Economia","S\u00e3o Br\u00e1s de Alportel"],"articleSection":["Atualidade"],"inLanguage":"pt-PT"},{"@type":"WebPage","@id":"https:\/\/algarve7.pt\/index.php\/2022\/06\/ii-forum-de-ideias-de-negocio-em-sao-bras-de-alportel\/atualidade\/08\/44\/","url":"https:\/\/algarve7.pt\/index.php\/2022\/06\/ii-forum-de-ideias-de-negocio-em-sao-bras-de-alportel\/atualidade\/08\/44\/","name":"II Forum de ideias de neg\u00f3cio em S\u00e3o Br\u00e1s de Alportel - Algarve 7","isPartOf":{"@id":"https:\/\/algarve7.pt\/#website"},"primaryImageOfPage":{"@id":"https:\/\/algarve7.pt\/index.php\/2022\/06\/ii-forum-de-ideias-de-negocio-em-sao-bras-de-alportel\/atualidade\/08\/44\/#primaryimage"},"image":{"@id":"https:\/\/algarve7.pt\/index.php\/2022\/06\/ii-forum-de-ideias-de-negocio-em-sao-bras-de-alportel\/atualidade\/08\/44\/#primaryimage"},"thumbnailUrl":"https:\/\/algarve7.pt\/wp-content\/uploads\/2022\/06\/Mentores-Medium.jpg","datePublished":"2022-06-17T07:44:00+00:00","description":"II Forum de ideias de neg\u00f3cio em S\u00e3o Br\u00e1s de Alportel Atualidade","breadcrumb":{"@id":"https:\/\/algarve7.pt\/index.php\/2022\/06\/ii-forum-de-ideias-de-negocio-em-sao-bras-de-alportel\/atualidade\/08\/44\/#breadcrumb"},"inLanguage":"pt-PT","potentialAction":[{"@type":"ReadAction","target":["https:\/\/algarve7.pt\/index.php\/2022\/06\/ii-forum-de-ideias-de-negocio-em-sao-bras-de-alportel\/atualidade\/08\/44\/"]}]},{"@type":"ImageObject","inLanguage":"pt-PT","@id":"https:\/\/algarve7.pt\/index.php\/2022\/06\/ii-forum-de-ideias-de-negocio-em-sao-bras-de-alportel\/atualidade\/08\/44\/#primaryimage","url":"https:\/\/algarve7.pt\/wp-content\/uploads\/2022\/06\/Mentores-Medium.jpg","contentUrl":"https:\/\/algarve7.pt\/wp-content\/uploads\/2022\/06\/Mentores-Medium.jpg","width":1007,"height":768},{"@type":"BreadcrumbList","@id":"https:\/\/algarve7.pt\/index.php\/2022\/06\/ii-forum-de-ideias-de-negocio-em-sao-bras-de-alportel\/atualidade\/08\/44\/#breadcrumb","itemListElement":[{"@type":"ListItem","position":1,"name":"In\u00edcio","item":"https:\/\/algarve7.pt\/"},{"@type":"ListItem","position":2,"name":"II Forum de ideias de neg\u00f3cio em S\u00e3o Br\u00e1s de Alportel"}]},{"@type":"WebSite","@id":"https:\/\/algarve7.pt\/#website","url":"https:\/\/algarve7.pt\/","name":"Algarve 7","description":"Informa\u00e7\u00e3o sobre o Algarve","publisher":{"@id":"https:\/\/algarve7.pt\/#organization"},"potentialAction":[{"@type":"SearchAction","target":{"@type":"EntryPoint","urlTemplate":"https:\/\/algarve7.pt\/?s={search_term_string}"},"query-input":{"@type":"PropertyValueSpecification","valueRequired":true,"valueName":"search_term_string"}}],"inLanguage":"pt-PT"},{"@type":"Organization","@id":"https:\/\/algarve7.pt\/#organization","name":"Algarve 7","url":"https:\/\/algarve7.pt\/","logo":{"@type":"ImageObject","inLanguage":"pt-PT","@id":"https:\/\/algarve7.pt\/#\/schema\/logo\/image\/","url":"https:\/\/algarve7.pt\/wp-content\/uploads\/2020\/10\/Logo-8.jpg","contentUrl":"https:\/\/algarve7.pt\/wp-content\/uploads\/2020\/10\/Logo-8.jpg","width":1680,"height":1186,"caption":"Algarve 7"},"image":{"@id":"https:\/\/algarve7.pt\/#\/schema\/logo\/image\/"},"sameAs":["https:\/\/www.facebook.com\/algarve7","https:\/\/x.com\/Algarvesete","https:\/\/www.instagram.com\/jornalalgarve7\/","https:\/\/www.linkedin.com\/company\/algarve7","https:\/\/www.pinterest.pt\/geral0939\/_created\/"]},{"@type":"Person","@id":"https:\/\/algarve7.pt\/#\/schema\/person\/23fa70681308e7b319a3204bcea45e0c","name":"Algarve 7","sameAs":["https:\/\/algarve7.pt","https:\/\/www.facebook.com\/algarve7"],"url":"https:\/\/algarve7.pt\/index.php\/author\/geralalgarve7-pt\/"}]}},"jetpack_publicize_connections":[],"jetpack_featured_media_url":"https:\/\/algarve7.pt\/wp-content\/uploads\/2022\/06\/Mentores-Medium.jpg","jetpack_shortlink":"https:\/\/wp.me\/pcezmW-54F","jetpack_sharing_enabled":true,"_links":{"self":[{"href":"https:\/\/algarve7.pt\/index.php\/wp-json\/wp\/v2\/posts\/19509","targetHints":{"allow":["GET"]}}],"collection":[{"href":"https:\/\/algarve7.pt\/index.php\/wp-json\/wp\/v2\/posts"}],"about":[{"href":"https:\/\/algarve7.pt\/index.php\/wp-json\/wp\/v2\/types\/post"}],"author":[{"embeddable":true,"href":"https:\/\/algarve7.pt\/index.php\/wp-json\/wp\/v2\/users\/1"}],"replies":[{"embeddable":true,"href":"https:\/\/algarve7.pt\/index.php\/wp-json\/wp\/v2\/comments?post=19509"}],"version-history":[{"count":0,"href":"https:\/\/algarve7.pt\/index.php\/wp-json\/wp\/v2\/posts\/19509\/revisions"}],"wp:featuredmedia":[{"embeddable":true,"href":"https:\/\/algarve7.pt\/index.php\/wp-json\/wp\/v2\/media\/19510"}],"wp:attachment":[{"href":"https:\/\/algarve7.pt\/index.php\/wp-json\/wp\/v2\/media?parent=19509"}],"wp:term":[{"taxonomy":"category","embeddable":true,"href":"https:\/\/algarve7.pt\/index.php\/wp-json\/wp\/v2\/categories?post=19509"},{"taxonomy":"post_tag","embeddable":true,"href":"https:\/\/algarve7.pt\/index.php\/wp-json\/wp\/v2\/tags?post=19509"}],"curies":[{"name":"wp","href":"https:\/\/api.w.org\/{rel}","templated":true}]}}