{"id":19490,"date":"2022-06-15T18:18:36","date_gmt":"2022-06-15T17:18:36","guid":{"rendered":"https:\/\/algarve7.pt\/?p=19490"},"modified":"2022-06-15T19:08:42","modified_gmt":"2022-06-15T18:08:42","slug":"municipio-de-sao-bras-de-alportel-congratula-conselho-de-ministro-pela-atribuicao-do-nome-de-gago-coutinho-como-patrono-do-aeroporto-internacional-de-faro","status":"publish","type":"post","link":"https:\/\/algarve7.pt\/index.php\/2022\/06\/municipio-de-sao-bras-de-alportel-congratula-conselho-de-ministro-pela-atribuicao-do-nome-de-gago-coutinho-como-patrono-do-aeroporto-internacional-de-faro\/atualidade\/18\/18\/","title":{"rendered":"Munic\u00edpio de S\u00e3o Br\u00e1s de Alportel congratula Conselho de Ministro pela atribui\u00e7\u00e3o do nome de Gago Coutinho como patrono do Aeroporto Internacional de Faro"},"content":{"rendered":"\n<p><em>\u201cConsidero que \u00e9 uma justa homenagem feita ao nosso pa\u00eds, aos her\u00f3is portugueses e ao grande feito que foi a primeira travessia a\u00e9rea sobre o Atl\u00e2ntico Sul, que revela bem o esp\u00edrito e a garra dos portugueses\u201d,<\/em>&nbsp;reagiu o presidente da C\u00e2mara Municipal de S\u00e3o Br\u00e1s de Alportel, Vitor Guerreiro, ao ter conhecimento de que o Conselho de Ministros aprovou hoje, 15 de junho, uma resolu\u00e7\u00e3o que atribui o nome do Almirante Gago Coutinho ao Aeroporto Internacional de Faro.<\/p>\n\n\n\n<p>Vitor Guerreiro recorda o momento em que, em boa hora, esta proposta foi aprovada e acolhida com todo o entusiasmo, em reuni\u00e3o de C\u00e2mara, ainda no ano de 2019, sob proposta do mun\u00edcipe s\u00e3o-brasense, Tom\u00e1s Nunes. Posteriormente, um longo caminho foi percorrido na defesa deste justo tributo. Em 2019, uma proposta foi aprovada, tamb\u00e9m por unanimidade, em Assembleia Municipal. Desde a primeira hora o Munic\u00edpio defendeu esta justa homenagem a uma personalidade singular, de ra\u00edzes algarvias, a quem a ci\u00eancia e a avia\u00e7\u00e3o muito defendem. Nesta senda, o edil s\u00e3o-brasense Vitor Guerreiro apresentou em 2019 a proposta em sede da Comunidade Intermunicipal do Algarve \u2013 AMAL. A sua vota\u00e7\u00e3o foi, contudo, protelada pela pandemia.<\/p>\n\n\n\n<p>Esta proposta ganhou novo impulso este ano de 2022, quando &nbsp;se comemora o primeiro centen\u00e1rio da Primeira Travessia A\u00e9rea do Atl\u00e2ntico Sul (100TAAS), com o forte empenho do Movimento \u201cCidad\u00e3os pelo Aeroporto Gago Coutinho\u201d,&nbsp; entusiasticamente liderado &nbsp;pelo capit\u00e3o de Abril, o s\u00e3o-brasense Almirante Martins Guerreiro,&nbsp;e integrado por antigos deputados da Assembleia Constituinte: Carlos Brito, Afonso Dias e Lu\u00eds Filipe Madeira, entre muitos outros cidad\u00e3os, entre os quais in\u00fameros s\u00e3o-brasenses, que reconheceram desde a primeira hora a relev\u00e2ncia desta iniciativa que reconhece o enorme valor do navegador Gago Coutinho (1869-1959), com ascendentes paternos s\u00e3o-brasenses, que ao lado de Sacadura Cabral marcou para sempre a Hist\u00f3ria da Humanidade, deixando ainda um legado de conhecimento cient\u00edfico do qual ainda hoje todos beneficiamos.<\/p>\n\n\n\n<p>Foi na cerim\u00f3nia de lan\u00e7amento do programa de Comemora\u00e7\u00f5es do Centen\u00e1rio da Primeira Travessia A\u00e9rea do Atl\u00e2ntico Sul em S\u00e3o Br\u00e1s de Alportel, a 17 de fevereiro deste ano, que o Almirante Martins Guerreiro voltou a lan\u00e7ar este desafio publicamente, com o apoio inequ\u00edvoco da Assembleia Municipal e da C\u00e2mara Municipal de S\u00e3o Br\u00e1s de Alportel, e posteriormente, em boa hora, dos restantes munic\u00edpios algarvios.<\/p>\n\n\n\n<p><em>\u201cAtribuir ao aeroporto de Faro o nome de \u201cAeroporto Almirante Gago Coutinho\u201d seria uma forma de nos projetarmos no mundo, lembrando, o engenho e a capacidade criativa da gente portuguesa e o seu contributo para o desenvolvimento da humanidade\u201d,<\/em>&nbsp;afirmou na altura o Almirante.<\/p>\n\n\n\n<p>Empenhado, o Almirante Martins Guerreiro conseguiu ainda outro apoio de peso: a Marinha Portuguesa que este ano tem vindo a empenhar esfor\u00e7os na cria\u00e7\u00e3o de um programa comemorativo da 100TAAS que envolve o nosso pa\u00eds e todos os pa\u00edses por onde Gago Coutinho e Sacadura Cabral passaram at\u00e9 completarem a extraordin\u00e1ria travessia.<\/p>\n\n\n\n<p>\u201cSaldou-se assim uma d\u00edvida hist\u00f3rica que recebeu agora o justo pagamento, precisamente no ano das comemora\u00e7\u00f5es do centen\u00e1rio da&nbsp; 1\u00aa Travessia do Atl\u00e2ntico Sul (100TAAS), o feito mais memor\u00e1vel deste verdadeiro her\u00f3i. Este batismo chega em boa hora, enaltecendo uma personagem important\u00edssima da nossa Hist\u00f3ria e da nossa Ci\u00eancia. O navegador, ge\u00f3grafo e inventor de aparelhos de navega\u00e7\u00e3o que marcaram a hist\u00f3ria da avia\u00e7\u00e3o mundial, como \u00e9 o caso do sextante, garante com a atribui\u00e7\u00e3o de seu nome, a dignifica\u00e7\u00e3o de uma infraestruturas de cariz internacional, fundamental \u00e0 Regi\u00e3o do Algarve e ao Pa\u00eds, no garante das rela\u00e7\u00f5es internacionais tur\u00edsticas, comerciais e humanit\u00e1rias. Junho m\u00eas que marca, o nascimento do Munic\u00edpio de S\u00e3o Br\u00e1s de Alportel, o dia de Portugal, a chegada da Travessia do Atl\u00e2ntico Sul, contar\u00e1 com mais esta celebra\u00e7\u00e3o que nos deixa orgulhosos do conterr\u00e2neo s\u00e3o-brasense Almirante Gago Coutinho\u201d, sublinha Vitor Guerreiro.<\/p>\n\n\n\n<p>Importa recordar que S\u00e3o Br\u00e1s de Alportel tem em curso um programa multidisciplinar e intergeracional comemorativo do Centen\u00e1rio da Primeira Travessia A\u00e9rea do Atl\u00e2ntico Sul que tem vindo a contar momentos musicais, art\u00edsticos, liter\u00e1rios, infantojuvenis, entre outros.&nbsp;<\/p>\n\n\n\n<p>Reconhecendo e homenageando Gago Coutinho, o concelho tem a r\u00e9plica art\u00edstica do hidroavi\u00e3o \u201cSanta Cruz\u201d, da autoria de Carlos de Oliveira Correia, instalada a 30 de mar\u00e7o de 2017, data que assinalava os 95 anos da Travessia e est\u00e1 localizada junto \u00e0 Rua Dr. Alberto de Sousa, nos espa\u00e7os exteriores do edif\u00edcio das Piscinas Municipais Cobertas.<\/p>\n\n\n\n<p><strong>As origens algarvias e s\u00e3o-brasenses de Gago Coutinho<\/strong><\/p>\n\n\n\n<p>O seu av\u00f4 paterno, Manuel Viegas Gago Coutinho foi livreiro em Faro e foi Cabo de Esquadra do Regimento de Artilharia de Faro.<\/p>\n\n\n\n<p>Segundo Gago Coutinho, o seu pai, Jos\u00e9 Viegas Gago Coutinho, \u201cera um homem de reduzida educa\u00e7\u00e3o liter\u00e1ria. S\u00f3 a prim\u00e1ria, mas conhecia a escrita comercial, em que praticava. (\u2026) Era homem alto, desempenado, bem branco\u201d, oriundo de S\u00e3o Br\u00e1s de Alportel. Sua m\u00e3e, Fortunata Maria Mendes Coutinho, que segundo relatos que nos chegam ter\u00e1 sido origin\u00e1ria de Faro, era uma \u201csenhora pequena, morena, algarvia, filha de padeiros e que deveria ter ascend\u00eancia moura, nada mais sei a n\u00e3o ser que um irm\u00e3o dela era patr\u00e3o de um ca\u00edque da costa e v\u00e1rias vezes o vi visitar a irm\u00e3 Bel\u00e9m\u201d.<\/p>\n\n\n\n<p>Muitos juraram e outros ainda hoje afirmam que o aviador cientista \u00e9 mesmo s\u00e3o-brasense de nacimento, levado ainda rec\u00e9m-nascido para Lisboa onde foi registado\u2026<\/p>\n\n\n\n<p>A verdade \u00e9 que, naquela \u00e9poca, a C\u00e2mara Municipal acompanhou o entusiasmo geral, tendo realizado a 8 de maio de 1922 uma Sess\u00e3o Solene em honra dos aviadores e um cortejo c\u00edvico nessa mesma noite, tendo-se mantido o edif\u00edcio dos Pa\u00e7os do Concelho iluminado.<\/p>\n\n\n\n<p>\u00c0 rua principal da vila, na \u00e9poca, foi dado o nome do \u201caeronauta\u201d Gago Coutinho, que se mant\u00e9m at\u00e9 hoje.<\/p>\n\n\n\n<p><strong>Cem anos depois da Chegada ao Brasil<\/strong><\/p>\n\n\n\n<p>Na pr\u00f3xima sexta-feira, dia 17 de junho, justamente 100 anos ap\u00f3s a chegada dos aviadores ao Rio de Janeiro, este feito ser\u00e1 comemorado com especial entusiasmo, na terra que se orgulha das origens de Gago Coutinho.<\/p>\n\n\n\n<p>A encerrar um ciclo de palestras, decorrer\u00e1 pelas 17h30 na Biblioteca Municipal a palestra \u201cEcos da Hist\u00f3rica 1.\u00aa Travessia A\u00e9rea do Atl\u00e2ntico Sul\u201d, pela arquivista do Munic\u00edpio de S\u00e3o Br\u00e1s de Alportel, Vera Gon\u00e7alves.<\/p>\n\n\n\n<p>Na manh\u00e3 de s\u00e1bado, dia 18, esta efem\u00e9ride inspirar\u00e1 uma Manh\u00e3 Brasileira, no Mercado Municipal, para recriar os aromas e paladares do Brasil, com artesanato, anima\u00e7\u00e3o e gastronomia, numa iniciativa do munic\u00edpio que conta com a colabora\u00e7\u00e3o da comunidade brasileira residente.<\/p>\n\n\n\n<p>At\u00e9 ao final do m\u00eas, na Biblioteca Municipal e na Galeria Municipal est\u00e3o patentes exposi\u00e7\u00f5es documentais sobre a Travessia. No \u00e1trio do Cine-Teatro originais r\u00e9plicas de hidrovi\u00f5es podem ser apreciadas,&nbsp; numa mostra que nasceu de um desafio art\u00edstico lan\u00e7ado aos artes\u00e3os e artistas s\u00e3o-brasenses.<\/p>\n","protected":false},"excerpt":{"rendered":"<p>\u201cConsidero que \u00e9 uma justa homenagem feita ao nosso pa\u00eds, aos her\u00f3is portugueses e ao grande feito que foi a<\/p>\n","protected":false},"author":1,"featured_media":19491,"comment_status":"closed","ping_status":"open","sticky":false,"template":"","format":"standard","meta":{"colormag_page_container_layout":"default_layout","colormag_page_sidebar_layout":"default_layout","_monsterinsights_skip_tracking":false,"_monsterinsights_sitenote_active":false,"_monsterinsights_sitenote_note":"","_monsterinsights_sitenote_category":0,"jetpack_post_was_ever_published":false,"_jetpack_newsletter_access":"","_jetpack_dont_email_post_to_subs":false,"_jetpack_newsletter_tier_id":0,"_jetpack_memberships_contains_paywalled_content":false,"_jetpack_memberships_contains_paid_content":false,"footnotes":"","jetpack_publicize_message":"","jetpack_publicize_feature_enabled":true,"jetpack_social_post_already_shared":true,"jetpack_social_options":{"image_generator_settings":{"template":"highway","default_image_id":0,"font":"","enabled":false},"version":2}},"categories":[11],"tags":[376,36,62,63],"class_list":["post-19490","post","type-post","status-publish","format-standard","has-post-thumbnail","hentry","category-atualidade","tag-aeroporto-faro","tag-algarve","tag-atualidade","tag-sao-bras-de-alportel"],"yoast_head":"<!-- This site is optimized with the Yoast SEO plugin v27.5 - https:\/\/yoast.com\/product\/yoast-seo-wordpress\/ -->\n<title>Munic\u00edpio de S\u00e3o Br\u00e1s de Alportel congratula Conselho de Ministro pela atribui\u00e7\u00e3o do nome de Gago Coutinho como patrono do Aeroporto Internacional de Faro - Algarve 7<\/title>\n<meta name=\"description\" content=\"Munic\u00edpio de S\u00e3o Br\u00e1s de Alportel congratula Conselho de Ministro pela atribui\u00e7\u00e3o do nome de Gago Coutinho como patrono do Aeroporto Internacional de Faro Atualidade\" \/>\n<meta name=\"robots\" content=\"index, follow, max-snippet:-1, max-image-preview:large, max-video-preview:-1\" \/>\n<link rel=\"canonical\" href=\"https:\/\/algarve7.pt\/index.php\/2022\/06\/municipio-de-sao-bras-de-alportel-congratula-conselho-de-ministro-pela-atribuicao-do-nome-de-gago-coutinho-como-patrono-do-aeroporto-internacional-de-faro\/atualidade\/18\/18\/\" \/>\n<meta property=\"og:locale\" content=\"pt_PT\" \/>\n<meta property=\"og:type\" content=\"article\" \/>\n<meta property=\"og:title\" content=\"Munic\u00edpio de S\u00e3o Br\u00e1s de Alportel congratula Conselho de Ministro pela atribui\u00e7\u00e3o do nome de Gago Coutinho como patrono do Aeroporto Internacional de Faro - Algarve 7\" \/>\n<meta property=\"og:description\" content=\"Munic\u00edpio de S\u00e3o Br\u00e1s de Alportel congratula Conselho de Ministro pela atribui\u00e7\u00e3o do nome de Gago Coutinho como patrono do Aeroporto Internacional de Faro Atualidade\" \/>\n<meta property=\"og:url\" content=\"https:\/\/algarve7.pt\/index.php\/2022\/06\/municipio-de-sao-bras-de-alportel-congratula-conselho-de-ministro-pela-atribuicao-do-nome-de-gago-coutinho-como-patrono-do-aeroporto-internacional-de-faro\/atualidade\/18\/18\/\" \/>\n<meta property=\"og:site_name\" content=\"Algarve 7\" \/>\n<meta property=\"article:publisher\" content=\"https:\/\/www.facebook.com\/algarve7\" \/>\n<meta property=\"article:author\" content=\"https:\/\/www.facebook.com\/algarve7\" \/>\n<meta property=\"article:published_time\" content=\"2022-06-15T17:18:36+00:00\" \/>\n<meta property=\"article:modified_time\" content=\"2022-06-15T18:08:42+00:00\" \/>\n<meta property=\"og:image\" content=\"https:\/\/algarve7.pt\/wp-content\/uploads\/2022\/06\/DJI_0715-Medium.jpg\" \/>\n\t<meta property=\"og:image:width\" content=\"1365\" \/>\n\t<meta property=\"og:image:height\" content=\"768\" \/>\n\t<meta property=\"og:image:type\" content=\"image\/jpeg\" \/>\n<meta name=\"author\" content=\"Algarve 7\" \/>\n<meta name=\"twitter:card\" content=\"summary_large_image\" \/>\n<meta name=\"twitter:creator\" content=\"@Algarvesete\" \/>\n<meta name=\"twitter:site\" content=\"@Algarvesete\" \/>\n<meta name=\"twitter:label1\" content=\"Escrito por\" \/>\n\t<meta name=\"twitter:data1\" content=\"Algarve 7\" \/>\n\t<meta name=\"twitter:label2\" content=\"Tempo estimado de leitura\" \/>\n\t<meta name=\"twitter:data2\" content=\"7 minutos\" \/>\n<script type=\"application\/ld+json\" class=\"yoast-schema-graph\">{\"@context\":\"https:\\\/\\\/schema.org\",\"@graph\":[{\"@type\":\"Article\",\"@id\":\"https:\\\/\\\/algarve7.pt\\\/index.php\\\/2022\\\/06\\\/municipio-de-sao-bras-de-alportel-congratula-conselho-de-ministro-pela-atribuicao-do-nome-de-gago-coutinho-como-patrono-do-aeroporto-internacional-de-faro\\\/atualidade\\\/18\\\/18\\\/#article\",\"isPartOf\":{\"@id\":\"https:\\\/\\\/algarve7.pt\\\/index.php\\\/2022\\\/06\\\/municipio-de-sao-bras-de-alportel-congratula-conselho-de-ministro-pela-atribuicao-do-nome-de-gago-coutinho-como-patrono-do-aeroporto-internacional-de-faro\\\/atualidade\\\/18\\\/18\\\/\"},\"author\":{\"name\":\"Algarve 7\",\"@id\":\"https:\\\/\\\/algarve7.pt\\\/#\\\/schema\\\/person\\\/23fa70681308e7b319a3204bcea45e0c\"},\"headline\":\"Munic\u00edpio de S\u00e3o Br\u00e1s de Alportel congratula Conselho de Ministro pela atribui\u00e7\u00e3o do nome de Gago Coutinho como patrono do Aeroporto Internacional de Faro\",\"datePublished\":\"2022-06-15T17:18:36+00:00\",\"dateModified\":\"2022-06-15T18:08:42+00:00\",\"mainEntityOfPage\":{\"@id\":\"https:\\\/\\\/algarve7.pt\\\/index.php\\\/2022\\\/06\\\/municipio-de-sao-bras-de-alportel-congratula-conselho-de-ministro-pela-atribuicao-do-nome-de-gago-coutinho-como-patrono-do-aeroporto-internacional-de-faro\\\/atualidade\\\/18\\\/18\\\/\"},\"wordCount\":1246,\"publisher\":{\"@id\":\"https:\\\/\\\/algarve7.pt\\\/#organization\"},\"image\":{\"@id\":\"https:\\\/\\\/algarve7.pt\\\/index.php\\\/2022\\\/06\\\/municipio-de-sao-bras-de-alportel-congratula-conselho-de-ministro-pela-atribuicao-do-nome-de-gago-coutinho-como-patrono-do-aeroporto-internacional-de-faro\\\/atualidade\\\/18\\\/18\\\/#primaryimage\"},\"thumbnailUrl\":\"https:\\\/\\\/algarve7.pt\\\/wp-content\\\/uploads\\\/2022\\\/06\\\/DJI_0715-Medium.jpg\",\"keywords\":[\"Aeroporto Faro\",\"Algarve\",\"Atualidade\",\"S\u00e3o Br\u00e1s de Alportel\"],\"articleSection\":[\"Atualidade\"],\"inLanguage\":\"pt-PT\"},{\"@type\":\"WebPage\",\"@id\":\"https:\\\/\\\/algarve7.pt\\\/index.php\\\/2022\\\/06\\\/municipio-de-sao-bras-de-alportel-congratula-conselho-de-ministro-pela-atribuicao-do-nome-de-gago-coutinho-como-patrono-do-aeroporto-internacional-de-faro\\\/atualidade\\\/18\\\/18\\\/\",\"url\":\"https:\\\/\\\/algarve7.pt\\\/index.php\\\/2022\\\/06\\\/municipio-de-sao-bras-de-alportel-congratula-conselho-de-ministro-pela-atribuicao-do-nome-de-gago-coutinho-como-patrono-do-aeroporto-internacional-de-faro\\\/atualidade\\\/18\\\/18\\\/\",\"name\":\"Munic\u00edpio de S\u00e3o Br\u00e1s de Alportel congratula Conselho de Ministro pela atribui\u00e7\u00e3o do nome de Gago Coutinho como patrono do Aeroporto Internacional de Faro - Algarve 7\",\"isPartOf\":{\"@id\":\"https:\\\/\\\/algarve7.pt\\\/#website\"},\"primaryImageOfPage\":{\"@id\":\"https:\\\/\\\/algarve7.pt\\\/index.php\\\/2022\\\/06\\\/municipio-de-sao-bras-de-alportel-congratula-conselho-de-ministro-pela-atribuicao-do-nome-de-gago-coutinho-como-patrono-do-aeroporto-internacional-de-faro\\\/atualidade\\\/18\\\/18\\\/#primaryimage\"},\"image\":{\"@id\":\"https:\\\/\\\/algarve7.pt\\\/index.php\\\/2022\\\/06\\\/municipio-de-sao-bras-de-alportel-congratula-conselho-de-ministro-pela-atribuicao-do-nome-de-gago-coutinho-como-patrono-do-aeroporto-internacional-de-faro\\\/atualidade\\\/18\\\/18\\\/#primaryimage\"},\"thumbnailUrl\":\"https:\\\/\\\/algarve7.pt\\\/wp-content\\\/uploads\\\/2022\\\/06\\\/DJI_0715-Medium.jpg\",\"datePublished\":\"2022-06-15T17:18:36+00:00\",\"dateModified\":\"2022-06-15T18:08:42+00:00\",\"description\":\"Munic\u00edpio de S\u00e3o Br\u00e1s de Alportel congratula Conselho de Ministro pela atribui\u00e7\u00e3o do nome de Gago Coutinho como patrono do Aeroporto Internacional de Faro Atualidade\",\"breadcrumb\":{\"@id\":\"https:\\\/\\\/algarve7.pt\\\/index.php\\\/2022\\\/06\\\/municipio-de-sao-bras-de-alportel-congratula-conselho-de-ministro-pela-atribuicao-do-nome-de-gago-coutinho-como-patrono-do-aeroporto-internacional-de-faro\\\/atualidade\\\/18\\\/18\\\/#breadcrumb\"},\"inLanguage\":\"pt-PT\",\"potentialAction\":[{\"@type\":\"ReadAction\",\"target\":[\"https:\\\/\\\/algarve7.pt\\\/index.php\\\/2022\\\/06\\\/municipio-de-sao-bras-de-alportel-congratula-conselho-de-ministro-pela-atribuicao-do-nome-de-gago-coutinho-como-patrono-do-aeroporto-internacional-de-faro\\\/atualidade\\\/18\\\/18\\\/\"]}]},{\"@type\":\"ImageObject\",\"inLanguage\":\"pt-PT\",\"@id\":\"https:\\\/\\\/algarve7.pt\\\/index.php\\\/2022\\\/06\\\/municipio-de-sao-bras-de-alportel-congratula-conselho-de-ministro-pela-atribuicao-do-nome-de-gago-coutinho-como-patrono-do-aeroporto-internacional-de-faro\\\/atualidade\\\/18\\\/18\\\/#primaryimage\",\"url\":\"https:\\\/\\\/algarve7.pt\\\/wp-content\\\/uploads\\\/2022\\\/06\\\/DJI_0715-Medium.jpg\",\"contentUrl\":\"https:\\\/\\\/algarve7.pt\\\/wp-content\\\/uploads\\\/2022\\\/06\\\/DJI_0715-Medium.jpg\",\"width\":1365,\"height\":768,\"caption\":\"DCIM100MEDIADJI_0715.JPG\"},{\"@type\":\"BreadcrumbList\",\"@id\":\"https:\\\/\\\/algarve7.pt\\\/index.php\\\/2022\\\/06\\\/municipio-de-sao-bras-de-alportel-congratula-conselho-de-ministro-pela-atribuicao-do-nome-de-gago-coutinho-como-patrono-do-aeroporto-internacional-de-faro\\\/atualidade\\\/18\\\/18\\\/#breadcrumb\",\"itemListElement\":[{\"@type\":\"ListItem\",\"position\":1,\"name\":\"In\u00edcio\",\"item\":\"https:\\\/\\\/algarve7.pt\\\/\"},{\"@type\":\"ListItem\",\"position\":2,\"name\":\"Munic\u00edpio de S\u00e3o Br\u00e1s de Alportel congratula Conselho de Ministro pela atribui\u00e7\u00e3o do nome de Gago Coutinho como patrono do Aeroporto Internacional de Faro\"}]},{\"@type\":\"WebSite\",\"@id\":\"https:\\\/\\\/algarve7.pt\\\/#website\",\"url\":\"https:\\\/\\\/algarve7.pt\\\/\",\"name\":\"Algarve 7\",\"description\":\"Informa\u00e7\u00e3o sobre o Algarve\",\"publisher\":{\"@id\":\"https:\\\/\\\/algarve7.pt\\\/#organization\"},\"potentialAction\":[{\"@type\":\"SearchAction\",\"target\":{\"@type\":\"EntryPoint\",\"urlTemplate\":\"https:\\\/\\\/algarve7.pt\\\/?s={search_term_string}\"},\"query-input\":{\"@type\":\"PropertyValueSpecification\",\"valueRequired\":true,\"valueName\":\"search_term_string\"}}],\"inLanguage\":\"pt-PT\"},{\"@type\":\"Organization\",\"@id\":\"https:\\\/\\\/algarve7.pt\\\/#organization\",\"name\":\"Algarve 7\",\"url\":\"https:\\\/\\\/algarve7.pt\\\/\",\"logo\":{\"@type\":\"ImageObject\",\"inLanguage\":\"pt-PT\",\"@id\":\"https:\\\/\\\/algarve7.pt\\\/#\\\/schema\\\/logo\\\/image\\\/\",\"url\":\"https:\\\/\\\/algarve7.pt\\\/wp-content\\\/uploads\\\/2020\\\/10\\\/Logo-8.jpg\",\"contentUrl\":\"https:\\\/\\\/algarve7.pt\\\/wp-content\\\/uploads\\\/2020\\\/10\\\/Logo-8.jpg\",\"width\":1680,\"height\":1186,\"caption\":\"Algarve 7\"},\"image\":{\"@id\":\"https:\\\/\\\/algarve7.pt\\\/#\\\/schema\\\/logo\\\/image\\\/\"},\"sameAs\":[\"https:\\\/\\\/www.facebook.com\\\/algarve7\",\"https:\\\/\\\/x.com\\\/Algarvesete\",\"https:\\\/\\\/www.instagram.com\\\/jornalalgarve7\\\/\",\"https:\\\/\\\/www.linkedin.com\\\/company\\\/algarve7\",\"https:\\\/\\\/www.pinterest.pt\\\/geral0939\\\/_created\\\/\"]},{\"@type\":\"Person\",\"@id\":\"https:\\\/\\\/algarve7.pt\\\/#\\\/schema\\\/person\\\/23fa70681308e7b319a3204bcea45e0c\",\"name\":\"Algarve 7\",\"sameAs\":[\"https:\\\/\\\/algarve7.pt\",\"https:\\\/\\\/www.facebook.com\\\/algarve7\"],\"url\":\"https:\\\/\\\/algarve7.pt\\\/index.php\\\/author\\\/geralalgarve7-pt\\\/\"}]}<\/script>\n<!-- \/ Yoast SEO plugin. -->","yoast_head_json":{"title":"Munic\u00edpio de S\u00e3o Br\u00e1s de Alportel congratula Conselho de Ministro pela atribui\u00e7\u00e3o do nome de Gago Coutinho como patrono do Aeroporto Internacional de Faro - Algarve 7","description":"Munic\u00edpio de S\u00e3o Br\u00e1s de Alportel congratula Conselho de Ministro pela atribui\u00e7\u00e3o do nome de Gago Coutinho como patrono do Aeroporto Internacional de Faro Atualidade","robots":{"index":"index","follow":"follow","max-snippet":"max-snippet:-1","max-image-preview":"max-image-preview:large","max-video-preview":"max-video-preview:-1"},"canonical":"https:\/\/algarve7.pt\/index.php\/2022\/06\/municipio-de-sao-bras-de-alportel-congratula-conselho-de-ministro-pela-atribuicao-do-nome-de-gago-coutinho-como-patrono-do-aeroporto-internacional-de-faro\/atualidade\/18\/18\/","og_locale":"pt_PT","og_type":"article","og_title":"Munic\u00edpio de S\u00e3o Br\u00e1s de Alportel congratula Conselho de Ministro pela atribui\u00e7\u00e3o do nome de Gago Coutinho como patrono do Aeroporto Internacional de Faro - Algarve 7","og_description":"Munic\u00edpio de S\u00e3o Br\u00e1s de Alportel congratula Conselho de Ministro pela atribui\u00e7\u00e3o do nome de Gago Coutinho como patrono do Aeroporto Internacional de Faro Atualidade","og_url":"https:\/\/algarve7.pt\/index.php\/2022\/06\/municipio-de-sao-bras-de-alportel-congratula-conselho-de-ministro-pela-atribuicao-do-nome-de-gago-coutinho-como-patrono-do-aeroporto-internacional-de-faro\/atualidade\/18\/18\/","og_site_name":"Algarve 7","article_publisher":"https:\/\/www.facebook.com\/algarve7","article_author":"https:\/\/www.facebook.com\/algarve7","article_published_time":"2022-06-15T17:18:36+00:00","article_modified_time":"2022-06-15T18:08:42+00:00","og_image":[{"width":1365,"height":768,"url":"https:\/\/algarve7.pt\/wp-content\/uploads\/2022\/06\/DJI_0715-Medium.jpg","type":"image\/jpeg"}],"author":"Algarve 7","twitter_card":"summary_large_image","twitter_creator":"@Algarvesete","twitter_site":"@Algarvesete","twitter_misc":{"Escrito por":"Algarve 7","Tempo estimado de leitura":"7 minutos"},"schema":{"@context":"https:\/\/schema.org","@graph":[{"@type":"Article","@id":"https:\/\/algarve7.pt\/index.php\/2022\/06\/municipio-de-sao-bras-de-alportel-congratula-conselho-de-ministro-pela-atribuicao-do-nome-de-gago-coutinho-como-patrono-do-aeroporto-internacional-de-faro\/atualidade\/18\/18\/#article","isPartOf":{"@id":"https:\/\/algarve7.pt\/index.php\/2022\/06\/municipio-de-sao-bras-de-alportel-congratula-conselho-de-ministro-pela-atribuicao-do-nome-de-gago-coutinho-como-patrono-do-aeroporto-internacional-de-faro\/atualidade\/18\/18\/"},"author":{"name":"Algarve 7","@id":"https:\/\/algarve7.pt\/#\/schema\/person\/23fa70681308e7b319a3204bcea45e0c"},"headline":"Munic\u00edpio de S\u00e3o Br\u00e1s de Alportel congratula Conselho de Ministro pela atribui\u00e7\u00e3o do nome de Gago Coutinho como patrono do Aeroporto Internacional de Faro","datePublished":"2022-06-15T17:18:36+00:00","dateModified":"2022-06-15T18:08:42+00:00","mainEntityOfPage":{"@id":"https:\/\/algarve7.pt\/index.php\/2022\/06\/municipio-de-sao-bras-de-alportel-congratula-conselho-de-ministro-pela-atribuicao-do-nome-de-gago-coutinho-como-patrono-do-aeroporto-internacional-de-faro\/atualidade\/18\/18\/"},"wordCount":1246,"publisher":{"@id":"https:\/\/algarve7.pt\/#organization"},"image":{"@id":"https:\/\/algarve7.pt\/index.php\/2022\/06\/municipio-de-sao-bras-de-alportel-congratula-conselho-de-ministro-pela-atribuicao-do-nome-de-gago-coutinho-como-patrono-do-aeroporto-internacional-de-faro\/atualidade\/18\/18\/#primaryimage"},"thumbnailUrl":"https:\/\/algarve7.pt\/wp-content\/uploads\/2022\/06\/DJI_0715-Medium.jpg","keywords":["Aeroporto Faro","Algarve","Atualidade","S\u00e3o Br\u00e1s de Alportel"],"articleSection":["Atualidade"],"inLanguage":"pt-PT"},{"@type":"WebPage","@id":"https:\/\/algarve7.pt\/index.php\/2022\/06\/municipio-de-sao-bras-de-alportel-congratula-conselho-de-ministro-pela-atribuicao-do-nome-de-gago-coutinho-como-patrono-do-aeroporto-internacional-de-faro\/atualidade\/18\/18\/","url":"https:\/\/algarve7.pt\/index.php\/2022\/06\/municipio-de-sao-bras-de-alportel-congratula-conselho-de-ministro-pela-atribuicao-do-nome-de-gago-coutinho-como-patrono-do-aeroporto-internacional-de-faro\/atualidade\/18\/18\/","name":"Munic\u00edpio de S\u00e3o Br\u00e1s de Alportel congratula Conselho de Ministro pela atribui\u00e7\u00e3o do nome de Gago Coutinho como patrono do Aeroporto Internacional de Faro - Algarve 7","isPartOf":{"@id":"https:\/\/algarve7.pt\/#website"},"primaryImageOfPage":{"@id":"https:\/\/algarve7.pt\/index.php\/2022\/06\/municipio-de-sao-bras-de-alportel-congratula-conselho-de-ministro-pela-atribuicao-do-nome-de-gago-coutinho-como-patrono-do-aeroporto-internacional-de-faro\/atualidade\/18\/18\/#primaryimage"},"image":{"@id":"https:\/\/algarve7.pt\/index.php\/2022\/06\/municipio-de-sao-bras-de-alportel-congratula-conselho-de-ministro-pela-atribuicao-do-nome-de-gago-coutinho-como-patrono-do-aeroporto-internacional-de-faro\/atualidade\/18\/18\/#primaryimage"},"thumbnailUrl":"https:\/\/algarve7.pt\/wp-content\/uploads\/2022\/06\/DJI_0715-Medium.jpg","datePublished":"2022-06-15T17:18:36+00:00","dateModified":"2022-06-15T18:08:42+00:00","description":"Munic\u00edpio de S\u00e3o Br\u00e1s de Alportel congratula Conselho de Ministro pela atribui\u00e7\u00e3o do nome de Gago Coutinho como patrono do Aeroporto Internacional de Faro Atualidade","breadcrumb":{"@id":"https:\/\/algarve7.pt\/index.php\/2022\/06\/municipio-de-sao-bras-de-alportel-congratula-conselho-de-ministro-pela-atribuicao-do-nome-de-gago-coutinho-como-patrono-do-aeroporto-internacional-de-faro\/atualidade\/18\/18\/#breadcrumb"},"inLanguage":"pt-PT","potentialAction":[{"@type":"ReadAction","target":["https:\/\/algarve7.pt\/index.php\/2022\/06\/municipio-de-sao-bras-de-alportel-congratula-conselho-de-ministro-pela-atribuicao-do-nome-de-gago-coutinho-como-patrono-do-aeroporto-internacional-de-faro\/atualidade\/18\/18\/"]}]},{"@type":"ImageObject","inLanguage":"pt-PT","@id":"https:\/\/algarve7.pt\/index.php\/2022\/06\/municipio-de-sao-bras-de-alportel-congratula-conselho-de-ministro-pela-atribuicao-do-nome-de-gago-coutinho-como-patrono-do-aeroporto-internacional-de-faro\/atualidade\/18\/18\/#primaryimage","url":"https:\/\/algarve7.pt\/wp-content\/uploads\/2022\/06\/DJI_0715-Medium.jpg","contentUrl":"https:\/\/algarve7.pt\/wp-content\/uploads\/2022\/06\/DJI_0715-Medium.jpg","width":1365,"height":768,"caption":"DCIM100MEDIADJI_0715.JPG"},{"@type":"BreadcrumbList","@id":"https:\/\/algarve7.pt\/index.php\/2022\/06\/municipio-de-sao-bras-de-alportel-congratula-conselho-de-ministro-pela-atribuicao-do-nome-de-gago-coutinho-como-patrono-do-aeroporto-internacional-de-faro\/atualidade\/18\/18\/#breadcrumb","itemListElement":[{"@type":"ListItem","position":1,"name":"In\u00edcio","item":"https:\/\/algarve7.pt\/"},{"@type":"ListItem","position":2,"name":"Munic\u00edpio de S\u00e3o Br\u00e1s de Alportel congratula Conselho de Ministro pela atribui\u00e7\u00e3o do nome de Gago Coutinho como patrono do Aeroporto Internacional de Faro"}]},{"@type":"WebSite","@id":"https:\/\/algarve7.pt\/#website","url":"https:\/\/algarve7.pt\/","name":"Algarve 7","description":"Informa\u00e7\u00e3o sobre o Algarve","publisher":{"@id":"https:\/\/algarve7.pt\/#organization"},"potentialAction":[{"@type":"SearchAction","target":{"@type":"EntryPoint","urlTemplate":"https:\/\/algarve7.pt\/?s={search_term_string}"},"query-input":{"@type":"PropertyValueSpecification","valueRequired":true,"valueName":"search_term_string"}}],"inLanguage":"pt-PT"},{"@type":"Organization","@id":"https:\/\/algarve7.pt\/#organization","name":"Algarve 7","url":"https:\/\/algarve7.pt\/","logo":{"@type":"ImageObject","inLanguage":"pt-PT","@id":"https:\/\/algarve7.pt\/#\/schema\/logo\/image\/","url":"https:\/\/algarve7.pt\/wp-content\/uploads\/2020\/10\/Logo-8.jpg","contentUrl":"https:\/\/algarve7.pt\/wp-content\/uploads\/2020\/10\/Logo-8.jpg","width":1680,"height":1186,"caption":"Algarve 7"},"image":{"@id":"https:\/\/algarve7.pt\/#\/schema\/logo\/image\/"},"sameAs":["https:\/\/www.facebook.com\/algarve7","https:\/\/x.com\/Algarvesete","https:\/\/www.instagram.com\/jornalalgarve7\/","https:\/\/www.linkedin.com\/company\/algarve7","https:\/\/www.pinterest.pt\/geral0939\/_created\/"]},{"@type":"Person","@id":"https:\/\/algarve7.pt\/#\/schema\/person\/23fa70681308e7b319a3204bcea45e0c","name":"Algarve 7","sameAs":["https:\/\/algarve7.pt","https:\/\/www.facebook.com\/algarve7"],"url":"https:\/\/algarve7.pt\/index.php\/author\/geralalgarve7-pt\/"}]}},"jetpack_publicize_connections":[],"jetpack_featured_media_url":"https:\/\/algarve7.pt\/wp-content\/uploads\/2022\/06\/DJI_0715-Medium.jpg","jetpack_shortlink":"https:\/\/wp.me\/pcezmW-54m","jetpack_sharing_enabled":true,"_links":{"self":[{"href":"https:\/\/algarve7.pt\/index.php\/wp-json\/wp\/v2\/posts\/19490","targetHints":{"allow":["GET"]}}],"collection":[{"href":"https:\/\/algarve7.pt\/index.php\/wp-json\/wp\/v2\/posts"}],"about":[{"href":"https:\/\/algarve7.pt\/index.php\/wp-json\/wp\/v2\/types\/post"}],"author":[{"embeddable":true,"href":"https:\/\/algarve7.pt\/index.php\/wp-json\/wp\/v2\/users\/1"}],"replies":[{"embeddable":true,"href":"https:\/\/algarve7.pt\/index.php\/wp-json\/wp\/v2\/comments?post=19490"}],"version-history":[{"count":0,"href":"https:\/\/algarve7.pt\/index.php\/wp-json\/wp\/v2\/posts\/19490\/revisions"}],"wp:featuredmedia":[{"embeddable":true,"href":"https:\/\/algarve7.pt\/index.php\/wp-json\/wp\/v2\/media\/19491"}],"wp:attachment":[{"href":"https:\/\/algarve7.pt\/index.php\/wp-json\/wp\/v2\/media?parent=19490"}],"wp:term":[{"taxonomy":"category","embeddable":true,"href":"https:\/\/algarve7.pt\/index.php\/wp-json\/wp\/v2\/categories?post=19490"},{"taxonomy":"post_tag","embeddable":true,"href":"https:\/\/algarve7.pt\/index.php\/wp-json\/wp\/v2\/tags?post=19490"}],"curies":[{"name":"wp","href":"https:\/\/api.w.org\/{rel}","templated":true}]}}