{"id":1940,"date":"2020-09-29T17:00:44","date_gmt":"2020-09-29T16:00:44","guid":{"rendered":"https:\/\/algarve7.pt\/?p=1940"},"modified":"2020-09-29T17:00:44","modified_gmt":"2020-09-29T16:00:44","slug":"relancamento-do-projeto-renature-monchique","status":"publish","type":"post","link":"https:\/\/algarve7.pt\/index.php\/2020\/09\/relancamento-do-projeto-renature-monchique\/ambiente\/17\/00\/","title":{"rendered":"Relan\u00e7amento do projeto \u201cRENATURE MONCHIQUE\u201d"},"content":{"rendered":"\n<p>O balan\u00e7o do projeto \u201cRenature Monchique\u201d foi apresentado esta ter\u00e7a-feira, dia 29 de setembro, no Spa Resort Villa Termal das Caldas de Monchique, em Monchique. A a\u00e7\u00e3o conto com a presen\u00e7a de Thomas Fowler, Diretor de Sustentabilidade da Ryanair via video conferencia , a companhia a\u00e9rea que mais pessoas transporta em toda a Europa.<\/p>\n\n\n\n<p>Este projeto, que visa o restauro ecol\u00f3gico nas \u00e1reas ardidas desta zona algarvia nos inc\u00eandios de 2018, resulta de uma parceria entre a Regi\u00e3o de Turismo do Algarve, a Ryanair, o GEOTA &#8211; Grupo de Estudos de Ordenamento do Territ\u00f3rio e Ambiente, o ICNF &#8211; Instituto da Conserva\u00e7\u00e3o da Natureza e das Florestas e a C\u00e2mara Municipal de Monchique.&nbsp;<\/p>\n\n\n\n<p>No primeiro ano do projeto o contributo dos passageiros da Ryanair foi de 250 mil euros, tendo sido plantadas 62 mil \u00e1rvores aut\u00f3ctones e apoiados cerca 90 propriet\u00e1rios. Espera-se que no futuro estas \u00e1rvores plantadas possam ser respons\u00e1veis pelo sequestro de 500 toneladas de carbono por ano.<\/p>\n\n\n\n<p>Do programa da a\u00e7\u00e3o faz ainda parte o relan\u00e7amento do projeto, atrav\u00e9s da assinatura de um protocolo entre todos os parceiros, Rui Andr\u00e9 Presidente da C\u00e2mara municipal de Monchique, Jo\u00e3o Dias Coelho Presidente do GEOTA, Joaquim Castel\u00e3o Diretor Regional do ICNF,  Jo\u00e3o Fernandes Presidente da Regi\u00e3o de Turismo do Algarve e Thomas Fowler em representa\u00e7\u00e3o da Ryanair.<\/p>\n","protected":false},"excerpt":{"rendered":"<p>O balan\u00e7o do projeto \u201cRenature Monchique\u201d foi apresentado esta ter\u00e7a-feira, dia 29 de setembro, no Spa Resort Villa Termal das<\/p>\n","protected":false},"author":1,"featured_media":1941,"comment_status":"open","ping_status":"open","sticky":false,"template":"","format":"standard","meta":{"colormag_page_container_layout":"default_layout","colormag_page_sidebar_layout":"default_layout","_monsterinsights_skip_tracking":false,"_monsterinsights_sitenote_active":false,"_monsterinsights_sitenote_note":"","_monsterinsights_sitenote_category":0,"jetpack_post_was_ever_published":false,"_jetpack_newsletter_access":"","_jetpack_dont_email_post_to_subs":false,"_jetpack_newsletter_tier_id":0,"_jetpack_memberships_contains_paywalled_content":false,"_jetpack_memberships_contains_paid_content":false,"footnotes":"","jetpack_publicize_message":"","jetpack_publicize_feature_enabled":true,"jetpack_social_post_already_shared":true,"jetpack_social_options":{"image_generator_settings":{"template":"highway","default_image_id":0,"font":"","enabled":false},"version":2}},"categories":[5,11],"tags":[36,32,172,171,173],"class_list":["post-1940","post","type-post","status-publish","format-standard","has-post-thumbnail","hentry","category-ambiente","category-atualidade","tag-algarve","tag-ambiente","tag-icnf","tag-monchique","tag-rta"],"yoast_head":"<!-- This site is optimized with the Yoast SEO plugin v27.5 - https:\/\/yoast.com\/product\/yoast-seo-wordpress\/ -->\n<title>Relan\u00e7amento do projeto \u201cRENATURE MONCHIQUE\u201d - Algarve 7<\/title>\n<meta name=\"description\" content=\"Relan\u00e7amento do projeto \u201cRENATURE MONCHIQUE\u201d\" \/>\n<meta name=\"robots\" content=\"index, follow, max-snippet:-1, max-image-preview:large, max-video-preview:-1\" \/>\n<link rel=\"canonical\" href=\"https:\/\/algarve7.pt\/index.php\/2020\/09\/relancamento-do-projeto-renature-monchique\/ambiente\/17\/00\/\" \/>\n<meta property=\"og:locale\" content=\"pt_PT\" \/>\n<meta property=\"og:type\" content=\"article\" \/>\n<meta property=\"og:title\" content=\"Relan\u00e7amento do projeto \u201cRENATURE MONCHIQUE\u201d - Algarve 7\" \/>\n<meta property=\"og:description\" content=\"Relan\u00e7amento do projeto \u201cRENATURE MONCHIQUE\u201d\" \/>\n<meta property=\"og:url\" content=\"https:\/\/algarve7.pt\/index.php\/2020\/09\/relancamento-do-projeto-renature-monchique\/ambiente\/17\/00\/\" \/>\n<meta property=\"og:site_name\" content=\"Algarve 7\" \/>\n<meta property=\"article:publisher\" content=\"https:\/\/www.facebook.com\/algarve7\" \/>\n<meta property=\"article:author\" content=\"https:\/\/www.facebook.com\/algarve7\" \/>\n<meta property=\"article:published_time\" content=\"2020-09-29T16:00:44+00:00\" \/>\n<meta property=\"og:image\" content=\"https:\/\/algarve7.pt\/wp-content\/uploads\/2020\/09\/Relancamento-de-Renature-Monchique-29-09-2020-18-e1601395221928.jpg\" \/>\n\t<meta property=\"og:image:width\" content=\"1024\" \/>\n\t<meta property=\"og:image:height\" content=\"527\" \/>\n\t<meta property=\"og:image:type\" content=\"image\/jpeg\" \/>\n<meta name=\"author\" content=\"Algarve 7\" \/>\n<meta name=\"twitter:card\" content=\"summary_large_image\" \/>\n<meta name=\"twitter:creator\" content=\"@Algarvesete\" \/>\n<meta name=\"twitter:site\" content=\"@Algarvesete\" \/>\n<meta name=\"twitter:label1\" content=\"Escrito por\" \/>\n\t<meta name=\"twitter:data1\" content=\"Algarve 7\" \/>\n\t<meta name=\"twitter:label2\" content=\"Tempo estimado de leitura\" \/>\n\t<meta name=\"twitter:data2\" content=\"1 minuto\" \/>\n<script type=\"application\/ld+json\" class=\"yoast-schema-graph\">{\"@context\":\"https:\\\/\\\/schema.org\",\"@graph\":[{\"@type\":\"Article\",\"@id\":\"https:\\\/\\\/algarve7.pt\\\/index.php\\\/2020\\\/09\\\/relancamento-do-projeto-renature-monchique\\\/ambiente\\\/17\\\/00\\\/#article\",\"isPartOf\":{\"@id\":\"https:\\\/\\\/algarve7.pt\\\/index.php\\\/2020\\\/09\\\/relancamento-do-projeto-renature-monchique\\\/ambiente\\\/17\\\/00\\\/\"},\"author\":{\"name\":\"Algarve 7\",\"@id\":\"https:\\\/\\\/algarve7.pt\\\/#\\\/schema\\\/person\\\/23fa70681308e7b319a3204bcea45e0c\"},\"headline\":\"Relan\u00e7amento do projeto \u201cRENATURE MONCHIQUE\u201d\",\"datePublished\":\"2020-09-29T16:00:44+00:00\",\"mainEntityOfPage\":{\"@id\":\"https:\\\/\\\/algarve7.pt\\\/index.php\\\/2020\\\/09\\\/relancamento-do-projeto-renature-monchique\\\/ambiente\\\/17\\\/00\\\/\"},\"wordCount\":240,\"commentCount\":0,\"publisher\":{\"@id\":\"https:\\\/\\\/algarve7.pt\\\/#organization\"},\"image\":{\"@id\":\"https:\\\/\\\/algarve7.pt\\\/index.php\\\/2020\\\/09\\\/relancamento-do-projeto-renature-monchique\\\/ambiente\\\/17\\\/00\\\/#primaryimage\"},\"thumbnailUrl\":\"https:\\\/\\\/algarve7.pt\\\/wp-content\\\/uploads\\\/2020\\\/09\\\/Relancamento-de-Renature-Monchique-29-09-2020-18-e1601395221928.jpg\",\"keywords\":[\"Algarve\",\"Ambiente\",\"ICNF\",\"Monchique\",\"RTA\"],\"articleSection\":[\"Ambiente\",\"Atualidade\"],\"inLanguage\":\"pt-PT\",\"potentialAction\":[{\"@type\":\"CommentAction\",\"name\":\"Comment\",\"target\":[\"https:\\\/\\\/algarve7.pt\\\/index.php\\\/2020\\\/09\\\/relancamento-do-projeto-renature-monchique\\\/ambiente\\\/17\\\/00\\\/#respond\"]}]},{\"@type\":\"WebPage\",\"@id\":\"https:\\\/\\\/algarve7.pt\\\/index.php\\\/2020\\\/09\\\/relancamento-do-projeto-renature-monchique\\\/ambiente\\\/17\\\/00\\\/\",\"url\":\"https:\\\/\\\/algarve7.pt\\\/index.php\\\/2020\\\/09\\\/relancamento-do-projeto-renature-monchique\\\/ambiente\\\/17\\\/00\\\/\",\"name\":\"Relan\u00e7amento do projeto \u201cRENATURE MONCHIQUE\u201d - Algarve 7\",\"isPartOf\":{\"@id\":\"https:\\\/\\\/algarve7.pt\\\/#website\"},\"primaryImageOfPage\":{\"@id\":\"https:\\\/\\\/algarve7.pt\\\/index.php\\\/2020\\\/09\\\/relancamento-do-projeto-renature-monchique\\\/ambiente\\\/17\\\/00\\\/#primaryimage\"},\"image\":{\"@id\":\"https:\\\/\\\/algarve7.pt\\\/index.php\\\/2020\\\/09\\\/relancamento-do-projeto-renature-monchique\\\/ambiente\\\/17\\\/00\\\/#primaryimage\"},\"thumbnailUrl\":\"https:\\\/\\\/algarve7.pt\\\/wp-content\\\/uploads\\\/2020\\\/09\\\/Relancamento-de-Renature-Monchique-29-09-2020-18-e1601395221928.jpg\",\"datePublished\":\"2020-09-29T16:00:44+00:00\",\"description\":\"Relan\u00e7amento do projeto \u201cRENATURE MONCHIQUE\u201d\",\"breadcrumb\":{\"@id\":\"https:\\\/\\\/algarve7.pt\\\/index.php\\\/2020\\\/09\\\/relancamento-do-projeto-renature-monchique\\\/ambiente\\\/17\\\/00\\\/#breadcrumb\"},\"inLanguage\":\"pt-PT\",\"potentialAction\":[{\"@type\":\"ReadAction\",\"target\":[\"https:\\\/\\\/algarve7.pt\\\/index.php\\\/2020\\\/09\\\/relancamento-do-projeto-renature-monchique\\\/ambiente\\\/17\\\/00\\\/\"]}]},{\"@type\":\"ImageObject\",\"inLanguage\":\"pt-PT\",\"@id\":\"https:\\\/\\\/algarve7.pt\\\/index.php\\\/2020\\\/09\\\/relancamento-do-projeto-renature-monchique\\\/ambiente\\\/17\\\/00\\\/#primaryimage\",\"url\":\"https:\\\/\\\/algarve7.pt\\\/wp-content\\\/uploads\\\/2020\\\/09\\\/Relancamento-de-Renature-Monchique-29-09-2020-18-e1601395221928.jpg\",\"contentUrl\":\"https:\\\/\\\/algarve7.pt\\\/wp-content\\\/uploads\\\/2020\\\/09\\\/Relancamento-de-Renature-Monchique-29-09-2020-18-e1601395221928.jpg\",\"width\":1024,\"height\":527},{\"@type\":\"BreadcrumbList\",\"@id\":\"https:\\\/\\\/algarve7.pt\\\/index.php\\\/2020\\\/09\\\/relancamento-do-projeto-renature-monchique\\\/ambiente\\\/17\\\/00\\\/#breadcrumb\",\"itemListElement\":[{\"@type\":\"ListItem\",\"position\":1,\"name\":\"In\u00edcio\",\"item\":\"https:\\\/\\\/algarve7.pt\\\/\"},{\"@type\":\"ListItem\",\"position\":2,\"name\":\"Relan\u00e7amento do projeto \u201cRENATURE MONCHIQUE\u201d\"}]},{\"@type\":\"WebSite\",\"@id\":\"https:\\\/\\\/algarve7.pt\\\/#website\",\"url\":\"https:\\\/\\\/algarve7.pt\\\/\",\"name\":\"Algarve 7\",\"description\":\"Informa\u00e7\u00e3o sobre o Algarve\",\"publisher\":{\"@id\":\"https:\\\/\\\/algarve7.pt\\\/#organization\"},\"potentialAction\":[{\"@type\":\"SearchAction\",\"target\":{\"@type\":\"EntryPoint\",\"urlTemplate\":\"https:\\\/\\\/algarve7.pt\\\/?s={search_term_string}\"},\"query-input\":{\"@type\":\"PropertyValueSpecification\",\"valueRequired\":true,\"valueName\":\"search_term_string\"}}],\"inLanguage\":\"pt-PT\"},{\"@type\":\"Organization\",\"@id\":\"https:\\\/\\\/algarve7.pt\\\/#organization\",\"name\":\"Algarve 7\",\"url\":\"https:\\\/\\\/algarve7.pt\\\/\",\"logo\":{\"@type\":\"ImageObject\",\"inLanguage\":\"pt-PT\",\"@id\":\"https:\\\/\\\/algarve7.pt\\\/#\\\/schema\\\/logo\\\/image\\\/\",\"url\":\"https:\\\/\\\/algarve7.pt\\\/wp-content\\\/uploads\\\/2020\\\/10\\\/Logo-8.jpg\",\"contentUrl\":\"https:\\\/\\\/algarve7.pt\\\/wp-content\\\/uploads\\\/2020\\\/10\\\/Logo-8.jpg\",\"width\":1680,\"height\":1186,\"caption\":\"Algarve 7\"},\"image\":{\"@id\":\"https:\\\/\\\/algarve7.pt\\\/#\\\/schema\\\/logo\\\/image\\\/\"},\"sameAs\":[\"https:\\\/\\\/www.facebook.com\\\/algarve7\",\"https:\\\/\\\/x.com\\\/Algarvesete\",\"https:\\\/\\\/www.instagram.com\\\/jornalalgarve7\\\/\",\"https:\\\/\\\/www.linkedin.com\\\/company\\\/algarve7\",\"https:\\\/\\\/www.pinterest.pt\\\/geral0939\\\/_created\\\/\"]},{\"@type\":\"Person\",\"@id\":\"https:\\\/\\\/algarve7.pt\\\/#\\\/schema\\\/person\\\/23fa70681308e7b319a3204bcea45e0c\",\"name\":\"Algarve 7\",\"sameAs\":[\"https:\\\/\\\/algarve7.pt\",\"https:\\\/\\\/www.facebook.com\\\/algarve7\"],\"url\":\"https:\\\/\\\/algarve7.pt\\\/index.php\\\/author\\\/geralalgarve7-pt\\\/\"}]}<\/script>\n<!-- \/ Yoast SEO plugin. -->","yoast_head_json":{"title":"Relan\u00e7amento do projeto \u201cRENATURE MONCHIQUE\u201d - Algarve 7","description":"Relan\u00e7amento do projeto \u201cRENATURE MONCHIQUE\u201d","robots":{"index":"index","follow":"follow","max-snippet":"max-snippet:-1","max-image-preview":"max-image-preview:large","max-video-preview":"max-video-preview:-1"},"canonical":"https:\/\/algarve7.pt\/index.php\/2020\/09\/relancamento-do-projeto-renature-monchique\/ambiente\/17\/00\/","og_locale":"pt_PT","og_type":"article","og_title":"Relan\u00e7amento do projeto \u201cRENATURE MONCHIQUE\u201d - Algarve 7","og_description":"Relan\u00e7amento do projeto \u201cRENATURE MONCHIQUE\u201d","og_url":"https:\/\/algarve7.pt\/index.php\/2020\/09\/relancamento-do-projeto-renature-monchique\/ambiente\/17\/00\/","og_site_name":"Algarve 7","article_publisher":"https:\/\/www.facebook.com\/algarve7","article_author":"https:\/\/www.facebook.com\/algarve7","article_published_time":"2020-09-29T16:00:44+00:00","og_image":[{"width":1024,"height":527,"url":"https:\/\/algarve7.pt\/wp-content\/uploads\/2020\/09\/Relancamento-de-Renature-Monchique-29-09-2020-18-e1601395221928.jpg","type":"image\/jpeg"}],"author":"Algarve 7","twitter_card":"summary_large_image","twitter_creator":"@Algarvesete","twitter_site":"@Algarvesete","twitter_misc":{"Escrito por":"Algarve 7","Tempo estimado de leitura":"1 minuto"},"schema":{"@context":"https:\/\/schema.org","@graph":[{"@type":"Article","@id":"https:\/\/algarve7.pt\/index.php\/2020\/09\/relancamento-do-projeto-renature-monchique\/ambiente\/17\/00\/#article","isPartOf":{"@id":"https:\/\/algarve7.pt\/index.php\/2020\/09\/relancamento-do-projeto-renature-monchique\/ambiente\/17\/00\/"},"author":{"name":"Algarve 7","@id":"https:\/\/algarve7.pt\/#\/schema\/person\/23fa70681308e7b319a3204bcea45e0c"},"headline":"Relan\u00e7amento do projeto \u201cRENATURE MONCHIQUE\u201d","datePublished":"2020-09-29T16:00:44+00:00","mainEntityOfPage":{"@id":"https:\/\/algarve7.pt\/index.php\/2020\/09\/relancamento-do-projeto-renature-monchique\/ambiente\/17\/00\/"},"wordCount":240,"commentCount":0,"publisher":{"@id":"https:\/\/algarve7.pt\/#organization"},"image":{"@id":"https:\/\/algarve7.pt\/index.php\/2020\/09\/relancamento-do-projeto-renature-monchique\/ambiente\/17\/00\/#primaryimage"},"thumbnailUrl":"https:\/\/algarve7.pt\/wp-content\/uploads\/2020\/09\/Relancamento-de-Renature-Monchique-29-09-2020-18-e1601395221928.jpg","keywords":["Algarve","Ambiente","ICNF","Monchique","RTA"],"articleSection":["Ambiente","Atualidade"],"inLanguage":"pt-PT","potentialAction":[{"@type":"CommentAction","name":"Comment","target":["https:\/\/algarve7.pt\/index.php\/2020\/09\/relancamento-do-projeto-renature-monchique\/ambiente\/17\/00\/#respond"]}]},{"@type":"WebPage","@id":"https:\/\/algarve7.pt\/index.php\/2020\/09\/relancamento-do-projeto-renature-monchique\/ambiente\/17\/00\/","url":"https:\/\/algarve7.pt\/index.php\/2020\/09\/relancamento-do-projeto-renature-monchique\/ambiente\/17\/00\/","name":"Relan\u00e7amento do projeto \u201cRENATURE MONCHIQUE\u201d - Algarve 7","isPartOf":{"@id":"https:\/\/algarve7.pt\/#website"},"primaryImageOfPage":{"@id":"https:\/\/algarve7.pt\/index.php\/2020\/09\/relancamento-do-projeto-renature-monchique\/ambiente\/17\/00\/#primaryimage"},"image":{"@id":"https:\/\/algarve7.pt\/index.php\/2020\/09\/relancamento-do-projeto-renature-monchique\/ambiente\/17\/00\/#primaryimage"},"thumbnailUrl":"https:\/\/algarve7.pt\/wp-content\/uploads\/2020\/09\/Relancamento-de-Renature-Monchique-29-09-2020-18-e1601395221928.jpg","datePublished":"2020-09-29T16:00:44+00:00","description":"Relan\u00e7amento do projeto \u201cRENATURE MONCHIQUE\u201d","breadcrumb":{"@id":"https:\/\/algarve7.pt\/index.php\/2020\/09\/relancamento-do-projeto-renature-monchique\/ambiente\/17\/00\/#breadcrumb"},"inLanguage":"pt-PT","potentialAction":[{"@type":"ReadAction","target":["https:\/\/algarve7.pt\/index.php\/2020\/09\/relancamento-do-projeto-renature-monchique\/ambiente\/17\/00\/"]}]},{"@type":"ImageObject","inLanguage":"pt-PT","@id":"https:\/\/algarve7.pt\/index.php\/2020\/09\/relancamento-do-projeto-renature-monchique\/ambiente\/17\/00\/#primaryimage","url":"https:\/\/algarve7.pt\/wp-content\/uploads\/2020\/09\/Relancamento-de-Renature-Monchique-29-09-2020-18-e1601395221928.jpg","contentUrl":"https:\/\/algarve7.pt\/wp-content\/uploads\/2020\/09\/Relancamento-de-Renature-Monchique-29-09-2020-18-e1601395221928.jpg","width":1024,"height":527},{"@type":"BreadcrumbList","@id":"https:\/\/algarve7.pt\/index.php\/2020\/09\/relancamento-do-projeto-renature-monchique\/ambiente\/17\/00\/#breadcrumb","itemListElement":[{"@type":"ListItem","position":1,"name":"In\u00edcio","item":"https:\/\/algarve7.pt\/"},{"@type":"ListItem","position":2,"name":"Relan\u00e7amento do projeto \u201cRENATURE MONCHIQUE\u201d"}]},{"@type":"WebSite","@id":"https:\/\/algarve7.pt\/#website","url":"https:\/\/algarve7.pt\/","name":"Algarve 7","description":"Informa\u00e7\u00e3o sobre o Algarve","publisher":{"@id":"https:\/\/algarve7.pt\/#organization"},"potentialAction":[{"@type":"SearchAction","target":{"@type":"EntryPoint","urlTemplate":"https:\/\/algarve7.pt\/?s={search_term_string}"},"query-input":{"@type":"PropertyValueSpecification","valueRequired":true,"valueName":"search_term_string"}}],"inLanguage":"pt-PT"},{"@type":"Organization","@id":"https:\/\/algarve7.pt\/#organization","name":"Algarve 7","url":"https:\/\/algarve7.pt\/","logo":{"@type":"ImageObject","inLanguage":"pt-PT","@id":"https:\/\/algarve7.pt\/#\/schema\/logo\/image\/","url":"https:\/\/algarve7.pt\/wp-content\/uploads\/2020\/10\/Logo-8.jpg","contentUrl":"https:\/\/algarve7.pt\/wp-content\/uploads\/2020\/10\/Logo-8.jpg","width":1680,"height":1186,"caption":"Algarve 7"},"image":{"@id":"https:\/\/algarve7.pt\/#\/schema\/logo\/image\/"},"sameAs":["https:\/\/www.facebook.com\/algarve7","https:\/\/x.com\/Algarvesete","https:\/\/www.instagram.com\/jornalalgarve7\/","https:\/\/www.linkedin.com\/company\/algarve7","https:\/\/www.pinterest.pt\/geral0939\/_created\/"]},{"@type":"Person","@id":"https:\/\/algarve7.pt\/#\/schema\/person\/23fa70681308e7b319a3204bcea45e0c","name":"Algarve 7","sameAs":["https:\/\/algarve7.pt","https:\/\/www.facebook.com\/algarve7"],"url":"https:\/\/algarve7.pt\/index.php\/author\/geralalgarve7-pt\/"}]}},"jetpack_publicize_connections":[],"jetpack_featured_media_url":"https:\/\/algarve7.pt\/wp-content\/uploads\/2020\/09\/Relancamento-de-Renature-Monchique-29-09-2020-18-e1601395221928.jpg","jetpack_shortlink":"https:\/\/wp.me\/pcezmW-vi","jetpack_sharing_enabled":true,"_links":{"self":[{"href":"https:\/\/algarve7.pt\/index.php\/wp-json\/wp\/v2\/posts\/1940","targetHints":{"allow":["GET"]}}],"collection":[{"href":"https:\/\/algarve7.pt\/index.php\/wp-json\/wp\/v2\/posts"}],"about":[{"href":"https:\/\/algarve7.pt\/index.php\/wp-json\/wp\/v2\/types\/post"}],"author":[{"embeddable":true,"href":"https:\/\/algarve7.pt\/index.php\/wp-json\/wp\/v2\/users\/1"}],"replies":[{"embeddable":true,"href":"https:\/\/algarve7.pt\/index.php\/wp-json\/wp\/v2\/comments?post=1940"}],"version-history":[{"count":0,"href":"https:\/\/algarve7.pt\/index.php\/wp-json\/wp\/v2\/posts\/1940\/revisions"}],"wp:featuredmedia":[{"embeddable":true,"href":"https:\/\/algarve7.pt\/index.php\/wp-json\/wp\/v2\/media\/1941"}],"wp:attachment":[{"href":"https:\/\/algarve7.pt\/index.php\/wp-json\/wp\/v2\/media?parent=1940"}],"wp:term":[{"taxonomy":"category","embeddable":true,"href":"https:\/\/algarve7.pt\/index.php\/wp-json\/wp\/v2\/categories?post=1940"},{"taxonomy":"post_tag","embeddable":true,"href":"https:\/\/algarve7.pt\/index.php\/wp-json\/wp\/v2\/tags?post=1940"}],"curies":[{"name":"wp","href":"https:\/\/api.w.org\/{rel}","templated":true}]}}