{"id":19398,"date":"2022-06-11T11:51:00","date_gmt":"2022-06-11T10:51:00","guid":{"rendered":"https:\/\/algarve7.pt\/?p=19398"},"modified":"2022-06-11T09:51:56","modified_gmt":"2022-06-11T08:51:56","slug":"faro-no-festival-do-novo-bauhaus-europeu","status":"publish","type":"post","link":"https:\/\/algarve7.pt\/index.php\/2022\/06\/faro-no-festival-do-novo-bauhaus-europeu\/cultura\/11\/51\/","title":{"rendered":"Faro no festival do novo bauhaus europeu"},"content":{"rendered":"\n<p>O Munic\u00edpio de Faro vai participar no Festival do Novo Bauhaus Europeu que vai ter lugar entre os dias 9 e 12 de Junho em Bruxelas (B\u00e9lgica) e um pouco por toda a Europa, incluindo em Faro.<\/p>\n\n\n\n<p>A Autarquia de Faro \u00e9 parte integrante de duas iniciativas inseridas no programa oficial do evento, uma em Faro e outra em Bruxelas.<\/p>\n\n\n\n<p>Em Faro, a iniciativa \u201cAl-Bauhaus Dream Factory\u201d ter\u00e1 lugar na quinta-feira, dia 9 de junho, na Associa\u00e7\u00e3o Recreativa e Cultural de M\u00fasicos. O programa inclui workshops de desenho criativo, exposi\u00e7\u00f5es de arte sustent\u00e1vel e de fotografia, bem como demonstra\u00e7\u00f5es de criativos a trabalhar ao vivo. No mesmo \u00e2mbito ser\u00e3o igualmente expostos alguns dos projetos vencedores do Pr\u00e9mio Regional de Arquitetura.<\/p>\n\n\n\n<p>A programa\u00e7\u00e3o do dia inclui ainda v\u00e1rios momentos de debate de ideias, dos quais se destaca um com o tema \u201cAl-Bauhaus Talk &#8211; (Re)Constru\u00e7\u00f5es com Identidade, Inova\u00e7\u00e3o e Natureza\u201d, que ser\u00e1 moderada pela Sec\u00e7\u00e3o Regional do Algarve da Ordem dos Arquitetos e que ter\u00e1 o arquiteto Jos\u00e9 Alegria a apresentar o tema \u201cA import\u00e2ncia dos saberes e dos materiais locais\u201d.<\/p>\n\n\n\n<p>Entre outros, participam nesta iniciativa a Associa\u00e7\u00e3o de Designers do Sul, alunos da Escola Jo\u00e3o de Deus e do projeto lix\u2019ARTE. Mais informa\u00e7\u00e3o sobre esta iniciativa pode ser encontrada aqui: <a href=\"https:\/\/new-european-bauhaus-festival.eu\/side-events\/CbgPxGGS30QTCjFmPDtwN\" target=\"_blank\" rel=\"noreferrer noopener\">https:\/\/new-european-bauhaus-festival.eu\/side-events\/CbgPxGGS30QTCjFmPDtwN<\/a><\/p>\n\n\n\n<p>J\u00e1 na sexta-feira \u00e0 tarde, dia 10, o Munic\u00edpio de Faro participar\u00e1 na iniciativa \u201cA Europa de outra perspetiva\u201d, outro evento oficial do festival, desta feita em Bruxelas. No \u00e2mbito da Rede Europeia das A\u00e7oteias Criativas \u2013 um projecto co-financiado pelo programa Europa Criativa -, vai ter lugar um encontro de promo\u00e7\u00e3o e <em>networking<\/em> do trabalho desta rede com diversas cidades a mostrarem bons exemplos do uso das a\u00e7oteias.<\/p>\n\n\n\n<p>Neste encontro, que vai acontecer na a\u00e7oteia da Real Biblioteca da B\u00e9lgica entre as 14h00 e as 17h00 (horas locais), participar\u00e3o, entre outros, a vereadora Sophie Matias e o Chefe de Divis\u00e3o da Cultura do Munic\u00edpio de Faro, Bruno In\u00e1cio, bem como o diretor para a cultura da Ag\u00eancia Europeia para a Educa\u00e7\u00e3o e Cultura, Walter Zampieri.<\/p>\n\n\n\n<p>Mais informa\u00e7\u00e3o sobre esta iniciativa pode ser encontrada aqui: <a href=\"https:\/\/new-european-bauhaus-festival.eu\/side-events\/5S7BWnfBWcKE39xr5bVqM\" target=\"_blank\" rel=\"noreferrer noopener\">https:\/\/new-european-bauhaus-festival.eu\/side-events\/5S7BWnfBWcKE39xr5bVqM<\/a><\/p>\n\n\n\n<p><strong>Sobre o Novo Bauhaus Europeu<\/strong><\/p>\n\n\n\n<p>O Novo Bauhaus Europeu introduz uma dimens\u00e3o cultural e criativa no Pacto Ecol\u00f3gico Europeu com o objetivo de demonstrar de que modo a inova\u00e7\u00e3o sustent\u00e1vel se pode traduzir, no nosso dia-a-dia, em experi\u00eancias concretas e positivas. Este projeto, que inclui uma s\u00e9rie de a\u00e7\u00f5es e possibilidades de financiamento, visa acelerar a transforma\u00e7\u00e3o de v\u00e1rios setores econ\u00f3micos, afim de facilitar o acesso de todos os cidad\u00e3os a bens circulares e com menor intensidade de carbono.<\/p>\n","protected":false},"excerpt":{"rendered":"<p>O Munic\u00edpio de Faro vai participar no Festival do Novo Bauhaus Europeu que vai ter lugar entre os dias 9<\/p>\n","protected":false},"author":1,"featured_media":19399,"comment_status":"closed","ping_status":"open","sticky":false,"template":"","format":"standard","meta":{"colormag_page_container_layout":"default_layout","colormag_page_sidebar_layout":"default_layout","_monsterinsights_skip_tracking":false,"_monsterinsights_sitenote_active":false,"_monsterinsights_sitenote_note":"","_monsterinsights_sitenote_category":0,"jetpack_post_was_ever_published":false,"_jetpack_newsletter_access":"","_jetpack_dont_email_post_to_subs":false,"_jetpack_newsletter_tier_id":0,"_jetpack_memberships_contains_paywalled_content":false,"_jetpack_memberships_contains_paid_content":false,"footnotes":"","jetpack_publicize_message":"","jetpack_publicize_feature_enabled":true,"jetpack_social_post_already_shared":true,"jetpack_social_options":{"image_generator_settings":{"template":"highway","default_image_id":0,"font":"","enabled":false},"version":2}},"categories":[14],"tags":[36,35,57],"class_list":["post-19398","post","type-post","status-publish","format-standard","has-post-thumbnail","hentry","category-cultura","tag-algarve","tag-cultura","tag-faro"],"yoast_head":"<!-- This site is optimized with the Yoast SEO plugin v27.5 - https:\/\/yoast.com\/product\/yoast-seo-wordpress\/ -->\n<title>Faro no festival do novo bauhaus europeu - Algarve 7<\/title>\n<meta name=\"description\" content=\"Faro no festival do novo bauhaus europeu Cultura\" \/>\n<meta name=\"robots\" content=\"index, follow, max-snippet:-1, max-image-preview:large, max-video-preview:-1\" \/>\n<link rel=\"canonical\" href=\"https:\/\/algarve7.pt\/index.php\/2022\/06\/faro-no-festival-do-novo-bauhaus-europeu\/cultura\/11\/51\/\" \/>\n<meta property=\"og:locale\" content=\"pt_PT\" \/>\n<meta property=\"og:type\" content=\"article\" \/>\n<meta property=\"og:title\" content=\"Faro no festival do novo bauhaus europeu - Algarve 7\" \/>\n<meta property=\"og:description\" content=\"Faro no festival do novo bauhaus europeu Cultura\" \/>\n<meta property=\"og:url\" content=\"https:\/\/algarve7.pt\/index.php\/2022\/06\/faro-no-festival-do-novo-bauhaus-europeu\/cultura\/11\/51\/\" \/>\n<meta property=\"og:site_name\" content=\"Algarve 7\" \/>\n<meta property=\"article:publisher\" content=\"https:\/\/www.facebook.com\/algarve7\" \/>\n<meta property=\"article:author\" content=\"https:\/\/www.facebook.com\/algarve7\" \/>\n<meta property=\"article:published_time\" content=\"2022-06-11T10:51:00+00:00\" \/>\n<meta property=\"og:image\" content=\"https:\/\/algarve7.pt\/wp-content\/uploads\/2022\/06\/Captura-de-ecra\u0303-2022-06-11-a\u0300s-09.48.39-1024x634.png\" \/>\n\t<meta property=\"og:image:width\" content=\"1024\" \/>\n\t<meta property=\"og:image:height\" content=\"634\" \/>\n\t<meta property=\"og:image:type\" content=\"image\/png\" \/>\n<meta name=\"author\" content=\"Algarve 7\" \/>\n<meta name=\"twitter:card\" content=\"summary_large_image\" \/>\n<meta name=\"twitter:creator\" content=\"@Algarvesete\" \/>\n<meta name=\"twitter:site\" content=\"@Algarvesete\" \/>\n<meta name=\"twitter:label1\" content=\"Escrito por\" \/>\n\t<meta name=\"twitter:data1\" content=\"Algarve 7\" \/>\n\t<meta name=\"twitter:label2\" content=\"Tempo estimado de leitura\" \/>\n\t<meta name=\"twitter:data2\" content=\"3 minutos\" \/>\n<script type=\"application\/ld+json\" class=\"yoast-schema-graph\">{\"@context\":\"https:\\\/\\\/schema.org\",\"@graph\":[{\"@type\":\"Article\",\"@id\":\"https:\\\/\\\/algarve7.pt\\\/index.php\\\/2022\\\/06\\\/faro-no-festival-do-novo-bauhaus-europeu\\\/cultura\\\/11\\\/51\\\/#article\",\"isPartOf\":{\"@id\":\"https:\\\/\\\/algarve7.pt\\\/index.php\\\/2022\\\/06\\\/faro-no-festival-do-novo-bauhaus-europeu\\\/cultura\\\/11\\\/51\\\/\"},\"author\":{\"name\":\"Algarve 7\",\"@id\":\"https:\\\/\\\/algarve7.pt\\\/#\\\/schema\\\/person\\\/23fa70681308e7b319a3204bcea45e0c\"},\"headline\":\"Faro no festival do novo bauhaus europeu\",\"datePublished\":\"2022-06-11T10:51:00+00:00\",\"mainEntityOfPage\":{\"@id\":\"https:\\\/\\\/algarve7.pt\\\/index.php\\\/2022\\\/06\\\/faro-no-festival-do-novo-bauhaus-europeu\\\/cultura\\\/11\\\/51\\\/\"},\"wordCount\":482,\"publisher\":{\"@id\":\"https:\\\/\\\/algarve7.pt\\\/#organization\"},\"image\":{\"@id\":\"https:\\\/\\\/algarve7.pt\\\/index.php\\\/2022\\\/06\\\/faro-no-festival-do-novo-bauhaus-europeu\\\/cultura\\\/11\\\/51\\\/#primaryimage\"},\"thumbnailUrl\":\"https:\\\/\\\/algarve7.pt\\\/wp-content\\\/uploads\\\/2022\\\/06\\\/Captura-de-ecra\u0303-2022-06-11-a\u0300s-09.48.39.png\",\"keywords\":[\"Algarve\",\"Cultura\",\"Faro\"],\"articleSection\":[\"Cultura\"],\"inLanguage\":\"pt-PT\"},{\"@type\":\"WebPage\",\"@id\":\"https:\\\/\\\/algarve7.pt\\\/index.php\\\/2022\\\/06\\\/faro-no-festival-do-novo-bauhaus-europeu\\\/cultura\\\/11\\\/51\\\/\",\"url\":\"https:\\\/\\\/algarve7.pt\\\/index.php\\\/2022\\\/06\\\/faro-no-festival-do-novo-bauhaus-europeu\\\/cultura\\\/11\\\/51\\\/\",\"name\":\"Faro no festival do novo bauhaus europeu - Algarve 7\",\"isPartOf\":{\"@id\":\"https:\\\/\\\/algarve7.pt\\\/#website\"},\"primaryImageOfPage\":{\"@id\":\"https:\\\/\\\/algarve7.pt\\\/index.php\\\/2022\\\/06\\\/faro-no-festival-do-novo-bauhaus-europeu\\\/cultura\\\/11\\\/51\\\/#primaryimage\"},\"image\":{\"@id\":\"https:\\\/\\\/algarve7.pt\\\/index.php\\\/2022\\\/06\\\/faro-no-festival-do-novo-bauhaus-europeu\\\/cultura\\\/11\\\/51\\\/#primaryimage\"},\"thumbnailUrl\":\"https:\\\/\\\/algarve7.pt\\\/wp-content\\\/uploads\\\/2022\\\/06\\\/Captura-de-ecra\u0303-2022-06-11-a\u0300s-09.48.39.png\",\"datePublished\":\"2022-06-11T10:51:00+00:00\",\"description\":\"Faro no festival do novo bauhaus europeu Cultura\",\"breadcrumb\":{\"@id\":\"https:\\\/\\\/algarve7.pt\\\/index.php\\\/2022\\\/06\\\/faro-no-festival-do-novo-bauhaus-europeu\\\/cultura\\\/11\\\/51\\\/#breadcrumb\"},\"inLanguage\":\"pt-PT\",\"potentialAction\":[{\"@type\":\"ReadAction\",\"target\":[\"https:\\\/\\\/algarve7.pt\\\/index.php\\\/2022\\\/06\\\/faro-no-festival-do-novo-bauhaus-europeu\\\/cultura\\\/11\\\/51\\\/\"]}]},{\"@type\":\"ImageObject\",\"inLanguage\":\"pt-PT\",\"@id\":\"https:\\\/\\\/algarve7.pt\\\/index.php\\\/2022\\\/06\\\/faro-no-festival-do-novo-bauhaus-europeu\\\/cultura\\\/11\\\/51\\\/#primaryimage\",\"url\":\"https:\\\/\\\/algarve7.pt\\\/wp-content\\\/uploads\\\/2022\\\/06\\\/Captura-de-ecra\u0303-2022-06-11-a\u0300s-09.48.39.png\",\"contentUrl\":\"https:\\\/\\\/algarve7.pt\\\/wp-content\\\/uploads\\\/2022\\\/06\\\/Captura-de-ecra\u0303-2022-06-11-a\u0300s-09.48.39.png\",\"width\":2670,\"height\":1654},{\"@type\":\"BreadcrumbList\",\"@id\":\"https:\\\/\\\/algarve7.pt\\\/index.php\\\/2022\\\/06\\\/faro-no-festival-do-novo-bauhaus-europeu\\\/cultura\\\/11\\\/51\\\/#breadcrumb\",\"itemListElement\":[{\"@type\":\"ListItem\",\"position\":1,\"name\":\"In\u00edcio\",\"item\":\"https:\\\/\\\/algarve7.pt\\\/\"},{\"@type\":\"ListItem\",\"position\":2,\"name\":\"Faro no festival do novo bauhaus europeu\"}]},{\"@type\":\"WebSite\",\"@id\":\"https:\\\/\\\/algarve7.pt\\\/#website\",\"url\":\"https:\\\/\\\/algarve7.pt\\\/\",\"name\":\"Algarve 7\",\"description\":\"Informa\u00e7\u00e3o sobre o Algarve\",\"publisher\":{\"@id\":\"https:\\\/\\\/algarve7.pt\\\/#organization\"},\"potentialAction\":[{\"@type\":\"SearchAction\",\"target\":{\"@type\":\"EntryPoint\",\"urlTemplate\":\"https:\\\/\\\/algarve7.pt\\\/?s={search_term_string}\"},\"query-input\":{\"@type\":\"PropertyValueSpecification\",\"valueRequired\":true,\"valueName\":\"search_term_string\"}}],\"inLanguage\":\"pt-PT\"},{\"@type\":\"Organization\",\"@id\":\"https:\\\/\\\/algarve7.pt\\\/#organization\",\"name\":\"Algarve 7\",\"url\":\"https:\\\/\\\/algarve7.pt\\\/\",\"logo\":{\"@type\":\"ImageObject\",\"inLanguage\":\"pt-PT\",\"@id\":\"https:\\\/\\\/algarve7.pt\\\/#\\\/schema\\\/logo\\\/image\\\/\",\"url\":\"https:\\\/\\\/algarve7.pt\\\/wp-content\\\/uploads\\\/2020\\\/10\\\/Logo-8.jpg\",\"contentUrl\":\"https:\\\/\\\/algarve7.pt\\\/wp-content\\\/uploads\\\/2020\\\/10\\\/Logo-8.jpg\",\"width\":1680,\"height\":1186,\"caption\":\"Algarve 7\"},\"image\":{\"@id\":\"https:\\\/\\\/algarve7.pt\\\/#\\\/schema\\\/logo\\\/image\\\/\"},\"sameAs\":[\"https:\\\/\\\/www.facebook.com\\\/algarve7\",\"https:\\\/\\\/x.com\\\/Algarvesete\",\"https:\\\/\\\/www.instagram.com\\\/jornalalgarve7\\\/\",\"https:\\\/\\\/www.linkedin.com\\\/company\\\/algarve7\",\"https:\\\/\\\/www.pinterest.pt\\\/geral0939\\\/_created\\\/\"]},{\"@type\":\"Person\",\"@id\":\"https:\\\/\\\/algarve7.pt\\\/#\\\/schema\\\/person\\\/23fa70681308e7b319a3204bcea45e0c\",\"name\":\"Algarve 7\",\"sameAs\":[\"https:\\\/\\\/algarve7.pt\",\"https:\\\/\\\/www.facebook.com\\\/algarve7\"],\"url\":\"https:\\\/\\\/algarve7.pt\\\/index.php\\\/author\\\/geralalgarve7-pt\\\/\"}]}<\/script>\n<!-- \/ Yoast SEO plugin. -->","yoast_head_json":{"title":"Faro no festival do novo bauhaus europeu - Algarve 7","description":"Faro no festival do novo bauhaus europeu Cultura","robots":{"index":"index","follow":"follow","max-snippet":"max-snippet:-1","max-image-preview":"max-image-preview:large","max-video-preview":"max-video-preview:-1"},"canonical":"https:\/\/algarve7.pt\/index.php\/2022\/06\/faro-no-festival-do-novo-bauhaus-europeu\/cultura\/11\/51\/","og_locale":"pt_PT","og_type":"article","og_title":"Faro no festival do novo bauhaus europeu - Algarve 7","og_description":"Faro no festival do novo bauhaus europeu Cultura","og_url":"https:\/\/algarve7.pt\/index.php\/2022\/06\/faro-no-festival-do-novo-bauhaus-europeu\/cultura\/11\/51\/","og_site_name":"Algarve 7","article_publisher":"https:\/\/www.facebook.com\/algarve7","article_author":"https:\/\/www.facebook.com\/algarve7","article_published_time":"2022-06-11T10:51:00+00:00","og_image":[{"width":1024,"height":634,"url":"https:\/\/algarve7.pt\/wp-content\/uploads\/2022\/06\/Captura-de-ecra\u0303-2022-06-11-a\u0300s-09.48.39-1024x634.png","type":"image\/png"}],"author":"Algarve 7","twitter_card":"summary_large_image","twitter_creator":"@Algarvesete","twitter_site":"@Algarvesete","twitter_misc":{"Escrito por":"Algarve 7","Tempo estimado de leitura":"3 minutos"},"schema":{"@context":"https:\/\/schema.org","@graph":[{"@type":"Article","@id":"https:\/\/algarve7.pt\/index.php\/2022\/06\/faro-no-festival-do-novo-bauhaus-europeu\/cultura\/11\/51\/#article","isPartOf":{"@id":"https:\/\/algarve7.pt\/index.php\/2022\/06\/faro-no-festival-do-novo-bauhaus-europeu\/cultura\/11\/51\/"},"author":{"name":"Algarve 7","@id":"https:\/\/algarve7.pt\/#\/schema\/person\/23fa70681308e7b319a3204bcea45e0c"},"headline":"Faro no festival do novo bauhaus europeu","datePublished":"2022-06-11T10:51:00+00:00","mainEntityOfPage":{"@id":"https:\/\/algarve7.pt\/index.php\/2022\/06\/faro-no-festival-do-novo-bauhaus-europeu\/cultura\/11\/51\/"},"wordCount":482,"publisher":{"@id":"https:\/\/algarve7.pt\/#organization"},"image":{"@id":"https:\/\/algarve7.pt\/index.php\/2022\/06\/faro-no-festival-do-novo-bauhaus-europeu\/cultura\/11\/51\/#primaryimage"},"thumbnailUrl":"https:\/\/algarve7.pt\/wp-content\/uploads\/2022\/06\/Captura-de-ecra\u0303-2022-06-11-a\u0300s-09.48.39.png","keywords":["Algarve","Cultura","Faro"],"articleSection":["Cultura"],"inLanguage":"pt-PT"},{"@type":"WebPage","@id":"https:\/\/algarve7.pt\/index.php\/2022\/06\/faro-no-festival-do-novo-bauhaus-europeu\/cultura\/11\/51\/","url":"https:\/\/algarve7.pt\/index.php\/2022\/06\/faro-no-festival-do-novo-bauhaus-europeu\/cultura\/11\/51\/","name":"Faro no festival do novo bauhaus europeu - Algarve 7","isPartOf":{"@id":"https:\/\/algarve7.pt\/#website"},"primaryImageOfPage":{"@id":"https:\/\/algarve7.pt\/index.php\/2022\/06\/faro-no-festival-do-novo-bauhaus-europeu\/cultura\/11\/51\/#primaryimage"},"image":{"@id":"https:\/\/algarve7.pt\/index.php\/2022\/06\/faro-no-festival-do-novo-bauhaus-europeu\/cultura\/11\/51\/#primaryimage"},"thumbnailUrl":"https:\/\/algarve7.pt\/wp-content\/uploads\/2022\/06\/Captura-de-ecra\u0303-2022-06-11-a\u0300s-09.48.39.png","datePublished":"2022-06-11T10:51:00+00:00","description":"Faro no festival do novo bauhaus europeu Cultura","breadcrumb":{"@id":"https:\/\/algarve7.pt\/index.php\/2022\/06\/faro-no-festival-do-novo-bauhaus-europeu\/cultura\/11\/51\/#breadcrumb"},"inLanguage":"pt-PT","potentialAction":[{"@type":"ReadAction","target":["https:\/\/algarve7.pt\/index.php\/2022\/06\/faro-no-festival-do-novo-bauhaus-europeu\/cultura\/11\/51\/"]}]},{"@type":"ImageObject","inLanguage":"pt-PT","@id":"https:\/\/algarve7.pt\/index.php\/2022\/06\/faro-no-festival-do-novo-bauhaus-europeu\/cultura\/11\/51\/#primaryimage","url":"https:\/\/algarve7.pt\/wp-content\/uploads\/2022\/06\/Captura-de-ecra\u0303-2022-06-11-a\u0300s-09.48.39.png","contentUrl":"https:\/\/algarve7.pt\/wp-content\/uploads\/2022\/06\/Captura-de-ecra\u0303-2022-06-11-a\u0300s-09.48.39.png","width":2670,"height":1654},{"@type":"BreadcrumbList","@id":"https:\/\/algarve7.pt\/index.php\/2022\/06\/faro-no-festival-do-novo-bauhaus-europeu\/cultura\/11\/51\/#breadcrumb","itemListElement":[{"@type":"ListItem","position":1,"name":"In\u00edcio","item":"https:\/\/algarve7.pt\/"},{"@type":"ListItem","position":2,"name":"Faro no festival do novo bauhaus europeu"}]},{"@type":"WebSite","@id":"https:\/\/algarve7.pt\/#website","url":"https:\/\/algarve7.pt\/","name":"Algarve 7","description":"Informa\u00e7\u00e3o sobre o Algarve","publisher":{"@id":"https:\/\/algarve7.pt\/#organization"},"potentialAction":[{"@type":"SearchAction","target":{"@type":"EntryPoint","urlTemplate":"https:\/\/algarve7.pt\/?s={search_term_string}"},"query-input":{"@type":"PropertyValueSpecification","valueRequired":true,"valueName":"search_term_string"}}],"inLanguage":"pt-PT"},{"@type":"Organization","@id":"https:\/\/algarve7.pt\/#organization","name":"Algarve 7","url":"https:\/\/algarve7.pt\/","logo":{"@type":"ImageObject","inLanguage":"pt-PT","@id":"https:\/\/algarve7.pt\/#\/schema\/logo\/image\/","url":"https:\/\/algarve7.pt\/wp-content\/uploads\/2020\/10\/Logo-8.jpg","contentUrl":"https:\/\/algarve7.pt\/wp-content\/uploads\/2020\/10\/Logo-8.jpg","width":1680,"height":1186,"caption":"Algarve 7"},"image":{"@id":"https:\/\/algarve7.pt\/#\/schema\/logo\/image\/"},"sameAs":["https:\/\/www.facebook.com\/algarve7","https:\/\/x.com\/Algarvesete","https:\/\/www.instagram.com\/jornalalgarve7\/","https:\/\/www.linkedin.com\/company\/algarve7","https:\/\/www.pinterest.pt\/geral0939\/_created\/"]},{"@type":"Person","@id":"https:\/\/algarve7.pt\/#\/schema\/person\/23fa70681308e7b319a3204bcea45e0c","name":"Algarve 7","sameAs":["https:\/\/algarve7.pt","https:\/\/www.facebook.com\/algarve7"],"url":"https:\/\/algarve7.pt\/index.php\/author\/geralalgarve7-pt\/"}]}},"jetpack_publicize_connections":[],"jetpack_featured_media_url":"https:\/\/algarve7.pt\/wp-content\/uploads\/2022\/06\/Captura-de-ecra\u0303-2022-06-11-a\u0300s-09.48.39.png","jetpack_shortlink":"https:\/\/wp.me\/pcezmW-52S","jetpack_sharing_enabled":true,"_links":{"self":[{"href":"https:\/\/algarve7.pt\/index.php\/wp-json\/wp\/v2\/posts\/19398","targetHints":{"allow":["GET"]}}],"collection":[{"href":"https:\/\/algarve7.pt\/index.php\/wp-json\/wp\/v2\/posts"}],"about":[{"href":"https:\/\/algarve7.pt\/index.php\/wp-json\/wp\/v2\/types\/post"}],"author":[{"embeddable":true,"href":"https:\/\/algarve7.pt\/index.php\/wp-json\/wp\/v2\/users\/1"}],"replies":[{"embeddable":true,"href":"https:\/\/algarve7.pt\/index.php\/wp-json\/wp\/v2\/comments?post=19398"}],"version-history":[{"count":0,"href":"https:\/\/algarve7.pt\/index.php\/wp-json\/wp\/v2\/posts\/19398\/revisions"}],"wp:featuredmedia":[{"embeddable":true,"href":"https:\/\/algarve7.pt\/index.php\/wp-json\/wp\/v2\/media\/19399"}],"wp:attachment":[{"href":"https:\/\/algarve7.pt\/index.php\/wp-json\/wp\/v2\/media?parent=19398"}],"wp:term":[{"taxonomy":"category","embeddable":true,"href":"https:\/\/algarve7.pt\/index.php\/wp-json\/wp\/v2\/categories?post=19398"},{"taxonomy":"post_tag","embeddable":true,"href":"https:\/\/algarve7.pt\/index.php\/wp-json\/wp\/v2\/tags?post=19398"}],"curies":[{"name":"wp","href":"https:\/\/api.w.org\/{rel}","templated":true}]}}