{"id":19376,"date":"2022-06-11T09:10:00","date_gmt":"2022-06-11T08:10:00","guid":{"rendered":"https:\/\/algarve7.pt\/?p=19376"},"modified":"2022-06-10T11:20:30","modified_gmt":"2022-06-10T10:20:30","slug":"castro-marim-assume-competencias-na-area-da-educacao","status":"publish","type":"post","link":"https:\/\/algarve7.pt\/index.php\/2022\/06\/castro-marim-assume-competencias-na-area-da-educacao\/educacao\/09\/10\/","title":{"rendered":"Castro Marim assume compet\u00eancias na \u00e1rea da educa\u00e7\u00e3o \u00a0"},"content":{"rendered":"\n<p>A partir de 01 de abril de 2022 e na sequ\u00eancia da Lei n.\u00ba 50\/2018, de 16 de agosto, foram transferidas para os munic\u00edpios compet\u00eancias em diversos dom\u00ednios, em particular na EDUCA\u00c7\u00c3O. Desde a primeira hora, que o Munic\u00edpio de Castro Marim entendeu n\u00e3o reunir condi\u00e7\u00f5es para receber as compet\u00eancias previstas na lei, por v\u00e1rios motivos, mas essencialmente porque n\u00e3o est\u00e3o garantidos os suportes f\u00edsicos e financeiros para desenvolver essas fun\u00e7\u00f5es de forma eficaz, at\u00e9 aqui da responsabilidade do Minist\u00e9rio da Educa\u00e7\u00e3o.<\/p>\n\n\n\n<p>No entanto, sempre a pensar num melhor ensino e numa escola integrativa, num trabalho pr\u00f3ximo e articulado com o Agrupamento de Escolas, o Munic\u00edpio preparou a transi\u00e7\u00e3o. Assim, de forma gen\u00e9rica e resumida, informa-se a comunidade, e em particular as fam\u00edlias, que o munic\u00edpio tem compet\u00eancias no planeamento, na gest\u00e3o e na realiza\u00e7\u00e3o de investimentos em mat\u00e9ria de educa\u00e7\u00e3o, nomeadamente:<\/p>\n\n\n\n<ul class=\"wp-block-list\"><li>Carta educativa;<\/li><li>Plano de transportes escolares;<\/li><li>Aquisi\u00e7\u00e3o de equipamento de edif\u00edcio escolar;<\/li><li>Realiza\u00e7\u00e3o de interven\u00e7\u00f5es de conserva\u00e7\u00e3o, manuten\u00e7\u00e3o e pequena repara\u00e7\u00e3o em estabelecimentos da educa\u00e7\u00e3o pr\u00e9-escolar e de ensino b\u00e1sico e secund\u00e1rio, para o qual nos s\u00e3o transferidos cerca de 10.000,00 euros ano;<\/li><li>A\u00e7\u00e3o social escolar;<\/li><li>Gest\u00e3o do fornecimento de refei\u00e7\u00f5es em refeit\u00f3rios escolares dos estabelecimentos de educa\u00e7\u00e3o pr\u00e9-escolar e dos ensinos b\u00e1sico e secund\u00e1rio;<\/li><li>Organiza\u00e7\u00e3o e o controlo do funcionamento dos transportes escolares da \u00e1rea de resid\u00eancia dos alunos, nos termos definidos no respetivo plano de transportes intermunicipal;<\/li><li>Promo\u00e7\u00e3o e implementa\u00e7\u00e3o de medidas de apoio \u00e0 fam\u00edlia que garantam a escola a tempo inteiro;<\/li><li>Recrutamento e sele\u00e7\u00e3o do pessoal n\u00e3o docente para exercer fun\u00e7\u00f5es nos agrupamentos de escolas e escolas n\u00e3o agrupadas da rede escolar p\u00fablica do Minist\u00e9rio da Educa\u00e7\u00e3o;<\/li><li>Contrata\u00e7\u00e3o de fornecimentos e servi\u00e7os externos essenciais ao normal funcionamento dos estabelecimentos educativos, designadamente eletricidade, combust\u00edvel, \u00e1gua, outros flu\u00eddos e comunica\u00e7\u00f5es.<\/li><li>Gest\u00e3o da utiliza\u00e7\u00e3o dos espa\u00e7os que integram os estabelecimentos escolares, fora do per\u00edodo das atividades escolares, incluindo <strong>atividades de enriquecimento curricular<\/strong>.<\/li><\/ul>\n\n\n\n<p>Focado no real interesse das crian\u00e7as e na estabilidade dos trabalhadores que contribuem para o bom funcionamento das escolas, o Munic\u00edpio de Castro Marim tem procurado reorganizar-se e atualmente est\u00e1 j\u00e1 a garantir as AEC\u2019s, que em mar\u00e7o de 2022 ainda estavam em falta, atrav\u00e9s da disponibiliza\u00e7\u00e3o de t\u00e9cnicos da C\u00e2mara Municipal.<\/p>\n\n\n\n<p>S\u00e3o ent\u00e3o asseguradas atividades de express\u00e3o f\u00edsico-motora, Arte e Ambiente e ainda M\u00fasica. Esta oferta educativa promovida pela autarquia, ilustra o compromisso assumido desde sempre com a educa\u00e7\u00e3o, com vista a melhorar e promover um maior sucesso no desenvolvimento dos alunos.&nbsp;<\/p>\n\n\n\n<p>Ainda que Estado tenha determinado a passagem do edif\u00edcio escolar para a esfera do Munic\u00edpio, n\u00e3o est\u00e1 prevista qualquer transfer\u00eancia de verba no que se refere \u00e0 constru\u00e7\u00e3o, requalifica\u00e7\u00e3o e moderniza\u00e7\u00e3o de edif\u00edcios escolares, o que representa uma mat\u00e9ria de grande sensibilidade para Castro Marim, dados os grandes problemas estruturais do parque escolar.<\/p>\n\n\n\n<p>Sobre a mat\u00e9ria, a vice-presidente do Munic\u00edpio de Castro Marim, Filomena Sintra, sublinha que \u201cprocuramos em parceria com o Agrupamento, melhorar a cada dia a presta\u00e7\u00e3o dos servi\u00e7os educativos, na nossa comunidade, mas deixamos a reserva que iremos lutar para um sistema mais justo, dado que entendemos que n\u00e3o deve ser o Munic\u00edpio a suprimir as lacunas do Estado\u201d.<\/p>\n\n\n\n<p>Em paralelo, o Munic\u00edpio de Castro Marim continua a desenvolver o programa das F\u00e9rias Ativas e a apoiar o agrupamento no desenvolvimento de atividades fora do espa\u00e7o da escola, bem como a garantir o transporte escolar e a trabalhar num programa de alimenta\u00e7\u00e3o escolar sustent\u00e1vel, que valoriza os produtos naturais, n\u00e3o processados e preferencialmente de circuitos locais.<\/p>\n","protected":false},"excerpt":{"rendered":"<p>A partir de 01 de abril de 2022 e na sequ\u00eancia da Lei n.\u00ba 50\/2018, de 16 de agosto, foram<\/p>\n","protected":false},"author":1,"featured_media":19377,"comment_status":"closed","ping_status":"open","sticky":false,"template":"","format":"standard","meta":{"colormag_page_container_layout":"default_layout","colormag_page_sidebar_layout":"default_layout","_monsterinsights_skip_tracking":false,"_monsterinsights_sitenote_active":false,"_monsterinsights_sitenote_note":"","_monsterinsights_sitenote_category":0,"jetpack_post_was_ever_published":false,"_jetpack_newsletter_access":"","_jetpack_dont_email_post_to_subs":false,"_jetpack_newsletter_tier_id":0,"_jetpack_memberships_contains_paywalled_content":false,"_jetpack_memberships_contains_paid_content":false,"footnotes":"","jetpack_publicize_message":"","jetpack_publicize_feature_enabled":true,"jetpack_social_post_already_shared":true,"jetpack_social_options":{"image_generator_settings":{"template":"highway","default_image_id":0,"font":"","enabled":false},"version":2}},"categories":[93],"tags":[36,136,74,138],"class_list":["post-19376","post","type-post","status-publish","format-standard","has-post-thumbnail","hentry","category-educacao","tag-algarve","tag-castro-marim","tag-educacao","tag-escola"],"yoast_head":"<!-- This site is optimized with the Yoast SEO plugin v27.5 - https:\/\/yoast.com\/product\/yoast-seo-wordpress\/ -->\n<title>Castro Marim assume compet\u00eancias na \u00e1rea da educa\u00e7\u00e3o \u00a0 - Algarve 7<\/title>\n<meta name=\"description\" content=\"Castro Marim assume compet\u00eancias na \u00e1rea da educa\u00e7\u00e3o \u00a0 Educa\u00e7\u00e3o\" \/>\n<meta name=\"robots\" content=\"index, follow, max-snippet:-1, max-image-preview:large, max-video-preview:-1\" \/>\n<link rel=\"canonical\" href=\"https:\/\/algarve7.pt\/index.php\/2022\/06\/castro-marim-assume-competencias-na-area-da-educacao\/educacao\/09\/10\/\" \/>\n<meta property=\"og:locale\" content=\"pt_PT\" \/>\n<meta property=\"og:type\" content=\"article\" \/>\n<meta property=\"og:title\" content=\"Castro Marim assume compet\u00eancias na \u00e1rea da educa\u00e7\u00e3o \u00a0 - Algarve 7\" \/>\n<meta property=\"og:description\" content=\"Castro Marim assume compet\u00eancias na \u00e1rea da educa\u00e7\u00e3o \u00a0 Educa\u00e7\u00e3o\" \/>\n<meta property=\"og:url\" content=\"https:\/\/algarve7.pt\/index.php\/2022\/06\/castro-marim-assume-competencias-na-area-da-educacao\/educacao\/09\/10\/\" \/>\n<meta property=\"og:site_name\" content=\"Algarve 7\" \/>\n<meta property=\"article:publisher\" content=\"https:\/\/www.facebook.com\/algarve7\" \/>\n<meta property=\"article:author\" content=\"https:\/\/www.facebook.com\/algarve7\" \/>\n<meta property=\"article:published_time\" content=\"2022-06-11T08:10:00+00:00\" \/>\n<meta property=\"og:image\" content=\"https:\/\/algarve7.pt\/wp-content\/uploads\/2022\/06\/AECs-Castro-Marim-2.jpg\" \/>\n\t<meta property=\"og:image:width\" content=\"1040\" \/>\n\t<meta property=\"og:image:height\" content=\"693\" \/>\n\t<meta property=\"og:image:type\" content=\"image\/jpeg\" \/>\n<meta name=\"author\" content=\"Algarve 7\" \/>\n<meta name=\"twitter:card\" content=\"summary_large_image\" \/>\n<meta name=\"twitter:creator\" content=\"@Algarvesete\" \/>\n<meta name=\"twitter:site\" content=\"@Algarvesete\" \/>\n<meta name=\"twitter:label1\" content=\"Escrito por\" \/>\n\t<meta name=\"twitter:data1\" content=\"Algarve 7\" \/>\n\t<meta name=\"twitter:label2\" content=\"Tempo estimado de leitura\" \/>\n\t<meta name=\"twitter:data2\" content=\"4 minutos\" \/>\n<script type=\"application\/ld+json\" class=\"yoast-schema-graph\">{\"@context\":\"https:\\\/\\\/schema.org\",\"@graph\":[{\"@type\":\"Article\",\"@id\":\"https:\\\/\\\/algarve7.pt\\\/index.php\\\/2022\\\/06\\\/castro-marim-assume-competencias-na-area-da-educacao\\\/educacao\\\/09\\\/10\\\/#article\",\"isPartOf\":{\"@id\":\"https:\\\/\\\/algarve7.pt\\\/index.php\\\/2022\\\/06\\\/castro-marim-assume-competencias-na-area-da-educacao\\\/educacao\\\/09\\\/10\\\/\"},\"author\":{\"name\":\"Algarve 7\",\"@id\":\"https:\\\/\\\/algarve7.pt\\\/#\\\/schema\\\/person\\\/23fa70681308e7b319a3204bcea45e0c\"},\"headline\":\"Castro Marim assume compet\u00eancias na \u00e1rea da educa\u00e7\u00e3o \u00a0\",\"datePublished\":\"2022-06-11T08:10:00+00:00\",\"mainEntityOfPage\":{\"@id\":\"https:\\\/\\\/algarve7.pt\\\/index.php\\\/2022\\\/06\\\/castro-marim-assume-competencias-na-area-da-educacao\\\/educacao\\\/09\\\/10\\\/\"},\"wordCount\":683,\"publisher\":{\"@id\":\"https:\\\/\\\/algarve7.pt\\\/#organization\"},\"image\":{\"@id\":\"https:\\\/\\\/algarve7.pt\\\/index.php\\\/2022\\\/06\\\/castro-marim-assume-competencias-na-area-da-educacao\\\/educacao\\\/09\\\/10\\\/#primaryimage\"},\"thumbnailUrl\":\"https:\\\/\\\/algarve7.pt\\\/wp-content\\\/uploads\\\/2022\\\/06\\\/AECs-Castro-Marim-2.jpg\",\"keywords\":[\"Algarve\",\"Castro Marim\",\"Educa\u00e7\u00e3o\",\"Escola\"],\"articleSection\":[\"Educa\u00e7\u00e3o\"],\"inLanguage\":\"pt-PT\"},{\"@type\":\"WebPage\",\"@id\":\"https:\\\/\\\/algarve7.pt\\\/index.php\\\/2022\\\/06\\\/castro-marim-assume-competencias-na-area-da-educacao\\\/educacao\\\/09\\\/10\\\/\",\"url\":\"https:\\\/\\\/algarve7.pt\\\/index.php\\\/2022\\\/06\\\/castro-marim-assume-competencias-na-area-da-educacao\\\/educacao\\\/09\\\/10\\\/\",\"name\":\"Castro Marim assume compet\u00eancias na \u00e1rea da educa\u00e7\u00e3o \u00a0 - Algarve 7\",\"isPartOf\":{\"@id\":\"https:\\\/\\\/algarve7.pt\\\/#website\"},\"primaryImageOfPage\":{\"@id\":\"https:\\\/\\\/algarve7.pt\\\/index.php\\\/2022\\\/06\\\/castro-marim-assume-competencias-na-area-da-educacao\\\/educacao\\\/09\\\/10\\\/#primaryimage\"},\"image\":{\"@id\":\"https:\\\/\\\/algarve7.pt\\\/index.php\\\/2022\\\/06\\\/castro-marim-assume-competencias-na-area-da-educacao\\\/educacao\\\/09\\\/10\\\/#primaryimage\"},\"thumbnailUrl\":\"https:\\\/\\\/algarve7.pt\\\/wp-content\\\/uploads\\\/2022\\\/06\\\/AECs-Castro-Marim-2.jpg\",\"datePublished\":\"2022-06-11T08:10:00+00:00\",\"description\":\"Castro Marim assume compet\u00eancias na \u00e1rea da educa\u00e7\u00e3o \u00a0 Educa\u00e7\u00e3o\",\"breadcrumb\":{\"@id\":\"https:\\\/\\\/algarve7.pt\\\/index.php\\\/2022\\\/06\\\/castro-marim-assume-competencias-na-area-da-educacao\\\/educacao\\\/09\\\/10\\\/#breadcrumb\"},\"inLanguage\":\"pt-PT\",\"potentialAction\":[{\"@type\":\"ReadAction\",\"target\":[\"https:\\\/\\\/algarve7.pt\\\/index.php\\\/2022\\\/06\\\/castro-marim-assume-competencias-na-area-da-educacao\\\/educacao\\\/09\\\/10\\\/\"]}]},{\"@type\":\"ImageObject\",\"inLanguage\":\"pt-PT\",\"@id\":\"https:\\\/\\\/algarve7.pt\\\/index.php\\\/2022\\\/06\\\/castro-marim-assume-competencias-na-area-da-educacao\\\/educacao\\\/09\\\/10\\\/#primaryimage\",\"url\":\"https:\\\/\\\/algarve7.pt\\\/wp-content\\\/uploads\\\/2022\\\/06\\\/AECs-Castro-Marim-2.jpg\",\"contentUrl\":\"https:\\\/\\\/algarve7.pt\\\/wp-content\\\/uploads\\\/2022\\\/06\\\/AECs-Castro-Marim-2.jpg\",\"width\":1040,\"height\":693},{\"@type\":\"BreadcrumbList\",\"@id\":\"https:\\\/\\\/algarve7.pt\\\/index.php\\\/2022\\\/06\\\/castro-marim-assume-competencias-na-area-da-educacao\\\/educacao\\\/09\\\/10\\\/#breadcrumb\",\"itemListElement\":[{\"@type\":\"ListItem\",\"position\":1,\"name\":\"In\u00edcio\",\"item\":\"https:\\\/\\\/algarve7.pt\\\/\"},{\"@type\":\"ListItem\",\"position\":2,\"name\":\"Castro Marim assume compet\u00eancias na \u00e1rea da educa\u00e7\u00e3o \u00a0\"}]},{\"@type\":\"WebSite\",\"@id\":\"https:\\\/\\\/algarve7.pt\\\/#website\",\"url\":\"https:\\\/\\\/algarve7.pt\\\/\",\"name\":\"Algarve 7\",\"description\":\"Informa\u00e7\u00e3o sobre o Algarve\",\"publisher\":{\"@id\":\"https:\\\/\\\/algarve7.pt\\\/#organization\"},\"potentialAction\":[{\"@type\":\"SearchAction\",\"target\":{\"@type\":\"EntryPoint\",\"urlTemplate\":\"https:\\\/\\\/algarve7.pt\\\/?s={search_term_string}\"},\"query-input\":{\"@type\":\"PropertyValueSpecification\",\"valueRequired\":true,\"valueName\":\"search_term_string\"}}],\"inLanguage\":\"pt-PT\"},{\"@type\":\"Organization\",\"@id\":\"https:\\\/\\\/algarve7.pt\\\/#organization\",\"name\":\"Algarve 7\",\"url\":\"https:\\\/\\\/algarve7.pt\\\/\",\"logo\":{\"@type\":\"ImageObject\",\"inLanguage\":\"pt-PT\",\"@id\":\"https:\\\/\\\/algarve7.pt\\\/#\\\/schema\\\/logo\\\/image\\\/\",\"url\":\"https:\\\/\\\/algarve7.pt\\\/wp-content\\\/uploads\\\/2020\\\/10\\\/Logo-8.jpg\",\"contentUrl\":\"https:\\\/\\\/algarve7.pt\\\/wp-content\\\/uploads\\\/2020\\\/10\\\/Logo-8.jpg\",\"width\":1680,\"height\":1186,\"caption\":\"Algarve 7\"},\"image\":{\"@id\":\"https:\\\/\\\/algarve7.pt\\\/#\\\/schema\\\/logo\\\/image\\\/\"},\"sameAs\":[\"https:\\\/\\\/www.facebook.com\\\/algarve7\",\"https:\\\/\\\/x.com\\\/Algarvesete\",\"https:\\\/\\\/www.instagram.com\\\/jornalalgarve7\\\/\",\"https:\\\/\\\/www.linkedin.com\\\/company\\\/algarve7\",\"https:\\\/\\\/www.pinterest.pt\\\/geral0939\\\/_created\\\/\"]},{\"@type\":\"Person\",\"@id\":\"https:\\\/\\\/algarve7.pt\\\/#\\\/schema\\\/person\\\/23fa70681308e7b319a3204bcea45e0c\",\"name\":\"Algarve 7\",\"sameAs\":[\"https:\\\/\\\/algarve7.pt\",\"https:\\\/\\\/www.facebook.com\\\/algarve7\"],\"url\":\"https:\\\/\\\/algarve7.pt\\\/index.php\\\/author\\\/geralalgarve7-pt\\\/\"}]}<\/script>\n<!-- \/ Yoast SEO plugin. -->","yoast_head_json":{"title":"Castro Marim assume compet\u00eancias na \u00e1rea da educa\u00e7\u00e3o \u00a0 - Algarve 7","description":"Castro Marim assume compet\u00eancias na \u00e1rea da educa\u00e7\u00e3o \u00a0 Educa\u00e7\u00e3o","robots":{"index":"index","follow":"follow","max-snippet":"max-snippet:-1","max-image-preview":"max-image-preview:large","max-video-preview":"max-video-preview:-1"},"canonical":"https:\/\/algarve7.pt\/index.php\/2022\/06\/castro-marim-assume-competencias-na-area-da-educacao\/educacao\/09\/10\/","og_locale":"pt_PT","og_type":"article","og_title":"Castro Marim assume compet\u00eancias na \u00e1rea da educa\u00e7\u00e3o \u00a0 - Algarve 7","og_description":"Castro Marim assume compet\u00eancias na \u00e1rea da educa\u00e7\u00e3o \u00a0 Educa\u00e7\u00e3o","og_url":"https:\/\/algarve7.pt\/index.php\/2022\/06\/castro-marim-assume-competencias-na-area-da-educacao\/educacao\/09\/10\/","og_site_name":"Algarve 7","article_publisher":"https:\/\/www.facebook.com\/algarve7","article_author":"https:\/\/www.facebook.com\/algarve7","article_published_time":"2022-06-11T08:10:00+00:00","og_image":[{"width":1040,"height":693,"url":"https:\/\/algarve7.pt\/wp-content\/uploads\/2022\/06\/AECs-Castro-Marim-2.jpg","type":"image\/jpeg"}],"author":"Algarve 7","twitter_card":"summary_large_image","twitter_creator":"@Algarvesete","twitter_site":"@Algarvesete","twitter_misc":{"Escrito por":"Algarve 7","Tempo estimado de leitura":"4 minutos"},"schema":{"@context":"https:\/\/schema.org","@graph":[{"@type":"Article","@id":"https:\/\/algarve7.pt\/index.php\/2022\/06\/castro-marim-assume-competencias-na-area-da-educacao\/educacao\/09\/10\/#article","isPartOf":{"@id":"https:\/\/algarve7.pt\/index.php\/2022\/06\/castro-marim-assume-competencias-na-area-da-educacao\/educacao\/09\/10\/"},"author":{"name":"Algarve 7","@id":"https:\/\/algarve7.pt\/#\/schema\/person\/23fa70681308e7b319a3204bcea45e0c"},"headline":"Castro Marim assume compet\u00eancias na \u00e1rea da educa\u00e7\u00e3o \u00a0","datePublished":"2022-06-11T08:10:00+00:00","mainEntityOfPage":{"@id":"https:\/\/algarve7.pt\/index.php\/2022\/06\/castro-marim-assume-competencias-na-area-da-educacao\/educacao\/09\/10\/"},"wordCount":683,"publisher":{"@id":"https:\/\/algarve7.pt\/#organization"},"image":{"@id":"https:\/\/algarve7.pt\/index.php\/2022\/06\/castro-marim-assume-competencias-na-area-da-educacao\/educacao\/09\/10\/#primaryimage"},"thumbnailUrl":"https:\/\/algarve7.pt\/wp-content\/uploads\/2022\/06\/AECs-Castro-Marim-2.jpg","keywords":["Algarve","Castro Marim","Educa\u00e7\u00e3o","Escola"],"articleSection":["Educa\u00e7\u00e3o"],"inLanguage":"pt-PT"},{"@type":"WebPage","@id":"https:\/\/algarve7.pt\/index.php\/2022\/06\/castro-marim-assume-competencias-na-area-da-educacao\/educacao\/09\/10\/","url":"https:\/\/algarve7.pt\/index.php\/2022\/06\/castro-marim-assume-competencias-na-area-da-educacao\/educacao\/09\/10\/","name":"Castro Marim assume compet\u00eancias na \u00e1rea da educa\u00e7\u00e3o \u00a0 - Algarve 7","isPartOf":{"@id":"https:\/\/algarve7.pt\/#website"},"primaryImageOfPage":{"@id":"https:\/\/algarve7.pt\/index.php\/2022\/06\/castro-marim-assume-competencias-na-area-da-educacao\/educacao\/09\/10\/#primaryimage"},"image":{"@id":"https:\/\/algarve7.pt\/index.php\/2022\/06\/castro-marim-assume-competencias-na-area-da-educacao\/educacao\/09\/10\/#primaryimage"},"thumbnailUrl":"https:\/\/algarve7.pt\/wp-content\/uploads\/2022\/06\/AECs-Castro-Marim-2.jpg","datePublished":"2022-06-11T08:10:00+00:00","description":"Castro Marim assume compet\u00eancias na \u00e1rea da educa\u00e7\u00e3o \u00a0 Educa\u00e7\u00e3o","breadcrumb":{"@id":"https:\/\/algarve7.pt\/index.php\/2022\/06\/castro-marim-assume-competencias-na-area-da-educacao\/educacao\/09\/10\/#breadcrumb"},"inLanguage":"pt-PT","potentialAction":[{"@type":"ReadAction","target":["https:\/\/algarve7.pt\/index.php\/2022\/06\/castro-marim-assume-competencias-na-area-da-educacao\/educacao\/09\/10\/"]}]},{"@type":"ImageObject","inLanguage":"pt-PT","@id":"https:\/\/algarve7.pt\/index.php\/2022\/06\/castro-marim-assume-competencias-na-area-da-educacao\/educacao\/09\/10\/#primaryimage","url":"https:\/\/algarve7.pt\/wp-content\/uploads\/2022\/06\/AECs-Castro-Marim-2.jpg","contentUrl":"https:\/\/algarve7.pt\/wp-content\/uploads\/2022\/06\/AECs-Castro-Marim-2.jpg","width":1040,"height":693},{"@type":"BreadcrumbList","@id":"https:\/\/algarve7.pt\/index.php\/2022\/06\/castro-marim-assume-competencias-na-area-da-educacao\/educacao\/09\/10\/#breadcrumb","itemListElement":[{"@type":"ListItem","position":1,"name":"In\u00edcio","item":"https:\/\/algarve7.pt\/"},{"@type":"ListItem","position":2,"name":"Castro Marim assume compet\u00eancias na \u00e1rea da educa\u00e7\u00e3o \u00a0"}]},{"@type":"WebSite","@id":"https:\/\/algarve7.pt\/#website","url":"https:\/\/algarve7.pt\/","name":"Algarve 7","description":"Informa\u00e7\u00e3o sobre o Algarve","publisher":{"@id":"https:\/\/algarve7.pt\/#organization"},"potentialAction":[{"@type":"SearchAction","target":{"@type":"EntryPoint","urlTemplate":"https:\/\/algarve7.pt\/?s={search_term_string}"},"query-input":{"@type":"PropertyValueSpecification","valueRequired":true,"valueName":"search_term_string"}}],"inLanguage":"pt-PT"},{"@type":"Organization","@id":"https:\/\/algarve7.pt\/#organization","name":"Algarve 7","url":"https:\/\/algarve7.pt\/","logo":{"@type":"ImageObject","inLanguage":"pt-PT","@id":"https:\/\/algarve7.pt\/#\/schema\/logo\/image\/","url":"https:\/\/algarve7.pt\/wp-content\/uploads\/2020\/10\/Logo-8.jpg","contentUrl":"https:\/\/algarve7.pt\/wp-content\/uploads\/2020\/10\/Logo-8.jpg","width":1680,"height":1186,"caption":"Algarve 7"},"image":{"@id":"https:\/\/algarve7.pt\/#\/schema\/logo\/image\/"},"sameAs":["https:\/\/www.facebook.com\/algarve7","https:\/\/x.com\/Algarvesete","https:\/\/www.instagram.com\/jornalalgarve7\/","https:\/\/www.linkedin.com\/company\/algarve7","https:\/\/www.pinterest.pt\/geral0939\/_created\/"]},{"@type":"Person","@id":"https:\/\/algarve7.pt\/#\/schema\/person\/23fa70681308e7b319a3204bcea45e0c","name":"Algarve 7","sameAs":["https:\/\/algarve7.pt","https:\/\/www.facebook.com\/algarve7"],"url":"https:\/\/algarve7.pt\/index.php\/author\/geralalgarve7-pt\/"}]}},"jetpack_publicize_connections":[],"jetpack_featured_media_url":"https:\/\/algarve7.pt\/wp-content\/uploads\/2022\/06\/AECs-Castro-Marim-2.jpg","jetpack_shortlink":"https:\/\/wp.me\/pcezmW-52w","jetpack_sharing_enabled":true,"_links":{"self":[{"href":"https:\/\/algarve7.pt\/index.php\/wp-json\/wp\/v2\/posts\/19376","targetHints":{"allow":["GET"]}}],"collection":[{"href":"https:\/\/algarve7.pt\/index.php\/wp-json\/wp\/v2\/posts"}],"about":[{"href":"https:\/\/algarve7.pt\/index.php\/wp-json\/wp\/v2\/types\/post"}],"author":[{"embeddable":true,"href":"https:\/\/algarve7.pt\/index.php\/wp-json\/wp\/v2\/users\/1"}],"replies":[{"embeddable":true,"href":"https:\/\/algarve7.pt\/index.php\/wp-json\/wp\/v2\/comments?post=19376"}],"version-history":[{"count":0,"href":"https:\/\/algarve7.pt\/index.php\/wp-json\/wp\/v2\/posts\/19376\/revisions"}],"wp:featuredmedia":[{"embeddable":true,"href":"https:\/\/algarve7.pt\/index.php\/wp-json\/wp\/v2\/media\/19377"}],"wp:attachment":[{"href":"https:\/\/algarve7.pt\/index.php\/wp-json\/wp\/v2\/media?parent=19376"}],"wp:term":[{"taxonomy":"category","embeddable":true,"href":"https:\/\/algarve7.pt\/index.php\/wp-json\/wp\/v2\/categories?post=19376"},{"taxonomy":"post_tag","embeddable":true,"href":"https:\/\/algarve7.pt\/index.php\/wp-json\/wp\/v2\/tags?post=19376"}],"curies":[{"name":"wp","href":"https:\/\/api.w.org\/{rel}","templated":true}]}}