{"id":19318,"date":"2022-06-08T11:35:36","date_gmt":"2022-06-08T10:35:36","guid":{"rendered":"https:\/\/algarve7.pt\/?p=19318"},"modified":"2022-06-08T11:35:37","modified_gmt":"2022-06-08T10:35:37","slug":"investigadores-da-ualg-lideram-estudo-que-revela-novo-biomarcador-clinico-do-cancro-da-mama","status":"publish","type":"post","link":"https:\/\/algarve7.pt\/index.php\/2022\/06\/investigadores-da-ualg-lideram-estudo-que-revela-novo-biomarcador-clinico-do-cancro-da-mama\/saude\/11\/35\/","title":{"rendered":"Investigadores da UAlg lideram estudo que revela novo biomarcador cl\u00ednico do cancro da mama"},"content":{"rendered":"\n<p>Estamos na era de &#8220;personalizar&#8221; os tratamentos do cancro, o que s\u00f3 poder\u00e1 acontecer se compreendermos melhor o modo como os tumores se desenvolvem e comportam durante a terap\u00eautica. Seguindo esta linha de racioc\u00ednio, um grupo de investigadores, liderado por Ana Teresa Maia, docente da Universidade do Algarve (UAlg) e investigadora do Centro de Investiga\u00e7\u00e3o em Tecnologias e Servi\u00e7os de Sa\u00fade (CINTESIS), acaba de publicar um artigo na revista\u00a0<em>npj Breast Cancer<\/em>\u00a0que identifica um novo biomarcador para progn\u00f3stico em pacientes com cancro da mama<strong>.\u00a0<\/strong><\/p>\n\n\n\n<p>Este biomarcador est\u00e1 associado \u00e0s muta\u00e7\u00f5es mais comuns do cancro da mama e poder\u00e1 ajudar a identificar o tratamento mais adequado para cada paciente.<\/p>\n\n\n\n<p>A investigadora Ana Teresa Maia refere: \u201cNeste trabalho olh\u00e1mos para o gene PIK3CA, que \u00e9 o mais frequentemente mutado em tumores da mama, e tent\u00e1mos perceber a sua import\u00e2ncia cl\u00ednica, que at\u00e9 agora era bastante elusiva\u201d. Os investigadores descobriram que quando avaliam estas muta\u00e7\u00f5es de modo diferente do que \u00e9 feito atualmente elas t\u00eam um car\u00e1cter cl\u00ednico importante, sendo indicadoras do progn\u00f3stico de cada paciente. \u201c\u00c9 como se olh\u00e1ssemos a mesma coisa, mas com \u00f3culos diferentes\u201d, refere a investigadora.&nbsp;Ana Teresa Maia explica ainda: \u201cDas v\u00e1rias mol\u00e9culas que existem numa c\u00e9lula, o ADN&nbsp;cont\u00e9m a informa\u00e7\u00e3o b\u00e1sica acerca do funcionamento celular, incluindo as muta\u00e7\u00f5es respons\u00e1veis pelos tumores. Mas o ARN revela a express\u00e3o dessa informa\u00e7\u00e3o, ou seja, representa a forma como a informa\u00e7\u00e3o \u00e9 lida. Foi ao olhar para o ARN de tumores de diversos centros cl\u00ednicos que identific\u00e1mos uma rela\u00e7\u00e3o entre a express\u00e3o das muta\u00e7\u00f5es e a probabilidade de sobreviv\u00eancia destas pacientes, as caracter\u00edsticas cl\u00ednicas e moleculares dos tumores, assim como os mecanismos que pensamos estar subjacentes a estas associa\u00e7\u00f5es.\u201d&nbsp;<\/p>\n\n\n\n<p>Este trabalho contou com a colabora\u00e7\u00e3o de parceiros da University of Cambridge e do Netherlands Cancer Institute, entre outros.<\/p>\n\n\n\n<p>Questionada sobre o impacto que esta descoberta poder\u00e1 vir a ter na comunidade ou na vida das pessoas, Ana Teresa Maia explica que \u201cdesde o ano passado que foi aprovado o uso de um f\u00e1rmaco espec\u00edfico para tratamento de tumores com estas muta\u00e7\u00f5es. N\u00f3s acreditamos que estudos como o nosso v\u00eam ajudar a identificar com alta precis\u00e3o as pacientes que podem beneficiar deste tratamento inovador\u201d.&nbsp;<\/p>\n\n\n\n<p>Os resultados alcan\u00e7ados s\u00e3o cruciais para pacientes e m\u00e9dicos. \u201cAs pacientes porque veem melhorias na compreens\u00e3o da doen\u00e7a e na sua gest\u00e3o cl\u00ednica, o que leva a um aumento da qualidade de vida e das chances de sobreviv\u00eancia. Os m\u00e9dicos, porque v\u00e3o ter mais uma pe\u00e7a do puzzle nas m\u00e3os, que lhes vai aumentar a confian\u00e7a nas suas decis\u00f5es cl\u00ednicas\u201d, conclui a investigadora.<\/p>\n\n\n\n<p>Este trabalho j\u00e1 deu origem a um pedido de patente para o desenvolvimento de testes para integra\u00e7\u00e3o na pr\u00e1tica cl\u00ednica e foi tamb\u00e9m premiado pela Ag\u00eancia Nacional de Inova\u00e7\u00e3o (ANI), atrav\u00e9s do concurso Born from Knowledge (BfK) Ideas, que pretende promover uma cultura de valoriza\u00e7\u00e3o do conhecimento cient\u00edfico e tecnol\u00f3gico em Portugal. Atualmente, foi criada uma spin-off instalada na UALG TEC START, incubadora da UAlg, para licenciamento e desenvolvimento da tecnologia.<\/p>\n","protected":false},"excerpt":{"rendered":"<p>Estamos na era de &#8220;personalizar&#8221; os tratamentos do cancro, o que s\u00f3 poder\u00e1 acontecer se compreendermos melhor o modo como<\/p>\n","protected":false},"author":1,"featured_media":19319,"comment_status":"closed","ping_status":"open","sticky":false,"template":"","format":"standard","meta":{"colormag_page_container_layout":"default_layout","colormag_page_sidebar_layout":"default_layout","_monsterinsights_skip_tracking":false,"_monsterinsights_sitenote_active":false,"_monsterinsights_sitenote_note":"","_monsterinsights_sitenote_category":0,"jetpack_post_was_ever_published":false,"_jetpack_newsletter_access":"","_jetpack_dont_email_post_to_subs":false,"_jetpack_newsletter_tier_id":0,"_jetpack_memberships_contains_paywalled_content":false,"_jetpack_memberships_contains_paid_content":false,"footnotes":"","jetpack_publicize_message":"","jetpack_publicize_feature_enabled":true,"jetpack_social_post_already_shared":true,"jetpack_social_options":{"image_generator_settings":{"template":"highway","default_image_id":0,"font":"","enabled":false},"version":2}},"categories":[59],"tags":[36,58,182],"class_list":["post-19318","post","type-post","status-publish","format-standard","has-post-thumbnail","hentry","category-saude","tag-algarve","tag-saude","tag-ualg"],"yoast_head":"<!-- This site is optimized with the Yoast SEO plugin v27.5 - https:\/\/yoast.com\/product\/yoast-seo-wordpress\/ -->\n<title>Investigadores da UAlg lideram estudo que revela novo biomarcador cl\u00ednico do cancro da mama - Algarve 7<\/title>\n<meta name=\"description\" content=\"Investigadores da UAlg lideram estudo que revela novo biomarcador cl\u00ednico do cancro da mama Sa\u00fade\" \/>\n<meta name=\"robots\" content=\"index, follow, max-snippet:-1, max-image-preview:large, max-video-preview:-1\" \/>\n<link rel=\"canonical\" href=\"https:\/\/algarve7.pt\/index.php\/2022\/06\/investigadores-da-ualg-lideram-estudo-que-revela-novo-biomarcador-clinico-do-cancro-da-mama\/saude\/11\/35\/\" \/>\n<meta property=\"og:locale\" content=\"pt_PT\" \/>\n<meta property=\"og:type\" content=\"article\" \/>\n<meta property=\"og:title\" content=\"Investigadores da UAlg lideram estudo que revela novo biomarcador cl\u00ednico do cancro da mama - Algarve 7\" \/>\n<meta property=\"og:description\" content=\"Investigadores da UAlg lideram estudo que revela novo biomarcador cl\u00ednico do cancro da mama Sa\u00fade\" \/>\n<meta property=\"og:url\" content=\"https:\/\/algarve7.pt\/index.php\/2022\/06\/investigadores-da-ualg-lideram-estudo-que-revela-novo-biomarcador-clinico-do-cancro-da-mama\/saude\/11\/35\/\" \/>\n<meta property=\"og:site_name\" content=\"Algarve 7\" \/>\n<meta property=\"article:publisher\" content=\"https:\/\/www.facebook.com\/algarve7\" \/>\n<meta property=\"article:author\" content=\"https:\/\/www.facebook.com\/algarve7\" \/>\n<meta property=\"article:published_time\" content=\"2022-06-08T10:35:36+00:00\" \/>\n<meta property=\"article:modified_time\" content=\"2022-06-08T10:35:37+00:00\" \/>\n<meta property=\"og:image\" content=\"https:\/\/algarve7.pt\/wp-content\/uploads\/2022\/06\/primage_62222.jpg\" \/>\n\t<meta property=\"og:image:width\" content=\"1731\" \/>\n\t<meta property=\"og:image:height\" content=\"1154\" \/>\n\t<meta property=\"og:image:type\" content=\"image\/jpeg\" \/>\n<meta name=\"author\" content=\"Algarve 7\" \/>\n<meta name=\"twitter:card\" content=\"summary_large_image\" \/>\n<meta name=\"twitter:creator\" content=\"@Algarvesete\" \/>\n<meta name=\"twitter:site\" content=\"@Algarvesete\" \/>\n<meta name=\"twitter:label1\" content=\"Escrito por\" \/>\n\t<meta name=\"twitter:data1\" content=\"Algarve 7\" \/>\n\t<meta name=\"twitter:label2\" content=\"Tempo estimado de leitura\" \/>\n\t<meta name=\"twitter:data2\" content=\"3 minutos\" \/>\n<script type=\"application\/ld+json\" class=\"yoast-schema-graph\">{\"@context\":\"https:\\\/\\\/schema.org\",\"@graph\":[{\"@type\":\"Article\",\"@id\":\"https:\\\/\\\/algarve7.pt\\\/index.php\\\/2022\\\/06\\\/investigadores-da-ualg-lideram-estudo-que-revela-novo-biomarcador-clinico-do-cancro-da-mama\\\/saude\\\/11\\\/35\\\/#article\",\"isPartOf\":{\"@id\":\"https:\\\/\\\/algarve7.pt\\\/index.php\\\/2022\\\/06\\\/investigadores-da-ualg-lideram-estudo-que-revela-novo-biomarcador-clinico-do-cancro-da-mama\\\/saude\\\/11\\\/35\\\/\"},\"author\":{\"name\":\"Algarve 7\",\"@id\":\"https:\\\/\\\/algarve7.pt\\\/#\\\/schema\\\/person\\\/23fa70681308e7b319a3204bcea45e0c\"},\"headline\":\"Investigadores da UAlg lideram estudo que revela novo biomarcador cl\u00ednico do cancro da mama\",\"datePublished\":\"2022-06-08T10:35:36+00:00\",\"dateModified\":\"2022-06-08T10:35:37+00:00\",\"mainEntityOfPage\":{\"@id\":\"https:\\\/\\\/algarve7.pt\\\/index.php\\\/2022\\\/06\\\/investigadores-da-ualg-lideram-estudo-que-revela-novo-biomarcador-clinico-do-cancro-da-mama\\\/saude\\\/11\\\/35\\\/\"},\"wordCount\":583,\"publisher\":{\"@id\":\"https:\\\/\\\/algarve7.pt\\\/#organization\"},\"image\":{\"@id\":\"https:\\\/\\\/algarve7.pt\\\/index.php\\\/2022\\\/06\\\/investigadores-da-ualg-lideram-estudo-que-revela-novo-biomarcador-clinico-do-cancro-da-mama\\\/saude\\\/11\\\/35\\\/#primaryimage\"},\"thumbnailUrl\":\"https:\\\/\\\/algarve7.pt\\\/wp-content\\\/uploads\\\/2022\\\/06\\\/primage_62222.jpg\",\"keywords\":[\"Algarve\",\"Sa\u00fade\",\"UALG\"],\"articleSection\":[\"Sa\u00fade\"],\"inLanguage\":\"pt-PT\"},{\"@type\":\"WebPage\",\"@id\":\"https:\\\/\\\/algarve7.pt\\\/index.php\\\/2022\\\/06\\\/investigadores-da-ualg-lideram-estudo-que-revela-novo-biomarcador-clinico-do-cancro-da-mama\\\/saude\\\/11\\\/35\\\/\",\"url\":\"https:\\\/\\\/algarve7.pt\\\/index.php\\\/2022\\\/06\\\/investigadores-da-ualg-lideram-estudo-que-revela-novo-biomarcador-clinico-do-cancro-da-mama\\\/saude\\\/11\\\/35\\\/\",\"name\":\"Investigadores da UAlg lideram estudo que revela novo biomarcador cl\u00ednico do cancro da mama - Algarve 7\",\"isPartOf\":{\"@id\":\"https:\\\/\\\/algarve7.pt\\\/#website\"},\"primaryImageOfPage\":{\"@id\":\"https:\\\/\\\/algarve7.pt\\\/index.php\\\/2022\\\/06\\\/investigadores-da-ualg-lideram-estudo-que-revela-novo-biomarcador-clinico-do-cancro-da-mama\\\/saude\\\/11\\\/35\\\/#primaryimage\"},\"image\":{\"@id\":\"https:\\\/\\\/algarve7.pt\\\/index.php\\\/2022\\\/06\\\/investigadores-da-ualg-lideram-estudo-que-revela-novo-biomarcador-clinico-do-cancro-da-mama\\\/saude\\\/11\\\/35\\\/#primaryimage\"},\"thumbnailUrl\":\"https:\\\/\\\/algarve7.pt\\\/wp-content\\\/uploads\\\/2022\\\/06\\\/primage_62222.jpg\",\"datePublished\":\"2022-06-08T10:35:36+00:00\",\"dateModified\":\"2022-06-08T10:35:37+00:00\",\"description\":\"Investigadores da UAlg lideram estudo que revela novo biomarcador cl\u00ednico do cancro da mama Sa\u00fade\",\"breadcrumb\":{\"@id\":\"https:\\\/\\\/algarve7.pt\\\/index.php\\\/2022\\\/06\\\/investigadores-da-ualg-lideram-estudo-que-revela-novo-biomarcador-clinico-do-cancro-da-mama\\\/saude\\\/11\\\/35\\\/#breadcrumb\"},\"inLanguage\":\"pt-PT\",\"potentialAction\":[{\"@type\":\"ReadAction\",\"target\":[\"https:\\\/\\\/algarve7.pt\\\/index.php\\\/2022\\\/06\\\/investigadores-da-ualg-lideram-estudo-que-revela-novo-biomarcador-clinico-do-cancro-da-mama\\\/saude\\\/11\\\/35\\\/\"]}]},{\"@type\":\"ImageObject\",\"inLanguage\":\"pt-PT\",\"@id\":\"https:\\\/\\\/algarve7.pt\\\/index.php\\\/2022\\\/06\\\/investigadores-da-ualg-lideram-estudo-que-revela-novo-biomarcador-clinico-do-cancro-da-mama\\\/saude\\\/11\\\/35\\\/#primaryimage\",\"url\":\"https:\\\/\\\/algarve7.pt\\\/wp-content\\\/uploads\\\/2022\\\/06\\\/primage_62222.jpg\",\"contentUrl\":\"https:\\\/\\\/algarve7.pt\\\/wp-content\\\/uploads\\\/2022\\\/06\\\/primage_62222.jpg\",\"width\":1731,\"height\":1154},{\"@type\":\"BreadcrumbList\",\"@id\":\"https:\\\/\\\/algarve7.pt\\\/index.php\\\/2022\\\/06\\\/investigadores-da-ualg-lideram-estudo-que-revela-novo-biomarcador-clinico-do-cancro-da-mama\\\/saude\\\/11\\\/35\\\/#breadcrumb\",\"itemListElement\":[{\"@type\":\"ListItem\",\"position\":1,\"name\":\"In\u00edcio\",\"item\":\"https:\\\/\\\/algarve7.pt\\\/\"},{\"@type\":\"ListItem\",\"position\":2,\"name\":\"Investigadores da UAlg lideram estudo que revela novo biomarcador cl\u00ednico do cancro da mama\"}]},{\"@type\":\"WebSite\",\"@id\":\"https:\\\/\\\/algarve7.pt\\\/#website\",\"url\":\"https:\\\/\\\/algarve7.pt\\\/\",\"name\":\"Algarve 7\",\"description\":\"Informa\u00e7\u00e3o sobre o Algarve\",\"publisher\":{\"@id\":\"https:\\\/\\\/algarve7.pt\\\/#organization\"},\"potentialAction\":[{\"@type\":\"SearchAction\",\"target\":{\"@type\":\"EntryPoint\",\"urlTemplate\":\"https:\\\/\\\/algarve7.pt\\\/?s={search_term_string}\"},\"query-input\":{\"@type\":\"PropertyValueSpecification\",\"valueRequired\":true,\"valueName\":\"search_term_string\"}}],\"inLanguage\":\"pt-PT\"},{\"@type\":\"Organization\",\"@id\":\"https:\\\/\\\/algarve7.pt\\\/#organization\",\"name\":\"Algarve 7\",\"url\":\"https:\\\/\\\/algarve7.pt\\\/\",\"logo\":{\"@type\":\"ImageObject\",\"inLanguage\":\"pt-PT\",\"@id\":\"https:\\\/\\\/algarve7.pt\\\/#\\\/schema\\\/logo\\\/image\\\/\",\"url\":\"https:\\\/\\\/algarve7.pt\\\/wp-content\\\/uploads\\\/2020\\\/10\\\/Logo-8.jpg\",\"contentUrl\":\"https:\\\/\\\/algarve7.pt\\\/wp-content\\\/uploads\\\/2020\\\/10\\\/Logo-8.jpg\",\"width\":1680,\"height\":1186,\"caption\":\"Algarve 7\"},\"image\":{\"@id\":\"https:\\\/\\\/algarve7.pt\\\/#\\\/schema\\\/logo\\\/image\\\/\"},\"sameAs\":[\"https:\\\/\\\/www.facebook.com\\\/algarve7\",\"https:\\\/\\\/x.com\\\/Algarvesete\",\"https:\\\/\\\/www.instagram.com\\\/jornalalgarve7\\\/\",\"https:\\\/\\\/www.linkedin.com\\\/company\\\/algarve7\",\"https:\\\/\\\/www.pinterest.pt\\\/geral0939\\\/_created\\\/\"]},{\"@type\":\"Person\",\"@id\":\"https:\\\/\\\/algarve7.pt\\\/#\\\/schema\\\/person\\\/23fa70681308e7b319a3204bcea45e0c\",\"name\":\"Algarve 7\",\"sameAs\":[\"https:\\\/\\\/algarve7.pt\",\"https:\\\/\\\/www.facebook.com\\\/algarve7\"],\"url\":\"https:\\\/\\\/algarve7.pt\\\/index.php\\\/author\\\/geralalgarve7-pt\\\/\"}]}<\/script>\n<!-- \/ Yoast SEO plugin. -->","yoast_head_json":{"title":"Investigadores da UAlg lideram estudo que revela novo biomarcador cl\u00ednico do cancro da mama - Algarve 7","description":"Investigadores da UAlg lideram estudo que revela novo biomarcador cl\u00ednico do cancro da mama Sa\u00fade","robots":{"index":"index","follow":"follow","max-snippet":"max-snippet:-1","max-image-preview":"max-image-preview:large","max-video-preview":"max-video-preview:-1"},"canonical":"https:\/\/algarve7.pt\/index.php\/2022\/06\/investigadores-da-ualg-lideram-estudo-que-revela-novo-biomarcador-clinico-do-cancro-da-mama\/saude\/11\/35\/","og_locale":"pt_PT","og_type":"article","og_title":"Investigadores da UAlg lideram estudo que revela novo biomarcador cl\u00ednico do cancro da mama - Algarve 7","og_description":"Investigadores da UAlg lideram estudo que revela novo biomarcador cl\u00ednico do cancro da mama Sa\u00fade","og_url":"https:\/\/algarve7.pt\/index.php\/2022\/06\/investigadores-da-ualg-lideram-estudo-que-revela-novo-biomarcador-clinico-do-cancro-da-mama\/saude\/11\/35\/","og_site_name":"Algarve 7","article_publisher":"https:\/\/www.facebook.com\/algarve7","article_author":"https:\/\/www.facebook.com\/algarve7","article_published_time":"2022-06-08T10:35:36+00:00","article_modified_time":"2022-06-08T10:35:37+00:00","og_image":[{"width":1731,"height":1154,"url":"https:\/\/algarve7.pt\/wp-content\/uploads\/2022\/06\/primage_62222.jpg","type":"image\/jpeg"}],"author":"Algarve 7","twitter_card":"summary_large_image","twitter_creator":"@Algarvesete","twitter_site":"@Algarvesete","twitter_misc":{"Escrito por":"Algarve 7","Tempo estimado de leitura":"3 minutos"},"schema":{"@context":"https:\/\/schema.org","@graph":[{"@type":"Article","@id":"https:\/\/algarve7.pt\/index.php\/2022\/06\/investigadores-da-ualg-lideram-estudo-que-revela-novo-biomarcador-clinico-do-cancro-da-mama\/saude\/11\/35\/#article","isPartOf":{"@id":"https:\/\/algarve7.pt\/index.php\/2022\/06\/investigadores-da-ualg-lideram-estudo-que-revela-novo-biomarcador-clinico-do-cancro-da-mama\/saude\/11\/35\/"},"author":{"name":"Algarve 7","@id":"https:\/\/algarve7.pt\/#\/schema\/person\/23fa70681308e7b319a3204bcea45e0c"},"headline":"Investigadores da UAlg lideram estudo que revela novo biomarcador cl\u00ednico do cancro da mama","datePublished":"2022-06-08T10:35:36+00:00","dateModified":"2022-06-08T10:35:37+00:00","mainEntityOfPage":{"@id":"https:\/\/algarve7.pt\/index.php\/2022\/06\/investigadores-da-ualg-lideram-estudo-que-revela-novo-biomarcador-clinico-do-cancro-da-mama\/saude\/11\/35\/"},"wordCount":583,"publisher":{"@id":"https:\/\/algarve7.pt\/#organization"},"image":{"@id":"https:\/\/algarve7.pt\/index.php\/2022\/06\/investigadores-da-ualg-lideram-estudo-que-revela-novo-biomarcador-clinico-do-cancro-da-mama\/saude\/11\/35\/#primaryimage"},"thumbnailUrl":"https:\/\/algarve7.pt\/wp-content\/uploads\/2022\/06\/primage_62222.jpg","keywords":["Algarve","Sa\u00fade","UALG"],"articleSection":["Sa\u00fade"],"inLanguage":"pt-PT"},{"@type":"WebPage","@id":"https:\/\/algarve7.pt\/index.php\/2022\/06\/investigadores-da-ualg-lideram-estudo-que-revela-novo-biomarcador-clinico-do-cancro-da-mama\/saude\/11\/35\/","url":"https:\/\/algarve7.pt\/index.php\/2022\/06\/investigadores-da-ualg-lideram-estudo-que-revela-novo-biomarcador-clinico-do-cancro-da-mama\/saude\/11\/35\/","name":"Investigadores da UAlg lideram estudo que revela novo biomarcador cl\u00ednico do cancro da mama - Algarve 7","isPartOf":{"@id":"https:\/\/algarve7.pt\/#website"},"primaryImageOfPage":{"@id":"https:\/\/algarve7.pt\/index.php\/2022\/06\/investigadores-da-ualg-lideram-estudo-que-revela-novo-biomarcador-clinico-do-cancro-da-mama\/saude\/11\/35\/#primaryimage"},"image":{"@id":"https:\/\/algarve7.pt\/index.php\/2022\/06\/investigadores-da-ualg-lideram-estudo-que-revela-novo-biomarcador-clinico-do-cancro-da-mama\/saude\/11\/35\/#primaryimage"},"thumbnailUrl":"https:\/\/algarve7.pt\/wp-content\/uploads\/2022\/06\/primage_62222.jpg","datePublished":"2022-06-08T10:35:36+00:00","dateModified":"2022-06-08T10:35:37+00:00","description":"Investigadores da UAlg lideram estudo que revela novo biomarcador cl\u00ednico do cancro da mama Sa\u00fade","breadcrumb":{"@id":"https:\/\/algarve7.pt\/index.php\/2022\/06\/investigadores-da-ualg-lideram-estudo-que-revela-novo-biomarcador-clinico-do-cancro-da-mama\/saude\/11\/35\/#breadcrumb"},"inLanguage":"pt-PT","potentialAction":[{"@type":"ReadAction","target":["https:\/\/algarve7.pt\/index.php\/2022\/06\/investigadores-da-ualg-lideram-estudo-que-revela-novo-biomarcador-clinico-do-cancro-da-mama\/saude\/11\/35\/"]}]},{"@type":"ImageObject","inLanguage":"pt-PT","@id":"https:\/\/algarve7.pt\/index.php\/2022\/06\/investigadores-da-ualg-lideram-estudo-que-revela-novo-biomarcador-clinico-do-cancro-da-mama\/saude\/11\/35\/#primaryimage","url":"https:\/\/algarve7.pt\/wp-content\/uploads\/2022\/06\/primage_62222.jpg","contentUrl":"https:\/\/algarve7.pt\/wp-content\/uploads\/2022\/06\/primage_62222.jpg","width":1731,"height":1154},{"@type":"BreadcrumbList","@id":"https:\/\/algarve7.pt\/index.php\/2022\/06\/investigadores-da-ualg-lideram-estudo-que-revela-novo-biomarcador-clinico-do-cancro-da-mama\/saude\/11\/35\/#breadcrumb","itemListElement":[{"@type":"ListItem","position":1,"name":"In\u00edcio","item":"https:\/\/algarve7.pt\/"},{"@type":"ListItem","position":2,"name":"Investigadores da UAlg lideram estudo que revela novo biomarcador cl\u00ednico do cancro da mama"}]},{"@type":"WebSite","@id":"https:\/\/algarve7.pt\/#website","url":"https:\/\/algarve7.pt\/","name":"Algarve 7","description":"Informa\u00e7\u00e3o sobre o Algarve","publisher":{"@id":"https:\/\/algarve7.pt\/#organization"},"potentialAction":[{"@type":"SearchAction","target":{"@type":"EntryPoint","urlTemplate":"https:\/\/algarve7.pt\/?s={search_term_string}"},"query-input":{"@type":"PropertyValueSpecification","valueRequired":true,"valueName":"search_term_string"}}],"inLanguage":"pt-PT"},{"@type":"Organization","@id":"https:\/\/algarve7.pt\/#organization","name":"Algarve 7","url":"https:\/\/algarve7.pt\/","logo":{"@type":"ImageObject","inLanguage":"pt-PT","@id":"https:\/\/algarve7.pt\/#\/schema\/logo\/image\/","url":"https:\/\/algarve7.pt\/wp-content\/uploads\/2020\/10\/Logo-8.jpg","contentUrl":"https:\/\/algarve7.pt\/wp-content\/uploads\/2020\/10\/Logo-8.jpg","width":1680,"height":1186,"caption":"Algarve 7"},"image":{"@id":"https:\/\/algarve7.pt\/#\/schema\/logo\/image\/"},"sameAs":["https:\/\/www.facebook.com\/algarve7","https:\/\/x.com\/Algarvesete","https:\/\/www.instagram.com\/jornalalgarve7\/","https:\/\/www.linkedin.com\/company\/algarve7","https:\/\/www.pinterest.pt\/geral0939\/_created\/"]},{"@type":"Person","@id":"https:\/\/algarve7.pt\/#\/schema\/person\/23fa70681308e7b319a3204bcea45e0c","name":"Algarve 7","sameAs":["https:\/\/algarve7.pt","https:\/\/www.facebook.com\/algarve7"],"url":"https:\/\/algarve7.pt\/index.php\/author\/geralalgarve7-pt\/"}]}},"jetpack_publicize_connections":[],"jetpack_featured_media_url":"https:\/\/algarve7.pt\/wp-content\/uploads\/2022\/06\/primage_62222.jpg","jetpack_shortlink":"https:\/\/wp.me\/pcezmW-51A","jetpack_sharing_enabled":true,"_links":{"self":[{"href":"https:\/\/algarve7.pt\/index.php\/wp-json\/wp\/v2\/posts\/19318","targetHints":{"allow":["GET"]}}],"collection":[{"href":"https:\/\/algarve7.pt\/index.php\/wp-json\/wp\/v2\/posts"}],"about":[{"href":"https:\/\/algarve7.pt\/index.php\/wp-json\/wp\/v2\/types\/post"}],"author":[{"embeddable":true,"href":"https:\/\/algarve7.pt\/index.php\/wp-json\/wp\/v2\/users\/1"}],"replies":[{"embeddable":true,"href":"https:\/\/algarve7.pt\/index.php\/wp-json\/wp\/v2\/comments?post=19318"}],"version-history":[{"count":0,"href":"https:\/\/algarve7.pt\/index.php\/wp-json\/wp\/v2\/posts\/19318\/revisions"}],"wp:featuredmedia":[{"embeddable":true,"href":"https:\/\/algarve7.pt\/index.php\/wp-json\/wp\/v2\/media\/19319"}],"wp:attachment":[{"href":"https:\/\/algarve7.pt\/index.php\/wp-json\/wp\/v2\/media?parent=19318"}],"wp:term":[{"taxonomy":"category","embeddable":true,"href":"https:\/\/algarve7.pt\/index.php\/wp-json\/wp\/v2\/categories?post=19318"},{"taxonomy":"post_tag","embeddable":true,"href":"https:\/\/algarve7.pt\/index.php\/wp-json\/wp\/v2\/tags?post=19318"}],"curies":[{"name":"wp","href":"https:\/\/api.w.org\/{rel}","templated":true}]}}