{"id":19188,"date":"2022-06-04T09:01:00","date_gmt":"2022-06-04T08:01:00","guid":{"rendered":"https:\/\/algarve7.pt\/?p=19188"},"modified":"2022-06-03T09:01:46","modified_gmt":"2022-06-03T08:01:46","slug":"alunos-da-eht-portimao-conquistam-2o-lugar-no-concurso-maestro-del-espresso-illy","status":"publish","type":"post","link":"https:\/\/algarve7.pt\/index.php\/2022\/06\/alunos-da-eht-portimao-conquistam-2o-lugar-no-concurso-maestro-del-espresso-illy\/turismo\/09\/01\/","title":{"rendered":"Alunos da EHT Portim\u00e3o conquistam 2\u00ba lugar no concurso Maestro del Espresso Illy"},"content":{"rendered":"\n<p>O dia 26 de maio ficou marcado pela conquista de dois importantes pr\u00e9mios para os alunos da Escola de Hotelaria e Turismo de Portim\u00e3o.<\/p>\n\n\n\n<p>Tawany Andrade, aluna finalista do curso de T\u00e9cnico(a) de Restaurante\/ Bar, conquistou o 2\u00ba lugar no concurso <em>Maestro del Espresso Illy,<\/em> que se realizou na cidade de Lisboa. A sul, Ricardo Castro e Pedro Ara\u00fajo, alunos do curso de Gest\u00e3o e Produ\u00e7\u00e3o de Cozinha, conquistaram tamb\u00e9m um 2\u00ba lugar na final do 3\u00ba <em>Bootcamp<\/em> de Acelera\u00e7\u00e3o, promovido pela <em>StartUp<\/em> Portim\u00e3o, no Museu de Portim\u00e3o.<\/p>\n\n\n\n<p>O concurso <em>Maestro del Espresso Illy<\/em> \u00e9 uma&nbsp;conceituada competi\u00e7\u00e3o de&nbsp;barismo, organizada pelo fabricante italiano de caf\u00e9 ILLY. A competi\u00e7\u00e3o&nbsp;reuniu os seis finalistas ib\u00e9ricos que tiveram de preparar, perante um j\u00fari composto por quatro&nbsp;elementos, dois caf\u00e9s expressos perfeitos e dois aut\u00eanticos <em>cappuccinos<\/em>, em apenas 10 minutos. A aluna Tawany refere que \u201cesta conquista tem um significado muito especial, pois \u00e9 a recompensa do esfor\u00e7o e dedica\u00e7\u00e3o que tive ao longo deste tempo, em que sempre me senti acompanhada e apoiada pela Escola. Ganhar um segundo pr\u00e9mio \u00e9 muito gratificante, por\u00e9m, a partilha de experi\u00eancias e os conhecimentos adquiridos \u00e9 algo bastante enriquecedor\u201d.<\/p>\n\n\n\n<p>A <em>illycaff\u00e8<\/em> e a<em> Spaziale Sa<\/em> est\u00e3o empenhadas em formar jovens baristas e fomentar a cultura do caf\u00e9 expresso entre os alunos das principais escolas de hotelaria e restaura\u00e7\u00e3o da Pen\u00ednsula Ib\u00e9rica.<\/p>\n\n\n\n<p>Estas empresas oferecem \u00e0s escolas uma forma\u00e7\u00e3o exaustiva com os conceitos te\u00f3ricos para reconhecer um produto de qualidade e partilham os 50 par\u00e2metros que devem ser respeitados e controlados para uma correta&nbsp;transforma\u00e7\u00e3o e elabora\u00e7\u00e3o de um expresso perfeito, base de qualquer combina\u00e7\u00e3o de caf\u00e9.<\/p>\n\n\n\n<p>No mesmo dia, os alunos Ricardo Castro e Pedro Ara\u00fajo participaram no 3\u00ba <em>Bootcamp<\/em> de Acelera\u00e7\u00e3o <em>Online<\/em> no Algarve, promovido pela <em>Startup<\/em> Portim\u00e3o, tendo conseguido chegar ao 2\u00ba lugar do p\u00f3dio com o projeto <em>Central Cook<\/em>. Este projeto, que foi criado no decorrer deste ano letivo na disciplina de Iniciativa Empresarial e Empreendedorismo, no \u00e2mbito do programa <em>StartUp<\/em> da <em>J\u00fanior Achivement Portugal<\/em>, consiste num servi\u00e7o de aluguer tempor\u00e1rio de espa\u00e7os de cozinha industriais, equipados e licenciados, para empreendedores que queiram iniciar o seu neg\u00f3cio e que n\u00e3o tenham o capital necess\u00e1rio para o investimento.<\/p>\n\n\n\n<p>Durante os quatro dias do <em>Bootcamp<\/em> foram dinamizadas aulas te\u00f3ricas e pr\u00e1ticas sobre modelo de neg\u00f3cio, plano financeiro, <em>marketing<\/em>, capta\u00e7\u00e3o de investimento, <em>pitching<\/em> e apresenta\u00e7\u00e3o. Ao longo deste per\u00edodo, os alunos contaram ainda com o acompanhamento de mentores especializados que os orientaram em diversas quest\u00f5es, incluindo o <em>pitch<\/em> final para a apresenta\u00e7\u00e3o do projeto, que decorreu no audit\u00f3rio do Museu de Portim\u00e3o.<\/p>\n","protected":false},"excerpt":{"rendered":"<p>O dia 26 de maio ficou marcado pela conquista de dois importantes pr\u00e9mios para os alunos da Escola de Hotelaria<\/p>\n","protected":false},"author":1,"featured_media":19189,"comment_status":"closed","ping_status":"open","sticky":false,"template":"","format":"standard","meta":{"colormag_page_container_layout":"default_layout","colormag_page_sidebar_layout":"default_layout","_monsterinsights_skip_tracking":false,"_monsterinsights_sitenote_active":false,"_monsterinsights_sitenote_note":"","_monsterinsights_sitenote_category":0,"jetpack_post_was_ever_published":false,"_jetpack_newsletter_access":"","_jetpack_dont_email_post_to_subs":false,"_jetpack_newsletter_tier_id":0,"_jetpack_memberships_contains_paywalled_content":false,"_jetpack_memberships_contains_paid_content":false,"footnotes":"","jetpack_publicize_message":"","jetpack_publicize_feature_enabled":true,"jetpack_social_post_already_shared":true,"jetpack_social_options":{"image_generator_settings":{"template":"highway","default_image_id":0,"font":"","enabled":false},"version":2}},"categories":[17],"tags":[36,146,45],"class_list":["post-19188","post","type-post","status-publish","format-standard","has-post-thumbnail","hentry","category-turismo","tag-algarve","tag-concurso","tag-turismo"],"yoast_head":"<!-- This site is optimized with the Yoast SEO plugin v27.5 - https:\/\/yoast.com\/product\/yoast-seo-wordpress\/ -->\n<title>Alunos da EHT Portim\u00e3o conquistam 2\u00ba lugar no concurso Maestro del Espresso Illy - Algarve 7<\/title>\n<meta name=\"description\" content=\"Alunos da EHT Portim\u00e3o conquistam 2\u00ba lugar no concurso Maestro del Espresso Illy Turismo\" \/>\n<meta name=\"robots\" content=\"index, follow, max-snippet:-1, max-image-preview:large, max-video-preview:-1\" \/>\n<link rel=\"canonical\" href=\"https:\/\/algarve7.pt\/index.php\/2022\/06\/alunos-da-eht-portimao-conquistam-2o-lugar-no-concurso-maestro-del-espresso-illy\/turismo\/09\/01\/\" \/>\n<meta property=\"og:locale\" content=\"pt_PT\" \/>\n<meta property=\"og:type\" content=\"article\" \/>\n<meta property=\"og:title\" content=\"Alunos da EHT Portim\u00e3o conquistam 2\u00ba lugar no concurso Maestro del Espresso Illy - Algarve 7\" \/>\n<meta property=\"og:description\" content=\"Alunos da EHT Portim\u00e3o conquistam 2\u00ba lugar no concurso Maestro del Espresso Illy Turismo\" \/>\n<meta property=\"og:url\" content=\"https:\/\/algarve7.pt\/index.php\/2022\/06\/alunos-da-eht-portimao-conquistam-2o-lugar-no-concurso-maestro-del-espresso-illy\/turismo\/09\/01\/\" \/>\n<meta property=\"og:site_name\" content=\"Algarve 7\" \/>\n<meta property=\"article:publisher\" content=\"https:\/\/www.facebook.com\/algarve7\" \/>\n<meta property=\"article:author\" content=\"https:\/\/www.facebook.com\/algarve7\" \/>\n<meta property=\"article:published_time\" content=\"2022-06-04T08:01:00+00:00\" \/>\n<meta property=\"og:image\" content=\"https:\/\/algarve7.pt\/wp-content\/uploads\/2022\/06\/TawanyAndrade_ConcursoIlly_EHTPortimao-e1654243267105.jpg\" \/>\n\t<meta property=\"og:image:width\" content=\"915\" \/>\n\t<meta property=\"og:image:height\" content=\"742\" \/>\n\t<meta property=\"og:image:type\" content=\"image\/jpeg\" \/>\n<meta name=\"author\" content=\"Algarve 7\" \/>\n<meta name=\"twitter:card\" content=\"summary_large_image\" \/>\n<meta name=\"twitter:creator\" content=\"@Algarvesete\" \/>\n<meta name=\"twitter:site\" content=\"@Algarvesete\" \/>\n<meta name=\"twitter:label1\" content=\"Escrito por\" \/>\n\t<meta name=\"twitter:data1\" content=\"Algarve 7\" \/>\n\t<meta name=\"twitter:label2\" content=\"Tempo estimado de leitura\" \/>\n\t<meta name=\"twitter:data2\" content=\"3 minutos\" \/>\n<script type=\"application\/ld+json\" class=\"yoast-schema-graph\">{\"@context\":\"https:\\\/\\\/schema.org\",\"@graph\":[{\"@type\":\"Article\",\"@id\":\"https:\\\/\\\/algarve7.pt\\\/index.php\\\/2022\\\/06\\\/alunos-da-eht-portimao-conquistam-2o-lugar-no-concurso-maestro-del-espresso-illy\\\/turismo\\\/09\\\/01\\\/#article\",\"isPartOf\":{\"@id\":\"https:\\\/\\\/algarve7.pt\\\/index.php\\\/2022\\\/06\\\/alunos-da-eht-portimao-conquistam-2o-lugar-no-concurso-maestro-del-espresso-illy\\\/turismo\\\/09\\\/01\\\/\"},\"author\":{\"name\":\"Algarve 7\",\"@id\":\"https:\\\/\\\/algarve7.pt\\\/#\\\/schema\\\/person\\\/23fa70681308e7b319a3204bcea45e0c\"},\"headline\":\"Alunos da EHT Portim\u00e3o conquistam 2\u00ba lugar no concurso Maestro del Espresso Illy\",\"datePublished\":\"2022-06-04T08:01:00+00:00\",\"mainEntityOfPage\":{\"@id\":\"https:\\\/\\\/algarve7.pt\\\/index.php\\\/2022\\\/06\\\/alunos-da-eht-portimao-conquistam-2o-lugar-no-concurso-maestro-del-espresso-illy\\\/turismo\\\/09\\\/01\\\/\"},\"wordCount\":485,\"publisher\":{\"@id\":\"https:\\\/\\\/algarve7.pt\\\/#organization\"},\"image\":{\"@id\":\"https:\\\/\\\/algarve7.pt\\\/index.php\\\/2022\\\/06\\\/alunos-da-eht-portimao-conquistam-2o-lugar-no-concurso-maestro-del-espresso-illy\\\/turismo\\\/09\\\/01\\\/#primaryimage\"},\"thumbnailUrl\":\"https:\\\/\\\/algarve7.pt\\\/wp-content\\\/uploads\\\/2022\\\/06\\\/TawanyAndrade_ConcursoIlly_EHTPortimao-e1654243267105.jpg\",\"keywords\":[\"Algarve\",\"Concurso\",\"Turismo\"],\"articleSection\":[\"Turismo\"],\"inLanguage\":\"pt-PT\"},{\"@type\":\"WebPage\",\"@id\":\"https:\\\/\\\/algarve7.pt\\\/index.php\\\/2022\\\/06\\\/alunos-da-eht-portimao-conquistam-2o-lugar-no-concurso-maestro-del-espresso-illy\\\/turismo\\\/09\\\/01\\\/\",\"url\":\"https:\\\/\\\/algarve7.pt\\\/index.php\\\/2022\\\/06\\\/alunos-da-eht-portimao-conquistam-2o-lugar-no-concurso-maestro-del-espresso-illy\\\/turismo\\\/09\\\/01\\\/\",\"name\":\"Alunos da EHT Portim\u00e3o conquistam 2\u00ba lugar no concurso Maestro del Espresso Illy - Algarve 7\",\"isPartOf\":{\"@id\":\"https:\\\/\\\/algarve7.pt\\\/#website\"},\"primaryImageOfPage\":{\"@id\":\"https:\\\/\\\/algarve7.pt\\\/index.php\\\/2022\\\/06\\\/alunos-da-eht-portimao-conquistam-2o-lugar-no-concurso-maestro-del-espresso-illy\\\/turismo\\\/09\\\/01\\\/#primaryimage\"},\"image\":{\"@id\":\"https:\\\/\\\/algarve7.pt\\\/index.php\\\/2022\\\/06\\\/alunos-da-eht-portimao-conquistam-2o-lugar-no-concurso-maestro-del-espresso-illy\\\/turismo\\\/09\\\/01\\\/#primaryimage\"},\"thumbnailUrl\":\"https:\\\/\\\/algarve7.pt\\\/wp-content\\\/uploads\\\/2022\\\/06\\\/TawanyAndrade_ConcursoIlly_EHTPortimao-e1654243267105.jpg\",\"datePublished\":\"2022-06-04T08:01:00+00:00\",\"description\":\"Alunos da EHT Portim\u00e3o conquistam 2\u00ba lugar no concurso Maestro del Espresso Illy Turismo\",\"breadcrumb\":{\"@id\":\"https:\\\/\\\/algarve7.pt\\\/index.php\\\/2022\\\/06\\\/alunos-da-eht-portimao-conquistam-2o-lugar-no-concurso-maestro-del-espresso-illy\\\/turismo\\\/09\\\/01\\\/#breadcrumb\"},\"inLanguage\":\"pt-PT\",\"potentialAction\":[{\"@type\":\"ReadAction\",\"target\":[\"https:\\\/\\\/algarve7.pt\\\/index.php\\\/2022\\\/06\\\/alunos-da-eht-portimao-conquistam-2o-lugar-no-concurso-maestro-del-espresso-illy\\\/turismo\\\/09\\\/01\\\/\"]}]},{\"@type\":\"ImageObject\",\"inLanguage\":\"pt-PT\",\"@id\":\"https:\\\/\\\/algarve7.pt\\\/index.php\\\/2022\\\/06\\\/alunos-da-eht-portimao-conquistam-2o-lugar-no-concurso-maestro-del-espresso-illy\\\/turismo\\\/09\\\/01\\\/#primaryimage\",\"url\":\"https:\\\/\\\/algarve7.pt\\\/wp-content\\\/uploads\\\/2022\\\/06\\\/TawanyAndrade_ConcursoIlly_EHTPortimao-e1654243267105.jpg\",\"contentUrl\":\"https:\\\/\\\/algarve7.pt\\\/wp-content\\\/uploads\\\/2022\\\/06\\\/TawanyAndrade_ConcursoIlly_EHTPortimao-e1654243267105.jpg\",\"width\":915,\"height\":742},{\"@type\":\"BreadcrumbList\",\"@id\":\"https:\\\/\\\/algarve7.pt\\\/index.php\\\/2022\\\/06\\\/alunos-da-eht-portimao-conquistam-2o-lugar-no-concurso-maestro-del-espresso-illy\\\/turismo\\\/09\\\/01\\\/#breadcrumb\",\"itemListElement\":[{\"@type\":\"ListItem\",\"position\":1,\"name\":\"In\u00edcio\",\"item\":\"https:\\\/\\\/algarve7.pt\\\/\"},{\"@type\":\"ListItem\",\"position\":2,\"name\":\"Alunos da EHT Portim\u00e3o conquistam 2\u00ba lugar no concurso Maestro del Espresso Illy\"}]},{\"@type\":\"WebSite\",\"@id\":\"https:\\\/\\\/algarve7.pt\\\/#website\",\"url\":\"https:\\\/\\\/algarve7.pt\\\/\",\"name\":\"Algarve 7\",\"description\":\"Informa\u00e7\u00e3o sobre o Algarve\",\"publisher\":{\"@id\":\"https:\\\/\\\/algarve7.pt\\\/#organization\"},\"potentialAction\":[{\"@type\":\"SearchAction\",\"target\":{\"@type\":\"EntryPoint\",\"urlTemplate\":\"https:\\\/\\\/algarve7.pt\\\/?s={search_term_string}\"},\"query-input\":{\"@type\":\"PropertyValueSpecification\",\"valueRequired\":true,\"valueName\":\"search_term_string\"}}],\"inLanguage\":\"pt-PT\"},{\"@type\":\"Organization\",\"@id\":\"https:\\\/\\\/algarve7.pt\\\/#organization\",\"name\":\"Algarve 7\",\"url\":\"https:\\\/\\\/algarve7.pt\\\/\",\"logo\":{\"@type\":\"ImageObject\",\"inLanguage\":\"pt-PT\",\"@id\":\"https:\\\/\\\/algarve7.pt\\\/#\\\/schema\\\/logo\\\/image\\\/\",\"url\":\"https:\\\/\\\/algarve7.pt\\\/wp-content\\\/uploads\\\/2020\\\/10\\\/Logo-8.jpg\",\"contentUrl\":\"https:\\\/\\\/algarve7.pt\\\/wp-content\\\/uploads\\\/2020\\\/10\\\/Logo-8.jpg\",\"width\":1680,\"height\":1186,\"caption\":\"Algarve 7\"},\"image\":{\"@id\":\"https:\\\/\\\/algarve7.pt\\\/#\\\/schema\\\/logo\\\/image\\\/\"},\"sameAs\":[\"https:\\\/\\\/www.facebook.com\\\/algarve7\",\"https:\\\/\\\/x.com\\\/Algarvesete\",\"https:\\\/\\\/www.instagram.com\\\/jornalalgarve7\\\/\",\"https:\\\/\\\/www.linkedin.com\\\/company\\\/algarve7\",\"https:\\\/\\\/www.pinterest.pt\\\/geral0939\\\/_created\\\/\"]},{\"@type\":\"Person\",\"@id\":\"https:\\\/\\\/algarve7.pt\\\/#\\\/schema\\\/person\\\/23fa70681308e7b319a3204bcea45e0c\",\"name\":\"Algarve 7\",\"sameAs\":[\"https:\\\/\\\/algarve7.pt\",\"https:\\\/\\\/www.facebook.com\\\/algarve7\"],\"url\":\"https:\\\/\\\/algarve7.pt\\\/index.php\\\/author\\\/geralalgarve7-pt\\\/\"}]}<\/script>\n<!-- \/ Yoast SEO plugin. -->","yoast_head_json":{"title":"Alunos da EHT Portim\u00e3o conquistam 2\u00ba lugar no concurso Maestro del Espresso Illy - Algarve 7","description":"Alunos da EHT Portim\u00e3o conquistam 2\u00ba lugar no concurso Maestro del Espresso Illy Turismo","robots":{"index":"index","follow":"follow","max-snippet":"max-snippet:-1","max-image-preview":"max-image-preview:large","max-video-preview":"max-video-preview:-1"},"canonical":"https:\/\/algarve7.pt\/index.php\/2022\/06\/alunos-da-eht-portimao-conquistam-2o-lugar-no-concurso-maestro-del-espresso-illy\/turismo\/09\/01\/","og_locale":"pt_PT","og_type":"article","og_title":"Alunos da EHT Portim\u00e3o conquistam 2\u00ba lugar no concurso Maestro del Espresso Illy - Algarve 7","og_description":"Alunos da EHT Portim\u00e3o conquistam 2\u00ba lugar no concurso Maestro del Espresso Illy Turismo","og_url":"https:\/\/algarve7.pt\/index.php\/2022\/06\/alunos-da-eht-portimao-conquistam-2o-lugar-no-concurso-maestro-del-espresso-illy\/turismo\/09\/01\/","og_site_name":"Algarve 7","article_publisher":"https:\/\/www.facebook.com\/algarve7","article_author":"https:\/\/www.facebook.com\/algarve7","article_published_time":"2022-06-04T08:01:00+00:00","og_image":[{"width":915,"height":742,"url":"https:\/\/algarve7.pt\/wp-content\/uploads\/2022\/06\/TawanyAndrade_ConcursoIlly_EHTPortimao-e1654243267105.jpg","type":"image\/jpeg"}],"author":"Algarve 7","twitter_card":"summary_large_image","twitter_creator":"@Algarvesete","twitter_site":"@Algarvesete","twitter_misc":{"Escrito por":"Algarve 7","Tempo estimado de leitura":"3 minutos"},"schema":{"@context":"https:\/\/schema.org","@graph":[{"@type":"Article","@id":"https:\/\/algarve7.pt\/index.php\/2022\/06\/alunos-da-eht-portimao-conquistam-2o-lugar-no-concurso-maestro-del-espresso-illy\/turismo\/09\/01\/#article","isPartOf":{"@id":"https:\/\/algarve7.pt\/index.php\/2022\/06\/alunos-da-eht-portimao-conquistam-2o-lugar-no-concurso-maestro-del-espresso-illy\/turismo\/09\/01\/"},"author":{"name":"Algarve 7","@id":"https:\/\/algarve7.pt\/#\/schema\/person\/23fa70681308e7b319a3204bcea45e0c"},"headline":"Alunos da EHT Portim\u00e3o conquistam 2\u00ba lugar no concurso Maestro del Espresso Illy","datePublished":"2022-06-04T08:01:00+00:00","mainEntityOfPage":{"@id":"https:\/\/algarve7.pt\/index.php\/2022\/06\/alunos-da-eht-portimao-conquistam-2o-lugar-no-concurso-maestro-del-espresso-illy\/turismo\/09\/01\/"},"wordCount":485,"publisher":{"@id":"https:\/\/algarve7.pt\/#organization"},"image":{"@id":"https:\/\/algarve7.pt\/index.php\/2022\/06\/alunos-da-eht-portimao-conquistam-2o-lugar-no-concurso-maestro-del-espresso-illy\/turismo\/09\/01\/#primaryimage"},"thumbnailUrl":"https:\/\/algarve7.pt\/wp-content\/uploads\/2022\/06\/TawanyAndrade_ConcursoIlly_EHTPortimao-e1654243267105.jpg","keywords":["Algarve","Concurso","Turismo"],"articleSection":["Turismo"],"inLanguage":"pt-PT"},{"@type":"WebPage","@id":"https:\/\/algarve7.pt\/index.php\/2022\/06\/alunos-da-eht-portimao-conquistam-2o-lugar-no-concurso-maestro-del-espresso-illy\/turismo\/09\/01\/","url":"https:\/\/algarve7.pt\/index.php\/2022\/06\/alunos-da-eht-portimao-conquistam-2o-lugar-no-concurso-maestro-del-espresso-illy\/turismo\/09\/01\/","name":"Alunos da EHT Portim\u00e3o conquistam 2\u00ba lugar no concurso Maestro del Espresso Illy - Algarve 7","isPartOf":{"@id":"https:\/\/algarve7.pt\/#website"},"primaryImageOfPage":{"@id":"https:\/\/algarve7.pt\/index.php\/2022\/06\/alunos-da-eht-portimao-conquistam-2o-lugar-no-concurso-maestro-del-espresso-illy\/turismo\/09\/01\/#primaryimage"},"image":{"@id":"https:\/\/algarve7.pt\/index.php\/2022\/06\/alunos-da-eht-portimao-conquistam-2o-lugar-no-concurso-maestro-del-espresso-illy\/turismo\/09\/01\/#primaryimage"},"thumbnailUrl":"https:\/\/algarve7.pt\/wp-content\/uploads\/2022\/06\/TawanyAndrade_ConcursoIlly_EHTPortimao-e1654243267105.jpg","datePublished":"2022-06-04T08:01:00+00:00","description":"Alunos da EHT Portim\u00e3o conquistam 2\u00ba lugar no concurso Maestro del Espresso Illy Turismo","breadcrumb":{"@id":"https:\/\/algarve7.pt\/index.php\/2022\/06\/alunos-da-eht-portimao-conquistam-2o-lugar-no-concurso-maestro-del-espresso-illy\/turismo\/09\/01\/#breadcrumb"},"inLanguage":"pt-PT","potentialAction":[{"@type":"ReadAction","target":["https:\/\/algarve7.pt\/index.php\/2022\/06\/alunos-da-eht-portimao-conquistam-2o-lugar-no-concurso-maestro-del-espresso-illy\/turismo\/09\/01\/"]}]},{"@type":"ImageObject","inLanguage":"pt-PT","@id":"https:\/\/algarve7.pt\/index.php\/2022\/06\/alunos-da-eht-portimao-conquistam-2o-lugar-no-concurso-maestro-del-espresso-illy\/turismo\/09\/01\/#primaryimage","url":"https:\/\/algarve7.pt\/wp-content\/uploads\/2022\/06\/TawanyAndrade_ConcursoIlly_EHTPortimao-e1654243267105.jpg","contentUrl":"https:\/\/algarve7.pt\/wp-content\/uploads\/2022\/06\/TawanyAndrade_ConcursoIlly_EHTPortimao-e1654243267105.jpg","width":915,"height":742},{"@type":"BreadcrumbList","@id":"https:\/\/algarve7.pt\/index.php\/2022\/06\/alunos-da-eht-portimao-conquistam-2o-lugar-no-concurso-maestro-del-espresso-illy\/turismo\/09\/01\/#breadcrumb","itemListElement":[{"@type":"ListItem","position":1,"name":"In\u00edcio","item":"https:\/\/algarve7.pt\/"},{"@type":"ListItem","position":2,"name":"Alunos da EHT Portim\u00e3o conquistam 2\u00ba lugar no concurso Maestro del Espresso Illy"}]},{"@type":"WebSite","@id":"https:\/\/algarve7.pt\/#website","url":"https:\/\/algarve7.pt\/","name":"Algarve 7","description":"Informa\u00e7\u00e3o sobre o Algarve","publisher":{"@id":"https:\/\/algarve7.pt\/#organization"},"potentialAction":[{"@type":"SearchAction","target":{"@type":"EntryPoint","urlTemplate":"https:\/\/algarve7.pt\/?s={search_term_string}"},"query-input":{"@type":"PropertyValueSpecification","valueRequired":true,"valueName":"search_term_string"}}],"inLanguage":"pt-PT"},{"@type":"Organization","@id":"https:\/\/algarve7.pt\/#organization","name":"Algarve 7","url":"https:\/\/algarve7.pt\/","logo":{"@type":"ImageObject","inLanguage":"pt-PT","@id":"https:\/\/algarve7.pt\/#\/schema\/logo\/image\/","url":"https:\/\/algarve7.pt\/wp-content\/uploads\/2020\/10\/Logo-8.jpg","contentUrl":"https:\/\/algarve7.pt\/wp-content\/uploads\/2020\/10\/Logo-8.jpg","width":1680,"height":1186,"caption":"Algarve 7"},"image":{"@id":"https:\/\/algarve7.pt\/#\/schema\/logo\/image\/"},"sameAs":["https:\/\/www.facebook.com\/algarve7","https:\/\/x.com\/Algarvesete","https:\/\/www.instagram.com\/jornalalgarve7\/","https:\/\/www.linkedin.com\/company\/algarve7","https:\/\/www.pinterest.pt\/geral0939\/_created\/"]},{"@type":"Person","@id":"https:\/\/algarve7.pt\/#\/schema\/person\/23fa70681308e7b319a3204bcea45e0c","name":"Algarve 7","sameAs":["https:\/\/algarve7.pt","https:\/\/www.facebook.com\/algarve7"],"url":"https:\/\/algarve7.pt\/index.php\/author\/geralalgarve7-pt\/"}]}},"jetpack_publicize_connections":[],"jetpack_featured_media_url":"https:\/\/algarve7.pt\/wp-content\/uploads\/2022\/06\/TawanyAndrade_ConcursoIlly_EHTPortimao-e1654243267105.jpg","jetpack_shortlink":"https:\/\/wp.me\/pcezmW-4Zu","jetpack_sharing_enabled":true,"_links":{"self":[{"href":"https:\/\/algarve7.pt\/index.php\/wp-json\/wp\/v2\/posts\/19188","targetHints":{"allow":["GET"]}}],"collection":[{"href":"https:\/\/algarve7.pt\/index.php\/wp-json\/wp\/v2\/posts"}],"about":[{"href":"https:\/\/algarve7.pt\/index.php\/wp-json\/wp\/v2\/types\/post"}],"author":[{"embeddable":true,"href":"https:\/\/algarve7.pt\/index.php\/wp-json\/wp\/v2\/users\/1"}],"replies":[{"embeddable":true,"href":"https:\/\/algarve7.pt\/index.php\/wp-json\/wp\/v2\/comments?post=19188"}],"version-history":[{"count":0,"href":"https:\/\/algarve7.pt\/index.php\/wp-json\/wp\/v2\/posts\/19188\/revisions"}],"wp:featuredmedia":[{"embeddable":true,"href":"https:\/\/algarve7.pt\/index.php\/wp-json\/wp\/v2\/media\/19189"}],"wp:attachment":[{"href":"https:\/\/algarve7.pt\/index.php\/wp-json\/wp\/v2\/media?parent=19188"}],"wp:term":[{"taxonomy":"category","embeddable":true,"href":"https:\/\/algarve7.pt\/index.php\/wp-json\/wp\/v2\/categories?post=19188"},{"taxonomy":"post_tag","embeddable":true,"href":"https:\/\/algarve7.pt\/index.php\/wp-json\/wp\/v2\/tags?post=19188"}],"curies":[{"name":"wp","href":"https:\/\/api.w.org\/{rel}","templated":true}]}}