{"id":19070,"date":"2022-05-31T10:45:00","date_gmt":"2022-05-31T09:45:00","guid":{"rendered":"https:\/\/algarve7.pt\/?p=19070"},"modified":"2022-05-31T08:29:53","modified_gmt":"2022-05-31T07:29:53","slug":"comissao-regional-de-formacao-para-o-setor-do-turismo-aponta-estrategias","status":"publish","type":"post","link":"https:\/\/algarve7.pt\/index.php\/2022\/05\/comissao-regional-de-formacao-para-o-setor-do-turismo-aponta-estrategias\/turismo\/10\/45\/","title":{"rendered":"Comiss\u00e3o regional de forma\u00e7\u00e3o para o setor do turismo aponta estrat\u00e9gias"},"content":{"rendered":"\n<p>Benef\u00edcios laborais ajustadas \u00e0s expectativas dos jovens, colabora\u00e7\u00e3o entre todos os agentes do setor no trabalho de atra\u00e7\u00e3o de jovens para estudar Turismo, valoriza\u00e7\u00e3o e aumento do prest\u00edgio das profiss\u00f5es da ind\u00fastria tur\u00edstica e qualifica\u00e7\u00e3o dos profissionais j\u00e1 no mercado de trabalho foram algumas das quest\u00f5es debatidas na reuni\u00e3o da Comiss\u00e3o Regional de Forma\u00e7\u00e3o para o Setor do Turismo promovida pela Escola de Hotelaria e Turismo do Algarve no passado dia 26 de maio.&nbsp;<\/p>\n\n\n\n<p>Foi a segunda reuni\u00e3o desta Comiss\u00e3o Regional, da qual fazem parte perto de duas dezenas de entidades p\u00fablicas e privadas, ligadas direta ou indiretamente a esta ind\u00fastria. &nbsp;<\/p>\n\n\n\n<p>Perceber e identificar as&nbsp;necessidades de forma\u00e7\u00e3o na \u00e1rea do Turismo e participar na defini\u00e7\u00e3o e implementa\u00e7\u00e3o da estrat\u00e9gia de forma\u00e7\u00e3o \u00e9 o grande objetivo da Comiss\u00e3o Regional de Forma\u00e7\u00e3o para o Setor do Turismo. &nbsp;<\/p>\n\n\n\n<p>Para al\u00e9m do balan\u00e7o e de uma radiografia ao ano letivo 2021\/2022 foi tamb\u00e9m perspetivado o futuro, tendo em conta a retoma do Turismo, a atual falta de recursos humanos e a necess\u00e1ria capacidade de atra\u00e7\u00e3o dos jovens para este setor.&nbsp;<\/p>\n\n\n\n<p>\u00abAtrair jovens para estudar Turismo e Hotelaria \u00e9 um desafio atual e muito s\u00e9rio. Muitas entidades n\u00e3o t\u00eam a perce\u00e7\u00e3o de que esta problem\u00e1tica come\u00e7a logo a montante. Esta \u00e9 uma preocupa\u00e7\u00e3o real pois a falta de interesse dos jovens refletir-se-\u00e1 no futuro da nossa regi\u00e3o e ter\u00e1 como principal impacto a falta de recursos humanos no setor do Turismo. \u00c9 muito importante trabalharmos em conjunto para a capta\u00e7\u00e3o dos jovens e na reten\u00e7\u00e3o de talentos. Foi este pedido de coopera\u00e7\u00e3o que lan\u00e7\u00e1mos\u00bb, refere Paula Vicente, Diretora da Escola de Hotelaria e Turismo do Algarve.&nbsp;&nbsp;<\/p>\n\n\n\n<p>&nbsp;A melhoria das condi\u00e7\u00f5es de trabalho, com mais benef\u00edcios sociais e culturais, mais tempo livre, apoios \u00e0 fixa\u00e7\u00e3o no territ\u00f3rio e mobilidade, foram algumas das ideias lan\u00e7adas e debatidas, como forma de voltar a tornar as profiss\u00f5es ligada ao Turismo, atrativas e prestigiantes.&nbsp;&nbsp;&nbsp;<\/p>\n\n\n\n<p>As Comiss\u00f5es Regionais de Forma\u00e7\u00e3o para o Setor do Turismo, que re\u00fanem periodicamente, foram criadas em 2019, por Decreto-Lei, no \u00e2mbito do novo regime de autonomia, administra\u00e7\u00e3o e gest\u00e3o das 12 escolas de hotelaria e turismo do Turismo de Portugal.&nbsp;&nbsp;&nbsp;<\/p>\n","protected":false},"excerpt":{"rendered":"<p>Benef\u00edcios laborais ajustadas \u00e0s expectativas dos jovens, colabora\u00e7\u00e3o entre todos os agentes do setor no trabalho de atra\u00e7\u00e3o de jovens<\/p>\n","protected":false},"author":1,"featured_media":19071,"comment_status":"closed","ping_status":"open","sticky":false,"template":"","format":"standard","meta":{"colormag_page_container_layout":"default_layout","colormag_page_sidebar_layout":"default_layout","_monsterinsights_skip_tracking":false,"_monsterinsights_sitenote_active":false,"_monsterinsights_sitenote_note":"","_monsterinsights_sitenote_category":0,"jetpack_post_was_ever_published":false,"_jetpack_newsletter_access":"","_jetpack_dont_email_post_to_subs":false,"_jetpack_newsletter_tier_id":0,"_jetpack_memberships_contains_paywalled_content":false,"_jetpack_memberships_contains_paid_content":false,"footnotes":"","jetpack_publicize_message":"","jetpack_publicize_feature_enabled":true,"jetpack_social_post_already_shared":true,"jetpack_social_options":{"image_generator_settings":{"template":"highway","default_image_id":0,"font":"","enabled":false},"version":2}},"categories":[17],"tags":[36,45],"class_list":["post-19070","post","type-post","status-publish","format-standard","has-post-thumbnail","hentry","category-turismo","tag-algarve","tag-turismo"],"yoast_head":"<!-- This site is optimized with the Yoast SEO plugin v27.5 - https:\/\/yoast.com\/product\/yoast-seo-wordpress\/ -->\n<title>Comiss\u00e3o regional de forma\u00e7\u00e3o para o setor do turismo aponta estrat\u00e9gias - Algarve 7<\/title>\n<meta name=\"description\" content=\"Comiss\u00e3o regional de forma\u00e7\u00e3o para o setor do turismo aponta estrat\u00e9gias Turismo\" \/>\n<meta name=\"robots\" content=\"index, follow, max-snippet:-1, max-image-preview:large, max-video-preview:-1\" \/>\n<link rel=\"canonical\" href=\"https:\/\/algarve7.pt\/index.php\/2022\/05\/comissao-regional-de-formacao-para-o-setor-do-turismo-aponta-estrategias\/turismo\/10\/45\/\" \/>\n<meta property=\"og:locale\" content=\"pt_PT\" \/>\n<meta property=\"og:type\" content=\"article\" \/>\n<meta property=\"og:title\" content=\"Comiss\u00e3o regional de forma\u00e7\u00e3o para o setor do turismo aponta estrat\u00e9gias - Algarve 7\" \/>\n<meta property=\"og:description\" content=\"Comiss\u00e3o regional de forma\u00e7\u00e3o para o setor do turismo aponta estrat\u00e9gias Turismo\" \/>\n<meta property=\"og:url\" content=\"https:\/\/algarve7.pt\/index.php\/2022\/05\/comissao-regional-de-formacao-para-o-setor-do-turismo-aponta-estrategias\/turismo\/10\/45\/\" \/>\n<meta property=\"og:site_name\" content=\"Algarve 7\" \/>\n<meta property=\"article:publisher\" content=\"https:\/\/www.facebook.com\/algarve7\" \/>\n<meta property=\"article:author\" content=\"https:\/\/www.facebook.com\/algarve7\" \/>\n<meta property=\"article:published_time\" content=\"2022-05-31T09:45:00+00:00\" \/>\n<meta property=\"og:image\" content=\"https:\/\/algarve7.pt\/wp-content\/uploads\/2022\/05\/WhatsApp-Image-2022-05-26-at-15.40.01.jpeg\" \/>\n\t<meta property=\"og:image:width\" content=\"1600\" \/>\n\t<meta property=\"og:image:height\" content=\"900\" \/>\n\t<meta property=\"og:image:type\" content=\"image\/jpeg\" \/>\n<meta name=\"author\" content=\"Algarve 7\" \/>\n<meta name=\"twitter:card\" content=\"summary_large_image\" \/>\n<meta name=\"twitter:creator\" content=\"@Algarvesete\" \/>\n<meta name=\"twitter:site\" content=\"@Algarvesete\" \/>\n<meta name=\"twitter:label1\" content=\"Escrito por\" \/>\n\t<meta name=\"twitter:data1\" content=\"Algarve 7\" \/>\n\t<meta name=\"twitter:label2\" content=\"Tempo estimado de leitura\" \/>\n\t<meta name=\"twitter:data2\" content=\"2 minutos\" \/>\n<script type=\"application\/ld+json\" class=\"yoast-schema-graph\">{\"@context\":\"https:\\\/\\\/schema.org\",\"@graph\":[{\"@type\":\"Article\",\"@id\":\"https:\\\/\\\/algarve7.pt\\\/index.php\\\/2022\\\/05\\\/comissao-regional-de-formacao-para-o-setor-do-turismo-aponta-estrategias\\\/turismo\\\/10\\\/45\\\/#article\",\"isPartOf\":{\"@id\":\"https:\\\/\\\/algarve7.pt\\\/index.php\\\/2022\\\/05\\\/comissao-regional-de-formacao-para-o-setor-do-turismo-aponta-estrategias\\\/turismo\\\/10\\\/45\\\/\"},\"author\":{\"name\":\"Algarve 7\",\"@id\":\"https:\\\/\\\/algarve7.pt\\\/#\\\/schema\\\/person\\\/23fa70681308e7b319a3204bcea45e0c\"},\"headline\":\"Comiss\u00e3o regional de forma\u00e7\u00e3o para o setor do turismo aponta estrat\u00e9gias\",\"datePublished\":\"2022-05-31T09:45:00+00:00\",\"mainEntityOfPage\":{\"@id\":\"https:\\\/\\\/algarve7.pt\\\/index.php\\\/2022\\\/05\\\/comissao-regional-de-formacao-para-o-setor-do-turismo-aponta-estrategias\\\/turismo\\\/10\\\/45\\\/\"},\"wordCount\":426,\"publisher\":{\"@id\":\"https:\\\/\\\/algarve7.pt\\\/#organization\"},\"image\":{\"@id\":\"https:\\\/\\\/algarve7.pt\\\/index.php\\\/2022\\\/05\\\/comissao-regional-de-formacao-para-o-setor-do-turismo-aponta-estrategias\\\/turismo\\\/10\\\/45\\\/#primaryimage\"},\"thumbnailUrl\":\"https:\\\/\\\/algarve7.pt\\\/wp-content\\\/uploads\\\/2022\\\/05\\\/WhatsApp-Image-2022-05-26-at-15.40.01.jpeg\",\"keywords\":[\"Algarve\",\"Turismo\"],\"articleSection\":[\"Turismo\"],\"inLanguage\":\"pt-PT\"},{\"@type\":\"WebPage\",\"@id\":\"https:\\\/\\\/algarve7.pt\\\/index.php\\\/2022\\\/05\\\/comissao-regional-de-formacao-para-o-setor-do-turismo-aponta-estrategias\\\/turismo\\\/10\\\/45\\\/\",\"url\":\"https:\\\/\\\/algarve7.pt\\\/index.php\\\/2022\\\/05\\\/comissao-regional-de-formacao-para-o-setor-do-turismo-aponta-estrategias\\\/turismo\\\/10\\\/45\\\/\",\"name\":\"Comiss\u00e3o regional de forma\u00e7\u00e3o para o setor do turismo aponta estrat\u00e9gias - Algarve 7\",\"isPartOf\":{\"@id\":\"https:\\\/\\\/algarve7.pt\\\/#website\"},\"primaryImageOfPage\":{\"@id\":\"https:\\\/\\\/algarve7.pt\\\/index.php\\\/2022\\\/05\\\/comissao-regional-de-formacao-para-o-setor-do-turismo-aponta-estrategias\\\/turismo\\\/10\\\/45\\\/#primaryimage\"},\"image\":{\"@id\":\"https:\\\/\\\/algarve7.pt\\\/index.php\\\/2022\\\/05\\\/comissao-regional-de-formacao-para-o-setor-do-turismo-aponta-estrategias\\\/turismo\\\/10\\\/45\\\/#primaryimage\"},\"thumbnailUrl\":\"https:\\\/\\\/algarve7.pt\\\/wp-content\\\/uploads\\\/2022\\\/05\\\/WhatsApp-Image-2022-05-26-at-15.40.01.jpeg\",\"datePublished\":\"2022-05-31T09:45:00+00:00\",\"description\":\"Comiss\u00e3o regional de forma\u00e7\u00e3o para o setor do turismo aponta estrat\u00e9gias Turismo\",\"breadcrumb\":{\"@id\":\"https:\\\/\\\/algarve7.pt\\\/index.php\\\/2022\\\/05\\\/comissao-regional-de-formacao-para-o-setor-do-turismo-aponta-estrategias\\\/turismo\\\/10\\\/45\\\/#breadcrumb\"},\"inLanguage\":\"pt-PT\",\"potentialAction\":[{\"@type\":\"ReadAction\",\"target\":[\"https:\\\/\\\/algarve7.pt\\\/index.php\\\/2022\\\/05\\\/comissao-regional-de-formacao-para-o-setor-do-turismo-aponta-estrategias\\\/turismo\\\/10\\\/45\\\/\"]}]},{\"@type\":\"ImageObject\",\"inLanguage\":\"pt-PT\",\"@id\":\"https:\\\/\\\/algarve7.pt\\\/index.php\\\/2022\\\/05\\\/comissao-regional-de-formacao-para-o-setor-do-turismo-aponta-estrategias\\\/turismo\\\/10\\\/45\\\/#primaryimage\",\"url\":\"https:\\\/\\\/algarve7.pt\\\/wp-content\\\/uploads\\\/2022\\\/05\\\/WhatsApp-Image-2022-05-26-at-15.40.01.jpeg\",\"contentUrl\":\"https:\\\/\\\/algarve7.pt\\\/wp-content\\\/uploads\\\/2022\\\/05\\\/WhatsApp-Image-2022-05-26-at-15.40.01.jpeg\",\"width\":1600,\"height\":900},{\"@type\":\"BreadcrumbList\",\"@id\":\"https:\\\/\\\/algarve7.pt\\\/index.php\\\/2022\\\/05\\\/comissao-regional-de-formacao-para-o-setor-do-turismo-aponta-estrategias\\\/turismo\\\/10\\\/45\\\/#breadcrumb\",\"itemListElement\":[{\"@type\":\"ListItem\",\"position\":1,\"name\":\"In\u00edcio\",\"item\":\"https:\\\/\\\/algarve7.pt\\\/\"},{\"@type\":\"ListItem\",\"position\":2,\"name\":\"Comiss\u00e3o regional de forma\u00e7\u00e3o para o setor do turismo aponta estrat\u00e9gias\"}]},{\"@type\":\"WebSite\",\"@id\":\"https:\\\/\\\/algarve7.pt\\\/#website\",\"url\":\"https:\\\/\\\/algarve7.pt\\\/\",\"name\":\"Algarve 7\",\"description\":\"Informa\u00e7\u00e3o sobre o Algarve\",\"publisher\":{\"@id\":\"https:\\\/\\\/algarve7.pt\\\/#organization\"},\"potentialAction\":[{\"@type\":\"SearchAction\",\"target\":{\"@type\":\"EntryPoint\",\"urlTemplate\":\"https:\\\/\\\/algarve7.pt\\\/?s={search_term_string}\"},\"query-input\":{\"@type\":\"PropertyValueSpecification\",\"valueRequired\":true,\"valueName\":\"search_term_string\"}}],\"inLanguage\":\"pt-PT\"},{\"@type\":\"Organization\",\"@id\":\"https:\\\/\\\/algarve7.pt\\\/#organization\",\"name\":\"Algarve 7\",\"url\":\"https:\\\/\\\/algarve7.pt\\\/\",\"logo\":{\"@type\":\"ImageObject\",\"inLanguage\":\"pt-PT\",\"@id\":\"https:\\\/\\\/algarve7.pt\\\/#\\\/schema\\\/logo\\\/image\\\/\",\"url\":\"https:\\\/\\\/algarve7.pt\\\/wp-content\\\/uploads\\\/2020\\\/10\\\/Logo-8.jpg\",\"contentUrl\":\"https:\\\/\\\/algarve7.pt\\\/wp-content\\\/uploads\\\/2020\\\/10\\\/Logo-8.jpg\",\"width\":1680,\"height\":1186,\"caption\":\"Algarve 7\"},\"image\":{\"@id\":\"https:\\\/\\\/algarve7.pt\\\/#\\\/schema\\\/logo\\\/image\\\/\"},\"sameAs\":[\"https:\\\/\\\/www.facebook.com\\\/algarve7\",\"https:\\\/\\\/x.com\\\/Algarvesete\",\"https:\\\/\\\/www.instagram.com\\\/jornalalgarve7\\\/\",\"https:\\\/\\\/www.linkedin.com\\\/company\\\/algarve7\",\"https:\\\/\\\/www.pinterest.pt\\\/geral0939\\\/_created\\\/\"]},{\"@type\":\"Person\",\"@id\":\"https:\\\/\\\/algarve7.pt\\\/#\\\/schema\\\/person\\\/23fa70681308e7b319a3204bcea45e0c\",\"name\":\"Algarve 7\",\"sameAs\":[\"https:\\\/\\\/algarve7.pt\",\"https:\\\/\\\/www.facebook.com\\\/algarve7\"],\"url\":\"https:\\\/\\\/algarve7.pt\\\/index.php\\\/author\\\/geralalgarve7-pt\\\/\"}]}<\/script>\n<!-- \/ Yoast SEO plugin. -->","yoast_head_json":{"title":"Comiss\u00e3o regional de forma\u00e7\u00e3o para o setor do turismo aponta estrat\u00e9gias - Algarve 7","description":"Comiss\u00e3o regional de forma\u00e7\u00e3o para o setor do turismo aponta estrat\u00e9gias Turismo","robots":{"index":"index","follow":"follow","max-snippet":"max-snippet:-1","max-image-preview":"max-image-preview:large","max-video-preview":"max-video-preview:-1"},"canonical":"https:\/\/algarve7.pt\/index.php\/2022\/05\/comissao-regional-de-formacao-para-o-setor-do-turismo-aponta-estrategias\/turismo\/10\/45\/","og_locale":"pt_PT","og_type":"article","og_title":"Comiss\u00e3o regional de forma\u00e7\u00e3o para o setor do turismo aponta estrat\u00e9gias - Algarve 7","og_description":"Comiss\u00e3o regional de forma\u00e7\u00e3o para o setor do turismo aponta estrat\u00e9gias Turismo","og_url":"https:\/\/algarve7.pt\/index.php\/2022\/05\/comissao-regional-de-formacao-para-o-setor-do-turismo-aponta-estrategias\/turismo\/10\/45\/","og_site_name":"Algarve 7","article_publisher":"https:\/\/www.facebook.com\/algarve7","article_author":"https:\/\/www.facebook.com\/algarve7","article_published_time":"2022-05-31T09:45:00+00:00","og_image":[{"width":1600,"height":900,"url":"https:\/\/algarve7.pt\/wp-content\/uploads\/2022\/05\/WhatsApp-Image-2022-05-26-at-15.40.01.jpeg","type":"image\/jpeg"}],"author":"Algarve 7","twitter_card":"summary_large_image","twitter_creator":"@Algarvesete","twitter_site":"@Algarvesete","twitter_misc":{"Escrito por":"Algarve 7","Tempo estimado de leitura":"2 minutos"},"schema":{"@context":"https:\/\/schema.org","@graph":[{"@type":"Article","@id":"https:\/\/algarve7.pt\/index.php\/2022\/05\/comissao-regional-de-formacao-para-o-setor-do-turismo-aponta-estrategias\/turismo\/10\/45\/#article","isPartOf":{"@id":"https:\/\/algarve7.pt\/index.php\/2022\/05\/comissao-regional-de-formacao-para-o-setor-do-turismo-aponta-estrategias\/turismo\/10\/45\/"},"author":{"name":"Algarve 7","@id":"https:\/\/algarve7.pt\/#\/schema\/person\/23fa70681308e7b319a3204bcea45e0c"},"headline":"Comiss\u00e3o regional de forma\u00e7\u00e3o para o setor do turismo aponta estrat\u00e9gias","datePublished":"2022-05-31T09:45:00+00:00","mainEntityOfPage":{"@id":"https:\/\/algarve7.pt\/index.php\/2022\/05\/comissao-regional-de-formacao-para-o-setor-do-turismo-aponta-estrategias\/turismo\/10\/45\/"},"wordCount":426,"publisher":{"@id":"https:\/\/algarve7.pt\/#organization"},"image":{"@id":"https:\/\/algarve7.pt\/index.php\/2022\/05\/comissao-regional-de-formacao-para-o-setor-do-turismo-aponta-estrategias\/turismo\/10\/45\/#primaryimage"},"thumbnailUrl":"https:\/\/algarve7.pt\/wp-content\/uploads\/2022\/05\/WhatsApp-Image-2022-05-26-at-15.40.01.jpeg","keywords":["Algarve","Turismo"],"articleSection":["Turismo"],"inLanguage":"pt-PT"},{"@type":"WebPage","@id":"https:\/\/algarve7.pt\/index.php\/2022\/05\/comissao-regional-de-formacao-para-o-setor-do-turismo-aponta-estrategias\/turismo\/10\/45\/","url":"https:\/\/algarve7.pt\/index.php\/2022\/05\/comissao-regional-de-formacao-para-o-setor-do-turismo-aponta-estrategias\/turismo\/10\/45\/","name":"Comiss\u00e3o regional de forma\u00e7\u00e3o para o setor do turismo aponta estrat\u00e9gias - Algarve 7","isPartOf":{"@id":"https:\/\/algarve7.pt\/#website"},"primaryImageOfPage":{"@id":"https:\/\/algarve7.pt\/index.php\/2022\/05\/comissao-regional-de-formacao-para-o-setor-do-turismo-aponta-estrategias\/turismo\/10\/45\/#primaryimage"},"image":{"@id":"https:\/\/algarve7.pt\/index.php\/2022\/05\/comissao-regional-de-formacao-para-o-setor-do-turismo-aponta-estrategias\/turismo\/10\/45\/#primaryimage"},"thumbnailUrl":"https:\/\/algarve7.pt\/wp-content\/uploads\/2022\/05\/WhatsApp-Image-2022-05-26-at-15.40.01.jpeg","datePublished":"2022-05-31T09:45:00+00:00","description":"Comiss\u00e3o regional de forma\u00e7\u00e3o para o setor do turismo aponta estrat\u00e9gias Turismo","breadcrumb":{"@id":"https:\/\/algarve7.pt\/index.php\/2022\/05\/comissao-regional-de-formacao-para-o-setor-do-turismo-aponta-estrategias\/turismo\/10\/45\/#breadcrumb"},"inLanguage":"pt-PT","potentialAction":[{"@type":"ReadAction","target":["https:\/\/algarve7.pt\/index.php\/2022\/05\/comissao-regional-de-formacao-para-o-setor-do-turismo-aponta-estrategias\/turismo\/10\/45\/"]}]},{"@type":"ImageObject","inLanguage":"pt-PT","@id":"https:\/\/algarve7.pt\/index.php\/2022\/05\/comissao-regional-de-formacao-para-o-setor-do-turismo-aponta-estrategias\/turismo\/10\/45\/#primaryimage","url":"https:\/\/algarve7.pt\/wp-content\/uploads\/2022\/05\/WhatsApp-Image-2022-05-26-at-15.40.01.jpeg","contentUrl":"https:\/\/algarve7.pt\/wp-content\/uploads\/2022\/05\/WhatsApp-Image-2022-05-26-at-15.40.01.jpeg","width":1600,"height":900},{"@type":"BreadcrumbList","@id":"https:\/\/algarve7.pt\/index.php\/2022\/05\/comissao-regional-de-formacao-para-o-setor-do-turismo-aponta-estrategias\/turismo\/10\/45\/#breadcrumb","itemListElement":[{"@type":"ListItem","position":1,"name":"In\u00edcio","item":"https:\/\/algarve7.pt\/"},{"@type":"ListItem","position":2,"name":"Comiss\u00e3o regional de forma\u00e7\u00e3o para o setor do turismo aponta estrat\u00e9gias"}]},{"@type":"WebSite","@id":"https:\/\/algarve7.pt\/#website","url":"https:\/\/algarve7.pt\/","name":"Algarve 7","description":"Informa\u00e7\u00e3o sobre o Algarve","publisher":{"@id":"https:\/\/algarve7.pt\/#organization"},"potentialAction":[{"@type":"SearchAction","target":{"@type":"EntryPoint","urlTemplate":"https:\/\/algarve7.pt\/?s={search_term_string}"},"query-input":{"@type":"PropertyValueSpecification","valueRequired":true,"valueName":"search_term_string"}}],"inLanguage":"pt-PT"},{"@type":"Organization","@id":"https:\/\/algarve7.pt\/#organization","name":"Algarve 7","url":"https:\/\/algarve7.pt\/","logo":{"@type":"ImageObject","inLanguage":"pt-PT","@id":"https:\/\/algarve7.pt\/#\/schema\/logo\/image\/","url":"https:\/\/algarve7.pt\/wp-content\/uploads\/2020\/10\/Logo-8.jpg","contentUrl":"https:\/\/algarve7.pt\/wp-content\/uploads\/2020\/10\/Logo-8.jpg","width":1680,"height":1186,"caption":"Algarve 7"},"image":{"@id":"https:\/\/algarve7.pt\/#\/schema\/logo\/image\/"},"sameAs":["https:\/\/www.facebook.com\/algarve7","https:\/\/x.com\/Algarvesete","https:\/\/www.instagram.com\/jornalalgarve7\/","https:\/\/www.linkedin.com\/company\/algarve7","https:\/\/www.pinterest.pt\/geral0939\/_created\/"]},{"@type":"Person","@id":"https:\/\/algarve7.pt\/#\/schema\/person\/23fa70681308e7b319a3204bcea45e0c","name":"Algarve 7","sameAs":["https:\/\/algarve7.pt","https:\/\/www.facebook.com\/algarve7"],"url":"https:\/\/algarve7.pt\/index.php\/author\/geralalgarve7-pt\/"}]}},"jetpack_publicize_connections":[],"jetpack_featured_media_url":"https:\/\/algarve7.pt\/wp-content\/uploads\/2022\/05\/WhatsApp-Image-2022-05-26-at-15.40.01.jpeg","jetpack_shortlink":"https:\/\/wp.me\/pcezmW-4XA","jetpack_sharing_enabled":true,"_links":{"self":[{"href":"https:\/\/algarve7.pt\/index.php\/wp-json\/wp\/v2\/posts\/19070","targetHints":{"allow":["GET"]}}],"collection":[{"href":"https:\/\/algarve7.pt\/index.php\/wp-json\/wp\/v2\/posts"}],"about":[{"href":"https:\/\/algarve7.pt\/index.php\/wp-json\/wp\/v2\/types\/post"}],"author":[{"embeddable":true,"href":"https:\/\/algarve7.pt\/index.php\/wp-json\/wp\/v2\/users\/1"}],"replies":[{"embeddable":true,"href":"https:\/\/algarve7.pt\/index.php\/wp-json\/wp\/v2\/comments?post=19070"}],"version-history":[{"count":0,"href":"https:\/\/algarve7.pt\/index.php\/wp-json\/wp\/v2\/posts\/19070\/revisions"}],"wp:featuredmedia":[{"embeddable":true,"href":"https:\/\/algarve7.pt\/index.php\/wp-json\/wp\/v2\/media\/19071"}],"wp:attachment":[{"href":"https:\/\/algarve7.pt\/index.php\/wp-json\/wp\/v2\/media?parent=19070"}],"wp:term":[{"taxonomy":"category","embeddable":true,"href":"https:\/\/algarve7.pt\/index.php\/wp-json\/wp\/v2\/categories?post=19070"},{"taxonomy":"post_tag","embeddable":true,"href":"https:\/\/algarve7.pt\/index.php\/wp-json\/wp\/v2\/tags?post=19070"}],"curies":[{"name":"wp","href":"https:\/\/api.w.org\/{rel}","templated":true}]}}