{"id":19041,"date":"2022-05-30T15:02:19","date_gmt":"2022-05-30T14:02:19","guid":{"rendered":"https:\/\/algarve7.pt\/?p=19041"},"modified":"2022-05-30T15:02:21","modified_gmt":"2022-05-30T14:02:21","slug":"escola-de-odeceixe-ganha-obra-de-arte","status":"publish","type":"post","link":"https:\/\/algarve7.pt\/index.php\/2022\/05\/escola-de-odeceixe-ganha-obra-de-arte\/cultura\/15\/02\/","title":{"rendered":"Escola de Odeceixe ganha obra de arte"},"content":{"rendered":"\n<p>As primeiras formas de registo e comunica\u00e7\u00e3o humana que chegaram at\u00e9 n\u00f3s, foram as pinturas rupestres, que s\u00e3o uma forma primitiva e inicial de pintura mural. A pintura mural \u00e9 assim uma forma de express\u00e3o art\u00edstica pensada e criada em fun\u00e7\u00e3o do espa\u00e7o arquitet\u00f3nico em que se integra e dele indissoci\u00e1vel, utilizada com v\u00e1rias fun\u00e7\u00f5es e para expressar diversos tipos de mensagem desde a pr\u00e9-hist\u00f3ria \u00e0 atualidade.<\/p>\n\n\n\n<p>Foi neste sentido que o Munic\u00edpio de Aljezur desafiou o pintor Marco Ayres a criar 3 pinturas a serem executadas nos port\u00f5es met\u00e1licos da Escola de Odeceixe bem como numa caixa de eletricidade existente no local&nbsp; de modo a torna-la mais apelativa.<\/p>\n\n\n\n<p>Assim Marco Ayres desenvolveu e executou as pinturas murais&nbsp;<strong>Guardi\u00e3o da Escola&nbsp;<\/strong>(Port\u00e3o da Escola),&nbsp;<strong>Vale Encantado&nbsp;<\/strong>(Port\u00e3o Gaz) e&nbsp;<strong>Sinfonia do Amor&nbsp;<\/strong>(Caixa de eletricidade). Sobre a pintura<strong>&nbsp;\u201cGuardi\u00e3o da escola\u201d Marco Ayres afirmou: \u201c<\/strong>Na maioria das culturas, o elefante \u00e9 visto como s\u00edmbolo de boa sorte, sabedoria, poder e sucesso\u2026 O guardi\u00e3o da escola \u00e9 a representa\u00e7\u00e3o dessa pot\u00eancia \u00e0 escala real. As crian\u00e7as brincam e s\u00e3o representadas pelo branco, s\u00edmbolo da luz espiritual, da paz, do dia e da vit\u00f3ria sobre as trevas. N\u00e3o existe diferencia\u00e7\u00e3o de culturas. Tudo \u00e9 cor e harmonia.\u201d<\/p>\n\n\n\n<p>Na Pintura<strong>&nbsp;\u201cVale Encantado\u201d&nbsp;<\/strong>o artista convida-nos a<strong>:<\/strong>&nbsp;\u201cEmbarque numa espetacular viagem e numa encantadora aventura com os amigos. Uma crian\u00e7a com contornos brancos de bra\u00e7os abertos faz um apelo \u00e0s girafas m\u00e1gicas para irem em busca do vale encantado. Mais tr\u00eas amigos se juntam. O grupo aprende novas li\u00e7\u00f5es de vida com as girafas que simbolizam a intui\u00e7\u00e3o,&nbsp;o olhar para o futuro, a calma, a suavidade e grandiosidade. S\u00e3o tamb\u00e9m s\u00edmbolo da for\u00e7a e persist\u00eancia nessa busca do vale encantado que n\u00e3o esta nada mais do que dentro de cada um de n\u00f3s.\u201d<\/p>\n\n\n\n<p>Por fim na caixa de eletricidade em<strong>&nbsp;\u201cSinfonia do Amor\u201d&nbsp;<\/strong>surge-nos<strong>&nbsp;\u201c<\/strong>a representa\u00e7\u00e3o de um casal, uma fam\u00edlia, cujos des\u00edgnios e objetivos principais da vida \u00e9 a partilha e a prote\u00e7\u00e3o dos ascendentes. Na natureza dos cavalos marinhos n\u00e3o existe defini\u00e7\u00e3o nem t\u00edtulos de quem \u00e9 macho ou f\u00eamea e suas respetivas obriga\u00e7\u00f5es. Apenas se cumprem um ao outro numa esp\u00e9cie de sinfonia do Amor. Um espelho um do outro.\u201d<\/p>\n","protected":false},"excerpt":{"rendered":"<p>As primeiras formas de registo e comunica\u00e7\u00e3o humana que chegaram at\u00e9 n\u00f3s, foram as pinturas rupestres, que s\u00e3o uma forma<\/p>\n","protected":false},"author":1,"featured_media":19043,"comment_status":"closed","ping_status":"open","sticky":false,"template":"","format":"standard","meta":{"colormag_page_container_layout":"default_layout","colormag_page_sidebar_layout":"default_layout","_monsterinsights_skip_tracking":false,"_monsterinsights_sitenote_active":false,"_monsterinsights_sitenote_note":"","_monsterinsights_sitenote_category":0,"jetpack_post_was_ever_published":false,"_jetpack_newsletter_access":"","_jetpack_dont_email_post_to_subs":false,"_jetpack_newsletter_tier_id":0,"_jetpack_memberships_contains_paywalled_content":false,"_jetpack_memberships_contains_paid_content":false,"footnotes":"","jetpack_publicize_message":"","jetpack_publicize_feature_enabled":true,"jetpack_social_post_already_shared":true,"jetpack_social_options":{"image_generator_settings":{"template":"highway","default_image_id":0,"font":"","enabled":false},"version":2}},"categories":[14],"tags":[36,73,35,423],"class_list":["post-19041","post","type-post","status-publish","format-standard","has-post-thumbnail","hentry","category-cultura","tag-algarve","tag-aljezur","tag-cultura","tag-odeceixe"],"yoast_head":"<!-- This site is optimized with the Yoast SEO plugin v27.5 - https:\/\/yoast.com\/product\/yoast-seo-wordpress\/ -->\n<title>Escola de Odeceixe ganha obra de arte - Algarve 7<\/title>\n<meta name=\"description\" content=\"Escola de Odeceixe ganha obra de arte Cultura\" \/>\n<meta name=\"robots\" content=\"index, follow, max-snippet:-1, max-image-preview:large, max-video-preview:-1\" \/>\n<link rel=\"canonical\" href=\"https:\/\/algarve7.pt\/index.php\/2022\/05\/escola-de-odeceixe-ganha-obra-de-arte\/cultura\/15\/02\/\" \/>\n<meta property=\"og:locale\" content=\"pt_PT\" \/>\n<meta property=\"og:type\" content=\"article\" \/>\n<meta property=\"og:title\" content=\"Escola de Odeceixe ganha obra de arte - Algarve 7\" \/>\n<meta property=\"og:description\" content=\"Escola de Odeceixe ganha obra de arte Cultura\" \/>\n<meta property=\"og:url\" content=\"https:\/\/algarve7.pt\/index.php\/2022\/05\/escola-de-odeceixe-ganha-obra-de-arte\/cultura\/15\/02\/\" \/>\n<meta property=\"og:site_name\" content=\"Algarve 7\" \/>\n<meta property=\"article:publisher\" content=\"https:\/\/www.facebook.com\/algarve7\" \/>\n<meta property=\"article:author\" content=\"https:\/\/www.facebook.com\/algarve7\" \/>\n<meta property=\"article:published_time\" content=\"2022-05-30T14:02:19+00:00\" \/>\n<meta property=\"article:modified_time\" content=\"2022-05-30T14:02:21+00:00\" \/>\n<meta property=\"og:image\" content=\"https:\/\/algarve7.pt\/wp-content\/uploads\/2022\/05\/Captura-de-ecra\u0303-2022-05-30-a\u0300s-14.59.01-1024x643.png\" \/>\n\t<meta property=\"og:image:width\" content=\"1024\" \/>\n\t<meta property=\"og:image:height\" content=\"643\" \/>\n\t<meta property=\"og:image:type\" content=\"image\/png\" \/>\n<meta name=\"author\" content=\"Algarve 7\" \/>\n<meta name=\"twitter:card\" content=\"summary_large_image\" \/>\n<meta name=\"twitter:creator\" content=\"@Algarvesete\" \/>\n<meta name=\"twitter:site\" content=\"@Algarvesete\" \/>\n<meta name=\"twitter:label1\" content=\"Escrito por\" \/>\n\t<meta name=\"twitter:data1\" content=\"Algarve 7\" \/>\n\t<meta name=\"twitter:label2\" content=\"Tempo estimado de leitura\" \/>\n\t<meta name=\"twitter:data2\" content=\"3 minutos\" \/>\n<script type=\"application\/ld+json\" class=\"yoast-schema-graph\">{\"@context\":\"https:\\\/\\\/schema.org\",\"@graph\":[{\"@type\":\"Article\",\"@id\":\"https:\\\/\\\/algarve7.pt\\\/index.php\\\/2022\\\/05\\\/escola-de-odeceixe-ganha-obra-de-arte\\\/cultura\\\/15\\\/02\\\/#article\",\"isPartOf\":{\"@id\":\"https:\\\/\\\/algarve7.pt\\\/index.php\\\/2022\\\/05\\\/escola-de-odeceixe-ganha-obra-de-arte\\\/cultura\\\/15\\\/02\\\/\"},\"author\":{\"name\":\"Algarve 7\",\"@id\":\"https:\\\/\\\/algarve7.pt\\\/#\\\/schema\\\/person\\\/23fa70681308e7b319a3204bcea45e0c\"},\"headline\":\"Escola de Odeceixe ganha obra de arte\",\"datePublished\":\"2022-05-30T14:02:19+00:00\",\"dateModified\":\"2022-05-30T14:02:21+00:00\",\"mainEntityOfPage\":{\"@id\":\"https:\\\/\\\/algarve7.pt\\\/index.php\\\/2022\\\/05\\\/escola-de-odeceixe-ganha-obra-de-arte\\\/cultura\\\/15\\\/02\\\/\"},\"wordCount\":436,\"publisher\":{\"@id\":\"https:\\\/\\\/algarve7.pt\\\/#organization\"},\"image\":{\"@id\":\"https:\\\/\\\/algarve7.pt\\\/index.php\\\/2022\\\/05\\\/escola-de-odeceixe-ganha-obra-de-arte\\\/cultura\\\/15\\\/02\\\/#primaryimage\"},\"thumbnailUrl\":\"https:\\\/\\\/algarve7.pt\\\/wp-content\\\/uploads\\\/2022\\\/05\\\/Captura-de-ecra\u0303-2022-05-30-a\u0300s-14.59.01.png\",\"keywords\":[\"Algarve\",\"Aljezur\",\"Cultura\",\"Odeceixe\"],\"articleSection\":[\"Cultura\"],\"inLanguage\":\"pt-PT\"},{\"@type\":\"WebPage\",\"@id\":\"https:\\\/\\\/algarve7.pt\\\/index.php\\\/2022\\\/05\\\/escola-de-odeceixe-ganha-obra-de-arte\\\/cultura\\\/15\\\/02\\\/\",\"url\":\"https:\\\/\\\/algarve7.pt\\\/index.php\\\/2022\\\/05\\\/escola-de-odeceixe-ganha-obra-de-arte\\\/cultura\\\/15\\\/02\\\/\",\"name\":\"Escola de Odeceixe ganha obra de arte - Algarve 7\",\"isPartOf\":{\"@id\":\"https:\\\/\\\/algarve7.pt\\\/#website\"},\"primaryImageOfPage\":{\"@id\":\"https:\\\/\\\/algarve7.pt\\\/index.php\\\/2022\\\/05\\\/escola-de-odeceixe-ganha-obra-de-arte\\\/cultura\\\/15\\\/02\\\/#primaryimage\"},\"image\":{\"@id\":\"https:\\\/\\\/algarve7.pt\\\/index.php\\\/2022\\\/05\\\/escola-de-odeceixe-ganha-obra-de-arte\\\/cultura\\\/15\\\/02\\\/#primaryimage\"},\"thumbnailUrl\":\"https:\\\/\\\/algarve7.pt\\\/wp-content\\\/uploads\\\/2022\\\/05\\\/Captura-de-ecra\u0303-2022-05-30-a\u0300s-14.59.01.png\",\"datePublished\":\"2022-05-30T14:02:19+00:00\",\"dateModified\":\"2022-05-30T14:02:21+00:00\",\"description\":\"Escola de Odeceixe ganha obra de arte Cultura\",\"breadcrumb\":{\"@id\":\"https:\\\/\\\/algarve7.pt\\\/index.php\\\/2022\\\/05\\\/escola-de-odeceixe-ganha-obra-de-arte\\\/cultura\\\/15\\\/02\\\/#breadcrumb\"},\"inLanguage\":\"pt-PT\",\"potentialAction\":[{\"@type\":\"ReadAction\",\"target\":[\"https:\\\/\\\/algarve7.pt\\\/index.php\\\/2022\\\/05\\\/escola-de-odeceixe-ganha-obra-de-arte\\\/cultura\\\/15\\\/02\\\/\"]}]},{\"@type\":\"ImageObject\",\"inLanguage\":\"pt-PT\",\"@id\":\"https:\\\/\\\/algarve7.pt\\\/index.php\\\/2022\\\/05\\\/escola-de-odeceixe-ganha-obra-de-arte\\\/cultura\\\/15\\\/02\\\/#primaryimage\",\"url\":\"https:\\\/\\\/algarve7.pt\\\/wp-content\\\/uploads\\\/2022\\\/05\\\/Captura-de-ecra\u0303-2022-05-30-a\u0300s-14.59.01.png\",\"contentUrl\":\"https:\\\/\\\/algarve7.pt\\\/wp-content\\\/uploads\\\/2022\\\/05\\\/Captura-de-ecra\u0303-2022-05-30-a\u0300s-14.59.01.png\",\"width\":2624,\"height\":1648},{\"@type\":\"BreadcrumbList\",\"@id\":\"https:\\\/\\\/algarve7.pt\\\/index.php\\\/2022\\\/05\\\/escola-de-odeceixe-ganha-obra-de-arte\\\/cultura\\\/15\\\/02\\\/#breadcrumb\",\"itemListElement\":[{\"@type\":\"ListItem\",\"position\":1,\"name\":\"In\u00edcio\",\"item\":\"https:\\\/\\\/algarve7.pt\\\/\"},{\"@type\":\"ListItem\",\"position\":2,\"name\":\"Escola de Odeceixe ganha obra de arte\"}]},{\"@type\":\"WebSite\",\"@id\":\"https:\\\/\\\/algarve7.pt\\\/#website\",\"url\":\"https:\\\/\\\/algarve7.pt\\\/\",\"name\":\"Algarve 7\",\"description\":\"Informa\u00e7\u00e3o sobre o Algarve\",\"publisher\":{\"@id\":\"https:\\\/\\\/algarve7.pt\\\/#organization\"},\"potentialAction\":[{\"@type\":\"SearchAction\",\"target\":{\"@type\":\"EntryPoint\",\"urlTemplate\":\"https:\\\/\\\/algarve7.pt\\\/?s={search_term_string}\"},\"query-input\":{\"@type\":\"PropertyValueSpecification\",\"valueRequired\":true,\"valueName\":\"search_term_string\"}}],\"inLanguage\":\"pt-PT\"},{\"@type\":\"Organization\",\"@id\":\"https:\\\/\\\/algarve7.pt\\\/#organization\",\"name\":\"Algarve 7\",\"url\":\"https:\\\/\\\/algarve7.pt\\\/\",\"logo\":{\"@type\":\"ImageObject\",\"inLanguage\":\"pt-PT\",\"@id\":\"https:\\\/\\\/algarve7.pt\\\/#\\\/schema\\\/logo\\\/image\\\/\",\"url\":\"https:\\\/\\\/algarve7.pt\\\/wp-content\\\/uploads\\\/2020\\\/10\\\/Logo-8.jpg\",\"contentUrl\":\"https:\\\/\\\/algarve7.pt\\\/wp-content\\\/uploads\\\/2020\\\/10\\\/Logo-8.jpg\",\"width\":1680,\"height\":1186,\"caption\":\"Algarve 7\"},\"image\":{\"@id\":\"https:\\\/\\\/algarve7.pt\\\/#\\\/schema\\\/logo\\\/image\\\/\"},\"sameAs\":[\"https:\\\/\\\/www.facebook.com\\\/algarve7\",\"https:\\\/\\\/x.com\\\/Algarvesete\",\"https:\\\/\\\/www.instagram.com\\\/jornalalgarve7\\\/\",\"https:\\\/\\\/www.linkedin.com\\\/company\\\/algarve7\",\"https:\\\/\\\/www.pinterest.pt\\\/geral0939\\\/_created\\\/\"]},{\"@type\":\"Person\",\"@id\":\"https:\\\/\\\/algarve7.pt\\\/#\\\/schema\\\/person\\\/23fa70681308e7b319a3204bcea45e0c\",\"name\":\"Algarve 7\",\"sameAs\":[\"https:\\\/\\\/algarve7.pt\",\"https:\\\/\\\/www.facebook.com\\\/algarve7\"],\"url\":\"https:\\\/\\\/algarve7.pt\\\/index.php\\\/author\\\/geralalgarve7-pt\\\/\"}]}<\/script>\n<!-- \/ Yoast SEO plugin. -->","yoast_head_json":{"title":"Escola de Odeceixe ganha obra de arte - Algarve 7","description":"Escola de Odeceixe ganha obra de arte Cultura","robots":{"index":"index","follow":"follow","max-snippet":"max-snippet:-1","max-image-preview":"max-image-preview:large","max-video-preview":"max-video-preview:-1"},"canonical":"https:\/\/algarve7.pt\/index.php\/2022\/05\/escola-de-odeceixe-ganha-obra-de-arte\/cultura\/15\/02\/","og_locale":"pt_PT","og_type":"article","og_title":"Escola de Odeceixe ganha obra de arte - Algarve 7","og_description":"Escola de Odeceixe ganha obra de arte Cultura","og_url":"https:\/\/algarve7.pt\/index.php\/2022\/05\/escola-de-odeceixe-ganha-obra-de-arte\/cultura\/15\/02\/","og_site_name":"Algarve 7","article_publisher":"https:\/\/www.facebook.com\/algarve7","article_author":"https:\/\/www.facebook.com\/algarve7","article_published_time":"2022-05-30T14:02:19+00:00","article_modified_time":"2022-05-30T14:02:21+00:00","og_image":[{"width":1024,"height":643,"url":"https:\/\/algarve7.pt\/wp-content\/uploads\/2022\/05\/Captura-de-ecra\u0303-2022-05-30-a\u0300s-14.59.01-1024x643.png","type":"image\/png"}],"author":"Algarve 7","twitter_card":"summary_large_image","twitter_creator":"@Algarvesete","twitter_site":"@Algarvesete","twitter_misc":{"Escrito por":"Algarve 7","Tempo estimado de leitura":"3 minutos"},"schema":{"@context":"https:\/\/schema.org","@graph":[{"@type":"Article","@id":"https:\/\/algarve7.pt\/index.php\/2022\/05\/escola-de-odeceixe-ganha-obra-de-arte\/cultura\/15\/02\/#article","isPartOf":{"@id":"https:\/\/algarve7.pt\/index.php\/2022\/05\/escola-de-odeceixe-ganha-obra-de-arte\/cultura\/15\/02\/"},"author":{"name":"Algarve 7","@id":"https:\/\/algarve7.pt\/#\/schema\/person\/23fa70681308e7b319a3204bcea45e0c"},"headline":"Escola de Odeceixe ganha obra de arte","datePublished":"2022-05-30T14:02:19+00:00","dateModified":"2022-05-30T14:02:21+00:00","mainEntityOfPage":{"@id":"https:\/\/algarve7.pt\/index.php\/2022\/05\/escola-de-odeceixe-ganha-obra-de-arte\/cultura\/15\/02\/"},"wordCount":436,"publisher":{"@id":"https:\/\/algarve7.pt\/#organization"},"image":{"@id":"https:\/\/algarve7.pt\/index.php\/2022\/05\/escola-de-odeceixe-ganha-obra-de-arte\/cultura\/15\/02\/#primaryimage"},"thumbnailUrl":"https:\/\/algarve7.pt\/wp-content\/uploads\/2022\/05\/Captura-de-ecra\u0303-2022-05-30-a\u0300s-14.59.01.png","keywords":["Algarve","Aljezur","Cultura","Odeceixe"],"articleSection":["Cultura"],"inLanguage":"pt-PT"},{"@type":"WebPage","@id":"https:\/\/algarve7.pt\/index.php\/2022\/05\/escola-de-odeceixe-ganha-obra-de-arte\/cultura\/15\/02\/","url":"https:\/\/algarve7.pt\/index.php\/2022\/05\/escola-de-odeceixe-ganha-obra-de-arte\/cultura\/15\/02\/","name":"Escola de Odeceixe ganha obra de arte - Algarve 7","isPartOf":{"@id":"https:\/\/algarve7.pt\/#website"},"primaryImageOfPage":{"@id":"https:\/\/algarve7.pt\/index.php\/2022\/05\/escola-de-odeceixe-ganha-obra-de-arte\/cultura\/15\/02\/#primaryimage"},"image":{"@id":"https:\/\/algarve7.pt\/index.php\/2022\/05\/escola-de-odeceixe-ganha-obra-de-arte\/cultura\/15\/02\/#primaryimage"},"thumbnailUrl":"https:\/\/algarve7.pt\/wp-content\/uploads\/2022\/05\/Captura-de-ecra\u0303-2022-05-30-a\u0300s-14.59.01.png","datePublished":"2022-05-30T14:02:19+00:00","dateModified":"2022-05-30T14:02:21+00:00","description":"Escola de Odeceixe ganha obra de arte Cultura","breadcrumb":{"@id":"https:\/\/algarve7.pt\/index.php\/2022\/05\/escola-de-odeceixe-ganha-obra-de-arte\/cultura\/15\/02\/#breadcrumb"},"inLanguage":"pt-PT","potentialAction":[{"@type":"ReadAction","target":["https:\/\/algarve7.pt\/index.php\/2022\/05\/escola-de-odeceixe-ganha-obra-de-arte\/cultura\/15\/02\/"]}]},{"@type":"ImageObject","inLanguage":"pt-PT","@id":"https:\/\/algarve7.pt\/index.php\/2022\/05\/escola-de-odeceixe-ganha-obra-de-arte\/cultura\/15\/02\/#primaryimage","url":"https:\/\/algarve7.pt\/wp-content\/uploads\/2022\/05\/Captura-de-ecra\u0303-2022-05-30-a\u0300s-14.59.01.png","contentUrl":"https:\/\/algarve7.pt\/wp-content\/uploads\/2022\/05\/Captura-de-ecra\u0303-2022-05-30-a\u0300s-14.59.01.png","width":2624,"height":1648},{"@type":"BreadcrumbList","@id":"https:\/\/algarve7.pt\/index.php\/2022\/05\/escola-de-odeceixe-ganha-obra-de-arte\/cultura\/15\/02\/#breadcrumb","itemListElement":[{"@type":"ListItem","position":1,"name":"In\u00edcio","item":"https:\/\/algarve7.pt\/"},{"@type":"ListItem","position":2,"name":"Escola de Odeceixe ganha obra de arte"}]},{"@type":"WebSite","@id":"https:\/\/algarve7.pt\/#website","url":"https:\/\/algarve7.pt\/","name":"Algarve 7","description":"Informa\u00e7\u00e3o sobre o Algarve","publisher":{"@id":"https:\/\/algarve7.pt\/#organization"},"potentialAction":[{"@type":"SearchAction","target":{"@type":"EntryPoint","urlTemplate":"https:\/\/algarve7.pt\/?s={search_term_string}"},"query-input":{"@type":"PropertyValueSpecification","valueRequired":true,"valueName":"search_term_string"}}],"inLanguage":"pt-PT"},{"@type":"Organization","@id":"https:\/\/algarve7.pt\/#organization","name":"Algarve 7","url":"https:\/\/algarve7.pt\/","logo":{"@type":"ImageObject","inLanguage":"pt-PT","@id":"https:\/\/algarve7.pt\/#\/schema\/logo\/image\/","url":"https:\/\/algarve7.pt\/wp-content\/uploads\/2020\/10\/Logo-8.jpg","contentUrl":"https:\/\/algarve7.pt\/wp-content\/uploads\/2020\/10\/Logo-8.jpg","width":1680,"height":1186,"caption":"Algarve 7"},"image":{"@id":"https:\/\/algarve7.pt\/#\/schema\/logo\/image\/"},"sameAs":["https:\/\/www.facebook.com\/algarve7","https:\/\/x.com\/Algarvesete","https:\/\/www.instagram.com\/jornalalgarve7\/","https:\/\/www.linkedin.com\/company\/algarve7","https:\/\/www.pinterest.pt\/geral0939\/_created\/"]},{"@type":"Person","@id":"https:\/\/algarve7.pt\/#\/schema\/person\/23fa70681308e7b319a3204bcea45e0c","name":"Algarve 7","sameAs":["https:\/\/algarve7.pt","https:\/\/www.facebook.com\/algarve7"],"url":"https:\/\/algarve7.pt\/index.php\/author\/geralalgarve7-pt\/"}]}},"jetpack_publicize_connections":[],"jetpack_featured_media_url":"https:\/\/algarve7.pt\/wp-content\/uploads\/2022\/05\/Captura-de-ecra\u0303-2022-05-30-a\u0300s-14.59.01.png","jetpack_shortlink":"https:\/\/wp.me\/pcezmW-4X7","jetpack_sharing_enabled":true,"_links":{"self":[{"href":"https:\/\/algarve7.pt\/index.php\/wp-json\/wp\/v2\/posts\/19041","targetHints":{"allow":["GET"]}}],"collection":[{"href":"https:\/\/algarve7.pt\/index.php\/wp-json\/wp\/v2\/posts"}],"about":[{"href":"https:\/\/algarve7.pt\/index.php\/wp-json\/wp\/v2\/types\/post"}],"author":[{"embeddable":true,"href":"https:\/\/algarve7.pt\/index.php\/wp-json\/wp\/v2\/users\/1"}],"replies":[{"embeddable":true,"href":"https:\/\/algarve7.pt\/index.php\/wp-json\/wp\/v2\/comments?post=19041"}],"version-history":[{"count":0,"href":"https:\/\/algarve7.pt\/index.php\/wp-json\/wp\/v2\/posts\/19041\/revisions"}],"wp:featuredmedia":[{"embeddable":true,"href":"https:\/\/algarve7.pt\/index.php\/wp-json\/wp\/v2\/media\/19043"}],"wp:attachment":[{"href":"https:\/\/algarve7.pt\/index.php\/wp-json\/wp\/v2\/media?parent=19041"}],"wp:term":[{"taxonomy":"category","embeddable":true,"href":"https:\/\/algarve7.pt\/index.php\/wp-json\/wp\/v2\/categories?post=19041"},{"taxonomy":"post_tag","embeddable":true,"href":"https:\/\/algarve7.pt\/index.php\/wp-json\/wp\/v2\/tags?post=19041"}],"curies":[{"name":"wp","href":"https:\/\/api.w.org\/{rel}","templated":true}]}}