{"id":18999,"date":"2022-05-28T23:18:23","date_gmt":"2022-05-28T22:18:23","guid":{"rendered":"https:\/\/algarve7.pt\/?p=18999"},"modified":"2022-05-28T23:18:25","modified_gmt":"2022-05-28T22:18:25","slug":"calor-marca-o-primeiro-dia-da-baja-de-loule-2022","status":"publish","type":"post","link":"https:\/\/algarve7.pt\/index.php\/2022\/05\/calor-marca-o-primeiro-dia-da-baja-de-loule-2022\/desporto\/23\/18\/","title":{"rendered":"Calor marca o primeiro dia da Baja de Loul\u00e9 2022"},"content":{"rendered":"\n<p>A Baja de Loul\u00e9 arrancou com o pr\u00f3logo delineado em redor do Est\u00e1dio Algarve, permitindo ao p\u00fablico de Faro e Loul\u00e9 ter vindo assistir ao espet\u00e1culo proporcionado pelos principais intervenientes dos nacionais de todo-o-terreno, com Jo\u00e3o Ramos\/Filipe Palmeiro a serem os mais r\u00e1pidos nos autom\u00f3veis, Ant\u00f3nio Maio entre as motos, Arnaldo Martins nos quads e H\u00e9lder Rodrigues nos SSV.<\/p>\n\n\n\n<p>Os concorrentes partiram depois para o arranque do primeiro sector selectivo, localizado junto \u00e0 pista de motocross da Cortelha. Entre as motos, Ant\u00f3nio Maio foi o primeiro l\u00edder mas viria a sofrer problemas t\u00e9cnicos na sua Yamaha, levando a que Micael Sim\u00e3o passasse para a frente e terminasse o dia na primeira posi\u00e7\u00e3o. Nos quads Jo\u00e3o Vale liderou quase de fio a pavio, tendo agora uma vantagem de 1 minuto e 38 segundos de vantagem sobre Arnaldo Martins. Nos SSV tivemos outra vez mais uma grande luta, desta feita entre o trio Gon\u00e7alo Guerreiro, Roberto Borrego\/Nuno Abrantes e Lu\u00eds Cidade\/Pedro Mendon\u00e7a, com a vantagem a ir para o jovem piloto da JB Racing.<\/p>\n\n\n\n<p>Nos autom\u00f3veis, Jo\u00e3o Ramos ficou cedo pelo caminho devido a problemas de caixa na sua Toyota Hilux, enquanto que Alexandre R\u00e9, vencedor no ano passado nesta prova, cedo se retirou devido a problemas de trav\u00f5es no seu Can-Am. A luta deu-se sobretudo entre as Toyota de Tiago Reis e Cristian Baumgart, o Mini de Jo\u00e3o Ferreira e o Can-Am de Pedro, com este a ficar entre as duas Toyota do Team Transfradelos. A prova dos autom\u00f3veis ficou tamb\u00e9m marcada pelo acidente da dupla Nuno Madeira\/Filipe Serra, que exigiu interven\u00e7\u00e3o m\u00e9dica e obstruiu a pista, com os concorrentes bloqueados a seguirem depois em liga\u00e7\u00e3o at\u00e9 ao Est\u00e1dio Algarve.<\/p>\n\n\n\n<p>Para amanh\u00e3 os concorrentes ir\u00e3o disputar o mesmo sector selectivo, delineado entre os munic\u00edpios de Loul\u00e9, Tavira e Alcoutim, com a consagra\u00e7\u00e3o dos concorrentes que chegarem ao final a dar-se no Est\u00e1dio Algarve.<\/p>\n\n\n\n<p>A Baja de Loul\u00e9 2022 \u00e9 uma organiza\u00e7\u00e3o do Clube Autom\u00f3vel do Algarve, sob a \u00e9gide da Federa\u00e7\u00e3o Portuguesa de Automobilismo e Karting e da Federa\u00e7\u00e3o de Motociclismo de Portugal com o apoio dos munic\u00edpios de Loul\u00e9, Tavira e Alcoutim e colabora\u00e7\u00e3o ativa das Juntas de Freguesia de Salir, Ameixial, Martim Longo e Cachopo e ainda do parceiro Medronhito do Caldeir\u00e3o. Poder\u00e1 consultar toda a informa\u00e7\u00e3o relativa \u00e0 prova em <a href=\"http:\/\/www.clubeautomovelalgarve.pt\" target=\"_blank\" rel=\"noreferrer noopener\">www.clubeautomovelalgarve.pt<\/a> e acompanhar o seu decorrer atrav\u00e9s das redes sociais do Clube Autom\u00f3vel do Algarve (Facebook, Instagram, Twitter), podendo tamb\u00e9m contribuir com conte\u00fados atrav\u00e9s do hashtag #bajaloule2022.<\/p>\n","protected":false},"excerpt":{"rendered":"<p>A Baja de Loul\u00e9 arrancou com o pr\u00f3logo delineado em redor do Est\u00e1dio Algarve, permitindo ao p\u00fablico de Faro e<\/p>\n","protected":false},"author":1,"featured_media":18996,"comment_status":"closed","ping_status":"open","sticky":false,"template":"","format":"standard","meta":{"colormag_page_container_layout":"default_layout","colormag_page_sidebar_layout":"default_layout","_monsterinsights_skip_tracking":false,"_monsterinsights_sitenote_active":false,"_monsterinsights_sitenote_note":"","_monsterinsights_sitenote_category":0,"jetpack_post_was_ever_published":false,"_jetpack_newsletter_access":"","_jetpack_dont_email_post_to_subs":false,"_jetpack_newsletter_tier_id":0,"_jetpack_memberships_contains_paywalled_content":false,"_jetpack_memberships_contains_paid_content":false,"footnotes":"","jetpack_publicize_message":"","jetpack_publicize_feature_enabled":true,"jetpack_social_post_already_shared":true,"jetpack_social_options":{"image_generator_settings":{"template":"highway","default_image_id":0,"font":"","enabled":false},"version":2}},"categories":[15],"tags":[36,383,40,31],"class_list":["post-18999","post","type-post","status-publish","format-standard","has-post-thumbnail","hentry","category-desporto","tag-algarve","tag-baja-de-loule","tag-desporto","tag-loule"],"yoast_head":"<!-- This site is optimized with the Yoast SEO plugin v27.5 - https:\/\/yoast.com\/product\/yoast-seo-wordpress\/ -->\n<title>Calor marca o primeiro dia da Baja de Loul\u00e9 2022 - Algarve 7<\/title>\n<meta name=\"description\" content=\"Calor marca o primeiro dia da Baja de Loul\u00e9 2022 Desporto\" \/>\n<meta name=\"robots\" content=\"index, follow, max-snippet:-1, max-image-preview:large, max-video-preview:-1\" \/>\n<link rel=\"canonical\" href=\"https:\/\/algarve7.pt\/index.php\/2022\/05\/calor-marca-o-primeiro-dia-da-baja-de-loule-2022\/desporto\/23\/18\/\" \/>\n<meta property=\"og:locale\" content=\"pt_PT\" \/>\n<meta property=\"og:type\" content=\"article\" \/>\n<meta property=\"og:title\" content=\"Calor marca o primeiro dia da Baja de Loul\u00e9 2022 - Algarve 7\" \/>\n<meta property=\"og:description\" content=\"Calor marca o primeiro dia da Baja de Loul\u00e9 2022 Desporto\" \/>\n<meta property=\"og:url\" content=\"https:\/\/algarve7.pt\/index.php\/2022\/05\/calor-marca-o-primeiro-dia-da-baja-de-loule-2022\/desporto\/23\/18\/\" \/>\n<meta property=\"og:site_name\" content=\"Algarve 7\" \/>\n<meta property=\"article:publisher\" content=\"https:\/\/www.facebook.com\/algarve7\" \/>\n<meta property=\"article:author\" content=\"https:\/\/www.facebook.com\/algarve7\" \/>\n<meta property=\"article:published_time\" content=\"2022-05-28T22:18:23+00:00\" \/>\n<meta property=\"article:modified_time\" content=\"2022-05-28T22:18:25+00:00\" \/>\n<meta property=\"og:image\" content=\"https:\/\/algarve7.pt\/wp-content\/uploads\/2022\/05\/284920005_140928885187015_975933269546477899_n-e1653776165374.jpg\" \/>\n\t<meta property=\"og:image:width\" content=\"1600\" \/>\n\t<meta property=\"og:image:height\" content=\"922\" \/>\n\t<meta property=\"og:image:type\" content=\"image\/jpeg\" \/>\n<meta name=\"author\" content=\"Algarve 7\" \/>\n<meta name=\"twitter:card\" content=\"summary_large_image\" \/>\n<meta name=\"twitter:creator\" content=\"@Algarvesete\" \/>\n<meta name=\"twitter:site\" content=\"@Algarvesete\" \/>\n<meta name=\"twitter:label1\" content=\"Escrito por\" \/>\n\t<meta name=\"twitter:data1\" content=\"Algarve 7\" \/>\n\t<meta name=\"twitter:label2\" content=\"Tempo estimado de leitura\" \/>\n\t<meta name=\"twitter:data2\" content=\"3 minutos\" \/>\n<script type=\"application\/ld+json\" class=\"yoast-schema-graph\">{\"@context\":\"https:\\\/\\\/schema.org\",\"@graph\":[{\"@type\":\"Article\",\"@id\":\"https:\\\/\\\/algarve7.pt\\\/index.php\\\/2022\\\/05\\\/calor-marca-o-primeiro-dia-da-baja-de-loule-2022\\\/desporto\\\/23\\\/18\\\/#article\",\"isPartOf\":{\"@id\":\"https:\\\/\\\/algarve7.pt\\\/index.php\\\/2022\\\/05\\\/calor-marca-o-primeiro-dia-da-baja-de-loule-2022\\\/desporto\\\/23\\\/18\\\/\"},\"author\":{\"name\":\"Algarve 7\",\"@id\":\"https:\\\/\\\/algarve7.pt\\\/#\\\/schema\\\/person\\\/23fa70681308e7b319a3204bcea45e0c\"},\"headline\":\"Calor marca o primeiro dia da Baja de Loul\u00e9 2022\",\"datePublished\":\"2022-05-28T22:18:23+00:00\",\"dateModified\":\"2022-05-28T22:18:25+00:00\",\"mainEntityOfPage\":{\"@id\":\"https:\\\/\\\/algarve7.pt\\\/index.php\\\/2022\\\/05\\\/calor-marca-o-primeiro-dia-da-baja-de-loule-2022\\\/desporto\\\/23\\\/18\\\/\"},\"wordCount\":463,\"publisher\":{\"@id\":\"https:\\\/\\\/algarve7.pt\\\/#organization\"},\"image\":{\"@id\":\"https:\\\/\\\/algarve7.pt\\\/index.php\\\/2022\\\/05\\\/calor-marca-o-primeiro-dia-da-baja-de-loule-2022\\\/desporto\\\/23\\\/18\\\/#primaryimage\"},\"thumbnailUrl\":\"https:\\\/\\\/algarve7.pt\\\/wp-content\\\/uploads\\\/2022\\\/05\\\/284920005_140928885187015_975933269546477899_n-e1653776165374.jpg\",\"keywords\":[\"Algarve\",\"Baja de Loul\u00e9\",\"Desporto\",\"Loul\u00e9\"],\"articleSection\":[\"Desporto\"],\"inLanguage\":\"pt-PT\"},{\"@type\":\"WebPage\",\"@id\":\"https:\\\/\\\/algarve7.pt\\\/index.php\\\/2022\\\/05\\\/calor-marca-o-primeiro-dia-da-baja-de-loule-2022\\\/desporto\\\/23\\\/18\\\/\",\"url\":\"https:\\\/\\\/algarve7.pt\\\/index.php\\\/2022\\\/05\\\/calor-marca-o-primeiro-dia-da-baja-de-loule-2022\\\/desporto\\\/23\\\/18\\\/\",\"name\":\"Calor marca o primeiro dia da Baja de Loul\u00e9 2022 - Algarve 7\",\"isPartOf\":{\"@id\":\"https:\\\/\\\/algarve7.pt\\\/#website\"},\"primaryImageOfPage\":{\"@id\":\"https:\\\/\\\/algarve7.pt\\\/index.php\\\/2022\\\/05\\\/calor-marca-o-primeiro-dia-da-baja-de-loule-2022\\\/desporto\\\/23\\\/18\\\/#primaryimage\"},\"image\":{\"@id\":\"https:\\\/\\\/algarve7.pt\\\/index.php\\\/2022\\\/05\\\/calor-marca-o-primeiro-dia-da-baja-de-loule-2022\\\/desporto\\\/23\\\/18\\\/#primaryimage\"},\"thumbnailUrl\":\"https:\\\/\\\/algarve7.pt\\\/wp-content\\\/uploads\\\/2022\\\/05\\\/284920005_140928885187015_975933269546477899_n-e1653776165374.jpg\",\"datePublished\":\"2022-05-28T22:18:23+00:00\",\"dateModified\":\"2022-05-28T22:18:25+00:00\",\"description\":\"Calor marca o primeiro dia da Baja de Loul\u00e9 2022 Desporto\",\"breadcrumb\":{\"@id\":\"https:\\\/\\\/algarve7.pt\\\/index.php\\\/2022\\\/05\\\/calor-marca-o-primeiro-dia-da-baja-de-loule-2022\\\/desporto\\\/23\\\/18\\\/#breadcrumb\"},\"inLanguage\":\"pt-PT\",\"potentialAction\":[{\"@type\":\"ReadAction\",\"target\":[\"https:\\\/\\\/algarve7.pt\\\/index.php\\\/2022\\\/05\\\/calor-marca-o-primeiro-dia-da-baja-de-loule-2022\\\/desporto\\\/23\\\/18\\\/\"]}]},{\"@type\":\"ImageObject\",\"inLanguage\":\"pt-PT\",\"@id\":\"https:\\\/\\\/algarve7.pt\\\/index.php\\\/2022\\\/05\\\/calor-marca-o-primeiro-dia-da-baja-de-loule-2022\\\/desporto\\\/23\\\/18\\\/#primaryimage\",\"url\":\"https:\\\/\\\/algarve7.pt\\\/wp-content\\\/uploads\\\/2022\\\/05\\\/284920005_140928885187015_975933269546477899_n-e1653776165374.jpg\",\"contentUrl\":\"https:\\\/\\\/algarve7.pt\\\/wp-content\\\/uploads\\\/2022\\\/05\\\/284920005_140928885187015_975933269546477899_n-e1653776165374.jpg\",\"width\":1600,\"height\":922},{\"@type\":\"BreadcrumbList\",\"@id\":\"https:\\\/\\\/algarve7.pt\\\/index.php\\\/2022\\\/05\\\/calor-marca-o-primeiro-dia-da-baja-de-loule-2022\\\/desporto\\\/23\\\/18\\\/#breadcrumb\",\"itemListElement\":[{\"@type\":\"ListItem\",\"position\":1,\"name\":\"In\u00edcio\",\"item\":\"https:\\\/\\\/algarve7.pt\\\/\"},{\"@type\":\"ListItem\",\"position\":2,\"name\":\"Calor marca o primeiro dia da Baja de Loul\u00e9 2022\"}]},{\"@type\":\"WebSite\",\"@id\":\"https:\\\/\\\/algarve7.pt\\\/#website\",\"url\":\"https:\\\/\\\/algarve7.pt\\\/\",\"name\":\"Algarve 7\",\"description\":\"Informa\u00e7\u00e3o sobre o Algarve\",\"publisher\":{\"@id\":\"https:\\\/\\\/algarve7.pt\\\/#organization\"},\"potentialAction\":[{\"@type\":\"SearchAction\",\"target\":{\"@type\":\"EntryPoint\",\"urlTemplate\":\"https:\\\/\\\/algarve7.pt\\\/?s={search_term_string}\"},\"query-input\":{\"@type\":\"PropertyValueSpecification\",\"valueRequired\":true,\"valueName\":\"search_term_string\"}}],\"inLanguage\":\"pt-PT\"},{\"@type\":\"Organization\",\"@id\":\"https:\\\/\\\/algarve7.pt\\\/#organization\",\"name\":\"Algarve 7\",\"url\":\"https:\\\/\\\/algarve7.pt\\\/\",\"logo\":{\"@type\":\"ImageObject\",\"inLanguage\":\"pt-PT\",\"@id\":\"https:\\\/\\\/algarve7.pt\\\/#\\\/schema\\\/logo\\\/image\\\/\",\"url\":\"https:\\\/\\\/algarve7.pt\\\/wp-content\\\/uploads\\\/2020\\\/10\\\/Logo-8.jpg\",\"contentUrl\":\"https:\\\/\\\/algarve7.pt\\\/wp-content\\\/uploads\\\/2020\\\/10\\\/Logo-8.jpg\",\"width\":1680,\"height\":1186,\"caption\":\"Algarve 7\"},\"image\":{\"@id\":\"https:\\\/\\\/algarve7.pt\\\/#\\\/schema\\\/logo\\\/image\\\/\"},\"sameAs\":[\"https:\\\/\\\/www.facebook.com\\\/algarve7\",\"https:\\\/\\\/x.com\\\/Algarvesete\",\"https:\\\/\\\/www.instagram.com\\\/jornalalgarve7\\\/\",\"https:\\\/\\\/www.linkedin.com\\\/company\\\/algarve7\",\"https:\\\/\\\/www.pinterest.pt\\\/geral0939\\\/_created\\\/\"]},{\"@type\":\"Person\",\"@id\":\"https:\\\/\\\/algarve7.pt\\\/#\\\/schema\\\/person\\\/23fa70681308e7b319a3204bcea45e0c\",\"name\":\"Algarve 7\",\"sameAs\":[\"https:\\\/\\\/algarve7.pt\",\"https:\\\/\\\/www.facebook.com\\\/algarve7\"],\"url\":\"https:\\\/\\\/algarve7.pt\\\/index.php\\\/author\\\/geralalgarve7-pt\\\/\"}]}<\/script>\n<!-- \/ Yoast SEO plugin. -->","yoast_head_json":{"title":"Calor marca o primeiro dia da Baja de Loul\u00e9 2022 - Algarve 7","description":"Calor marca o primeiro dia da Baja de Loul\u00e9 2022 Desporto","robots":{"index":"index","follow":"follow","max-snippet":"max-snippet:-1","max-image-preview":"max-image-preview:large","max-video-preview":"max-video-preview:-1"},"canonical":"https:\/\/algarve7.pt\/index.php\/2022\/05\/calor-marca-o-primeiro-dia-da-baja-de-loule-2022\/desporto\/23\/18\/","og_locale":"pt_PT","og_type":"article","og_title":"Calor marca o primeiro dia da Baja de Loul\u00e9 2022 - Algarve 7","og_description":"Calor marca o primeiro dia da Baja de Loul\u00e9 2022 Desporto","og_url":"https:\/\/algarve7.pt\/index.php\/2022\/05\/calor-marca-o-primeiro-dia-da-baja-de-loule-2022\/desporto\/23\/18\/","og_site_name":"Algarve 7","article_publisher":"https:\/\/www.facebook.com\/algarve7","article_author":"https:\/\/www.facebook.com\/algarve7","article_published_time":"2022-05-28T22:18:23+00:00","article_modified_time":"2022-05-28T22:18:25+00:00","og_image":[{"width":1600,"height":922,"url":"https:\/\/algarve7.pt\/wp-content\/uploads\/2022\/05\/284920005_140928885187015_975933269546477899_n-e1653776165374.jpg","type":"image\/jpeg"}],"author":"Algarve 7","twitter_card":"summary_large_image","twitter_creator":"@Algarvesete","twitter_site":"@Algarvesete","twitter_misc":{"Escrito por":"Algarve 7","Tempo estimado de leitura":"3 minutos"},"schema":{"@context":"https:\/\/schema.org","@graph":[{"@type":"Article","@id":"https:\/\/algarve7.pt\/index.php\/2022\/05\/calor-marca-o-primeiro-dia-da-baja-de-loule-2022\/desporto\/23\/18\/#article","isPartOf":{"@id":"https:\/\/algarve7.pt\/index.php\/2022\/05\/calor-marca-o-primeiro-dia-da-baja-de-loule-2022\/desporto\/23\/18\/"},"author":{"name":"Algarve 7","@id":"https:\/\/algarve7.pt\/#\/schema\/person\/23fa70681308e7b319a3204bcea45e0c"},"headline":"Calor marca o primeiro dia da Baja de Loul\u00e9 2022","datePublished":"2022-05-28T22:18:23+00:00","dateModified":"2022-05-28T22:18:25+00:00","mainEntityOfPage":{"@id":"https:\/\/algarve7.pt\/index.php\/2022\/05\/calor-marca-o-primeiro-dia-da-baja-de-loule-2022\/desporto\/23\/18\/"},"wordCount":463,"publisher":{"@id":"https:\/\/algarve7.pt\/#organization"},"image":{"@id":"https:\/\/algarve7.pt\/index.php\/2022\/05\/calor-marca-o-primeiro-dia-da-baja-de-loule-2022\/desporto\/23\/18\/#primaryimage"},"thumbnailUrl":"https:\/\/algarve7.pt\/wp-content\/uploads\/2022\/05\/284920005_140928885187015_975933269546477899_n-e1653776165374.jpg","keywords":["Algarve","Baja de Loul\u00e9","Desporto","Loul\u00e9"],"articleSection":["Desporto"],"inLanguage":"pt-PT"},{"@type":"WebPage","@id":"https:\/\/algarve7.pt\/index.php\/2022\/05\/calor-marca-o-primeiro-dia-da-baja-de-loule-2022\/desporto\/23\/18\/","url":"https:\/\/algarve7.pt\/index.php\/2022\/05\/calor-marca-o-primeiro-dia-da-baja-de-loule-2022\/desporto\/23\/18\/","name":"Calor marca o primeiro dia da Baja de Loul\u00e9 2022 - Algarve 7","isPartOf":{"@id":"https:\/\/algarve7.pt\/#website"},"primaryImageOfPage":{"@id":"https:\/\/algarve7.pt\/index.php\/2022\/05\/calor-marca-o-primeiro-dia-da-baja-de-loule-2022\/desporto\/23\/18\/#primaryimage"},"image":{"@id":"https:\/\/algarve7.pt\/index.php\/2022\/05\/calor-marca-o-primeiro-dia-da-baja-de-loule-2022\/desporto\/23\/18\/#primaryimage"},"thumbnailUrl":"https:\/\/algarve7.pt\/wp-content\/uploads\/2022\/05\/284920005_140928885187015_975933269546477899_n-e1653776165374.jpg","datePublished":"2022-05-28T22:18:23+00:00","dateModified":"2022-05-28T22:18:25+00:00","description":"Calor marca o primeiro dia da Baja de Loul\u00e9 2022 Desporto","breadcrumb":{"@id":"https:\/\/algarve7.pt\/index.php\/2022\/05\/calor-marca-o-primeiro-dia-da-baja-de-loule-2022\/desporto\/23\/18\/#breadcrumb"},"inLanguage":"pt-PT","potentialAction":[{"@type":"ReadAction","target":["https:\/\/algarve7.pt\/index.php\/2022\/05\/calor-marca-o-primeiro-dia-da-baja-de-loule-2022\/desporto\/23\/18\/"]}]},{"@type":"ImageObject","inLanguage":"pt-PT","@id":"https:\/\/algarve7.pt\/index.php\/2022\/05\/calor-marca-o-primeiro-dia-da-baja-de-loule-2022\/desporto\/23\/18\/#primaryimage","url":"https:\/\/algarve7.pt\/wp-content\/uploads\/2022\/05\/284920005_140928885187015_975933269546477899_n-e1653776165374.jpg","contentUrl":"https:\/\/algarve7.pt\/wp-content\/uploads\/2022\/05\/284920005_140928885187015_975933269546477899_n-e1653776165374.jpg","width":1600,"height":922},{"@type":"BreadcrumbList","@id":"https:\/\/algarve7.pt\/index.php\/2022\/05\/calor-marca-o-primeiro-dia-da-baja-de-loule-2022\/desporto\/23\/18\/#breadcrumb","itemListElement":[{"@type":"ListItem","position":1,"name":"In\u00edcio","item":"https:\/\/algarve7.pt\/"},{"@type":"ListItem","position":2,"name":"Calor marca o primeiro dia da Baja de Loul\u00e9 2022"}]},{"@type":"WebSite","@id":"https:\/\/algarve7.pt\/#website","url":"https:\/\/algarve7.pt\/","name":"Algarve 7","description":"Informa\u00e7\u00e3o sobre o Algarve","publisher":{"@id":"https:\/\/algarve7.pt\/#organization"},"potentialAction":[{"@type":"SearchAction","target":{"@type":"EntryPoint","urlTemplate":"https:\/\/algarve7.pt\/?s={search_term_string}"},"query-input":{"@type":"PropertyValueSpecification","valueRequired":true,"valueName":"search_term_string"}}],"inLanguage":"pt-PT"},{"@type":"Organization","@id":"https:\/\/algarve7.pt\/#organization","name":"Algarve 7","url":"https:\/\/algarve7.pt\/","logo":{"@type":"ImageObject","inLanguage":"pt-PT","@id":"https:\/\/algarve7.pt\/#\/schema\/logo\/image\/","url":"https:\/\/algarve7.pt\/wp-content\/uploads\/2020\/10\/Logo-8.jpg","contentUrl":"https:\/\/algarve7.pt\/wp-content\/uploads\/2020\/10\/Logo-8.jpg","width":1680,"height":1186,"caption":"Algarve 7"},"image":{"@id":"https:\/\/algarve7.pt\/#\/schema\/logo\/image\/"},"sameAs":["https:\/\/www.facebook.com\/algarve7","https:\/\/x.com\/Algarvesete","https:\/\/www.instagram.com\/jornalalgarve7\/","https:\/\/www.linkedin.com\/company\/algarve7","https:\/\/www.pinterest.pt\/geral0939\/_created\/"]},{"@type":"Person","@id":"https:\/\/algarve7.pt\/#\/schema\/person\/23fa70681308e7b319a3204bcea45e0c","name":"Algarve 7","sameAs":["https:\/\/algarve7.pt","https:\/\/www.facebook.com\/algarve7"],"url":"https:\/\/algarve7.pt\/index.php\/author\/geralalgarve7-pt\/"}]}},"jetpack_publicize_connections":[],"jetpack_featured_media_url":"https:\/\/algarve7.pt\/wp-content\/uploads\/2022\/05\/284920005_140928885187015_975933269546477899_n-e1653776165374.jpg","jetpack_shortlink":"https:\/\/wp.me\/pcezmW-4Wr","jetpack_sharing_enabled":true,"_links":{"self":[{"href":"https:\/\/algarve7.pt\/index.php\/wp-json\/wp\/v2\/posts\/18999","targetHints":{"allow":["GET"]}}],"collection":[{"href":"https:\/\/algarve7.pt\/index.php\/wp-json\/wp\/v2\/posts"}],"about":[{"href":"https:\/\/algarve7.pt\/index.php\/wp-json\/wp\/v2\/types\/post"}],"author":[{"embeddable":true,"href":"https:\/\/algarve7.pt\/index.php\/wp-json\/wp\/v2\/users\/1"}],"replies":[{"embeddable":true,"href":"https:\/\/algarve7.pt\/index.php\/wp-json\/wp\/v2\/comments?post=18999"}],"version-history":[{"count":0,"href":"https:\/\/algarve7.pt\/index.php\/wp-json\/wp\/v2\/posts\/18999\/revisions"}],"wp:featuredmedia":[{"embeddable":true,"href":"https:\/\/algarve7.pt\/index.php\/wp-json\/wp\/v2\/media\/18996"}],"wp:attachment":[{"href":"https:\/\/algarve7.pt\/index.php\/wp-json\/wp\/v2\/media?parent=18999"}],"wp:term":[{"taxonomy":"category","embeddable":true,"href":"https:\/\/algarve7.pt\/index.php\/wp-json\/wp\/v2\/categories?post=18999"},{"taxonomy":"post_tag","embeddable":true,"href":"https:\/\/algarve7.pt\/index.php\/wp-json\/wp\/v2\/tags?post=18999"}],"curies":[{"name":"wp","href":"https:\/\/api.w.org\/{rel}","templated":true}]}}